{"id":4977,"date":"2019-03-05T09:12:27","date_gmt":"2019-03-05T08:12:27","guid":{"rendered":"https:\/\/www.organisator.ch\/?p=4977"},"modified":"2019-03-05T09:12:27","modified_gmt":"2019-03-05T08:12:27","slug":"millennials-fordern-mehr-diversitaet-in-unternehmen","status":"publish","type":"post","link":"https:\/\/www.organisator.ch\/en\/human-resources\/hrm\/2019-03-05\/millennials-fordern-mehr-diversitaet-in-unternehmen\/","title":{"rendered":"Millennials demand more diversity in companies"},"content":{"rendered":"<figure id=\"attachment_4978\" aria-describedby=\"caption-attachment-4978\" style=\"width: 680px\" class=\"wp-caption alignnone\"><img loading=\"lazy\" decoding=\"async\" class=\"size-medium wp-image-4978\" src=\"https:\/\/www.organisator.ch\/wp-content\/uploads\/2019\/03\/Millennials-fordern-mehr-Diversitaet-in-Unternehmen_Organisator.jpg\" alt=\"\" width=\"680\" height=\"439\" srcset=\"https:\/\/www.organisator.ch\/wp-content\/uploads\/2019\/03\/Millennials-fordern-mehr-Diversitaet-in-Unternehmen_Organisator.jpg 680w, https:\/\/www.organisator.ch\/wp-content\/uploads\/2019\/03\/Millennials-fordern-mehr-Diversitaet-in-Unternehmen_Organisator-16x10.jpg 16w, https:\/\/www.organisator.ch\/wp-content\/uploads\/2019\/03\/Millennials-fordern-mehr-Diversitaet-in-Unternehmen_Organisator-271x175.jpg 271w, https:\/\/www.organisator.ch\/wp-content\/uploads\/2019\/03\/Millennials-fordern-mehr-Diversitaet-in-Unternehmen_Organisator-542x350.jpg 542w, https:\/\/www.organisator.ch\/wp-content\/uploads\/2019\/03\/Millennials-fordern-mehr-Diversitaet-in-Unternehmen_Organisator-300x194.jpg 300w\" sizes=\"auto, (max-width: 680px) 100vw, 680px\" \/><figcaption id=\"caption-attachment-4978\" class=\"wp-caption-text\">According to a survey by Egon Zehnder, diversity and \"approachability of managers\" are key wishes Millennials have for companies. (Image: Fotolia.com)<\/figcaption><\/figure>\n<p>As the younger generations take over the companies, the expectations of the leaders are also changing. Millennials, for example, demand closeness, strong values and visionary thinking from their bosses - and demand personal guidance and encouragement. According to the study, the gap between the generations is greater than the difference between the sexes: \"Women and men of the younger generation have almost the same demands on the leadership qualities of their superiors and on diversity in their companies,\" says Simone Stebler, consultant and head of the Diversity &amp; Inclusion Practice at Egon Zehnder.<\/p>\n<h2>The most important results of the study<\/h2>\n<p>Almost two-thirds of Millennials who entered the workforce at the turn of the millennium said diversity was the most important feature of their company. Among baby boomers leaving the workforce, the figure was only 51 percent.<\/p>\n<ul type=\"disc\">\n<li>A diverse workplace is of paramount importance to younger generations: Millennials (65 percent) and members of \"Gen X\" born roughly between 1965 and 1980 (61 percent) cited diversity as particularly important. Among baby boomers, the figure was 51 percent. 62 percent of Millennials also said a diverse work environment was very important to the success of their organization.<\/li>\n<li>More than half of all respondents agreed with the statement that equal opportunities exist in their company. However, only 57 percent of female Gen Xers agreed, but 63 percent of female Millennials.<\/li>\n<\/ul>\n<h2>Expectations of managers<\/h2>\n<ul type=\"disc\">\n<li>When asked to name the most important characteristic of leaders, those under 35 most often cited \"approachability.\" This preference was even more pronounced among younger men: 55 percent of male Millennials agreed with this statement, but only 32 percent of male Baby Boomers.<\/li>\n<li>Baby Boomers value resilience in leaders - 35 percent cited this as an important trait, but only 21 percent of Millennials.<\/li>\n<li>Millennials were also more likely to agree that their managers embodied the qualities they wanted (38 percent). By contrast, only 22 percent of Baby Boomers and 26 percent of Gen Xers agreed.<\/li>\n<\/ul>\n<h2>Career development<\/h2>\n<ul type=\"disc\">\n<li>An overwhelming majority of all respondents (86 percent) reported encountering resistance along their career path. However, one-third of baby boomers said they had not encountered barriers in their career development.<\/li>\n<li>When asked about factors limiting their professional development, more than twice as many Millennials (35 percent) than Baby Boomers (17 percent) cited a lack of mentors and sponsors.<\/li>\n<li>The career aspirations of women and men have almost converged: 27 percent of women and 31 percent of men said they wanted to reach the strategic management level of their organization. For women, however, the path to the top is infinitely more difficult: According to the 2018 Egon Zehnder Global Board Diversity Tracker, women make up only 3.7 percent of CEOs and 12.2 percent of CFOs worldwide.<\/li>\n<\/ul>\n<h2>Motivation<\/h2>\n<ul type=\"disc\">\n<li>Millennials (86 percent) are more likely to agree that their work-life balance is right. Among Gen Xers, this is 80 percent, and among Baby Boomers, 78 percent.<\/li>\n<li>Men and women gave almost identical answers to the question about their personal and professional priorities. For 27 percent, their job comes first, 17 percent named their private life and 56 the balance between the two.<\/li>\n<\/ul>\n<p>Expectations of the boardroom are changing noticeably. \"In order to respond appropriately to the needs of younger generations, leaders today need to demonstrate above all visionary thinking, a strong set of values and humility,\" says Simone Stebler. \"The study impressively demonstrates how important diversity and equal opportunities are, especially for younger leaders.\"<\/p>\n<p><em>The study was prepared in the context of the Leaders &amp; Daughters initiative launched by Egon Zehnder in 2016 and can be found on <a href=\"https:\/\/mp.b-public.ch\/e\/t\/c\/D69840FF-3D1D-42E1-99E30B73A382C2BB\/?link=aHR0cDovL3d3dy5lZ29uemVobmRlci5jb20=\">www.egonzehnder.com<\/a> \u00a0\u00a0\u00a0\u00a0<\/em><\/p>","protected":false},"excerpt":{"rendered":"<p>Mit der \u00dcbernahme der Unternehmen durch die j\u00fcngeren Generationen ver\u00e4ndern sich ausserdem die Erwartungen an die F\u00fchrungspers\u00f6nlichkeiten. So verlangen Millennials vor allem Nahbarkeit, starke Werte und vision\u00e4res Denken von ihren Chefs &#8211; und fordern pers\u00f6nliche Begleitung und F\u00f6rderung. Die Kluft zwischen den Generationen ist der Studie zufolge gr\u00f6sser als der Unterschied zwischen den Geschlechtern: \u00abFrauen [&hellip;]<\/p>\n","protected":false},"author":4,"featured_media":4979,"comment_status":"open","ping_status":"open","sticky":false,"template":"","format":"standard","meta":{"_acf_changed":false,"_yoast_wpseo_focuskw":"Diversit\u00e4t","_yoast_wpseo_metadesc":"In einer Befragung nannten fast zwei Drittel der ums Jahr 2000 in den Beruf eingetretenen \u201cMillennials\u201d Diversit\u00e4t als wichtigste Eigenschaft ihrer Firma.","articlekey":"","footnotes":""},"categories":[26],"tags":[159,254,335,459],"class_list":["post-4977","post","type-post","status-publish","format-standard","has-post-thumbnail","hentry","category-hrm","tag-diversity","tag-hrm","tag-management-und-unternehmensfuehrung","tag-studie"],"acf":[],"yoast_head":"<!-- This site is optimized with the Yoast SEO plugin v27.5 - https:\/\/yoast.com\/product\/yoast-seo-wordpress\/ -->\n<title>Millennials fordern mehr Diversit\u00e4t in Unternehmen - Organisator<\/title>\n<meta name=\"description\" content=\"In einer Befragung nannten fast zwei Drittel der ums Jahr 2000 in den Beruf eingetretenen \u201cMillennials\u201d Diversit\u00e4t als wichtigste Eigenschaft ihrer Firma.\" \/>\n<meta name=\"robots\" content=\"index, follow, max-snippet:-1, max-image-preview:large, max-video-preview:-1\" \/>\n<link rel=\"canonical\" href=\"https:\/\/www.organisator.ch\/en\/human-resources\/hrm\/2019-03-05\/millennials-fordern-mehr-diversitaet-in-unternehmen\/\" \/>\n<meta property=\"og:locale\" content=\"en_US\" \/>\n<meta property=\"og:type\" content=\"article\" \/>\n<meta property=\"og:title\" content=\"Millennials fordern mehr Diversit\u00e4t in Unternehmen\" \/>\n<meta property=\"og:description\" content=\"In einer Befragung nannten fast zwei Drittel der ums Jahr 2000 in den Beruf eingetretenen \u201cMillennials\u201d Diversit\u00e4t als wichtigste Eigenschaft ihrer Firma.\" \/>\n<meta property=\"og:url\" content=\"https:\/\/www.organisator.ch\/en\/human-resources\/hrm\/2019-03-05\/millennials-fordern-mehr-diversitaet-in-unternehmen\/\" \/>\n<meta property=\"og:site_name\" content=\"Organisator\" \/>\n<meta property=\"article:publisher\" content=\"https:\/\/www.facebook.com\/OrganisatorFachmagazin\" \/>\n<meta property=\"article:published_time\" content=\"2019-03-05T08:12:27+00:00\" \/>\n<meta property=\"og:image\" content=\"https:\/\/www.organisator.ch\/wp-content\/uploads\/2019\/03\/Millennials-fordern-mehr-Diversitaet-in-Unternehmen_Organisator-1.jpg\" \/>\n\t<meta property=\"og:image:width\" content=\"680\" \/>\n\t<meta property=\"og:image:height\" content=\"439\" \/>\n\t<meta property=\"og:image:type\" content=\"image\/jpeg\" \/>\n<meta name=\"author\" content=\"thomas.berner\" \/>\n<meta name=\"twitter:card\" content=\"summary_large_image\" \/>\n<meta name=\"twitter:title\" content=\"#Millennials fordern mehr #Diversit\u00e4t in Unternehmen\" \/>\n<meta name=\"twitter:description\" content=\"In einer Befragung nannten fast zwei Drittel der ums Jahr 2000 in den Beruf eingetretenen \u201cMillennials\u201d #Diversit\u00e4t als wichtigste Eigenschaft ihrer Firma.\" \/>\n<meta name=\"twitter:image\" content=\"https:\/\/www.organisator.ch\/wp-content\/uploads\/2019\/03\/Millennials-fordern-mehr-Diversit\u00e4t-in-Unternehmen_Organisator-1.jpg\" \/>\n<script type=\"application\/ld+json\" class=\"yoast-schema-graph\">{\"@context\":\"https:\\\/\\\/schema.org\",\"@graph\":[{\"@type\":\"Article\",\"@id\":\"https:\\\/\\\/www.organisator.ch\\\/human-resources\\\/hrm\\\/2019-03-05\\\/millennials-fordern-mehr-diversitaet-in-unternehmen\\\/#article\",\"isPartOf\":{\"@id\":\"https:\\\/\\\/www.organisator.ch\\\/human-resources\\\/hrm\\\/2019-03-05\\\/millennials-fordern-mehr-diversitaet-in-unternehmen\\\/\"},\"author\":{\"name\":\"thomas.berner\",\"@id\":\"https:\\\/\\\/www.organisator.ch\\\/#\\\/schema\\\/person\\\/6f650f90b2842cd4c0cc334b4e36f67e\"},\"headline\":\"Millennials fordern mehr Diversit\u00e4t in Unternehmen\",\"datePublished\":\"2019-03-05T08:12:27+00:00\",\"mainEntityOfPage\":{\"@id\":\"https:\\\/\\\/www.organisator.ch\\\/human-resources\\\/hrm\\\/2019-03-05\\\/millennials-fordern-mehr-diversitaet-in-unternehmen\\\/\"},\"wordCount\":645,\"commentCount\":0,\"publisher\":{\"@id\":\"https:\\\/\\\/www.organisator.ch\\\/#organization\"},\"image\":{\"@id\":\"https:\\\/\\\/www.organisator.ch\\\/human-resources\\\/hrm\\\/2019-03-05\\\/millennials-fordern-mehr-diversitaet-in-unternehmen\\\/#primaryimage\"},\"thumbnailUrl\":\"https:\\\/\\\/www.organisator.ch\\\/wp-content\\\/uploads\\\/2019\\\/03\\\/Millennials-fordern-mehr-Diversitaet-in-Unternehmen_Organisator-1.jpg\",\"keywords\":[\"Diversity\",\"HRM\",\"Management und Unternehmensf\u00fchrung\",\"Studie\"],\"articleSection\":[\"HRM\"],\"inLanguage\":\"en-US\"},{\"@type\":\"WebPage\",\"@id\":\"https:\\\/\\\/www.organisator.ch\\\/human-resources\\\/hrm\\\/2019-03-05\\\/millennials-fordern-mehr-diversitaet-in-unternehmen\\\/\",\"url\":\"https:\\\/\\\/www.organisator.ch\\\/human-resources\\\/hrm\\\/2019-03-05\\\/millennials-fordern-mehr-diversitaet-in-unternehmen\\\/\",\"name\":\"Millennials fordern mehr Diversit\u00e4t in Unternehmen - Organisator\",\"isPartOf\":{\"@id\":\"https:\\\/\\\/www.organisator.ch\\\/#website\"},\"primaryImageOfPage\":{\"@id\":\"https:\\\/\\\/www.organisator.ch\\\/human-resources\\\/hrm\\\/2019-03-05\\\/millennials-fordern-mehr-diversitaet-in-unternehmen\\\/#primaryimage\"},\"image\":{\"@id\":\"https:\\\/\\\/www.organisator.ch\\\/human-resources\\\/hrm\\\/2019-03-05\\\/millennials-fordern-mehr-diversitaet-in-unternehmen\\\/#primaryimage\"},\"thumbnailUrl\":\"https:\\\/\\\/www.organisator.ch\\\/wp-content\\\/uploads\\\/2019\\\/03\\\/Millennials-fordern-mehr-Diversitaet-in-Unternehmen_Organisator-1.jpg\",\"datePublished\":\"2019-03-05T08:12:27+00:00\",\"description\":\"In einer Befragung nannten fast zwei Drittel der ums Jahr 2000 in den Beruf eingetretenen \u201cMillennials\u201d Diversit\u00e4t als wichtigste Eigenschaft ihrer Firma.\",\"breadcrumb\":{\"@id\":\"https:\\\/\\\/www.organisator.ch\\\/human-resources\\\/hrm\\\/2019-03-05\\\/millennials-fordern-mehr-diversitaet-in-unternehmen\\\/#breadcrumb\"},\"inLanguage\":\"en-US\",\"potentialAction\":[{\"@type\":\"ReadAction\",\"target\":[\"https:\\\/\\\/www.organisator.ch\\\/human-resources\\\/hrm\\\/2019-03-05\\\/millennials-fordern-mehr-diversitaet-in-unternehmen\\\/\"]}]},{\"@type\":\"ImageObject\",\"inLanguage\":\"en-US\",\"@id\":\"https:\\\/\\\/www.organisator.ch\\\/human-resources\\\/hrm\\\/2019-03-05\\\/millennials-fordern-mehr-diversitaet-in-unternehmen\\\/#primaryimage\",\"url\":\"https:\\\/\\\/www.organisator.ch\\\/wp-content\\\/uploads\\\/2019\\\/03\\\/Millennials-fordern-mehr-Diversitaet-in-Unternehmen_Organisator-1.jpg\",\"contentUrl\":\"https:\\\/\\\/www.organisator.ch\\\/wp-content\\\/uploads\\\/2019\\\/03\\\/Millennials-fordern-mehr-Diversitaet-in-Unternehmen_Organisator-1.jpg\",\"width\":680,\"height\":439},{\"@type\":\"BreadcrumbList\",\"@id\":\"https:\\\/\\\/www.organisator.ch\\\/human-resources\\\/hrm\\\/2019-03-05\\\/millennials-fordern-mehr-diversitaet-in-unternehmen\\\/#breadcrumb\",\"itemListElement\":[{\"@type\":\"ListItem\",\"position\":1,\"name\":\"Home\",\"item\":\"https:\\\/\\\/www.organisator.ch\\\/\"},{\"@type\":\"ListItem\",\"position\":2,\"name\":\"Millennials fordern mehr Diversit\u00e4t in Unternehmen\"}]},{\"@type\":\"WebSite\",\"@id\":\"https:\\\/\\\/www.organisator.ch\\\/#website\",\"url\":\"https:\\\/\\\/www.organisator.ch\\\/\",\"name\":\"Organisator\",\"description\":\"Kompetent. Praxisnah. Der ORGANISATOR bereitet in 10 Ausgaben pro Jahr die wesentlichen Themen f\u00fcr F\u00fchrungskr\u00e4fte von KMU auf.\",\"publisher\":{\"@id\":\"https:\\\/\\\/www.organisator.ch\\\/#organization\"},\"potentialAction\":[{\"@type\":\"SearchAction\",\"target\":{\"@type\":\"EntryPoint\",\"urlTemplate\":\"https:\\\/\\\/www.organisator.ch\\\/?s={search_term_string}\"},\"query-input\":{\"@type\":\"PropertyValueSpecification\",\"valueRequired\":true,\"valueName\":\"search_term_string\"}}],\"inLanguage\":\"en-US\"},{\"@type\":\"Organization\",\"@id\":\"https:\\\/\\\/www.organisator.ch\\\/#organization\",\"name\":\"Organisator\",\"url\":\"https:\\\/\\\/www.organisator.ch\\\/\",\"logo\":{\"@type\":\"ImageObject\",\"inLanguage\":\"en-US\",\"@id\":\"https:\\\/\\\/www.organisator.ch\\\/#\\\/schema\\\/logo\\\/image\\\/\",\"url\":\"https:\\\/\\\/www.organisator.ch\\\/wp-content\\\/uploads\\\/2022\\\/01\\\/Logo_Organisator_Website.png\",\"contentUrl\":\"https:\\\/\\\/www.organisator.ch\\\/wp-content\\\/uploads\\\/2022\\\/01\\\/Logo_Organisator_Website.png\",\"width\":800,\"height\":77,\"caption\":\"Organisator\"},\"image\":{\"@id\":\"https:\\\/\\\/www.organisator.ch\\\/#\\\/schema\\\/logo\\\/image\\\/\"},\"sameAs\":[\"https:\\\/\\\/www.facebook.com\\\/OrganisatorFachmagazin\",\"https:\\\/\\\/www.linkedin.com\\\/showcase\\\/organisator-das-magazin-fr-kmu\",\"https:\\\/\\\/www.xing.com\\\/news\\\/pages\\\/organisator-ch-695\",\"https:\\\/\\\/www.youtube.com\\\/channel\\\/UCGP2Sq0iWaZwT3BdIAQFYpw\"]},{\"@type\":\"Person\",\"@id\":\"https:\\\/\\\/www.organisator.ch\\\/#\\\/schema\\\/person\\\/6f650f90b2842cd4c0cc334b4e36f67e\",\"name\":\"thomas.berner\",\"image\":{\"@type\":\"ImageObject\",\"inLanguage\":\"en-US\",\"@id\":\"https:\\\/\\\/secure.gravatar.com\\\/avatar\\\/ac5001d2a36cb6c6cd3e50789007ffca834b477b74a2144564522e944eabff61?s=96&d=mm&r=g\",\"url\":\"https:\\\/\\\/secure.gravatar.com\\\/avatar\\\/ac5001d2a36cb6c6cd3e50789007ffca834b477b74a2144564522e944eabff61?s=96&d=mm&r=g\",\"contentUrl\":\"https:\\\/\\\/secure.gravatar.com\\\/avatar\\\/ac5001d2a36cb6c6cd3e50789007ffca834b477b74a2144564522e944eabff61?s=96&d=mm&r=g\",\"caption\":\"thomas.berner\"},\"url\":\"https:\\\/\\\/www.organisator.ch\\\/en\\\/author\\\/thomas-berner\\\/\"}]}<\/script>\n<!-- \/ Yoast SEO plugin. -->","yoast_head_json":{"title":"Millennials demand more diversity in companies - Organizer","description":"In one survey, nearly two-thirds of Millennials who entered the profession around 2000 cited diversity as their company's most important attribute.","robots":{"index":"index","follow":"follow","max-snippet":"max-snippet:-1","max-image-preview":"max-image-preview:large","max-video-preview":"max-video-preview:-1"},"canonical":"https:\/\/www.organisator.ch\/en\/human-resources\/hrm\/2019-03-05\/millennials-fordern-mehr-diversitaet-in-unternehmen\/","og_locale":"en_US","og_type":"article","og_title":"Millennials fordern mehr Diversit\u00e4t in Unternehmen","og_description":"In einer Befragung nannten fast zwei Drittel der ums Jahr 2000 in den Beruf eingetretenen \u201cMillennials\u201d Diversit\u00e4t als wichtigste Eigenschaft ihrer Firma.","og_url":"https:\/\/www.organisator.ch\/en\/human-resources\/hrm\/2019-03-05\/millennials-fordern-mehr-diversitaet-in-unternehmen\/","og_site_name":"Organisator","article_publisher":"https:\/\/www.facebook.com\/OrganisatorFachmagazin","article_published_time":"2019-03-05T08:12:27+00:00","og_image":[{"width":680,"height":439,"url":"https:\/\/www.organisator.ch\/wp-content\/uploads\/2019\/03\/Millennials-fordern-mehr-Diversitaet-in-Unternehmen_Organisator-1.jpg","type":"image\/jpeg"}],"author":"thomas.berner","twitter_card":"summary_large_image","twitter_title":"#Millennials fordern mehr #Diversit\u00e4t in Unternehmen","twitter_description":"In einer Befragung nannten fast zwei Drittel der ums Jahr 2000 in den Beruf eingetretenen \u201cMillennials\u201d #Diversit\u00e4t als wichtigste Eigenschaft ihrer Firma.","twitter_image":"https:\/\/www.organisator.ch\/wp-content\/uploads\/2019\/03\/Millennials-fordern-mehr-Diversit\u00e4t-in-Unternehmen_Organisator-1.jpg","schema":{"@context":"https:\/\/schema.org","@graph":[{"@type":"Article","@id":"https:\/\/www.organisator.ch\/human-resources\/hrm\/2019-03-05\/millennials-fordern-mehr-diversitaet-in-unternehmen\/#article","isPartOf":{"@id":"https:\/\/www.organisator.ch\/human-resources\/hrm\/2019-03-05\/millennials-fordern-mehr-diversitaet-in-unternehmen\/"},"author":{"name":"thomas.berner","@id":"https:\/\/www.organisator.ch\/#\/schema\/person\/6f650f90b2842cd4c0cc334b4e36f67e"},"headline":"Millennials fordern mehr Diversit\u00e4t in Unternehmen","datePublished":"2019-03-05T08:12:27+00:00","mainEntityOfPage":{"@id":"https:\/\/www.organisator.ch\/human-resources\/hrm\/2019-03-05\/millennials-fordern-mehr-diversitaet-in-unternehmen\/"},"wordCount":645,"commentCount":0,"publisher":{"@id":"https:\/\/www.organisator.ch\/#organization"},"image":{"@id":"https:\/\/www.organisator.ch\/human-resources\/hrm\/2019-03-05\/millennials-fordern-mehr-diversitaet-in-unternehmen\/#primaryimage"},"thumbnailUrl":"https:\/\/www.organisator.ch\/wp-content\/uploads\/2019\/03\/Millennials-fordern-mehr-Diversitaet-in-Unternehmen_Organisator-1.jpg","keywords":["Diversity","HRM","Management und Unternehmensf\u00fchrung","Studie"],"articleSection":["HRM"],"inLanguage":"en-US"},{"@type":"WebPage","@id":"https:\/\/www.organisator.ch\/human-resources\/hrm\/2019-03-05\/millennials-fordern-mehr-diversitaet-in-unternehmen\/","url":"https:\/\/www.organisator.ch\/human-resources\/hrm\/2019-03-05\/millennials-fordern-mehr-diversitaet-in-unternehmen\/","name":"Millennials demand more diversity in companies - Organizer","isPartOf":{"@id":"https:\/\/www.organisator.ch\/#website"},"primaryImageOfPage":{"@id":"https:\/\/www.organisator.ch\/human-resources\/hrm\/2019-03-05\/millennials-fordern-mehr-diversitaet-in-unternehmen\/#primaryimage"},"image":{"@id":"https:\/\/www.organisator.ch\/human-resources\/hrm\/2019-03-05\/millennials-fordern-mehr-diversitaet-in-unternehmen\/#primaryimage"},"thumbnailUrl":"https:\/\/www.organisator.ch\/wp-content\/uploads\/2019\/03\/Millennials-fordern-mehr-Diversitaet-in-Unternehmen_Organisator-1.jpg","datePublished":"2019-03-05T08:12:27+00:00","description":"In one survey, nearly two-thirds of Millennials who entered the profession around 2000 cited diversity as their company's most important attribute.","breadcrumb":{"@id":"https:\/\/www.organisator.ch\/human-resources\/hrm\/2019-03-05\/millennials-fordern-mehr-diversitaet-in-unternehmen\/#breadcrumb"},"inLanguage":"en-US","potentialAction":[{"@type":"ReadAction","target":["https:\/\/www.organisator.ch\/human-resources\/hrm\/2019-03-05\/millennials-fordern-mehr-diversitaet-in-unternehmen\/"]}]},{"@type":"ImageObject","inLanguage":"en-US","@id":"https:\/\/www.organisator.ch\/human-resources\/hrm\/2019-03-05\/millennials-fordern-mehr-diversitaet-in-unternehmen\/#primaryimage","url":"https:\/\/www.organisator.ch\/wp-content\/uploads\/2019\/03\/Millennials-fordern-mehr-Diversitaet-in-Unternehmen_Organisator-1.jpg","contentUrl":"https:\/\/www.organisator.ch\/wp-content\/uploads\/2019\/03\/Millennials-fordern-mehr-Diversitaet-in-Unternehmen_Organisator-1.jpg","width":680,"height":439},{"@type":"BreadcrumbList","@id":"https:\/\/www.organisator.ch\/human-resources\/hrm\/2019-03-05\/millennials-fordern-mehr-diversitaet-in-unternehmen\/#breadcrumb","itemListElement":[{"@type":"ListItem","position":1,"name":"Home","item":"https:\/\/www.organisator.ch\/"},{"@type":"ListItem","position":2,"name":"Millennials fordern mehr Diversit\u00e4t in Unternehmen"}]},{"@type":"WebSite","@id":"https:\/\/www.organisator.ch\/#website","url":"https:\/\/www.organisator.ch\/","name":"Organizer","description":"Competent. Practical. In 10 issues per year, ORGANISATOR presents the essential topics for managers of SMEs.","publisher":{"@id":"https:\/\/www.organisator.ch\/#organization"},"potentialAction":[{"@type":"SearchAction","target":{"@type":"EntryPoint","urlTemplate":"https:\/\/www.organisator.ch\/?s={search_term_string}"},"query-input":{"@type":"PropertyValueSpecification","valueRequired":true,"valueName":"search_term_string"}}],"inLanguage":"en-US"},{"@type":"Organization","@id":"https:\/\/www.organisator.ch\/#organization","name":"Organizer","url":"https:\/\/www.organisator.ch\/","logo":{"@type":"ImageObject","inLanguage":"en-US","@id":"https:\/\/www.organisator.ch\/#\/schema\/logo\/image\/","url":"https:\/\/www.organisator.ch\/wp-content\/uploads\/2022\/01\/Logo_Organisator_Website.png","contentUrl":"https:\/\/www.organisator.ch\/wp-content\/uploads\/2022\/01\/Logo_Organisator_Website.png","width":800,"height":77,"caption":"Organisator"},"image":{"@id":"https:\/\/www.organisator.ch\/#\/schema\/logo\/image\/"},"sameAs":["https:\/\/www.facebook.com\/OrganisatorFachmagazin","https:\/\/www.linkedin.com\/showcase\/organisator-das-magazin-fr-kmu","https:\/\/www.xing.com\/news\/pages\/organisator-ch-695","https:\/\/www.youtube.com\/channel\/UCGP2Sq0iWaZwT3BdIAQFYpw"]},{"@type":"Person","@id":"https:\/\/www.organisator.ch\/#\/schema\/person\/6f650f90b2842cd4c0cc334b4e36f67e","name":"thomas.berner","image":{"@type":"ImageObject","inLanguage":"en-US","@id":"https:\/\/secure.gravatar.com\/avatar\/ac5001d2a36cb6c6cd3e50789007ffca834b477b74a2144564522e944eabff61?s=96&d=mm&r=g","url":"https:\/\/secure.gravatar.com\/avatar\/ac5001d2a36cb6c6cd3e50789007ffca834b477b74a2144564522e944eabff61?s=96&d=mm&r=g","contentUrl":"https:\/\/secure.gravatar.com\/avatar\/ac5001d2a36cb6c6cd3e50789007ffca834b477b74a2144564522e944eabff61?s=96&d=mm&r=g","caption":"thomas.berner"},"url":"https:\/\/www.organisator.ch\/en\/author\/thomas-berner\/"}]}},"_links":{"self":[{"href":"https:\/\/www.organisator.ch\/en\/wp-json\/wp\/v2\/posts\/4977","targetHints":{"allow":["GET"]}}],"collection":[{"href":"https:\/\/www.organisator.ch\/en\/wp-json\/wp\/v2\/posts"}],"about":[{"href":"https:\/\/www.organisator.ch\/en\/wp-json\/wp\/v2\/types\/post"}],"author":[{"embeddable":true,"href":"https:\/\/www.organisator.ch\/en\/wp-json\/wp\/v2\/users\/4"}],"replies":[{"embeddable":true,"href":"https:\/\/www.organisator.ch\/en\/wp-json\/wp\/v2\/comments?post=4977"}],"version-history":[{"count":0,"href":"https:\/\/www.organisator.ch\/en\/wp-json\/wp\/v2\/posts\/4977\/revisions"}],"wp:featuredmedia":[{"embeddable":true,"href":"https:\/\/www.organisator.ch\/en\/wp-json\/wp\/v2\/media\/4979"}],"wp:attachment":[{"href":"https:\/\/www.organisator.ch\/en\/wp-json\/wp\/v2\/media?parent=4977"}],"wp:term":[{"taxonomy":"category","embeddable":true,"href":"https:\/\/www.organisator.ch\/en\/wp-json\/wp\/v2\/categories?post=4977"},{"taxonomy":"post_tag","embeddable":true,"href":"https:\/\/www.organisator.ch\/en\/wp-json\/wp\/v2\/tags?post=4977"}],"curies":[{"name":"wp","href":"https:\/\/api.w.org\/{rel}","templated":true}]}}