{"id":4992,"date":"2019-03-07T14:22:31","date_gmt":"2019-03-07T13:22:31","guid":{"rendered":"https:\/\/www.organisator.ch\/?p=4992"},"modified":"2019-03-07T14:22:31","modified_gmt":"2019-03-07T13:22:31","slug":"frauenquote-in-verwaltungsraeten-knackt-20-prozent-marke","status":"publish","type":"post","link":"https:\/\/www.organisator.ch\/en\/management\/2019-03-07\/frauenquote-in-verwaltungsraeten-knackt-20-prozent-marke\/","title":{"rendered":"Women's quota on boards of directors cracks 20 percent mark"},"content":{"rendered":"<figure id=\"attachment_4993\" aria-describedby=\"caption-attachment-4993\" style=\"width: 680px\" class=\"wp-caption alignnone\"><img loading=\"lazy\" decoding=\"async\" class=\"size-medium wp-image-4993\" src=\"https:\/\/www.organisator.ch\/wp-content\/uploads\/2019\/03\/Frauenquote-in-Verwaltungsraeten-knackt-20-Prozent-Marke_Organisator.jpg\" alt=\"\" width=\"680\" height=\"453\" srcset=\"https:\/\/www.organisator.ch\/wp-content\/uploads\/2019\/03\/Frauenquote-in-Verwaltungsraeten-knackt-20-Prozent-Marke_Organisator.jpg 680w, https:\/\/www.organisator.ch\/wp-content\/uploads\/2019\/03\/Frauenquote-in-Verwaltungsraeten-knackt-20-Prozent-Marke_Organisator-16x12.jpg 16w, https:\/\/www.organisator.ch\/wp-content\/uploads\/2019\/03\/Frauenquote-in-Verwaltungsraeten-knackt-20-Prozent-Marke_Organisator-263x175.jpg 263w, https:\/\/www.organisator.ch\/wp-content\/uploads\/2019\/03\/Frauenquote-in-Verwaltungsraeten-knackt-20-Prozent-Marke_Organisator-525x350.jpg 525w, https:\/\/www.organisator.ch\/wp-content\/uploads\/2019\/03\/Frauenquote-in-Verwaltungsraeten-knackt-20-Prozent-Marke_Organisator-300x200.jpg 300w\" sizes=\"auto, (max-width: 680px) 100vw, 680px\" \/><figcaption id=\"caption-attachment-4993\" class=\"wp-caption-text\">The proportion of women on the boards of the largest Swiss companies has exceeded the 20 percent mark for the first time. But female executives are still overshadowed by their male colleagues. (Image: pixabay.com)<\/figcaption><\/figure>\n<p>The proportion of women on the Board of Directors breaks the 20 % mark for the first time, rising from 19 % to 21 %. 38 % (2018 25 %) of vacant seats were filled by a woman - a peak value that is nevertheless not enough if 30 % is to be achieved by 2022. These two concise results are shown in the schillingreport 2019 of the headhunting service provider Guido Schilling AG. In addition, the 2019 report shows other aspects of the composition of the top management bodies of business and public administration.\u00a0<span style=\"display: inline !important; float: none; background-color: transparent; color: #333333; cursor: text; font-family: Georgia,'Times New Roman','Bitstream Charter',Times,serif; font-size: 16px; font-style: normal; font-variant: normal; font-weight: 400; letter-spacing: normal; orphans: 2; text-align: left; text-decoration: none; text-indent: 0px; text-transform: none; -webkit-text-stroke-width: 0px; white-space: normal; word-spacing: 0px;\">The schillingreport 2019 covers the 117 largest employers in Switzerland as well as the federal government and all 26 cantons. Accordingly, 875 executive directors, 820 board members, and 1034 public sector executives (heads of offices, secretaries general, secretaries general, and secretaries of state) were included in the survey. For the gender diversity pipeline, 126 of the 250 most important Swiss companies as well as 14 cantons and the federal government provided their data in 2019.<\/span><\/p>\n<h2><strong>Only just under half of companies with women on the management board<\/strong><\/h2>\n<p>After declining to 7 % in 2018, the share of women on executive boards rises to 9 %. Companies appointed women to 18 % (2018 8 %) of open executive board positions. Only 49 % (2018 41 %) of companies have women on their executive boards. \"As before, a balanced gender mix on executive boards remains a generational project. We cannot pay enough attention to this topic in times of a shortage of skilled workers and flattening migration,\" says editor Guido Schilling.<\/p>\n<h2><strong>Peak value for internal promotions<\/strong><\/h2>\n<p>68 % (2018 64 %) of the open Executive Board positions were filled internally. 64 % (2018 22 %) of new female executive team members were promoted internally. \"2018 was an outlier; never before have so few women been appointed internally to executive management positions. In return, this year we are seeing a peak in both women and men,\" Schilling says. \"An external executive board member always has to clear two hurdles: He or she must find his or her place on the board as well as connect with the company. That's why internal developments are to be welcomed.\"<\/p>\n<h2><strong>Women's quota on the board of directors - business still called upon<\/strong><\/h2>\n<p>The proportion of women on the boards of directors increases from 19 % to 21 %. \"In my day-to-day professional life, I experience a greatly increased awareness with regard to gender diversity. Companies are increasingly giving themselves clear guidelines in this regard,\" says Schilling, noting that 88 % of companies employ at least one female board member, with 38 % (2018 25 %; previous high 2015 33 %) of vacant seats going to women. \"Never before have so many vacant BoD seats been filled by women as this year,\" Schilling notes, \"however, a growth of 2 percentage points per year is not enough to crack the magic mark of 30 % female board members by 2022. BoD chairmen and nomination committees are challenged to make an even greater effort to achieve this ambitious goal without regulation.\"<\/p>\n<h2><strong>Proportions of foreigners have leveled off<\/strong><\/h2>\n<p>The proportion of foreigners on the executive boards has leveled off at 45 % and on the boards of directors at just under 40 %. More than two-thirds of the foreign members of the Executive Board had already worked in Switzerland or in a Swiss company before taking up their current position; these \"nationals\" account for 31 %, which means that currently only 14 % of the Executive Board members came to their position directly from abroad. Among the newcomers, there are 39 % \"nationals\" and 16 % foreigners. \"What concerns me is that we continue to rely on immigration from abroad. In addition to women, \"nationals\" are central to continued economic growth,\" Schilling explains.<\/p>\n<h2><strong>Women in the public sector continue to gain ground<\/strong><\/h2>\n<p>The public sector is performing well year on year with currently 18 % (2018 16 %) female top cadres. 38 % (2018 27 %) of vacant top positions were filled by women. \"The public sector has long recognized that work-life balance is key to gender diversity,\" Schilling elaborates, \"which is why the public sector has an above-average success in attracting qualified female top cadres.\"<\/p>\n<h2><strong>Gender diversity pipeline - indicator for the development of the proportion of women at the top<\/strong><\/h2>\n<p>The gender diversity pipeline is an important indicator for anticipating future developments in the proportion of women at management level. This year, up-to-date data is now available. In the Private Sector sample, there are 10 % (2017 9 %) women in executive management, 16 % (2017 14 %) in top management and 24 % (2017 21 %) in middle management. \"This broadening of the gender diversity pipeline lays the foundation for a positive development of the executive boards in the future,\" Schilling says. The Public Sector has a much broader gender diversity pipeline than the Private Sector, with 22 % (same as 2017) women in top management and 28 % (2017 24 %) in middle management.<\/p>\n<p><em><a href=\"http:\/\/www.schillingreport.ch\">Source and further information<\/a><\/em><\/p>\n<p>&nbsp;<\/p>","protected":false},"excerpt":{"rendered":"<p>Der Frauenanteil in den Verwaltungsr\u00e4ten knackt erstmals die 20 %-Marke und steigt von 19 % auf 21 %. 38 % (2018 25 %) der vakanten Sitze wurden mit einer Frau besetzt \u2013 ein Spitzenwert, der trotzdem nicht ausreicht, wenn bis 2022 30 % erreicht werden sollen. Diese zwei pr\u00e4gnanten Ergebnisse zeigt der schillingreport 2019 des [&hellip;]<\/p>\n","protected":false},"author":4,"featured_media":4993,"comment_status":"open","ping_status":"open","sticky":false,"template":"","format":"standard","meta":{"_acf_changed":false,"_yoast_wpseo_focuskw":"Frauenquote","_yoast_wpseo_metadesc":"Die Frauenanteile steigen sowohl in den Verwaltungsr\u00e4ten als auch in den Gesch\u00e4ftsleitungen der 100 gr\u00f6ssten Arbeitgeber.","articlekey":"","footnotes":""},"categories":[28],"tags":[159,335,459,513],"class_list":["post-4992","post","type-post","status-publish","format-standard","has-post-thumbnail","hentry","category-management","tag-diversity","tag-management-und-unternehmensfuehrung","tag-studie","tag-verwaltungsraete"],"acf":[],"yoast_head":"<!-- This site is optimized with the Yoast SEO plugin v27.4 - https:\/\/yoast.com\/product\/yoast-seo-wordpress\/ -->\n<title>Frauenquote in Verwaltungsr\u00e4ten knackt 20-Prozent-Marke - Organisator<\/title>\n<meta name=\"description\" content=\"Die Frauenanteile steigen sowohl in den Verwaltungsr\u00e4ten als auch in den Gesch\u00e4ftsleitungen der 100 gr\u00f6ssten Arbeitgeber.\" \/>\n<meta name=\"robots\" content=\"index, follow, max-snippet:-1, max-image-preview:large, max-video-preview:-1\" \/>\n<link rel=\"canonical\" href=\"https:\/\/www.organisator.ch\/en\/management\/2019-03-07\/frauenquote-in-verwaltungsraeten-knackt-20-prozent-marke\/\" \/>\n<meta property=\"og:locale\" content=\"en_US\" \/>\n<meta property=\"og:type\" content=\"article\" \/>\n<meta property=\"og:title\" content=\"Frauenquote in Verwaltungsr\u00e4ten knackt 20-Prozent-Marke\" \/>\n<meta property=\"og:description\" content=\"Die Frauenanteile steigen sowohl in den Verwaltungsr\u00e4ten als auch in den Gesch\u00e4ftsleitungen der 100 gr\u00f6ssten Arbeitgeber.\" \/>\n<meta property=\"og:url\" content=\"https:\/\/www.organisator.ch\/en\/management\/2019-03-07\/frauenquote-in-verwaltungsraeten-knackt-20-prozent-marke\/\" \/>\n<meta property=\"og:site_name\" content=\"Organisator\" \/>\n<meta property=\"article:publisher\" content=\"https:\/\/www.facebook.com\/OrganisatorFachmagazin\" \/>\n<meta property=\"article:published_time\" content=\"2019-03-07T13:22:31+00:00\" \/>\n<meta property=\"og:image\" content=\"https:\/\/www.organisator.ch\/wp-content\/uploads\/2019\/03\/Frauenquote-in-Verwaltungsraeten-knackt-20-Prozent-Marke_Organisator.jpg\" \/>\n\t<meta property=\"og:image:width\" content=\"680\" \/>\n\t<meta property=\"og:image:height\" content=\"453\" \/>\n\t<meta property=\"og:image:type\" content=\"image\/jpeg\" \/>\n<meta name=\"author\" content=\"thomas.berner\" \/>\n<meta name=\"twitter:card\" content=\"summary_large_image\" \/>\n<meta name=\"twitter:title\" content=\"Frauenquote in Verwaltungsr\u00e4ten knackt 20-Prozent-Marke\" \/>\n<meta name=\"twitter:description\" content=\"Die Frauenanteile steigen sowohl in den Verwaltungsr\u00e4ten als auch in den Gesch\u00e4ftsleitungen der 100 gr\u00f6ssten Arbeitgeber.\" \/>\n<meta name=\"twitter:image\" content=\"https:\/\/www.organisator.ch\/wp-content\/uploads\/2019\/03\/Frauenquote-in-Verwaltungsr\u00e4ten-knackt-20-Prozent-Marke_Organisator.jpg\" \/>\n<script type=\"application\/ld+json\" class=\"yoast-schema-graph\">{\"@context\":\"https:\\\/\\\/schema.org\",\"@graph\":[{\"@type\":\"Article\",\"@id\":\"https:\\\/\\\/www.organisator.ch\\\/management\\\/2019-03-07\\\/frauenquote-in-verwaltungsraeten-knackt-20-prozent-marke\\\/#article\",\"isPartOf\":{\"@id\":\"https:\\\/\\\/www.organisator.ch\\\/management\\\/2019-03-07\\\/frauenquote-in-verwaltungsraeten-knackt-20-prozent-marke\\\/\"},\"author\":{\"name\":\"thomas.berner\",\"@id\":\"https:\\\/\\\/www.organisator.ch\\\/#\\\/schema\\\/person\\\/6f650f90b2842cd4c0cc334b4e36f67e\"},\"headline\":\"Frauenquote in Verwaltungsr\u00e4ten knackt 20-Prozent-Marke\",\"datePublished\":\"2019-03-07T13:22:31+00:00\",\"mainEntityOfPage\":{\"@id\":\"https:\\\/\\\/www.organisator.ch\\\/management\\\/2019-03-07\\\/frauenquote-in-verwaltungsraeten-knackt-20-prozent-marke\\\/\"},\"wordCount\":727,\"commentCount\":1,\"publisher\":{\"@id\":\"https:\\\/\\\/www.organisator.ch\\\/#organization\"},\"image\":{\"@id\":\"https:\\\/\\\/www.organisator.ch\\\/management\\\/2019-03-07\\\/frauenquote-in-verwaltungsraeten-knackt-20-prozent-marke\\\/#primaryimage\"},\"thumbnailUrl\":\"https:\\\/\\\/www.organisator.ch\\\/wp-content\\\/uploads\\\/2019\\\/03\\\/Frauenquote-in-Verwaltungsraeten-knackt-20-Prozent-Marke_Organisator.jpg\",\"keywords\":[\"Diversity\",\"Management und Unternehmensf\u00fchrung\",\"Studie\",\"Verwaltungsr\u00e4te\"],\"articleSection\":[\"MANAGEMENT\"],\"inLanguage\":\"en-US\"},{\"@type\":\"WebPage\",\"@id\":\"https:\\\/\\\/www.organisator.ch\\\/management\\\/2019-03-07\\\/frauenquote-in-verwaltungsraeten-knackt-20-prozent-marke\\\/\",\"url\":\"https:\\\/\\\/www.organisator.ch\\\/management\\\/2019-03-07\\\/frauenquote-in-verwaltungsraeten-knackt-20-prozent-marke\\\/\",\"name\":\"Frauenquote in Verwaltungsr\u00e4ten knackt 20-Prozent-Marke - Organisator\",\"isPartOf\":{\"@id\":\"https:\\\/\\\/www.organisator.ch\\\/#website\"},\"primaryImageOfPage\":{\"@id\":\"https:\\\/\\\/www.organisator.ch\\\/management\\\/2019-03-07\\\/frauenquote-in-verwaltungsraeten-knackt-20-prozent-marke\\\/#primaryimage\"},\"image\":{\"@id\":\"https:\\\/\\\/www.organisator.ch\\\/management\\\/2019-03-07\\\/frauenquote-in-verwaltungsraeten-knackt-20-prozent-marke\\\/#primaryimage\"},\"thumbnailUrl\":\"https:\\\/\\\/www.organisator.ch\\\/wp-content\\\/uploads\\\/2019\\\/03\\\/Frauenquote-in-Verwaltungsraeten-knackt-20-Prozent-Marke_Organisator.jpg\",\"datePublished\":\"2019-03-07T13:22:31+00:00\",\"description\":\"Die Frauenanteile steigen sowohl in den Verwaltungsr\u00e4ten als auch in den Gesch\u00e4ftsleitungen der 100 gr\u00f6ssten Arbeitgeber.\",\"breadcrumb\":{\"@id\":\"https:\\\/\\\/www.organisator.ch\\\/management\\\/2019-03-07\\\/frauenquote-in-verwaltungsraeten-knackt-20-prozent-marke\\\/#breadcrumb\"},\"inLanguage\":\"en-US\",\"potentialAction\":[{\"@type\":\"ReadAction\",\"target\":[\"https:\\\/\\\/www.organisator.ch\\\/management\\\/2019-03-07\\\/frauenquote-in-verwaltungsraeten-knackt-20-prozent-marke\\\/\"]}]},{\"@type\":\"ImageObject\",\"inLanguage\":\"en-US\",\"@id\":\"https:\\\/\\\/www.organisator.ch\\\/management\\\/2019-03-07\\\/frauenquote-in-verwaltungsraeten-knackt-20-prozent-marke\\\/#primaryimage\",\"url\":\"https:\\\/\\\/www.organisator.ch\\\/wp-content\\\/uploads\\\/2019\\\/03\\\/Frauenquote-in-Verwaltungsraeten-knackt-20-Prozent-Marke_Organisator.jpg\",\"contentUrl\":\"https:\\\/\\\/www.organisator.ch\\\/wp-content\\\/uploads\\\/2019\\\/03\\\/Frauenquote-in-Verwaltungsraeten-knackt-20-Prozent-Marke_Organisator.jpg\",\"width\":680,\"height\":453,\"caption\":\"Die Frauenquote in Verwaltungsr\u00e4ten der gr\u00f6ssten Schweizer Unternehmen \u00fcberschreitet erstmals die 20-Prozent-Marke. Doch weibliche F\u00fchrungskr\u00e4fte stehen immer noch im Schatten ihrer m\u00e4nnlichen Kollegen. (Bild: pixabay.com)\"},{\"@type\":\"BreadcrumbList\",\"@id\":\"https:\\\/\\\/www.organisator.ch\\\/management\\\/2019-03-07\\\/frauenquote-in-verwaltungsraeten-knackt-20-prozent-marke\\\/#breadcrumb\",\"itemListElement\":[{\"@type\":\"ListItem\",\"position\":1,\"name\":\"Home\",\"item\":\"https:\\\/\\\/www.organisator.ch\\\/\"},{\"@type\":\"ListItem\",\"position\":2,\"name\":\"Frauenquote in Verwaltungsr\u00e4ten knackt 20-Prozent-Marke\"}]},{\"@type\":\"WebSite\",\"@id\":\"https:\\\/\\\/www.organisator.ch\\\/#website\",\"url\":\"https:\\\/\\\/www.organisator.ch\\\/\",\"name\":\"Organisator\",\"description\":\"Kompetent. Praxisnah. Der ORGANISATOR bereitet in 10 Ausgaben pro Jahr die wesentlichen Themen f\u00fcr F\u00fchrungskr\u00e4fte von KMU auf.\",\"publisher\":{\"@id\":\"https:\\\/\\\/www.organisator.ch\\\/#organization\"},\"potentialAction\":[{\"@type\":\"SearchAction\",\"target\":{\"@type\":\"EntryPoint\",\"urlTemplate\":\"https:\\\/\\\/www.organisator.ch\\\/?s={search_term_string}\"},\"query-input\":{\"@type\":\"PropertyValueSpecification\",\"valueRequired\":true,\"valueName\":\"search_term_string\"}}],\"inLanguage\":\"en-US\"},{\"@type\":\"Organization\",\"@id\":\"https:\\\/\\\/www.organisator.ch\\\/#organization\",\"name\":\"Organisator\",\"url\":\"https:\\\/\\\/www.organisator.ch\\\/\",\"logo\":{\"@type\":\"ImageObject\",\"inLanguage\":\"en-US\",\"@id\":\"https:\\\/\\\/www.organisator.ch\\\/#\\\/schema\\\/logo\\\/image\\\/\",\"url\":\"https:\\\/\\\/www.organisator.ch\\\/wp-content\\\/uploads\\\/2022\\\/01\\\/Logo_Organisator_Website.png\",\"contentUrl\":\"https:\\\/\\\/www.organisator.ch\\\/wp-content\\\/uploads\\\/2022\\\/01\\\/Logo_Organisator_Website.png\",\"width\":800,\"height\":77,\"caption\":\"Organisator\"},\"image\":{\"@id\":\"https:\\\/\\\/www.organisator.ch\\\/#\\\/schema\\\/logo\\\/image\\\/\"},\"sameAs\":[\"https:\\\/\\\/www.facebook.com\\\/OrganisatorFachmagazin\",\"https:\\\/\\\/www.linkedin.com\\\/showcase\\\/organisator-das-magazin-fr-kmu\",\"https:\\\/\\\/www.xing.com\\\/news\\\/pages\\\/organisator-ch-695\",\"https:\\\/\\\/www.youtube.com\\\/channel\\\/UCGP2Sq0iWaZwT3BdIAQFYpw\"]},{\"@type\":\"Person\",\"@id\":\"https:\\\/\\\/www.organisator.ch\\\/#\\\/schema\\\/person\\\/6f650f90b2842cd4c0cc334b4e36f67e\",\"name\":\"thomas.berner\",\"image\":{\"@type\":\"ImageObject\",\"inLanguage\":\"en-US\",\"@id\":\"https:\\\/\\\/secure.gravatar.com\\\/avatar\\\/ac5001d2a36cb6c6cd3e50789007ffca834b477b74a2144564522e944eabff61?s=96&d=mm&r=g\",\"url\":\"https:\\\/\\\/secure.gravatar.com\\\/avatar\\\/ac5001d2a36cb6c6cd3e50789007ffca834b477b74a2144564522e944eabff61?s=96&d=mm&r=g\",\"contentUrl\":\"https:\\\/\\\/secure.gravatar.com\\\/avatar\\\/ac5001d2a36cb6c6cd3e50789007ffca834b477b74a2144564522e944eabff61?s=96&d=mm&r=g\",\"caption\":\"thomas.berner\"},\"url\":\"https:\\\/\\\/www.organisator.ch\\\/en\\\/author\\\/thomas-berner\\\/\"}]}<\/script>\n<!-- \/ Yoast SEO plugin. -->","yoast_head_json":{"title":"Women's quota on boards of directors cracks 20 percent mark - Organizer","description":"The proportion of women is rising both on the boards of directors and on the executive boards of the 100 largest employers.","robots":{"index":"index","follow":"follow","max-snippet":"max-snippet:-1","max-image-preview":"max-image-preview:large","max-video-preview":"max-video-preview:-1"},"canonical":"https:\/\/www.organisator.ch\/en\/management\/2019-03-07\/frauenquote-in-verwaltungsraeten-knackt-20-prozent-marke\/","og_locale":"en_US","og_type":"article","og_title":"Frauenquote in Verwaltungsr\u00e4ten knackt 20-Prozent-Marke","og_description":"Die Frauenanteile steigen sowohl in den Verwaltungsr\u00e4ten als auch in den Gesch\u00e4ftsleitungen der 100 gr\u00f6ssten Arbeitgeber.","og_url":"https:\/\/www.organisator.ch\/en\/management\/2019-03-07\/frauenquote-in-verwaltungsraeten-knackt-20-prozent-marke\/","og_site_name":"Organisator","article_publisher":"https:\/\/www.facebook.com\/OrganisatorFachmagazin","article_published_time":"2019-03-07T13:22:31+00:00","og_image":[{"width":680,"height":453,"url":"https:\/\/www.organisator.ch\/wp-content\/uploads\/2019\/03\/Frauenquote-in-Verwaltungsraeten-knackt-20-Prozent-Marke_Organisator.jpg","type":"image\/jpeg"}],"author":"thomas.berner","twitter_card":"summary_large_image","twitter_title":"Frauenquote in Verwaltungsr\u00e4ten knackt 20-Prozent-Marke","twitter_description":"Die Frauenanteile steigen sowohl in den Verwaltungsr\u00e4ten als auch in den Gesch\u00e4ftsleitungen der 100 gr\u00f6ssten Arbeitgeber.","twitter_image":"https:\/\/www.organisator.ch\/wp-content\/uploads\/2019\/03\/Frauenquote-in-Verwaltungsr\u00e4ten-knackt-20-Prozent-Marke_Organisator.jpg","schema":{"@context":"https:\/\/schema.org","@graph":[{"@type":"Article","@id":"https:\/\/www.organisator.ch\/management\/2019-03-07\/frauenquote-in-verwaltungsraeten-knackt-20-prozent-marke\/#article","isPartOf":{"@id":"https:\/\/www.organisator.ch\/management\/2019-03-07\/frauenquote-in-verwaltungsraeten-knackt-20-prozent-marke\/"},"author":{"name":"thomas.berner","@id":"https:\/\/www.organisator.ch\/#\/schema\/person\/6f650f90b2842cd4c0cc334b4e36f67e"},"headline":"Frauenquote in Verwaltungsr\u00e4ten knackt 20-Prozent-Marke","datePublished":"2019-03-07T13:22:31+00:00","mainEntityOfPage":{"@id":"https:\/\/www.organisator.ch\/management\/2019-03-07\/frauenquote-in-verwaltungsraeten-knackt-20-prozent-marke\/"},"wordCount":727,"commentCount":1,"publisher":{"@id":"https:\/\/www.organisator.ch\/#organization"},"image":{"@id":"https:\/\/www.organisator.ch\/management\/2019-03-07\/frauenquote-in-verwaltungsraeten-knackt-20-prozent-marke\/#primaryimage"},"thumbnailUrl":"https:\/\/www.organisator.ch\/wp-content\/uploads\/2019\/03\/Frauenquote-in-Verwaltungsraeten-knackt-20-Prozent-Marke_Organisator.jpg","keywords":["Diversity","Management und Unternehmensf\u00fchrung","Studie","Verwaltungsr\u00e4te"],"articleSection":["MANAGEMENT"],"inLanguage":"en-US"},{"@type":"WebPage","@id":"https:\/\/www.organisator.ch\/management\/2019-03-07\/frauenquote-in-verwaltungsraeten-knackt-20-prozent-marke\/","url":"https:\/\/www.organisator.ch\/management\/2019-03-07\/frauenquote-in-verwaltungsraeten-knackt-20-prozent-marke\/","name":"Women's quota on boards of directors cracks 20 percent mark - Organizer","isPartOf":{"@id":"https:\/\/www.organisator.ch\/#website"},"primaryImageOfPage":{"@id":"https:\/\/www.organisator.ch\/management\/2019-03-07\/frauenquote-in-verwaltungsraeten-knackt-20-prozent-marke\/#primaryimage"},"image":{"@id":"https:\/\/www.organisator.ch\/management\/2019-03-07\/frauenquote-in-verwaltungsraeten-knackt-20-prozent-marke\/#primaryimage"},"thumbnailUrl":"https:\/\/www.organisator.ch\/wp-content\/uploads\/2019\/03\/Frauenquote-in-Verwaltungsraeten-knackt-20-Prozent-Marke_Organisator.jpg","datePublished":"2019-03-07T13:22:31+00:00","description":"The proportion of women is rising both on the boards of directors and on the executive boards of the 100 largest employers.","breadcrumb":{"@id":"https:\/\/www.organisator.ch\/management\/2019-03-07\/frauenquote-in-verwaltungsraeten-knackt-20-prozent-marke\/#breadcrumb"},"inLanguage":"en-US","potentialAction":[{"@type":"ReadAction","target":["https:\/\/www.organisator.ch\/management\/2019-03-07\/frauenquote-in-verwaltungsraeten-knackt-20-prozent-marke\/"]}]},{"@type":"ImageObject","inLanguage":"en-US","@id":"https:\/\/www.organisator.ch\/management\/2019-03-07\/frauenquote-in-verwaltungsraeten-knackt-20-prozent-marke\/#primaryimage","url":"https:\/\/www.organisator.ch\/wp-content\/uploads\/2019\/03\/Frauenquote-in-Verwaltungsraeten-knackt-20-Prozent-Marke_Organisator.jpg","contentUrl":"https:\/\/www.organisator.ch\/wp-content\/uploads\/2019\/03\/Frauenquote-in-Verwaltungsraeten-knackt-20-Prozent-Marke_Organisator.jpg","width":680,"height":453,"caption":"Die Frauenquote in Verwaltungsr\u00e4ten der gr\u00f6ssten Schweizer Unternehmen \u00fcberschreitet erstmals die 20-Prozent-Marke. Doch weibliche F\u00fchrungskr\u00e4fte stehen immer noch im Schatten ihrer m\u00e4nnlichen Kollegen. (Bild: pixabay.com)"},{"@type":"BreadcrumbList","@id":"https:\/\/www.organisator.ch\/management\/2019-03-07\/frauenquote-in-verwaltungsraeten-knackt-20-prozent-marke\/#breadcrumb","itemListElement":[{"@type":"ListItem","position":1,"name":"Home","item":"https:\/\/www.organisator.ch\/"},{"@type":"ListItem","position":2,"name":"Frauenquote in Verwaltungsr\u00e4ten knackt 20-Prozent-Marke"}]},{"@type":"WebSite","@id":"https:\/\/www.organisator.ch\/#website","url":"https:\/\/www.organisator.ch\/","name":"Organizer","description":"Competent. Practical. In 10 issues per year, ORGANISATOR presents the essential topics for managers of SMEs.","publisher":{"@id":"https:\/\/www.organisator.ch\/#organization"},"potentialAction":[{"@type":"SearchAction","target":{"@type":"EntryPoint","urlTemplate":"https:\/\/www.organisator.ch\/?s={search_term_string}"},"query-input":{"@type":"PropertyValueSpecification","valueRequired":true,"valueName":"search_term_string"}}],"inLanguage":"en-US"},{"@type":"Organization","@id":"https:\/\/www.organisator.ch\/#organization","name":"Organizer","url":"https:\/\/www.organisator.ch\/","logo":{"@type":"ImageObject","inLanguage":"en-US","@id":"https:\/\/www.organisator.ch\/#\/schema\/logo\/image\/","url":"https:\/\/www.organisator.ch\/wp-content\/uploads\/2022\/01\/Logo_Organisator_Website.png","contentUrl":"https:\/\/www.organisator.ch\/wp-content\/uploads\/2022\/01\/Logo_Organisator_Website.png","width":800,"height":77,"caption":"Organisator"},"image":{"@id":"https:\/\/www.organisator.ch\/#\/schema\/logo\/image\/"},"sameAs":["https:\/\/www.facebook.com\/OrganisatorFachmagazin","https:\/\/www.linkedin.com\/showcase\/organisator-das-magazin-fr-kmu","https:\/\/www.xing.com\/news\/pages\/organisator-ch-695","https:\/\/www.youtube.com\/channel\/UCGP2Sq0iWaZwT3BdIAQFYpw"]},{"@type":"Person","@id":"https:\/\/www.organisator.ch\/#\/schema\/person\/6f650f90b2842cd4c0cc334b4e36f67e","name":"thomas.berner","image":{"@type":"ImageObject","inLanguage":"en-US","@id":"https:\/\/secure.gravatar.com\/avatar\/ac5001d2a36cb6c6cd3e50789007ffca834b477b74a2144564522e944eabff61?s=96&d=mm&r=g","url":"https:\/\/secure.gravatar.com\/avatar\/ac5001d2a36cb6c6cd3e50789007ffca834b477b74a2144564522e944eabff61?s=96&d=mm&r=g","contentUrl":"https:\/\/secure.gravatar.com\/avatar\/ac5001d2a36cb6c6cd3e50789007ffca834b477b74a2144564522e944eabff61?s=96&d=mm&r=g","caption":"thomas.berner"},"url":"https:\/\/www.organisator.ch\/en\/author\/thomas-berner\/"}]}},"_links":{"self":[{"href":"https:\/\/www.organisator.ch\/en\/wp-json\/wp\/v2\/posts\/4992","targetHints":{"allow":["GET"]}}],"collection":[{"href":"https:\/\/www.organisator.ch\/en\/wp-json\/wp\/v2\/posts"}],"about":[{"href":"https:\/\/www.organisator.ch\/en\/wp-json\/wp\/v2\/types\/post"}],"author":[{"embeddable":true,"href":"https:\/\/www.organisator.ch\/en\/wp-json\/wp\/v2\/users\/4"}],"replies":[{"embeddable":true,"href":"https:\/\/www.organisator.ch\/en\/wp-json\/wp\/v2\/comments?post=4992"}],"version-history":[{"count":0,"href":"https:\/\/www.organisator.ch\/en\/wp-json\/wp\/v2\/posts\/4992\/revisions"}],"wp:featuredmedia":[{"embeddable":true,"href":"https:\/\/www.organisator.ch\/en\/wp-json\/wp\/v2\/media\/4993"}],"wp:attachment":[{"href":"https:\/\/www.organisator.ch\/en\/wp-json\/wp\/v2\/media?parent=4992"}],"wp:term":[{"taxonomy":"category","embeddable":true,"href":"https:\/\/www.organisator.ch\/en\/wp-json\/wp\/v2\/categories?post=4992"},{"taxonomy":"post_tag","embeddable":true,"href":"https:\/\/www.organisator.ch\/en\/wp-json\/wp\/v2\/tags?post=4992"}],"curies":[{"name":"wp","href":"https:\/\/api.w.org\/{rel}","templated":true}]}}