{"id":500,"date":"2016-05-18T11:15:24","date_gmt":"2016-05-18T09:15:24","guid":{"rendered":"http:\/\/dev.organisator.ch\/?p=500"},"modified":"2016-05-18T11:15:24","modified_gmt":"2016-05-18T09:15:24","slug":"neuer-abteilungsleiter-versicherungstechnik-gewaehlt","status":"publish","type":"post","link":"https:\/\/www.organisator.ch\/en\/allgemein\/2016-05-18\/neuer-abteilungsleiter-versicherungstechnik-gewaehlt\/","title":{"rendered":"New head of underwriting department elected"},"content":{"rendered":"<figure id=\"attachment_501\" aria-describedby=\"caption-attachment-501\" style=\"width: 578px\" class=\"wp-caption alignnone\"><img loading=\"lazy\" decoding=\"async\" class=\"size-full wp-image-501\" src=\"https:\/\/www.organisator.ch\/wp-content\/uploads\/2016\/12\/Neuer-Abteilungsleiter-Versicherungstechnik-gewaehlt-organisator.jpg\" alt=\"\" width=\"578\" height=\"820\" srcset=\"https:\/\/www.organisator.ch\/wp-content\/uploads\/2016\/12\/Neuer-Abteilungsleiter-Versicherungstechnik-gewaehlt-organisator.jpg 578w, https:\/\/www.organisator.ch\/wp-content\/uploads\/2016\/12\/Neuer-Abteilungsleiter-Versicherungstechnik-gewaehlt-organisator-8x12.jpg 8w, https:\/\/www.organisator.ch\/wp-content\/uploads\/2016\/12\/Neuer-Abteilungsleiter-Versicherungstechnik-gewaehlt-organisator-123x175.jpg 123w, https:\/\/www.organisator.ch\/wp-content\/uploads\/2016\/12\/Neuer-Abteilungsleiter-Versicherungstechnik-gewaehlt-organisator-247x350.jpg 247w, https:\/\/www.organisator.ch\/wp-content\/uploads\/2016\/12\/Neuer-Abteilungsleiter-Versicherungstechnik-gewaehlt-organisator-564x800.jpg 564w, https:\/\/www.organisator.ch\/wp-content\/uploads\/2016\/12\/Neuer-Abteilungsleiter-Versicherungstechnik-gewaehlt-organisator-300x426.jpg 300w\" sizes=\"auto, (max-width: 578px) 100vw, 578px\" \/><figcaption id=\"caption-attachment-501\" class=\"wp-caption-text\">Oliver Steiger, Head of Underwriting Department<\/figcaption><\/figure>\n<p>Olivier Steiger, who is very familiar with Suva, will take over as head of the actuarial department. Steiger studied mathematics at the University of Zurich and received his doctorate in 2004. In 2005, Steiger joined Suva as an actuary and completed the additional studies to become an \"Actuary SAV\" of the Swiss Actuarial Association while working. Since 2011, he has headed the actuarial department. In this function, he is responsible for premium measures and for assessing and determining actuarial balance sheet provisions. In addition, the 41-year-old performs tasks in Suva's financial management and risk management. On September 1, 2016, Olivier Steiger succeeds Felix Jenni, who will remain with the company for special tasks and is taking his staggered retirement from active professional life at his own request. (Source: SUVA)<\/p>","protected":false},"excerpt":{"rendered":"<p>Die Leitung der Abteilung Versicherungstechnik \u00fcbernimmt Olivier Steiger, der mit der Suva bestens vertraut ist. Steiger studierte an der Universit\u00e4t Z\u00fcrich Mathematik und promovierte im Jahr 2004. Im Jahr 2005 kam Steiger als Versicherungsmathematiker zur Suva und absolvierte berufsbegleitend das Zusatzstudium zum \u00abAktuar SAV\u00bb der Schweizerischen Aktuarvereinigung. Seit 2011 leitet er den Bereich Versicherungsmathematik. In [&hellip;]<\/p>\n","protected":false},"author":1,"featured_media":501,"comment_status":"open","ping_status":"open","sticky":false,"template":"","format":"standard","meta":{"_acf_changed":false,"_yoast_wpseo_focuskw":"Abteilungsleiter Versicherungstechnik","_yoast_wpseo_metadesc":"Der Verwaltungsausschuss der Suva hat an seiner Sitzung vom 13. Mai 2016 Olivier Steiger zum Abteilungsleiter Versicherungstechnik gew\u00e4hlt.","articlekey":"","footnotes":""},"categories":[1],"tags":[382],"class_list":["post-500","post","type-post","status-publish","format-standard","has-post-thumbnail","hentry","category-allgemein","tag-personalien"],"acf":[],"yoast_head":"<!-- This site is optimized with the Yoast SEO plugin v27.4 - https:\/\/yoast.com\/product\/yoast-seo-wordpress\/ -->\n<title>Neuer Abteilungsleiter Versicherungstechnik gew\u00e4hlt - Organisator<\/title>\n<meta name=\"description\" content=\"Der Verwaltungsausschuss der Suva hat an seiner Sitzung vom 13. Mai 2016 Olivier Steiger zum Abteilungsleiter Versicherungstechnik gew\u00e4hlt.\" \/>\n<meta name=\"robots\" content=\"index, follow, max-snippet:-1, max-image-preview:large, max-video-preview:-1\" \/>\n<link rel=\"canonical\" href=\"https:\/\/www.organisator.ch\/en\/general\/2016-05-18\/neuer-abteilungsleiter-versicherungstechnik-gewaehlt\/\" \/>\n<meta property=\"og:locale\" content=\"en_US\" \/>\n<meta property=\"og:type\" content=\"article\" \/>\n<meta property=\"og:title\" content=\"Neuer Abteilungsleiter Versicherungstechnik gew\u00e4hlt\" \/>\n<meta property=\"og:description\" content=\"Der Verwaltungsausschuss der Suva hat an seiner Sitzung vom 13. Mai 2016 Olivier Steiger zum Abteilungsleiter Versicherungstechnik gew\u00e4hlt. Olivier Steiger folgt auf Felix Jenni, der dem Unternehmen f\u00fcr Spezialaufgaben erhalten bleibt.\" \/>\n<meta property=\"og:url\" content=\"https:\/\/www.organisator.ch\/en\/general\/2016-05-18\/neuer-abteilungsleiter-versicherungstechnik-gewaehlt\/\" \/>\n<meta property=\"og:site_name\" content=\"Organisator\" \/>\n<meta property=\"article:publisher\" content=\"https:\/\/www.facebook.com\/OrganisatorFachmagazin\" \/>\n<meta property=\"article:published_time\" content=\"2016-05-18T09:15:24+00:00\" \/>\n<meta name=\"author\" content=\"admin\" \/>\n<meta name=\"twitter:card\" content=\"summary_large_image\" \/>\n<meta name=\"twitter:image\" content=\"https:\/\/www.organisator.ch\/wp-content\/uploads\/2016\/12\/Neuer-Abteilungsleiter-Versicherungstechnik-gewaehlt-organisator.jpg\" \/>\n<script type=\"application\/ld+json\" class=\"yoast-schema-graph\">{\"@context\":\"https:\\\/\\\/schema.org\",\"@graph\":[{\"@type\":\"Article\",\"@id\":\"https:\\\/\\\/www.organisator.ch\\\/fr\\\/general\\\/2016-05-18\\\/neuer-abteilungsleiter-versicherungstechnik-gewaehlt\\\/#article\",\"isPartOf\":{\"@id\":\"https:\\\/\\\/www.organisator.ch\\\/fr\\\/general\\\/2016-05-18\\\/neuer-abteilungsleiter-versicherungstechnik-gewaehlt\\\/\"},\"author\":{\"name\":\"admin\",\"@id\":\"https:\\\/\\\/www.organisator.ch\\\/#\\\/schema\\\/person\\\/aa2bace6c5c5aad60102004a50c4eb1c\"},\"headline\":\"Neuer Abteilungsleiter Versicherungstechnik gew\u00e4hlt\",\"datePublished\":\"2016-05-18T09:15:24+00:00\",\"mainEntityOfPage\":{\"@id\":\"https:\\\/\\\/www.organisator.ch\\\/fr\\\/general\\\/2016-05-18\\\/neuer-abteilungsleiter-versicherungstechnik-gewaehlt\\\/\"},\"wordCount\":139,\"commentCount\":0,\"publisher\":{\"@id\":\"https:\\\/\\\/www.organisator.ch\\\/#organization\"},\"image\":{\"@id\":\"https:\\\/\\\/www.organisator.ch\\\/fr\\\/general\\\/2016-05-18\\\/neuer-abteilungsleiter-versicherungstechnik-gewaehlt\\\/#primaryimage\"},\"thumbnailUrl\":\"https:\\\/\\\/www.organisator.ch\\\/wp-content\\\/uploads\\\/2016\\\/12\\\/Neuer-Abteilungsleiter-Versicherungstechnik-gewaehlt-organisator.jpg\",\"keywords\":[\"Personalien\"],\"articleSection\":[\"Allgemein\"],\"inLanguage\":\"en-US\"},{\"@type\":\"WebPage\",\"@id\":\"https:\\\/\\\/www.organisator.ch\\\/fr\\\/general\\\/2016-05-18\\\/neuer-abteilungsleiter-versicherungstechnik-gewaehlt\\\/\",\"url\":\"https:\\\/\\\/www.organisator.ch\\\/fr\\\/general\\\/2016-05-18\\\/neuer-abteilungsleiter-versicherungstechnik-gewaehlt\\\/\",\"name\":\"Neuer Abteilungsleiter Versicherungstechnik gew\u00e4hlt - Organisator\",\"isPartOf\":{\"@id\":\"https:\\\/\\\/www.organisator.ch\\\/#website\"},\"primaryImageOfPage\":{\"@id\":\"https:\\\/\\\/www.organisator.ch\\\/fr\\\/general\\\/2016-05-18\\\/neuer-abteilungsleiter-versicherungstechnik-gewaehlt\\\/#primaryimage\"},\"image\":{\"@id\":\"https:\\\/\\\/www.organisator.ch\\\/fr\\\/general\\\/2016-05-18\\\/neuer-abteilungsleiter-versicherungstechnik-gewaehlt\\\/#primaryimage\"},\"thumbnailUrl\":\"https:\\\/\\\/www.organisator.ch\\\/wp-content\\\/uploads\\\/2016\\\/12\\\/Neuer-Abteilungsleiter-Versicherungstechnik-gewaehlt-organisator.jpg\",\"datePublished\":\"2016-05-18T09:15:24+00:00\",\"description\":\"Der Verwaltungsausschuss der Suva hat an seiner Sitzung vom 13. Mai 2016 Olivier Steiger zum Abteilungsleiter Versicherungstechnik gew\u00e4hlt.\",\"breadcrumb\":{\"@id\":\"https:\\\/\\\/www.organisator.ch\\\/fr\\\/general\\\/2016-05-18\\\/neuer-abteilungsleiter-versicherungstechnik-gewaehlt\\\/#breadcrumb\"},\"inLanguage\":\"en-US\",\"potentialAction\":[{\"@type\":\"ReadAction\",\"target\":[\"https:\\\/\\\/www.organisator.ch\\\/fr\\\/general\\\/2016-05-18\\\/neuer-abteilungsleiter-versicherungstechnik-gewaehlt\\\/\"]}]},{\"@type\":\"ImageObject\",\"inLanguage\":\"en-US\",\"@id\":\"https:\\\/\\\/www.organisator.ch\\\/fr\\\/general\\\/2016-05-18\\\/neuer-abteilungsleiter-versicherungstechnik-gewaehlt\\\/#primaryimage\",\"url\":\"https:\\\/\\\/www.organisator.ch\\\/wp-content\\\/uploads\\\/2016\\\/12\\\/Neuer-Abteilungsleiter-Versicherungstechnik-gewaehlt-organisator.jpg\",\"contentUrl\":\"https:\\\/\\\/www.organisator.ch\\\/wp-content\\\/uploads\\\/2016\\\/12\\\/Neuer-Abteilungsleiter-Versicherungstechnik-gewaehlt-organisator.jpg\",\"width\":578,\"height\":820,\"caption\":\"Oliver Steiger, Abteilungsleiter Versicherungstechnik\"},{\"@type\":\"BreadcrumbList\",\"@id\":\"https:\\\/\\\/www.organisator.ch\\\/fr\\\/general\\\/2016-05-18\\\/neuer-abteilungsleiter-versicherungstechnik-gewaehlt\\\/#breadcrumb\",\"itemListElement\":[{\"@type\":\"ListItem\",\"position\":1,\"name\":\"Home\",\"item\":\"https:\\\/\\\/www.organisator.ch\\\/\"},{\"@type\":\"ListItem\",\"position\":2,\"name\":\"Neuer Abteilungsleiter Versicherungstechnik gew\u00e4hlt\"}]},{\"@type\":\"WebSite\",\"@id\":\"https:\\\/\\\/www.organisator.ch\\\/#website\",\"url\":\"https:\\\/\\\/www.organisator.ch\\\/\",\"name\":\"Organisator\",\"description\":\"Kompetent. Praxisnah. Der ORGANISATOR bereitet in 10 Ausgaben pro Jahr die wesentlichen Themen f\u00fcr F\u00fchrungskr\u00e4fte von KMU auf.\",\"publisher\":{\"@id\":\"https:\\\/\\\/www.organisator.ch\\\/#organization\"},\"potentialAction\":[{\"@type\":\"SearchAction\",\"target\":{\"@type\":\"EntryPoint\",\"urlTemplate\":\"https:\\\/\\\/www.organisator.ch\\\/?s={search_term_string}\"},\"query-input\":{\"@type\":\"PropertyValueSpecification\",\"valueRequired\":true,\"valueName\":\"search_term_string\"}}],\"inLanguage\":\"en-US\"},{\"@type\":\"Organization\",\"@id\":\"https:\\\/\\\/www.organisator.ch\\\/#organization\",\"name\":\"Organisator\",\"url\":\"https:\\\/\\\/www.organisator.ch\\\/\",\"logo\":{\"@type\":\"ImageObject\",\"inLanguage\":\"en-US\",\"@id\":\"https:\\\/\\\/www.organisator.ch\\\/#\\\/schema\\\/logo\\\/image\\\/\",\"url\":\"https:\\\/\\\/www.organisator.ch\\\/wp-content\\\/uploads\\\/2022\\\/01\\\/Logo_Organisator_Website.png\",\"contentUrl\":\"https:\\\/\\\/www.organisator.ch\\\/wp-content\\\/uploads\\\/2022\\\/01\\\/Logo_Organisator_Website.png\",\"width\":800,\"height\":77,\"caption\":\"Organisator\"},\"image\":{\"@id\":\"https:\\\/\\\/www.organisator.ch\\\/#\\\/schema\\\/logo\\\/image\\\/\"},\"sameAs\":[\"https:\\\/\\\/www.facebook.com\\\/OrganisatorFachmagazin\",\"https:\\\/\\\/www.linkedin.com\\\/showcase\\\/organisator-das-magazin-fr-kmu\",\"https:\\\/\\\/www.xing.com\\\/news\\\/pages\\\/organisator-ch-695\",\"https:\\\/\\\/www.youtube.com\\\/channel\\\/UCGP2Sq0iWaZwT3BdIAQFYpw\"]},{\"@type\":\"Person\",\"@id\":\"https:\\\/\\\/www.organisator.ch\\\/#\\\/schema\\\/person\\\/aa2bace6c5c5aad60102004a50c4eb1c\",\"name\":\"admin\",\"image\":{\"@type\":\"ImageObject\",\"inLanguage\":\"en-US\",\"@id\":\"https:\\\/\\\/secure.gravatar.com\\\/avatar\\\/ae2f4d718e6c49043e314ce431e7e645d646302a24a5ef5a8bc8e3f5a032e319?s=96&d=mm&r=g\",\"url\":\"https:\\\/\\\/secure.gravatar.com\\\/avatar\\\/ae2f4d718e6c49043e314ce431e7e645d646302a24a5ef5a8bc8e3f5a032e319?s=96&d=mm&r=g\",\"contentUrl\":\"https:\\\/\\\/secure.gravatar.com\\\/avatar\\\/ae2f4d718e6c49043e314ce431e7e645d646302a24a5ef5a8bc8e3f5a032e319?s=96&d=mm&r=g\",\"caption\":\"admin\"},\"sameAs\":[\"https:\\\/\\\/www.organisator.ch\"],\"url\":\"https:\\\/\\\/www.organisator.ch\\\/en\\\/author\\\/admin\\\/\"}]}<\/script>\n<!-- \/ Yoast SEO plugin. -->","yoast_head_json":{"title":"New head of insurance department elected - organizer","description":"At its meeting on May 13, 2016, Suva's Administrative Committee elected Olivier Steiger as Head of the Underwriting Department.","robots":{"index":"index","follow":"follow","max-snippet":"max-snippet:-1","max-image-preview":"max-image-preview:large","max-video-preview":"max-video-preview:-1"},"canonical":"https:\/\/www.organisator.ch\/en\/general\/2016-05-18\/neuer-abteilungsleiter-versicherungstechnik-gewaehlt\/","og_locale":"en_US","og_type":"article","og_title":"Neuer Abteilungsleiter Versicherungstechnik gew\u00e4hlt","og_description":"Der Verwaltungsausschuss der Suva hat an seiner Sitzung vom 13. Mai 2016 Olivier Steiger zum Abteilungsleiter Versicherungstechnik gew\u00e4hlt. Olivier Steiger folgt auf Felix Jenni, der dem Unternehmen f\u00fcr Spezialaufgaben erhalten bleibt.","og_url":"https:\/\/www.organisator.ch\/en\/general\/2016-05-18\/neuer-abteilungsleiter-versicherungstechnik-gewaehlt\/","og_site_name":"Organisator","article_publisher":"https:\/\/www.facebook.com\/OrganisatorFachmagazin","article_published_time":"2016-05-18T09:15:24+00:00","author":"admin","twitter_card":"summary_large_image","twitter_image":"https:\/\/www.organisator.ch\/wp-content\/uploads\/2016\/12\/Neuer-Abteilungsleiter-Versicherungstechnik-gewaehlt-organisator.jpg","schema":{"@context":"https:\/\/schema.org","@graph":[{"@type":"Article","@id":"https:\/\/www.organisator.ch\/fr\/general\/2016-05-18\/neuer-abteilungsleiter-versicherungstechnik-gewaehlt\/#article","isPartOf":{"@id":"https:\/\/www.organisator.ch\/fr\/general\/2016-05-18\/neuer-abteilungsleiter-versicherungstechnik-gewaehlt\/"},"author":{"name":"admin","@id":"https:\/\/www.organisator.ch\/#\/schema\/person\/aa2bace6c5c5aad60102004a50c4eb1c"},"headline":"Neuer Abteilungsleiter Versicherungstechnik gew\u00e4hlt","datePublished":"2016-05-18T09:15:24+00:00","mainEntityOfPage":{"@id":"https:\/\/www.organisator.ch\/fr\/general\/2016-05-18\/neuer-abteilungsleiter-versicherungstechnik-gewaehlt\/"},"wordCount":139,"commentCount":0,"publisher":{"@id":"https:\/\/www.organisator.ch\/#organization"},"image":{"@id":"https:\/\/www.organisator.ch\/fr\/general\/2016-05-18\/neuer-abteilungsleiter-versicherungstechnik-gewaehlt\/#primaryimage"},"thumbnailUrl":"https:\/\/www.organisator.ch\/wp-content\/uploads\/2016\/12\/Neuer-Abteilungsleiter-Versicherungstechnik-gewaehlt-organisator.jpg","keywords":["Personalien"],"articleSection":["Allgemein"],"inLanguage":"en-US"},{"@type":"WebPage","@id":"https:\/\/www.organisator.ch\/fr\/general\/2016-05-18\/neuer-abteilungsleiter-versicherungstechnik-gewaehlt\/","url":"https:\/\/www.organisator.ch\/fr\/general\/2016-05-18\/neuer-abteilungsleiter-versicherungstechnik-gewaehlt\/","name":"New head of insurance department elected - organizer","isPartOf":{"@id":"https:\/\/www.organisator.ch\/#website"},"primaryImageOfPage":{"@id":"https:\/\/www.organisator.ch\/fr\/general\/2016-05-18\/neuer-abteilungsleiter-versicherungstechnik-gewaehlt\/#primaryimage"},"image":{"@id":"https:\/\/www.organisator.ch\/fr\/general\/2016-05-18\/neuer-abteilungsleiter-versicherungstechnik-gewaehlt\/#primaryimage"},"thumbnailUrl":"https:\/\/www.organisator.ch\/wp-content\/uploads\/2016\/12\/Neuer-Abteilungsleiter-Versicherungstechnik-gewaehlt-organisator.jpg","datePublished":"2016-05-18T09:15:24+00:00","description":"At its meeting on May 13, 2016, Suva's Administrative Committee elected Olivier Steiger as Head of the Underwriting Department.","breadcrumb":{"@id":"https:\/\/www.organisator.ch\/fr\/general\/2016-05-18\/neuer-abteilungsleiter-versicherungstechnik-gewaehlt\/#breadcrumb"},"inLanguage":"en-US","potentialAction":[{"@type":"ReadAction","target":["https:\/\/www.organisator.ch\/fr\/general\/2016-05-18\/neuer-abteilungsleiter-versicherungstechnik-gewaehlt\/"]}]},{"@type":"ImageObject","inLanguage":"en-US","@id":"https:\/\/www.organisator.ch\/fr\/general\/2016-05-18\/neuer-abteilungsleiter-versicherungstechnik-gewaehlt\/#primaryimage","url":"https:\/\/www.organisator.ch\/wp-content\/uploads\/2016\/12\/Neuer-Abteilungsleiter-Versicherungstechnik-gewaehlt-organisator.jpg","contentUrl":"https:\/\/www.organisator.ch\/wp-content\/uploads\/2016\/12\/Neuer-Abteilungsleiter-Versicherungstechnik-gewaehlt-organisator.jpg","width":578,"height":820,"caption":"Oliver Steiger, Abteilungsleiter Versicherungstechnik"},{"@type":"BreadcrumbList","@id":"https:\/\/www.organisator.ch\/fr\/general\/2016-05-18\/neuer-abteilungsleiter-versicherungstechnik-gewaehlt\/#breadcrumb","itemListElement":[{"@type":"ListItem","position":1,"name":"Home","item":"https:\/\/www.organisator.ch\/"},{"@type":"ListItem","position":2,"name":"Neuer Abteilungsleiter Versicherungstechnik gew\u00e4hlt"}]},{"@type":"WebSite","@id":"https:\/\/www.organisator.ch\/#website","url":"https:\/\/www.organisator.ch\/","name":"Organizer","description":"Competent. Practical. In 10 issues per year, ORGANISATOR presents the essential topics for managers of SMEs.","publisher":{"@id":"https:\/\/www.organisator.ch\/#organization"},"potentialAction":[{"@type":"SearchAction","target":{"@type":"EntryPoint","urlTemplate":"https:\/\/www.organisator.ch\/?s={search_term_string}"},"query-input":{"@type":"PropertyValueSpecification","valueRequired":true,"valueName":"search_term_string"}}],"inLanguage":"en-US"},{"@type":"Organization","@id":"https:\/\/www.organisator.ch\/#organization","name":"Organizer","url":"https:\/\/www.organisator.ch\/","logo":{"@type":"ImageObject","inLanguage":"en-US","@id":"https:\/\/www.organisator.ch\/#\/schema\/logo\/image\/","url":"https:\/\/www.organisator.ch\/wp-content\/uploads\/2022\/01\/Logo_Organisator_Website.png","contentUrl":"https:\/\/www.organisator.ch\/wp-content\/uploads\/2022\/01\/Logo_Organisator_Website.png","width":800,"height":77,"caption":"Organisator"},"image":{"@id":"https:\/\/www.organisator.ch\/#\/schema\/logo\/image\/"},"sameAs":["https:\/\/www.facebook.com\/OrganisatorFachmagazin","https:\/\/www.linkedin.com\/showcase\/organisator-das-magazin-fr-kmu","https:\/\/www.xing.com\/news\/pages\/organisator-ch-695","https:\/\/www.youtube.com\/channel\/UCGP2Sq0iWaZwT3BdIAQFYpw"]},{"@type":"Person","@id":"https:\/\/www.organisator.ch\/#\/schema\/person\/aa2bace6c5c5aad60102004a50c4eb1c","name":"admin","image":{"@type":"ImageObject","inLanguage":"en-US","@id":"https:\/\/secure.gravatar.com\/avatar\/ae2f4d718e6c49043e314ce431e7e645d646302a24a5ef5a8bc8e3f5a032e319?s=96&d=mm&r=g","url":"https:\/\/secure.gravatar.com\/avatar\/ae2f4d718e6c49043e314ce431e7e645d646302a24a5ef5a8bc8e3f5a032e319?s=96&d=mm&r=g","contentUrl":"https:\/\/secure.gravatar.com\/avatar\/ae2f4d718e6c49043e314ce431e7e645d646302a24a5ef5a8bc8e3f5a032e319?s=96&d=mm&r=g","caption":"admin"},"sameAs":["https:\/\/www.organisator.ch"],"url":"https:\/\/www.organisator.ch\/en\/author\/admin\/"}]}},"_links":{"self":[{"href":"https:\/\/www.organisator.ch\/en\/wp-json\/wp\/v2\/posts\/500","targetHints":{"allow":["GET"]}}],"collection":[{"href":"https:\/\/www.organisator.ch\/en\/wp-json\/wp\/v2\/posts"}],"about":[{"href":"https:\/\/www.organisator.ch\/en\/wp-json\/wp\/v2\/types\/post"}],"author":[{"embeddable":true,"href":"https:\/\/www.organisator.ch\/en\/wp-json\/wp\/v2\/users\/1"}],"replies":[{"embeddable":true,"href":"https:\/\/www.organisator.ch\/en\/wp-json\/wp\/v2\/comments?post=500"}],"version-history":[{"count":0,"href":"https:\/\/www.organisator.ch\/en\/wp-json\/wp\/v2\/posts\/500\/revisions"}],"wp:featuredmedia":[{"embeddable":true,"href":"https:\/\/www.organisator.ch\/en\/wp-json\/wp\/v2\/media\/501"}],"wp:attachment":[{"href":"https:\/\/www.organisator.ch\/en\/wp-json\/wp\/v2\/media?parent=500"}],"wp:term":[{"taxonomy":"category","embeddable":true,"href":"https:\/\/www.organisator.ch\/en\/wp-json\/wp\/v2\/categories?post=500"},{"taxonomy":"post_tag","embeddable":true,"href":"https:\/\/www.organisator.ch\/en\/wp-json\/wp\/v2\/tags?post=500"}],"curies":[{"name":"wp","href":"https:\/\/api.w.org\/{rel}","templated":true}]}}