{"id":5015,"date":"2019-03-14T08:33:16","date_gmt":"2019-03-14T07:33:16","guid":{"rendered":"https:\/\/www.organisator.ch\/?p=5015"},"modified":"2019-03-14T08:33:16","modified_gmt":"2019-03-14T07:33:16","slug":"asic-robotics-gewinnt-den-prix-svc-espace-mittelland-2019","status":"publish","type":"post","link":"https:\/\/www.organisator.ch\/en\/management\/2019-03-14\/asic-robotics-gewinnt-den-prix-svc-espace-mittelland-2019\/","title":{"rendered":"Asic Robotics wins the Prix SVC Espace Mittelland 2019"},"content":{"rendered":"<figure id=\"attachment_5016\" aria-describedby=\"caption-attachment-5016\" style=\"width: 680px\" class=\"wp-caption alignnone\"><img loading=\"lazy\" decoding=\"async\" class=\"size-medium wp-image-5016\" src=\"https:\/\/www.organisator.ch\/wp-content\/uploads\/2019\/03\/Asic-Robotics-gewinnt-den-Prix-SVC-Espace-Mittelland-2019_Organisator.jpg\" alt=\"\" width=\"680\" height=\"453\" srcset=\"https:\/\/www.organisator.ch\/wp-content\/uploads\/2019\/03\/Asic-Robotics-gewinnt-den-Prix-SVC-Espace-Mittelland-2019_Organisator.jpg 680w, https:\/\/www.organisator.ch\/wp-content\/uploads\/2019\/03\/Asic-Robotics-gewinnt-den-Prix-SVC-Espace-Mittelland-2019_Organisator-16x12.jpg 16w, https:\/\/www.organisator.ch\/wp-content\/uploads\/2019\/03\/Asic-Robotics-gewinnt-den-Prix-SVC-Espace-Mittelland-2019_Organisator-263x175.jpg 263w, https:\/\/www.organisator.ch\/wp-content\/uploads\/2019\/03\/Asic-Robotics-gewinnt-den-Prix-SVC-Espace-Mittelland-2019_Organisator-525x350.jpg 525w, https:\/\/www.organisator.ch\/wp-content\/uploads\/2019\/03\/Asic-Robotics-gewinnt-den-Prix-SVC-Espace-Mittelland-2019_Organisator-300x200.jpg 300w\" sizes=\"auto, (max-width: 680px) 100vw, 680px\" \/><figcaption id=\"caption-attachment-5016\" class=\"wp-caption-text\">The winner of the Prix SVC Espace Mittelland, Asic Robotics AG, Milo Gasser (CEO), is happy about the first prize during the award ceremony in the Kursaal Bern. (Image: PPR\/Manuel Lopez)<\/figcaption><\/figure>\n<p>Every two years, the Swiss Venture Club, a non-profit association for the promotion and support of SMEs in Switzerland, awards the Prix SVC entrepreneurship prize in various regions. On March 13, 2019, it was that time again in the Espace Mittelland region: six companies were in the final for the award and were able to present themselves to 1400 guests. Beforehand, they had prevailed in a multi-stage nomination process against 200 companies in the region.\u00a0<span style=\"display: inline !important; float: none; background-color: transparent; color: #333333; cursor: text; font-family: Georgia,'Times New Roman','Bitstream Charter',Times,serif; font-size: 16px; font-style: normal; font-variant: normal; font-weight: 400; letter-spacing: normal; orphans: 2; text-align: left; text-decoration: none; text-indent: 0px; text-transform: none; -webkit-text-stroke-width: 0px; white-space: normal; word-spacing: 0px;\">The award ceremony in the Kursaal Bern was hosted by Patrick Rohr.<\/span><\/p>\n<h2>Asic Robotics makes the running<\/h2>\n<p>First place went to the Burgdorf-based company Asic Robotics AG, led by CEO Milo Gasser. The company convinced the 16-member jury of experts in every respect. Thanks to its consistent focus on the exact needs of its customers, the company is now a leader in the field of automation solutions for all industries. From the idea, through conceptual design, to execution and commissioning, everything is carried out at the Burgdorf site. In his laudatory speech, jury president Walter Steinlin praised: \"Asic Robotics has an exceptionally structured value proposition: the high-tech robots are supported from the initial contact to delivery and commissioning by the same project manager, who can rely on a consistently customer-oriented and operational workforce. This may sound simple, but it is a masterpiece of holistic management. Asic is thus sustainably and above-averagely successful.\" Asic Robotics employs 90 people. Milo Gasser is convinced that robotics in particular can contribute a great deal to maintaining Switzerland as a center of industry. Thanks to a high level of automation, industrial companies can continue to produce at competitive conditions in the future - and preserve jobs that would otherwise be lost due to production relocations.<\/p>\n<h2>Second and third place for Romantik Hotel Hornberg and Polydec SA<\/h2>\n<p>Second place goes to the Romantik Hotel Hornberg in Saanenm\u00f6ser-Gstaad. Jury president Walter Steinlin emphasized in his laudation: \"The managing couple Brigitte and Christian Hoefliger-von Siebenthal has created a strong brand with professional competence, focus on customer satisfaction, professional, prudent analysis of the market, continuous investment in infrastructure and personal enthusiasm and can thus hold its ground very successfully in a highly competitive market.\" Romantik Hotel Hornberg was founded in 1936 as a family business and employs 53 people.<br \/>\nThird place was awarded to the Biel-based company Polydec SA. Polydec SA is one of the world's leading suppliers of micro-turned parts. The company produces around half a billion high-precision parts per year for customers in the automotive, watchmaking, electrical and medical technology industries. Polydec was founded in 1985 by Claude and Jean-Fran\u00e7ois Konrad. Since January 2019, Polydec SA has been led by CEO Pascal Barbezat and employs 70 people.<\/p>\n<h2>Other exemplary award winners<\/h2>\n<p>Other award winners of the evening are Domicil Bern AG, a leader in long-term care for senior citizens in the canton of Bern, the spirits producer Matter-Luginb\u00fchl AG, and Schneeberger AG Lineartechnik, a specialist in the field of linear technology. Roland Schaller, SVC Regional Manager Espace Mittelland, emphasizes: \"We honor companies that belong to Switzerland's SME elite. Our focus is on exemplary companies that create jobs and help shape the Swiss economy. With the Prix SVC, we offer these companies a platform to showcase their success to the outside world. Last but not least, the attention that our award winners receive through the Prix SVC should also be an incentive for other companies.\"<\/p>\n<p><em><a href=\"http:\/\/www.swiss-venture-club.ch\">www.swiss-venture-club.ch<\/a><\/em><\/p>","protected":false},"excerpt":{"rendered":"<p>Alle zwei Jahre verleiht der Swiss Venture Club, ein non-profit-orientierter Verein zur F\u00f6rderung und Unterst\u00fctzung von KMU in der Schweiz, in verschiedenen Regionen den Unternehmerpreis Prix SVC. Am 13. M\u00e4rz 2019 war es in der Region Espace Mittelland wieder einmal soweit: Sechs Unternehmen standen im Final f\u00fcr die Auszeichnung und konnten sich 1400 G\u00e4sten pr\u00e4sentieren. [&hellip;]<\/p>\n","protected":false},"author":4,"featured_media":5016,"comment_status":"open","ping_status":"open","sticky":false,"template":"","format":"standard","meta":{"_acf_changed":false,"_yoast_wpseo_focuskw":"Asic Robotics","_yoast_wpseo_metadesc":"Die Gewinnerin des Prix SVC Espace Mittelland 2019 ist die Asic Robotics AG aus Burgdorf, Spezialistin von Roboteranlagen f\u00fcr unterschiedlichste Branchen.","articlekey":"","footnotes":""},"categories":[28],"tags":[66,335,390,492],"class_list":["post-5015","post","type-post","status-publish","format-standard","has-post-thumbnail","hentry","category-management","tag-awards","tag-management-und-unternehmensfuehrung","tag-prix-svc","tag-unternehmen"],"acf":[],"yoast_head":"<!-- This site is optimized with the Yoast SEO plugin v27.5 - https:\/\/yoast.com\/product\/yoast-seo-wordpress\/ -->\n<title>Asic Robotics gewinnt den Prix SVC Espace Mittelland 2019 - Organisator<\/title>\n<meta name=\"description\" content=\"Die Gewinnerin des Prix SVC Espace Mittelland 2019 ist die Asic Robotics AG aus Burgdorf, Spezialistin von Roboteranlagen f\u00fcr unterschiedlichste Branchen.\" \/>\n<meta name=\"robots\" content=\"index, follow, max-snippet:-1, max-image-preview:large, max-video-preview:-1\" \/>\n<link rel=\"canonical\" href=\"https:\/\/www.organisator.ch\/en\/management\/2019-03-14\/asic-robotics-gewinnt-den-prix-svc-espace-mittelland-2019\/\" \/>\n<meta property=\"og:locale\" content=\"en_US\" \/>\n<meta property=\"og:type\" content=\"article\" \/>\n<meta property=\"og:title\" content=\"Asic Robotics gewinnt den Prix SVC Espace Mittelland 2019\" \/>\n<meta property=\"og:description\" content=\"Die Gewinnerin des Prix SVC Espace Mittelland 2019 ist die Asic Robotics AG aus Burgdorf, Spezialistin von Roboteranlagen f\u00fcr unterschiedlichste Branchen.\" \/>\n<meta property=\"og:url\" content=\"https:\/\/www.organisator.ch\/en\/management\/2019-03-14\/asic-robotics-gewinnt-den-prix-svc-espace-mittelland-2019\/\" \/>\n<meta property=\"og:site_name\" content=\"Organisator\" \/>\n<meta property=\"article:publisher\" content=\"https:\/\/www.facebook.com\/OrganisatorFachmagazin\" \/>\n<meta property=\"article:published_time\" content=\"2019-03-14T07:33:16+00:00\" \/>\n<meta property=\"og:image\" content=\"https:\/\/www.organisator.ch\/wp-content\/uploads\/2019\/03\/Asic-Robotics-gewinnt-den-Prix-SVC-Espace-Mittelland-2019_Organisator.jpg\" \/>\n\t<meta property=\"og:image:width\" content=\"680\" \/>\n\t<meta property=\"og:image:height\" content=\"453\" \/>\n\t<meta property=\"og:image:type\" content=\"image\/jpeg\" \/>\n<meta name=\"author\" content=\"thomas.berner\" \/>\n<meta name=\"twitter:card\" content=\"summary_large_image\" \/>\n<meta name=\"twitter:title\" content=\"#AsicRobotics gewinnt den Prix #SVC Espace Mittelland 2019\" \/>\n<meta name=\"twitter:description\" content=\"Die Gewinnerin des Prix #SVC Espace Mittelland 2019 ist die #AsicRobotics AG aus Burgdorf, Spezialistin von Roboteranlagen f\u00fcr unterschiedlichste Branchen.\" \/>\n<meta name=\"twitter:image\" content=\"https:\/\/www.organisator.ch\/wp-content\/uploads\/2019\/03\/Asic-Robotics-gewinnt-den-Prix-SVC-Espace-Mittelland-2019_Organisator.jpg\" \/>\n<script type=\"application\/ld+json\" class=\"yoast-schema-graph\">{\"@context\":\"https:\\\/\\\/schema.org\",\"@graph\":[{\"@type\":\"Article\",\"@id\":\"https:\\\/\\\/www.organisator.ch\\\/management\\\/2019-03-14\\\/asic-robotics-gewinnt-den-prix-svc-espace-mittelland-2019\\\/#article\",\"isPartOf\":{\"@id\":\"https:\\\/\\\/www.organisator.ch\\\/management\\\/2019-03-14\\\/asic-robotics-gewinnt-den-prix-svc-espace-mittelland-2019\\\/\"},\"author\":{\"name\":\"thomas.berner\",\"@id\":\"https:\\\/\\\/www.organisator.ch\\\/#\\\/schema\\\/person\\\/6f650f90b2842cd4c0cc334b4e36f67e\"},\"headline\":\"Asic Robotics gewinnt den Prix SVC Espace Mittelland 2019\",\"datePublished\":\"2019-03-14T07:33:16+00:00\",\"mainEntityOfPage\":{\"@id\":\"https:\\\/\\\/www.organisator.ch\\\/management\\\/2019-03-14\\\/asic-robotics-gewinnt-den-prix-svc-espace-mittelland-2019\\\/\"},\"wordCount\":597,\"commentCount\":0,\"publisher\":{\"@id\":\"https:\\\/\\\/www.organisator.ch\\\/#organization\"},\"image\":{\"@id\":\"https:\\\/\\\/www.organisator.ch\\\/management\\\/2019-03-14\\\/asic-robotics-gewinnt-den-prix-svc-espace-mittelland-2019\\\/#primaryimage\"},\"thumbnailUrl\":\"https:\\\/\\\/www.organisator.ch\\\/wp-content\\\/uploads\\\/2019\\\/03\\\/Asic-Robotics-gewinnt-den-Prix-SVC-Espace-Mittelland-2019_Organisator.jpg\",\"keywords\":[\"Awards\",\"Management und Unternehmensf\u00fchrung\",\"Prix SVC\",\"Unternehmen\"],\"articleSection\":[\"MANAGEMENT\"],\"inLanguage\":\"en-US\"},{\"@type\":\"WebPage\",\"@id\":\"https:\\\/\\\/www.organisator.ch\\\/management\\\/2019-03-14\\\/asic-robotics-gewinnt-den-prix-svc-espace-mittelland-2019\\\/\",\"url\":\"https:\\\/\\\/www.organisator.ch\\\/management\\\/2019-03-14\\\/asic-robotics-gewinnt-den-prix-svc-espace-mittelland-2019\\\/\",\"name\":\"Asic Robotics gewinnt den Prix SVC Espace Mittelland 2019 - Organisator\",\"isPartOf\":{\"@id\":\"https:\\\/\\\/www.organisator.ch\\\/#website\"},\"primaryImageOfPage\":{\"@id\":\"https:\\\/\\\/www.organisator.ch\\\/management\\\/2019-03-14\\\/asic-robotics-gewinnt-den-prix-svc-espace-mittelland-2019\\\/#primaryimage\"},\"image\":{\"@id\":\"https:\\\/\\\/www.organisator.ch\\\/management\\\/2019-03-14\\\/asic-robotics-gewinnt-den-prix-svc-espace-mittelland-2019\\\/#primaryimage\"},\"thumbnailUrl\":\"https:\\\/\\\/www.organisator.ch\\\/wp-content\\\/uploads\\\/2019\\\/03\\\/Asic-Robotics-gewinnt-den-Prix-SVC-Espace-Mittelland-2019_Organisator.jpg\",\"datePublished\":\"2019-03-14T07:33:16+00:00\",\"description\":\"Die Gewinnerin des Prix SVC Espace Mittelland 2019 ist die Asic Robotics AG aus Burgdorf, Spezialistin von Roboteranlagen f\u00fcr unterschiedlichste Branchen.\",\"breadcrumb\":{\"@id\":\"https:\\\/\\\/www.organisator.ch\\\/management\\\/2019-03-14\\\/asic-robotics-gewinnt-den-prix-svc-espace-mittelland-2019\\\/#breadcrumb\"},\"inLanguage\":\"en-US\",\"potentialAction\":[{\"@type\":\"ReadAction\",\"target\":[\"https:\\\/\\\/www.organisator.ch\\\/management\\\/2019-03-14\\\/asic-robotics-gewinnt-den-prix-svc-espace-mittelland-2019\\\/\"]}]},{\"@type\":\"ImageObject\",\"inLanguage\":\"en-US\",\"@id\":\"https:\\\/\\\/www.organisator.ch\\\/management\\\/2019-03-14\\\/asic-robotics-gewinnt-den-prix-svc-espace-mittelland-2019\\\/#primaryimage\",\"url\":\"https:\\\/\\\/www.organisator.ch\\\/wp-content\\\/uploads\\\/2019\\\/03\\\/Asic-Robotics-gewinnt-den-Prix-SVC-Espace-Mittelland-2019_Organisator.jpg\",\"contentUrl\":\"https:\\\/\\\/www.organisator.ch\\\/wp-content\\\/uploads\\\/2019\\\/03\\\/Asic-Robotics-gewinnt-den-Prix-SVC-Espace-Mittelland-2019_Organisator.jpg\",\"width\":680,\"height\":453,\"caption\":\"Der Gewinner des Prix SVC Espace Mittelland, Asic Robotics AG, Milo Gasser (CEO), freut sich \u00fcber den ersten Preis w\u00e4hrend der Preisverleihungim Kursaal Bern. (Bild: PPR\\\/Manuel Lopez)\"},{\"@type\":\"BreadcrumbList\",\"@id\":\"https:\\\/\\\/www.organisator.ch\\\/management\\\/2019-03-14\\\/asic-robotics-gewinnt-den-prix-svc-espace-mittelland-2019\\\/#breadcrumb\",\"itemListElement\":[{\"@type\":\"ListItem\",\"position\":1,\"name\":\"Home\",\"item\":\"https:\\\/\\\/www.organisator.ch\\\/\"},{\"@type\":\"ListItem\",\"position\":2,\"name\":\"Asic Robotics gewinnt den Prix SVC Espace Mittelland 2019\"}]},{\"@type\":\"WebSite\",\"@id\":\"https:\\\/\\\/www.organisator.ch\\\/#website\",\"url\":\"https:\\\/\\\/www.organisator.ch\\\/\",\"name\":\"Organisator\",\"description\":\"Kompetent. Praxisnah. Der ORGANISATOR bereitet in 10 Ausgaben pro Jahr die wesentlichen Themen f\u00fcr F\u00fchrungskr\u00e4fte von KMU auf.\",\"publisher\":{\"@id\":\"https:\\\/\\\/www.organisator.ch\\\/#organization\"},\"potentialAction\":[{\"@type\":\"SearchAction\",\"target\":{\"@type\":\"EntryPoint\",\"urlTemplate\":\"https:\\\/\\\/www.organisator.ch\\\/?s={search_term_string}\"},\"query-input\":{\"@type\":\"PropertyValueSpecification\",\"valueRequired\":true,\"valueName\":\"search_term_string\"}}],\"inLanguage\":\"en-US\"},{\"@type\":\"Organization\",\"@id\":\"https:\\\/\\\/www.organisator.ch\\\/#organization\",\"name\":\"Organisator\",\"url\":\"https:\\\/\\\/www.organisator.ch\\\/\",\"logo\":{\"@type\":\"ImageObject\",\"inLanguage\":\"en-US\",\"@id\":\"https:\\\/\\\/www.organisator.ch\\\/#\\\/schema\\\/logo\\\/image\\\/\",\"url\":\"https:\\\/\\\/www.organisator.ch\\\/wp-content\\\/uploads\\\/2022\\\/01\\\/Logo_Organisator_Website.png\",\"contentUrl\":\"https:\\\/\\\/www.organisator.ch\\\/wp-content\\\/uploads\\\/2022\\\/01\\\/Logo_Organisator_Website.png\",\"width\":800,\"height\":77,\"caption\":\"Organisator\"},\"image\":{\"@id\":\"https:\\\/\\\/www.organisator.ch\\\/#\\\/schema\\\/logo\\\/image\\\/\"},\"sameAs\":[\"https:\\\/\\\/www.facebook.com\\\/OrganisatorFachmagazin\",\"https:\\\/\\\/www.linkedin.com\\\/showcase\\\/organisator-das-magazin-fr-kmu\",\"https:\\\/\\\/www.xing.com\\\/news\\\/pages\\\/organisator-ch-695\",\"https:\\\/\\\/www.youtube.com\\\/channel\\\/UCGP2Sq0iWaZwT3BdIAQFYpw\"]},{\"@type\":\"Person\",\"@id\":\"https:\\\/\\\/www.organisator.ch\\\/#\\\/schema\\\/person\\\/6f650f90b2842cd4c0cc334b4e36f67e\",\"name\":\"thomas.berner\",\"image\":{\"@type\":\"ImageObject\",\"inLanguage\":\"en-US\",\"@id\":\"https:\\\/\\\/secure.gravatar.com\\\/avatar\\\/ac5001d2a36cb6c6cd3e50789007ffca834b477b74a2144564522e944eabff61?s=96&d=mm&r=g\",\"url\":\"https:\\\/\\\/secure.gravatar.com\\\/avatar\\\/ac5001d2a36cb6c6cd3e50789007ffca834b477b74a2144564522e944eabff61?s=96&d=mm&r=g\",\"contentUrl\":\"https:\\\/\\\/secure.gravatar.com\\\/avatar\\\/ac5001d2a36cb6c6cd3e50789007ffca834b477b74a2144564522e944eabff61?s=96&d=mm&r=g\",\"caption\":\"thomas.berner\"},\"url\":\"https:\\\/\\\/www.organisator.ch\\\/en\\\/author\\\/thomas-berner\\\/\"}]}<\/script>\n<!-- \/ Yoast SEO plugin. -->","yoast_head_json":{"title":"Asic Robotics wins the Prix SVC Espace Mittelland 2019 - Organizer","description":"The winner of the Prix SVC Espace Mittelland 2019 is Asic Robotics AG from Burgdorf, a specialist in robotic systems for a wide range of industries.","robots":{"index":"index","follow":"follow","max-snippet":"max-snippet:-1","max-image-preview":"max-image-preview:large","max-video-preview":"max-video-preview:-1"},"canonical":"https:\/\/www.organisator.ch\/en\/management\/2019-03-14\/asic-robotics-gewinnt-den-prix-svc-espace-mittelland-2019\/","og_locale":"en_US","og_type":"article","og_title":"Asic Robotics gewinnt den Prix SVC Espace Mittelland 2019","og_description":"Die Gewinnerin des Prix SVC Espace Mittelland 2019 ist die Asic Robotics AG aus Burgdorf, Spezialistin von Roboteranlagen f\u00fcr unterschiedlichste Branchen.","og_url":"https:\/\/www.organisator.ch\/en\/management\/2019-03-14\/asic-robotics-gewinnt-den-prix-svc-espace-mittelland-2019\/","og_site_name":"Organisator","article_publisher":"https:\/\/www.facebook.com\/OrganisatorFachmagazin","article_published_time":"2019-03-14T07:33:16+00:00","og_image":[{"width":680,"height":453,"url":"https:\/\/www.organisator.ch\/wp-content\/uploads\/2019\/03\/Asic-Robotics-gewinnt-den-Prix-SVC-Espace-Mittelland-2019_Organisator.jpg","type":"image\/jpeg"}],"author":"thomas.berner","twitter_card":"summary_large_image","twitter_title":"#AsicRobotics gewinnt den Prix #SVC Espace Mittelland 2019","twitter_description":"Die Gewinnerin des Prix #SVC Espace Mittelland 2019 ist die #AsicRobotics AG aus Burgdorf, Spezialistin von Roboteranlagen f\u00fcr unterschiedlichste Branchen.","twitter_image":"https:\/\/www.organisator.ch\/wp-content\/uploads\/2019\/03\/Asic-Robotics-gewinnt-den-Prix-SVC-Espace-Mittelland-2019_Organisator.jpg","schema":{"@context":"https:\/\/schema.org","@graph":[{"@type":"Article","@id":"https:\/\/www.organisator.ch\/management\/2019-03-14\/asic-robotics-gewinnt-den-prix-svc-espace-mittelland-2019\/#article","isPartOf":{"@id":"https:\/\/www.organisator.ch\/management\/2019-03-14\/asic-robotics-gewinnt-den-prix-svc-espace-mittelland-2019\/"},"author":{"name":"thomas.berner","@id":"https:\/\/www.organisator.ch\/#\/schema\/person\/6f650f90b2842cd4c0cc334b4e36f67e"},"headline":"Asic Robotics gewinnt den Prix SVC Espace Mittelland 2019","datePublished":"2019-03-14T07:33:16+00:00","mainEntityOfPage":{"@id":"https:\/\/www.organisator.ch\/management\/2019-03-14\/asic-robotics-gewinnt-den-prix-svc-espace-mittelland-2019\/"},"wordCount":597,"commentCount":0,"publisher":{"@id":"https:\/\/www.organisator.ch\/#organization"},"image":{"@id":"https:\/\/www.organisator.ch\/management\/2019-03-14\/asic-robotics-gewinnt-den-prix-svc-espace-mittelland-2019\/#primaryimage"},"thumbnailUrl":"https:\/\/www.organisator.ch\/wp-content\/uploads\/2019\/03\/Asic-Robotics-gewinnt-den-Prix-SVC-Espace-Mittelland-2019_Organisator.jpg","keywords":["Awards","Management und Unternehmensf\u00fchrung","Prix SVC","Unternehmen"],"articleSection":["MANAGEMENT"],"inLanguage":"en-US"},{"@type":"WebPage","@id":"https:\/\/www.organisator.ch\/management\/2019-03-14\/asic-robotics-gewinnt-den-prix-svc-espace-mittelland-2019\/","url":"https:\/\/www.organisator.ch\/management\/2019-03-14\/asic-robotics-gewinnt-den-prix-svc-espace-mittelland-2019\/","name":"Asic Robotics wins the Prix SVC Espace Mittelland 2019 - Organizer","isPartOf":{"@id":"https:\/\/www.organisator.ch\/#website"},"primaryImageOfPage":{"@id":"https:\/\/www.organisator.ch\/management\/2019-03-14\/asic-robotics-gewinnt-den-prix-svc-espace-mittelland-2019\/#primaryimage"},"image":{"@id":"https:\/\/www.organisator.ch\/management\/2019-03-14\/asic-robotics-gewinnt-den-prix-svc-espace-mittelland-2019\/#primaryimage"},"thumbnailUrl":"https:\/\/www.organisator.ch\/wp-content\/uploads\/2019\/03\/Asic-Robotics-gewinnt-den-Prix-SVC-Espace-Mittelland-2019_Organisator.jpg","datePublished":"2019-03-14T07:33:16+00:00","description":"The winner of the Prix SVC Espace Mittelland 2019 is Asic Robotics AG from Burgdorf, a specialist in robotic systems for a wide range of industries.","breadcrumb":{"@id":"https:\/\/www.organisator.ch\/management\/2019-03-14\/asic-robotics-gewinnt-den-prix-svc-espace-mittelland-2019\/#breadcrumb"},"inLanguage":"en-US","potentialAction":[{"@type":"ReadAction","target":["https:\/\/www.organisator.ch\/management\/2019-03-14\/asic-robotics-gewinnt-den-prix-svc-espace-mittelland-2019\/"]}]},{"@type":"ImageObject","inLanguage":"en-US","@id":"https:\/\/www.organisator.ch\/management\/2019-03-14\/asic-robotics-gewinnt-den-prix-svc-espace-mittelland-2019\/#primaryimage","url":"https:\/\/www.organisator.ch\/wp-content\/uploads\/2019\/03\/Asic-Robotics-gewinnt-den-Prix-SVC-Espace-Mittelland-2019_Organisator.jpg","contentUrl":"https:\/\/www.organisator.ch\/wp-content\/uploads\/2019\/03\/Asic-Robotics-gewinnt-den-Prix-SVC-Espace-Mittelland-2019_Organisator.jpg","width":680,"height":453,"caption":"Der Gewinner des Prix SVC Espace Mittelland, Asic Robotics AG, Milo Gasser (CEO), freut sich \u00fcber den ersten Preis w\u00e4hrend der Preisverleihungim Kursaal Bern. (Bild: PPR\/Manuel Lopez)"},{"@type":"BreadcrumbList","@id":"https:\/\/www.organisator.ch\/management\/2019-03-14\/asic-robotics-gewinnt-den-prix-svc-espace-mittelland-2019\/#breadcrumb","itemListElement":[{"@type":"ListItem","position":1,"name":"Home","item":"https:\/\/www.organisator.ch\/"},{"@type":"ListItem","position":2,"name":"Asic Robotics gewinnt den Prix SVC Espace Mittelland 2019"}]},{"@type":"WebSite","@id":"https:\/\/www.organisator.ch\/#website","url":"https:\/\/www.organisator.ch\/","name":"Organizer","description":"Competent. Practical. In 10 issues per year, ORGANISATOR presents the essential topics for managers of SMEs.","publisher":{"@id":"https:\/\/www.organisator.ch\/#organization"},"potentialAction":[{"@type":"SearchAction","target":{"@type":"EntryPoint","urlTemplate":"https:\/\/www.organisator.ch\/?s={search_term_string}"},"query-input":{"@type":"PropertyValueSpecification","valueRequired":true,"valueName":"search_term_string"}}],"inLanguage":"en-US"},{"@type":"Organization","@id":"https:\/\/www.organisator.ch\/#organization","name":"Organizer","url":"https:\/\/www.organisator.ch\/","logo":{"@type":"ImageObject","inLanguage":"en-US","@id":"https:\/\/www.organisator.ch\/#\/schema\/logo\/image\/","url":"https:\/\/www.organisator.ch\/wp-content\/uploads\/2022\/01\/Logo_Organisator_Website.png","contentUrl":"https:\/\/www.organisator.ch\/wp-content\/uploads\/2022\/01\/Logo_Organisator_Website.png","width":800,"height":77,"caption":"Organisator"},"image":{"@id":"https:\/\/www.organisator.ch\/#\/schema\/logo\/image\/"},"sameAs":["https:\/\/www.facebook.com\/OrganisatorFachmagazin","https:\/\/www.linkedin.com\/showcase\/organisator-das-magazin-fr-kmu","https:\/\/www.xing.com\/news\/pages\/organisator-ch-695","https:\/\/www.youtube.com\/channel\/UCGP2Sq0iWaZwT3BdIAQFYpw"]},{"@type":"Person","@id":"https:\/\/www.organisator.ch\/#\/schema\/person\/6f650f90b2842cd4c0cc334b4e36f67e","name":"thomas.berner","image":{"@type":"ImageObject","inLanguage":"en-US","@id":"https:\/\/secure.gravatar.com\/avatar\/ac5001d2a36cb6c6cd3e50789007ffca834b477b74a2144564522e944eabff61?s=96&d=mm&r=g","url":"https:\/\/secure.gravatar.com\/avatar\/ac5001d2a36cb6c6cd3e50789007ffca834b477b74a2144564522e944eabff61?s=96&d=mm&r=g","contentUrl":"https:\/\/secure.gravatar.com\/avatar\/ac5001d2a36cb6c6cd3e50789007ffca834b477b74a2144564522e944eabff61?s=96&d=mm&r=g","caption":"thomas.berner"},"url":"https:\/\/www.organisator.ch\/en\/author\/thomas-berner\/"}]}},"_links":{"self":[{"href":"https:\/\/www.organisator.ch\/en\/wp-json\/wp\/v2\/posts\/5015","targetHints":{"allow":["GET"]}}],"collection":[{"href":"https:\/\/www.organisator.ch\/en\/wp-json\/wp\/v2\/posts"}],"about":[{"href":"https:\/\/www.organisator.ch\/en\/wp-json\/wp\/v2\/types\/post"}],"author":[{"embeddable":true,"href":"https:\/\/www.organisator.ch\/en\/wp-json\/wp\/v2\/users\/4"}],"replies":[{"embeddable":true,"href":"https:\/\/www.organisator.ch\/en\/wp-json\/wp\/v2\/comments?post=5015"}],"version-history":[{"count":0,"href":"https:\/\/www.organisator.ch\/en\/wp-json\/wp\/v2\/posts\/5015\/revisions"}],"wp:featuredmedia":[{"embeddable":true,"href":"https:\/\/www.organisator.ch\/en\/wp-json\/wp\/v2\/media\/5016"}],"wp:attachment":[{"href":"https:\/\/www.organisator.ch\/en\/wp-json\/wp\/v2\/media?parent=5015"}],"wp:term":[{"taxonomy":"category","embeddable":true,"href":"https:\/\/www.organisator.ch\/en\/wp-json\/wp\/v2\/categories?post=5015"},{"taxonomy":"post_tag","embeddable":true,"href":"https:\/\/www.organisator.ch\/en\/wp-json\/wp\/v2\/tags?post=5015"}],"curies":[{"name":"wp","href":"https:\/\/api.w.org\/{rel}","templated":true}]}}