{"id":5045,"date":"2019-03-20T13:21:03","date_gmt":"2019-03-20T12:21:03","guid":{"rendered":"https:\/\/www.organisator.ch\/?p=5045"},"modified":"2019-03-20T13:21:03","modified_gmt":"2019-03-20T12:21:03","slug":"neues-praesidium-bei-perikom","status":"publish","type":"post","link":"https:\/\/www.organisator.ch\/en\/human-resources\/hrm\/2019-03-20\/neues-praesidium-bei-perikom\/","title":{"rendered":"New Presidium at Perikom"},"content":{"rendered":"<figure id=\"attachment_5046\" aria-describedby=\"caption-attachment-5046\" style=\"width: 680px\" class=\"wp-caption alignnone\"><img loading=\"lazy\" decoding=\"async\" class=\"size-medium wp-image-5046\" src=\"https:\/\/www.organisator.ch\/wp-content\/uploads\/2019\/03\/Neues-Praesidium-bei-Perikom_Organisator.jpg\" alt=\"\" width=\"680\" height=\"395\" srcset=\"https:\/\/www.organisator.ch\/wp-content\/uploads\/2019\/03\/Neues-Praesidium-bei-Perikom_Organisator.jpg 680w, https:\/\/www.organisator.ch\/wp-content\/uploads\/2019\/03\/Neues-Praesidium-bei-Perikom_Organisator-16x9.jpg 16w, https:\/\/www.organisator.ch\/wp-content\/uploads\/2019\/03\/Neues-Praesidium-bei-Perikom_Organisator-301x175.jpg 301w, https:\/\/www.organisator.ch\/wp-content\/uploads\/2019\/03\/Neues-Praesidium-bei-Perikom_Organisator-603x350.jpg 603w, https:\/\/www.organisator.ch\/wp-content\/uploads\/2019\/03\/Neues-Praesidium-bei-Perikom_Organisator-300x174.jpg 300w\" sizes=\"auto, (max-width: 680px) 100vw, 680px\" \/><figcaption id=\"caption-attachment-5046\" class=\"wp-caption-text\">Cyril Meier is the new president of Perikom. (Image: zVg)<\/figcaption><\/figure>\n<p>Perikom, the professional association for human resources management and internal communication, unanimously elected Cyril Meier as its new president at its general meeting on March 19, 2019. He replaces Matthias M\u00f6lleney, Managing Director PeopleXpert, President ZGP and Head of the Center for Human Resources Management &amp; Leadership at the HWZ Hochschule f\u00fcr Wirtschaft Z\u00fcrich. The board thanked Matthias M\u00f6lleney, who remains on the board, for his great services as founding president of Perikom. Dr. Barbara Aeschlimann, Managing Director of ZGP Zurich Society for Human Resources Management, was also elected as a new member of the Board.<\/p>\n<p>Cyril Meier, the new Perikom President, has been working at the HWZ Hochschule f\u00fcr Wirtschaft Z\u00fcrich since 2003, today as Head of Special Projects, and before that as a member of the Executive Board until 2017. During this time, he built up the Center for Communications with its more than 700 students, including the Bachelor's degree program in Communications as well as the Master of Advanced Studies in Business Communications, and also initiated the university's first digital continuing education courses, among other things. Before moving into education, Meier was, among other things, Chief Communications Officer (CCO) of the Sulzer Group as well as a consultant and team leader at Farner Consulting. Thus, he knows from practice and teaching the challenges of goal-oriented collaboration across functional boundaries.<\/p>\n<p>\"Any organization cannot survive the digital transformation without strategies and technologies,\" says Meier. But it certainly can't happen without a coherent culture, and certainly not without employees. To this end, Perikom intends to continue making valuable interdisciplinary and practice-oriented contributions.\" The Perikom association regularly organizes events for communication and HR experts. Other areas of activity include the development of continuing education programs, the initiation and support of research and studies on the topic of internal communications, and an annual Swiss HR\/Internal Communications Conference. The next time on May 23, 2019, on the topic of \"Leadership and communication: difficult new world\".<\/p>\n<p><a href=\"http:\/\/www.perikom.ch\"><em>More information<\/em><\/a><\/p>","protected":false},"excerpt":{"rendered":"<p>Perikom, der Fachverein f\u00fcr Personalmanagement und Interne Kommunikation, w\u00e4hlte an seiner Generalversammlung vom 19. M\u00e4rz 2019 Cyril Meier einstimmig zum neuen Pr\u00e4sidenten. Er l\u00f6st Matthias M\u00f6lleney ab, Gesch\u00e4ftsf\u00fchrer PeopleXpert, Pr\u00e4sident ZGP und Leiter des Centers for Human Resources Management &amp; Leadership an der HWZ Hochschule f\u00fcr Wirtschaft Z\u00fcrich. Der Vorstand dankte Matthias M\u00f6lleney, der im [&hellip;]<\/p>\n","protected":false},"author":4,"featured_media":5046,"comment_status":"open","ping_status":"open","sticky":false,"template":"","format":"standard","meta":{"_acf_changed":false,"_yoast_wpseo_focuskw":"Perikom","_yoast_wpseo_metadesc":"Die Generalversammlung des Vereins Perikom w\u00e4hlte am 19. M\u00e4rz Cyril Meier zum neuen Pr\u00e4sidenten. Er folgt damit auf Matthias M\u00f6lleney.","articlekey":"","footnotes":""},"categories":[26],"tags":[254,381,503],"class_list":["post-5045","post","type-post","status-publish","format-standard","has-post-thumbnail","hentry","category-hrm","tag-hrm","tag-personalia","tag-verbaende"],"acf":[],"yoast_head":"<!-- This site is optimized with the Yoast SEO plugin v27.5 - https:\/\/yoast.com\/product\/yoast-seo-wordpress\/ -->\n<title>Neues Pr\u00e4sidium bei Perikom - Organisator<\/title>\n<meta name=\"description\" content=\"Die Generalversammlung des Vereins Perikom w\u00e4hlte am 19. M\u00e4rz Cyril Meier zum neuen Pr\u00e4sidenten. Er folgt damit auf Matthias M\u00f6lleney.\" \/>\n<meta name=\"robots\" content=\"index, follow, max-snippet:-1, max-image-preview:large, max-video-preview:-1\" \/>\n<link rel=\"canonical\" href=\"https:\/\/www.organisator.ch\/en\/human-resources\/hrm\/2019-03-20\/neues-praesidium-bei-perikom\/\" \/>\n<meta property=\"og:locale\" content=\"en_US\" \/>\n<meta property=\"og:type\" content=\"article\" \/>\n<meta property=\"og:title\" content=\"Neues Pr\u00e4sidium bei Perikom\" \/>\n<meta property=\"og:description\" content=\"Die Generalversammlung des Vereins Perikom w\u00e4hlte am 19. M\u00e4rz Cyril Meier zum neuen Pr\u00e4sidenten. Er folgt damit auf Matthias M\u00f6lleney.\" \/>\n<meta property=\"og:url\" content=\"https:\/\/www.organisator.ch\/en\/human-resources\/hrm\/2019-03-20\/neues-praesidium-bei-perikom\/\" \/>\n<meta property=\"og:site_name\" content=\"Organisator\" \/>\n<meta property=\"article:publisher\" content=\"https:\/\/www.facebook.com\/OrganisatorFachmagazin\" \/>\n<meta property=\"article:published_time\" content=\"2019-03-20T12:21:03+00:00\" \/>\n<meta property=\"og:image\" content=\"https:\/\/www.organisator.ch\/wp-content\/uploads\/2019\/03\/Neues-Praesidium-bei-Perikom_Organisator.jpg\" \/>\n\t<meta property=\"og:image:width\" content=\"680\" \/>\n\t<meta property=\"og:image:height\" content=\"395\" \/>\n\t<meta property=\"og:image:type\" content=\"image\/jpeg\" \/>\n<meta name=\"author\" content=\"thomas.berner\" \/>\n<meta name=\"twitter:card\" content=\"summary_large_image\" \/>\n<meta name=\"twitter:title\" content=\"Neues Pr\u00e4sidium bei #Perikom\" \/>\n<meta name=\"twitter:description\" content=\"Die Generalversammlung des Vereins #Perikom w\u00e4hlte am 19. M\u00e4rz Cyril Meier zum neuen Pr\u00e4sidenten. Er folgt damit auf Matthias M\u00f6lleney.\" \/>\n<meta name=\"twitter:image\" content=\"https:\/\/www.organisator.ch\/wp-content\/uploads\/2019\/03\/Neues-Pr\u00e4sidium-bei-Perikom_Organisator.jpg\" \/>\n<script type=\"application\/ld+json\" class=\"yoast-schema-graph\">{\"@context\":\"https:\\\/\\\/schema.org\",\"@graph\":[{\"@type\":\"Article\",\"@id\":\"https:\\\/\\\/www.organisator.ch\\\/human-resources\\\/hrm\\\/2019-03-20\\\/neues-praesidium-bei-perikom\\\/#article\",\"isPartOf\":{\"@id\":\"https:\\\/\\\/www.organisator.ch\\\/human-resources\\\/hrm\\\/2019-03-20\\\/neues-praesidium-bei-perikom\\\/\"},\"author\":{\"name\":\"thomas.berner\",\"@id\":\"https:\\\/\\\/www.organisator.ch\\\/#\\\/schema\\\/person\\\/6f650f90b2842cd4c0cc334b4e36f67e\"},\"headline\":\"Neues Pr\u00e4sidium bei Perikom\",\"datePublished\":\"2019-03-20T12:21:03+00:00\",\"mainEntityOfPage\":{\"@id\":\"https:\\\/\\\/www.organisator.ch\\\/human-resources\\\/hrm\\\/2019-03-20\\\/neues-praesidium-bei-perikom\\\/\"},\"wordCount\":335,\"commentCount\":0,\"publisher\":{\"@id\":\"https:\\\/\\\/www.organisator.ch\\\/#organization\"},\"image\":{\"@id\":\"https:\\\/\\\/www.organisator.ch\\\/human-resources\\\/hrm\\\/2019-03-20\\\/neues-praesidium-bei-perikom\\\/#primaryimage\"},\"thumbnailUrl\":\"https:\\\/\\\/www.organisator.ch\\\/wp-content\\\/uploads\\\/2019\\\/03\\\/Neues-Praesidium-bei-Perikom_Organisator.jpg\",\"keywords\":[\"HRM\",\"Personalia\",\"Verb\u00e4nde\"],\"articleSection\":[\"HRM\"],\"inLanguage\":\"en-US\"},{\"@type\":\"WebPage\",\"@id\":\"https:\\\/\\\/www.organisator.ch\\\/human-resources\\\/hrm\\\/2019-03-20\\\/neues-praesidium-bei-perikom\\\/\",\"url\":\"https:\\\/\\\/www.organisator.ch\\\/human-resources\\\/hrm\\\/2019-03-20\\\/neues-praesidium-bei-perikom\\\/\",\"name\":\"Neues Pr\u00e4sidium bei Perikom - Organisator\",\"isPartOf\":{\"@id\":\"https:\\\/\\\/www.organisator.ch\\\/#website\"},\"primaryImageOfPage\":{\"@id\":\"https:\\\/\\\/www.organisator.ch\\\/human-resources\\\/hrm\\\/2019-03-20\\\/neues-praesidium-bei-perikom\\\/#primaryimage\"},\"image\":{\"@id\":\"https:\\\/\\\/www.organisator.ch\\\/human-resources\\\/hrm\\\/2019-03-20\\\/neues-praesidium-bei-perikom\\\/#primaryimage\"},\"thumbnailUrl\":\"https:\\\/\\\/www.organisator.ch\\\/wp-content\\\/uploads\\\/2019\\\/03\\\/Neues-Praesidium-bei-Perikom_Organisator.jpg\",\"datePublished\":\"2019-03-20T12:21:03+00:00\",\"description\":\"Die Generalversammlung des Vereins Perikom w\u00e4hlte am 19. M\u00e4rz Cyril Meier zum neuen Pr\u00e4sidenten. Er folgt damit auf Matthias M\u00f6lleney.\",\"breadcrumb\":{\"@id\":\"https:\\\/\\\/www.organisator.ch\\\/human-resources\\\/hrm\\\/2019-03-20\\\/neues-praesidium-bei-perikom\\\/#breadcrumb\"},\"inLanguage\":\"en-US\",\"potentialAction\":[{\"@type\":\"ReadAction\",\"target\":[\"https:\\\/\\\/www.organisator.ch\\\/human-resources\\\/hrm\\\/2019-03-20\\\/neues-praesidium-bei-perikom\\\/\"]}]},{\"@type\":\"ImageObject\",\"inLanguage\":\"en-US\",\"@id\":\"https:\\\/\\\/www.organisator.ch\\\/human-resources\\\/hrm\\\/2019-03-20\\\/neues-praesidium-bei-perikom\\\/#primaryimage\",\"url\":\"https:\\\/\\\/www.organisator.ch\\\/wp-content\\\/uploads\\\/2019\\\/03\\\/Neues-Praesidium-bei-Perikom_Organisator.jpg\",\"contentUrl\":\"https:\\\/\\\/www.organisator.ch\\\/wp-content\\\/uploads\\\/2019\\\/03\\\/Neues-Praesidium-bei-Perikom_Organisator.jpg\",\"width\":680,\"height\":395,\"caption\":\"Cyril Meier ist neuer Pr\u00e4sident von Perikom. (Bild: zVg)\"},{\"@type\":\"BreadcrumbList\",\"@id\":\"https:\\\/\\\/www.organisator.ch\\\/human-resources\\\/hrm\\\/2019-03-20\\\/neues-praesidium-bei-perikom\\\/#breadcrumb\",\"itemListElement\":[{\"@type\":\"ListItem\",\"position\":1,\"name\":\"Home\",\"item\":\"https:\\\/\\\/www.organisator.ch\\\/\"},{\"@type\":\"ListItem\",\"position\":2,\"name\":\"Neues Pr\u00e4sidium bei Perikom\"}]},{\"@type\":\"WebSite\",\"@id\":\"https:\\\/\\\/www.organisator.ch\\\/#website\",\"url\":\"https:\\\/\\\/www.organisator.ch\\\/\",\"name\":\"Organisator\",\"description\":\"Kompetent. Praxisnah. Der ORGANISATOR bereitet in 10 Ausgaben pro Jahr die wesentlichen Themen f\u00fcr F\u00fchrungskr\u00e4fte von KMU auf.\",\"publisher\":{\"@id\":\"https:\\\/\\\/www.organisator.ch\\\/#organization\"},\"potentialAction\":[{\"@type\":\"SearchAction\",\"target\":{\"@type\":\"EntryPoint\",\"urlTemplate\":\"https:\\\/\\\/www.organisator.ch\\\/?s={search_term_string}\"},\"query-input\":{\"@type\":\"PropertyValueSpecification\",\"valueRequired\":true,\"valueName\":\"search_term_string\"}}],\"inLanguage\":\"en-US\"},{\"@type\":\"Organization\",\"@id\":\"https:\\\/\\\/www.organisator.ch\\\/#organization\",\"name\":\"Organisator\",\"url\":\"https:\\\/\\\/www.organisator.ch\\\/\",\"logo\":{\"@type\":\"ImageObject\",\"inLanguage\":\"en-US\",\"@id\":\"https:\\\/\\\/www.organisator.ch\\\/#\\\/schema\\\/logo\\\/image\\\/\",\"url\":\"https:\\\/\\\/www.organisator.ch\\\/wp-content\\\/uploads\\\/2022\\\/01\\\/Logo_Organisator_Website.png\",\"contentUrl\":\"https:\\\/\\\/www.organisator.ch\\\/wp-content\\\/uploads\\\/2022\\\/01\\\/Logo_Organisator_Website.png\",\"width\":800,\"height\":77,\"caption\":\"Organisator\"},\"image\":{\"@id\":\"https:\\\/\\\/www.organisator.ch\\\/#\\\/schema\\\/logo\\\/image\\\/\"},\"sameAs\":[\"https:\\\/\\\/www.facebook.com\\\/OrganisatorFachmagazin\",\"https:\\\/\\\/www.linkedin.com\\\/showcase\\\/organisator-das-magazin-fr-kmu\",\"https:\\\/\\\/www.xing.com\\\/news\\\/pages\\\/organisator-ch-695\",\"https:\\\/\\\/www.youtube.com\\\/channel\\\/UCGP2Sq0iWaZwT3BdIAQFYpw\"]},{\"@type\":\"Person\",\"@id\":\"https:\\\/\\\/www.organisator.ch\\\/#\\\/schema\\\/person\\\/6f650f90b2842cd4c0cc334b4e36f67e\",\"name\":\"thomas.berner\",\"image\":{\"@type\":\"ImageObject\",\"inLanguage\":\"en-US\",\"@id\":\"https:\\\/\\\/secure.gravatar.com\\\/avatar\\\/ac5001d2a36cb6c6cd3e50789007ffca834b477b74a2144564522e944eabff61?s=96&d=mm&r=g\",\"url\":\"https:\\\/\\\/secure.gravatar.com\\\/avatar\\\/ac5001d2a36cb6c6cd3e50789007ffca834b477b74a2144564522e944eabff61?s=96&d=mm&r=g\",\"contentUrl\":\"https:\\\/\\\/secure.gravatar.com\\\/avatar\\\/ac5001d2a36cb6c6cd3e50789007ffca834b477b74a2144564522e944eabff61?s=96&d=mm&r=g\",\"caption\":\"thomas.berner\"},\"url\":\"https:\\\/\\\/www.organisator.ch\\\/en\\\/author\\\/thomas-berner\\\/\"}]}<\/script>\n<!-- \/ Yoast SEO plugin. -->","yoast_head_json":{"title":"New presidium at Perikom - organizer","description":"On March 19, the General Assembly of the Perikom Association elected Cyril Meier as its new president. He succeeds Matthias M\u00f6lleney.","robots":{"index":"index","follow":"follow","max-snippet":"max-snippet:-1","max-image-preview":"max-image-preview:large","max-video-preview":"max-video-preview:-1"},"canonical":"https:\/\/www.organisator.ch\/en\/human-resources\/hrm\/2019-03-20\/neues-praesidium-bei-perikom\/","og_locale":"en_US","og_type":"article","og_title":"Neues Pr\u00e4sidium bei Perikom","og_description":"Die Generalversammlung des Vereins Perikom w\u00e4hlte am 19. M\u00e4rz Cyril Meier zum neuen Pr\u00e4sidenten. Er folgt damit auf Matthias M\u00f6lleney.","og_url":"https:\/\/www.organisator.ch\/en\/human-resources\/hrm\/2019-03-20\/neues-praesidium-bei-perikom\/","og_site_name":"Organisator","article_publisher":"https:\/\/www.facebook.com\/OrganisatorFachmagazin","article_published_time":"2019-03-20T12:21:03+00:00","og_image":[{"width":680,"height":395,"url":"https:\/\/www.organisator.ch\/wp-content\/uploads\/2019\/03\/Neues-Praesidium-bei-Perikom_Organisator.jpg","type":"image\/jpeg"}],"author":"thomas.berner","twitter_card":"summary_large_image","twitter_title":"Neues Pr\u00e4sidium bei #Perikom","twitter_description":"Die Generalversammlung des Vereins #Perikom w\u00e4hlte am 19. M\u00e4rz Cyril Meier zum neuen Pr\u00e4sidenten. Er folgt damit auf Matthias M\u00f6lleney.","twitter_image":"https:\/\/www.organisator.ch\/wp-content\/uploads\/2019\/03\/Neues-Pr\u00e4sidium-bei-Perikom_Organisator.jpg","schema":{"@context":"https:\/\/schema.org","@graph":[{"@type":"Article","@id":"https:\/\/www.organisator.ch\/human-resources\/hrm\/2019-03-20\/neues-praesidium-bei-perikom\/#article","isPartOf":{"@id":"https:\/\/www.organisator.ch\/human-resources\/hrm\/2019-03-20\/neues-praesidium-bei-perikom\/"},"author":{"name":"thomas.berner","@id":"https:\/\/www.organisator.ch\/#\/schema\/person\/6f650f90b2842cd4c0cc334b4e36f67e"},"headline":"Neues Pr\u00e4sidium bei Perikom","datePublished":"2019-03-20T12:21:03+00:00","mainEntityOfPage":{"@id":"https:\/\/www.organisator.ch\/human-resources\/hrm\/2019-03-20\/neues-praesidium-bei-perikom\/"},"wordCount":335,"commentCount":0,"publisher":{"@id":"https:\/\/www.organisator.ch\/#organization"},"image":{"@id":"https:\/\/www.organisator.ch\/human-resources\/hrm\/2019-03-20\/neues-praesidium-bei-perikom\/#primaryimage"},"thumbnailUrl":"https:\/\/www.organisator.ch\/wp-content\/uploads\/2019\/03\/Neues-Praesidium-bei-Perikom_Organisator.jpg","keywords":["HRM","Personalia","Verb\u00e4nde"],"articleSection":["HRM"],"inLanguage":"en-US"},{"@type":"WebPage","@id":"https:\/\/www.organisator.ch\/human-resources\/hrm\/2019-03-20\/neues-praesidium-bei-perikom\/","url":"https:\/\/www.organisator.ch\/human-resources\/hrm\/2019-03-20\/neues-praesidium-bei-perikom\/","name":"New presidium at Perikom - organizer","isPartOf":{"@id":"https:\/\/www.organisator.ch\/#website"},"primaryImageOfPage":{"@id":"https:\/\/www.organisator.ch\/human-resources\/hrm\/2019-03-20\/neues-praesidium-bei-perikom\/#primaryimage"},"image":{"@id":"https:\/\/www.organisator.ch\/human-resources\/hrm\/2019-03-20\/neues-praesidium-bei-perikom\/#primaryimage"},"thumbnailUrl":"https:\/\/www.organisator.ch\/wp-content\/uploads\/2019\/03\/Neues-Praesidium-bei-Perikom_Organisator.jpg","datePublished":"2019-03-20T12:21:03+00:00","description":"On March 19, the General Assembly of the Perikom Association elected Cyril Meier as its new president. He succeeds Matthias M\u00f6lleney.","breadcrumb":{"@id":"https:\/\/www.organisator.ch\/human-resources\/hrm\/2019-03-20\/neues-praesidium-bei-perikom\/#breadcrumb"},"inLanguage":"en-US","potentialAction":[{"@type":"ReadAction","target":["https:\/\/www.organisator.ch\/human-resources\/hrm\/2019-03-20\/neues-praesidium-bei-perikom\/"]}]},{"@type":"ImageObject","inLanguage":"en-US","@id":"https:\/\/www.organisator.ch\/human-resources\/hrm\/2019-03-20\/neues-praesidium-bei-perikom\/#primaryimage","url":"https:\/\/www.organisator.ch\/wp-content\/uploads\/2019\/03\/Neues-Praesidium-bei-Perikom_Organisator.jpg","contentUrl":"https:\/\/www.organisator.ch\/wp-content\/uploads\/2019\/03\/Neues-Praesidium-bei-Perikom_Organisator.jpg","width":680,"height":395,"caption":"Cyril Meier ist neuer Pr\u00e4sident von Perikom. (Bild: zVg)"},{"@type":"BreadcrumbList","@id":"https:\/\/www.organisator.ch\/human-resources\/hrm\/2019-03-20\/neues-praesidium-bei-perikom\/#breadcrumb","itemListElement":[{"@type":"ListItem","position":1,"name":"Home","item":"https:\/\/www.organisator.ch\/"},{"@type":"ListItem","position":2,"name":"Neues Pr\u00e4sidium bei Perikom"}]},{"@type":"WebSite","@id":"https:\/\/www.organisator.ch\/#website","url":"https:\/\/www.organisator.ch\/","name":"Organizer","description":"Competent. Practical. In 10 issues per year, ORGANISATOR presents the essential topics for managers of SMEs.","publisher":{"@id":"https:\/\/www.organisator.ch\/#organization"},"potentialAction":[{"@type":"SearchAction","target":{"@type":"EntryPoint","urlTemplate":"https:\/\/www.organisator.ch\/?s={search_term_string}"},"query-input":{"@type":"PropertyValueSpecification","valueRequired":true,"valueName":"search_term_string"}}],"inLanguage":"en-US"},{"@type":"Organization","@id":"https:\/\/www.organisator.ch\/#organization","name":"Organizer","url":"https:\/\/www.organisator.ch\/","logo":{"@type":"ImageObject","inLanguage":"en-US","@id":"https:\/\/www.organisator.ch\/#\/schema\/logo\/image\/","url":"https:\/\/www.organisator.ch\/wp-content\/uploads\/2022\/01\/Logo_Organisator_Website.png","contentUrl":"https:\/\/www.organisator.ch\/wp-content\/uploads\/2022\/01\/Logo_Organisator_Website.png","width":800,"height":77,"caption":"Organisator"},"image":{"@id":"https:\/\/www.organisator.ch\/#\/schema\/logo\/image\/"},"sameAs":["https:\/\/www.facebook.com\/OrganisatorFachmagazin","https:\/\/www.linkedin.com\/showcase\/organisator-das-magazin-fr-kmu","https:\/\/www.xing.com\/news\/pages\/organisator-ch-695","https:\/\/www.youtube.com\/channel\/UCGP2Sq0iWaZwT3BdIAQFYpw"]},{"@type":"Person","@id":"https:\/\/www.organisator.ch\/#\/schema\/person\/6f650f90b2842cd4c0cc334b4e36f67e","name":"thomas.berner","image":{"@type":"ImageObject","inLanguage":"en-US","@id":"https:\/\/secure.gravatar.com\/avatar\/ac5001d2a36cb6c6cd3e50789007ffca834b477b74a2144564522e944eabff61?s=96&d=mm&r=g","url":"https:\/\/secure.gravatar.com\/avatar\/ac5001d2a36cb6c6cd3e50789007ffca834b477b74a2144564522e944eabff61?s=96&d=mm&r=g","contentUrl":"https:\/\/secure.gravatar.com\/avatar\/ac5001d2a36cb6c6cd3e50789007ffca834b477b74a2144564522e944eabff61?s=96&d=mm&r=g","caption":"thomas.berner"},"url":"https:\/\/www.organisator.ch\/en\/author\/thomas-berner\/"}]}},"_links":{"self":[{"href":"https:\/\/www.organisator.ch\/en\/wp-json\/wp\/v2\/posts\/5045","targetHints":{"allow":["GET"]}}],"collection":[{"href":"https:\/\/www.organisator.ch\/en\/wp-json\/wp\/v2\/posts"}],"about":[{"href":"https:\/\/www.organisator.ch\/en\/wp-json\/wp\/v2\/types\/post"}],"author":[{"embeddable":true,"href":"https:\/\/www.organisator.ch\/en\/wp-json\/wp\/v2\/users\/4"}],"replies":[{"embeddable":true,"href":"https:\/\/www.organisator.ch\/en\/wp-json\/wp\/v2\/comments?post=5045"}],"version-history":[{"count":0,"href":"https:\/\/www.organisator.ch\/en\/wp-json\/wp\/v2\/posts\/5045\/revisions"}],"wp:featuredmedia":[{"embeddable":true,"href":"https:\/\/www.organisator.ch\/en\/wp-json\/wp\/v2\/media\/5046"}],"wp:attachment":[{"href":"https:\/\/www.organisator.ch\/en\/wp-json\/wp\/v2\/media?parent=5045"}],"wp:term":[{"taxonomy":"category","embeddable":true,"href":"https:\/\/www.organisator.ch\/en\/wp-json\/wp\/v2\/categories?post=5045"},{"taxonomy":"post_tag","embeddable":true,"href":"https:\/\/www.organisator.ch\/en\/wp-json\/wp\/v2\/tags?post=5045"}],"curies":[{"name":"wp","href":"https:\/\/api.w.org\/{rel}","templated":true}]}}