{"id":5048,"date":"2019-03-22T10:40:31","date_gmt":"2019-03-22T09:40:31","guid":{"rendered":"https:\/\/www.organisator.ch\/?p=5048"},"modified":"2019-03-22T10:40:31","modified_gmt":"2019-03-22T09:40:31","slug":"realitaet-oder-friktion-gibt-es-die-schweiz-im-jahr-2030-noch","status":"publish","type":"post","link":"https:\/\/www.organisator.ch\/en\/management\/2019-03-22\/realitaet-oder-friktion-gibt-es-die-schweiz-im-jahr-2030-noch\/","title":{"rendered":"Reality or friction: will Switzerland still exist in 2030?"},"content":{"rendered":"<figure id=\"attachment_5049\" aria-describedby=\"caption-attachment-5049\" style=\"width: 680px\" class=\"wp-caption alignnone\"><img loading=\"lazy\" decoding=\"async\" class=\"size-medium wp-image-5049\" src=\"https:\/\/www.organisator.ch\/wp-content\/uploads\/2019\/03\/Realitaet-oder-Friktion-Gibt-es-die-Schweiz-im-Jahr-2030-noch-1_Organisator.jpg\" alt=\"\" width=\"680\" height=\"452\" srcset=\"https:\/\/www.organisator.ch\/wp-content\/uploads\/2019\/03\/Realitaet-oder-Friktion-Gibt-es-die-Schweiz-im-Jahr-2030-noch-1_Organisator.jpg 680w, https:\/\/www.organisator.ch\/wp-content\/uploads\/2019\/03\/Realitaet-oder-Friktion-Gibt-es-die-Schweiz-im-Jahr-2030-noch-1_Organisator-16x12.jpg 16w, https:\/\/www.organisator.ch\/wp-content\/uploads\/2019\/03\/Realitaet-oder-Friktion-Gibt-es-die-Schweiz-im-Jahr-2030-noch-1_Organisator-263x175.jpg 263w, https:\/\/www.organisator.ch\/wp-content\/uploads\/2019\/03\/Realitaet-oder-Friktion-Gibt-es-die-Schweiz-im-Jahr-2030-noch-1_Organisator-527x350.jpg 527w, https:\/\/www.organisator.ch\/wp-content\/uploads\/2019\/03\/Realitaet-oder-Friktion-Gibt-es-die-Schweiz-im-Jahr-2030-noch-1_Organisator-300x199.jpg 300w\" sizes=\"auto, (max-width: 680px) 100vw, 680px\" \/><figcaption id=\"caption-attachment-5049\" class=\"wp-caption-text\">Reality or friction? A question of making the right decisions. Reto Blum (right) showed the audience that seemingly right decisions can also be wrong. (Pictures: Thomas Berner)<\/figcaption><\/figure>\n<p>Challenges 2030: Reality or friction? No, that's not a spelling mistake: The KMU Swiss Forum on March 21 at the Trafo Baden was actually about this topic. Because the reality in which SMEs operate today is VUKA, i.e. characterized by volatility, uncertainty, complexity and ambiguity. It goes without saying that friction is almost inevitable. According to organizer Armin Baumann in the conference brochure, the world is open to those who can best deal with it.<\/p>\n<h2>Decide and innovate<\/h2>\n<p>The conference topic was treated from different aspects by the speakers. The decision architect Reto Blum set a first point: His presentation was about the topic \"Decisions\". \"Those who do not decide, others decide for them\", was his introduction. Using vivid examples, he was able to show that we humans still often decide intuitively. \"We are too lazy to think,\" the speaker concluded. He pointed out that humans develop linearly, but technology develops exponentially. This leads to us being paralyzed and preferring to remain in the status quo.<\/p>\n<figure id=\"attachment_5050\" aria-describedby=\"caption-attachment-5050\" style=\"width: 680px\" class=\"wp-caption alignnone\"><img loading=\"lazy\" decoding=\"async\" class=\"size-medium wp-image-5050\" src=\"https:\/\/www.organisator.ch\/wp-content\/uploads\/2019\/03\/Realitaet-oder-Friktion-Gibt-es-die-Schweiz-im-Jahr-2030-noch-2_Organisator.jpg\" alt=\"\" width=\"680\" height=\"452\" srcset=\"https:\/\/www.organisator.ch\/wp-content\/uploads\/2019\/03\/Realitaet-oder-Friktion-Gibt-es-die-Schweiz-im-Jahr-2030-noch-2_Organisator.jpg 680w, https:\/\/www.organisator.ch\/wp-content\/uploads\/2019\/03\/Realitaet-oder-Friktion-Gibt-es-die-Schweiz-im-Jahr-2030-noch-2_Organisator-16x12.jpg 16w, https:\/\/www.organisator.ch\/wp-content\/uploads\/2019\/03\/Realitaet-oder-Friktion-Gibt-es-die-Schweiz-im-Jahr-2030-noch-2_Organisator-263x175.jpg 263w, https:\/\/www.organisator.ch\/wp-content\/uploads\/2019\/03\/Realitaet-oder-Friktion-Gibt-es-die-Schweiz-im-Jahr-2030-noch-2_Organisator-527x350.jpg 527w, https:\/\/www.organisator.ch\/wp-content\/uploads\/2019\/03\/Realitaet-oder-Friktion-Gibt-es-die-Schweiz-im-Jahr-2030-noch-2_Organisator-300x199.jpg 300w\" sizes=\"auto, (max-width: 680px) 100vw, 680px\" \/><figcaption id=\"caption-attachment-5050\" class=\"wp-caption-text\">Innovations are crucial for a \"frictionless\" future, as J\u00fcrg Zwahlen explained. (Image: Thomas Berner)<\/figcaption><\/figure>\n<p>This future: It will be stark, said J\u00fcrg Zwahlen, Chairman of the Board of Birchmeier Spr\u00fchtechnik. Humans will increasingly struggle with the speed of exponential technology. A paradigm shift away from preservationists to change agents is now necessary. And for change, innovation is imperative. He showed how his company is tackling this with the new development of a sprayer with electronic spray jet control. This innovation was only possible through cooperation with know-how providers outside the company. And this is precisely the concept with which Switzerland must reinvent itself: By networking competencies.<\/p>\n<h2>Reality or friction in matters of law and money<\/h2>\n<p>In the next presentation, Mascha Santschi Kallay addressed a completely different reality. The new media sometimes lead to things getting into the public domain that no company likes to talk about, e.g. ongoing court cases. Media reports show almost daily how clumsy communication about criminal cases can damage the reputation of individuals or companies. However, the so-called principle of judicial publicity is part of every functioning constitutional state, which is why it is also important to communicate unpleasant things professionally.<\/p>\n<p>Fritz Zurbr\u00fcgg, Vice Chairman of the Governing Board of the Swiss National Bank, is convinced that Switzerland will still be a successful model in 2030. The Swiss economy has repeatedly shown itself to be very resilient despite crises. The independence of the National Bank has made a decisive contribution to this. By enforcing price stability with all means at its disposal - even by entering the new territory of negative interest rates in the meantime - the successful Swiss model will continue to endure.<\/p>\n<h2>Disruption on all channels<\/h2>\n<p>\"Disrupt yourself\" - that was the title of the contribution by TV business journalist Patrizia Laeri, who regularly writes about the opportunities of digitization in her blog #aufbruch. She showed the audience how social media can be used as recruitment platforms, for example, and function as simple Big Data analysis tools. She also pointed out the importance of storytelling - \"nothing works without content\" - but also that it is still necessary to play the offline channel as well.<\/p>\n<p>Andreas M\u00fcnch, responsible for logistics, IT, buildings\/infrastructure\/facility management and transport at Migros, spoke about the transformation in retail. A look at the company's history showed that Migros has always been disruptive. He described the first sales carts of 1925 as \"Mobile Shopping 1.0.\" Today, on the other hand, it's about \"Everywhere commerce.\" And that poses major challenges for logistics. Today, algorithms are already able to anticipate consumer needs through predictive analytics and provide goods accordingly. And shopping in stores without staff or even completely virtually from home is no longer just a dream of the future. However, the extent to which such convenience has to be bought at the cost of privacy also needs to be discussed.<\/p>\n<h2>Sport and powerful security<\/h2>\n<p>The afternoon was initially dominated by skiing. Urs Lehmann, President of Swiss-Ski, explained how the ski association has steadily professionalized itself in recent years. \"The athlete is at the center, not the official,\" Lehmann said. How ski stars today are individual entrepreneurs in their own right was then discussed on the podium with Bruno Kernen and Marco Odermatt. According to Kernen, the beauty of the sport is that you can turn a hobby into a profession. However, he also let it be known that after the end of the sports career, a new life begins where you have to take many things into your own hands again. He hoped that the association would develop new solutions.<\/p>\n<figure id=\"attachment_5051\" aria-describedby=\"caption-attachment-5051\" style=\"width: 680px\" class=\"wp-caption alignnone\"><img loading=\"lazy\" decoding=\"async\" class=\"size-medium wp-image-5051\" src=\"https:\/\/www.organisator.ch\/wp-content\/uploads\/2019\/03\/Realitaet-oder-Friktion-Gibt-es-die-Schweiz-im-Jahr-2030-noch-3_Organisator.jpg\" alt=\"\" width=\"680\" height=\"452\" srcset=\"https:\/\/www.organisator.ch\/wp-content\/uploads\/2019\/03\/Realitaet-oder-Friktion-Gibt-es-die-Schweiz-im-Jahr-2030-noch-3_Organisator.jpg 680w, https:\/\/www.organisator.ch\/wp-content\/uploads\/2019\/03\/Realitaet-oder-Friktion-Gibt-es-die-Schweiz-im-Jahr-2030-noch-3_Organisator-16x12.jpg 16w, https:\/\/www.organisator.ch\/wp-content\/uploads\/2019\/03\/Realitaet-oder-Friktion-Gibt-es-die-Schweiz-im-Jahr-2030-noch-3_Organisator-263x175.jpg 263w, https:\/\/www.organisator.ch\/wp-content\/uploads\/2019\/03\/Realitaet-oder-Friktion-Gibt-es-die-Schweiz-im-Jahr-2030-noch-3_Organisator-527x350.jpg 527w, https:\/\/www.organisator.ch\/wp-content\/uploads\/2019\/03\/Realitaet-oder-Friktion-Gibt-es-die-Schweiz-im-Jahr-2030-noch-3_Organisator-300x199.jpg 300w\" sizes=\"auto, (max-width: 680px) 100vw, 680px\" \/><figcaption id=\"caption-attachment-5051\" class=\"wp-caption-text\">The reality of skiing: Hugo Bigi (left) talking to Bruno Kernen, Marco Odermatt and Urs Lehmann (from left to right) (Photo: Thomas Berner)<\/figcaption><\/figure>\n<p>Finally, the last speaker was Philipp Rebord, head of the army. He began by thanking all SMEs, because it is they who make a militia army possible in the first place. He also explained the further development of the army and how it intends to prepare itself for new threats - especially in the area of cyber war. Of course, Rebord also touched on the ongoing discussion about the procurement of new combat aircraft, which will then be in service from 2030 if the entire political process runs without friction.<\/p>\n<p>The KMU Swiss Forum was once again moderated by Hugo Bigi. The event was concluded once again this year with a \"public part\" at the invitation of the Baden City Council in partnership with the Trafo Baden Congress Center and KMU Swiss.<\/p>\n<p><em><a href=\"http:\/\/www.kmuswiss.ch\">www.kmuswiss.ch<\/a><\/em><\/p>","protected":false},"excerpt":{"rendered":"<p>Herausforderungen 2030: Realit\u00e4t oder Friktion? Nein, das ist kein Schreibfehler: Am KMU Swiss Forum am 21. M\u00e4rz im Trafo Baden ging es tats\u00e4chlich um dieses Thema. Denn die Realit\u00e4t, in der sich KMU heute bewegen, ist VUKA, also gepr\u00e4gt durch Volatilit\u00e4t, Unsicherheit, Komplexit\u00e4t und Ambiguit\u00e4t, also Vieldeutigkeit. Dass da Friktionen schon fast vorprogrammiert sind, versteht [&hellip;]<\/p>\n","protected":false},"author":4,"featured_media":5049,"comment_status":"open","ping_status":"open","sticky":false,"template":"","format":"standard","meta":{"_acf_changed":false,"_yoast_wpseo_focuskw":"Realit\u00e4t oder Friktion","_yoast_wpseo_metadesc":"Am KMU Swiss Forum vom 21. M\u00e4rz im Trafo Baden ging es um Zukunft-Szenarien bzw. wie unsere Arbeitswelt und die Schweiz aussehen k\u00f6nnten.","articlekey":"","footnotes":""},"categories":[28],"tags":[156,193,302,335,502],"class_list":["post-5048","post","type-post","status-publish","format-standard","has-post-thumbnail","hentry","category-management","tag-digitalisierung","tag-fachkongressfachmesse","tag-kmu-swiss","tag-management-und-unternehmensfuehrung","tag-veranstaltungen"],"acf":[],"yoast_head":"<!-- This site is optimized with the Yoast SEO plugin v27.4 - https:\/\/yoast.com\/product\/yoast-seo-wordpress\/ -->\n<title>Realit\u00e4t oder Friktion: Gibt es die Schweiz im Jahr 2030 noch? - Organisator<\/title>\n<meta name=\"description\" content=\"Am KMU Swiss Forum vom 21. M\u00e4rz im Trafo Baden ging es um Zukunft-Szenarien bzw. wie unsere Arbeitswelt und die Schweiz aussehen k\u00f6nnten.\" \/>\n<meta name=\"robots\" content=\"index, follow, max-snippet:-1, max-image-preview:large, max-video-preview:-1\" \/>\n<link rel=\"canonical\" href=\"https:\/\/www.organisator.ch\/en\/management\/2019-03-22\/realitaet-oder-friktion-gibt-es-die-schweiz-im-jahr-2030-noch\/\" \/>\n<meta property=\"og:locale\" content=\"en_US\" \/>\n<meta property=\"og:type\" content=\"article\" \/>\n<meta property=\"og:title\" content=\"Realit\u00e4t oder Friktion: Gibt es die Schweiz im Jahr 2030 noch?\" \/>\n<meta property=\"og:description\" content=\"Am KMU Swiss Forum vom 21. M\u00e4rz im Trafo Baden ging es um Zukunft-Szenarien bzw. wie unsere Arbeitswelt und die Schweiz aussehen k\u00f6nnten.\" \/>\n<meta property=\"og:url\" content=\"https:\/\/www.organisator.ch\/en\/management\/2019-03-22\/realitaet-oder-friktion-gibt-es-die-schweiz-im-jahr-2030-noch\/\" \/>\n<meta property=\"og:site_name\" content=\"Organisator\" \/>\n<meta property=\"article:publisher\" content=\"https:\/\/www.facebook.com\/OrganisatorFachmagazin\" \/>\n<meta property=\"article:published_time\" content=\"2019-03-22T09:40:31+00:00\" \/>\n<meta property=\"og:image\" content=\"https:\/\/www.organisator.ch\/wp-content\/uploads\/2019\/03\/Realitaet-oder-Friktion-Gibt-es-die-Schweiz-im-Jahr-2030-noch-1_Organisator.jpg\" \/>\n\t<meta property=\"og:image:width\" content=\"680\" \/>\n\t<meta property=\"og:image:height\" content=\"452\" \/>\n\t<meta property=\"og:image:type\" content=\"image\/jpeg\" \/>\n<meta name=\"author\" content=\"thomas.berner\" \/>\n<meta name=\"twitter:card\" content=\"summary_large_image\" \/>\n<meta name=\"twitter:title\" content=\"Realit\u00e4t oder Friktion: Gibt es die Schweiz im Jahr 2030 noch?\" \/>\n<meta name=\"twitter:description\" content=\"Am KMU Swiss Forum vom 21. M\u00e4rz im Trafo Baden ging es um Zukunft-Szenarien bzw. wie unsere Arbeitswelt und die Schweiz aussehen k\u00f6nnten.\" \/>\n<meta name=\"twitter:image\" content=\"https:\/\/www.organisator.ch\/wp-content\/uploads\/2019\/03\/Realit\u00e4t-oder-Friktion-Gibt-es-die-Schweiz-im-Jahr-2030-noch-1_Organisator.jpg\" \/>\n<script type=\"application\/ld+json\" class=\"yoast-schema-graph\">{\"@context\":\"https:\\\/\\\/schema.org\",\"@graph\":[{\"@type\":\"Article\",\"@id\":\"https:\\\/\\\/www.organisator.ch\\\/management\\\/2019-03-22\\\/realitaet-oder-friktion-gibt-es-die-schweiz-im-jahr-2030-noch\\\/#article\",\"isPartOf\":{\"@id\":\"https:\\\/\\\/www.organisator.ch\\\/management\\\/2019-03-22\\\/realitaet-oder-friktion-gibt-es-die-schweiz-im-jahr-2030-noch\\\/\"},\"author\":{\"name\":\"thomas.berner\",\"@id\":\"https:\\\/\\\/www.organisator.ch\\\/#\\\/schema\\\/person\\\/6f650f90b2842cd4c0cc334b4e36f67e\"},\"headline\":\"Realit\u00e4t oder Friktion: Gibt es die Schweiz im Jahr 2030 noch?\",\"datePublished\":\"2019-03-22T09:40:31+00:00\",\"mainEntityOfPage\":{\"@id\":\"https:\\\/\\\/www.organisator.ch\\\/management\\\/2019-03-22\\\/realitaet-oder-friktion-gibt-es-die-schweiz-im-jahr-2030-noch\\\/\"},\"wordCount\":991,\"commentCount\":0,\"publisher\":{\"@id\":\"https:\\\/\\\/www.organisator.ch\\\/#organization\"},\"image\":{\"@id\":\"https:\\\/\\\/www.organisator.ch\\\/management\\\/2019-03-22\\\/realitaet-oder-friktion-gibt-es-die-schweiz-im-jahr-2030-noch\\\/#primaryimage\"},\"thumbnailUrl\":\"https:\\\/\\\/www.organisator.ch\\\/wp-content\\\/uploads\\\/2019\\\/03\\\/Realitaet-oder-Friktion-Gibt-es-die-Schweiz-im-Jahr-2030-noch-1_Organisator.jpg\",\"keywords\":[\"Digitalisierung\",\"Fachkongress\\\/Fachmesse\",\"KMU Swiss\",\"Management und Unternehmensf\u00fchrung\",\"Veranstaltungen\"],\"articleSection\":[\"MANAGEMENT\"],\"inLanguage\":\"en-US\"},{\"@type\":\"WebPage\",\"@id\":\"https:\\\/\\\/www.organisator.ch\\\/management\\\/2019-03-22\\\/realitaet-oder-friktion-gibt-es-die-schweiz-im-jahr-2030-noch\\\/\",\"url\":\"https:\\\/\\\/www.organisator.ch\\\/management\\\/2019-03-22\\\/realitaet-oder-friktion-gibt-es-die-schweiz-im-jahr-2030-noch\\\/\",\"name\":\"Realit\u00e4t oder Friktion: Gibt es die Schweiz im Jahr 2030 noch? - Organisator\",\"isPartOf\":{\"@id\":\"https:\\\/\\\/www.organisator.ch\\\/#website\"},\"primaryImageOfPage\":{\"@id\":\"https:\\\/\\\/www.organisator.ch\\\/management\\\/2019-03-22\\\/realitaet-oder-friktion-gibt-es-die-schweiz-im-jahr-2030-noch\\\/#primaryimage\"},\"image\":{\"@id\":\"https:\\\/\\\/www.organisator.ch\\\/management\\\/2019-03-22\\\/realitaet-oder-friktion-gibt-es-die-schweiz-im-jahr-2030-noch\\\/#primaryimage\"},\"thumbnailUrl\":\"https:\\\/\\\/www.organisator.ch\\\/wp-content\\\/uploads\\\/2019\\\/03\\\/Realitaet-oder-Friktion-Gibt-es-die-Schweiz-im-Jahr-2030-noch-1_Organisator.jpg\",\"datePublished\":\"2019-03-22T09:40:31+00:00\",\"description\":\"Am KMU Swiss Forum vom 21. M\u00e4rz im Trafo Baden ging es um Zukunft-Szenarien bzw. wie unsere Arbeitswelt und die Schweiz aussehen k\u00f6nnten.\",\"breadcrumb\":{\"@id\":\"https:\\\/\\\/www.organisator.ch\\\/management\\\/2019-03-22\\\/realitaet-oder-friktion-gibt-es-die-schweiz-im-jahr-2030-noch\\\/#breadcrumb\"},\"inLanguage\":\"en-US\",\"potentialAction\":[{\"@type\":\"ReadAction\",\"target\":[\"https:\\\/\\\/www.organisator.ch\\\/management\\\/2019-03-22\\\/realitaet-oder-friktion-gibt-es-die-schweiz-im-jahr-2030-noch\\\/\"]}]},{\"@type\":\"ImageObject\",\"inLanguage\":\"en-US\",\"@id\":\"https:\\\/\\\/www.organisator.ch\\\/management\\\/2019-03-22\\\/realitaet-oder-friktion-gibt-es-die-schweiz-im-jahr-2030-noch\\\/#primaryimage\",\"url\":\"https:\\\/\\\/www.organisator.ch\\\/wp-content\\\/uploads\\\/2019\\\/03\\\/Realitaet-oder-Friktion-Gibt-es-die-Schweiz-im-Jahr-2030-noch-1_Organisator.jpg\",\"contentUrl\":\"https:\\\/\\\/www.organisator.ch\\\/wp-content\\\/uploads\\\/2019\\\/03\\\/Realitaet-oder-Friktion-Gibt-es-die-Schweiz-im-Jahr-2030-noch-1_Organisator.jpg\",\"width\":680,\"height\":452,\"caption\":\"Realit\u00e4t oder Friktion? Eine Frage des richtigen Entscheidens. Reto Blum (rechts) zeigte dem Publikum, das scheinbar richtige Entscheide auch falsch sein k\u00f6nnen. (Bilder: Thomas Berner)\"},{\"@type\":\"BreadcrumbList\",\"@id\":\"https:\\\/\\\/www.organisator.ch\\\/management\\\/2019-03-22\\\/realitaet-oder-friktion-gibt-es-die-schweiz-im-jahr-2030-noch\\\/#breadcrumb\",\"itemListElement\":[{\"@type\":\"ListItem\",\"position\":1,\"name\":\"Home\",\"item\":\"https:\\\/\\\/www.organisator.ch\\\/\"},{\"@type\":\"ListItem\",\"position\":2,\"name\":\"Realit\u00e4t oder Friktion: Gibt es die Schweiz im Jahr 2030 noch?\"}]},{\"@type\":\"WebSite\",\"@id\":\"https:\\\/\\\/www.organisator.ch\\\/#website\",\"url\":\"https:\\\/\\\/www.organisator.ch\\\/\",\"name\":\"Organisator\",\"description\":\"Kompetent. Praxisnah. Der ORGANISATOR bereitet in 10 Ausgaben pro Jahr die wesentlichen Themen f\u00fcr F\u00fchrungskr\u00e4fte von KMU auf.\",\"publisher\":{\"@id\":\"https:\\\/\\\/www.organisator.ch\\\/#organization\"},\"potentialAction\":[{\"@type\":\"SearchAction\",\"target\":{\"@type\":\"EntryPoint\",\"urlTemplate\":\"https:\\\/\\\/www.organisator.ch\\\/?s={search_term_string}\"},\"query-input\":{\"@type\":\"PropertyValueSpecification\",\"valueRequired\":true,\"valueName\":\"search_term_string\"}}],\"inLanguage\":\"en-US\"},{\"@type\":\"Organization\",\"@id\":\"https:\\\/\\\/www.organisator.ch\\\/#organization\",\"name\":\"Organisator\",\"url\":\"https:\\\/\\\/www.organisator.ch\\\/\",\"logo\":{\"@type\":\"ImageObject\",\"inLanguage\":\"en-US\",\"@id\":\"https:\\\/\\\/www.organisator.ch\\\/#\\\/schema\\\/logo\\\/image\\\/\",\"url\":\"https:\\\/\\\/www.organisator.ch\\\/wp-content\\\/uploads\\\/2022\\\/01\\\/Logo_Organisator_Website.png\",\"contentUrl\":\"https:\\\/\\\/www.organisator.ch\\\/wp-content\\\/uploads\\\/2022\\\/01\\\/Logo_Organisator_Website.png\",\"width\":800,\"height\":77,\"caption\":\"Organisator\"},\"image\":{\"@id\":\"https:\\\/\\\/www.organisator.ch\\\/#\\\/schema\\\/logo\\\/image\\\/\"},\"sameAs\":[\"https:\\\/\\\/www.facebook.com\\\/OrganisatorFachmagazin\",\"https:\\\/\\\/www.linkedin.com\\\/showcase\\\/organisator-das-magazin-fr-kmu\",\"https:\\\/\\\/www.xing.com\\\/news\\\/pages\\\/organisator-ch-695\",\"https:\\\/\\\/www.youtube.com\\\/channel\\\/UCGP2Sq0iWaZwT3BdIAQFYpw\"]},{\"@type\":\"Person\",\"@id\":\"https:\\\/\\\/www.organisator.ch\\\/#\\\/schema\\\/person\\\/6f650f90b2842cd4c0cc334b4e36f67e\",\"name\":\"thomas.berner\",\"image\":{\"@type\":\"ImageObject\",\"inLanguage\":\"en-US\",\"@id\":\"https:\\\/\\\/secure.gravatar.com\\\/avatar\\\/ac5001d2a36cb6c6cd3e50789007ffca834b477b74a2144564522e944eabff61?s=96&d=mm&r=g\",\"url\":\"https:\\\/\\\/secure.gravatar.com\\\/avatar\\\/ac5001d2a36cb6c6cd3e50789007ffca834b477b74a2144564522e944eabff61?s=96&d=mm&r=g\",\"contentUrl\":\"https:\\\/\\\/secure.gravatar.com\\\/avatar\\\/ac5001d2a36cb6c6cd3e50789007ffca834b477b74a2144564522e944eabff61?s=96&d=mm&r=g\",\"caption\":\"thomas.berner\"},\"url\":\"https:\\\/\\\/www.organisator.ch\\\/en\\\/author\\\/thomas-berner\\\/\"}]}<\/script>\n<!-- \/ Yoast SEO plugin. -->","yoast_head_json":{"title":"Reality or friction: will Switzerland still exist in 2030? - Organizer","description":"At the KMU Swiss Forum on March 21 in Trafo Baden, the focus was on future scenarios and what our working world and Switzerland could look like.","robots":{"index":"index","follow":"follow","max-snippet":"max-snippet:-1","max-image-preview":"max-image-preview:large","max-video-preview":"max-video-preview:-1"},"canonical":"https:\/\/www.organisator.ch\/en\/management\/2019-03-22\/realitaet-oder-friktion-gibt-es-die-schweiz-im-jahr-2030-noch\/","og_locale":"en_US","og_type":"article","og_title":"Realit\u00e4t oder Friktion: Gibt es die Schweiz im Jahr 2030 noch?","og_description":"Am KMU Swiss Forum vom 21. M\u00e4rz im Trafo Baden ging es um Zukunft-Szenarien bzw. wie unsere Arbeitswelt und die Schweiz aussehen k\u00f6nnten.","og_url":"https:\/\/www.organisator.ch\/en\/management\/2019-03-22\/realitaet-oder-friktion-gibt-es-die-schweiz-im-jahr-2030-noch\/","og_site_name":"Organisator","article_publisher":"https:\/\/www.facebook.com\/OrganisatorFachmagazin","article_published_time":"2019-03-22T09:40:31+00:00","og_image":[{"width":680,"height":452,"url":"https:\/\/www.organisator.ch\/wp-content\/uploads\/2019\/03\/Realitaet-oder-Friktion-Gibt-es-die-Schweiz-im-Jahr-2030-noch-1_Organisator.jpg","type":"image\/jpeg"}],"author":"thomas.berner","twitter_card":"summary_large_image","twitter_title":"Realit\u00e4t oder Friktion: Gibt es die Schweiz im Jahr 2030 noch?","twitter_description":"Am KMU Swiss Forum vom 21. M\u00e4rz im Trafo Baden ging es um Zukunft-Szenarien bzw. wie unsere Arbeitswelt und die Schweiz aussehen k\u00f6nnten.","twitter_image":"https:\/\/www.organisator.ch\/wp-content\/uploads\/2019\/03\/Realit\u00e4t-oder-Friktion-Gibt-es-die-Schweiz-im-Jahr-2030-noch-1_Organisator.jpg","schema":{"@context":"https:\/\/schema.org","@graph":[{"@type":"Article","@id":"https:\/\/www.organisator.ch\/management\/2019-03-22\/realitaet-oder-friktion-gibt-es-die-schweiz-im-jahr-2030-noch\/#article","isPartOf":{"@id":"https:\/\/www.organisator.ch\/management\/2019-03-22\/realitaet-oder-friktion-gibt-es-die-schweiz-im-jahr-2030-noch\/"},"author":{"name":"thomas.berner","@id":"https:\/\/www.organisator.ch\/#\/schema\/person\/6f650f90b2842cd4c0cc334b4e36f67e"},"headline":"Realit\u00e4t oder Friktion: Gibt es die Schweiz im Jahr 2030 noch?","datePublished":"2019-03-22T09:40:31+00:00","mainEntityOfPage":{"@id":"https:\/\/www.organisator.ch\/management\/2019-03-22\/realitaet-oder-friktion-gibt-es-die-schweiz-im-jahr-2030-noch\/"},"wordCount":991,"commentCount":0,"publisher":{"@id":"https:\/\/www.organisator.ch\/#organization"},"image":{"@id":"https:\/\/www.organisator.ch\/management\/2019-03-22\/realitaet-oder-friktion-gibt-es-die-schweiz-im-jahr-2030-noch\/#primaryimage"},"thumbnailUrl":"https:\/\/www.organisator.ch\/wp-content\/uploads\/2019\/03\/Realitaet-oder-Friktion-Gibt-es-die-Schweiz-im-Jahr-2030-noch-1_Organisator.jpg","keywords":["Digitalisierung","Fachkongress\/Fachmesse","KMU Swiss","Management und Unternehmensf\u00fchrung","Veranstaltungen"],"articleSection":["MANAGEMENT"],"inLanguage":"en-US"},{"@type":"WebPage","@id":"https:\/\/www.organisator.ch\/management\/2019-03-22\/realitaet-oder-friktion-gibt-es-die-schweiz-im-jahr-2030-noch\/","url":"https:\/\/www.organisator.ch\/management\/2019-03-22\/realitaet-oder-friktion-gibt-es-die-schweiz-im-jahr-2030-noch\/","name":"Reality or friction: will Switzerland still exist in 2030? - Organizer","isPartOf":{"@id":"https:\/\/www.organisator.ch\/#website"},"primaryImageOfPage":{"@id":"https:\/\/www.organisator.ch\/management\/2019-03-22\/realitaet-oder-friktion-gibt-es-die-schweiz-im-jahr-2030-noch\/#primaryimage"},"image":{"@id":"https:\/\/www.organisator.ch\/management\/2019-03-22\/realitaet-oder-friktion-gibt-es-die-schweiz-im-jahr-2030-noch\/#primaryimage"},"thumbnailUrl":"https:\/\/www.organisator.ch\/wp-content\/uploads\/2019\/03\/Realitaet-oder-Friktion-Gibt-es-die-Schweiz-im-Jahr-2030-noch-1_Organisator.jpg","datePublished":"2019-03-22T09:40:31+00:00","description":"At the KMU Swiss Forum on March 21 in Trafo Baden, the focus was on future scenarios and what our working world and Switzerland could look like.","breadcrumb":{"@id":"https:\/\/www.organisator.ch\/management\/2019-03-22\/realitaet-oder-friktion-gibt-es-die-schweiz-im-jahr-2030-noch\/#breadcrumb"},"inLanguage":"en-US","potentialAction":[{"@type":"ReadAction","target":["https:\/\/www.organisator.ch\/management\/2019-03-22\/realitaet-oder-friktion-gibt-es-die-schweiz-im-jahr-2030-noch\/"]}]},{"@type":"ImageObject","inLanguage":"en-US","@id":"https:\/\/www.organisator.ch\/management\/2019-03-22\/realitaet-oder-friktion-gibt-es-die-schweiz-im-jahr-2030-noch\/#primaryimage","url":"https:\/\/www.organisator.ch\/wp-content\/uploads\/2019\/03\/Realitaet-oder-Friktion-Gibt-es-die-Schweiz-im-Jahr-2030-noch-1_Organisator.jpg","contentUrl":"https:\/\/www.organisator.ch\/wp-content\/uploads\/2019\/03\/Realitaet-oder-Friktion-Gibt-es-die-Schweiz-im-Jahr-2030-noch-1_Organisator.jpg","width":680,"height":452,"caption":"Realit\u00e4t oder Friktion? Eine Frage des richtigen Entscheidens. Reto Blum (rechts) zeigte dem Publikum, das scheinbar richtige Entscheide auch falsch sein k\u00f6nnen. (Bilder: Thomas Berner)"},{"@type":"BreadcrumbList","@id":"https:\/\/www.organisator.ch\/management\/2019-03-22\/realitaet-oder-friktion-gibt-es-die-schweiz-im-jahr-2030-noch\/#breadcrumb","itemListElement":[{"@type":"ListItem","position":1,"name":"Home","item":"https:\/\/www.organisator.ch\/"},{"@type":"ListItem","position":2,"name":"Realit\u00e4t oder Friktion: Gibt es die Schweiz im Jahr 2030 noch?"}]},{"@type":"WebSite","@id":"https:\/\/www.organisator.ch\/#website","url":"https:\/\/www.organisator.ch\/","name":"Organizer","description":"Competent. Practical. In 10 issues per year, ORGANISATOR presents the essential topics for managers of SMEs.","publisher":{"@id":"https:\/\/www.organisator.ch\/#organization"},"potentialAction":[{"@type":"SearchAction","target":{"@type":"EntryPoint","urlTemplate":"https:\/\/www.organisator.ch\/?s={search_term_string}"},"query-input":{"@type":"PropertyValueSpecification","valueRequired":true,"valueName":"search_term_string"}}],"inLanguage":"en-US"},{"@type":"Organization","@id":"https:\/\/www.organisator.ch\/#organization","name":"Organizer","url":"https:\/\/www.organisator.ch\/","logo":{"@type":"ImageObject","inLanguage":"en-US","@id":"https:\/\/www.organisator.ch\/#\/schema\/logo\/image\/","url":"https:\/\/www.organisator.ch\/wp-content\/uploads\/2022\/01\/Logo_Organisator_Website.png","contentUrl":"https:\/\/www.organisator.ch\/wp-content\/uploads\/2022\/01\/Logo_Organisator_Website.png","width":800,"height":77,"caption":"Organisator"},"image":{"@id":"https:\/\/www.organisator.ch\/#\/schema\/logo\/image\/"},"sameAs":["https:\/\/www.facebook.com\/OrganisatorFachmagazin","https:\/\/www.linkedin.com\/showcase\/organisator-das-magazin-fr-kmu","https:\/\/www.xing.com\/news\/pages\/organisator-ch-695","https:\/\/www.youtube.com\/channel\/UCGP2Sq0iWaZwT3BdIAQFYpw"]},{"@type":"Person","@id":"https:\/\/www.organisator.ch\/#\/schema\/person\/6f650f90b2842cd4c0cc334b4e36f67e","name":"thomas.berner","image":{"@type":"ImageObject","inLanguage":"en-US","@id":"https:\/\/secure.gravatar.com\/avatar\/ac5001d2a36cb6c6cd3e50789007ffca834b477b74a2144564522e944eabff61?s=96&d=mm&r=g","url":"https:\/\/secure.gravatar.com\/avatar\/ac5001d2a36cb6c6cd3e50789007ffca834b477b74a2144564522e944eabff61?s=96&d=mm&r=g","contentUrl":"https:\/\/secure.gravatar.com\/avatar\/ac5001d2a36cb6c6cd3e50789007ffca834b477b74a2144564522e944eabff61?s=96&d=mm&r=g","caption":"thomas.berner"},"url":"https:\/\/www.organisator.ch\/en\/author\/thomas-berner\/"}]}},"_links":{"self":[{"href":"https:\/\/www.organisator.ch\/en\/wp-json\/wp\/v2\/posts\/5048","targetHints":{"allow":["GET"]}}],"collection":[{"href":"https:\/\/www.organisator.ch\/en\/wp-json\/wp\/v2\/posts"}],"about":[{"href":"https:\/\/www.organisator.ch\/en\/wp-json\/wp\/v2\/types\/post"}],"author":[{"embeddable":true,"href":"https:\/\/www.organisator.ch\/en\/wp-json\/wp\/v2\/users\/4"}],"replies":[{"embeddable":true,"href":"https:\/\/www.organisator.ch\/en\/wp-json\/wp\/v2\/comments?post=5048"}],"version-history":[{"count":0,"href":"https:\/\/www.organisator.ch\/en\/wp-json\/wp\/v2\/posts\/5048\/revisions"}],"wp:featuredmedia":[{"embeddable":true,"href":"https:\/\/www.organisator.ch\/en\/wp-json\/wp\/v2\/media\/5049"}],"wp:attachment":[{"href":"https:\/\/www.organisator.ch\/en\/wp-json\/wp\/v2\/media?parent=5048"}],"wp:term":[{"taxonomy":"category","embeddable":true,"href":"https:\/\/www.organisator.ch\/en\/wp-json\/wp\/v2\/categories?post=5048"},{"taxonomy":"post_tag","embeddable":true,"href":"https:\/\/www.organisator.ch\/en\/wp-json\/wp\/v2\/tags?post=5048"}],"curies":[{"name":"wp","href":"https:\/\/api.w.org\/{rel}","templated":true}]}}