{"id":5053,"date":"2019-03-22T10:53:19","date_gmt":"2019-03-22T09:53:19","guid":{"rendered":"https:\/\/www.organisator.ch\/?p=5053"},"modified":"2019-03-22T10:53:19","modified_gmt":"2019-03-22T09:53:19","slug":"nachfolgebus-2019-experten-bringen-unternehmensnachfolge-auf-touren","status":"publish","type":"post","link":"https:\/\/www.organisator.ch\/en\/management\/2019-03-22\/nachfolgebus-2019-experten-bringen-unternehmensnachfolge-auf-touren\/","title":{"rendered":"Succession bus 2019: Experts get business succession off the ground"},"content":{"rendered":"<figure id=\"attachment_5054\" aria-describedby=\"caption-attachment-5054\" style=\"width: 680px\" class=\"wp-caption alignnone\"><img loading=\"lazy\" decoding=\"async\" class=\"size-medium wp-image-5054\" src=\"https:\/\/www.organisator.ch\/wp-content\/uploads\/2019\/03\/Nachfolgebus-2019-Experten-bringen-Unternehmensnachfolge-auf-Touren_Organisator.jpg\" alt=\"\" width=\"680\" height=\"382\" srcset=\"https:\/\/www.organisator.ch\/wp-content\/uploads\/2019\/03\/Nachfolgebus-2019-Experten-bringen-Unternehmensnachfolge-auf-Touren_Organisator.jpg 680w, https:\/\/www.organisator.ch\/wp-content\/uploads\/2019\/03\/Nachfolgebus-2019-Experten-bringen-Unternehmensnachfolge-auf-Touren_Organisator-16x9.jpg 16w, https:\/\/www.organisator.ch\/wp-content\/uploads\/2019\/03\/Nachfolgebus-2019-Experten-bringen-Unternehmensnachfolge-auf-Touren_Organisator-312x175.jpg 312w, https:\/\/www.organisator.ch\/wp-content\/uploads\/2019\/03\/Nachfolgebus-2019-Experten-bringen-Unternehmensnachfolge-auf-Touren_Organisator-623x350.jpg 623w, https:\/\/www.organisator.ch\/wp-content\/uploads\/2019\/03\/Nachfolgebus-2019-Experten-bringen-Unternehmensnachfolge-auf-Touren_Organisator-300x169.jpg 300w\" sizes=\"auto, (max-width: 680px) 100vw, 680px\" \/><figcaption id=\"caption-attachment-5054\" class=\"wp-caption-text\">Follow-up bus 2019: The team of experts is back on the road after last year's success and will make stops in five cities. (Image: zVg)<\/figcaption><\/figure>\n<p>Of the approximately 600,000 companies in Switzerland, almost 74,000 are currently facing a succession plan. 30 percent fail in this task, because it is complex, time-consuming and requires a wide range of skills. A good 5,000 companies and 30,0001) jobs are lost every year as a result. This development prompted Carla Kaufmann, an experienced succession expert, to focus more attention on business succession among entrepreneurs and the general public in 2018. To this end, she called the <a href=\"http:\/\/nachfolgebus.ch\/\">\"Successor Bus Initiative\"<\/a> and toured throughout German-speaking Switzerland. An Infomobile with 15 experienced succession experts on board, who provide comprehensive information to entrepreneurs in free talks and point out possible solutions. After a more than positive response to the premiere tour with over 170 hours of information talks and 950 tour kilometers, it was clear: the succession bus will be back on the road in 2019.<\/p>\n<h2>Successor bus 2019: Start in Zurich<\/h2>\n<p>The tour will kick off on April 4, 2019, 7 a.m. to 12 p.m., in Zurich, Talstrasse 39. Under the motto \"We present company stories and discuss realities,\" this second tour will focus even more strongly on succession practice. To this end, in addition to the one-on-one meetings, insights into the succession stories of a wide variety of Swiss companies will be provided through interviews and practice dialogs with entrepreneurs and experts.<\/p>\n<h2>Broad-based team of experts<\/h2>\n<p>How does a succession work? What do I have to prepare? What is the value of my company? How do I find a successor for my company? Am I suitable as a successor? The \"Initiative Nachfolgebus\" (Succession Bus Initiative) and its team of experts in Zurich answer these and other \"burning\" questions for SME owners and provide them with a wide range of information.<\/p>\n<p><em><a href=\"http:\/\/www.nachfolgebus.ch\">www.nachfolgebus.ch<\/a><\/em><\/p>","protected":false},"excerpt":{"rendered":"<p>Von den rund 600\u2019000 Unternehmen in der Schweiz stehen derzeit fast 74\u2019000 vor einer Nachfolgeregelung. 30 Prozent scheitern an dieser Aufgabe, denn sie ist komplex, zeitintensiv und verlangt vielf\u00e4ltige Kompetenzen. Gut 5\u2019000 Unternehmen und 30\u20190001) Arbeitspl\u00e4tze gehen so j\u00e4hrlich verloren. Diese Entwicklung, veranlasste die erfahrene Nachfolge-Expertin Carla Kaufmann im 2018, die Unternehmensnachfolge verst\u00e4rkt in den [&hellip;]<\/p>\n","protected":false},"author":4,"featured_media":5054,"comment_status":"open","ping_status":"open","sticky":false,"template":"","format":"standard","meta":{"_acf_changed":false,"_yoast_wpseo_focuskw":"Nachfolgebus 2019","_yoast_wpseo_metadesc":"Carla Kaufmann initiierte 2018 mit einem Expertenteam das Projekt \u00abNachfolgebus\u00bb. Dessen Tour 2019 startet nun am 4. April in Z\u00fcrich.","articlekey":"","footnotes":""},"categories":[28],"tags":[193,207,335,356,357,502],"class_list":["post-5053","post","type-post","status-publish","format-standard","has-post-thumbnail","hentry","category-management","tag-fachkongressfachmesse","tag-firmennachfolge","tag-management-und-unternehmensfuehrung","tag-nachfolgeplanung","tag-nachfolgeregelung","tag-veranstaltungen"],"acf":[],"yoast_head":"<!-- This site is optimized with the Yoast SEO plugin v27.5 - https:\/\/yoast.com\/product\/yoast-seo-wordpress\/ -->\n<title>Nachfolgebus 2019: Experten bringen Unternehmensnachfolge auf Touren - Organisator<\/title>\n<meta name=\"description\" content=\"Carla Kaufmann initiierte 2018 mit einem Expertenteam das Projekt \u00abNachfolgebus\u00bb. Dessen Tour 2019 startet nun am 4. April in Z\u00fcrich.\" \/>\n<meta name=\"robots\" content=\"index, follow, max-snippet:-1, max-image-preview:large, max-video-preview:-1\" \/>\n<link rel=\"canonical\" href=\"https:\/\/www.organisator.ch\/en\/management\/2019-03-22\/nachfolgebus-2019-experten-bringen-unternehmensnachfolge-auf-touren\/\" \/>\n<meta property=\"og:locale\" content=\"en_US\" \/>\n<meta property=\"og:type\" content=\"article\" \/>\n<meta property=\"og:title\" content=\"Nachfolgebus 2019: Experten bringen Unternehmensnachfolge auf Touren\" \/>\n<meta property=\"og:description\" content=\"Carla Kaufmann initiierte 2018 mit einem Expertenteam das Projekt \u00abNachfolgebus\u00bb. Dessen Tour 2019 startet nun am 4. April in Z\u00fcrich.\" \/>\n<meta property=\"og:url\" content=\"https:\/\/www.organisator.ch\/en\/management\/2019-03-22\/nachfolgebus-2019-experten-bringen-unternehmensnachfolge-auf-touren\/\" \/>\n<meta property=\"og:site_name\" content=\"Organisator\" \/>\n<meta property=\"article:publisher\" content=\"https:\/\/www.facebook.com\/OrganisatorFachmagazin\" \/>\n<meta property=\"article:published_time\" content=\"2019-03-22T09:53:19+00:00\" \/>\n<meta property=\"og:image\" content=\"https:\/\/www.organisator.ch\/wp-content\/uploads\/2019\/03\/Nachfolgebus-2019-Experten-bringen-Unternehmensnachfolge-auf-Touren_Organisator.jpg\" \/>\n\t<meta property=\"og:image:width\" content=\"680\" \/>\n\t<meta property=\"og:image:height\" content=\"382\" \/>\n\t<meta property=\"og:image:type\" content=\"image\/jpeg\" \/>\n<meta name=\"author\" content=\"thomas.berner\" \/>\n<meta name=\"twitter:card\" content=\"summary_large_image\" \/>\n<meta name=\"twitter:title\" content=\"Nachfolgebus 2019: Experten bringen #Unternehmensnachfolge auf Touren\" \/>\n<meta name=\"twitter:description\" content=\"Carla Kaufmann initiierte 2018 mit einem Expertenteam das Projekt \u00ab#Nachfolgebus\u00bb. Dessen Tour 2019 startet nun am 4. April in Z\u00fcrich.\" \/>\n<meta name=\"twitter:image\" content=\"https:\/\/www.organisator.ch\/wp-content\/uploads\/2019\/03\/Nachfolgebus-2019-Experten-bringen-Unternehmensnachfolge-auf-Touren_Organisator.jpg\" \/>\n<script type=\"application\/ld+json\" class=\"yoast-schema-graph\">{\"@context\":\"https:\\\/\\\/schema.org\",\"@graph\":[{\"@type\":\"Article\",\"@id\":\"https:\\\/\\\/www.organisator.ch\\\/management\\\/2019-03-22\\\/nachfolgebus-2019-experten-bringen-unternehmensnachfolge-auf-touren\\\/#article\",\"isPartOf\":{\"@id\":\"https:\\\/\\\/www.organisator.ch\\\/management\\\/2019-03-22\\\/nachfolgebus-2019-experten-bringen-unternehmensnachfolge-auf-touren\\\/\"},\"author\":{\"name\":\"thomas.berner\",\"@id\":\"https:\\\/\\\/www.organisator.ch\\\/#\\\/schema\\\/person\\\/6f650f90b2842cd4c0cc334b4e36f67e\"},\"headline\":\"Nachfolgebus 2019: Experten bringen Unternehmensnachfolge auf Touren\",\"datePublished\":\"2019-03-22T09:53:19+00:00\",\"mainEntityOfPage\":{\"@id\":\"https:\\\/\\\/www.organisator.ch\\\/management\\\/2019-03-22\\\/nachfolgebus-2019-experten-bringen-unternehmensnachfolge-auf-touren\\\/\"},\"wordCount\":283,\"commentCount\":0,\"publisher\":{\"@id\":\"https:\\\/\\\/www.organisator.ch\\\/#organization\"},\"image\":{\"@id\":\"https:\\\/\\\/www.organisator.ch\\\/management\\\/2019-03-22\\\/nachfolgebus-2019-experten-bringen-unternehmensnachfolge-auf-touren\\\/#primaryimage\"},\"thumbnailUrl\":\"https:\\\/\\\/www.organisator.ch\\\/wp-content\\\/uploads\\\/2019\\\/03\\\/Nachfolgebus-2019-Experten-bringen-Unternehmensnachfolge-auf-Touren_Organisator.jpg\",\"keywords\":[\"Fachkongress\\\/Fachmesse\",\"Firmennachfolge\",\"Management und Unternehmensf\u00fchrung\",\"Nachfolgeplanung\",\"Nachfolgeregelung\",\"Veranstaltungen\"],\"articleSection\":[\"MANAGEMENT\"],\"inLanguage\":\"en-US\"},{\"@type\":\"WebPage\",\"@id\":\"https:\\\/\\\/www.organisator.ch\\\/management\\\/2019-03-22\\\/nachfolgebus-2019-experten-bringen-unternehmensnachfolge-auf-touren\\\/\",\"url\":\"https:\\\/\\\/www.organisator.ch\\\/management\\\/2019-03-22\\\/nachfolgebus-2019-experten-bringen-unternehmensnachfolge-auf-touren\\\/\",\"name\":\"Nachfolgebus 2019: Experten bringen Unternehmensnachfolge auf Touren - Organisator\",\"isPartOf\":{\"@id\":\"https:\\\/\\\/www.organisator.ch\\\/#website\"},\"primaryImageOfPage\":{\"@id\":\"https:\\\/\\\/www.organisator.ch\\\/management\\\/2019-03-22\\\/nachfolgebus-2019-experten-bringen-unternehmensnachfolge-auf-touren\\\/#primaryimage\"},\"image\":{\"@id\":\"https:\\\/\\\/www.organisator.ch\\\/management\\\/2019-03-22\\\/nachfolgebus-2019-experten-bringen-unternehmensnachfolge-auf-touren\\\/#primaryimage\"},\"thumbnailUrl\":\"https:\\\/\\\/www.organisator.ch\\\/wp-content\\\/uploads\\\/2019\\\/03\\\/Nachfolgebus-2019-Experten-bringen-Unternehmensnachfolge-auf-Touren_Organisator.jpg\",\"datePublished\":\"2019-03-22T09:53:19+00:00\",\"description\":\"Carla Kaufmann initiierte 2018 mit einem Expertenteam das Projekt \u00abNachfolgebus\u00bb. Dessen Tour 2019 startet nun am 4. April in Z\u00fcrich.\",\"breadcrumb\":{\"@id\":\"https:\\\/\\\/www.organisator.ch\\\/management\\\/2019-03-22\\\/nachfolgebus-2019-experten-bringen-unternehmensnachfolge-auf-touren\\\/#breadcrumb\"},\"inLanguage\":\"en-US\",\"potentialAction\":[{\"@type\":\"ReadAction\",\"target\":[\"https:\\\/\\\/www.organisator.ch\\\/management\\\/2019-03-22\\\/nachfolgebus-2019-experten-bringen-unternehmensnachfolge-auf-touren\\\/\"]}]},{\"@type\":\"ImageObject\",\"inLanguage\":\"en-US\",\"@id\":\"https:\\\/\\\/www.organisator.ch\\\/management\\\/2019-03-22\\\/nachfolgebus-2019-experten-bringen-unternehmensnachfolge-auf-touren\\\/#primaryimage\",\"url\":\"https:\\\/\\\/www.organisator.ch\\\/wp-content\\\/uploads\\\/2019\\\/03\\\/Nachfolgebus-2019-Experten-bringen-Unternehmensnachfolge-auf-Touren_Organisator.jpg\",\"contentUrl\":\"https:\\\/\\\/www.organisator.ch\\\/wp-content\\\/uploads\\\/2019\\\/03\\\/Nachfolgebus-2019-Experten-bringen-Unternehmensnachfolge-auf-Touren_Organisator.jpg\",\"width\":680,\"height\":382,\"caption\":\"Nachfolgebus 2019: Das Expertenteam geht nach dem letztj\u00e4hrigen Erfolg wieder an den Start und macht Station in f\u00fcnf St\u00e4dten. (Bild: zVg)\"},{\"@type\":\"BreadcrumbList\",\"@id\":\"https:\\\/\\\/www.organisator.ch\\\/management\\\/2019-03-22\\\/nachfolgebus-2019-experten-bringen-unternehmensnachfolge-auf-touren\\\/#breadcrumb\",\"itemListElement\":[{\"@type\":\"ListItem\",\"position\":1,\"name\":\"Home\",\"item\":\"https:\\\/\\\/www.organisator.ch\\\/\"},{\"@type\":\"ListItem\",\"position\":2,\"name\":\"Nachfolgebus 2019: Experten bringen Unternehmensnachfolge auf Touren\"}]},{\"@type\":\"WebSite\",\"@id\":\"https:\\\/\\\/www.organisator.ch\\\/#website\",\"url\":\"https:\\\/\\\/www.organisator.ch\\\/\",\"name\":\"Organisator\",\"description\":\"Kompetent. Praxisnah. Der ORGANISATOR bereitet in 10 Ausgaben pro Jahr die wesentlichen Themen f\u00fcr F\u00fchrungskr\u00e4fte von KMU auf.\",\"publisher\":{\"@id\":\"https:\\\/\\\/www.organisator.ch\\\/#organization\"},\"potentialAction\":[{\"@type\":\"SearchAction\",\"target\":{\"@type\":\"EntryPoint\",\"urlTemplate\":\"https:\\\/\\\/www.organisator.ch\\\/?s={search_term_string}\"},\"query-input\":{\"@type\":\"PropertyValueSpecification\",\"valueRequired\":true,\"valueName\":\"search_term_string\"}}],\"inLanguage\":\"en-US\"},{\"@type\":\"Organization\",\"@id\":\"https:\\\/\\\/www.organisator.ch\\\/#organization\",\"name\":\"Organisator\",\"url\":\"https:\\\/\\\/www.organisator.ch\\\/\",\"logo\":{\"@type\":\"ImageObject\",\"inLanguage\":\"en-US\",\"@id\":\"https:\\\/\\\/www.organisator.ch\\\/#\\\/schema\\\/logo\\\/image\\\/\",\"url\":\"https:\\\/\\\/www.organisator.ch\\\/wp-content\\\/uploads\\\/2022\\\/01\\\/Logo_Organisator_Website.png\",\"contentUrl\":\"https:\\\/\\\/www.organisator.ch\\\/wp-content\\\/uploads\\\/2022\\\/01\\\/Logo_Organisator_Website.png\",\"width\":800,\"height\":77,\"caption\":\"Organisator\"},\"image\":{\"@id\":\"https:\\\/\\\/www.organisator.ch\\\/#\\\/schema\\\/logo\\\/image\\\/\"},\"sameAs\":[\"https:\\\/\\\/www.facebook.com\\\/OrganisatorFachmagazin\",\"https:\\\/\\\/www.linkedin.com\\\/showcase\\\/organisator-das-magazin-fr-kmu\",\"https:\\\/\\\/www.xing.com\\\/news\\\/pages\\\/organisator-ch-695\",\"https:\\\/\\\/www.youtube.com\\\/channel\\\/UCGP2Sq0iWaZwT3BdIAQFYpw\"]},{\"@type\":\"Person\",\"@id\":\"https:\\\/\\\/www.organisator.ch\\\/#\\\/schema\\\/person\\\/6f650f90b2842cd4c0cc334b4e36f67e\",\"name\":\"thomas.berner\",\"image\":{\"@type\":\"ImageObject\",\"inLanguage\":\"en-US\",\"@id\":\"https:\\\/\\\/secure.gravatar.com\\\/avatar\\\/ac5001d2a36cb6c6cd3e50789007ffca834b477b74a2144564522e944eabff61?s=96&d=mm&r=g\",\"url\":\"https:\\\/\\\/secure.gravatar.com\\\/avatar\\\/ac5001d2a36cb6c6cd3e50789007ffca834b477b74a2144564522e944eabff61?s=96&d=mm&r=g\",\"contentUrl\":\"https:\\\/\\\/secure.gravatar.com\\\/avatar\\\/ac5001d2a36cb6c6cd3e50789007ffca834b477b74a2144564522e944eabff61?s=96&d=mm&r=g\",\"caption\":\"thomas.berner\"},\"url\":\"https:\\\/\\\/www.organisator.ch\\\/en\\\/author\\\/thomas-berner\\\/\"}]}<\/script>\n<!-- \/ Yoast SEO plugin. -->","yoast_head_json":{"title":"Succession bus 2019: Experts bring business succession up to speed - Organizer","description":"In 2018, Carla Kaufmann and a team of experts initiated the \"Nachfolgebus\" project. Its 2019 tour now starts on April 4 in Zurich.","robots":{"index":"index","follow":"follow","max-snippet":"max-snippet:-1","max-image-preview":"max-image-preview:large","max-video-preview":"max-video-preview:-1"},"canonical":"https:\/\/www.organisator.ch\/en\/management\/2019-03-22\/nachfolgebus-2019-experten-bringen-unternehmensnachfolge-auf-touren\/","og_locale":"en_US","og_type":"article","og_title":"Nachfolgebus 2019: Experten bringen Unternehmensnachfolge auf Touren","og_description":"Carla Kaufmann initiierte 2018 mit einem Expertenteam das Projekt \u00abNachfolgebus\u00bb. Dessen Tour 2019 startet nun am 4. April in Z\u00fcrich.","og_url":"https:\/\/www.organisator.ch\/en\/management\/2019-03-22\/nachfolgebus-2019-experten-bringen-unternehmensnachfolge-auf-touren\/","og_site_name":"Organisator","article_publisher":"https:\/\/www.facebook.com\/OrganisatorFachmagazin","article_published_time":"2019-03-22T09:53:19+00:00","og_image":[{"width":680,"height":382,"url":"https:\/\/www.organisator.ch\/wp-content\/uploads\/2019\/03\/Nachfolgebus-2019-Experten-bringen-Unternehmensnachfolge-auf-Touren_Organisator.jpg","type":"image\/jpeg"}],"author":"thomas.berner","twitter_card":"summary_large_image","twitter_title":"Nachfolgebus 2019: Experten bringen #Unternehmensnachfolge auf Touren","twitter_description":"Carla Kaufmann initiierte 2018 mit einem Expertenteam das Projekt \u00ab#Nachfolgebus\u00bb. Dessen Tour 2019 startet nun am 4. April in Z\u00fcrich.","twitter_image":"https:\/\/www.organisator.ch\/wp-content\/uploads\/2019\/03\/Nachfolgebus-2019-Experten-bringen-Unternehmensnachfolge-auf-Touren_Organisator.jpg","schema":{"@context":"https:\/\/schema.org","@graph":[{"@type":"Article","@id":"https:\/\/www.organisator.ch\/management\/2019-03-22\/nachfolgebus-2019-experten-bringen-unternehmensnachfolge-auf-touren\/#article","isPartOf":{"@id":"https:\/\/www.organisator.ch\/management\/2019-03-22\/nachfolgebus-2019-experten-bringen-unternehmensnachfolge-auf-touren\/"},"author":{"name":"thomas.berner","@id":"https:\/\/www.organisator.ch\/#\/schema\/person\/6f650f90b2842cd4c0cc334b4e36f67e"},"headline":"Nachfolgebus 2019: Experten bringen Unternehmensnachfolge auf Touren","datePublished":"2019-03-22T09:53:19+00:00","mainEntityOfPage":{"@id":"https:\/\/www.organisator.ch\/management\/2019-03-22\/nachfolgebus-2019-experten-bringen-unternehmensnachfolge-auf-touren\/"},"wordCount":283,"commentCount":0,"publisher":{"@id":"https:\/\/www.organisator.ch\/#organization"},"image":{"@id":"https:\/\/www.organisator.ch\/management\/2019-03-22\/nachfolgebus-2019-experten-bringen-unternehmensnachfolge-auf-touren\/#primaryimage"},"thumbnailUrl":"https:\/\/www.organisator.ch\/wp-content\/uploads\/2019\/03\/Nachfolgebus-2019-Experten-bringen-Unternehmensnachfolge-auf-Touren_Organisator.jpg","keywords":["Fachkongress\/Fachmesse","Firmennachfolge","Management und Unternehmensf\u00fchrung","Nachfolgeplanung","Nachfolgeregelung","Veranstaltungen"],"articleSection":["MANAGEMENT"],"inLanguage":"en-US"},{"@type":"WebPage","@id":"https:\/\/www.organisator.ch\/management\/2019-03-22\/nachfolgebus-2019-experten-bringen-unternehmensnachfolge-auf-touren\/","url":"https:\/\/www.organisator.ch\/management\/2019-03-22\/nachfolgebus-2019-experten-bringen-unternehmensnachfolge-auf-touren\/","name":"Succession bus 2019: Experts bring business succession up to speed - Organizer","isPartOf":{"@id":"https:\/\/www.organisator.ch\/#website"},"primaryImageOfPage":{"@id":"https:\/\/www.organisator.ch\/management\/2019-03-22\/nachfolgebus-2019-experten-bringen-unternehmensnachfolge-auf-touren\/#primaryimage"},"image":{"@id":"https:\/\/www.organisator.ch\/management\/2019-03-22\/nachfolgebus-2019-experten-bringen-unternehmensnachfolge-auf-touren\/#primaryimage"},"thumbnailUrl":"https:\/\/www.organisator.ch\/wp-content\/uploads\/2019\/03\/Nachfolgebus-2019-Experten-bringen-Unternehmensnachfolge-auf-Touren_Organisator.jpg","datePublished":"2019-03-22T09:53:19+00:00","description":"In 2018, Carla Kaufmann and a team of experts initiated the \"Nachfolgebus\" project. Its 2019 tour now starts on April 4 in Zurich.","breadcrumb":{"@id":"https:\/\/www.organisator.ch\/management\/2019-03-22\/nachfolgebus-2019-experten-bringen-unternehmensnachfolge-auf-touren\/#breadcrumb"},"inLanguage":"en-US","potentialAction":[{"@type":"ReadAction","target":["https:\/\/www.organisator.ch\/management\/2019-03-22\/nachfolgebus-2019-experten-bringen-unternehmensnachfolge-auf-touren\/"]}]},{"@type":"ImageObject","inLanguage":"en-US","@id":"https:\/\/www.organisator.ch\/management\/2019-03-22\/nachfolgebus-2019-experten-bringen-unternehmensnachfolge-auf-touren\/#primaryimage","url":"https:\/\/www.organisator.ch\/wp-content\/uploads\/2019\/03\/Nachfolgebus-2019-Experten-bringen-Unternehmensnachfolge-auf-Touren_Organisator.jpg","contentUrl":"https:\/\/www.organisator.ch\/wp-content\/uploads\/2019\/03\/Nachfolgebus-2019-Experten-bringen-Unternehmensnachfolge-auf-Touren_Organisator.jpg","width":680,"height":382,"caption":"Nachfolgebus 2019: Das Expertenteam geht nach dem letztj\u00e4hrigen Erfolg wieder an den Start und macht Station in f\u00fcnf St\u00e4dten. (Bild: zVg)"},{"@type":"BreadcrumbList","@id":"https:\/\/www.organisator.ch\/management\/2019-03-22\/nachfolgebus-2019-experten-bringen-unternehmensnachfolge-auf-touren\/#breadcrumb","itemListElement":[{"@type":"ListItem","position":1,"name":"Home","item":"https:\/\/www.organisator.ch\/"},{"@type":"ListItem","position":2,"name":"Nachfolgebus 2019: Experten bringen Unternehmensnachfolge auf Touren"}]},{"@type":"WebSite","@id":"https:\/\/www.organisator.ch\/#website","url":"https:\/\/www.organisator.ch\/","name":"Organizer","description":"Competent. Practical. In 10 issues per year, ORGANISATOR presents the essential topics for managers of SMEs.","publisher":{"@id":"https:\/\/www.organisator.ch\/#organization"},"potentialAction":[{"@type":"SearchAction","target":{"@type":"EntryPoint","urlTemplate":"https:\/\/www.organisator.ch\/?s={search_term_string}"},"query-input":{"@type":"PropertyValueSpecification","valueRequired":true,"valueName":"search_term_string"}}],"inLanguage":"en-US"},{"@type":"Organization","@id":"https:\/\/www.organisator.ch\/#organization","name":"Organizer","url":"https:\/\/www.organisator.ch\/","logo":{"@type":"ImageObject","inLanguage":"en-US","@id":"https:\/\/www.organisator.ch\/#\/schema\/logo\/image\/","url":"https:\/\/www.organisator.ch\/wp-content\/uploads\/2022\/01\/Logo_Organisator_Website.png","contentUrl":"https:\/\/www.organisator.ch\/wp-content\/uploads\/2022\/01\/Logo_Organisator_Website.png","width":800,"height":77,"caption":"Organisator"},"image":{"@id":"https:\/\/www.organisator.ch\/#\/schema\/logo\/image\/"},"sameAs":["https:\/\/www.facebook.com\/OrganisatorFachmagazin","https:\/\/www.linkedin.com\/showcase\/organisator-das-magazin-fr-kmu","https:\/\/www.xing.com\/news\/pages\/organisator-ch-695","https:\/\/www.youtube.com\/channel\/UCGP2Sq0iWaZwT3BdIAQFYpw"]},{"@type":"Person","@id":"https:\/\/www.organisator.ch\/#\/schema\/person\/6f650f90b2842cd4c0cc334b4e36f67e","name":"thomas.berner","image":{"@type":"ImageObject","inLanguage":"en-US","@id":"https:\/\/secure.gravatar.com\/avatar\/ac5001d2a36cb6c6cd3e50789007ffca834b477b74a2144564522e944eabff61?s=96&d=mm&r=g","url":"https:\/\/secure.gravatar.com\/avatar\/ac5001d2a36cb6c6cd3e50789007ffca834b477b74a2144564522e944eabff61?s=96&d=mm&r=g","contentUrl":"https:\/\/secure.gravatar.com\/avatar\/ac5001d2a36cb6c6cd3e50789007ffca834b477b74a2144564522e944eabff61?s=96&d=mm&r=g","caption":"thomas.berner"},"url":"https:\/\/www.organisator.ch\/en\/author\/thomas-berner\/"}]}},"_links":{"self":[{"href":"https:\/\/www.organisator.ch\/en\/wp-json\/wp\/v2\/posts\/5053","targetHints":{"allow":["GET"]}}],"collection":[{"href":"https:\/\/www.organisator.ch\/en\/wp-json\/wp\/v2\/posts"}],"about":[{"href":"https:\/\/www.organisator.ch\/en\/wp-json\/wp\/v2\/types\/post"}],"author":[{"embeddable":true,"href":"https:\/\/www.organisator.ch\/en\/wp-json\/wp\/v2\/users\/4"}],"replies":[{"embeddable":true,"href":"https:\/\/www.organisator.ch\/en\/wp-json\/wp\/v2\/comments?post=5053"}],"version-history":[{"count":0,"href":"https:\/\/www.organisator.ch\/en\/wp-json\/wp\/v2\/posts\/5053\/revisions"}],"wp:featuredmedia":[{"embeddable":true,"href":"https:\/\/www.organisator.ch\/en\/wp-json\/wp\/v2\/media\/5054"}],"wp:attachment":[{"href":"https:\/\/www.organisator.ch\/en\/wp-json\/wp\/v2\/media?parent=5053"}],"wp:term":[{"taxonomy":"category","embeddable":true,"href":"https:\/\/www.organisator.ch\/en\/wp-json\/wp\/v2\/categories?post=5053"},{"taxonomy":"post_tag","embeddable":true,"href":"https:\/\/www.organisator.ch\/en\/wp-json\/wp\/v2\/tags?post=5053"}],"curies":[{"name":"wp","href":"https:\/\/api.w.org\/{rel}","templated":true}]}}