{"id":5062,"date":"2019-03-27T09:25:56","date_gmt":"2019-03-27T08:25:56","guid":{"rendered":"https:\/\/www.organisator.ch\/?p=5062"},"modified":"2019-03-27T09:25:56","modified_gmt":"2019-03-27T08:25:56","slug":"switzerland-global-enterprise-zeichnet-beste-exportunternehmen-der-schweiz-aus","status":"publish","type":"post","link":"https:\/\/www.organisator.ch\/en\/management\/2019-03-27\/switzerland-global-enterprise-zeichnet-beste-exportunternehmen-der-schweiz-aus\/","title":{"rendered":"Switzerland Global Enterprise honors best export companies in Switzerland"},"content":{"rendered":"<figure id=\"attachment_5063\" aria-describedby=\"caption-attachment-5063\" style=\"width: 680px\" class=\"wp-caption alignnone\"><img loading=\"lazy\" decoding=\"async\" class=\"size-medium wp-image-5063\" src=\"https:\/\/www.organisator.ch\/wp-content\/uploads\/2019\/03\/Switzerland-Global-Enterprise-zeichnet-beste-Exportunternehmen-der-Schweiz-aus-1_Organisator.jpg\" alt=\"\" width=\"680\" height=\"442\" srcset=\"https:\/\/www.organisator.ch\/wp-content\/uploads\/2019\/03\/Switzerland-Global-Enterprise-zeichnet-beste-Exportunternehmen-der-Schweiz-aus-1_Organisator.jpg 680w, https:\/\/www.organisator.ch\/wp-content\/uploads\/2019\/03\/Switzerland-Global-Enterprise-zeichnet-beste-Exportunternehmen-der-Schweiz-aus-1_Organisator-16x10.jpg 16w, https:\/\/www.organisator.ch\/wp-content\/uploads\/2019\/03\/Switzerland-Global-Enterprise-zeichnet-beste-Exportunternehmen-der-Schweiz-aus-1_Organisator-269x175.jpg 269w, https:\/\/www.organisator.ch\/wp-content\/uploads\/2019\/03\/Switzerland-Global-Enterprise-zeichnet-beste-Exportunternehmen-der-Schweiz-aus-1_Organisator-538x350.jpg 538w, https:\/\/www.organisator.ch\/wp-content\/uploads\/2019\/03\/Switzerland-Global-Enterprise-zeichnet-beste-Exportunternehmen-der-Schweiz-aus-1_Organisator-300x195.jpg 300w\" sizes=\"auto, (max-width: 680px) 100vw, 680px\" \/><figcaption id=\"caption-attachment-5063\" class=\"wp-caption-text\">Wins the Export Award 2019 for the best export company: Raimundo Sierra of VirtaMed, here together with Ruth Metzler-Arnold, President of the Board of Directors of S-GE. (Image: Thomas Berner)<\/figcaption><\/figure>\n<p>This year's Foreign Trade Forum was dominated by mature markets. The EU, the USA and Japan are still Switzerland's most important trading partners. All of these markets are characterized by a high degree of saturation. Nevertheless, according to Daniel K\u00fcng, President of Switzerland Global Enterprise (S-GE), they continue to be the cash cows of most export companies. Disruptive innovations also mostly come from saturated markets. Even if many companies are increasingly focusing on markets \"on their own doorstep,\" globalization is by no means \"dead,\" Daniel K\u00fcng continues. It has merely slowed down somewhat. Andreas Gerber of Credit Suisse echoed this sentiment. Best export companies should keep an eye on both saturated and growth markets in equal measure. \"Flexibility, reliability, innovation and quality are still important Swiss values that are appreciated worldwide,\" Gerber said. Adrian Steiner, CEO of Thermoplan AG in Weggis, then gave an example of how this works successfully. This company equips all Starbucks stores worldwide with coffee vending machines. In his keynote speech, Steiner pointed out that the road to this success was not always an easy one and that in the future, cooperation in particular - if necessary also with competitors - will be an important element.<\/p>\n<h2>Foreign trade strategies of the Confederation<\/h2>\n<p>Guy Parmelin, Minister of Economic Affairs, outlined the Confederation's foreign economic policy strategy at the Foreign Economic Forum. This comprises three pillars: ensuring good relations with the EU, maintaining a functioning WTO, and concluding and renewing free trade agreements. The latter, in particular, is becoming increasingly important because the unilateralism of major economic powers is now jeopardizing the WTO's rules and regulations. Negotiations with the Mercosur states, for example, are already well advanced, and the free trade agreements with Indonesia and Ecuador have been concluded. The negotiation of a free trade agreement with the USA is again being considered; corresponding clarification talks have already begun. Whether negotiations actually take place will only be considered by both sides if a real win-win situation can be created, Parmelin said.<\/p>\n<figure id=\"attachment_5064\" aria-describedby=\"caption-attachment-5064\" style=\"width: 680px\" class=\"wp-caption alignnone\"><img loading=\"lazy\" decoding=\"async\" class=\"size-medium wp-image-5064\" src=\"https:\/\/www.organisator.ch\/wp-content\/uploads\/2019\/03\/Switzerland-Global-Enterprise-zeichnet-beste-Exportunternehmen-der-Schweiz-aus-2_Organisator.jpg\" alt=\"\" width=\"680\" height=\"396\" srcset=\"https:\/\/www.organisator.ch\/wp-content\/uploads\/2019\/03\/Switzerland-Global-Enterprise-zeichnet-beste-Exportunternehmen-der-Schweiz-aus-2_Organisator.jpg 680w, https:\/\/www.organisator.ch\/wp-content\/uploads\/2019\/03\/Switzerland-Global-Enterprise-zeichnet-beste-Exportunternehmen-der-Schweiz-aus-2_Organisator-16x9.jpg 16w, https:\/\/www.organisator.ch\/wp-content\/uploads\/2019\/03\/Switzerland-Global-Enterprise-zeichnet-beste-Exportunternehmen-der-Schweiz-aus-2_Organisator-301x175.jpg 301w, https:\/\/www.organisator.ch\/wp-content\/uploads\/2019\/03\/Switzerland-Global-Enterprise-zeichnet-beste-Exportunternehmen-der-Schweiz-aus-2_Organisator-601x350.jpg 601w, https:\/\/www.organisator.ch\/wp-content\/uploads\/2019\/03\/Switzerland-Global-Enterprise-zeichnet-beste-Exportunternehmen-der-Schweiz-aus-2_Organisator-300x175.jpg 300w\" sizes=\"auto, (max-width: 680px) 100vw, 680px\" \/><figcaption id=\"caption-attachment-5064\" class=\"wp-caption-text\">Federal Councilor Guy Parmelin outlined the Confederation's foreign trade strategy. (Image: Thomas Berner)<\/figcaption><\/figure>\n<h2>Opportunities in saturated markets<\/h2>\n<p>In a talk with experts from S-GE, the focus was on opportunities and challenges in the saturated markets of Japan, the USA and the UK. Thanks to the recently concluded trade agreement, Switzerland continues to hold good cards for the UK in the event of a no-deal Brexit, said Mareike Hood, who is in charge of the Business Hub for the British Isles. She adds that one must separate the Brexit issue from the business aspect anyway, \"because business remains business.\" Claudio Mazzucchelli, in turn, looks after the Japan market for S-GE. He pointed out the importance of cultural knowledge, which one should have for this market. And Caroline Blaser - Head of Business Hub USA - reiterated how interesting the United States can continue to be as a market for Swiss companies.<\/p>\n<h2>Best export companies awarded<\/h2>\n<p>This year's Export Award went to the Zurich-based medtech company VirtaMed. The company, which manufactures simulation devices for surgery training, convinced the jury with its clever export strategy. VirtaMed was in the final together with the companies Andermatt Biocontrol AG from Grossdietwil and CAMAG from Muttenz BL. Twelve years after its founding, the SME in Schlieren employs 100 people from 20 countries and has established two subsidiaries and a global distribution network. VirtaMed is a leader when it comes to virtual training of minimally invasive operations. In the meantime, endoscopic skills are practiced cost-effectively with nearly 1,000 simulators in 50 countries - at training hospitals and medical training centers as well as at manufacturers of medical technology products.<\/p>\n<p>The trophy was presented by Ruth Metzler-Arnold, President of the Board of Directors of S-GE. \"VirtaMed AG has managed to convince the world market with highly precise simulators. With a well thought-out export strategy, the company supplies customers in both emerging and mature markets,\" says Ruth Metzler-Arnold proudly. \"In addition, VirtaMed AG's success story shows how an international sales strategy can contribute to the rapid growth of a company in Switzerland.\"<\/p>\n<p><em><a href=\"http:\/\/www.s-ge.com\">www.s-ge.com<\/a><\/em><\/p>","protected":false},"excerpt":{"rendered":"<p>Das diesj\u00e4hrige Aussenwirtschaftsforum stand im Zeichen von reifen M\u00e4rkten. Der EU-Raum, die USA oder Japan sind nach wie vor die wichtigsten Handelspartner der Schweiz. Alle diese M\u00e4rkte zeichnen sich durch eine hohe S\u00e4ttigung aus. Dennoch bilden diese &#8211; so Daniel K\u00fcng, Pr\u00e4sident von Switzerland Global Enterprise (S-GE) &#8211; nach wie vor die Cash Cows der [&hellip;]<\/p>\n","protected":false},"author":4,"featured_media":5063,"comment_status":"open","ping_status":"open","sticky":false,"template":"","format":"standard","meta":{"_acf_changed":false,"_yoast_wpseo_focuskw":"beste Exportunternehmen","_yoast_wpseo_metadesc":"Am - erstmals ausverkauften - Aussenwirtschaftsforum vom 26. M\u00e4rz 2019 wurde das Medtech-Unternehmen VirtaMed mit dem Export Award 2019 ausgezeichnet.","articlekey":"","footnotes":""},"categories":[28],"tags":[189,193,335,492,531],"class_list":["post-5062","post","type-post","status-publish","format-standard","has-post-thumbnail","hentry","category-management","tag-export","tag-fachkongressfachmesse","tag-management-und-unternehmensfuehrung","tag-unternehmen","tag-wirtschaftspolitik"],"acf":[],"yoast_head":"<!-- This site is optimized with the Yoast SEO plugin v27.4 - https:\/\/yoast.com\/product\/yoast-seo-wordpress\/ -->\n<title>Switzerland Global Enterprise zeichnet beste Exportunternehmen der Schweiz aus - Organisator<\/title>\n<meta name=\"description\" content=\"Am - erstmals ausverkauften - Aussenwirtschaftsforum vom 26. M\u00e4rz 2019 wurde das Medtech-Unternehmen VirtaMed mit dem Export Award 2019 ausgezeichnet.\" \/>\n<meta name=\"robots\" content=\"index, follow, max-snippet:-1, max-image-preview:large, max-video-preview:-1\" \/>\n<link rel=\"canonical\" href=\"https:\/\/www.organisator.ch\/en\/management\/2019-03-27\/switzerland-global-enterprise-zeichnet-beste-exportunternehmen-der-schweiz-aus\/\" \/>\n<meta property=\"og:locale\" content=\"en_US\" \/>\n<meta property=\"og:type\" content=\"article\" \/>\n<meta property=\"og:title\" content=\"Switzerland Global Enterprise zeichnet beste Exportunternehmen der Schweiz aus\" \/>\n<meta property=\"og:description\" content=\"Am - erstmals ausverkauften - Aussenwirtschaftsforum vom 26. M\u00e4rz 2019 wurde das Medtech-Unternehmen VirtaMed mit dem Export Award 2019 ausgezeichnet.\" \/>\n<meta property=\"og:url\" content=\"https:\/\/www.organisator.ch\/en\/management\/2019-03-27\/switzerland-global-enterprise-zeichnet-beste-exportunternehmen-der-schweiz-aus\/\" \/>\n<meta property=\"og:site_name\" content=\"Organisator\" \/>\n<meta property=\"article:publisher\" content=\"https:\/\/www.facebook.com\/OrganisatorFachmagazin\" \/>\n<meta property=\"article:published_time\" content=\"2019-03-27T08:25:56+00:00\" \/>\n<meta property=\"og:image\" content=\"https:\/\/www.organisator.ch\/wp-content\/uploads\/2019\/03\/Switzerland-Global-Enterprise-zeichnet-beste-Exportunternehmen-der-Schweiz-aus-1_Organisator.jpg\" \/>\n\t<meta property=\"og:image:width\" content=\"680\" \/>\n\t<meta property=\"og:image:height\" content=\"442\" \/>\n\t<meta property=\"og:image:type\" content=\"image\/jpeg\" \/>\n<meta name=\"author\" content=\"thomas.berner\" \/>\n<meta name=\"twitter:card\" content=\"summary_large_image\" \/>\n<meta name=\"twitter:title\" content=\"Switzerland Global Enterprise zeichnet beste #Exportunternehmen der Schweiz aus\" \/>\n<meta name=\"twitter:description\" content=\"Am - erstmals ausverkauften - #Aussenwirtschaftsforum vom 26. M\u00e4rz 2019 wurde das Medtech-Unternehmen #VirtaMed mit dem Export Award 2019 ausgezeichnet.\" \/>\n<meta name=\"twitter:image\" content=\"https:\/\/www.organisator.ch\/wp-content\/uploads\/2019\/03\/Switzerland-Global-Enterprise-zeichnet-beste-Exportunternehmen-der-Schweiz-aus-1_Organisator.jpg\" \/>\n<script type=\"application\/ld+json\" class=\"yoast-schema-graph\">{\"@context\":\"https:\\\/\\\/schema.org\",\"@graph\":[{\"@type\":\"Article\",\"@id\":\"https:\\\/\\\/www.organisator.ch\\\/management\\\/2019-03-27\\\/switzerland-global-enterprise-zeichnet-beste-exportunternehmen-der-schweiz-aus\\\/#article\",\"isPartOf\":{\"@id\":\"https:\\\/\\\/www.organisator.ch\\\/management\\\/2019-03-27\\\/switzerland-global-enterprise-zeichnet-beste-exportunternehmen-der-schweiz-aus\\\/\"},\"author\":{\"name\":\"thomas.berner\",\"@id\":\"https:\\\/\\\/www.organisator.ch\\\/#\\\/schema\\\/person\\\/6f650f90b2842cd4c0cc334b4e36f67e\"},\"headline\":\"Switzerland Global Enterprise zeichnet beste Exportunternehmen der Schweiz aus\",\"datePublished\":\"2019-03-27T08:25:56+00:00\",\"mainEntityOfPage\":{\"@id\":\"https:\\\/\\\/www.organisator.ch\\\/management\\\/2019-03-27\\\/switzerland-global-enterprise-zeichnet-beste-exportunternehmen-der-schweiz-aus\\\/\"},\"wordCount\":719,\"commentCount\":0,\"publisher\":{\"@id\":\"https:\\\/\\\/www.organisator.ch\\\/#organization\"},\"image\":{\"@id\":\"https:\\\/\\\/www.organisator.ch\\\/management\\\/2019-03-27\\\/switzerland-global-enterprise-zeichnet-beste-exportunternehmen-der-schweiz-aus\\\/#primaryimage\"},\"thumbnailUrl\":\"https:\\\/\\\/www.organisator.ch\\\/wp-content\\\/uploads\\\/2019\\\/03\\\/Switzerland-Global-Enterprise-zeichnet-beste-Exportunternehmen-der-Schweiz-aus-1_Organisator.jpg\",\"keywords\":[\"Export\",\"Fachkongress\\\/Fachmesse\",\"Management und Unternehmensf\u00fchrung\",\"Unternehmen\",\"Wirtschaftspolitik\"],\"articleSection\":[\"MANAGEMENT\"],\"inLanguage\":\"en-US\"},{\"@type\":\"WebPage\",\"@id\":\"https:\\\/\\\/www.organisator.ch\\\/management\\\/2019-03-27\\\/switzerland-global-enterprise-zeichnet-beste-exportunternehmen-der-schweiz-aus\\\/\",\"url\":\"https:\\\/\\\/www.organisator.ch\\\/management\\\/2019-03-27\\\/switzerland-global-enterprise-zeichnet-beste-exportunternehmen-der-schweiz-aus\\\/\",\"name\":\"Switzerland Global Enterprise zeichnet beste Exportunternehmen der Schweiz aus - Organisator\",\"isPartOf\":{\"@id\":\"https:\\\/\\\/www.organisator.ch\\\/#website\"},\"primaryImageOfPage\":{\"@id\":\"https:\\\/\\\/www.organisator.ch\\\/management\\\/2019-03-27\\\/switzerland-global-enterprise-zeichnet-beste-exportunternehmen-der-schweiz-aus\\\/#primaryimage\"},\"image\":{\"@id\":\"https:\\\/\\\/www.organisator.ch\\\/management\\\/2019-03-27\\\/switzerland-global-enterprise-zeichnet-beste-exportunternehmen-der-schweiz-aus\\\/#primaryimage\"},\"thumbnailUrl\":\"https:\\\/\\\/www.organisator.ch\\\/wp-content\\\/uploads\\\/2019\\\/03\\\/Switzerland-Global-Enterprise-zeichnet-beste-Exportunternehmen-der-Schweiz-aus-1_Organisator.jpg\",\"datePublished\":\"2019-03-27T08:25:56+00:00\",\"description\":\"Am - erstmals ausverkauften - Aussenwirtschaftsforum vom 26. M\u00e4rz 2019 wurde das Medtech-Unternehmen VirtaMed mit dem Export Award 2019 ausgezeichnet.\",\"breadcrumb\":{\"@id\":\"https:\\\/\\\/www.organisator.ch\\\/management\\\/2019-03-27\\\/switzerland-global-enterprise-zeichnet-beste-exportunternehmen-der-schweiz-aus\\\/#breadcrumb\"},\"inLanguage\":\"en-US\",\"potentialAction\":[{\"@type\":\"ReadAction\",\"target\":[\"https:\\\/\\\/www.organisator.ch\\\/management\\\/2019-03-27\\\/switzerland-global-enterprise-zeichnet-beste-exportunternehmen-der-schweiz-aus\\\/\"]}]},{\"@type\":\"ImageObject\",\"inLanguage\":\"en-US\",\"@id\":\"https:\\\/\\\/www.organisator.ch\\\/management\\\/2019-03-27\\\/switzerland-global-enterprise-zeichnet-beste-exportunternehmen-der-schweiz-aus\\\/#primaryimage\",\"url\":\"https:\\\/\\\/www.organisator.ch\\\/wp-content\\\/uploads\\\/2019\\\/03\\\/Switzerland-Global-Enterprise-zeichnet-beste-Exportunternehmen-der-Schweiz-aus-1_Organisator.jpg\",\"contentUrl\":\"https:\\\/\\\/www.organisator.ch\\\/wp-content\\\/uploads\\\/2019\\\/03\\\/Switzerland-Global-Enterprise-zeichnet-beste-Exportunternehmen-der-Schweiz-aus-1_Organisator.jpg\",\"width\":680,\"height\":442,\"caption\":\"Gewinnt den Export Award 2019 f\u00fcr das beste Exportunternehmen: Raimundo Sierra von VirtaMed, hier zusammen mit Ruth Metzler-Arnold, VR-Pr\u00e4sidentin von S-GE. (Bild: Thomas Berner)\"},{\"@type\":\"BreadcrumbList\",\"@id\":\"https:\\\/\\\/www.organisator.ch\\\/management\\\/2019-03-27\\\/switzerland-global-enterprise-zeichnet-beste-exportunternehmen-der-schweiz-aus\\\/#breadcrumb\",\"itemListElement\":[{\"@type\":\"ListItem\",\"position\":1,\"name\":\"Home\",\"item\":\"https:\\\/\\\/www.organisator.ch\\\/\"},{\"@type\":\"ListItem\",\"position\":2,\"name\":\"Switzerland Global Enterprise zeichnet beste Exportunternehmen der Schweiz aus\"}]},{\"@type\":\"WebSite\",\"@id\":\"https:\\\/\\\/www.organisator.ch\\\/#website\",\"url\":\"https:\\\/\\\/www.organisator.ch\\\/\",\"name\":\"Organisator\",\"description\":\"Kompetent. Praxisnah. Der ORGANISATOR bereitet in 10 Ausgaben pro Jahr die wesentlichen Themen f\u00fcr F\u00fchrungskr\u00e4fte von KMU auf.\",\"publisher\":{\"@id\":\"https:\\\/\\\/www.organisator.ch\\\/#organization\"},\"potentialAction\":[{\"@type\":\"SearchAction\",\"target\":{\"@type\":\"EntryPoint\",\"urlTemplate\":\"https:\\\/\\\/www.organisator.ch\\\/?s={search_term_string}\"},\"query-input\":{\"@type\":\"PropertyValueSpecification\",\"valueRequired\":true,\"valueName\":\"search_term_string\"}}],\"inLanguage\":\"en-US\"},{\"@type\":\"Organization\",\"@id\":\"https:\\\/\\\/www.organisator.ch\\\/#organization\",\"name\":\"Organisator\",\"url\":\"https:\\\/\\\/www.organisator.ch\\\/\",\"logo\":{\"@type\":\"ImageObject\",\"inLanguage\":\"en-US\",\"@id\":\"https:\\\/\\\/www.organisator.ch\\\/#\\\/schema\\\/logo\\\/image\\\/\",\"url\":\"https:\\\/\\\/www.organisator.ch\\\/wp-content\\\/uploads\\\/2022\\\/01\\\/Logo_Organisator_Website.png\",\"contentUrl\":\"https:\\\/\\\/www.organisator.ch\\\/wp-content\\\/uploads\\\/2022\\\/01\\\/Logo_Organisator_Website.png\",\"width\":800,\"height\":77,\"caption\":\"Organisator\"},\"image\":{\"@id\":\"https:\\\/\\\/www.organisator.ch\\\/#\\\/schema\\\/logo\\\/image\\\/\"},\"sameAs\":[\"https:\\\/\\\/www.facebook.com\\\/OrganisatorFachmagazin\",\"https:\\\/\\\/www.linkedin.com\\\/showcase\\\/organisator-das-magazin-fr-kmu\",\"https:\\\/\\\/www.xing.com\\\/news\\\/pages\\\/organisator-ch-695\",\"https:\\\/\\\/www.youtube.com\\\/channel\\\/UCGP2Sq0iWaZwT3BdIAQFYpw\"]},{\"@type\":\"Person\",\"@id\":\"https:\\\/\\\/www.organisator.ch\\\/#\\\/schema\\\/person\\\/6f650f90b2842cd4c0cc334b4e36f67e\",\"name\":\"thomas.berner\",\"image\":{\"@type\":\"ImageObject\",\"inLanguage\":\"en-US\",\"@id\":\"https:\\\/\\\/secure.gravatar.com\\\/avatar\\\/ac5001d2a36cb6c6cd3e50789007ffca834b477b74a2144564522e944eabff61?s=96&d=mm&r=g\",\"url\":\"https:\\\/\\\/secure.gravatar.com\\\/avatar\\\/ac5001d2a36cb6c6cd3e50789007ffca834b477b74a2144564522e944eabff61?s=96&d=mm&r=g\",\"contentUrl\":\"https:\\\/\\\/secure.gravatar.com\\\/avatar\\\/ac5001d2a36cb6c6cd3e50789007ffca834b477b74a2144564522e944eabff61?s=96&d=mm&r=g\",\"caption\":\"thomas.berner\"},\"url\":\"https:\\\/\\\/www.organisator.ch\\\/en\\\/author\\\/thomas-berner\\\/\"}]}<\/script>\n<!-- \/ Yoast SEO plugin. -->","yoast_head_json":{"title":"Switzerland Global Enterprise awards best export companies in Switzerland - Organizer","description":"At the Foreign Trade Forum on March 26, 2019 - which was sold out for the first time - the medtech company VirtaMed was presented with the Export Award 2019.","robots":{"index":"index","follow":"follow","max-snippet":"max-snippet:-1","max-image-preview":"max-image-preview:large","max-video-preview":"max-video-preview:-1"},"canonical":"https:\/\/www.organisator.ch\/en\/management\/2019-03-27\/switzerland-global-enterprise-zeichnet-beste-exportunternehmen-der-schweiz-aus\/","og_locale":"en_US","og_type":"article","og_title":"Switzerland Global Enterprise zeichnet beste Exportunternehmen der Schweiz aus","og_description":"Am - erstmals ausverkauften - Aussenwirtschaftsforum vom 26. M\u00e4rz 2019 wurde das Medtech-Unternehmen VirtaMed mit dem Export Award 2019 ausgezeichnet.","og_url":"https:\/\/www.organisator.ch\/en\/management\/2019-03-27\/switzerland-global-enterprise-zeichnet-beste-exportunternehmen-der-schweiz-aus\/","og_site_name":"Organisator","article_publisher":"https:\/\/www.facebook.com\/OrganisatorFachmagazin","article_published_time":"2019-03-27T08:25:56+00:00","og_image":[{"width":680,"height":442,"url":"https:\/\/www.organisator.ch\/wp-content\/uploads\/2019\/03\/Switzerland-Global-Enterprise-zeichnet-beste-Exportunternehmen-der-Schweiz-aus-1_Organisator.jpg","type":"image\/jpeg"}],"author":"thomas.berner","twitter_card":"summary_large_image","twitter_title":"Switzerland Global Enterprise zeichnet beste #Exportunternehmen der Schweiz aus","twitter_description":"Am - erstmals ausverkauften - #Aussenwirtschaftsforum vom 26. M\u00e4rz 2019 wurde das Medtech-Unternehmen #VirtaMed mit dem Export Award 2019 ausgezeichnet.","twitter_image":"https:\/\/www.organisator.ch\/wp-content\/uploads\/2019\/03\/Switzerland-Global-Enterprise-zeichnet-beste-Exportunternehmen-der-Schweiz-aus-1_Organisator.jpg","schema":{"@context":"https:\/\/schema.org","@graph":[{"@type":"Article","@id":"https:\/\/www.organisator.ch\/management\/2019-03-27\/switzerland-global-enterprise-zeichnet-beste-exportunternehmen-der-schweiz-aus\/#article","isPartOf":{"@id":"https:\/\/www.organisator.ch\/management\/2019-03-27\/switzerland-global-enterprise-zeichnet-beste-exportunternehmen-der-schweiz-aus\/"},"author":{"name":"thomas.berner","@id":"https:\/\/www.organisator.ch\/#\/schema\/person\/6f650f90b2842cd4c0cc334b4e36f67e"},"headline":"Switzerland Global Enterprise zeichnet beste Exportunternehmen der Schweiz aus","datePublished":"2019-03-27T08:25:56+00:00","mainEntityOfPage":{"@id":"https:\/\/www.organisator.ch\/management\/2019-03-27\/switzerland-global-enterprise-zeichnet-beste-exportunternehmen-der-schweiz-aus\/"},"wordCount":719,"commentCount":0,"publisher":{"@id":"https:\/\/www.organisator.ch\/#organization"},"image":{"@id":"https:\/\/www.organisator.ch\/management\/2019-03-27\/switzerland-global-enterprise-zeichnet-beste-exportunternehmen-der-schweiz-aus\/#primaryimage"},"thumbnailUrl":"https:\/\/www.organisator.ch\/wp-content\/uploads\/2019\/03\/Switzerland-Global-Enterprise-zeichnet-beste-Exportunternehmen-der-Schweiz-aus-1_Organisator.jpg","keywords":["Export","Fachkongress\/Fachmesse","Management und Unternehmensf\u00fchrung","Unternehmen","Wirtschaftspolitik"],"articleSection":["MANAGEMENT"],"inLanguage":"en-US"},{"@type":"WebPage","@id":"https:\/\/www.organisator.ch\/management\/2019-03-27\/switzerland-global-enterprise-zeichnet-beste-exportunternehmen-der-schweiz-aus\/","url":"https:\/\/www.organisator.ch\/management\/2019-03-27\/switzerland-global-enterprise-zeichnet-beste-exportunternehmen-der-schweiz-aus\/","name":"Switzerland Global Enterprise awards best export companies in Switzerland - Organizer","isPartOf":{"@id":"https:\/\/www.organisator.ch\/#website"},"primaryImageOfPage":{"@id":"https:\/\/www.organisator.ch\/management\/2019-03-27\/switzerland-global-enterprise-zeichnet-beste-exportunternehmen-der-schweiz-aus\/#primaryimage"},"image":{"@id":"https:\/\/www.organisator.ch\/management\/2019-03-27\/switzerland-global-enterprise-zeichnet-beste-exportunternehmen-der-schweiz-aus\/#primaryimage"},"thumbnailUrl":"https:\/\/www.organisator.ch\/wp-content\/uploads\/2019\/03\/Switzerland-Global-Enterprise-zeichnet-beste-Exportunternehmen-der-Schweiz-aus-1_Organisator.jpg","datePublished":"2019-03-27T08:25:56+00:00","description":"At the Foreign Trade Forum on March 26, 2019 - which was sold out for the first time - the medtech company VirtaMed was presented with the Export Award 2019.","breadcrumb":{"@id":"https:\/\/www.organisator.ch\/management\/2019-03-27\/switzerland-global-enterprise-zeichnet-beste-exportunternehmen-der-schweiz-aus\/#breadcrumb"},"inLanguage":"en-US","potentialAction":[{"@type":"ReadAction","target":["https:\/\/www.organisator.ch\/management\/2019-03-27\/switzerland-global-enterprise-zeichnet-beste-exportunternehmen-der-schweiz-aus\/"]}]},{"@type":"ImageObject","inLanguage":"en-US","@id":"https:\/\/www.organisator.ch\/management\/2019-03-27\/switzerland-global-enterprise-zeichnet-beste-exportunternehmen-der-schweiz-aus\/#primaryimage","url":"https:\/\/www.organisator.ch\/wp-content\/uploads\/2019\/03\/Switzerland-Global-Enterprise-zeichnet-beste-Exportunternehmen-der-Schweiz-aus-1_Organisator.jpg","contentUrl":"https:\/\/www.organisator.ch\/wp-content\/uploads\/2019\/03\/Switzerland-Global-Enterprise-zeichnet-beste-Exportunternehmen-der-Schweiz-aus-1_Organisator.jpg","width":680,"height":442,"caption":"Gewinnt den Export Award 2019 f\u00fcr das beste Exportunternehmen: Raimundo Sierra von VirtaMed, hier zusammen mit Ruth Metzler-Arnold, VR-Pr\u00e4sidentin von S-GE. (Bild: Thomas Berner)"},{"@type":"BreadcrumbList","@id":"https:\/\/www.organisator.ch\/management\/2019-03-27\/switzerland-global-enterprise-zeichnet-beste-exportunternehmen-der-schweiz-aus\/#breadcrumb","itemListElement":[{"@type":"ListItem","position":1,"name":"Home","item":"https:\/\/www.organisator.ch\/"},{"@type":"ListItem","position":2,"name":"Switzerland Global Enterprise zeichnet beste Exportunternehmen der Schweiz aus"}]},{"@type":"WebSite","@id":"https:\/\/www.organisator.ch\/#website","url":"https:\/\/www.organisator.ch\/","name":"Organizer","description":"Competent. Practical. In 10 issues per year, ORGANISATOR presents the essential topics for managers of SMEs.","publisher":{"@id":"https:\/\/www.organisator.ch\/#organization"},"potentialAction":[{"@type":"SearchAction","target":{"@type":"EntryPoint","urlTemplate":"https:\/\/www.organisator.ch\/?s={search_term_string}"},"query-input":{"@type":"PropertyValueSpecification","valueRequired":true,"valueName":"search_term_string"}}],"inLanguage":"en-US"},{"@type":"Organization","@id":"https:\/\/www.organisator.ch\/#organization","name":"Organizer","url":"https:\/\/www.organisator.ch\/","logo":{"@type":"ImageObject","inLanguage":"en-US","@id":"https:\/\/www.organisator.ch\/#\/schema\/logo\/image\/","url":"https:\/\/www.organisator.ch\/wp-content\/uploads\/2022\/01\/Logo_Organisator_Website.png","contentUrl":"https:\/\/www.organisator.ch\/wp-content\/uploads\/2022\/01\/Logo_Organisator_Website.png","width":800,"height":77,"caption":"Organisator"},"image":{"@id":"https:\/\/www.organisator.ch\/#\/schema\/logo\/image\/"},"sameAs":["https:\/\/www.facebook.com\/OrganisatorFachmagazin","https:\/\/www.linkedin.com\/showcase\/organisator-das-magazin-fr-kmu","https:\/\/www.xing.com\/news\/pages\/organisator-ch-695","https:\/\/www.youtube.com\/channel\/UCGP2Sq0iWaZwT3BdIAQFYpw"]},{"@type":"Person","@id":"https:\/\/www.organisator.ch\/#\/schema\/person\/6f650f90b2842cd4c0cc334b4e36f67e","name":"thomas.berner","image":{"@type":"ImageObject","inLanguage":"en-US","@id":"https:\/\/secure.gravatar.com\/avatar\/ac5001d2a36cb6c6cd3e50789007ffca834b477b74a2144564522e944eabff61?s=96&d=mm&r=g","url":"https:\/\/secure.gravatar.com\/avatar\/ac5001d2a36cb6c6cd3e50789007ffca834b477b74a2144564522e944eabff61?s=96&d=mm&r=g","contentUrl":"https:\/\/secure.gravatar.com\/avatar\/ac5001d2a36cb6c6cd3e50789007ffca834b477b74a2144564522e944eabff61?s=96&d=mm&r=g","caption":"thomas.berner"},"url":"https:\/\/www.organisator.ch\/en\/author\/thomas-berner\/"}]}},"_links":{"self":[{"href":"https:\/\/www.organisator.ch\/en\/wp-json\/wp\/v2\/posts\/5062","targetHints":{"allow":["GET"]}}],"collection":[{"href":"https:\/\/www.organisator.ch\/en\/wp-json\/wp\/v2\/posts"}],"about":[{"href":"https:\/\/www.organisator.ch\/en\/wp-json\/wp\/v2\/types\/post"}],"author":[{"embeddable":true,"href":"https:\/\/www.organisator.ch\/en\/wp-json\/wp\/v2\/users\/4"}],"replies":[{"embeddable":true,"href":"https:\/\/www.organisator.ch\/en\/wp-json\/wp\/v2\/comments?post=5062"}],"version-history":[{"count":0,"href":"https:\/\/www.organisator.ch\/en\/wp-json\/wp\/v2\/posts\/5062\/revisions"}],"wp:featuredmedia":[{"embeddable":true,"href":"https:\/\/www.organisator.ch\/en\/wp-json\/wp\/v2\/media\/5063"}],"wp:attachment":[{"href":"https:\/\/www.organisator.ch\/en\/wp-json\/wp\/v2\/media?parent=5062"}],"wp:term":[{"taxonomy":"category","embeddable":true,"href":"https:\/\/www.organisator.ch\/en\/wp-json\/wp\/v2\/categories?post=5062"},{"taxonomy":"post_tag","embeddable":true,"href":"https:\/\/www.organisator.ch\/en\/wp-json\/wp\/v2\/tags?post=5062"}],"curies":[{"name":"wp","href":"https:\/\/api.w.org\/{rel}","templated":true}]}}