{"id":5102,"date":"2019-04-05T09:57:25","date_gmt":"2019-04-05T07:57:25","guid":{"rendered":"https:\/\/www.organisator.ch\/?p=5102"},"modified":"2019-04-05T09:57:25","modified_gmt":"2019-04-05T07:57:25","slug":"nachfolgebus-tour-2019-gut-besuchter-start-am-4-april-in-zuerich","status":"publish","type":"post","link":"https:\/\/www.organisator.ch\/en\/management\/2019-04-05\/nachfolgebus-tour-2019-gut-besuchter-start-am-4-april-in-zuerich\/","title":{"rendered":"Follow-up Bus Tour 2019: Well-attended launch on April 4 in Zurich"},"content":{"rendered":"<figure id=\"attachment_5103\" aria-describedby=\"caption-attachment-5103\" style=\"width: 680px\" class=\"wp-caption alignnone\"><img loading=\"lazy\" decoding=\"async\" class=\"size-medium wp-image-5103\" src=\"https:\/\/www.organisator.ch\/wp-content\/uploads\/2019\/04\/Initiative-Nachfolgebus-2019-Gut-besuchter-Start-in-Zuerich_Organisator.jpg\" alt=\"\" width=\"680\" height=\"383\" srcset=\"https:\/\/www.organisator.ch\/wp-content\/uploads\/2019\/04\/Initiative-Nachfolgebus-2019-Gut-besuchter-Start-in-Zuerich_Organisator.jpg 680w, https:\/\/www.organisator.ch\/wp-content\/uploads\/2019\/04\/Initiative-Nachfolgebus-2019-Gut-besuchter-Start-in-Zuerich_Organisator-16x9.jpg 16w, https:\/\/www.organisator.ch\/wp-content\/uploads\/2019\/04\/Initiative-Nachfolgebus-2019-Gut-besuchter-Start-in-Zuerich_Organisator-311x175.jpg 311w, https:\/\/www.organisator.ch\/wp-content\/uploads\/2019\/04\/Initiative-Nachfolgebus-2019-Gut-besuchter-Start-in-Zuerich_Organisator-621x350.jpg 621w, https:\/\/www.organisator.ch\/wp-content\/uploads\/2019\/04\/Initiative-Nachfolgebus-2019-Gut-besuchter-Start-in-Zuerich_Organisator-300x169.jpg 300w\" sizes=\"auto, (max-width: 680px) 100vw, 680px\" \/><figcaption id=\"caption-attachment-5103\" class=\"wp-caption-text\">Carla Kaufmann, initiator of the Nachfolgebus, is pleased with the successful kick-off in Zurich for the Nachfolgebus Tour 2019. (Image: Nachfolgebus.ch)<\/figcaption><\/figure>\n<p>Under the motto \"We present company stories and discuss realities\", the Succession Bus initiative is directing its focus even more strongly on succession practice in 2019. How does succession work? What do I need to prepare? What is the value of my company? How do I find a successor for my company? Am I suited to be a successor? A team of experts answered these and other \"burning\" questions for SME owners in Zurich on April 4, 2019. Around 20 discussions were held. In the process, participants received information that is often not even thought of in the succession process, as one visitor confirmed. \"You have to know and clearly define the goals in a succession plan,\" said succession expert Franziska M\u00fcller Tiberini. \"Because letting go is a challenge\". In addition to the individual discussions, insights into the succession stories of a wide range of Swiss companies were also provided by means of interviews and practical dialogs with entrepreneurs and experts.<\/p>\n<p>In a video message, Zurich's Director of Economic Affairs Carmen Walker Sp\u00e4h welcomed the information initiative around business succession with these words: \"SMEs are central to the economic success of our location. They provide jobs for many people and thus contribute to employment and prosperity. In order for them to be able to operate sustainably and in the long term on the market, founders and bosses must deal with their succession planning in good time. The succession bus offers appropriate advice.\"<\/p>\n<p>The other stops on the 2019 follow-up bus tour are:<\/p>\n<ul>\n<li>May 9: Lucerne<\/li>\n<li>June 6: Weinfelden<\/li>\n<li>October 3: Winterthur<\/li>\n<li>November 7: Bern<\/li>\n<\/ul>\n<p><a href=\"http:\/\/www.nachfolgebus.ch\"><em>www.nachfolgebus.ch<\/em><\/a><\/p>","protected":false},"excerpt":{"rendered":"<p>Unter dem Motto \u00abWir pr\u00e4sentieren Unternehmensgeschichten und besprechen Realit\u00e4ten\u00bb richtet die Initiative Nachfolgebus im Jahr 2019 noch st\u00e4rker ihren Fokus auf die Nachfolgepraxis. Wie l\u00e4uft eine Nachfolge ab? Was muss ich vorbereiten? Welchen Wert hat meine Firma? Wie finde ich einen Nachfolger f\u00fcr meine Firma? Eigne ich mich als Nachfolger? Zu diesen und weiteren \u00abbrennenden\u00bb [&hellip;]<\/p>\n","protected":false},"author":4,"featured_media":5103,"comment_status":"open","ping_status":"open","sticky":false,"template":"","format":"standard","meta":{"_acf_changed":false,"_yoast_wpseo_focuskw":"Nachfolgebus Tour 2019","_yoast_wpseo_metadesc":"Die Nachfolgebus Tour 2019 startete mit seinem Expertenteam nach der erfolgreichen Premiere im letzten Jahr am 4. April 2019 in Z\u00fcrich.","articlekey":"","footnotes":""},"categories":[28],"tags":[193,207,335,496],"class_list":["post-5102","post","type-post","status-publish","format-standard","has-post-thumbnail","hentry","category-management","tag-fachkongressfachmesse","tag-firmennachfolge","tag-management-und-unternehmensfuehrung","tag-unternehmensfuehrung"],"acf":[],"yoast_head":"<!-- This site is optimized with the Yoast SEO plugin v27.5 - https:\/\/yoast.com\/product\/yoast-seo-wordpress\/ -->\n<title>Nachfolgebus Tour 2019: Gut besuchter Start am 4. April in Z\u00fcrich - Organisator<\/title>\n<meta name=\"description\" content=\"Die Nachfolgebus Tour 2019 startete mit seinem Expertenteam nach der erfolgreichen Premiere im letzten Jahr am 4. April 2019 in Z\u00fcrich.\" \/>\n<meta name=\"robots\" content=\"index, follow, max-snippet:-1, max-image-preview:large, max-video-preview:-1\" \/>\n<link rel=\"canonical\" href=\"https:\/\/www.organisator.ch\/en\/management\/2019-04-05\/nachfolgebus-tour-2019-gut-besuchter-start-am-4-april-in-zuerich\/\" \/>\n<meta property=\"og:locale\" content=\"en_US\" \/>\n<meta property=\"og:type\" content=\"article\" \/>\n<meta property=\"og:title\" content=\"Nachfolgebus Tour 2019: Gut besuchter Start am 4. April in Z\u00fcrich\" \/>\n<meta property=\"og:description\" content=\"Die Nachfolgebus Tour 2019 startete mit seinem Expertenteam nach der erfolgreichen Premiere im letzten Jahr am 4. April 2019 in Z\u00fcrich.\" \/>\n<meta property=\"og:url\" content=\"https:\/\/www.organisator.ch\/en\/management\/2019-04-05\/nachfolgebus-tour-2019-gut-besuchter-start-am-4-april-in-zuerich\/\" \/>\n<meta property=\"og:site_name\" content=\"Organisator\" \/>\n<meta property=\"article:publisher\" content=\"https:\/\/www.facebook.com\/OrganisatorFachmagazin\" \/>\n<meta property=\"article:published_time\" content=\"2019-04-05T07:57:25+00:00\" \/>\n<meta property=\"og:image\" content=\"https:\/\/www.organisator.ch\/wp-content\/uploads\/2019\/04\/Initiative-Nachfolgebus-2019-Gut-besuchter-Start-in-Zuerich_Organisator.jpg\" \/>\n\t<meta property=\"og:image:width\" content=\"680\" \/>\n\t<meta property=\"og:image:height\" content=\"383\" \/>\n\t<meta property=\"og:image:type\" content=\"image\/jpeg\" \/>\n<meta name=\"author\" content=\"thomas.berner\" \/>\n<meta name=\"twitter:card\" content=\"summary_large_image\" \/>\n<meta name=\"twitter:title\" content=\"#Nachfolgebus Tour 2019: Gut besuchter Start am 4. April in Z\u00fcrich\" \/>\n<meta name=\"twitter:description\" content=\"Die #Nachfolgebus Tour 2019 startete mit seinem Expertenteam nach der erfolgreichen Premiere im letzten Jahr am 4. April 2019 in Z\u00fcrich.\" \/>\n<meta name=\"twitter:image\" content=\"https:\/\/www.organisator.ch\/wp-content\/uploads\/2019\/04\/Initiative-Nachfolgebus-2019-Gut-besuchter-Start-in-Z\u00fcrich_Organisator.jpg\" \/>\n<script type=\"application\/ld+json\" class=\"yoast-schema-graph\">{\"@context\":\"https:\\\/\\\/schema.org\",\"@graph\":[{\"@type\":\"Article\",\"@id\":\"https:\\\/\\\/www.organisator.ch\\\/management\\\/2019-04-05\\\/nachfolgebus-tour-2019-gut-besuchter-start-am-4-april-in-zuerich\\\/#article\",\"isPartOf\":{\"@id\":\"https:\\\/\\\/www.organisator.ch\\\/management\\\/2019-04-05\\\/nachfolgebus-tour-2019-gut-besuchter-start-am-4-april-in-zuerich\\\/\"},\"author\":{\"name\":\"thomas.berner\",\"@id\":\"https:\\\/\\\/www.organisator.ch\\\/#\\\/schema\\\/person\\\/6f650f90b2842cd4c0cc334b4e36f67e\"},\"headline\":\"Nachfolgebus Tour 2019: Gut besuchter Start am 4. April in Z\u00fcrich\",\"datePublished\":\"2019-04-05T07:57:25+00:00\",\"mainEntityOfPage\":{\"@id\":\"https:\\\/\\\/www.organisator.ch\\\/management\\\/2019-04-05\\\/nachfolgebus-tour-2019-gut-besuchter-start-am-4-april-in-zuerich\\\/\"},\"wordCount\":284,\"commentCount\":0,\"publisher\":{\"@id\":\"https:\\\/\\\/www.organisator.ch\\\/#organization\"},\"image\":{\"@id\":\"https:\\\/\\\/www.organisator.ch\\\/management\\\/2019-04-05\\\/nachfolgebus-tour-2019-gut-besuchter-start-am-4-april-in-zuerich\\\/#primaryimage\"},\"thumbnailUrl\":\"https:\\\/\\\/www.organisator.ch\\\/wp-content\\\/uploads\\\/2019\\\/04\\\/Initiative-Nachfolgebus-2019-Gut-besuchter-Start-in-Zuerich_Organisator.jpg\",\"keywords\":[\"Fachkongress\\\/Fachmesse\",\"Firmennachfolge\",\"Management und Unternehmensf\u00fchrung\",\"Unternehmensf\u00fchrung\"],\"articleSection\":[\"MANAGEMENT\"],\"inLanguage\":\"en-US\"},{\"@type\":\"WebPage\",\"@id\":\"https:\\\/\\\/www.organisator.ch\\\/management\\\/2019-04-05\\\/nachfolgebus-tour-2019-gut-besuchter-start-am-4-april-in-zuerich\\\/\",\"url\":\"https:\\\/\\\/www.organisator.ch\\\/management\\\/2019-04-05\\\/nachfolgebus-tour-2019-gut-besuchter-start-am-4-april-in-zuerich\\\/\",\"name\":\"Nachfolgebus Tour 2019: Gut besuchter Start am 4. April in Z\u00fcrich - Organisator\",\"isPartOf\":{\"@id\":\"https:\\\/\\\/www.organisator.ch\\\/#website\"},\"primaryImageOfPage\":{\"@id\":\"https:\\\/\\\/www.organisator.ch\\\/management\\\/2019-04-05\\\/nachfolgebus-tour-2019-gut-besuchter-start-am-4-april-in-zuerich\\\/#primaryimage\"},\"image\":{\"@id\":\"https:\\\/\\\/www.organisator.ch\\\/management\\\/2019-04-05\\\/nachfolgebus-tour-2019-gut-besuchter-start-am-4-april-in-zuerich\\\/#primaryimage\"},\"thumbnailUrl\":\"https:\\\/\\\/www.organisator.ch\\\/wp-content\\\/uploads\\\/2019\\\/04\\\/Initiative-Nachfolgebus-2019-Gut-besuchter-Start-in-Zuerich_Organisator.jpg\",\"datePublished\":\"2019-04-05T07:57:25+00:00\",\"description\":\"Die Nachfolgebus Tour 2019 startete mit seinem Expertenteam nach der erfolgreichen Premiere im letzten Jahr am 4. April 2019 in Z\u00fcrich.\",\"breadcrumb\":{\"@id\":\"https:\\\/\\\/www.organisator.ch\\\/management\\\/2019-04-05\\\/nachfolgebus-tour-2019-gut-besuchter-start-am-4-april-in-zuerich\\\/#breadcrumb\"},\"inLanguage\":\"en-US\",\"potentialAction\":[{\"@type\":\"ReadAction\",\"target\":[\"https:\\\/\\\/www.organisator.ch\\\/management\\\/2019-04-05\\\/nachfolgebus-tour-2019-gut-besuchter-start-am-4-april-in-zuerich\\\/\"]}]},{\"@type\":\"ImageObject\",\"inLanguage\":\"en-US\",\"@id\":\"https:\\\/\\\/www.organisator.ch\\\/management\\\/2019-04-05\\\/nachfolgebus-tour-2019-gut-besuchter-start-am-4-april-in-zuerich\\\/#primaryimage\",\"url\":\"https:\\\/\\\/www.organisator.ch\\\/wp-content\\\/uploads\\\/2019\\\/04\\\/Initiative-Nachfolgebus-2019-Gut-besuchter-Start-in-Zuerich_Organisator.jpg\",\"contentUrl\":\"https:\\\/\\\/www.organisator.ch\\\/wp-content\\\/uploads\\\/2019\\\/04\\\/Initiative-Nachfolgebus-2019-Gut-besuchter-Start-in-Zuerich_Organisator.jpg\",\"width\":680,\"height\":383,\"caption\":\"Carla Kaufmann, Initiatorin des Nachfolgebus, freut sich \u00fcber den gelungenen Auftakt in Z\u00fcrich f\u00fcr die Nachfolgebus Tour 2019. (Bild: Nachfolgebus.ch)\"},{\"@type\":\"BreadcrumbList\",\"@id\":\"https:\\\/\\\/www.organisator.ch\\\/management\\\/2019-04-05\\\/nachfolgebus-tour-2019-gut-besuchter-start-am-4-april-in-zuerich\\\/#breadcrumb\",\"itemListElement\":[{\"@type\":\"ListItem\",\"position\":1,\"name\":\"Home\",\"item\":\"https:\\\/\\\/www.organisator.ch\\\/\"},{\"@type\":\"ListItem\",\"position\":2,\"name\":\"Nachfolgebus Tour 2019: Gut besuchter Start am 4. April in Z\u00fcrich\"}]},{\"@type\":\"WebSite\",\"@id\":\"https:\\\/\\\/www.organisator.ch\\\/#website\",\"url\":\"https:\\\/\\\/www.organisator.ch\\\/\",\"name\":\"Organisator\",\"description\":\"Kompetent. Praxisnah. Der ORGANISATOR bereitet in 10 Ausgaben pro Jahr die wesentlichen Themen f\u00fcr F\u00fchrungskr\u00e4fte von KMU auf.\",\"publisher\":{\"@id\":\"https:\\\/\\\/www.organisator.ch\\\/#organization\"},\"potentialAction\":[{\"@type\":\"SearchAction\",\"target\":{\"@type\":\"EntryPoint\",\"urlTemplate\":\"https:\\\/\\\/www.organisator.ch\\\/?s={search_term_string}\"},\"query-input\":{\"@type\":\"PropertyValueSpecification\",\"valueRequired\":true,\"valueName\":\"search_term_string\"}}],\"inLanguage\":\"en-US\"},{\"@type\":\"Organization\",\"@id\":\"https:\\\/\\\/www.organisator.ch\\\/#organization\",\"name\":\"Organisator\",\"url\":\"https:\\\/\\\/www.organisator.ch\\\/\",\"logo\":{\"@type\":\"ImageObject\",\"inLanguage\":\"en-US\",\"@id\":\"https:\\\/\\\/www.organisator.ch\\\/#\\\/schema\\\/logo\\\/image\\\/\",\"url\":\"https:\\\/\\\/www.organisator.ch\\\/wp-content\\\/uploads\\\/2022\\\/01\\\/Logo_Organisator_Website.png\",\"contentUrl\":\"https:\\\/\\\/www.organisator.ch\\\/wp-content\\\/uploads\\\/2022\\\/01\\\/Logo_Organisator_Website.png\",\"width\":800,\"height\":77,\"caption\":\"Organisator\"},\"image\":{\"@id\":\"https:\\\/\\\/www.organisator.ch\\\/#\\\/schema\\\/logo\\\/image\\\/\"},\"sameAs\":[\"https:\\\/\\\/www.facebook.com\\\/OrganisatorFachmagazin\",\"https:\\\/\\\/www.linkedin.com\\\/showcase\\\/organisator-das-magazin-fr-kmu\",\"https:\\\/\\\/www.xing.com\\\/news\\\/pages\\\/organisator-ch-695\",\"https:\\\/\\\/www.youtube.com\\\/channel\\\/UCGP2Sq0iWaZwT3BdIAQFYpw\"]},{\"@type\":\"Person\",\"@id\":\"https:\\\/\\\/www.organisator.ch\\\/#\\\/schema\\\/person\\\/6f650f90b2842cd4c0cc334b4e36f67e\",\"name\":\"thomas.berner\",\"image\":{\"@type\":\"ImageObject\",\"inLanguage\":\"en-US\",\"@id\":\"https:\\\/\\\/secure.gravatar.com\\\/avatar\\\/ac5001d2a36cb6c6cd3e50789007ffca834b477b74a2144564522e944eabff61?s=96&d=mm&r=g\",\"url\":\"https:\\\/\\\/secure.gravatar.com\\\/avatar\\\/ac5001d2a36cb6c6cd3e50789007ffca834b477b74a2144564522e944eabff61?s=96&d=mm&r=g\",\"contentUrl\":\"https:\\\/\\\/secure.gravatar.com\\\/avatar\\\/ac5001d2a36cb6c6cd3e50789007ffca834b477b74a2144564522e944eabff61?s=96&d=mm&r=g\",\"caption\":\"thomas.berner\"},\"url\":\"https:\\\/\\\/www.organisator.ch\\\/en\\\/author\\\/thomas-berner\\\/\"}]}<\/script>\n<!-- \/ Yoast SEO plugin. -->","yoast_head_json":{"title":"Follow-up bus tour 2019: Well-attended start on April 4 in Zurich - organizer","description":"The follow-up bus tour 2019 started with his team of experts after the successful premiere last year on April 4, 2019 in Zurich.","robots":{"index":"index","follow":"follow","max-snippet":"max-snippet:-1","max-image-preview":"max-image-preview:large","max-video-preview":"max-video-preview:-1"},"canonical":"https:\/\/www.organisator.ch\/en\/management\/2019-04-05\/nachfolgebus-tour-2019-gut-besuchter-start-am-4-april-in-zuerich\/","og_locale":"en_US","og_type":"article","og_title":"Nachfolgebus Tour 2019: Gut besuchter Start am 4. April in Z\u00fcrich","og_description":"Die Nachfolgebus Tour 2019 startete mit seinem Expertenteam nach der erfolgreichen Premiere im letzten Jahr am 4. April 2019 in Z\u00fcrich.","og_url":"https:\/\/www.organisator.ch\/en\/management\/2019-04-05\/nachfolgebus-tour-2019-gut-besuchter-start-am-4-april-in-zuerich\/","og_site_name":"Organisator","article_publisher":"https:\/\/www.facebook.com\/OrganisatorFachmagazin","article_published_time":"2019-04-05T07:57:25+00:00","og_image":[{"width":680,"height":383,"url":"https:\/\/www.organisator.ch\/wp-content\/uploads\/2019\/04\/Initiative-Nachfolgebus-2019-Gut-besuchter-Start-in-Zuerich_Organisator.jpg","type":"image\/jpeg"}],"author":"thomas.berner","twitter_card":"summary_large_image","twitter_title":"#Nachfolgebus Tour 2019: Gut besuchter Start am 4. April in Z\u00fcrich","twitter_description":"Die #Nachfolgebus Tour 2019 startete mit seinem Expertenteam nach der erfolgreichen Premiere im letzten Jahr am 4. April 2019 in Z\u00fcrich.","twitter_image":"https:\/\/www.organisator.ch\/wp-content\/uploads\/2019\/04\/Initiative-Nachfolgebus-2019-Gut-besuchter-Start-in-Z\u00fcrich_Organisator.jpg","schema":{"@context":"https:\/\/schema.org","@graph":[{"@type":"Article","@id":"https:\/\/www.organisator.ch\/management\/2019-04-05\/nachfolgebus-tour-2019-gut-besuchter-start-am-4-april-in-zuerich\/#article","isPartOf":{"@id":"https:\/\/www.organisator.ch\/management\/2019-04-05\/nachfolgebus-tour-2019-gut-besuchter-start-am-4-april-in-zuerich\/"},"author":{"name":"thomas.berner","@id":"https:\/\/www.organisator.ch\/#\/schema\/person\/6f650f90b2842cd4c0cc334b4e36f67e"},"headline":"Nachfolgebus Tour 2019: Gut besuchter Start am 4. April in Z\u00fcrich","datePublished":"2019-04-05T07:57:25+00:00","mainEntityOfPage":{"@id":"https:\/\/www.organisator.ch\/management\/2019-04-05\/nachfolgebus-tour-2019-gut-besuchter-start-am-4-april-in-zuerich\/"},"wordCount":284,"commentCount":0,"publisher":{"@id":"https:\/\/www.organisator.ch\/#organization"},"image":{"@id":"https:\/\/www.organisator.ch\/management\/2019-04-05\/nachfolgebus-tour-2019-gut-besuchter-start-am-4-april-in-zuerich\/#primaryimage"},"thumbnailUrl":"https:\/\/www.organisator.ch\/wp-content\/uploads\/2019\/04\/Initiative-Nachfolgebus-2019-Gut-besuchter-Start-in-Zuerich_Organisator.jpg","keywords":["Fachkongress\/Fachmesse","Firmennachfolge","Management und Unternehmensf\u00fchrung","Unternehmensf\u00fchrung"],"articleSection":["MANAGEMENT"],"inLanguage":"en-US"},{"@type":"WebPage","@id":"https:\/\/www.organisator.ch\/management\/2019-04-05\/nachfolgebus-tour-2019-gut-besuchter-start-am-4-april-in-zuerich\/","url":"https:\/\/www.organisator.ch\/management\/2019-04-05\/nachfolgebus-tour-2019-gut-besuchter-start-am-4-april-in-zuerich\/","name":"Follow-up bus tour 2019: Well-attended start on April 4 in Zurich - organizer","isPartOf":{"@id":"https:\/\/www.organisator.ch\/#website"},"primaryImageOfPage":{"@id":"https:\/\/www.organisator.ch\/management\/2019-04-05\/nachfolgebus-tour-2019-gut-besuchter-start-am-4-april-in-zuerich\/#primaryimage"},"image":{"@id":"https:\/\/www.organisator.ch\/management\/2019-04-05\/nachfolgebus-tour-2019-gut-besuchter-start-am-4-april-in-zuerich\/#primaryimage"},"thumbnailUrl":"https:\/\/www.organisator.ch\/wp-content\/uploads\/2019\/04\/Initiative-Nachfolgebus-2019-Gut-besuchter-Start-in-Zuerich_Organisator.jpg","datePublished":"2019-04-05T07:57:25+00:00","description":"The follow-up bus tour 2019 started with his team of experts after the successful premiere last year on April 4, 2019 in Zurich.","breadcrumb":{"@id":"https:\/\/www.organisator.ch\/management\/2019-04-05\/nachfolgebus-tour-2019-gut-besuchter-start-am-4-april-in-zuerich\/#breadcrumb"},"inLanguage":"en-US","potentialAction":[{"@type":"ReadAction","target":["https:\/\/www.organisator.ch\/management\/2019-04-05\/nachfolgebus-tour-2019-gut-besuchter-start-am-4-april-in-zuerich\/"]}]},{"@type":"ImageObject","inLanguage":"en-US","@id":"https:\/\/www.organisator.ch\/management\/2019-04-05\/nachfolgebus-tour-2019-gut-besuchter-start-am-4-april-in-zuerich\/#primaryimage","url":"https:\/\/www.organisator.ch\/wp-content\/uploads\/2019\/04\/Initiative-Nachfolgebus-2019-Gut-besuchter-Start-in-Zuerich_Organisator.jpg","contentUrl":"https:\/\/www.organisator.ch\/wp-content\/uploads\/2019\/04\/Initiative-Nachfolgebus-2019-Gut-besuchter-Start-in-Zuerich_Organisator.jpg","width":680,"height":383,"caption":"Carla Kaufmann, Initiatorin des Nachfolgebus, freut sich \u00fcber den gelungenen Auftakt in Z\u00fcrich f\u00fcr die Nachfolgebus Tour 2019. (Bild: Nachfolgebus.ch)"},{"@type":"BreadcrumbList","@id":"https:\/\/www.organisator.ch\/management\/2019-04-05\/nachfolgebus-tour-2019-gut-besuchter-start-am-4-april-in-zuerich\/#breadcrumb","itemListElement":[{"@type":"ListItem","position":1,"name":"Home","item":"https:\/\/www.organisator.ch\/"},{"@type":"ListItem","position":2,"name":"Nachfolgebus Tour 2019: Gut besuchter Start am 4. April in Z\u00fcrich"}]},{"@type":"WebSite","@id":"https:\/\/www.organisator.ch\/#website","url":"https:\/\/www.organisator.ch\/","name":"Organizer","description":"Competent. Practical. In 10 issues per year, ORGANISATOR presents the essential topics for managers of SMEs.","publisher":{"@id":"https:\/\/www.organisator.ch\/#organization"},"potentialAction":[{"@type":"SearchAction","target":{"@type":"EntryPoint","urlTemplate":"https:\/\/www.organisator.ch\/?s={search_term_string}"},"query-input":{"@type":"PropertyValueSpecification","valueRequired":true,"valueName":"search_term_string"}}],"inLanguage":"en-US"},{"@type":"Organization","@id":"https:\/\/www.organisator.ch\/#organization","name":"Organizer","url":"https:\/\/www.organisator.ch\/","logo":{"@type":"ImageObject","inLanguage":"en-US","@id":"https:\/\/www.organisator.ch\/#\/schema\/logo\/image\/","url":"https:\/\/www.organisator.ch\/wp-content\/uploads\/2022\/01\/Logo_Organisator_Website.png","contentUrl":"https:\/\/www.organisator.ch\/wp-content\/uploads\/2022\/01\/Logo_Organisator_Website.png","width":800,"height":77,"caption":"Organisator"},"image":{"@id":"https:\/\/www.organisator.ch\/#\/schema\/logo\/image\/"},"sameAs":["https:\/\/www.facebook.com\/OrganisatorFachmagazin","https:\/\/www.linkedin.com\/showcase\/organisator-das-magazin-fr-kmu","https:\/\/www.xing.com\/news\/pages\/organisator-ch-695","https:\/\/www.youtube.com\/channel\/UCGP2Sq0iWaZwT3BdIAQFYpw"]},{"@type":"Person","@id":"https:\/\/www.organisator.ch\/#\/schema\/person\/6f650f90b2842cd4c0cc334b4e36f67e","name":"thomas.berner","image":{"@type":"ImageObject","inLanguage":"en-US","@id":"https:\/\/secure.gravatar.com\/avatar\/ac5001d2a36cb6c6cd3e50789007ffca834b477b74a2144564522e944eabff61?s=96&d=mm&r=g","url":"https:\/\/secure.gravatar.com\/avatar\/ac5001d2a36cb6c6cd3e50789007ffca834b477b74a2144564522e944eabff61?s=96&d=mm&r=g","contentUrl":"https:\/\/secure.gravatar.com\/avatar\/ac5001d2a36cb6c6cd3e50789007ffca834b477b74a2144564522e944eabff61?s=96&d=mm&r=g","caption":"thomas.berner"},"url":"https:\/\/www.organisator.ch\/en\/author\/thomas-berner\/"}]}},"_links":{"self":[{"href":"https:\/\/www.organisator.ch\/en\/wp-json\/wp\/v2\/posts\/5102","targetHints":{"allow":["GET"]}}],"collection":[{"href":"https:\/\/www.organisator.ch\/en\/wp-json\/wp\/v2\/posts"}],"about":[{"href":"https:\/\/www.organisator.ch\/en\/wp-json\/wp\/v2\/types\/post"}],"author":[{"embeddable":true,"href":"https:\/\/www.organisator.ch\/en\/wp-json\/wp\/v2\/users\/4"}],"replies":[{"embeddable":true,"href":"https:\/\/www.organisator.ch\/en\/wp-json\/wp\/v2\/comments?post=5102"}],"version-history":[{"count":0,"href":"https:\/\/www.organisator.ch\/en\/wp-json\/wp\/v2\/posts\/5102\/revisions"}],"wp:featuredmedia":[{"embeddable":true,"href":"https:\/\/www.organisator.ch\/en\/wp-json\/wp\/v2\/media\/5103"}],"wp:attachment":[{"href":"https:\/\/www.organisator.ch\/en\/wp-json\/wp\/v2\/media?parent=5102"}],"wp:term":[{"taxonomy":"category","embeddable":true,"href":"https:\/\/www.organisator.ch\/en\/wp-json\/wp\/v2\/categories?post=5102"},{"taxonomy":"post_tag","embeddable":true,"href":"https:\/\/www.organisator.ch\/en\/wp-json\/wp\/v2\/tags?post=5102"}],"curies":[{"name":"wp","href":"https:\/\/api.w.org\/{rel}","templated":true}]}}