{"id":5151,"date":"2021-12-02T07:31:13","date_gmt":"2021-12-02T06:31:13","guid":{"rendered":"https:\/\/www.umweltperspektiven.ch\/?p=5151"},"modified":"2022-02-09T11:06:03","modified_gmt":"2022-02-09T10:06:03","slug":"waermedepot-im-erdreich","status":"publish","type":"post","link":"https:\/\/www.organisator.ch\/en\/sustainability\/2021-12-02\/waermedepot-im-erdreich\/","title":{"rendered":"Heat depot in the ground"},"content":{"rendered":"<figure id=\"attachment_5152\" aria-describedby=\"caption-attachment-5152\" style=\"width: 680px\" class=\"wp-caption aligncenter\"><img loading=\"lazy\" decoding=\"async\" class=\"size-medium wp-image-5152\" src=\"\/\/www.umweltperspektiven.ch\/wp-content\/uploads\/2021\/12\/IMG_1850-kleiner.jpg\" alt=\"Energy storage\" width=\"680\" height=\"510\" \/><figcaption id=\"caption-attachment-5152\" class=\"wp-caption-text\">The construction site of \"co-operate\" in D\u00fcbendorf. Image: Empa<\/figcaption><\/figure>\n<div class=\"std-paragraph-block\">\n<div class=\"std-art-paragraph\">\n<p>The new research campus \"co-operate\" in D\u00fcbendorf is itself an object of research. This is because an experimental, seasonal energy storage system is being built under the site, which will supply energy not only to the new buildings but also to the entire Empa site. In summer, for example, the waste heat from ventilation and laboratory equipment will be stored so that it can be used in winter for heating or for the production of domestic hot water. The aim is to either use around 90% of the waste heat generated directly or to \"store\" it temporarily in the underground storage facility. In this way, Empa aims to reduce CO<sub>2<\/sub>-emissions of their buildings to a minimum and thus lay an important milestone for a sustainable energy future.<\/p>\n<\/div>\n<\/div>\n<h2><strong>Maximum temperatures up to 50 degrees<\/strong><\/h2>\n<p>For ten years, Empa can use the heat storage facility primarily for research purposes. The heat reservoir - an earth probe field with a temperature gradient - comprises 144 earth probes extending up to 100 meters deep into the ground. At this depth, the storage unit works particularly effectively, losing only a small proportion of the stored heat to the environment. In the center of the borehole heat exchanger field, maximum temperatures can be as high as 50\u00b0C, while at the edges the values are around 10\u00b0C. Using a tube system, it is possible to control each tube of the borehole heat exchanger individually or also defined areas and thus achieve the optimum mix between temperature, efficiency and energy storage.<\/p>\n<p>Although such an earth reservoir is very effective, it is also sluggish due to its large mass. The Empa researchers assume that the final operating temperature will be reached after about three to four years.<\/p>\n<figure id=\"attachment_5153\" aria-describedby=\"caption-attachment-5153\" style=\"width: 680px\" class=\"wp-caption alignnone\"><img loading=\"lazy\" decoding=\"async\" class=\"size-medium wp-image-5153\" src=\"\/\/www.umweltperspektiven.ch\/wp-content\/uploads\/2021\/12\/EQ73-Erdreich-Grafik-DE.png\" alt=\"Energy storage\" width=\"680\" height=\"956\" \/><figcaption id=\"caption-attachment-5153\" class=\"wp-caption-text\">The heat reservoir - a field of geothermal probes with a temperature gradient - comprises 144 geothermal probes extending up to 100 meters deep into the ground. Illustration: Empa<\/figcaption><\/figure>\n<p>&nbsp;<\/p>\n<p><strong><em>Other topics:<\/em><\/strong><\/p>\n<p><a href=\"\/\/www.umweltperspektiven.ch\/wohnungen-mit-der-abwaerme-des-rechenzentrums-heizen\/\"><em>Heating apartments with waste heat from the data center<\/em><\/a><\/p>\n<p>&nbsp;<\/p>\n<p>&nbsp;<\/p>","protected":false},"excerpt":{"rendered":"<p>Der neu entstehende\u00a0Forschungscampus \u00abco-operate\u00bb in D\u00fcbendorf ist\u00a0zugleich selber Objekt der Forschung. Denn unter dem Areal entsteht ein experimenteller, saisonaler Energiespeicher, der nicht nur die neuen Geb\u00e4ude, sondern das gesamte Empa-Areal mit Energie beliefern wird. Im Sommer wird etwa die Abw\u00e4rme von L\u00fcftungen und Laborger\u00e4ten gespeichert, um diese dann im Winter zum Heizen oder f\u00fcr die [&hellip;]<\/p>\n","protected":false},"author":6,"featured_media":9876,"comment_status":"closed","ping_status":"closed","sticky":false,"template":"","format":"standard","meta":{"_acf_changed":false,"_yoast_wpseo_focuskw":"Energiespeicher","_yoast_wpseo_metadesc":"Unter dem Empa-Areal entsteht ein saisonaler Energiespeicher, der nicht nur die neuen Geb\u00e4ude, sondern das gesamte Empa-Areal mit Energie beliefern wird.","articlekey":"","footnotes":""},"categories":[580],"tags":[1083],"class_list":["post-5151","post","type-post","status-publish","format-standard","has-post-thumbnail","hentry","category-sustainability","tag-energiespeicher"],"acf":[],"yoast_head":"<!-- This site is optimized with the Yoast SEO plugin v27.5 - https:\/\/yoast.com\/product\/yoast-seo-wordpress\/ -->\n<title>W\u00e4rmedepot im Erdreich - Organisator<\/title>\n<meta name=\"description\" content=\"Unter dem Empa-Areal entsteht ein saisonaler Energiespeicher, der nicht nur die neuen Geb\u00e4ude, sondern das gesamte Empa-Areal mit Energie beliefern wird.\" \/>\n<meta name=\"robots\" content=\"index, follow, max-snippet:-1, max-image-preview:large, max-video-preview:-1\" \/>\n<link rel=\"canonical\" href=\"https:\/\/www.organisator.ch\/en\/sustainability\/2021-12-02\/waermedepot-im-erdreich\/\" \/>\n<meta property=\"og:locale\" content=\"en_US\" \/>\n<meta property=\"og:type\" content=\"article\" \/>\n<meta property=\"og:title\" content=\"W\u00e4rmedepot im Erdreich - Organisator\" \/>\n<meta property=\"og:description\" content=\"Unter dem Empa-Areal entsteht ein saisonaler Energiespeicher, der nicht nur die neuen Geb\u00e4ude, sondern das gesamte Empa-Areal mit Energie beliefern wird.\" \/>\n<meta property=\"og:url\" content=\"https:\/\/www.organisator.ch\/en\/sustainability\/2021-12-02\/waermedepot-im-erdreich\/\" \/>\n<meta property=\"og:site_name\" content=\"Organisator\" \/>\n<meta property=\"article:publisher\" content=\"https:\/\/www.facebook.com\/OrganisatorFachmagazin\" \/>\n<meta property=\"article:published_time\" content=\"2021-12-02T06:31:13+00:00\" \/>\n<meta property=\"article:modified_time\" content=\"2022-02-09T10:06:03+00:00\" \/>\n<meta property=\"og:image\" content=\"https:\/\/www.organisator.ch\/wp-content\/uploads\/2021\/12\/IMG_1850-kleiner-scaled.jpg\" \/>\n\t<meta property=\"og:image:width\" content=\"2560\" \/>\n\t<meta property=\"og:image:height\" content=\"1920\" \/>\n\t<meta property=\"og:image:type\" content=\"image\/jpeg\" \/>\n<meta name=\"author\" content=\"roger.straessle\" \/>\n<meta name=\"twitter:card\" content=\"summary_large_image\" \/>\n<script type=\"application\/ld+json\" class=\"yoast-schema-graph\">{\"@context\":\"https:\\\/\\\/schema.org\",\"@graph\":[{\"@type\":\"Article\",\"@id\":\"https:\\\/\\\/www.organisator.ch\\\/sustainability\\\/2021-12-02\\\/waermedepot-im-erdreich\\\/#article\",\"isPartOf\":{\"@id\":\"https:\\\/\\\/www.organisator.ch\\\/sustainability\\\/2021-12-02\\\/waermedepot-im-erdreich\\\/\"},\"author\":{\"name\":\"roger.straessle\",\"@id\":\"https:\\\/\\\/www.organisator.ch\\\/#\\\/schema\\\/person\\\/a800b8c54e208b160517a7dcc323161d\"},\"headline\":\"W\u00e4rmedepot im Erdreich\",\"datePublished\":\"2021-12-02T06:31:13+00:00\",\"dateModified\":\"2022-02-09T10:06:03+00:00\",\"mainEntityOfPage\":{\"@id\":\"https:\\\/\\\/www.organisator.ch\\\/sustainability\\\/2021-12-02\\\/waermedepot-im-erdreich\\\/\"},\"wordCount\":320,\"publisher\":{\"@id\":\"https:\\\/\\\/www.organisator.ch\\\/#organization\"},\"image\":{\"@id\":\"https:\\\/\\\/www.organisator.ch\\\/sustainability\\\/2021-12-02\\\/waermedepot-im-erdreich\\\/#primaryimage\"},\"thumbnailUrl\":\"https:\\\/\\\/www.organisator.ch\\\/wp-content\\\/uploads\\\/2021\\\/12\\\/IMG_1850-kleiner-scaled.jpg\",\"keywords\":[\"Energiespeicher\"],\"articleSection\":[\"SUSTAINABILITY\"],\"inLanguage\":\"en-US\"},{\"@type\":\"WebPage\",\"@id\":\"https:\\\/\\\/www.organisator.ch\\\/sustainability\\\/2021-12-02\\\/waermedepot-im-erdreich\\\/\",\"url\":\"https:\\\/\\\/www.organisator.ch\\\/sustainability\\\/2021-12-02\\\/waermedepot-im-erdreich\\\/\",\"name\":\"W\u00e4rmedepot im Erdreich - Organisator\",\"isPartOf\":{\"@id\":\"https:\\\/\\\/www.organisator.ch\\\/#website\"},\"primaryImageOfPage\":{\"@id\":\"https:\\\/\\\/www.organisator.ch\\\/sustainability\\\/2021-12-02\\\/waermedepot-im-erdreich\\\/#primaryimage\"},\"image\":{\"@id\":\"https:\\\/\\\/www.organisator.ch\\\/sustainability\\\/2021-12-02\\\/waermedepot-im-erdreich\\\/#primaryimage\"},\"thumbnailUrl\":\"https:\\\/\\\/www.organisator.ch\\\/wp-content\\\/uploads\\\/2021\\\/12\\\/IMG_1850-kleiner-scaled.jpg\",\"datePublished\":\"2021-12-02T06:31:13+00:00\",\"dateModified\":\"2022-02-09T10:06:03+00:00\",\"description\":\"Unter dem Empa-Areal entsteht ein saisonaler Energiespeicher, der nicht nur die neuen Geb\u00e4ude, sondern das gesamte Empa-Areal mit Energie beliefern wird.\",\"breadcrumb\":{\"@id\":\"https:\\\/\\\/www.organisator.ch\\\/sustainability\\\/2021-12-02\\\/waermedepot-im-erdreich\\\/#breadcrumb\"},\"inLanguage\":\"en-US\",\"potentialAction\":[{\"@type\":\"ReadAction\",\"target\":[\"https:\\\/\\\/www.organisator.ch\\\/sustainability\\\/2021-12-02\\\/waermedepot-im-erdreich\\\/\"]}]},{\"@type\":\"ImageObject\",\"inLanguage\":\"en-US\",\"@id\":\"https:\\\/\\\/www.organisator.ch\\\/sustainability\\\/2021-12-02\\\/waermedepot-im-erdreich\\\/#primaryimage\",\"url\":\"https:\\\/\\\/www.organisator.ch\\\/wp-content\\\/uploads\\\/2021\\\/12\\\/IMG_1850-kleiner-scaled.jpg\",\"contentUrl\":\"https:\\\/\\\/www.organisator.ch\\\/wp-content\\\/uploads\\\/2021\\\/12\\\/IMG_1850-kleiner-scaled.jpg\",\"width\":2560,\"height\":1920,\"caption\":\"Die Baustelle von \u00abco-operate\u00bb in D\u00fcbendorf. Bild: Empa\"},{\"@type\":\"BreadcrumbList\",\"@id\":\"https:\\\/\\\/www.organisator.ch\\\/sustainability\\\/2021-12-02\\\/waermedepot-im-erdreich\\\/#breadcrumb\",\"itemListElement\":[{\"@type\":\"ListItem\",\"position\":1,\"name\":\"Home\",\"item\":\"https:\\\/\\\/www.organisator.ch\\\/\"},{\"@type\":\"ListItem\",\"position\":2,\"name\":\"W\u00e4rmedepot im Erdreich\"}]},{\"@type\":\"WebSite\",\"@id\":\"https:\\\/\\\/www.organisator.ch\\\/#website\",\"url\":\"https:\\\/\\\/www.organisator.ch\\\/\",\"name\":\"Organisator\",\"description\":\"Kompetent. Praxisnah. Der ORGANISATOR bereitet in 10 Ausgaben pro Jahr die wesentlichen Themen f\u00fcr F\u00fchrungskr\u00e4fte von KMU auf.\",\"publisher\":{\"@id\":\"https:\\\/\\\/www.organisator.ch\\\/#organization\"},\"potentialAction\":[{\"@type\":\"SearchAction\",\"target\":{\"@type\":\"EntryPoint\",\"urlTemplate\":\"https:\\\/\\\/www.organisator.ch\\\/?s={search_term_string}\"},\"query-input\":{\"@type\":\"PropertyValueSpecification\",\"valueRequired\":true,\"valueName\":\"search_term_string\"}}],\"inLanguage\":\"en-US\"},{\"@type\":\"Organization\",\"@id\":\"https:\\\/\\\/www.organisator.ch\\\/#organization\",\"name\":\"Organisator\",\"url\":\"https:\\\/\\\/www.organisator.ch\\\/\",\"logo\":{\"@type\":\"ImageObject\",\"inLanguage\":\"en-US\",\"@id\":\"https:\\\/\\\/www.organisator.ch\\\/#\\\/schema\\\/logo\\\/image\\\/\",\"url\":\"https:\\\/\\\/www.organisator.ch\\\/wp-content\\\/uploads\\\/2022\\\/01\\\/Logo_Organisator_Website.png\",\"contentUrl\":\"https:\\\/\\\/www.organisator.ch\\\/wp-content\\\/uploads\\\/2022\\\/01\\\/Logo_Organisator_Website.png\",\"width\":800,\"height\":77,\"caption\":\"Organisator\"},\"image\":{\"@id\":\"https:\\\/\\\/www.organisator.ch\\\/#\\\/schema\\\/logo\\\/image\\\/\"},\"sameAs\":[\"https:\\\/\\\/www.facebook.com\\\/OrganisatorFachmagazin\",\"https:\\\/\\\/www.linkedin.com\\\/showcase\\\/organisator-das-magazin-fr-kmu\",\"https:\\\/\\\/www.xing.com\\\/news\\\/pages\\\/organisator-ch-695\",\"https:\\\/\\\/www.youtube.com\\\/channel\\\/UCGP2Sq0iWaZwT3BdIAQFYpw\"]},{\"@type\":\"Person\",\"@id\":\"https:\\\/\\\/www.organisator.ch\\\/#\\\/schema\\\/person\\\/a800b8c54e208b160517a7dcc323161d\",\"name\":\"roger.straessle\",\"image\":{\"@type\":\"ImageObject\",\"inLanguage\":\"en-US\",\"@id\":\"https:\\\/\\\/secure.gravatar.com\\\/avatar\\\/?s=96&d=mm&r=g\",\"url\":\"https:\\\/\\\/secure.gravatar.com\\\/avatar\\\/?s=96&d=mm&r=g\",\"contentUrl\":\"https:\\\/\\\/secure.gravatar.com\\\/avatar\\\/?s=96&d=mm&r=g\",\"caption\":\"roger.straessle\"},\"url\":\"https:\\\/\\\/www.organisator.ch\\\/en\\\/author\\\/roger-straessle\\\/\"}]}<\/script>\n<!-- \/ Yoast SEO plugin. -->","yoast_head_json":{"title":"Heat depot in the ground - organizer","description":"A seasonal energy storage facility is being built under the Empa site, which will supply energy not only to the new buildings but also to the entire Empa site.","robots":{"index":"index","follow":"follow","max-snippet":"max-snippet:-1","max-image-preview":"max-image-preview:large","max-video-preview":"max-video-preview:-1"},"canonical":"https:\/\/www.organisator.ch\/en\/sustainability\/2021-12-02\/waermedepot-im-erdreich\/","og_locale":"en_US","og_type":"article","og_title":"W\u00e4rmedepot im Erdreich - Organisator","og_description":"Unter dem Empa-Areal entsteht ein saisonaler Energiespeicher, der nicht nur die neuen Geb\u00e4ude, sondern das gesamte Empa-Areal mit Energie beliefern wird.","og_url":"https:\/\/www.organisator.ch\/en\/sustainability\/2021-12-02\/waermedepot-im-erdreich\/","og_site_name":"Organisator","article_publisher":"https:\/\/www.facebook.com\/OrganisatorFachmagazin","article_published_time":"2021-12-02T06:31:13+00:00","article_modified_time":"2022-02-09T10:06:03+00:00","og_image":[{"width":2560,"height":1920,"url":"https:\/\/www.organisator.ch\/wp-content\/uploads\/2021\/12\/IMG_1850-kleiner-scaled.jpg","type":"image\/jpeg"}],"author":"roger.straessle","twitter_card":"summary_large_image","schema":{"@context":"https:\/\/schema.org","@graph":[{"@type":"Article","@id":"https:\/\/www.organisator.ch\/sustainability\/2021-12-02\/waermedepot-im-erdreich\/#article","isPartOf":{"@id":"https:\/\/www.organisator.ch\/sustainability\/2021-12-02\/waermedepot-im-erdreich\/"},"author":{"name":"roger.straessle","@id":"https:\/\/www.organisator.ch\/#\/schema\/person\/a800b8c54e208b160517a7dcc323161d"},"headline":"W\u00e4rmedepot im Erdreich","datePublished":"2021-12-02T06:31:13+00:00","dateModified":"2022-02-09T10:06:03+00:00","mainEntityOfPage":{"@id":"https:\/\/www.organisator.ch\/sustainability\/2021-12-02\/waermedepot-im-erdreich\/"},"wordCount":320,"publisher":{"@id":"https:\/\/www.organisator.ch\/#organization"},"image":{"@id":"https:\/\/www.organisator.ch\/sustainability\/2021-12-02\/waermedepot-im-erdreich\/#primaryimage"},"thumbnailUrl":"https:\/\/www.organisator.ch\/wp-content\/uploads\/2021\/12\/IMG_1850-kleiner-scaled.jpg","keywords":["Energiespeicher"],"articleSection":["SUSTAINABILITY"],"inLanguage":"en-US"},{"@type":"WebPage","@id":"https:\/\/www.organisator.ch\/sustainability\/2021-12-02\/waermedepot-im-erdreich\/","url":"https:\/\/www.organisator.ch\/sustainability\/2021-12-02\/waermedepot-im-erdreich\/","name":"Heat depot in the ground - organizer","isPartOf":{"@id":"https:\/\/www.organisator.ch\/#website"},"primaryImageOfPage":{"@id":"https:\/\/www.organisator.ch\/sustainability\/2021-12-02\/waermedepot-im-erdreich\/#primaryimage"},"image":{"@id":"https:\/\/www.organisator.ch\/sustainability\/2021-12-02\/waermedepot-im-erdreich\/#primaryimage"},"thumbnailUrl":"https:\/\/www.organisator.ch\/wp-content\/uploads\/2021\/12\/IMG_1850-kleiner-scaled.jpg","datePublished":"2021-12-02T06:31:13+00:00","dateModified":"2022-02-09T10:06:03+00:00","description":"A seasonal energy storage facility is being built under the Empa site, which will supply energy not only to the new buildings but also to the entire Empa site.","breadcrumb":{"@id":"https:\/\/www.organisator.ch\/sustainability\/2021-12-02\/waermedepot-im-erdreich\/#breadcrumb"},"inLanguage":"en-US","potentialAction":[{"@type":"ReadAction","target":["https:\/\/www.organisator.ch\/sustainability\/2021-12-02\/waermedepot-im-erdreich\/"]}]},{"@type":"ImageObject","inLanguage":"en-US","@id":"https:\/\/www.organisator.ch\/sustainability\/2021-12-02\/waermedepot-im-erdreich\/#primaryimage","url":"https:\/\/www.organisator.ch\/wp-content\/uploads\/2021\/12\/IMG_1850-kleiner-scaled.jpg","contentUrl":"https:\/\/www.organisator.ch\/wp-content\/uploads\/2021\/12\/IMG_1850-kleiner-scaled.jpg","width":2560,"height":1920,"caption":"Die Baustelle von \u00abco-operate\u00bb in D\u00fcbendorf. Bild: Empa"},{"@type":"BreadcrumbList","@id":"https:\/\/www.organisator.ch\/sustainability\/2021-12-02\/waermedepot-im-erdreich\/#breadcrumb","itemListElement":[{"@type":"ListItem","position":1,"name":"Home","item":"https:\/\/www.organisator.ch\/"},{"@type":"ListItem","position":2,"name":"W\u00e4rmedepot im Erdreich"}]},{"@type":"WebSite","@id":"https:\/\/www.organisator.ch\/#website","url":"https:\/\/www.organisator.ch\/","name":"Organizer","description":"Competent. Practical. In 10 issues per year, ORGANISATOR presents the essential topics for managers of SMEs.","publisher":{"@id":"https:\/\/www.organisator.ch\/#organization"},"potentialAction":[{"@type":"SearchAction","target":{"@type":"EntryPoint","urlTemplate":"https:\/\/www.organisator.ch\/?s={search_term_string}"},"query-input":{"@type":"PropertyValueSpecification","valueRequired":true,"valueName":"search_term_string"}}],"inLanguage":"en-US"},{"@type":"Organization","@id":"https:\/\/www.organisator.ch\/#organization","name":"Organizer","url":"https:\/\/www.organisator.ch\/","logo":{"@type":"ImageObject","inLanguage":"en-US","@id":"https:\/\/www.organisator.ch\/#\/schema\/logo\/image\/","url":"https:\/\/www.organisator.ch\/wp-content\/uploads\/2022\/01\/Logo_Organisator_Website.png","contentUrl":"https:\/\/www.organisator.ch\/wp-content\/uploads\/2022\/01\/Logo_Organisator_Website.png","width":800,"height":77,"caption":"Organisator"},"image":{"@id":"https:\/\/www.organisator.ch\/#\/schema\/logo\/image\/"},"sameAs":["https:\/\/www.facebook.com\/OrganisatorFachmagazin","https:\/\/www.linkedin.com\/showcase\/organisator-das-magazin-fr-kmu","https:\/\/www.xing.com\/news\/pages\/organisator-ch-695","https:\/\/www.youtube.com\/channel\/UCGP2Sq0iWaZwT3BdIAQFYpw"]},{"@type":"Person","@id":"https:\/\/www.organisator.ch\/#\/schema\/person\/a800b8c54e208b160517a7dcc323161d","name":"roger.straessle","image":{"@type":"ImageObject","inLanguage":"en-US","@id":"https:\/\/secure.gravatar.com\/avatar\/?s=96&d=mm&r=g","url":"https:\/\/secure.gravatar.com\/avatar\/?s=96&d=mm&r=g","contentUrl":"https:\/\/secure.gravatar.com\/avatar\/?s=96&d=mm&r=g","caption":"roger.straessle"},"url":"https:\/\/www.organisator.ch\/en\/author\/roger-straessle\/"}]}},"_links":{"self":[{"href":"https:\/\/www.organisator.ch\/en\/wp-json\/wp\/v2\/posts\/5151","targetHints":{"allow":["GET"]}}],"collection":[{"href":"https:\/\/www.organisator.ch\/en\/wp-json\/wp\/v2\/posts"}],"about":[{"href":"https:\/\/www.organisator.ch\/en\/wp-json\/wp\/v2\/types\/post"}],"author":[{"embeddable":true,"href":"https:\/\/www.organisator.ch\/en\/wp-json\/wp\/v2\/users\/6"}],"replies":[{"embeddable":true,"href":"https:\/\/www.organisator.ch\/en\/wp-json\/wp\/v2\/comments?post=5151"}],"version-history":[{"count":1,"href":"https:\/\/www.organisator.ch\/en\/wp-json\/wp\/v2\/posts\/5151\/revisions"}],"predecessor-version":[{"id":10444,"href":"https:\/\/www.organisator.ch\/en\/wp-json\/wp\/v2\/posts\/5151\/revisions\/10444"}],"wp:featuredmedia":[{"embeddable":true,"href":"https:\/\/www.organisator.ch\/en\/wp-json\/wp\/v2\/media\/9876"}],"wp:attachment":[{"href":"https:\/\/www.organisator.ch\/en\/wp-json\/wp\/v2\/media?parent=5151"}],"wp:term":[{"taxonomy":"category","embeddable":true,"href":"https:\/\/www.organisator.ch\/en\/wp-json\/wp\/v2\/categories?post=5151"},{"taxonomy":"post_tag","embeddable":true,"href":"https:\/\/www.organisator.ch\/en\/wp-json\/wp\/v2\/tags?post=5151"}],"curies":[{"name":"wp","href":"https:\/\/api.w.org\/{rel}","templated":true}]}}