{"id":517,"date":"2016-05-26T11:24:50","date_gmt":"2016-05-26T09:24:50","guid":{"rendered":"http:\/\/dev.organisator.ch\/?p=517"},"modified":"2016-05-26T11:24:50","modified_gmt":"2016-05-26T09:24:50","slug":"rekord-zuwachs-von-85-bei-schweizer-stellenangeboten","status":"publish","type":"post","link":"https:\/\/www.organisator.ch\/en\/management\/2016-05-26\/rekord-zuwachs-von-85-bei-schweizer-stellenangeboten\/","title":{"rendered":"Record growth of +8.5% in Swiss job vacancies"},"content":{"rendered":"<figure id=\"attachment_518\" aria-describedby=\"caption-attachment-518\" style=\"width: 640px\" class=\"wp-caption alignnone\"><img loading=\"lazy\" decoding=\"async\" class=\"size-full wp-image-518\" src=\"https:\/\/www.organisator.ch\/wp-content\/uploads\/2016\/12\/Rekord-Zuwachs-von-85-bei-Schweizer-Stellenangeboten-organisator.jpg\" alt=\"\" width=\"640\" height=\"418\" srcset=\"https:\/\/www.organisator.ch\/wp-content\/uploads\/2016\/12\/Rekord-Zuwachs-von-85-bei-Schweizer-Stellenangeboten-organisator.jpg 640w, https:\/\/www.organisator.ch\/wp-content\/uploads\/2016\/12\/Rekord-Zuwachs-von-85-bei-Schweizer-Stellenangeboten-organisator-16x10.jpg 16w, https:\/\/www.organisator.ch\/wp-content\/uploads\/2016\/12\/Rekord-Zuwachs-von-85-bei-Schweizer-Stellenangeboten-organisator-268x175.jpg 268w, https:\/\/www.organisator.ch\/wp-content\/uploads\/2016\/12\/Rekord-Zuwachs-von-85-bei-Schweizer-Stellenangeboten-organisator-536x350.jpg 536w, https:\/\/www.organisator.ch\/wp-content\/uploads\/2016\/12\/Rekord-Zuwachs-von-85-bei-Schweizer-Stellenangeboten-organisator-300x196.jpg 300w\" sizes=\"auto, (max-width: 640px) 100vw, 640px\" \/><figcaption id=\"caption-attachment-518\" class=\"wp-caption-text\">Nicolai Mikkelsen, Director at Michael Page: \"Companies are recruiting again for permanent and for temporary positions\" (Photo: zVg)<\/figcaption><\/figure>\n<p>The trend of positive growth since January 2016 remains unbroken. The average monthly increase was +5.0% between January and May 2016, compared with +0.4% in the same period of 2015. According to Michael Page's Swiss Job Index, from which these figures are taken, the increase was particularly pronounced in Eastern Switzerland (+18.2%), Central Switzerland (+16.7%) and the Lake Geneva region (+11.2%). Growth drivers are export-oriented industries with demand for experts in engineering, technology, healthcare and lifesciences, as well as banking specialists in legal, compliance and technology. For the first time since September 2013, all cantons - with the exception of the canton of Bern (-0.3%) - showed growth.<\/p>\n<p>\"Companies are recruiting again for permanent and for temporary positions,\" notes Nicolai Mikkelsen, director at Michael Page. \"In many cases, they are responding to last year's relatively weak demand. The need for highly qualified candidates in nursing, life sciences, biotech and medtech is particularly high. Because of the shortage of candidates, there is a battle for the best talent in these sectors. There is also an increasing demand in all sectors (+3% since April) for sales specialists. We take this as a good signal that companies are optimistic about the future.\"<\/p>\n<p><em>Source: <a href=\"http:\/\/www.michaelpage.ch\" target=\"_blank\" data-cke-saved-href=\"http:\/\/www.michaelpage.ch\" rel=\"noopener\">www.michaelpage.ch<\/a><\/em><\/p>","protected":false},"excerpt":{"rendered":"<p>Der Trend positiven Wachstums seit Januar 2016 bleibt weiterhin ungebrochen. Der durchschnittliche monatliche Anstieg betrug +5,0% zwischen Januar und Mai 2016 gegen\u00fcber +0,4% im Vergleichszeitraum 2015. Laut dem Swiss Job Index von Michael Page, aus dem diese Werte stammen,\u00a0war der Anstieg in der Ostschweiz (+18,2%), in der Zentralschweiz (+16,7%) sowie in der Genferseeregion (+11,2%) besonders [&hellip;]<\/p>\n","protected":false},"author":1,"featured_media":518,"comment_status":"open","ping_status":"open","sticky":false,"template":"","format":"standard","meta":{"_acf_changed":false,"_yoast_wpseo_focuskw":"Rekord Zuwachs","_yoast_wpseo_metadesc":"Rekord Zuwachs: Schweizweit stieg die Anzahl der Stellenangebote zwischen April und Mai 2016 um +8,5% gegen\u00fcber -0,7% im letzten Jahres besonders stark an.","articlekey":"","footnotes":""},"categories":[28],"tags":[334,335],"class_list":["post-517","post","type-post","status-publish","format-standard","has-post-thumbnail","hentry","category-management","tag-management","tag-management-und-unternehmensfuehrung"],"acf":[],"yoast_head":"<!-- This site is optimized with the Yoast SEO plugin v27.5 - https:\/\/yoast.com\/product\/yoast-seo-wordpress\/ -->\n<title>Rekord-Zuwachs von +8,5% bei Schweizer Stellenangeboten - Organisator<\/title>\n<meta name=\"description\" content=\"Rekord Zuwachs: Schweizweit stieg die Anzahl der Stellenangebote zwischen April und Mai 2016 um +8,5% gegen\u00fcber -0,7% im letzten Jahres besonders stark an.\" \/>\n<meta name=\"robots\" content=\"index, follow, max-snippet:-1, max-image-preview:large, max-video-preview:-1\" \/>\n<link rel=\"canonical\" href=\"https:\/\/www.organisator.ch\/en\/management\/2016-05-26\/rekord-zuwachs-von-85-bei-schweizer-stellenangeboten\/\" \/>\n<meta property=\"og:locale\" content=\"en_US\" \/>\n<meta property=\"og:type\" content=\"article\" \/>\n<meta property=\"og:title\" content=\"Rekord-Zuwachs von +8,5% bei Schweizer Stellenangeboten\" \/>\n<meta property=\"og:description\" content=\"Schweizweit stieg die Anzahl der Stellenangebote zwischen April und Mai 2016 um +8,5% gegen\u00fcber -0,7% im Vergleichszeitraum letzten Jahres besonders stark an. Dabei verzeichnete die Westschweiz das gr\u00f6sste Wachstum (+12,2%), gefolgt von der Deutschschweiz mit +8,0% in der gleichen Zeitspanne.\" \/>\n<meta property=\"og:url\" content=\"https:\/\/www.organisator.ch\/en\/management\/2016-05-26\/rekord-zuwachs-von-85-bei-schweizer-stellenangeboten\/\" \/>\n<meta property=\"og:site_name\" content=\"Organisator\" \/>\n<meta property=\"article:publisher\" content=\"https:\/\/www.facebook.com\/OrganisatorFachmagazin\" \/>\n<meta property=\"article:published_time\" content=\"2016-05-26T09:24:50+00:00\" \/>\n<meta name=\"author\" content=\"admin\" \/>\n<meta name=\"twitter:card\" content=\"summary_large_image\" \/>\n<meta name=\"twitter:image\" content=\"https:\/\/www.organisator.ch\/wp-content\/uploads\/2016\/12\/Rekord-Zuwachs-von-85-bei-Schweizer-Stellenangeboten-organisator.jpg\" \/>\n<script type=\"application\/ld+json\" class=\"yoast-schema-graph\">{\"@context\":\"https:\\\/\\\/schema.org\",\"@graph\":[{\"@type\":\"Article\",\"@id\":\"https:\\\/\\\/www.organisator.ch\\\/management\\\/2016-05-26\\\/rekord-zuwachs-von-85-bei-schweizer-stellenangeboten\\\/#article\",\"isPartOf\":{\"@id\":\"https:\\\/\\\/www.organisator.ch\\\/management\\\/2016-05-26\\\/rekord-zuwachs-von-85-bei-schweizer-stellenangeboten\\\/\"},\"author\":{\"name\":\"admin\",\"@id\":\"https:\\\/\\\/www.organisator.ch\\\/#\\\/schema\\\/person\\\/aa2bace6c5c5aad60102004a50c4eb1c\"},\"headline\":\"Rekord-Zuwachs von +8,5% bei Schweizer Stellenangeboten\",\"datePublished\":\"2016-05-26T09:24:50+00:00\",\"mainEntityOfPage\":{\"@id\":\"https:\\\/\\\/www.organisator.ch\\\/management\\\/2016-05-26\\\/rekord-zuwachs-von-85-bei-schweizer-stellenangeboten\\\/\"},\"wordCount\":218,\"commentCount\":0,\"publisher\":{\"@id\":\"https:\\\/\\\/www.organisator.ch\\\/#organization\"},\"image\":{\"@id\":\"https:\\\/\\\/www.organisator.ch\\\/management\\\/2016-05-26\\\/rekord-zuwachs-von-85-bei-schweizer-stellenangeboten\\\/#primaryimage\"},\"thumbnailUrl\":\"https:\\\/\\\/www.organisator.ch\\\/wp-content\\\/uploads\\\/2016\\\/12\\\/Rekord-Zuwachs-von-85-bei-Schweizer-Stellenangeboten-organisator.jpg\",\"keywords\":[\"Management\",\"Management und Unternehmensf\u00fchrung\"],\"articleSection\":[\"MANAGEMENT\"],\"inLanguage\":\"en-US\"},{\"@type\":\"WebPage\",\"@id\":\"https:\\\/\\\/www.organisator.ch\\\/management\\\/2016-05-26\\\/rekord-zuwachs-von-85-bei-schweizer-stellenangeboten\\\/\",\"url\":\"https:\\\/\\\/www.organisator.ch\\\/management\\\/2016-05-26\\\/rekord-zuwachs-von-85-bei-schweizer-stellenangeboten\\\/\",\"name\":\"Rekord-Zuwachs von +8,5% bei Schweizer Stellenangeboten - Organisator\",\"isPartOf\":{\"@id\":\"https:\\\/\\\/www.organisator.ch\\\/#website\"},\"primaryImageOfPage\":{\"@id\":\"https:\\\/\\\/www.organisator.ch\\\/management\\\/2016-05-26\\\/rekord-zuwachs-von-85-bei-schweizer-stellenangeboten\\\/#primaryimage\"},\"image\":{\"@id\":\"https:\\\/\\\/www.organisator.ch\\\/management\\\/2016-05-26\\\/rekord-zuwachs-von-85-bei-schweizer-stellenangeboten\\\/#primaryimage\"},\"thumbnailUrl\":\"https:\\\/\\\/www.organisator.ch\\\/wp-content\\\/uploads\\\/2016\\\/12\\\/Rekord-Zuwachs-von-85-bei-Schweizer-Stellenangeboten-organisator.jpg\",\"datePublished\":\"2016-05-26T09:24:50+00:00\",\"description\":\"Rekord Zuwachs: Schweizweit stieg die Anzahl der Stellenangebote zwischen April und Mai 2016 um +8,5% gegen\u00fcber -0,7% im letzten Jahres besonders stark an.\",\"breadcrumb\":{\"@id\":\"https:\\\/\\\/www.organisator.ch\\\/management\\\/2016-05-26\\\/rekord-zuwachs-von-85-bei-schweizer-stellenangeboten\\\/#breadcrumb\"},\"inLanguage\":\"en-US\",\"potentialAction\":[{\"@type\":\"ReadAction\",\"target\":[\"https:\\\/\\\/www.organisator.ch\\\/management\\\/2016-05-26\\\/rekord-zuwachs-von-85-bei-schweizer-stellenangeboten\\\/\"]}]},{\"@type\":\"ImageObject\",\"inLanguage\":\"en-US\",\"@id\":\"https:\\\/\\\/www.organisator.ch\\\/management\\\/2016-05-26\\\/rekord-zuwachs-von-85-bei-schweizer-stellenangeboten\\\/#primaryimage\",\"url\":\"https:\\\/\\\/www.organisator.ch\\\/wp-content\\\/uploads\\\/2016\\\/12\\\/Rekord-Zuwachs-von-85-bei-Schweizer-Stellenangeboten-organisator.jpg\",\"contentUrl\":\"https:\\\/\\\/www.organisator.ch\\\/wp-content\\\/uploads\\\/2016\\\/12\\\/Rekord-Zuwachs-von-85-bei-Schweizer-Stellenangeboten-organisator.jpg\",\"width\":640,\"height\":418,\"caption\":\"Nicolai Mikkelsen, Direktor bei Michael Page: \u201eFirmen rekrutieren wieder f\u00fcr Fest- und f\u00fcr Tempor\u00e4rstellen\u201c (Foto: zVg)\"},{\"@type\":\"BreadcrumbList\",\"@id\":\"https:\\\/\\\/www.organisator.ch\\\/management\\\/2016-05-26\\\/rekord-zuwachs-von-85-bei-schweizer-stellenangeboten\\\/#breadcrumb\",\"itemListElement\":[{\"@type\":\"ListItem\",\"position\":1,\"name\":\"Home\",\"item\":\"https:\\\/\\\/www.organisator.ch\\\/\"},{\"@type\":\"ListItem\",\"position\":2,\"name\":\"Rekord-Zuwachs von +8,5% bei Schweizer Stellenangeboten\"}]},{\"@type\":\"WebSite\",\"@id\":\"https:\\\/\\\/www.organisator.ch\\\/#website\",\"url\":\"https:\\\/\\\/www.organisator.ch\\\/\",\"name\":\"Organisator\",\"description\":\"Kompetent. Praxisnah. Der ORGANISATOR bereitet in 10 Ausgaben pro Jahr die wesentlichen Themen f\u00fcr F\u00fchrungskr\u00e4fte von KMU auf.\",\"publisher\":{\"@id\":\"https:\\\/\\\/www.organisator.ch\\\/#organization\"},\"potentialAction\":[{\"@type\":\"SearchAction\",\"target\":{\"@type\":\"EntryPoint\",\"urlTemplate\":\"https:\\\/\\\/www.organisator.ch\\\/?s={search_term_string}\"},\"query-input\":{\"@type\":\"PropertyValueSpecification\",\"valueRequired\":true,\"valueName\":\"search_term_string\"}}],\"inLanguage\":\"en-US\"},{\"@type\":\"Organization\",\"@id\":\"https:\\\/\\\/www.organisator.ch\\\/#organization\",\"name\":\"Organisator\",\"url\":\"https:\\\/\\\/www.organisator.ch\\\/\",\"logo\":{\"@type\":\"ImageObject\",\"inLanguage\":\"en-US\",\"@id\":\"https:\\\/\\\/www.organisator.ch\\\/#\\\/schema\\\/logo\\\/image\\\/\",\"url\":\"https:\\\/\\\/www.organisator.ch\\\/wp-content\\\/uploads\\\/2022\\\/01\\\/Logo_Organisator_Website.png\",\"contentUrl\":\"https:\\\/\\\/www.organisator.ch\\\/wp-content\\\/uploads\\\/2022\\\/01\\\/Logo_Organisator_Website.png\",\"width\":800,\"height\":77,\"caption\":\"Organisator\"},\"image\":{\"@id\":\"https:\\\/\\\/www.organisator.ch\\\/#\\\/schema\\\/logo\\\/image\\\/\"},\"sameAs\":[\"https:\\\/\\\/www.facebook.com\\\/OrganisatorFachmagazin\",\"https:\\\/\\\/www.linkedin.com\\\/showcase\\\/organisator-das-magazin-fr-kmu\",\"https:\\\/\\\/www.xing.com\\\/news\\\/pages\\\/organisator-ch-695\",\"https:\\\/\\\/www.youtube.com\\\/channel\\\/UCGP2Sq0iWaZwT3BdIAQFYpw\"]},{\"@type\":\"Person\",\"@id\":\"https:\\\/\\\/www.organisator.ch\\\/#\\\/schema\\\/person\\\/aa2bace6c5c5aad60102004a50c4eb1c\",\"name\":\"admin\",\"image\":{\"@type\":\"ImageObject\",\"inLanguage\":\"en-US\",\"@id\":\"https:\\\/\\\/secure.gravatar.com\\\/avatar\\\/ae2f4d718e6c49043e314ce431e7e645d646302a24a5ef5a8bc8e3f5a032e319?s=96&d=mm&r=g\",\"url\":\"https:\\\/\\\/secure.gravatar.com\\\/avatar\\\/ae2f4d718e6c49043e314ce431e7e645d646302a24a5ef5a8bc8e3f5a032e319?s=96&d=mm&r=g\",\"contentUrl\":\"https:\\\/\\\/secure.gravatar.com\\\/avatar\\\/ae2f4d718e6c49043e314ce431e7e645d646302a24a5ef5a8bc8e3f5a032e319?s=96&d=mm&r=g\",\"caption\":\"admin\"},\"sameAs\":[\"https:\\\/\\\/www.organisator.ch\"],\"url\":\"https:\\\/\\\/www.organisator.ch\\\/en\\\/author\\\/admin\\\/\"}]}<\/script>\n<!-- \/ Yoast SEO plugin. -->","yoast_head_json":{"title":"Record growth of +8.5% in Swiss job vacancies - Organizer","description":"Record growth: Switzerland-wide, the number of job vacancies increased by +8.5% between April and May 2016, compared to -0.7% last year, a particularly strong increase.","robots":{"index":"index","follow":"follow","max-snippet":"max-snippet:-1","max-image-preview":"max-image-preview:large","max-video-preview":"max-video-preview:-1"},"canonical":"https:\/\/www.organisator.ch\/en\/management\/2016-05-26\/rekord-zuwachs-von-85-bei-schweizer-stellenangeboten\/","og_locale":"en_US","og_type":"article","og_title":"Rekord-Zuwachs von +8,5% bei Schweizer Stellenangeboten","og_description":"Schweizweit stieg die Anzahl der Stellenangebote zwischen April und Mai 2016 um +8,5% gegen\u00fcber -0,7% im Vergleichszeitraum letzten Jahres besonders stark an. Dabei verzeichnete die Westschweiz das gr\u00f6sste Wachstum (+12,2%), gefolgt von der Deutschschweiz mit +8,0% in der gleichen Zeitspanne.","og_url":"https:\/\/www.organisator.ch\/en\/management\/2016-05-26\/rekord-zuwachs-von-85-bei-schweizer-stellenangeboten\/","og_site_name":"Organisator","article_publisher":"https:\/\/www.facebook.com\/OrganisatorFachmagazin","article_published_time":"2016-05-26T09:24:50+00:00","author":"admin","twitter_card":"summary_large_image","twitter_image":"https:\/\/www.organisator.ch\/wp-content\/uploads\/2016\/12\/Rekord-Zuwachs-von-85-bei-Schweizer-Stellenangeboten-organisator.jpg","schema":{"@context":"https:\/\/schema.org","@graph":[{"@type":"Article","@id":"https:\/\/www.organisator.ch\/management\/2016-05-26\/rekord-zuwachs-von-85-bei-schweizer-stellenangeboten\/#article","isPartOf":{"@id":"https:\/\/www.organisator.ch\/management\/2016-05-26\/rekord-zuwachs-von-85-bei-schweizer-stellenangeboten\/"},"author":{"name":"admin","@id":"https:\/\/www.organisator.ch\/#\/schema\/person\/aa2bace6c5c5aad60102004a50c4eb1c"},"headline":"Rekord-Zuwachs von +8,5% bei Schweizer Stellenangeboten","datePublished":"2016-05-26T09:24:50+00:00","mainEntityOfPage":{"@id":"https:\/\/www.organisator.ch\/management\/2016-05-26\/rekord-zuwachs-von-85-bei-schweizer-stellenangeboten\/"},"wordCount":218,"commentCount":0,"publisher":{"@id":"https:\/\/www.organisator.ch\/#organization"},"image":{"@id":"https:\/\/www.organisator.ch\/management\/2016-05-26\/rekord-zuwachs-von-85-bei-schweizer-stellenangeboten\/#primaryimage"},"thumbnailUrl":"https:\/\/www.organisator.ch\/wp-content\/uploads\/2016\/12\/Rekord-Zuwachs-von-85-bei-Schweizer-Stellenangeboten-organisator.jpg","keywords":["Management","Management und Unternehmensf\u00fchrung"],"articleSection":["MANAGEMENT"],"inLanguage":"en-US"},{"@type":"WebPage","@id":"https:\/\/www.organisator.ch\/management\/2016-05-26\/rekord-zuwachs-von-85-bei-schweizer-stellenangeboten\/","url":"https:\/\/www.organisator.ch\/management\/2016-05-26\/rekord-zuwachs-von-85-bei-schweizer-stellenangeboten\/","name":"Record growth of +8.5% in Swiss job vacancies - Organizer","isPartOf":{"@id":"https:\/\/www.organisator.ch\/#website"},"primaryImageOfPage":{"@id":"https:\/\/www.organisator.ch\/management\/2016-05-26\/rekord-zuwachs-von-85-bei-schweizer-stellenangeboten\/#primaryimage"},"image":{"@id":"https:\/\/www.organisator.ch\/management\/2016-05-26\/rekord-zuwachs-von-85-bei-schweizer-stellenangeboten\/#primaryimage"},"thumbnailUrl":"https:\/\/www.organisator.ch\/wp-content\/uploads\/2016\/12\/Rekord-Zuwachs-von-85-bei-Schweizer-Stellenangeboten-organisator.jpg","datePublished":"2016-05-26T09:24:50+00:00","description":"Record growth: Switzerland-wide, the number of job vacancies increased by +8.5% between April and May 2016, compared to -0.7% last year, a particularly strong increase.","breadcrumb":{"@id":"https:\/\/www.organisator.ch\/management\/2016-05-26\/rekord-zuwachs-von-85-bei-schweizer-stellenangeboten\/#breadcrumb"},"inLanguage":"en-US","potentialAction":[{"@type":"ReadAction","target":["https:\/\/www.organisator.ch\/management\/2016-05-26\/rekord-zuwachs-von-85-bei-schweizer-stellenangeboten\/"]}]},{"@type":"ImageObject","inLanguage":"en-US","@id":"https:\/\/www.organisator.ch\/management\/2016-05-26\/rekord-zuwachs-von-85-bei-schweizer-stellenangeboten\/#primaryimage","url":"https:\/\/www.organisator.ch\/wp-content\/uploads\/2016\/12\/Rekord-Zuwachs-von-85-bei-Schweizer-Stellenangeboten-organisator.jpg","contentUrl":"https:\/\/www.organisator.ch\/wp-content\/uploads\/2016\/12\/Rekord-Zuwachs-von-85-bei-Schweizer-Stellenangeboten-organisator.jpg","width":640,"height":418,"caption":"Nicolai Mikkelsen, Direktor bei Michael Page: \u201eFirmen rekrutieren wieder f\u00fcr Fest- und f\u00fcr Tempor\u00e4rstellen\u201c (Foto: zVg)"},{"@type":"BreadcrumbList","@id":"https:\/\/www.organisator.ch\/management\/2016-05-26\/rekord-zuwachs-von-85-bei-schweizer-stellenangeboten\/#breadcrumb","itemListElement":[{"@type":"ListItem","position":1,"name":"Home","item":"https:\/\/www.organisator.ch\/"},{"@type":"ListItem","position":2,"name":"Rekord-Zuwachs von +8,5% bei Schweizer Stellenangeboten"}]},{"@type":"WebSite","@id":"https:\/\/www.organisator.ch\/#website","url":"https:\/\/www.organisator.ch\/","name":"Organizer","description":"Competent. Practical. In 10 issues per year, ORGANISATOR presents the essential topics for managers of SMEs.","publisher":{"@id":"https:\/\/www.organisator.ch\/#organization"},"potentialAction":[{"@type":"SearchAction","target":{"@type":"EntryPoint","urlTemplate":"https:\/\/www.organisator.ch\/?s={search_term_string}"},"query-input":{"@type":"PropertyValueSpecification","valueRequired":true,"valueName":"search_term_string"}}],"inLanguage":"en-US"},{"@type":"Organization","@id":"https:\/\/www.organisator.ch\/#organization","name":"Organizer","url":"https:\/\/www.organisator.ch\/","logo":{"@type":"ImageObject","inLanguage":"en-US","@id":"https:\/\/www.organisator.ch\/#\/schema\/logo\/image\/","url":"https:\/\/www.organisator.ch\/wp-content\/uploads\/2022\/01\/Logo_Organisator_Website.png","contentUrl":"https:\/\/www.organisator.ch\/wp-content\/uploads\/2022\/01\/Logo_Organisator_Website.png","width":800,"height":77,"caption":"Organisator"},"image":{"@id":"https:\/\/www.organisator.ch\/#\/schema\/logo\/image\/"},"sameAs":["https:\/\/www.facebook.com\/OrganisatorFachmagazin","https:\/\/www.linkedin.com\/showcase\/organisator-das-magazin-fr-kmu","https:\/\/www.xing.com\/news\/pages\/organisator-ch-695","https:\/\/www.youtube.com\/channel\/UCGP2Sq0iWaZwT3BdIAQFYpw"]},{"@type":"Person","@id":"https:\/\/www.organisator.ch\/#\/schema\/person\/aa2bace6c5c5aad60102004a50c4eb1c","name":"admin","image":{"@type":"ImageObject","inLanguage":"en-US","@id":"https:\/\/secure.gravatar.com\/avatar\/ae2f4d718e6c49043e314ce431e7e645d646302a24a5ef5a8bc8e3f5a032e319?s=96&d=mm&r=g","url":"https:\/\/secure.gravatar.com\/avatar\/ae2f4d718e6c49043e314ce431e7e645d646302a24a5ef5a8bc8e3f5a032e319?s=96&d=mm&r=g","contentUrl":"https:\/\/secure.gravatar.com\/avatar\/ae2f4d718e6c49043e314ce431e7e645d646302a24a5ef5a8bc8e3f5a032e319?s=96&d=mm&r=g","caption":"admin"},"sameAs":["https:\/\/www.organisator.ch"],"url":"https:\/\/www.organisator.ch\/en\/author\/admin\/"}]}},"_links":{"self":[{"href":"https:\/\/www.organisator.ch\/en\/wp-json\/wp\/v2\/posts\/517","targetHints":{"allow":["GET"]}}],"collection":[{"href":"https:\/\/www.organisator.ch\/en\/wp-json\/wp\/v2\/posts"}],"about":[{"href":"https:\/\/www.organisator.ch\/en\/wp-json\/wp\/v2\/types\/post"}],"author":[{"embeddable":true,"href":"https:\/\/www.organisator.ch\/en\/wp-json\/wp\/v2\/users\/1"}],"replies":[{"embeddable":true,"href":"https:\/\/www.organisator.ch\/en\/wp-json\/wp\/v2\/comments?post=517"}],"version-history":[{"count":0,"href":"https:\/\/www.organisator.ch\/en\/wp-json\/wp\/v2\/posts\/517\/revisions"}],"wp:featuredmedia":[{"embeddable":true,"href":"https:\/\/www.organisator.ch\/en\/wp-json\/wp\/v2\/media\/518"}],"wp:attachment":[{"href":"https:\/\/www.organisator.ch\/en\/wp-json\/wp\/v2\/media?parent=517"}],"wp:term":[{"taxonomy":"category","embeddable":true,"href":"https:\/\/www.organisator.ch\/en\/wp-json\/wp\/v2\/categories?post=517"},{"taxonomy":"post_tag","embeddable":true,"href":"https:\/\/www.organisator.ch\/en\/wp-json\/wp\/v2\/tags?post=517"}],"curies":[{"name":"wp","href":"https:\/\/api.w.org\/{rel}","templated":true}]}}