{"id":5171,"date":"2019-04-23T16:59:02","date_gmt":"2019-04-23T14:59:02","guid":{"rendered":"https:\/\/www.organisator.ch\/?p=5171"},"modified":"2019-04-23T16:59:02","modified_gmt":"2019-04-23T14:59:02","slug":"bastian-schneider-zum-ostschweizer-personaltag-2019-attraktiv-sein-fuer-die-richtigen-arbeitnehmer","status":"publish","type":"post","link":"https:\/\/www.organisator.ch\/en\/human-resources\/hrm\/2019-04-23\/bastian-schneider-zum-ostschweizer-personaltag-2019-attraktiv-sein-fuer-die-richtigen-arbeitnehmer\/","title":{"rendered":"Bastian Schneider on the Ostschweizer Personaltag 2019: Being attractive for the right employees"},"content":{"rendered":"<figure id=\"attachment_5172\" aria-describedby=\"caption-attachment-5172\" style=\"width: 679px\" class=\"wp-caption alignnone\"><img loading=\"lazy\" decoding=\"async\" class=\"size-full wp-image-5172\" src=\"https:\/\/www.organisator.ch\/wp-content\/uploads\/2019\/04\/Bastian-Schneider-zum-Ostschweizer-Personaltag-2019-Attraktiv-sein-fuer-die-richtigen-Arbeitnehmer_Organisator.jpg\" alt=\"\" width=\"679\" height=\"570\" srcset=\"https:\/\/www.organisator.ch\/wp-content\/uploads\/2019\/04\/Bastian-Schneider-zum-Ostschweizer-Personaltag-2019-Attraktiv-sein-fuer-die-richtigen-Arbeitnehmer_Organisator.jpg 679w, https:\/\/www.organisator.ch\/wp-content\/uploads\/2019\/04\/Bastian-Schneider-zum-Ostschweizer-Personaltag-2019-Attraktiv-sein-fuer-die-richtigen-Arbeitnehmer_Organisator-14x12.jpg 14w, https:\/\/www.organisator.ch\/wp-content\/uploads\/2019\/04\/Bastian-Schneider-zum-Ostschweizer-Personaltag-2019-Attraktiv-sein-fuer-die-richtigen-Arbeitnehmer_Organisator-208x175.jpg 208w, https:\/\/www.organisator.ch\/wp-content\/uploads\/2019\/04\/Bastian-Schneider-zum-Ostschweizer-Personaltag-2019-Attraktiv-sein-fuer-die-richtigen-Arbeitnehmer_Organisator-417x350.jpg 417w, https:\/\/www.organisator.ch\/wp-content\/uploads\/2019\/04\/Bastian-Schneider-zum-Ostschweizer-Personaltag-2019-Attraktiv-sein-fuer-die-richtigen-Arbeitnehmer_Organisator-300x252.jpg 300w\" sizes=\"auto, (max-width: 679px) 100vw, 679px\" \/><figcaption id=\"caption-attachment-5172\" class=\"wp-caption-text\">Bastian Schneider is a specialist in brand management and will speak on the topic of \"From Employer to Employee Branding\" at the 15th Ostschweizer Personaltag. (Image: Hotz Brand Consultants)<\/figcaption><\/figure>\n<p>Bastian Schneider has been advising companies on strategic and operational brand management in numerous industries in Switzerland, Germany and Austria for many years. He regularly writes professional articles on the topics of brand management and employer branding and gives expert lectures to companies, at universities and at conferences. Bastian Schneider was formerly a consultant at the Institute for Brand Technology in Geneva and a partner of NOHETO! Unternehmens- und Managementberatung in Witten. He studied economics at the University of Witten\/Herdecke and is a trained banker. With Brand Leadership Circle (BLC), which belongs to Hotz Brand Consultants, Bastian Schneider is currently in the midst of a real transformation process. BLC was a printing company that began to transform itself step by step into a creative ecosystem for brand-oriented management with 130 employees about 15 years ago. In the process, they quickly realized that they had to actively involve those affected in the process. Clear orientation, but also the tangible handover of trust and responsibility, was particularly crucial in order to develop future strength. He actively passes on the experience he has gained in the process - including at the Ostschweizer Personaltag 2019 in June and here in this interview.<\/p>\n<p><em><strong>Bastian Schneider, how did you earn your first money? <\/strong><\/em><br \/>\nWith my father, at the age of 15. For an entire summer, I was \"allowed\" to cut down, dismantle and clear away countless trees in the garden together with my brother - for 8 Mark 50 an hour.<\/p>\n<p><em><strong>What was your first employer and why did you choose it? <\/strong><\/em><br \/>\nMy first real employer, after studying economics, was the Institute for Brand Technology in Geneva - for me at the time the authority on brand management and the only ones who seriously and seriously combined the subject of brands with the subject of corporate management. I had read many of the publications and found myself in the brand-technical view and the basic attitudes. It was clear to me at that time: I wanted to become a brand engineer! Towards the end of my studies, I sent out just one application. To Geneva. On my own initiative. There was no job advertised. But it worked out! In December 2004, I flew from Cologne to Geneva for an interview. Three months later I was able to start - and from there I realized exciting brand projects in Switzerland, Germany and Austria for many years. Today, I am still grateful that this worked out. I was able to learn a lot - and that's how we, my family and I, came to Switzerland in the first place.<\/p>\n<p><em><strong>Which company, apart from your own, has the greatest appeal for you, the best image - and why? <\/strong><\/em><br \/>\nQuite clearly: Lego - and that's been the case since I was a little boy. \"Inspire and develop the builders of tomorrow\" - I can still identify very well with this purpose. But the question of an employer's charisma is one of those things. In many cases, the image of the company's product outshines the image of the company as an employer. Just because a product is sexy or a brand is in at the moment doesn't say much about what the company is like as an employer. What it's really like to work for this company. Every day. False or exaggerated expectations before applying then give way to great disappointment after starting work - with correspondingly high employee turnover. This is a major reason why some companies need to professionalize their employer branding. As a brand consultant, I have been able to look behind the scenes at some companies. Time and again, you meet employees there who immediately get the feeling: This fits, they are at exactly the right company for them. The pot-and-pan principle in action. A productive win-win situation. I think we should work to promote this \"matching\" and not think so much about the general appeal.<\/p>\n<p><em><strong>How can an employer stand out in the competition for skilled workers in the digital age? <\/strong><\/em><br \/>\nThe secret is \"self-selection\". It's not about being attractive to all potential employees. It's about being attractive to the right employees. For the people who fit the company, its culture and its entrepreneurial ambition. Companies are as different as people - and this should be taken into account. What triggers enthusiasm in one person is an absolute no-go for another. There is no right or wrong. There is only \"fit\" or \"don't fit\". Bold profiling versus generic noise without effect. In the competition for skilled workers, this means: Recognize your special features - and highlight them in your communication. What makes our company unique as an employer? What can we promise - and really deliver? What do we fight for? What inspires us to give our best every day? A company should answer these questions clearly and confidently in its own way. And thus lay the foundation to successfully participate in the \"war for talent\". In order to be able to attract the people who are right for you. The best way to do this is by taking advantage of the new digital possibilities and communicating in an increasingly data-driven, system-supported and automated way. Qualitatively better applications, more efficient recruiting processes and a higher average seniority will be the result.<\/p>\n<p><em><strong>What are employer values that will always exist and remain important? <\/strong><\/em><br \/>\nFrom a brand perspective: only your own.<\/p>\n<p>&nbsp;<\/p>\n<p><em>Bastian Schneider is a speaker at this year's Ostschweizer Personaltag. <a href=\"https:\/\/www.personaltag.ch\/person\/bastian-schneider\/?utm_source=CleverReach&amp;utm_medium=email&amp;utm_campaign=23-04-2019+Medienmitteilung+15.+Ostschweizer+Personaltag&amp;utm_content=Mailing_11347234\">More information<\/a>\u00a0<\/em><\/p>","protected":false},"excerpt":{"rendered":"<p>Bastian Schneider ber\u00e4t seit vielen Jahren Unternehmen im Bereich der strategischen und operativen Markenf\u00fchrung in zahlreichen Branchen in der Schweiz, in Deutschland und \u00d6sterreich. Zu den Themen Markenf\u00fchrung und Employer Branding schreibt er regelm\u00e4ssig Fachbeitr\u00e4ge und h\u00e4lt Expertenvortr\u00e4ge vor Unternehmen, bei Universit\u00e4ten und auf Konferenzen. Bastian Schneider war fr\u00fcher als Berater am Institut f\u00fcr Markentechnik [&hellip;]<\/p>\n","protected":false},"author":4,"featured_media":5172,"comment_status":"open","ping_status":"open","sticky":false,"template":"","format":"standard","meta":{"_acf_changed":false,"_yoast_wpseo_focuskw":"Bastian Schneider","_yoast_wpseo_metadesc":"Bastian Schneider weiss, wie Arbeitgeber im digitalen Zeitalter im Wettbewerb um Fachkr\u00e4fte sich abheben k\u00f6nnen. Dies und mehr verr\u00e4t er im Interview.","articlekey":"","footnotes":""},"categories":[26],"tags":[193,254,335,380,407],"class_list":["post-5171","post","type-post","status-publish","format-standard","has-post-thumbnail","hentry","category-hrm","tag-fachkongressfachmesse","tag-hrm","tag-management-und-unternehmensfuehrung","tag-personalfuehrung","tag-recruiting"],"acf":[],"yoast_head":"<!-- This site is optimized with the Yoast SEO plugin v27.4 - https:\/\/yoast.com\/product\/yoast-seo-wordpress\/ -->\n<title>Bastian Schneider zum Ostschweizer Personaltag 2019: Attraktiv sein f\u00fcr die richtigen Arbeitnehmer - Organisator<\/title>\n<meta name=\"description\" content=\"Bastian Schneider weiss, wie Arbeitgeber im digitalen Zeitalter im Wettbewerb um Fachkr\u00e4fte sich abheben k\u00f6nnen. Dies und mehr verr\u00e4t er im Interview.\" \/>\n<meta name=\"robots\" content=\"index, follow, max-snippet:-1, max-image-preview:large, max-video-preview:-1\" \/>\n<link rel=\"canonical\" href=\"https:\/\/www.organisator.ch\/en\/human-resources\/hrm\/2019-04-23\/bastian-schneider-zum-ostschweizer-personaltag-2019-attraktiv-sein-fuer-die-richtigen-arbeitnehmer\/\" \/>\n<meta property=\"og:locale\" content=\"en_US\" \/>\n<meta property=\"og:type\" content=\"article\" \/>\n<meta property=\"og:title\" content=\"Bastian Schneider zum Ostschweizer Personaltag 2019: Attraktiv sein f\u00fcr die richtigen Arbeitnehmer\" \/>\n<meta property=\"og:description\" content=\"Bastian Schneider weiss, wie Arbeitgeber im digitalen Zeitalter im Wettbewerb um Fachkr\u00e4fte sich abheben k\u00f6nnen. Dies und mehr verr\u00e4t er im Interview.\" \/>\n<meta property=\"og:url\" content=\"https:\/\/www.organisator.ch\/en\/human-resources\/hrm\/2019-04-23\/bastian-schneider-zum-ostschweizer-personaltag-2019-attraktiv-sein-fuer-die-richtigen-arbeitnehmer\/\" \/>\n<meta property=\"og:site_name\" content=\"Organisator\" \/>\n<meta property=\"article:publisher\" content=\"https:\/\/www.facebook.com\/OrganisatorFachmagazin\" \/>\n<meta property=\"article:published_time\" content=\"2019-04-23T14:59:02+00:00\" \/>\n<meta property=\"og:image\" content=\"https:\/\/www.organisator.ch\/wp-content\/uploads\/2019\/04\/Bastian-Schneider-zum-Ostschweizer-Personaltag-2019-Attraktiv-sein-fuer-die-richtigen-Arbeitnehmer_Organisator.jpg\" \/>\n\t<meta property=\"og:image:width\" content=\"679\" \/>\n\t<meta property=\"og:image:height\" content=\"570\" \/>\n\t<meta property=\"og:image:type\" content=\"image\/jpeg\" \/>\n<meta name=\"author\" content=\"thomas.berner\" \/>\n<meta name=\"twitter:card\" content=\"summary_large_image\" \/>\n<meta name=\"twitter:title\" content=\"Bastian Schneider zum Ostschweizer #Personaltag 2019: Attraktiv sein f\u00fcr die richtigen Arbeitnehmer\" \/>\n<meta name=\"twitter:description\" content=\"#BastianSchneider weiss, wie Arbeitgeber im digitalen Zeitalter im Wettbewerb um Fachkr\u00e4fte sich abheben k\u00f6nnen. Dies und mehr verr\u00e4t er im Interview.\" \/>\n<meta name=\"twitter:image\" content=\"https:\/\/www.organisator.ch\/wp-content\/uploads\/2019\/04\/Bastian-Schneider-zum-Ostschweizer-Personaltag-2019-Attraktiv-sein-f\u00fcr-die-richtigen-Arbeitnehmer_Organisator.jpg\" \/>\n<script type=\"application\/ld+json\" class=\"yoast-schema-graph\">{\"@context\":\"https:\\\/\\\/schema.org\",\"@graph\":[{\"@type\":\"Article\",\"@id\":\"https:\\\/\\\/www.organisator.ch\\\/human-resources\\\/hrm\\\/2019-04-23\\\/bastian-schneider-zum-ostschweizer-personaltag-2019-attraktiv-sein-fuer-die-richtigen-arbeitnehmer\\\/#article\",\"isPartOf\":{\"@id\":\"https:\\\/\\\/www.organisator.ch\\\/human-resources\\\/hrm\\\/2019-04-23\\\/bastian-schneider-zum-ostschweizer-personaltag-2019-attraktiv-sein-fuer-die-richtigen-arbeitnehmer\\\/\"},\"author\":{\"name\":\"thomas.berner\",\"@id\":\"https:\\\/\\\/www.organisator.ch\\\/#\\\/schema\\\/person\\\/6f650f90b2842cd4c0cc334b4e36f67e\"},\"headline\":\"Bastian Schneider zum Ostschweizer Personaltag 2019: Attraktiv sein f\u00fcr die richtigen Arbeitnehmer\",\"datePublished\":\"2019-04-23T14:59:02+00:00\",\"mainEntityOfPage\":{\"@id\":\"https:\\\/\\\/www.organisator.ch\\\/human-resources\\\/hrm\\\/2019-04-23\\\/bastian-schneider-zum-ostschweizer-personaltag-2019-attraktiv-sein-fuer-die-richtigen-arbeitnehmer\\\/\"},\"wordCount\":911,\"commentCount\":0,\"publisher\":{\"@id\":\"https:\\\/\\\/www.organisator.ch\\\/#organization\"},\"image\":{\"@id\":\"https:\\\/\\\/www.organisator.ch\\\/human-resources\\\/hrm\\\/2019-04-23\\\/bastian-schneider-zum-ostschweizer-personaltag-2019-attraktiv-sein-fuer-die-richtigen-arbeitnehmer\\\/#primaryimage\"},\"thumbnailUrl\":\"https:\\\/\\\/www.organisator.ch\\\/wp-content\\\/uploads\\\/2019\\\/04\\\/Bastian-Schneider-zum-Ostschweizer-Personaltag-2019-Attraktiv-sein-fuer-die-richtigen-Arbeitnehmer_Organisator.jpg\",\"keywords\":[\"Fachkongress\\\/Fachmesse\",\"HRM\",\"Management und Unternehmensf\u00fchrung\",\"Personalf\u00fchrung\",\"Recruiting\"],\"articleSection\":[\"HRM\"],\"inLanguage\":\"en-US\"},{\"@type\":\"WebPage\",\"@id\":\"https:\\\/\\\/www.organisator.ch\\\/human-resources\\\/hrm\\\/2019-04-23\\\/bastian-schneider-zum-ostschweizer-personaltag-2019-attraktiv-sein-fuer-die-richtigen-arbeitnehmer\\\/\",\"url\":\"https:\\\/\\\/www.organisator.ch\\\/human-resources\\\/hrm\\\/2019-04-23\\\/bastian-schneider-zum-ostschweizer-personaltag-2019-attraktiv-sein-fuer-die-richtigen-arbeitnehmer\\\/\",\"name\":\"Bastian Schneider zum Ostschweizer Personaltag 2019: Attraktiv sein f\u00fcr die richtigen Arbeitnehmer - Organisator\",\"isPartOf\":{\"@id\":\"https:\\\/\\\/www.organisator.ch\\\/#website\"},\"primaryImageOfPage\":{\"@id\":\"https:\\\/\\\/www.organisator.ch\\\/human-resources\\\/hrm\\\/2019-04-23\\\/bastian-schneider-zum-ostschweizer-personaltag-2019-attraktiv-sein-fuer-die-richtigen-arbeitnehmer\\\/#primaryimage\"},\"image\":{\"@id\":\"https:\\\/\\\/www.organisator.ch\\\/human-resources\\\/hrm\\\/2019-04-23\\\/bastian-schneider-zum-ostschweizer-personaltag-2019-attraktiv-sein-fuer-die-richtigen-arbeitnehmer\\\/#primaryimage\"},\"thumbnailUrl\":\"https:\\\/\\\/www.organisator.ch\\\/wp-content\\\/uploads\\\/2019\\\/04\\\/Bastian-Schneider-zum-Ostschweizer-Personaltag-2019-Attraktiv-sein-fuer-die-richtigen-Arbeitnehmer_Organisator.jpg\",\"datePublished\":\"2019-04-23T14:59:02+00:00\",\"description\":\"Bastian Schneider weiss, wie Arbeitgeber im digitalen Zeitalter im Wettbewerb um Fachkr\u00e4fte sich abheben k\u00f6nnen. Dies und mehr verr\u00e4t er im Interview.\",\"breadcrumb\":{\"@id\":\"https:\\\/\\\/www.organisator.ch\\\/human-resources\\\/hrm\\\/2019-04-23\\\/bastian-schneider-zum-ostschweizer-personaltag-2019-attraktiv-sein-fuer-die-richtigen-arbeitnehmer\\\/#breadcrumb\"},\"inLanguage\":\"en-US\",\"potentialAction\":[{\"@type\":\"ReadAction\",\"target\":[\"https:\\\/\\\/www.organisator.ch\\\/human-resources\\\/hrm\\\/2019-04-23\\\/bastian-schneider-zum-ostschweizer-personaltag-2019-attraktiv-sein-fuer-die-richtigen-arbeitnehmer\\\/\"]}]},{\"@type\":\"ImageObject\",\"inLanguage\":\"en-US\",\"@id\":\"https:\\\/\\\/www.organisator.ch\\\/human-resources\\\/hrm\\\/2019-04-23\\\/bastian-schneider-zum-ostschweizer-personaltag-2019-attraktiv-sein-fuer-die-richtigen-arbeitnehmer\\\/#primaryimage\",\"url\":\"https:\\\/\\\/www.organisator.ch\\\/wp-content\\\/uploads\\\/2019\\\/04\\\/Bastian-Schneider-zum-Ostschweizer-Personaltag-2019-Attraktiv-sein-fuer-die-richtigen-Arbeitnehmer_Organisator.jpg\",\"contentUrl\":\"https:\\\/\\\/www.organisator.ch\\\/wp-content\\\/uploads\\\/2019\\\/04\\\/Bastian-Schneider-zum-Ostschweizer-Personaltag-2019-Attraktiv-sein-fuer-die-richtigen-Arbeitnehmer_Organisator.jpg\",\"width\":679,\"height\":570,\"caption\":\"Bastian Schneider ist Spezialist f\u00fcr Markenf\u00fchrung und spricht am 15. Ostschweizer Personaltag zum Thema \\\"Vom Employer- zum Employee-Branding\\\". (Bild: Hotz Brand Consultants)\"},{\"@type\":\"BreadcrumbList\",\"@id\":\"https:\\\/\\\/www.organisator.ch\\\/human-resources\\\/hrm\\\/2019-04-23\\\/bastian-schneider-zum-ostschweizer-personaltag-2019-attraktiv-sein-fuer-die-richtigen-arbeitnehmer\\\/#breadcrumb\",\"itemListElement\":[{\"@type\":\"ListItem\",\"position\":1,\"name\":\"Home\",\"item\":\"https:\\\/\\\/www.organisator.ch\\\/\"},{\"@type\":\"ListItem\",\"position\":2,\"name\":\"Bastian Schneider zum Ostschweizer Personaltag 2019: Attraktiv sein f\u00fcr die richtigen Arbeitnehmer\"}]},{\"@type\":\"WebSite\",\"@id\":\"https:\\\/\\\/www.organisator.ch\\\/#website\",\"url\":\"https:\\\/\\\/www.organisator.ch\\\/\",\"name\":\"Organisator\",\"description\":\"Kompetent. Praxisnah. Der ORGANISATOR bereitet in 10 Ausgaben pro Jahr die wesentlichen Themen f\u00fcr F\u00fchrungskr\u00e4fte von KMU auf.\",\"publisher\":{\"@id\":\"https:\\\/\\\/www.organisator.ch\\\/#organization\"},\"potentialAction\":[{\"@type\":\"SearchAction\",\"target\":{\"@type\":\"EntryPoint\",\"urlTemplate\":\"https:\\\/\\\/www.organisator.ch\\\/?s={search_term_string}\"},\"query-input\":{\"@type\":\"PropertyValueSpecification\",\"valueRequired\":true,\"valueName\":\"search_term_string\"}}],\"inLanguage\":\"en-US\"},{\"@type\":\"Organization\",\"@id\":\"https:\\\/\\\/www.organisator.ch\\\/#organization\",\"name\":\"Organisator\",\"url\":\"https:\\\/\\\/www.organisator.ch\\\/\",\"logo\":{\"@type\":\"ImageObject\",\"inLanguage\":\"en-US\",\"@id\":\"https:\\\/\\\/www.organisator.ch\\\/#\\\/schema\\\/logo\\\/image\\\/\",\"url\":\"https:\\\/\\\/www.organisator.ch\\\/wp-content\\\/uploads\\\/2022\\\/01\\\/Logo_Organisator_Website.png\",\"contentUrl\":\"https:\\\/\\\/www.organisator.ch\\\/wp-content\\\/uploads\\\/2022\\\/01\\\/Logo_Organisator_Website.png\",\"width\":800,\"height\":77,\"caption\":\"Organisator\"},\"image\":{\"@id\":\"https:\\\/\\\/www.organisator.ch\\\/#\\\/schema\\\/logo\\\/image\\\/\"},\"sameAs\":[\"https:\\\/\\\/www.facebook.com\\\/OrganisatorFachmagazin\",\"https:\\\/\\\/www.linkedin.com\\\/showcase\\\/organisator-das-magazin-fr-kmu\",\"https:\\\/\\\/www.xing.com\\\/news\\\/pages\\\/organisator-ch-695\",\"https:\\\/\\\/www.youtube.com\\\/channel\\\/UCGP2Sq0iWaZwT3BdIAQFYpw\"]},{\"@type\":\"Person\",\"@id\":\"https:\\\/\\\/www.organisator.ch\\\/#\\\/schema\\\/person\\\/6f650f90b2842cd4c0cc334b4e36f67e\",\"name\":\"thomas.berner\",\"image\":{\"@type\":\"ImageObject\",\"inLanguage\":\"en-US\",\"@id\":\"https:\\\/\\\/secure.gravatar.com\\\/avatar\\\/ac5001d2a36cb6c6cd3e50789007ffca834b477b74a2144564522e944eabff61?s=96&d=mm&r=g\",\"url\":\"https:\\\/\\\/secure.gravatar.com\\\/avatar\\\/ac5001d2a36cb6c6cd3e50789007ffca834b477b74a2144564522e944eabff61?s=96&d=mm&r=g\",\"contentUrl\":\"https:\\\/\\\/secure.gravatar.com\\\/avatar\\\/ac5001d2a36cb6c6cd3e50789007ffca834b477b74a2144564522e944eabff61?s=96&d=mm&r=g\",\"caption\":\"thomas.berner\"},\"url\":\"https:\\\/\\\/www.organisator.ch\\\/en\\\/author\\\/thomas-berner\\\/\"}]}<\/script>\n<!-- \/ Yoast SEO plugin. -->","yoast_head_json":{"title":"Bastian Schneider on the Ostschweizer Personaltag 2019: Being attractive to the right employees - Organizer","description":"Bastian Schneider knows how employers can stand out in the competition for skilled workers in the digital age. He reveals this and more in an interview.","robots":{"index":"index","follow":"follow","max-snippet":"max-snippet:-1","max-image-preview":"max-image-preview:large","max-video-preview":"max-video-preview:-1"},"canonical":"https:\/\/www.organisator.ch\/en\/human-resources\/hrm\/2019-04-23\/bastian-schneider-zum-ostschweizer-personaltag-2019-attraktiv-sein-fuer-die-richtigen-arbeitnehmer\/","og_locale":"en_US","og_type":"article","og_title":"Bastian Schneider zum Ostschweizer Personaltag 2019: Attraktiv sein f\u00fcr die richtigen Arbeitnehmer","og_description":"Bastian Schneider weiss, wie Arbeitgeber im digitalen Zeitalter im Wettbewerb um Fachkr\u00e4fte sich abheben k\u00f6nnen. Dies und mehr verr\u00e4t er im Interview.","og_url":"https:\/\/www.organisator.ch\/en\/human-resources\/hrm\/2019-04-23\/bastian-schneider-zum-ostschweizer-personaltag-2019-attraktiv-sein-fuer-die-richtigen-arbeitnehmer\/","og_site_name":"Organisator","article_publisher":"https:\/\/www.facebook.com\/OrganisatorFachmagazin","article_published_time":"2019-04-23T14:59:02+00:00","og_image":[{"width":679,"height":570,"url":"https:\/\/www.organisator.ch\/wp-content\/uploads\/2019\/04\/Bastian-Schneider-zum-Ostschweizer-Personaltag-2019-Attraktiv-sein-fuer-die-richtigen-Arbeitnehmer_Organisator.jpg","type":"image\/jpeg"}],"author":"thomas.berner","twitter_card":"summary_large_image","twitter_title":"Bastian Schneider zum Ostschweizer #Personaltag 2019: Attraktiv sein f\u00fcr die richtigen Arbeitnehmer","twitter_description":"#BastianSchneider weiss, wie Arbeitgeber im digitalen Zeitalter im Wettbewerb um Fachkr\u00e4fte sich abheben k\u00f6nnen. Dies und mehr verr\u00e4t er im Interview.","twitter_image":"https:\/\/www.organisator.ch\/wp-content\/uploads\/2019\/04\/Bastian-Schneider-zum-Ostschweizer-Personaltag-2019-Attraktiv-sein-f\u00fcr-die-richtigen-Arbeitnehmer_Organisator.jpg","schema":{"@context":"https:\/\/schema.org","@graph":[{"@type":"Article","@id":"https:\/\/www.organisator.ch\/human-resources\/hrm\/2019-04-23\/bastian-schneider-zum-ostschweizer-personaltag-2019-attraktiv-sein-fuer-die-richtigen-arbeitnehmer\/#article","isPartOf":{"@id":"https:\/\/www.organisator.ch\/human-resources\/hrm\/2019-04-23\/bastian-schneider-zum-ostschweizer-personaltag-2019-attraktiv-sein-fuer-die-richtigen-arbeitnehmer\/"},"author":{"name":"thomas.berner","@id":"https:\/\/www.organisator.ch\/#\/schema\/person\/6f650f90b2842cd4c0cc334b4e36f67e"},"headline":"Bastian Schneider zum Ostschweizer Personaltag 2019: Attraktiv sein f\u00fcr die richtigen Arbeitnehmer","datePublished":"2019-04-23T14:59:02+00:00","mainEntityOfPage":{"@id":"https:\/\/www.organisator.ch\/human-resources\/hrm\/2019-04-23\/bastian-schneider-zum-ostschweizer-personaltag-2019-attraktiv-sein-fuer-die-richtigen-arbeitnehmer\/"},"wordCount":911,"commentCount":0,"publisher":{"@id":"https:\/\/www.organisator.ch\/#organization"},"image":{"@id":"https:\/\/www.organisator.ch\/human-resources\/hrm\/2019-04-23\/bastian-schneider-zum-ostschweizer-personaltag-2019-attraktiv-sein-fuer-die-richtigen-arbeitnehmer\/#primaryimage"},"thumbnailUrl":"https:\/\/www.organisator.ch\/wp-content\/uploads\/2019\/04\/Bastian-Schneider-zum-Ostschweizer-Personaltag-2019-Attraktiv-sein-fuer-die-richtigen-Arbeitnehmer_Organisator.jpg","keywords":["Fachkongress\/Fachmesse","HRM","Management und Unternehmensf\u00fchrung","Personalf\u00fchrung","Recruiting"],"articleSection":["HRM"],"inLanguage":"en-US"},{"@type":"WebPage","@id":"https:\/\/www.organisator.ch\/human-resources\/hrm\/2019-04-23\/bastian-schneider-zum-ostschweizer-personaltag-2019-attraktiv-sein-fuer-die-richtigen-arbeitnehmer\/","url":"https:\/\/www.organisator.ch\/human-resources\/hrm\/2019-04-23\/bastian-schneider-zum-ostschweizer-personaltag-2019-attraktiv-sein-fuer-die-richtigen-arbeitnehmer\/","name":"Bastian Schneider on the Ostschweizer Personaltag 2019: Being attractive to the right employees - Organizer","isPartOf":{"@id":"https:\/\/www.organisator.ch\/#website"},"primaryImageOfPage":{"@id":"https:\/\/www.organisator.ch\/human-resources\/hrm\/2019-04-23\/bastian-schneider-zum-ostschweizer-personaltag-2019-attraktiv-sein-fuer-die-richtigen-arbeitnehmer\/#primaryimage"},"image":{"@id":"https:\/\/www.organisator.ch\/human-resources\/hrm\/2019-04-23\/bastian-schneider-zum-ostschweizer-personaltag-2019-attraktiv-sein-fuer-die-richtigen-arbeitnehmer\/#primaryimage"},"thumbnailUrl":"https:\/\/www.organisator.ch\/wp-content\/uploads\/2019\/04\/Bastian-Schneider-zum-Ostschweizer-Personaltag-2019-Attraktiv-sein-fuer-die-richtigen-Arbeitnehmer_Organisator.jpg","datePublished":"2019-04-23T14:59:02+00:00","description":"Bastian Schneider knows how employers can stand out in the competition for skilled workers in the digital age. He reveals this and more in an interview.","breadcrumb":{"@id":"https:\/\/www.organisator.ch\/human-resources\/hrm\/2019-04-23\/bastian-schneider-zum-ostschweizer-personaltag-2019-attraktiv-sein-fuer-die-richtigen-arbeitnehmer\/#breadcrumb"},"inLanguage":"en-US","potentialAction":[{"@type":"ReadAction","target":["https:\/\/www.organisator.ch\/human-resources\/hrm\/2019-04-23\/bastian-schneider-zum-ostschweizer-personaltag-2019-attraktiv-sein-fuer-die-richtigen-arbeitnehmer\/"]}]},{"@type":"ImageObject","inLanguage":"en-US","@id":"https:\/\/www.organisator.ch\/human-resources\/hrm\/2019-04-23\/bastian-schneider-zum-ostschweizer-personaltag-2019-attraktiv-sein-fuer-die-richtigen-arbeitnehmer\/#primaryimage","url":"https:\/\/www.organisator.ch\/wp-content\/uploads\/2019\/04\/Bastian-Schneider-zum-Ostschweizer-Personaltag-2019-Attraktiv-sein-fuer-die-richtigen-Arbeitnehmer_Organisator.jpg","contentUrl":"https:\/\/www.organisator.ch\/wp-content\/uploads\/2019\/04\/Bastian-Schneider-zum-Ostschweizer-Personaltag-2019-Attraktiv-sein-fuer-die-richtigen-Arbeitnehmer_Organisator.jpg","width":679,"height":570,"caption":"Bastian Schneider ist Spezialist f\u00fcr Markenf\u00fchrung und spricht am 15. Ostschweizer Personaltag zum Thema \"Vom Employer- zum Employee-Branding\". (Bild: Hotz Brand Consultants)"},{"@type":"BreadcrumbList","@id":"https:\/\/www.organisator.ch\/human-resources\/hrm\/2019-04-23\/bastian-schneider-zum-ostschweizer-personaltag-2019-attraktiv-sein-fuer-die-richtigen-arbeitnehmer\/#breadcrumb","itemListElement":[{"@type":"ListItem","position":1,"name":"Home","item":"https:\/\/www.organisator.ch\/"},{"@type":"ListItem","position":2,"name":"Bastian Schneider zum Ostschweizer Personaltag 2019: Attraktiv sein f\u00fcr die richtigen Arbeitnehmer"}]},{"@type":"WebSite","@id":"https:\/\/www.organisator.ch\/#website","url":"https:\/\/www.organisator.ch\/","name":"Organizer","description":"Competent. Practical. In 10 issues per year, ORGANISATOR presents the essential topics for managers of SMEs.","publisher":{"@id":"https:\/\/www.organisator.ch\/#organization"},"potentialAction":[{"@type":"SearchAction","target":{"@type":"EntryPoint","urlTemplate":"https:\/\/www.organisator.ch\/?s={search_term_string}"},"query-input":{"@type":"PropertyValueSpecification","valueRequired":true,"valueName":"search_term_string"}}],"inLanguage":"en-US"},{"@type":"Organization","@id":"https:\/\/www.organisator.ch\/#organization","name":"Organizer","url":"https:\/\/www.organisator.ch\/","logo":{"@type":"ImageObject","inLanguage":"en-US","@id":"https:\/\/www.organisator.ch\/#\/schema\/logo\/image\/","url":"https:\/\/www.organisator.ch\/wp-content\/uploads\/2022\/01\/Logo_Organisator_Website.png","contentUrl":"https:\/\/www.organisator.ch\/wp-content\/uploads\/2022\/01\/Logo_Organisator_Website.png","width":800,"height":77,"caption":"Organisator"},"image":{"@id":"https:\/\/www.organisator.ch\/#\/schema\/logo\/image\/"},"sameAs":["https:\/\/www.facebook.com\/OrganisatorFachmagazin","https:\/\/www.linkedin.com\/showcase\/organisator-das-magazin-fr-kmu","https:\/\/www.xing.com\/news\/pages\/organisator-ch-695","https:\/\/www.youtube.com\/channel\/UCGP2Sq0iWaZwT3BdIAQFYpw"]},{"@type":"Person","@id":"https:\/\/www.organisator.ch\/#\/schema\/person\/6f650f90b2842cd4c0cc334b4e36f67e","name":"thomas.berner","image":{"@type":"ImageObject","inLanguage":"en-US","@id":"https:\/\/secure.gravatar.com\/avatar\/ac5001d2a36cb6c6cd3e50789007ffca834b477b74a2144564522e944eabff61?s=96&d=mm&r=g","url":"https:\/\/secure.gravatar.com\/avatar\/ac5001d2a36cb6c6cd3e50789007ffca834b477b74a2144564522e944eabff61?s=96&d=mm&r=g","contentUrl":"https:\/\/secure.gravatar.com\/avatar\/ac5001d2a36cb6c6cd3e50789007ffca834b477b74a2144564522e944eabff61?s=96&d=mm&r=g","caption":"thomas.berner"},"url":"https:\/\/www.organisator.ch\/en\/author\/thomas-berner\/"}]}},"_links":{"self":[{"href":"https:\/\/www.organisator.ch\/en\/wp-json\/wp\/v2\/posts\/5171","targetHints":{"allow":["GET"]}}],"collection":[{"href":"https:\/\/www.organisator.ch\/en\/wp-json\/wp\/v2\/posts"}],"about":[{"href":"https:\/\/www.organisator.ch\/en\/wp-json\/wp\/v2\/types\/post"}],"author":[{"embeddable":true,"href":"https:\/\/www.organisator.ch\/en\/wp-json\/wp\/v2\/users\/4"}],"replies":[{"embeddable":true,"href":"https:\/\/www.organisator.ch\/en\/wp-json\/wp\/v2\/comments?post=5171"}],"version-history":[{"count":0,"href":"https:\/\/www.organisator.ch\/en\/wp-json\/wp\/v2\/posts\/5171\/revisions"}],"wp:featuredmedia":[{"embeddable":true,"href":"https:\/\/www.organisator.ch\/en\/wp-json\/wp\/v2\/media\/5172"}],"wp:attachment":[{"href":"https:\/\/www.organisator.ch\/en\/wp-json\/wp\/v2\/media?parent=5171"}],"wp:term":[{"taxonomy":"category","embeddable":true,"href":"https:\/\/www.organisator.ch\/en\/wp-json\/wp\/v2\/categories?post=5171"},{"taxonomy":"post_tag","embeddable":true,"href":"https:\/\/www.organisator.ch\/en\/wp-json\/wp\/v2\/tags?post=5171"}],"curies":[{"name":"wp","href":"https:\/\/api.w.org\/{rel}","templated":true}]}}