{"id":5187,"date":"2021-12-09T11:22:18","date_gmt":"2021-12-09T10:22:18","guid":{"rendered":"https:\/\/www.umweltperspektiven.ch\/?p=5187"},"modified":"2022-02-09T11:06:44","modified_gmt":"2022-02-09T10:06:44","slug":"die-wissenschaft-geht-ins-bundeshaus","status":"publish","type":"post","link":"https:\/\/www.organisator.ch\/en\/sustainability\/2021-12-09\/die-wissenschaft-geht-ins-bundeshaus\/","title":{"rendered":"The scientists go to the Federal House"},"content":{"rendered":"<figure id=\"attachment_5188\" aria-describedby=\"caption-attachment-5188\" style=\"width: 680px\" class=\"wp-caption aligncenter\"><img loading=\"lazy\" decoding=\"async\" class=\"wp-image-5188 size-medium\" src=\"\/\/www.umweltperspektiven.ch\/wp-content\/uploads\/2021\/12\/Depositphotos_20448111_S.jpg\" alt=\"Swiss Academies of Arts and Sciences\" width=\"680\" height=\"450\" \/><figcaption id=\"caption-attachment-5188\" class=\"wp-caption-text\">\u00a9 Depositphotos, Arsty<\/figcaption><\/figure>\n<p>The Intergovernmental Panel on Climate Change is currently publishing its latest Assessment Report, which summarizes knowledge about the state of climate change, developments and possible courses of action. Many researchers from Switzerland are also involved. The 1st part of the <a href=\"\/\/www.ipcc.ch\">IPCC<\/a>-Parts 2 and 3 will follow in February and March 2022, respectively. The reports are a reliable and widely cited source when it comes to climate issues. Parliamentarians should therefore learn the results quickly and at first hand,\" says Ir\u00e8ne K\u00e4lin. The President of the National Council, together with the parliamentary group Climate and the Academies of Arts and Sciences, invites to a dialogue on the IPCC reports in the Federal Parliament on May 2, 2022.<\/p>\n<p><strong>Waiting only hurts <\/strong><\/p>\n<p>\"It is essential to act decisively now on the basis of the scientific fundamentals. The longer we wait, the smaller the options for action will become and the more crises we will have to deal with at the same time. Science provides an important basis for this. But only in a close and constructive dialogue with politics and society can the challenge be successfully met,\" says Christian Huggel, IPCC co-author at the University of Zurich.<\/p>\n<p>\"We need a better exchange between science and policy. It is essential that parliamentarians have the opportunity to discuss the content of recent IPCC reports directly with the researchers who were involved in those reports,\" says Sonia Seneviratne, IPCC lead author at ETH Zurich.<\/p>\n<p>\"As an author on IPCC Working Group 3 on climate mitigation, I see tremendous progress in our scientific understanding of what climate policies work and how they can also help solve other problems, such as biodiversity loss. It's important to talk to policymakers not only about the science of climate change, but also about the scientific knowledge of mitigation,\" emphasizes Anthony Patt of ETH Zurich.<\/p>\n<p><strong>Various events planned<\/strong><\/p>\n<p>The Swiss Academies of Arts and Sciences conduct the dialogue on several levels. A series of events is planned on the IPCC reports, together with the authors of the reports from Switzerland. On the day of publication, the Academies will communicate the results at media conferences. On April 12, at the <a href=\"\/\/scnat.ch\/de\/uuid\/i\/f64cf142-a2de-5981-8a41-f145bc07e146-Swiss_Global_Change_Day\">Swiss Global Change Day<\/a> broadly informed about the reports and on May 2 the dialogue with the members of parliament will take place.<\/p>\n<p>In mid-July 2022, the World Biodiversity Council IPBES will publish its two latest reports. Again, information events will take place and the President of the National Council will invite to a dialogue in the Federal Palace.<\/p>\n<p><em>Source: <a href=\"\/\/scnat.ch\/\">Swiss Academy of Sciences<\/a><\/em><\/p>\n<p>&nbsp;<\/p>\n<p>&nbsp;<\/p>","protected":false},"excerpt":{"rendered":"<p>Der Weltklimarat publiziert aktuell den j\u00fcngsten Sachstandsbericht, der das Wissen zu Zustand, Entwicklungen und Handlungsm\u00f6glichkeiten zum Klimawandel zusammenfasst. Beteiligt sind auch viele Forschende aus der Schweiz. Der 1. Teil des IPCC-Berichtes wurde im August 2021 ver\u00f6ffentlicht; Teile 2 und 3 folgen im Februar bzw. M\u00e4rz 2022. \u00abDie Berichte sind eine verl\u00e4ssliche und vielzitierte Quelle, wenn [&hellip;]<\/p>\n","protected":false},"author":6,"featured_media":9885,"comment_status":"closed","ping_status":"closed","sticky":false,"template":"","format":"standard","meta":{"_acf_changed":false,"_yoast_wpseo_focuskw":"Akademien der Wissenschaften Schweiz","_yoast_wpseo_metadesc":"Nationalratspr\u00e4sidentin Ir\u00e8ne K\u00e4lin hat die Akademien der Wissenschaften Schweiz nach Bern eingeladen, um mit den Parlamentsmitgliedern zu diskutieren.","articlekey":"","footnotes":""},"categories":[580],"tags":[686,829,596,502],"class_list":["post-5187","post","type-post","status-publish","format-standard","has-post-thumbnail","hentry","category-sustainability","tag-akademien-der-wissenschaften-schweiz","tag-biodiversitaet","tag-klima","tag-veranstaltungen"],"acf":[],"yoast_head":"<!-- This site is optimized with the Yoast SEO plugin v27.4 - https:\/\/yoast.com\/product\/yoast-seo-wordpress\/ -->\n<title>Die Wissenschaftler gehen ins Bundeshaus - Organisator<\/title>\n<meta name=\"description\" content=\"Nationalratspr\u00e4sidentin Ir\u00e8ne K\u00e4lin hat die Akademien der Wissenschaften Schweiz nach Bern eingeladen, um mit den Parlamentsmitgliedern zu diskutieren.\" \/>\n<meta name=\"robots\" content=\"index, follow, max-snippet:-1, max-image-preview:large, max-video-preview:-1\" \/>\n<link rel=\"canonical\" href=\"https:\/\/www.organisator.ch\/en\/sustainability\/2021-12-09\/die-wissenschaft-geht-ins-bundeshaus\/\" \/>\n<meta property=\"og:locale\" content=\"en_US\" \/>\n<meta property=\"og:type\" content=\"article\" \/>\n<meta property=\"og:title\" content=\"Die Wissenschaftler gehen ins Bundeshaus - Organisator\" \/>\n<meta property=\"og:description\" content=\"Nationalratspr\u00e4sidentin Ir\u00e8ne K\u00e4lin hat die Akademien der Wissenschaften Schweiz nach Bern eingeladen, um mit den Parlamentsmitgliedern zu diskutieren.\" \/>\n<meta property=\"og:url\" content=\"https:\/\/www.organisator.ch\/en\/sustainability\/2021-12-09\/die-wissenschaft-geht-ins-bundeshaus\/\" \/>\n<meta property=\"og:site_name\" content=\"Organisator\" \/>\n<meta property=\"article:publisher\" content=\"https:\/\/www.facebook.com\/OrganisatorFachmagazin\" \/>\n<meta property=\"article:published_time\" content=\"2021-12-09T10:22:18+00:00\" \/>\n<meta property=\"article:modified_time\" content=\"2022-02-09T10:06:44+00:00\" \/>\n<meta property=\"og:image\" content=\"https:\/\/www.organisator.ch\/wp-content\/uploads\/2021\/12\/Depositphotos_20448111_S.jpg\" \/>\n\t<meta property=\"og:image:width\" content=\"1000\" \/>\n\t<meta property=\"og:image:height\" content=\"662\" \/>\n\t<meta property=\"og:image:type\" content=\"image\/jpeg\" \/>\n<meta name=\"author\" content=\"roger.straessle\" \/>\n<meta name=\"twitter:card\" content=\"summary_large_image\" \/>\n<script type=\"application\/ld+json\" class=\"yoast-schema-graph\">{\"@context\":\"https:\\\/\\\/schema.org\",\"@graph\":[{\"@type\":\"Article\",\"@id\":\"https:\\\/\\\/www.organisator.ch\\\/sustainability\\\/2021-12-09\\\/die-wissenschaft-geht-ins-bundeshaus\\\/#article\",\"isPartOf\":{\"@id\":\"https:\\\/\\\/www.organisator.ch\\\/sustainability\\\/2021-12-09\\\/die-wissenschaft-geht-ins-bundeshaus\\\/\"},\"author\":{\"name\":\"roger.straessle\",\"@id\":\"https:\\\/\\\/www.organisator.ch\\\/#\\\/schema\\\/person\\\/a800b8c54e208b160517a7dcc323161d\"},\"headline\":\"Die Wissenschaftler gehen ins Bundeshaus\",\"datePublished\":\"2021-12-09T10:22:18+00:00\",\"dateModified\":\"2022-02-09T10:06:44+00:00\",\"mainEntityOfPage\":{\"@id\":\"https:\\\/\\\/www.organisator.ch\\\/sustainability\\\/2021-12-09\\\/die-wissenschaft-geht-ins-bundeshaus\\\/\"},\"wordCount\":418,\"publisher\":{\"@id\":\"https:\\\/\\\/www.organisator.ch\\\/#organization\"},\"image\":{\"@id\":\"https:\\\/\\\/www.organisator.ch\\\/sustainability\\\/2021-12-09\\\/die-wissenschaft-geht-ins-bundeshaus\\\/#primaryimage\"},\"thumbnailUrl\":\"https:\\\/\\\/www.organisator.ch\\\/wp-content\\\/uploads\\\/2021\\\/12\\\/Depositphotos_20448111_S.jpg\",\"keywords\":[\"Akademien der Wissenschaften Schweiz\",\"Biodiversit\u00e4t\",\"KLIMA\",\"Veranstaltungen\"],\"articleSection\":[\"SUSTAINABILITY\"],\"inLanguage\":\"en-US\"},{\"@type\":\"WebPage\",\"@id\":\"https:\\\/\\\/www.organisator.ch\\\/sustainability\\\/2021-12-09\\\/die-wissenschaft-geht-ins-bundeshaus\\\/\",\"url\":\"https:\\\/\\\/www.organisator.ch\\\/sustainability\\\/2021-12-09\\\/die-wissenschaft-geht-ins-bundeshaus\\\/\",\"name\":\"Die Wissenschaftler gehen ins Bundeshaus - Organisator\",\"isPartOf\":{\"@id\":\"https:\\\/\\\/www.organisator.ch\\\/#website\"},\"primaryImageOfPage\":{\"@id\":\"https:\\\/\\\/www.organisator.ch\\\/sustainability\\\/2021-12-09\\\/die-wissenschaft-geht-ins-bundeshaus\\\/#primaryimage\"},\"image\":{\"@id\":\"https:\\\/\\\/www.organisator.ch\\\/sustainability\\\/2021-12-09\\\/die-wissenschaft-geht-ins-bundeshaus\\\/#primaryimage\"},\"thumbnailUrl\":\"https:\\\/\\\/www.organisator.ch\\\/wp-content\\\/uploads\\\/2021\\\/12\\\/Depositphotos_20448111_S.jpg\",\"datePublished\":\"2021-12-09T10:22:18+00:00\",\"dateModified\":\"2022-02-09T10:06:44+00:00\",\"description\":\"Nationalratspr\u00e4sidentin Ir\u00e8ne K\u00e4lin hat die Akademien der Wissenschaften Schweiz nach Bern eingeladen, um mit den Parlamentsmitgliedern zu diskutieren.\",\"breadcrumb\":{\"@id\":\"https:\\\/\\\/www.organisator.ch\\\/sustainability\\\/2021-12-09\\\/die-wissenschaft-geht-ins-bundeshaus\\\/#breadcrumb\"},\"inLanguage\":\"en-US\",\"potentialAction\":[{\"@type\":\"ReadAction\",\"target\":[\"https:\\\/\\\/www.organisator.ch\\\/sustainability\\\/2021-12-09\\\/die-wissenschaft-geht-ins-bundeshaus\\\/\"]}]},{\"@type\":\"ImageObject\",\"inLanguage\":\"en-US\",\"@id\":\"https:\\\/\\\/www.organisator.ch\\\/sustainability\\\/2021-12-09\\\/die-wissenschaft-geht-ins-bundeshaus\\\/#primaryimage\",\"url\":\"https:\\\/\\\/www.organisator.ch\\\/wp-content\\\/uploads\\\/2021\\\/12\\\/Depositphotos_20448111_S.jpg\",\"contentUrl\":\"https:\\\/\\\/www.organisator.ch\\\/wp-content\\\/uploads\\\/2021\\\/12\\\/Depositphotos_20448111_S.jpg\",\"width\":1000,\"height\":662,\"caption\":\"\u00a9 Depositphotos, Arsty\"},{\"@type\":\"BreadcrumbList\",\"@id\":\"https:\\\/\\\/www.organisator.ch\\\/sustainability\\\/2021-12-09\\\/die-wissenschaft-geht-ins-bundeshaus\\\/#breadcrumb\",\"itemListElement\":[{\"@type\":\"ListItem\",\"position\":1,\"name\":\"Home\",\"item\":\"https:\\\/\\\/www.organisator.ch\\\/\"},{\"@type\":\"ListItem\",\"position\":2,\"name\":\"Die Wissenschaftler gehen ins Bundeshaus\"}]},{\"@type\":\"WebSite\",\"@id\":\"https:\\\/\\\/www.organisator.ch\\\/#website\",\"url\":\"https:\\\/\\\/www.organisator.ch\\\/\",\"name\":\"Organisator\",\"description\":\"Kompetent. Praxisnah. Der ORGANISATOR bereitet in 10 Ausgaben pro Jahr die wesentlichen Themen f\u00fcr F\u00fchrungskr\u00e4fte von KMU auf.\",\"publisher\":{\"@id\":\"https:\\\/\\\/www.organisator.ch\\\/#organization\"},\"potentialAction\":[{\"@type\":\"SearchAction\",\"target\":{\"@type\":\"EntryPoint\",\"urlTemplate\":\"https:\\\/\\\/www.organisator.ch\\\/?s={search_term_string}\"},\"query-input\":{\"@type\":\"PropertyValueSpecification\",\"valueRequired\":true,\"valueName\":\"search_term_string\"}}],\"inLanguage\":\"en-US\"},{\"@type\":\"Organization\",\"@id\":\"https:\\\/\\\/www.organisator.ch\\\/#organization\",\"name\":\"Organisator\",\"url\":\"https:\\\/\\\/www.organisator.ch\\\/\",\"logo\":{\"@type\":\"ImageObject\",\"inLanguage\":\"en-US\",\"@id\":\"https:\\\/\\\/www.organisator.ch\\\/#\\\/schema\\\/logo\\\/image\\\/\",\"url\":\"https:\\\/\\\/www.organisator.ch\\\/wp-content\\\/uploads\\\/2022\\\/01\\\/Logo_Organisator_Website.png\",\"contentUrl\":\"https:\\\/\\\/www.organisator.ch\\\/wp-content\\\/uploads\\\/2022\\\/01\\\/Logo_Organisator_Website.png\",\"width\":800,\"height\":77,\"caption\":\"Organisator\"},\"image\":{\"@id\":\"https:\\\/\\\/www.organisator.ch\\\/#\\\/schema\\\/logo\\\/image\\\/\"},\"sameAs\":[\"https:\\\/\\\/www.facebook.com\\\/OrganisatorFachmagazin\",\"https:\\\/\\\/www.linkedin.com\\\/showcase\\\/organisator-das-magazin-fr-kmu\",\"https:\\\/\\\/www.xing.com\\\/news\\\/pages\\\/organisator-ch-695\",\"https:\\\/\\\/www.youtube.com\\\/channel\\\/UCGP2Sq0iWaZwT3BdIAQFYpw\"]},{\"@type\":\"Person\",\"@id\":\"https:\\\/\\\/www.organisator.ch\\\/#\\\/schema\\\/person\\\/a800b8c54e208b160517a7dcc323161d\",\"name\":\"roger.straessle\",\"image\":{\"@type\":\"ImageObject\",\"inLanguage\":\"en-US\",\"@id\":\"https:\\\/\\\/secure.gravatar.com\\\/avatar\\\/?s=96&d=mm&r=g\",\"url\":\"https:\\\/\\\/secure.gravatar.com\\\/avatar\\\/?s=96&d=mm&r=g\",\"contentUrl\":\"https:\\\/\\\/secure.gravatar.com\\\/avatar\\\/?s=96&d=mm&r=g\",\"caption\":\"roger.straessle\"},\"url\":\"https:\\\/\\\/www.organisator.ch\\\/en\\\/author\\\/roger-straessle\\\/\"}]}<\/script>\n<!-- \/ Yoast SEO plugin. -->","yoast_head_json":{"title":"The scientists go to the Federal House - organizer","description":"President of the National Council Ir\u00e8ne K\u00e4lin invited the Swiss Academies of Arts and Sciences to Bern to discuss with members of parliament.","robots":{"index":"index","follow":"follow","max-snippet":"max-snippet:-1","max-image-preview":"max-image-preview:large","max-video-preview":"max-video-preview:-1"},"canonical":"https:\/\/www.organisator.ch\/en\/sustainability\/2021-12-09\/die-wissenschaft-geht-ins-bundeshaus\/","og_locale":"en_US","og_type":"article","og_title":"Die Wissenschaftler gehen ins Bundeshaus - Organisator","og_description":"Nationalratspr\u00e4sidentin Ir\u00e8ne K\u00e4lin hat die Akademien der Wissenschaften Schweiz nach Bern eingeladen, um mit den Parlamentsmitgliedern zu diskutieren.","og_url":"https:\/\/www.organisator.ch\/en\/sustainability\/2021-12-09\/die-wissenschaft-geht-ins-bundeshaus\/","og_site_name":"Organisator","article_publisher":"https:\/\/www.facebook.com\/OrganisatorFachmagazin","article_published_time":"2021-12-09T10:22:18+00:00","article_modified_time":"2022-02-09T10:06:44+00:00","og_image":[{"width":1000,"height":662,"url":"https:\/\/www.organisator.ch\/wp-content\/uploads\/2021\/12\/Depositphotos_20448111_S.jpg","type":"image\/jpeg"}],"author":"roger.straessle","twitter_card":"summary_large_image","schema":{"@context":"https:\/\/schema.org","@graph":[{"@type":"Article","@id":"https:\/\/www.organisator.ch\/sustainability\/2021-12-09\/die-wissenschaft-geht-ins-bundeshaus\/#article","isPartOf":{"@id":"https:\/\/www.organisator.ch\/sustainability\/2021-12-09\/die-wissenschaft-geht-ins-bundeshaus\/"},"author":{"name":"roger.straessle","@id":"https:\/\/www.organisator.ch\/#\/schema\/person\/a800b8c54e208b160517a7dcc323161d"},"headline":"Die Wissenschaftler gehen ins Bundeshaus","datePublished":"2021-12-09T10:22:18+00:00","dateModified":"2022-02-09T10:06:44+00:00","mainEntityOfPage":{"@id":"https:\/\/www.organisator.ch\/sustainability\/2021-12-09\/die-wissenschaft-geht-ins-bundeshaus\/"},"wordCount":418,"publisher":{"@id":"https:\/\/www.organisator.ch\/#organization"},"image":{"@id":"https:\/\/www.organisator.ch\/sustainability\/2021-12-09\/die-wissenschaft-geht-ins-bundeshaus\/#primaryimage"},"thumbnailUrl":"https:\/\/www.organisator.ch\/wp-content\/uploads\/2021\/12\/Depositphotos_20448111_S.jpg","keywords":["Akademien der Wissenschaften Schweiz","Biodiversit\u00e4t","KLIMA","Veranstaltungen"],"articleSection":["SUSTAINABILITY"],"inLanguage":"en-US"},{"@type":"WebPage","@id":"https:\/\/www.organisator.ch\/sustainability\/2021-12-09\/die-wissenschaft-geht-ins-bundeshaus\/","url":"https:\/\/www.organisator.ch\/sustainability\/2021-12-09\/die-wissenschaft-geht-ins-bundeshaus\/","name":"The scientists go to the Federal House - organizer","isPartOf":{"@id":"https:\/\/www.organisator.ch\/#website"},"primaryImageOfPage":{"@id":"https:\/\/www.organisator.ch\/sustainability\/2021-12-09\/die-wissenschaft-geht-ins-bundeshaus\/#primaryimage"},"image":{"@id":"https:\/\/www.organisator.ch\/sustainability\/2021-12-09\/die-wissenschaft-geht-ins-bundeshaus\/#primaryimage"},"thumbnailUrl":"https:\/\/www.organisator.ch\/wp-content\/uploads\/2021\/12\/Depositphotos_20448111_S.jpg","datePublished":"2021-12-09T10:22:18+00:00","dateModified":"2022-02-09T10:06:44+00:00","description":"President of the National Council Ir\u00e8ne K\u00e4lin invited the Swiss Academies of Arts and Sciences to Bern to discuss with members of parliament.","breadcrumb":{"@id":"https:\/\/www.organisator.ch\/sustainability\/2021-12-09\/die-wissenschaft-geht-ins-bundeshaus\/#breadcrumb"},"inLanguage":"en-US","potentialAction":[{"@type":"ReadAction","target":["https:\/\/www.organisator.ch\/sustainability\/2021-12-09\/die-wissenschaft-geht-ins-bundeshaus\/"]}]},{"@type":"ImageObject","inLanguage":"en-US","@id":"https:\/\/www.organisator.ch\/sustainability\/2021-12-09\/die-wissenschaft-geht-ins-bundeshaus\/#primaryimage","url":"https:\/\/www.organisator.ch\/wp-content\/uploads\/2021\/12\/Depositphotos_20448111_S.jpg","contentUrl":"https:\/\/www.organisator.ch\/wp-content\/uploads\/2021\/12\/Depositphotos_20448111_S.jpg","width":1000,"height":662,"caption":"\u00a9 Depositphotos, Arsty"},{"@type":"BreadcrumbList","@id":"https:\/\/www.organisator.ch\/sustainability\/2021-12-09\/die-wissenschaft-geht-ins-bundeshaus\/#breadcrumb","itemListElement":[{"@type":"ListItem","position":1,"name":"Home","item":"https:\/\/www.organisator.ch\/"},{"@type":"ListItem","position":2,"name":"Die Wissenschaftler gehen ins Bundeshaus"}]},{"@type":"WebSite","@id":"https:\/\/www.organisator.ch\/#website","url":"https:\/\/www.organisator.ch\/","name":"Organizer","description":"Competent. Practical. In 10 issues per year, ORGANISATOR presents the essential topics for managers of SMEs.","publisher":{"@id":"https:\/\/www.organisator.ch\/#organization"},"potentialAction":[{"@type":"SearchAction","target":{"@type":"EntryPoint","urlTemplate":"https:\/\/www.organisator.ch\/?s={search_term_string}"},"query-input":{"@type":"PropertyValueSpecification","valueRequired":true,"valueName":"search_term_string"}}],"inLanguage":"en-US"},{"@type":"Organization","@id":"https:\/\/www.organisator.ch\/#organization","name":"Organizer","url":"https:\/\/www.organisator.ch\/","logo":{"@type":"ImageObject","inLanguage":"en-US","@id":"https:\/\/www.organisator.ch\/#\/schema\/logo\/image\/","url":"https:\/\/www.organisator.ch\/wp-content\/uploads\/2022\/01\/Logo_Organisator_Website.png","contentUrl":"https:\/\/www.organisator.ch\/wp-content\/uploads\/2022\/01\/Logo_Organisator_Website.png","width":800,"height":77,"caption":"Organisator"},"image":{"@id":"https:\/\/www.organisator.ch\/#\/schema\/logo\/image\/"},"sameAs":["https:\/\/www.facebook.com\/OrganisatorFachmagazin","https:\/\/www.linkedin.com\/showcase\/organisator-das-magazin-fr-kmu","https:\/\/www.xing.com\/news\/pages\/organisator-ch-695","https:\/\/www.youtube.com\/channel\/UCGP2Sq0iWaZwT3BdIAQFYpw"]},{"@type":"Person","@id":"https:\/\/www.organisator.ch\/#\/schema\/person\/a800b8c54e208b160517a7dcc323161d","name":"roger.straessle","image":{"@type":"ImageObject","inLanguage":"en-US","@id":"https:\/\/secure.gravatar.com\/avatar\/?s=96&d=mm&r=g","url":"https:\/\/secure.gravatar.com\/avatar\/?s=96&d=mm&r=g","contentUrl":"https:\/\/secure.gravatar.com\/avatar\/?s=96&d=mm&r=g","caption":"roger.straessle"},"url":"https:\/\/www.organisator.ch\/en\/author\/roger-straessle\/"}]}},"_links":{"self":[{"href":"https:\/\/www.organisator.ch\/en\/wp-json\/wp\/v2\/posts\/5187","targetHints":{"allow":["GET"]}}],"collection":[{"href":"https:\/\/www.organisator.ch\/en\/wp-json\/wp\/v2\/posts"}],"about":[{"href":"https:\/\/www.organisator.ch\/en\/wp-json\/wp\/v2\/types\/post"}],"author":[{"embeddable":true,"href":"https:\/\/www.organisator.ch\/en\/wp-json\/wp\/v2\/users\/6"}],"replies":[{"embeddable":true,"href":"https:\/\/www.organisator.ch\/en\/wp-json\/wp\/v2\/comments?post=5187"}],"version-history":[{"count":1,"href":"https:\/\/www.organisator.ch\/en\/wp-json\/wp\/v2\/posts\/5187\/revisions"}],"predecessor-version":[{"id":10637,"href":"https:\/\/www.organisator.ch\/en\/wp-json\/wp\/v2\/posts\/5187\/revisions\/10637"}],"wp:featuredmedia":[{"embeddable":true,"href":"https:\/\/www.organisator.ch\/en\/wp-json\/wp\/v2\/media\/9885"}],"wp:attachment":[{"href":"https:\/\/www.organisator.ch\/en\/wp-json\/wp\/v2\/media?parent=5187"}],"wp:term":[{"taxonomy":"category","embeddable":true,"href":"https:\/\/www.organisator.ch\/en\/wp-json\/wp\/v2\/categories?post=5187"},{"taxonomy":"post_tag","embeddable":true,"href":"https:\/\/www.organisator.ch\/en\/wp-json\/wp\/v2\/tags?post=5187"}],"curies":[{"name":"wp","href":"https:\/\/api.w.org\/{rel}","templated":true}]}}