{"id":5220,"date":"2019-05-08T08:46:32","date_gmt":"2019-05-08T06:46:32","guid":{"rendered":"https:\/\/www.organisator.ch\/?p=5220"},"modified":"2019-05-08T08:46:32","modified_gmt":"2019-05-08T06:46:32","slug":"veraenderung-im-verwaltungsrat-der-continuum-ag","status":"publish","type":"post","link":"https:\/\/www.organisator.ch\/en\/management\/2019-05-08\/veraenderung-im-verwaltungsrat-der-continuum-ag\/","title":{"rendered":"Change in the Board of Directors of Continuum AG"},"content":{"rendered":"<figure id=\"attachment_5221\" aria-describedby=\"caption-attachment-5221\" style=\"width: 680px\" class=\"wp-caption alignnone\"><img loading=\"lazy\" decoding=\"async\" class=\"size-medium wp-image-5221\" src=\"https:\/\/www.organisator.ch\/wp-content\/uploads\/2019\/05\/Veraenderung-im-Verwaltungsrat-der-Continuum-AG_Organisator.jpg\" alt=\"\" width=\"680\" height=\"591\" srcset=\"https:\/\/www.organisator.ch\/wp-content\/uploads\/2019\/05\/Veraenderung-im-Verwaltungsrat-der-Continuum-AG_Organisator.jpg 680w, https:\/\/www.organisator.ch\/wp-content\/uploads\/2019\/05\/Veraenderung-im-Verwaltungsrat-der-Continuum-AG_Organisator-14x12.jpg 14w, https:\/\/www.organisator.ch\/wp-content\/uploads\/2019\/05\/Veraenderung-im-Verwaltungsrat-der-Continuum-AG_Organisator-201x175.jpg 201w, https:\/\/www.organisator.ch\/wp-content\/uploads\/2019\/05\/Veraenderung-im-Verwaltungsrat-der-Continuum-AG_Organisator-403x350.jpg 403w, https:\/\/www.organisator.ch\/wp-content\/uploads\/2019\/05\/Veraenderung-im-Verwaltungsrat-der-Continuum-AG_Organisator-300x261.jpg 300w\" sizes=\"auto, (max-width: 680px) 100vw, 680px\" \/><figcaption id=\"caption-attachment-5221\" class=\"wp-caption-text\">Dr. oec. Leonhard Fopp steps down as Chairman of the Board of Continuum AG. (Image: Archive ORGANISATOR)<\/figcaption><\/figure>\n<p>On reaching the age of 70, Dr. oec. Leonhard Fopp has retired from his active role in Continuum AG and handed over the chairmanship of the Board of Directors to Rolf Brunner. He is thus setting a good example to let the next generation \"do it\" entrepreneurially after a professional handover. Fopp was the founder of Continuum AG in 2003 and subsequently its CEO. As a consultant, he primarily advised family businesses on the topics of succession planning and corporate development. He thus made a significant contribution to the development of the consulting company. In 2013, the company was sold to ZETRA International AG in Zurich and to Rolf Brunner, who has since successfully managed Continuum AG and developed it at its locations in St. Gallen, Zurich and Lenzburg.<\/p>\n<p>The positioning focal points developed by Fopp, such as the \"Strategy Quartet2 with its service areas and the modules on \"Family Governance\", will remain in place and be further intensified. \"With Fopp, Continuum AG is saying goodbye to a visionary thinker who has passionately set the course for the company's continued successful future,\" according to a media release published on the subject.<\/p>\n<p><em><a href=\"http:\/\/www.continuum.ch\">More information<\/a><\/em><\/p>","protected":false},"excerpt":{"rendered":"<p>Dr. oec. Leonhard Fopp hat mit Erreichen seines 70. Altersjahres den R\u00fcckzug aus seiner aktiven Rolle in der Continuum AG und die \u00dcbergabe des VR-Pr\u00e4sidiums an Rolf Brunner vollzogen. Damit geht er mit gutem Beispiel voran, um die n\u00e4chste Generation nach einer professionellen \u00dcbergabe unternehmerisch \u00abmachen zu lassen\u00bb. Fopp war im Jahr 2003 der Gr\u00fcnder [&hellip;]<\/p>\n","protected":false},"author":4,"featured_media":5221,"comment_status":"open","ping_status":"open","sticky":false,"template":"","format":"standard","meta":{"_acf_changed":false,"_yoast_wpseo_focuskw":"Continuum AG","_yoast_wpseo_metadesc":"Dr. oec. Leonhard Fopp \u00fcbergibt per Ende Mai 2019 das VR-Pr\u00e4sidium von Continuum AG an Rolf Brunner.","articlekey":"","footnotes":""},"categories":[28],"tags":[335,492,513],"class_list":["post-5220","post","type-post","status-publish","format-standard","has-post-thumbnail","hentry","category-management","tag-management-und-unternehmensfuehrung","tag-unternehmen","tag-verwaltungsraete"],"acf":[],"yoast_head":"<!-- This site is optimized with the Yoast SEO plugin v27.5 - https:\/\/yoast.com\/product\/yoast-seo-wordpress\/ -->\n<title>Ver\u00e4nderung im Verwaltungsrat der Continuum AG - Organisator<\/title>\n<meta name=\"description\" content=\"Dr. oec. Leonhard Fopp \u00fcbergibt per Ende Mai 2019 das VR-Pr\u00e4sidium von Continuum AG an Rolf Brunner.\" \/>\n<meta name=\"robots\" content=\"index, follow, max-snippet:-1, max-image-preview:large, max-video-preview:-1\" \/>\n<link rel=\"canonical\" href=\"https:\/\/www.organisator.ch\/en\/management\/2019-05-08\/veraenderung-im-verwaltungsrat-der-continuum-ag\/\" \/>\n<meta property=\"og:locale\" content=\"en_US\" \/>\n<meta property=\"og:type\" content=\"article\" \/>\n<meta property=\"og:title\" content=\"Ver\u00e4nderung im Verwaltungsrat der Continuum AG\" \/>\n<meta property=\"og:description\" content=\"Dr. oec. Leonhard Fopp \u00fcbergibt per Ende Mai 2019 das VR-Pr\u00e4sidium von Continuum AG an Rolf Brunner.\" \/>\n<meta property=\"og:url\" content=\"https:\/\/www.organisator.ch\/en\/management\/2019-05-08\/veraenderung-im-verwaltungsrat-der-continuum-ag\/\" \/>\n<meta property=\"og:site_name\" content=\"Organisator\" \/>\n<meta property=\"article:publisher\" content=\"https:\/\/www.facebook.com\/OrganisatorFachmagazin\" \/>\n<meta property=\"article:published_time\" content=\"2019-05-08T06:46:32+00:00\" \/>\n<meta property=\"og:image\" content=\"https:\/\/www.organisator.ch\/wp-content\/uploads\/2019\/05\/Veraenderung-im-Verwaltungsrat-der-Continuum-AG_Organisator.jpg\" \/>\n\t<meta property=\"og:image:width\" content=\"680\" \/>\n\t<meta property=\"og:image:height\" content=\"591\" \/>\n\t<meta property=\"og:image:type\" content=\"image\/jpeg\" \/>\n<meta name=\"author\" content=\"thomas.berner\" \/>\n<meta name=\"twitter:card\" content=\"summary_large_image\" \/>\n<meta name=\"twitter:title\" content=\"Ver\u00e4nderung im Verwaltungsrat der #Continuum AG\" \/>\n<meta name=\"twitter:description\" content=\"Dr. oec. Leonhard #Fopp \u00fcbergibt per Ende Mai 2019 das VR-Pr\u00e4sidium von Continuum AG an Rolf Brunner.\" \/>\n<meta name=\"twitter:image\" content=\"https:\/\/www.organisator.ch\/wp-content\/uploads\/2019\/05\/Ver\u00e4nderung-im-Verwaltungsrat-der-Continuum-AG_Organisator.jpg\" \/>\n<script type=\"application\/ld+json\" class=\"yoast-schema-graph\">{\"@context\":\"https:\\\/\\\/schema.org\",\"@graph\":[{\"@type\":\"Article\",\"@id\":\"https:\\\/\\\/www.organisator.ch\\\/management\\\/2019-05-08\\\/veraenderung-im-verwaltungsrat-der-continuum-ag\\\/#article\",\"isPartOf\":{\"@id\":\"https:\\\/\\\/www.organisator.ch\\\/management\\\/2019-05-08\\\/veraenderung-im-verwaltungsrat-der-continuum-ag\\\/\"},\"author\":{\"name\":\"thomas.berner\",\"@id\":\"https:\\\/\\\/www.organisator.ch\\\/#\\\/schema\\\/person\\\/6f650f90b2842cd4c0cc334b4e36f67e\"},\"headline\":\"Ver\u00e4nderung im Verwaltungsrat der Continuum AG\",\"datePublished\":\"2019-05-08T06:46:32+00:00\",\"mainEntityOfPage\":{\"@id\":\"https:\\\/\\\/www.organisator.ch\\\/management\\\/2019-05-08\\\/veraenderung-im-verwaltungsrat-der-continuum-ag\\\/\"},\"wordCount\":214,\"commentCount\":0,\"publisher\":{\"@id\":\"https:\\\/\\\/www.organisator.ch\\\/#organization\"},\"image\":{\"@id\":\"https:\\\/\\\/www.organisator.ch\\\/management\\\/2019-05-08\\\/veraenderung-im-verwaltungsrat-der-continuum-ag\\\/#primaryimage\"},\"thumbnailUrl\":\"https:\\\/\\\/www.organisator.ch\\\/wp-content\\\/uploads\\\/2019\\\/05\\\/Veraenderung-im-Verwaltungsrat-der-Continuum-AG_Organisator.jpg\",\"keywords\":[\"Management und Unternehmensf\u00fchrung\",\"Unternehmen\",\"Verwaltungsr\u00e4te\"],\"articleSection\":[\"MANAGEMENT\"],\"inLanguage\":\"en-US\"},{\"@type\":\"WebPage\",\"@id\":\"https:\\\/\\\/www.organisator.ch\\\/management\\\/2019-05-08\\\/veraenderung-im-verwaltungsrat-der-continuum-ag\\\/\",\"url\":\"https:\\\/\\\/www.organisator.ch\\\/management\\\/2019-05-08\\\/veraenderung-im-verwaltungsrat-der-continuum-ag\\\/\",\"name\":\"Ver\u00e4nderung im Verwaltungsrat der Continuum AG - Organisator\",\"isPartOf\":{\"@id\":\"https:\\\/\\\/www.organisator.ch\\\/#website\"},\"primaryImageOfPage\":{\"@id\":\"https:\\\/\\\/www.organisator.ch\\\/management\\\/2019-05-08\\\/veraenderung-im-verwaltungsrat-der-continuum-ag\\\/#primaryimage\"},\"image\":{\"@id\":\"https:\\\/\\\/www.organisator.ch\\\/management\\\/2019-05-08\\\/veraenderung-im-verwaltungsrat-der-continuum-ag\\\/#primaryimage\"},\"thumbnailUrl\":\"https:\\\/\\\/www.organisator.ch\\\/wp-content\\\/uploads\\\/2019\\\/05\\\/Veraenderung-im-Verwaltungsrat-der-Continuum-AG_Organisator.jpg\",\"datePublished\":\"2019-05-08T06:46:32+00:00\",\"description\":\"Dr. oec. Leonhard Fopp \u00fcbergibt per Ende Mai 2019 das VR-Pr\u00e4sidium von Continuum AG an Rolf Brunner.\",\"breadcrumb\":{\"@id\":\"https:\\\/\\\/www.organisator.ch\\\/management\\\/2019-05-08\\\/veraenderung-im-verwaltungsrat-der-continuum-ag\\\/#breadcrumb\"},\"inLanguage\":\"en-US\",\"potentialAction\":[{\"@type\":\"ReadAction\",\"target\":[\"https:\\\/\\\/www.organisator.ch\\\/management\\\/2019-05-08\\\/veraenderung-im-verwaltungsrat-der-continuum-ag\\\/\"]}]},{\"@type\":\"ImageObject\",\"inLanguage\":\"en-US\",\"@id\":\"https:\\\/\\\/www.organisator.ch\\\/management\\\/2019-05-08\\\/veraenderung-im-verwaltungsrat-der-continuum-ag\\\/#primaryimage\",\"url\":\"https:\\\/\\\/www.organisator.ch\\\/wp-content\\\/uploads\\\/2019\\\/05\\\/Veraenderung-im-Verwaltungsrat-der-Continuum-AG_Organisator.jpg\",\"contentUrl\":\"https:\\\/\\\/www.organisator.ch\\\/wp-content\\\/uploads\\\/2019\\\/05\\\/Veraenderung-im-Verwaltungsrat-der-Continuum-AG_Organisator.jpg\",\"width\":680,\"height\":591,\"caption\":\"Dr. oec. Leonhard Fopp gibt das VR-Pr\u00e4sidium bei der Continuum AG ab. (Bild: Archiv ORGANISATOR)\"},{\"@type\":\"BreadcrumbList\",\"@id\":\"https:\\\/\\\/www.organisator.ch\\\/management\\\/2019-05-08\\\/veraenderung-im-verwaltungsrat-der-continuum-ag\\\/#breadcrumb\",\"itemListElement\":[{\"@type\":\"ListItem\",\"position\":1,\"name\":\"Home\",\"item\":\"https:\\\/\\\/www.organisator.ch\\\/\"},{\"@type\":\"ListItem\",\"position\":2,\"name\":\"Ver\u00e4nderung im Verwaltungsrat der Continuum AG\"}]},{\"@type\":\"WebSite\",\"@id\":\"https:\\\/\\\/www.organisator.ch\\\/#website\",\"url\":\"https:\\\/\\\/www.organisator.ch\\\/\",\"name\":\"Organisator\",\"description\":\"Kompetent. Praxisnah. Der ORGANISATOR bereitet in 10 Ausgaben pro Jahr die wesentlichen Themen f\u00fcr F\u00fchrungskr\u00e4fte von KMU auf.\",\"publisher\":{\"@id\":\"https:\\\/\\\/www.organisator.ch\\\/#organization\"},\"potentialAction\":[{\"@type\":\"SearchAction\",\"target\":{\"@type\":\"EntryPoint\",\"urlTemplate\":\"https:\\\/\\\/www.organisator.ch\\\/?s={search_term_string}\"},\"query-input\":{\"@type\":\"PropertyValueSpecification\",\"valueRequired\":true,\"valueName\":\"search_term_string\"}}],\"inLanguage\":\"en-US\"},{\"@type\":\"Organization\",\"@id\":\"https:\\\/\\\/www.organisator.ch\\\/#organization\",\"name\":\"Organisator\",\"url\":\"https:\\\/\\\/www.organisator.ch\\\/\",\"logo\":{\"@type\":\"ImageObject\",\"inLanguage\":\"en-US\",\"@id\":\"https:\\\/\\\/www.organisator.ch\\\/#\\\/schema\\\/logo\\\/image\\\/\",\"url\":\"https:\\\/\\\/www.organisator.ch\\\/wp-content\\\/uploads\\\/2022\\\/01\\\/Logo_Organisator_Website.png\",\"contentUrl\":\"https:\\\/\\\/www.organisator.ch\\\/wp-content\\\/uploads\\\/2022\\\/01\\\/Logo_Organisator_Website.png\",\"width\":800,\"height\":77,\"caption\":\"Organisator\"},\"image\":{\"@id\":\"https:\\\/\\\/www.organisator.ch\\\/#\\\/schema\\\/logo\\\/image\\\/\"},\"sameAs\":[\"https:\\\/\\\/www.facebook.com\\\/OrganisatorFachmagazin\",\"https:\\\/\\\/www.linkedin.com\\\/showcase\\\/organisator-das-magazin-fr-kmu\",\"https:\\\/\\\/www.xing.com\\\/news\\\/pages\\\/organisator-ch-695\",\"https:\\\/\\\/www.youtube.com\\\/channel\\\/UCGP2Sq0iWaZwT3BdIAQFYpw\"]},{\"@type\":\"Person\",\"@id\":\"https:\\\/\\\/www.organisator.ch\\\/#\\\/schema\\\/person\\\/6f650f90b2842cd4c0cc334b4e36f67e\",\"name\":\"thomas.berner\",\"image\":{\"@type\":\"ImageObject\",\"inLanguage\":\"en-US\",\"@id\":\"https:\\\/\\\/secure.gravatar.com\\\/avatar\\\/ac5001d2a36cb6c6cd3e50789007ffca834b477b74a2144564522e944eabff61?s=96&d=mm&r=g\",\"url\":\"https:\\\/\\\/secure.gravatar.com\\\/avatar\\\/ac5001d2a36cb6c6cd3e50789007ffca834b477b74a2144564522e944eabff61?s=96&d=mm&r=g\",\"contentUrl\":\"https:\\\/\\\/secure.gravatar.com\\\/avatar\\\/ac5001d2a36cb6c6cd3e50789007ffca834b477b74a2144564522e944eabff61?s=96&d=mm&r=g\",\"caption\":\"thomas.berner\"},\"url\":\"https:\\\/\\\/www.organisator.ch\\\/en\\\/author\\\/thomas-berner\\\/\"}]}<\/script>\n<!-- \/ Yoast SEO plugin. -->","yoast_head_json":{"title":"Change in the Board of Directors of Continuum AG - Organizer","description":"Dr. oec. Leonhard Fopp will hand over the chairmanship of Continuum AG to Rolf Brunner at the end of May 2019.","robots":{"index":"index","follow":"follow","max-snippet":"max-snippet:-1","max-image-preview":"max-image-preview:large","max-video-preview":"max-video-preview:-1"},"canonical":"https:\/\/www.organisator.ch\/en\/management\/2019-05-08\/veraenderung-im-verwaltungsrat-der-continuum-ag\/","og_locale":"en_US","og_type":"article","og_title":"Ver\u00e4nderung im Verwaltungsrat der Continuum AG","og_description":"Dr. oec. Leonhard Fopp \u00fcbergibt per Ende Mai 2019 das VR-Pr\u00e4sidium von Continuum AG an Rolf Brunner.","og_url":"https:\/\/www.organisator.ch\/en\/management\/2019-05-08\/veraenderung-im-verwaltungsrat-der-continuum-ag\/","og_site_name":"Organisator","article_publisher":"https:\/\/www.facebook.com\/OrganisatorFachmagazin","article_published_time":"2019-05-08T06:46:32+00:00","og_image":[{"width":680,"height":591,"url":"https:\/\/www.organisator.ch\/wp-content\/uploads\/2019\/05\/Veraenderung-im-Verwaltungsrat-der-Continuum-AG_Organisator.jpg","type":"image\/jpeg"}],"author":"thomas.berner","twitter_card":"summary_large_image","twitter_title":"Ver\u00e4nderung im Verwaltungsrat der #Continuum AG","twitter_description":"Dr. oec. Leonhard #Fopp \u00fcbergibt per Ende Mai 2019 das VR-Pr\u00e4sidium von Continuum AG an Rolf Brunner.","twitter_image":"https:\/\/www.organisator.ch\/wp-content\/uploads\/2019\/05\/Ver\u00e4nderung-im-Verwaltungsrat-der-Continuum-AG_Organisator.jpg","schema":{"@context":"https:\/\/schema.org","@graph":[{"@type":"Article","@id":"https:\/\/www.organisator.ch\/management\/2019-05-08\/veraenderung-im-verwaltungsrat-der-continuum-ag\/#article","isPartOf":{"@id":"https:\/\/www.organisator.ch\/management\/2019-05-08\/veraenderung-im-verwaltungsrat-der-continuum-ag\/"},"author":{"name":"thomas.berner","@id":"https:\/\/www.organisator.ch\/#\/schema\/person\/6f650f90b2842cd4c0cc334b4e36f67e"},"headline":"Ver\u00e4nderung im Verwaltungsrat der Continuum AG","datePublished":"2019-05-08T06:46:32+00:00","mainEntityOfPage":{"@id":"https:\/\/www.organisator.ch\/management\/2019-05-08\/veraenderung-im-verwaltungsrat-der-continuum-ag\/"},"wordCount":214,"commentCount":0,"publisher":{"@id":"https:\/\/www.organisator.ch\/#organization"},"image":{"@id":"https:\/\/www.organisator.ch\/management\/2019-05-08\/veraenderung-im-verwaltungsrat-der-continuum-ag\/#primaryimage"},"thumbnailUrl":"https:\/\/www.organisator.ch\/wp-content\/uploads\/2019\/05\/Veraenderung-im-Verwaltungsrat-der-Continuum-AG_Organisator.jpg","keywords":["Management und Unternehmensf\u00fchrung","Unternehmen","Verwaltungsr\u00e4te"],"articleSection":["MANAGEMENT"],"inLanguage":"en-US"},{"@type":"WebPage","@id":"https:\/\/www.organisator.ch\/management\/2019-05-08\/veraenderung-im-verwaltungsrat-der-continuum-ag\/","url":"https:\/\/www.organisator.ch\/management\/2019-05-08\/veraenderung-im-verwaltungsrat-der-continuum-ag\/","name":"Change in the Board of Directors of Continuum AG - Organizer","isPartOf":{"@id":"https:\/\/www.organisator.ch\/#website"},"primaryImageOfPage":{"@id":"https:\/\/www.organisator.ch\/management\/2019-05-08\/veraenderung-im-verwaltungsrat-der-continuum-ag\/#primaryimage"},"image":{"@id":"https:\/\/www.organisator.ch\/management\/2019-05-08\/veraenderung-im-verwaltungsrat-der-continuum-ag\/#primaryimage"},"thumbnailUrl":"https:\/\/www.organisator.ch\/wp-content\/uploads\/2019\/05\/Veraenderung-im-Verwaltungsrat-der-Continuum-AG_Organisator.jpg","datePublished":"2019-05-08T06:46:32+00:00","description":"Dr. oec. Leonhard Fopp will hand over the chairmanship of Continuum AG to Rolf Brunner at the end of May 2019.","breadcrumb":{"@id":"https:\/\/www.organisator.ch\/management\/2019-05-08\/veraenderung-im-verwaltungsrat-der-continuum-ag\/#breadcrumb"},"inLanguage":"en-US","potentialAction":[{"@type":"ReadAction","target":["https:\/\/www.organisator.ch\/management\/2019-05-08\/veraenderung-im-verwaltungsrat-der-continuum-ag\/"]}]},{"@type":"ImageObject","inLanguage":"en-US","@id":"https:\/\/www.organisator.ch\/management\/2019-05-08\/veraenderung-im-verwaltungsrat-der-continuum-ag\/#primaryimage","url":"https:\/\/www.organisator.ch\/wp-content\/uploads\/2019\/05\/Veraenderung-im-Verwaltungsrat-der-Continuum-AG_Organisator.jpg","contentUrl":"https:\/\/www.organisator.ch\/wp-content\/uploads\/2019\/05\/Veraenderung-im-Verwaltungsrat-der-Continuum-AG_Organisator.jpg","width":680,"height":591,"caption":"Dr. oec. Leonhard Fopp gibt das VR-Pr\u00e4sidium bei der Continuum AG ab. (Bild: Archiv ORGANISATOR)"},{"@type":"BreadcrumbList","@id":"https:\/\/www.organisator.ch\/management\/2019-05-08\/veraenderung-im-verwaltungsrat-der-continuum-ag\/#breadcrumb","itemListElement":[{"@type":"ListItem","position":1,"name":"Home","item":"https:\/\/www.organisator.ch\/"},{"@type":"ListItem","position":2,"name":"Ver\u00e4nderung im Verwaltungsrat der Continuum AG"}]},{"@type":"WebSite","@id":"https:\/\/www.organisator.ch\/#website","url":"https:\/\/www.organisator.ch\/","name":"Organizer","description":"Competent. Practical. In 10 issues per year, ORGANISATOR presents the essential topics for managers of SMEs.","publisher":{"@id":"https:\/\/www.organisator.ch\/#organization"},"potentialAction":[{"@type":"SearchAction","target":{"@type":"EntryPoint","urlTemplate":"https:\/\/www.organisator.ch\/?s={search_term_string}"},"query-input":{"@type":"PropertyValueSpecification","valueRequired":true,"valueName":"search_term_string"}}],"inLanguage":"en-US"},{"@type":"Organization","@id":"https:\/\/www.organisator.ch\/#organization","name":"Organizer","url":"https:\/\/www.organisator.ch\/","logo":{"@type":"ImageObject","inLanguage":"en-US","@id":"https:\/\/www.organisator.ch\/#\/schema\/logo\/image\/","url":"https:\/\/www.organisator.ch\/wp-content\/uploads\/2022\/01\/Logo_Organisator_Website.png","contentUrl":"https:\/\/www.organisator.ch\/wp-content\/uploads\/2022\/01\/Logo_Organisator_Website.png","width":800,"height":77,"caption":"Organisator"},"image":{"@id":"https:\/\/www.organisator.ch\/#\/schema\/logo\/image\/"},"sameAs":["https:\/\/www.facebook.com\/OrganisatorFachmagazin","https:\/\/www.linkedin.com\/showcase\/organisator-das-magazin-fr-kmu","https:\/\/www.xing.com\/news\/pages\/organisator-ch-695","https:\/\/www.youtube.com\/channel\/UCGP2Sq0iWaZwT3BdIAQFYpw"]},{"@type":"Person","@id":"https:\/\/www.organisator.ch\/#\/schema\/person\/6f650f90b2842cd4c0cc334b4e36f67e","name":"thomas.berner","image":{"@type":"ImageObject","inLanguage":"en-US","@id":"https:\/\/secure.gravatar.com\/avatar\/ac5001d2a36cb6c6cd3e50789007ffca834b477b74a2144564522e944eabff61?s=96&d=mm&r=g","url":"https:\/\/secure.gravatar.com\/avatar\/ac5001d2a36cb6c6cd3e50789007ffca834b477b74a2144564522e944eabff61?s=96&d=mm&r=g","contentUrl":"https:\/\/secure.gravatar.com\/avatar\/ac5001d2a36cb6c6cd3e50789007ffca834b477b74a2144564522e944eabff61?s=96&d=mm&r=g","caption":"thomas.berner"},"url":"https:\/\/www.organisator.ch\/en\/author\/thomas-berner\/"}]}},"_links":{"self":[{"href":"https:\/\/www.organisator.ch\/en\/wp-json\/wp\/v2\/posts\/5220","targetHints":{"allow":["GET"]}}],"collection":[{"href":"https:\/\/www.organisator.ch\/en\/wp-json\/wp\/v2\/posts"}],"about":[{"href":"https:\/\/www.organisator.ch\/en\/wp-json\/wp\/v2\/types\/post"}],"author":[{"embeddable":true,"href":"https:\/\/www.organisator.ch\/en\/wp-json\/wp\/v2\/users\/4"}],"replies":[{"embeddable":true,"href":"https:\/\/www.organisator.ch\/en\/wp-json\/wp\/v2\/comments?post=5220"}],"version-history":[{"count":0,"href":"https:\/\/www.organisator.ch\/en\/wp-json\/wp\/v2\/posts\/5220\/revisions"}],"wp:featuredmedia":[{"embeddable":true,"href":"https:\/\/www.organisator.ch\/en\/wp-json\/wp\/v2\/media\/5221"}],"wp:attachment":[{"href":"https:\/\/www.organisator.ch\/en\/wp-json\/wp\/v2\/media?parent=5220"}],"wp:term":[{"taxonomy":"category","embeddable":true,"href":"https:\/\/www.organisator.ch\/en\/wp-json\/wp\/v2\/categories?post=5220"},{"taxonomy":"post_tag","embeddable":true,"href":"https:\/\/www.organisator.ch\/en\/wp-json\/wp\/v2\/tags?post=5220"}],"curies":[{"name":"wp","href":"https:\/\/api.w.org\/{rel}","templated":true}]}}