{"id":5250,"date":"2019-05-15T07:58:11","date_gmt":"2019-05-15T05:58:11","guid":{"rendered":"https:\/\/www.organisator.ch\/?p=5250"},"modified":"2019-05-15T07:58:11","modified_gmt":"2019-05-15T05:58:11","slug":"swiss-ethics-prize-three-projects-awarded","status":"publish","type":"post","link":"https:\/\/www.organisator.ch\/en\/allgemein\/2019-05-15\/schweizer-ethikpreis-drei-projekte-ausgezeichnet\/","title":{"rendered":"Swiss Ethics Award: Three projects honored"},"content":{"rendered":"<figure id=\"attachment_5253\" aria-describedby=\"caption-attachment-5253\" style=\"width: 680px\" class=\"wp-caption alignnone\"><img loading=\"lazy\" decoding=\"async\" class=\"size-medium wp-image-5253\" src=\"https:\/\/www.organisator.ch\/wp-content\/uploads\/2019\/05\/Schweizer-Ethikpreis-Drei-Projekte-ausgezeichnet_Organisator.jpg\" alt=\"\" width=\"680\" height=\"454\" srcset=\"https:\/\/www.organisator.ch\/wp-content\/uploads\/2019\/05\/Schweizer-Ethikpreis-Drei-Projekte-ausgezeichnet_Organisator.jpg 680w, https:\/\/www.organisator.ch\/wp-content\/uploads\/2019\/05\/Schweizer-Ethikpreis-Drei-Projekte-ausgezeichnet_Organisator-16x12.jpg 16w, https:\/\/www.organisator.ch\/wp-content\/uploads\/2019\/05\/Schweizer-Ethikpreis-Drei-Projekte-ausgezeichnet_Organisator-262x175.jpg 262w, https:\/\/www.organisator.ch\/wp-content\/uploads\/2019\/05\/Schweizer-Ethikpreis-Drei-Projekte-ausgezeichnet_Organisator-524x350.jpg 524w, https:\/\/www.organisator.ch\/wp-content\/uploads\/2019\/05\/Schweizer-Ethikpreis-Drei-Projekte-ausgezeichnet_Organisator-300x200.jpg 300w\" sizes=\"auto, (max-width: 680px) 100vw, 680px\" \/><figcaption id=\"caption-attachment-5253\" class=\"wp-caption-text\">Swiss Ethics Award 2019, from left to right: sculptor Etienne Kr\u00e4henb\u00fchl, award winners Bernard Wissler and Fabian Von Buren (Rollaid), Fred Schopfer (To Good to Go), Councillor Cesla Amarelle, award winner Paul Charmillot, Aline Bissell, Adrien Geyer and Marc Fontanet (MagicTomato) and jury president Pierre Epars. (Image: \u00a9 Gabriel Lado)<\/figcaption><\/figure>\n<p>The Swiss Ethics Award, organized by the School of Engineering and Economics of the Canton of Vaud (HEIG-VD) and launched for the first time in 2005, is an independent prize to promote ethics, sustainable development and social responsibility projects by companies or public organizations. The aim is that such measures become natural and obvious to everyone. For this purpose, concrete projects are awarded which encourage others to further develop or imitate them.<\/p>\n<p>The winners of this 14th edition are Association rollaid, Magic Tomato and Too Good to Go; their commitment in the fields of ethics, social responsibility and sustainable development was thus honored. The trophy was solemnly handed over to them on May 14, 2019 by Mrs. Cesla Amarelle, Cantonal Councillor of Vaud, Head of the Department of Education, Youth and Culture. Johan Rochel, co-director of the Lab for Innovation Ethics, ethix, gave a short presentation on \"Digital transformation: an ethics of transition\". The award winners in detail:<\/p>\n<h2>Association rollaid - Workshop Rollaid<\/h2>\n<p>The aim of the rollaid association is the social and professional integration of young people who work in a recycling workshop where they repair wheelchairs and other items for people with disabilities. Discarded wheelchairs and other accessories for people with disabilities are collected from all over Switzerland and repaired in the workshop in Interlaken. Repairing requires varied craftsmanship specifically suited to the needs of participants in this vocational integration program. The repaired items are delivered to organizations that provide assistance to disabled people in economically disadvantaged countries. For teenagers and young adults, it is good to know that their work is helping people in difficult life situations. In this way, they experience that their commitment is meaningful and valuable.<\/p>\n<h2>MagicTomato - online market for fresh and local products<\/h2>\n<p>MagicTomato has built a sustainable online food distribution system. The products (vegetables, meat, fish, etc.) come from local producers (100% not industrial), are fresh and are delivered directly to the home within a few hours. This system makes it possible to reduce the environmental impact caused by transport, since the delivery is made by electric cars and cargo bikes and customers no longer have to go to supermarkets. Food waste and plastic packaging are reduced to a minimum and distribution turnover is generated locally. The main goal is to have a positive impact on the company's entire value chain while motivating consumers to use this sustainable solution.<\/p>\n<h2>Too Good To Go - Working together against food waste<\/h2>\n<p>Too Good To Go has launched a protest movement against food waste, whose first tool is an app that connects restaurants and consumers: Restaurants, hotels, supermarkets, bakeries, etc. sell their unsold food at low prices to individuals by means of \"miracle bags\". The same individuals can pick up the bags directly from Too Good To Go partners, if possible with their own containers. The goal is to create a community of people who care about the environment and want to contribute to the fight against waste. And so the result is a win-win-win: delicious food at a reduced price, less waste for the businesses, and resource conservation for the environment!<\/p>\n<h2>Swiss Ethics Award as a special competition<\/h2>\n<p>Unlike other competitions of the same kind, the specificity of this prize is that it is organized by the School of Engineering and Economics of the Canton of Vaud (HEIG-VD), thus ensuring the independence of the organization and awarding of the prize. The Swiss Ethics Prize is also considered an educational project. Each year, students of economics participate in the organization of the event. This task is part of the curriculum. \"This idea was part of the original concept! It was about highlighting the students' skills in ethical dossiers and approach. The idea was to propose, under the supervision of a professor, courses of action that would encourage the independence and critical faculties of students to duly appreciate any action, regardless of the field it comes from,\" said Pierre Zumwald, past president of the jury.<\/p>\n<p><em>More information:\u00a0<a href=\"http:\/\/www.prixethique.ch\">www.prixethique.ch<\/a><\/em><\/p>","protected":false},"excerpt":{"rendered":"<p>Der Schweizer Ethikpreis, von der Hochschule f\u00fcr Technik und Wirtschaft des Kantons Waadt (HEIG-VD) organisiert und zum ersten Mal im Jahre 2005 lanciert, ist ein unabh\u00e4ngiger Preis, um Projekte f\u00fcr Ethik, nachhaltige Entwicklung und soziale Verantwortung von Unternehmen oder \u00f6ffentlichen Organisationen zu f\u00f6rdern. Das Ziel besteht darin, dass solche Massnahmen f\u00fcr jedermann selbstverst\u00e4ndlich und offensichtlich [&hellip;]<\/p>\n","protected":false},"author":4,"featured_media":5253,"comment_status":"open","ping_status":"open","sticky":false,"template":"","format":"standard","meta":{"_acf_changed":false,"_yoast_wpseo_focuskw":"Ethikpreis","_yoast_wpseo_metadesc":"Die Jury des Schweizer Ethikpreises hat die Gewinner der diesj\u00e4hrigen Ausgabe bekannt gegeben. Die Preisverleihung fand am 14. Mai 2019 in Yverdon statt.","articlekey":"","footnotes":""},"categories":[1],"tags":[66,334,441,492,508],"class_list":["post-5250","post","type-post","status-publish","format-standard","has-post-thumbnail","hentry","category-allgemein","tag-awards","tag-management","tag-soziale-verantwortung","tag-unternehmen","tag-vermischtes"],"acf":[],"yoast_head":"<!-- This site is optimized with the Yoast SEO plugin v27.5 - https:\/\/yoast.com\/product\/yoast-seo-wordpress\/ -->\n<title>Schweizer Ethikpreis: Drei Projekte ausgezeichnet - Organisator<\/title>\n<meta name=\"description\" content=\"Die Jury des Schweizer Ethikpreises hat die Gewinner der diesj\u00e4hrigen Ausgabe bekannt gegeben. Die Preisverleihung fand am 14. Mai 2019 in Yverdon statt.\" \/>\n<meta name=\"robots\" content=\"index, follow, max-snippet:-1, max-image-preview:large, max-video-preview:-1\" \/>\n<link rel=\"canonical\" href=\"https:\/\/www.organisator.ch\/en\/general\/2019-05-15\/swiss-ethics-prize-three-projects-awarded\/\" \/>\n<meta property=\"og:locale\" content=\"en_US\" \/>\n<meta property=\"og:type\" content=\"article\" \/>\n<meta property=\"og:title\" content=\"Schweizer Ethikpreis: Drei Projekte ausgezeichnet\" \/>\n<meta property=\"og:description\" content=\"Die Jury des Schweizer Ethikpreises hat die Gewinner der diesj\u00e4hrigen Ausgabe bekannt gegeben. Die Preisverleihung fand am 14. Mai 2019 in Yverdon statt.\" \/>\n<meta property=\"og:url\" content=\"https:\/\/www.organisator.ch\/en\/general\/2019-05-15\/swiss-ethics-prize-three-projects-awarded\/\" \/>\n<meta property=\"og:site_name\" content=\"Organisator\" \/>\n<meta property=\"article:publisher\" content=\"https:\/\/www.facebook.com\/OrganisatorFachmagazin\" \/>\n<meta property=\"article:published_time\" content=\"2019-05-15T05:58:11+00:00\" \/>\n<meta property=\"og:image\" content=\"https:\/\/www.organisator.ch\/wp-content\/uploads\/2019\/05\/Schweizer-Ethikpreis-Drei-Projekte-ausgezeichnet_Organisator.jpg\" \/>\n\t<meta property=\"og:image:width\" content=\"680\" \/>\n\t<meta property=\"og:image:height\" content=\"454\" \/>\n\t<meta property=\"og:image:type\" content=\"image\/jpeg\" \/>\n<meta name=\"author\" content=\"thomas.berner\" \/>\n<meta name=\"twitter:card\" content=\"summary_large_image\" \/>\n<meta name=\"twitter:title\" content=\"Schweizer #Ethikpreis: Drei Projekte ausgezeichnet\" \/>\n<meta name=\"twitter:description\" content=\"Die Jury des Schweizer #Ethikpreises hat die Gewinner der diesj\u00e4hrigen Ausgabe bekannt gegeben. Die Preisverleihung fand am 14. Mai 2019 in Yverdon statt.\" \/>\n<meta name=\"twitter:image\" content=\"https:\/\/www.organisator.ch\/wp-content\/uploads\/2019\/05\/Schweizer-Ethikpreis-Drei-Projekte-ausgezeichnet_Organisator.jpg\" \/>\n<script type=\"application\/ld+json\" class=\"yoast-schema-graph\">{\"@context\":\"https:\\\/\\\/schema.org\",\"@graph\":[{\"@type\":\"Article\",\"@id\":\"https:\\\/\\\/www.organisator.ch\\\/fr\\\/general\\\/2019-05-15\\\/schweizer-ethikpreis-drei-projekte-ausgezeichnet\\\/#article\",\"isPartOf\":{\"@id\":\"https:\\\/\\\/www.organisator.ch\\\/fr\\\/general\\\/2019-05-15\\\/schweizer-ethikpreis-drei-projekte-ausgezeichnet\\\/\"},\"author\":{\"name\":\"thomas.berner\",\"@id\":\"https:\\\/\\\/www.organisator.ch\\\/#\\\/schema\\\/person\\\/6f650f90b2842cd4c0cc334b4e36f67e\"},\"headline\":\"Schweizer Ethikpreis: Drei Projekte ausgezeichnet\",\"datePublished\":\"2019-05-15T05:58:11+00:00\",\"mainEntityOfPage\":{\"@id\":\"https:\\\/\\\/www.organisator.ch\\\/fr\\\/general\\\/2019-05-15\\\/schweizer-ethikpreis-drei-projekte-ausgezeichnet\\\/\"},\"wordCount\":724,\"commentCount\":0,\"publisher\":{\"@id\":\"https:\\\/\\\/www.organisator.ch\\\/#organization\"},\"image\":{\"@id\":\"https:\\\/\\\/www.organisator.ch\\\/fr\\\/general\\\/2019-05-15\\\/schweizer-ethikpreis-drei-projekte-ausgezeichnet\\\/#primaryimage\"},\"thumbnailUrl\":\"https:\\\/\\\/www.organisator.ch\\\/wp-content\\\/uploads\\\/2019\\\/05\\\/Schweizer-Ethikpreis-Drei-Projekte-ausgezeichnet_Organisator.jpg\",\"keywords\":[\"Awards\",\"Management\",\"Soziale Verantwortung\",\"Unternehmen\",\"Vermischtes\"],\"articleSection\":[\"Allgemein\"],\"inLanguage\":\"en-US\"},{\"@type\":\"WebPage\",\"@id\":\"https:\\\/\\\/www.organisator.ch\\\/fr\\\/general\\\/2019-05-15\\\/schweizer-ethikpreis-drei-projekte-ausgezeichnet\\\/\",\"url\":\"https:\\\/\\\/www.organisator.ch\\\/fr\\\/general\\\/2019-05-15\\\/schweizer-ethikpreis-drei-projekte-ausgezeichnet\\\/\",\"name\":\"Schweizer Ethikpreis: Drei Projekte ausgezeichnet - Organisator\",\"isPartOf\":{\"@id\":\"https:\\\/\\\/www.organisator.ch\\\/#website\"},\"primaryImageOfPage\":{\"@id\":\"https:\\\/\\\/www.organisator.ch\\\/fr\\\/general\\\/2019-05-15\\\/schweizer-ethikpreis-drei-projekte-ausgezeichnet\\\/#primaryimage\"},\"image\":{\"@id\":\"https:\\\/\\\/www.organisator.ch\\\/fr\\\/general\\\/2019-05-15\\\/schweizer-ethikpreis-drei-projekte-ausgezeichnet\\\/#primaryimage\"},\"thumbnailUrl\":\"https:\\\/\\\/www.organisator.ch\\\/wp-content\\\/uploads\\\/2019\\\/05\\\/Schweizer-Ethikpreis-Drei-Projekte-ausgezeichnet_Organisator.jpg\",\"datePublished\":\"2019-05-15T05:58:11+00:00\",\"description\":\"Die Jury des Schweizer Ethikpreises hat die Gewinner der diesj\u00e4hrigen Ausgabe bekannt gegeben. Die Preisverleihung fand am 14. Mai 2019 in Yverdon statt.\",\"breadcrumb\":{\"@id\":\"https:\\\/\\\/www.organisator.ch\\\/fr\\\/general\\\/2019-05-15\\\/schweizer-ethikpreis-drei-projekte-ausgezeichnet\\\/#breadcrumb\"},\"inLanguage\":\"en-US\",\"potentialAction\":[{\"@type\":\"ReadAction\",\"target\":[\"https:\\\/\\\/www.organisator.ch\\\/fr\\\/general\\\/2019-05-15\\\/schweizer-ethikpreis-drei-projekte-ausgezeichnet\\\/\"]}]},{\"@type\":\"ImageObject\",\"inLanguage\":\"en-US\",\"@id\":\"https:\\\/\\\/www.organisator.ch\\\/fr\\\/general\\\/2019-05-15\\\/schweizer-ethikpreis-drei-projekte-ausgezeichnet\\\/#primaryimage\",\"url\":\"https:\\\/\\\/www.organisator.ch\\\/wp-content\\\/uploads\\\/2019\\\/05\\\/Schweizer-Ethikpreis-Drei-Projekte-ausgezeichnet_Organisator.jpg\",\"contentUrl\":\"https:\\\/\\\/www.organisator.ch\\\/wp-content\\\/uploads\\\/2019\\\/05\\\/Schweizer-Ethikpreis-Drei-Projekte-ausgezeichnet_Organisator.jpg\",\"width\":680,\"height\":454,\"caption\":\"14 mai 2019. Prix Suisse de l'Ethique 2018. Le sculpteur Etienne Kr\u00e4henb\u00fchl, les laur\u00e9ats Bernard Wissler et Fabian Von Buren de Rollaid, le laur\u00e9at Fred Schopfer de To Good to Go, la conseill\u00e8re d'Etat vaudoise Cesla Amarelle, les laur\u00e9ats Paul Charmillot, Aline Bissell, Adrien Geyer et Marc Fontanet de MagicTomato, et le pr\u00e9sident du Jury Pierre Epars. \u00a9 Gabriel Lado\"},{\"@type\":\"BreadcrumbList\",\"@id\":\"https:\\\/\\\/www.organisator.ch\\\/fr\\\/general\\\/2019-05-15\\\/schweizer-ethikpreis-drei-projekte-ausgezeichnet\\\/#breadcrumb\",\"itemListElement\":[{\"@type\":\"ListItem\",\"position\":1,\"name\":\"Home\",\"item\":\"https:\\\/\\\/www.organisator.ch\\\/\"},{\"@type\":\"ListItem\",\"position\":2,\"name\":\"Schweizer Ethikpreis: Drei Projekte ausgezeichnet\"}]},{\"@type\":\"WebSite\",\"@id\":\"https:\\\/\\\/www.organisator.ch\\\/#website\",\"url\":\"https:\\\/\\\/www.organisator.ch\\\/\",\"name\":\"Organisator\",\"description\":\"Kompetent. Praxisnah. Der ORGANISATOR bereitet in 10 Ausgaben pro Jahr die wesentlichen Themen f\u00fcr F\u00fchrungskr\u00e4fte von KMU auf.\",\"publisher\":{\"@id\":\"https:\\\/\\\/www.organisator.ch\\\/#organization\"},\"potentialAction\":[{\"@type\":\"SearchAction\",\"target\":{\"@type\":\"EntryPoint\",\"urlTemplate\":\"https:\\\/\\\/www.organisator.ch\\\/?s={search_term_string}\"},\"query-input\":{\"@type\":\"PropertyValueSpecification\",\"valueRequired\":true,\"valueName\":\"search_term_string\"}}],\"inLanguage\":\"en-US\"},{\"@type\":\"Organization\",\"@id\":\"https:\\\/\\\/www.organisator.ch\\\/#organization\",\"name\":\"Organisator\",\"url\":\"https:\\\/\\\/www.organisator.ch\\\/\",\"logo\":{\"@type\":\"ImageObject\",\"inLanguage\":\"en-US\",\"@id\":\"https:\\\/\\\/www.organisator.ch\\\/#\\\/schema\\\/logo\\\/image\\\/\",\"url\":\"https:\\\/\\\/www.organisator.ch\\\/wp-content\\\/uploads\\\/2022\\\/01\\\/Logo_Organisator_Website.png\",\"contentUrl\":\"https:\\\/\\\/www.organisator.ch\\\/wp-content\\\/uploads\\\/2022\\\/01\\\/Logo_Organisator_Website.png\",\"width\":800,\"height\":77,\"caption\":\"Organisator\"},\"image\":{\"@id\":\"https:\\\/\\\/www.organisator.ch\\\/#\\\/schema\\\/logo\\\/image\\\/\"},\"sameAs\":[\"https:\\\/\\\/www.facebook.com\\\/OrganisatorFachmagazin\",\"https:\\\/\\\/www.linkedin.com\\\/showcase\\\/organisator-das-magazin-fr-kmu\",\"https:\\\/\\\/www.xing.com\\\/news\\\/pages\\\/organisator-ch-695\",\"https:\\\/\\\/www.youtube.com\\\/channel\\\/UCGP2Sq0iWaZwT3BdIAQFYpw\"]},{\"@type\":\"Person\",\"@id\":\"https:\\\/\\\/www.organisator.ch\\\/#\\\/schema\\\/person\\\/6f650f90b2842cd4c0cc334b4e36f67e\",\"name\":\"thomas.berner\",\"image\":{\"@type\":\"ImageObject\",\"inLanguage\":\"en-US\",\"@id\":\"https:\\\/\\\/secure.gravatar.com\\\/avatar\\\/ac5001d2a36cb6c6cd3e50789007ffca834b477b74a2144564522e944eabff61?s=96&d=mm&r=g\",\"url\":\"https:\\\/\\\/secure.gravatar.com\\\/avatar\\\/ac5001d2a36cb6c6cd3e50789007ffca834b477b74a2144564522e944eabff61?s=96&d=mm&r=g\",\"contentUrl\":\"https:\\\/\\\/secure.gravatar.com\\\/avatar\\\/ac5001d2a36cb6c6cd3e50789007ffca834b477b74a2144564522e944eabff61?s=96&d=mm&r=g\",\"caption\":\"thomas.berner\"},\"url\":\"https:\\\/\\\/www.organisator.ch\\\/en\\\/author\\\/thomas-berner\\\/\"}]}<\/script>\n<!-- \/ Yoast SEO plugin. -->","yoast_head_json":{"title":"Swiss Ethics Award: Three projects honored - Organizer","description":"The jury of the Swiss Ethics Award has announced the winners of this year's edition. The award ceremony took place in Yverdon on May 14, 2019.","robots":{"index":"index","follow":"follow","max-snippet":"max-snippet:-1","max-image-preview":"max-image-preview:large","max-video-preview":"max-video-preview:-1"},"canonical":"https:\/\/www.organisator.ch\/en\/general\/2019-05-15\/swiss-ethics-prize-three-projects-awarded\/","og_locale":"en_US","og_type":"article","og_title":"Schweizer Ethikpreis: Drei Projekte ausgezeichnet","og_description":"Die Jury des Schweizer Ethikpreises hat die Gewinner der diesj\u00e4hrigen Ausgabe bekannt gegeben. Die Preisverleihung fand am 14. Mai 2019 in Yverdon statt.","og_url":"https:\/\/www.organisator.ch\/en\/general\/2019-05-15\/swiss-ethics-prize-three-projects-awarded\/","og_site_name":"Organisator","article_publisher":"https:\/\/www.facebook.com\/OrganisatorFachmagazin","article_published_time":"2019-05-15T05:58:11+00:00","og_image":[{"width":680,"height":454,"url":"https:\/\/www.organisator.ch\/wp-content\/uploads\/2019\/05\/Schweizer-Ethikpreis-Drei-Projekte-ausgezeichnet_Organisator.jpg","type":"image\/jpeg"}],"author":"thomas.berner","twitter_card":"summary_large_image","twitter_title":"Schweizer #Ethikpreis: Drei Projekte ausgezeichnet","twitter_description":"Die Jury des Schweizer #Ethikpreises hat die Gewinner der diesj\u00e4hrigen Ausgabe bekannt gegeben. Die Preisverleihung fand am 14. Mai 2019 in Yverdon statt.","twitter_image":"https:\/\/www.organisator.ch\/wp-content\/uploads\/2019\/05\/Schweizer-Ethikpreis-Drei-Projekte-ausgezeichnet_Organisator.jpg","schema":{"@context":"https:\/\/schema.org","@graph":[{"@type":"Article","@id":"https:\/\/www.organisator.ch\/fr\/general\/2019-05-15\/schweizer-ethikpreis-drei-projekte-ausgezeichnet\/#article","isPartOf":{"@id":"https:\/\/www.organisator.ch\/fr\/general\/2019-05-15\/schweizer-ethikpreis-drei-projekte-ausgezeichnet\/"},"author":{"name":"thomas.berner","@id":"https:\/\/www.organisator.ch\/#\/schema\/person\/6f650f90b2842cd4c0cc334b4e36f67e"},"headline":"Schweizer Ethikpreis: Drei Projekte ausgezeichnet","datePublished":"2019-05-15T05:58:11+00:00","mainEntityOfPage":{"@id":"https:\/\/www.organisator.ch\/fr\/general\/2019-05-15\/schweizer-ethikpreis-drei-projekte-ausgezeichnet\/"},"wordCount":724,"commentCount":0,"publisher":{"@id":"https:\/\/www.organisator.ch\/#organization"},"image":{"@id":"https:\/\/www.organisator.ch\/fr\/general\/2019-05-15\/schweizer-ethikpreis-drei-projekte-ausgezeichnet\/#primaryimage"},"thumbnailUrl":"https:\/\/www.organisator.ch\/wp-content\/uploads\/2019\/05\/Schweizer-Ethikpreis-Drei-Projekte-ausgezeichnet_Organisator.jpg","keywords":["Awards","Management","Soziale Verantwortung","Unternehmen","Vermischtes"],"articleSection":["Allgemein"],"inLanguage":"en-US"},{"@type":"WebPage","@id":"https:\/\/www.organisator.ch\/fr\/general\/2019-05-15\/schweizer-ethikpreis-drei-projekte-ausgezeichnet\/","url":"https:\/\/www.organisator.ch\/fr\/general\/2019-05-15\/schweizer-ethikpreis-drei-projekte-ausgezeichnet\/","name":"Swiss Ethics Award: Three projects honored - Organizer","isPartOf":{"@id":"https:\/\/www.organisator.ch\/#website"},"primaryImageOfPage":{"@id":"https:\/\/www.organisator.ch\/fr\/general\/2019-05-15\/schweizer-ethikpreis-drei-projekte-ausgezeichnet\/#primaryimage"},"image":{"@id":"https:\/\/www.organisator.ch\/fr\/general\/2019-05-15\/schweizer-ethikpreis-drei-projekte-ausgezeichnet\/#primaryimage"},"thumbnailUrl":"https:\/\/www.organisator.ch\/wp-content\/uploads\/2019\/05\/Schweizer-Ethikpreis-Drei-Projekte-ausgezeichnet_Organisator.jpg","datePublished":"2019-05-15T05:58:11+00:00","description":"The jury of the Swiss Ethics Award has announced the winners of this year's edition. The award ceremony took place in Yverdon on May 14, 2019.","breadcrumb":{"@id":"https:\/\/www.organisator.ch\/fr\/general\/2019-05-15\/schweizer-ethikpreis-drei-projekte-ausgezeichnet\/#breadcrumb"},"inLanguage":"en-US","potentialAction":[{"@type":"ReadAction","target":["https:\/\/www.organisator.ch\/fr\/general\/2019-05-15\/schweizer-ethikpreis-drei-projekte-ausgezeichnet\/"]}]},{"@type":"ImageObject","inLanguage":"en-US","@id":"https:\/\/www.organisator.ch\/fr\/general\/2019-05-15\/schweizer-ethikpreis-drei-projekte-ausgezeichnet\/#primaryimage","url":"https:\/\/www.organisator.ch\/wp-content\/uploads\/2019\/05\/Schweizer-Ethikpreis-Drei-Projekte-ausgezeichnet_Organisator.jpg","contentUrl":"https:\/\/www.organisator.ch\/wp-content\/uploads\/2019\/05\/Schweizer-Ethikpreis-Drei-Projekte-ausgezeichnet_Organisator.jpg","width":680,"height":454,"caption":"14 mai 2019. Prix Suisse de l'Ethique 2018. Le sculpteur Etienne Kr\u00e4henb\u00fchl, les laur\u00e9ats Bernard Wissler et Fabian Von Buren de Rollaid, le laur\u00e9at Fred Schopfer de To Good to Go, la conseill\u00e8re d'Etat vaudoise Cesla Amarelle, les laur\u00e9ats Paul Charmillot, Aline Bissell, Adrien Geyer et Marc Fontanet de MagicTomato, et le pr\u00e9sident du Jury Pierre Epars. \u00a9 Gabriel Lado"},{"@type":"BreadcrumbList","@id":"https:\/\/www.organisator.ch\/fr\/general\/2019-05-15\/schweizer-ethikpreis-drei-projekte-ausgezeichnet\/#breadcrumb","itemListElement":[{"@type":"ListItem","position":1,"name":"Home","item":"https:\/\/www.organisator.ch\/"},{"@type":"ListItem","position":2,"name":"Schweizer Ethikpreis: Drei Projekte ausgezeichnet"}]},{"@type":"WebSite","@id":"https:\/\/www.organisator.ch\/#website","url":"https:\/\/www.organisator.ch\/","name":"Organizer","description":"Competent. Practical. In 10 issues per year, ORGANISATOR presents the essential topics for managers of SMEs.","publisher":{"@id":"https:\/\/www.organisator.ch\/#organization"},"potentialAction":[{"@type":"SearchAction","target":{"@type":"EntryPoint","urlTemplate":"https:\/\/www.organisator.ch\/?s={search_term_string}"},"query-input":{"@type":"PropertyValueSpecification","valueRequired":true,"valueName":"search_term_string"}}],"inLanguage":"en-US"},{"@type":"Organization","@id":"https:\/\/www.organisator.ch\/#organization","name":"Organizer","url":"https:\/\/www.organisator.ch\/","logo":{"@type":"ImageObject","inLanguage":"en-US","@id":"https:\/\/www.organisator.ch\/#\/schema\/logo\/image\/","url":"https:\/\/www.organisator.ch\/wp-content\/uploads\/2022\/01\/Logo_Organisator_Website.png","contentUrl":"https:\/\/www.organisator.ch\/wp-content\/uploads\/2022\/01\/Logo_Organisator_Website.png","width":800,"height":77,"caption":"Organisator"},"image":{"@id":"https:\/\/www.organisator.ch\/#\/schema\/logo\/image\/"},"sameAs":["https:\/\/www.facebook.com\/OrganisatorFachmagazin","https:\/\/www.linkedin.com\/showcase\/organisator-das-magazin-fr-kmu","https:\/\/www.xing.com\/news\/pages\/organisator-ch-695","https:\/\/www.youtube.com\/channel\/UCGP2Sq0iWaZwT3BdIAQFYpw"]},{"@type":"Person","@id":"https:\/\/www.organisator.ch\/#\/schema\/person\/6f650f90b2842cd4c0cc334b4e36f67e","name":"thomas.berner","image":{"@type":"ImageObject","inLanguage":"en-US","@id":"https:\/\/secure.gravatar.com\/avatar\/ac5001d2a36cb6c6cd3e50789007ffca834b477b74a2144564522e944eabff61?s=96&d=mm&r=g","url":"https:\/\/secure.gravatar.com\/avatar\/ac5001d2a36cb6c6cd3e50789007ffca834b477b74a2144564522e944eabff61?s=96&d=mm&r=g","contentUrl":"https:\/\/secure.gravatar.com\/avatar\/ac5001d2a36cb6c6cd3e50789007ffca834b477b74a2144564522e944eabff61?s=96&d=mm&r=g","caption":"thomas.berner"},"url":"https:\/\/www.organisator.ch\/en\/author\/thomas-berner\/"}]}},"_links":{"self":[{"href":"https:\/\/www.organisator.ch\/en\/wp-json\/wp\/v2\/posts\/5250","targetHints":{"allow":["GET"]}}],"collection":[{"href":"https:\/\/www.organisator.ch\/en\/wp-json\/wp\/v2\/posts"}],"about":[{"href":"https:\/\/www.organisator.ch\/en\/wp-json\/wp\/v2\/types\/post"}],"author":[{"embeddable":true,"href":"https:\/\/www.organisator.ch\/en\/wp-json\/wp\/v2\/users\/4"}],"replies":[{"embeddable":true,"href":"https:\/\/www.organisator.ch\/en\/wp-json\/wp\/v2\/comments?post=5250"}],"version-history":[{"count":0,"href":"https:\/\/www.organisator.ch\/en\/wp-json\/wp\/v2\/posts\/5250\/revisions"}],"wp:featuredmedia":[{"embeddable":true,"href":"https:\/\/www.organisator.ch\/en\/wp-json\/wp\/v2\/media\/5253"}],"wp:attachment":[{"href":"https:\/\/www.organisator.ch\/en\/wp-json\/wp\/v2\/media?parent=5250"}],"wp:term":[{"taxonomy":"category","embeddable":true,"href":"https:\/\/www.organisator.ch\/en\/wp-json\/wp\/v2\/categories?post=5250"},{"taxonomy":"post_tag","embeddable":true,"href":"https:\/\/www.organisator.ch\/en\/wp-json\/wp\/v2\/tags?post=5250"}],"curies":[{"name":"wp","href":"https:\/\/api.w.org\/{rel}","templated":true}]}}