{"id":526,"date":"2016-09-21T16:15:59","date_gmt":"2016-09-21T14:15:59","guid":{"rendered":"https:\/\/dev.umweltperspektiven.ch\/?p=526"},"modified":"2016-09-21T16:15:59","modified_gmt":"2016-09-21T14:15:59","slug":"guetertransport-schiene-legt-zu","status":"publish","type":"post","link":"https:\/\/www.organisator.ch\/en\/allgemein\/2016-09-21\/guetertransport-schiene-legt-zu\/","title":{"rendered":"Freight transport: rail increases"},"content":{"rendered":"<figure id=\"attachment_527\" aria-describedby=\"caption-attachment-527\" style=\"width: 680px\" class=\"wp-caption alignnone\"><a href=\"\/\/dev.umweltperspektiven.ch\/wp-content\/uploads\/2016\/12\/G\u00fctertransport-Schiene-legt-zu-umweltperspektiven.jpg\"><img loading=\"lazy\" decoding=\"async\" class=\"size-medium wp-image-527\" src=\"\/\/dev.umweltperspektiven.ch\/wp-content\/uploads\/2016\/12\/G\u00fctertransport-Schiene-legt-zu-umweltperspektiven.jpg\" alt=\"Freight transport at the L\u00f6tschberg: freight traffic is increasingly shifting to rail. (Image: Wikimedia Commons)\" width=\"680\" height=\"448\" \/><\/a><figcaption id=\"caption-attachment-527\" class=\"wp-caption-text\">Freight transport at the L\u00f6tschberg: freight traffic is increasingly shifting to rail. (Image: Wikimedia Commons)<\/figcaption><\/figure>\n<p>71 percent of transalpine freight traffic was transported by rail in Switzerland in the first half of 2016.<\/p>\n<p>This is the highest figure since 2001, when new framework conditions were introduced with the introduction of the Distance-related Heavy Vehicle Fee (HVF) and the gradual increase in the weight limit to 40 tons. In the first half of 2016, fewer than 500,000 trucks crossed the Swiss Alps for the first time.<\/p>\n<p>The federal government's measures and instruments to shift transalpine freight traffic from road to rail are having an effect : thanks to the HVF, modernization of rail and terminal infrastructure, more competition and financial support, rail freight traffic was again able to increase its market share in freight traffic through the Alps in the first half of 2016. This is shown in the report on the development of transalpine freight transport in the first half of 2016, which the Federal Office of Transport (FOT) published today.<\/p>\n<p><strong>Road transport declining<\/strong><\/p>\n<p>A total of 20.8 million tons of goods passed through the Swiss Alps by road and rail in the first half of the year. Rail transported almost 14.8 million tons via the Gotthard and L\u00f6tschberg-Simplon axes, 7.7 percent more than in the same period last year. Both wagonload and unaccompanied combined transport increased. The volume of goods transported by road decreased by 2.1 percent. As a result, rail's market share of the transport volume through the Alps increased to 71 percent. This is the highest value since new framework conditions were created in 2001 with the LSVA and the gradual admission of 40-ton trucks for transalpine freight transport.<\/p>\n<p>From January to June 2016, 496,000 trucks, road trains and semitrailers crossed the Swiss Alpine crossings. At 3.8 percent, the number of journeys fell slightly more sharply than the transport volume (- 2.1 percent).<\/p>","protected":false},"excerpt":{"rendered":"<p>71 Prozent des alpenquerenden G\u00fcterverkehrs wurden im ersten Halbjahr 2016 in der Schweiz per Schiene transportiert. Dies ist der h\u00f6chste Wert seit 2001, als mit der Einf\u00fchrung der Leistungsabh\u00e4ngigen Schwerverkehrsabgabe (LSVA) und der schrittweisen Erh\u00f6hung der Gewichtslimite auf 40-Tonnen neue Rahmenbedingungen eingef\u00fchrt wurden. Im ersten Halbjahr 2016 fuhren zudem erstmals weniger als 500\u2018000 Lastwagen \u00fcber [&hellip;]<\/p>\n","protected":false},"author":1,"featured_media":9420,"comment_status":"open","ping_status":"open","sticky":false,"template":"","format":"standard","meta":{"_acf_changed":false,"_yoast_wpseo_focuskw":"G\u00fctertransport","_yoast_wpseo_metadesc":"Im ersten Halbjahr 2016 konnte die Bahn ihre Position im alpenquerenden G\u00fcterverkehr gegen\u00fcber der Strasse erneut st\u00e4rken.","articlekey":"","footnotes":""},"categories":[1],"tags":[763,1336,354,2055,2060],"class_list":["post-526","post","type-post","status-publish","format-standard","has-post-thumbnail","hentry","category-allgemein","tag-bahn","tag-guetertransport","tag-mobilitaet","tag-sbb","tag-schiene"],"acf":[],"yoast_head":"<!-- This site is optimized with the Yoast SEO plugin v27.5 - https:\/\/yoast.com\/product\/yoast-seo-wordpress\/ -->\n<title>G\u00fctertransport: Schiene legt zu - Organisator<\/title>\n<meta name=\"description\" content=\"Im ersten Halbjahr 2016 konnte die Bahn ihre Position im alpenquerenden G\u00fcterverkehr gegen\u00fcber der Strasse erneut st\u00e4rken.\" \/>\n<meta name=\"robots\" content=\"index, follow, max-snippet:-1, max-image-preview:large, max-video-preview:-1\" \/>\n<link rel=\"canonical\" href=\"https:\/\/www.organisator.ch\/en\/general\/2016-09-21\/guetertransport-schiene-legt-zu\/\" \/>\n<meta property=\"og:locale\" content=\"en_US\" \/>\n<meta property=\"og:type\" content=\"article\" \/>\n<meta property=\"og:title\" content=\"G\u00fctertransport: Schiene legt zu - Organisator\" \/>\n<meta property=\"og:description\" content=\"Im ersten Halbjahr 2016 konnte die Bahn ihre Position im alpenquerenden G\u00fcterverkehr gegen\u00fcber der Strasse erneut st\u00e4rken.\" \/>\n<meta property=\"og:url\" content=\"https:\/\/www.organisator.ch\/en\/general\/2016-09-21\/guetertransport-schiene-legt-zu\/\" \/>\n<meta property=\"og:site_name\" content=\"Organisator\" \/>\n<meta property=\"article:publisher\" content=\"https:\/\/www.facebook.com\/OrganisatorFachmagazin\" \/>\n<meta property=\"article:published_time\" content=\"2016-09-21T14:15:59+00:00\" \/>\n<meta property=\"og:image\" content=\"https:\/\/www.organisator.ch\/wp-content\/uploads\/2016\/12\/Guetertransport-Schiene-legt-zu-umweltperspektiven.jpg\" \/>\n\t<meta property=\"og:image:width\" content=\"1920\" \/>\n\t<meta property=\"og:image:height\" content=\"1264\" \/>\n\t<meta property=\"og:image:type\" content=\"image\/jpeg\" \/>\n<meta name=\"author\" content=\"admin\" \/>\n<meta name=\"twitter:card\" content=\"summary_large_image\" \/>\n<script type=\"application\/ld+json\" class=\"yoast-schema-graph\">{\"@context\":\"https:\\\/\\\/schema.org\",\"@graph\":[{\"@type\":\"Article\",\"@id\":\"https:\\\/\\\/www.organisator.ch\\\/en\\\/general\\\/2016-09-21\\\/guetertransport-schiene-legt-zu\\\/#article\",\"isPartOf\":{\"@id\":\"https:\\\/\\\/www.organisator.ch\\\/en\\\/general\\\/2016-09-21\\\/guetertransport-schiene-legt-zu\\\/\"},\"author\":{\"name\":\"admin\",\"@id\":\"https:\\\/\\\/www.organisator.ch\\\/#\\\/schema\\\/person\\\/aa2bace6c5c5aad60102004a50c4eb1c\"},\"headline\":\"G\u00fctertransport: Schiene legt zu\",\"datePublished\":\"2016-09-21T14:15:59+00:00\",\"mainEntityOfPage\":{\"@id\":\"https:\\\/\\\/www.organisator.ch\\\/en\\\/general\\\/2016-09-21\\\/guetertransport-schiene-legt-zu\\\/\"},\"wordCount\":300,\"commentCount\":0,\"publisher\":{\"@id\":\"https:\\\/\\\/www.organisator.ch\\\/#organization\"},\"image\":{\"@id\":\"https:\\\/\\\/www.organisator.ch\\\/en\\\/general\\\/2016-09-21\\\/guetertransport-schiene-legt-zu\\\/#primaryimage\"},\"thumbnailUrl\":\"https:\\\/\\\/www.organisator.ch\\\/wp-content\\\/uploads\\\/2016\\\/12\\\/Guetertransport-Schiene-legt-zu-umweltperspektiven.jpg\",\"keywords\":[\"Bahn\",\"G\u00fctertransport\",\"Mobilit\u00e4t\",\"SBB\",\"Schiene\"],\"articleSection\":[\"Allgemein\"],\"inLanguage\":\"en-US\"},{\"@type\":\"WebPage\",\"@id\":\"https:\\\/\\\/www.organisator.ch\\\/en\\\/general\\\/2016-09-21\\\/guetertransport-schiene-legt-zu\\\/\",\"url\":\"https:\\\/\\\/www.organisator.ch\\\/en\\\/general\\\/2016-09-21\\\/guetertransport-schiene-legt-zu\\\/\",\"name\":\"G\u00fctertransport: Schiene legt zu - Organisator\",\"isPartOf\":{\"@id\":\"https:\\\/\\\/www.organisator.ch\\\/#website\"},\"primaryImageOfPage\":{\"@id\":\"https:\\\/\\\/www.organisator.ch\\\/en\\\/general\\\/2016-09-21\\\/guetertransport-schiene-legt-zu\\\/#primaryimage\"},\"image\":{\"@id\":\"https:\\\/\\\/www.organisator.ch\\\/en\\\/general\\\/2016-09-21\\\/guetertransport-schiene-legt-zu\\\/#primaryimage\"},\"thumbnailUrl\":\"https:\\\/\\\/www.organisator.ch\\\/wp-content\\\/uploads\\\/2016\\\/12\\\/Guetertransport-Schiene-legt-zu-umweltperspektiven.jpg\",\"datePublished\":\"2016-09-21T14:15:59+00:00\",\"description\":\"Im ersten Halbjahr 2016 konnte die Bahn ihre Position im alpenquerenden G\u00fcterverkehr gegen\u00fcber der Strasse erneut st\u00e4rken.\",\"breadcrumb\":{\"@id\":\"https:\\\/\\\/www.organisator.ch\\\/en\\\/general\\\/2016-09-21\\\/guetertransport-schiene-legt-zu\\\/#breadcrumb\"},\"inLanguage\":\"en-US\",\"potentialAction\":[{\"@type\":\"ReadAction\",\"target\":[\"https:\\\/\\\/www.organisator.ch\\\/en\\\/general\\\/2016-09-21\\\/guetertransport-schiene-legt-zu\\\/\"]}]},{\"@type\":\"ImageObject\",\"inLanguage\":\"en-US\",\"@id\":\"https:\\\/\\\/www.organisator.ch\\\/en\\\/general\\\/2016-09-21\\\/guetertransport-schiene-legt-zu\\\/#primaryimage\",\"url\":\"https:\\\/\\\/www.organisator.ch\\\/wp-content\\\/uploads\\\/2016\\\/12\\\/Guetertransport-Schiene-legt-zu-umweltperspektiven.jpg\",\"contentUrl\":\"https:\\\/\\\/www.organisator.ch\\\/wp-content\\\/uploads\\\/2016\\\/12\\\/Guetertransport-Schiene-legt-zu-umweltperspektiven.jpg\",\"width\":1920,\"height\":1264,\"caption\":\"G\u00fctertransport am L\u00f6tschberg: Der G\u00fcterverkehr verlagert sich zunehmend auf die Schiene. (Bild: Wikimedia Commons)\"},{\"@type\":\"BreadcrumbList\",\"@id\":\"https:\\\/\\\/www.organisator.ch\\\/en\\\/general\\\/2016-09-21\\\/guetertransport-schiene-legt-zu\\\/#breadcrumb\",\"itemListElement\":[{\"@type\":\"ListItem\",\"position\":1,\"name\":\"Home\",\"item\":\"https:\\\/\\\/www.organisator.ch\\\/\"},{\"@type\":\"ListItem\",\"position\":2,\"name\":\"G\u00fctertransport: Schiene legt zu\"}]},{\"@type\":\"WebSite\",\"@id\":\"https:\\\/\\\/www.organisator.ch\\\/#website\",\"url\":\"https:\\\/\\\/www.organisator.ch\\\/\",\"name\":\"Organisator\",\"description\":\"Kompetent. Praxisnah. Der ORGANISATOR bereitet in 10 Ausgaben pro Jahr die wesentlichen Themen f\u00fcr F\u00fchrungskr\u00e4fte von KMU auf.\",\"publisher\":{\"@id\":\"https:\\\/\\\/www.organisator.ch\\\/#organization\"},\"potentialAction\":[{\"@type\":\"SearchAction\",\"target\":{\"@type\":\"EntryPoint\",\"urlTemplate\":\"https:\\\/\\\/www.organisator.ch\\\/?s={search_term_string}\"},\"query-input\":{\"@type\":\"PropertyValueSpecification\",\"valueRequired\":true,\"valueName\":\"search_term_string\"}}],\"inLanguage\":\"en-US\"},{\"@type\":\"Organization\",\"@id\":\"https:\\\/\\\/www.organisator.ch\\\/#organization\",\"name\":\"Organisator\",\"url\":\"https:\\\/\\\/www.organisator.ch\\\/\",\"logo\":{\"@type\":\"ImageObject\",\"inLanguage\":\"en-US\",\"@id\":\"https:\\\/\\\/www.organisator.ch\\\/#\\\/schema\\\/logo\\\/image\\\/\",\"url\":\"https:\\\/\\\/www.organisator.ch\\\/wp-content\\\/uploads\\\/2022\\\/01\\\/Logo_Organisator_Website.png\",\"contentUrl\":\"https:\\\/\\\/www.organisator.ch\\\/wp-content\\\/uploads\\\/2022\\\/01\\\/Logo_Organisator_Website.png\",\"width\":800,\"height\":77,\"caption\":\"Organisator\"},\"image\":{\"@id\":\"https:\\\/\\\/www.organisator.ch\\\/#\\\/schema\\\/logo\\\/image\\\/\"},\"sameAs\":[\"https:\\\/\\\/www.facebook.com\\\/OrganisatorFachmagazin\",\"https:\\\/\\\/www.linkedin.com\\\/showcase\\\/organisator-das-magazin-fr-kmu\",\"https:\\\/\\\/www.xing.com\\\/news\\\/pages\\\/organisator-ch-695\",\"https:\\\/\\\/www.youtube.com\\\/channel\\\/UCGP2Sq0iWaZwT3BdIAQFYpw\"]},{\"@type\":\"Person\",\"@id\":\"https:\\\/\\\/www.organisator.ch\\\/#\\\/schema\\\/person\\\/aa2bace6c5c5aad60102004a50c4eb1c\",\"name\":\"admin\",\"image\":{\"@type\":\"ImageObject\",\"inLanguage\":\"en-US\",\"@id\":\"https:\\\/\\\/secure.gravatar.com\\\/avatar\\\/ae2f4d718e6c49043e314ce431e7e645d646302a24a5ef5a8bc8e3f5a032e319?s=96&d=mm&r=g\",\"url\":\"https:\\\/\\\/secure.gravatar.com\\\/avatar\\\/ae2f4d718e6c49043e314ce431e7e645d646302a24a5ef5a8bc8e3f5a032e319?s=96&d=mm&r=g\",\"contentUrl\":\"https:\\\/\\\/secure.gravatar.com\\\/avatar\\\/ae2f4d718e6c49043e314ce431e7e645d646302a24a5ef5a8bc8e3f5a032e319?s=96&d=mm&r=g\",\"caption\":\"admin\"},\"sameAs\":[\"https:\\\/\\\/www.organisator.ch\"],\"url\":\"https:\\\/\\\/www.organisator.ch\\\/en\\\/author\\\/admin\\\/\"}]}<\/script>\n<!-- \/ Yoast SEO plugin. -->","yoast_head_json":{"title":"Freight transport: Rail increases - Organizer","description":"In the first half of 2016, the railroads again strengthened their position in transalpine freight transport compared with road.","robots":{"index":"index","follow":"follow","max-snippet":"max-snippet:-1","max-image-preview":"max-image-preview:large","max-video-preview":"max-video-preview:-1"},"canonical":"https:\/\/www.organisator.ch\/en\/general\/2016-09-21\/guetertransport-schiene-legt-zu\/","og_locale":"en_US","og_type":"article","og_title":"G\u00fctertransport: Schiene legt zu - Organisator","og_description":"Im ersten Halbjahr 2016 konnte die Bahn ihre Position im alpenquerenden G\u00fcterverkehr gegen\u00fcber der Strasse erneut st\u00e4rken.","og_url":"https:\/\/www.organisator.ch\/en\/general\/2016-09-21\/guetertransport-schiene-legt-zu\/","og_site_name":"Organisator","article_publisher":"https:\/\/www.facebook.com\/OrganisatorFachmagazin","article_published_time":"2016-09-21T14:15:59+00:00","og_image":[{"width":1920,"height":1264,"url":"https:\/\/www.organisator.ch\/wp-content\/uploads\/2016\/12\/Guetertransport-Schiene-legt-zu-umweltperspektiven.jpg","type":"image\/jpeg"}],"author":"admin","twitter_card":"summary_large_image","schema":{"@context":"https:\/\/schema.org","@graph":[{"@type":"Article","@id":"https:\/\/www.organisator.ch\/en\/general\/2016-09-21\/guetertransport-schiene-legt-zu\/#article","isPartOf":{"@id":"https:\/\/www.organisator.ch\/en\/general\/2016-09-21\/guetertransport-schiene-legt-zu\/"},"author":{"name":"admin","@id":"https:\/\/www.organisator.ch\/#\/schema\/person\/aa2bace6c5c5aad60102004a50c4eb1c"},"headline":"G\u00fctertransport: Schiene legt zu","datePublished":"2016-09-21T14:15:59+00:00","mainEntityOfPage":{"@id":"https:\/\/www.organisator.ch\/en\/general\/2016-09-21\/guetertransport-schiene-legt-zu\/"},"wordCount":300,"commentCount":0,"publisher":{"@id":"https:\/\/www.organisator.ch\/#organization"},"image":{"@id":"https:\/\/www.organisator.ch\/en\/general\/2016-09-21\/guetertransport-schiene-legt-zu\/#primaryimage"},"thumbnailUrl":"https:\/\/www.organisator.ch\/wp-content\/uploads\/2016\/12\/Guetertransport-Schiene-legt-zu-umweltperspektiven.jpg","keywords":["Bahn","G\u00fctertransport","Mobilit\u00e4t","SBB","Schiene"],"articleSection":["Allgemein"],"inLanguage":"en-US"},{"@type":"WebPage","@id":"https:\/\/www.organisator.ch\/en\/general\/2016-09-21\/guetertransport-schiene-legt-zu\/","url":"https:\/\/www.organisator.ch\/en\/general\/2016-09-21\/guetertransport-schiene-legt-zu\/","name":"Freight transport: Rail increases - Organizer","isPartOf":{"@id":"https:\/\/www.organisator.ch\/#website"},"primaryImageOfPage":{"@id":"https:\/\/www.organisator.ch\/en\/general\/2016-09-21\/guetertransport-schiene-legt-zu\/#primaryimage"},"image":{"@id":"https:\/\/www.organisator.ch\/en\/general\/2016-09-21\/guetertransport-schiene-legt-zu\/#primaryimage"},"thumbnailUrl":"https:\/\/www.organisator.ch\/wp-content\/uploads\/2016\/12\/Guetertransport-Schiene-legt-zu-umweltperspektiven.jpg","datePublished":"2016-09-21T14:15:59+00:00","description":"In the first half of 2016, the railroads again strengthened their position in transalpine freight transport compared with road.","breadcrumb":{"@id":"https:\/\/www.organisator.ch\/en\/general\/2016-09-21\/guetertransport-schiene-legt-zu\/#breadcrumb"},"inLanguage":"en-US","potentialAction":[{"@type":"ReadAction","target":["https:\/\/www.organisator.ch\/en\/general\/2016-09-21\/guetertransport-schiene-legt-zu\/"]}]},{"@type":"ImageObject","inLanguage":"en-US","@id":"https:\/\/www.organisator.ch\/en\/general\/2016-09-21\/guetertransport-schiene-legt-zu\/#primaryimage","url":"https:\/\/www.organisator.ch\/wp-content\/uploads\/2016\/12\/Guetertransport-Schiene-legt-zu-umweltperspektiven.jpg","contentUrl":"https:\/\/www.organisator.ch\/wp-content\/uploads\/2016\/12\/Guetertransport-Schiene-legt-zu-umweltperspektiven.jpg","width":1920,"height":1264,"caption":"G\u00fctertransport am L\u00f6tschberg: Der G\u00fcterverkehr verlagert sich zunehmend auf die Schiene. (Bild: Wikimedia Commons)"},{"@type":"BreadcrumbList","@id":"https:\/\/www.organisator.ch\/en\/general\/2016-09-21\/guetertransport-schiene-legt-zu\/#breadcrumb","itemListElement":[{"@type":"ListItem","position":1,"name":"Home","item":"https:\/\/www.organisator.ch\/"},{"@type":"ListItem","position":2,"name":"G\u00fctertransport: Schiene legt zu"}]},{"@type":"WebSite","@id":"https:\/\/www.organisator.ch\/#website","url":"https:\/\/www.organisator.ch\/","name":"Organizer","description":"Competent. Practical. In 10 issues per year, ORGANISATOR presents the essential topics for managers of SMEs.","publisher":{"@id":"https:\/\/www.organisator.ch\/#organization"},"potentialAction":[{"@type":"SearchAction","target":{"@type":"EntryPoint","urlTemplate":"https:\/\/www.organisator.ch\/?s={search_term_string}"},"query-input":{"@type":"PropertyValueSpecification","valueRequired":true,"valueName":"search_term_string"}}],"inLanguage":"en-US"},{"@type":"Organization","@id":"https:\/\/www.organisator.ch\/#organization","name":"Organizer","url":"https:\/\/www.organisator.ch\/","logo":{"@type":"ImageObject","inLanguage":"en-US","@id":"https:\/\/www.organisator.ch\/#\/schema\/logo\/image\/","url":"https:\/\/www.organisator.ch\/wp-content\/uploads\/2022\/01\/Logo_Organisator_Website.png","contentUrl":"https:\/\/www.organisator.ch\/wp-content\/uploads\/2022\/01\/Logo_Organisator_Website.png","width":800,"height":77,"caption":"Organisator"},"image":{"@id":"https:\/\/www.organisator.ch\/#\/schema\/logo\/image\/"},"sameAs":["https:\/\/www.facebook.com\/OrganisatorFachmagazin","https:\/\/www.linkedin.com\/showcase\/organisator-das-magazin-fr-kmu","https:\/\/www.xing.com\/news\/pages\/organisator-ch-695","https:\/\/www.youtube.com\/channel\/UCGP2Sq0iWaZwT3BdIAQFYpw"]},{"@type":"Person","@id":"https:\/\/www.organisator.ch\/#\/schema\/person\/aa2bace6c5c5aad60102004a50c4eb1c","name":"admin","image":{"@type":"ImageObject","inLanguage":"en-US","@id":"https:\/\/secure.gravatar.com\/avatar\/ae2f4d718e6c49043e314ce431e7e645d646302a24a5ef5a8bc8e3f5a032e319?s=96&d=mm&r=g","url":"https:\/\/secure.gravatar.com\/avatar\/ae2f4d718e6c49043e314ce431e7e645d646302a24a5ef5a8bc8e3f5a032e319?s=96&d=mm&r=g","contentUrl":"https:\/\/secure.gravatar.com\/avatar\/ae2f4d718e6c49043e314ce431e7e645d646302a24a5ef5a8bc8e3f5a032e319?s=96&d=mm&r=g","caption":"admin"},"sameAs":["https:\/\/www.organisator.ch"],"url":"https:\/\/www.organisator.ch\/en\/author\/admin\/"}]}},"_links":{"self":[{"href":"https:\/\/www.organisator.ch\/en\/wp-json\/wp\/v2\/posts\/526","targetHints":{"allow":["GET"]}}],"collection":[{"href":"https:\/\/www.organisator.ch\/en\/wp-json\/wp\/v2\/posts"}],"about":[{"href":"https:\/\/www.organisator.ch\/en\/wp-json\/wp\/v2\/types\/post"}],"author":[{"embeddable":true,"href":"https:\/\/www.organisator.ch\/en\/wp-json\/wp\/v2\/users\/1"}],"replies":[{"embeddable":true,"href":"https:\/\/www.organisator.ch\/en\/wp-json\/wp\/v2\/comments?post=526"}],"version-history":[{"count":0,"href":"https:\/\/www.organisator.ch\/en\/wp-json\/wp\/v2\/posts\/526\/revisions"}],"wp:featuredmedia":[{"embeddable":true,"href":"https:\/\/www.organisator.ch\/en\/wp-json\/wp\/v2\/media\/9420"}],"wp:attachment":[{"href":"https:\/\/www.organisator.ch\/en\/wp-json\/wp\/v2\/media?parent=526"}],"wp:term":[{"taxonomy":"category","embeddable":true,"href":"https:\/\/www.organisator.ch\/en\/wp-json\/wp\/v2\/categories?post=526"},{"taxonomy":"post_tag","embeddable":true,"href":"https:\/\/www.organisator.ch\/en\/wp-json\/wp\/v2\/tags?post=526"}],"curies":[{"name":"wp","href":"https:\/\/api.w.org\/{rel}","templated":true}]}}