{"id":5266,"date":"2019-05-20T08:08:40","date_gmt":"2019-05-20T06:08:40","guid":{"rendered":"https:\/\/www.organisator.ch\/?p=5266"},"modified":"2019-05-20T08:08:40","modified_gmt":"2019-05-20T06:08:40","slug":"schweizerischer-bueroeinrichtungsverband-unter-neuer-fuehrung","status":"publish","type":"post","link":"https:\/\/www.organisator.ch\/en\/management\/2019-05-20\/schweizerischer-bueroeinrichtungsverband-unter-neuer-fuehrung\/","title":{"rendered":"Swiss Office Furnishings Association under new leadership"},"content":{"rendered":"<figure id=\"attachment_5267\" aria-describedby=\"caption-attachment-5267\" style=\"width: 680px\" class=\"wp-caption alignnone\"><img loading=\"lazy\" decoding=\"async\" class=\"size-medium wp-image-5267\" src=\"https:\/\/www.organisator.ch\/wp-content\/uploads\/2019\/05\/Schweizerischer-Bueroeinrichtungsverband-unter-neuer-Fuehrung_Organisator.jpg\" alt=\"\" width=\"680\" height=\"507\" srcset=\"https:\/\/www.organisator.ch\/wp-content\/uploads\/2019\/05\/Schweizerischer-Bueroeinrichtungsverband-unter-neuer-Fuehrung_Organisator.jpg 680w, https:\/\/www.organisator.ch\/wp-content\/uploads\/2019\/05\/Schweizerischer-Bueroeinrichtungsverband-unter-neuer-Fuehrung_Organisator-16x12.jpg 16w, https:\/\/www.organisator.ch\/wp-content\/uploads\/2019\/05\/Schweizerischer-Bueroeinrichtungsverband-unter-neuer-Fuehrung_Organisator-235x175.jpg 235w, https:\/\/www.organisator.ch\/wp-content\/uploads\/2019\/05\/Schweizerischer-Bueroeinrichtungsverband-unter-neuer-Fuehrung_Organisator-469x350.jpg 469w, https:\/\/www.organisator.ch\/wp-content\/uploads\/2019\/05\/Schweizerischer-Bueroeinrichtungsverband-unter-neuer-Fuehrung_Organisator-300x224.jpg 300w\" sizes=\"auto, (max-width: 680px) 100vw, 680px\" \/><figcaption id=\"caption-attachment-5267\" class=\"wp-caption-text\">The Swiss office furnishings association bueroszene.ch has a new president: Patrick Waldis (left) takes over from Albert Denz. (Image: bueroszene.ch)<\/figcaption><\/figure>\n<p>The Annual General Meeting kicked off the big anniversary celebration. The election of the new president was an unusual item on the agenda. After 15 years at the helm, Albert Denz had decided to hand over the office to a younger candidate. Albert Denz had been at the helm of the association since its foundation. He was also the initiator and one of the six founding members of the <a href=\"https:\/\/www.bueroszene.ch\/de\">bueroscene.ch<\/a>.<\/p>\n<p>With the election of Patrick Waldis as the new president of the Swiss Office Furnishings Association, the approximately 80 members present confirmed the entrepreneur who had previously been recommended for election. The 48-year-old from Lucerne has an excellent network in the industry and is the third generation to lead the Waldis Group in Central Switzerland. \"With my election as president, I see myself committed to creating even better framework conditions for the office furnishings industry in the future,\" Waldis said after his election. \"I want to continue the legacy of Albert Denz in the best possible way. However, new reforms are to create additional added value for members,\" Waldis continued.<\/p>\n<p>In the course of the new elections, three more members were newly elected to the board. Danielle Quaile (Managing Director of Girsberger AG), Philipp Babst (Head of Sales at Vitra) and Christian Mehling (one of two Managing Directors of Lista Office Group) complete the new team at the top of bueroszene.ch.<\/p>\n<h2><strong>The Swiss office furnishing association bueroszene.ch<\/strong><\/h2>\n<p>The Swiss Office Furnishings Association has 81 active members from all language regions of Switzerland. This makes bueroszene.ch the largest and at the same time the only association of the office furnishing industry in Switzerland. Founded in 2004 by Albert Denz, the association celebrates its 15th anniversary today. The organization has set itself the goal of representing the interests of the industry and its members vis-\u00e0-vis politics, business, authorities and the public. In addition, the association aims to prevent the shortage of skilled workers by providing industry-specific training and continuing education. Another important part of the work of bueroszene.ch is the collection of annual industry figures and sales statistics for the Swiss office furnishings industry.<\/p>\n<h2><strong>Office furniture market in Switzerland with slight sales increase<\/strong><\/h2>\n<p>Based on the only slight increase in sales of the members of the Swiss Office Furnishings Association of 1% to just under 446 million (office furniture -2%, office chairs +5%), the picture in 2019 is one of a Swiss market that continues to be highly competitive. A particularly marked decline was recorded - as in previous years - in the area of cabinets and carcases. More pleasing, however, were the rising sales figures for retreat zones. Here, contrary to the general trend, a significant increase in sales of 19% was achieved, which mainly relates to the center zone areas. The 28% increase in sales of planning fees gives a clear indication that professional planning expertise is increasingly in demand.<\/p>\n<p><em>Information:\u00a0<a href=\"https:\/\/www.bueroszene.ch\/de\">https:\/\/www.bueroszene.ch\/de<\/a><\/em><\/p>","protected":false},"excerpt":{"rendered":"<p>Vor der grossen Jubil\u00e4umsfeier machte die ordentliche Generalversammlung den Auftakt. Mit der Wahl des neuen Pr\u00e4sidenten stand ein nicht allt\u00e4gliches Traktandum auf dem Programm. Nach 15 Jahren an der Spitze hatte sich Albert Denz dazu entschieden, das Amt an einen j\u00fcngeren Kandidaten abzugeben. Albert Denz amtete seit der Gr\u00fcndung an der Spitze des Verbands. Er [&hellip;]<\/p>\n","protected":false},"author":4,"featured_media":5267,"comment_status":"open","ping_status":"open","sticky":false,"template":"","format":"standard","meta":{"_acf_changed":false,"_yoast_wpseo_focuskw":"B\u00fcroeinrichtungsverband","_yoast_wpseo_metadesc":"An der Generalversammlung vom Schweizerischen B\u00fcroeinrichtungsverband bueroszene.ch wurde Patrick Waldis am 15. Mai 2019 zum neuen Pr\u00e4sidenten gew\u00e4hlt.","articlekey":"","footnotes":""},"categories":[28],"tags":[90,102,492,503],"class_list":["post-5266","post","type-post","status-publish","format-standard","has-post-thumbnail","hentry","category-management","tag-branchen","tag-buero","tag-unternehmen","tag-verbaende"],"acf":[],"yoast_head":"<!-- This site is optimized with the Yoast SEO plugin v27.4 - https:\/\/yoast.com\/product\/yoast-seo-wordpress\/ -->\n<title>Schweizerischer B\u00fcroeinrichtungsverband unter neuer F\u00fchrung - Organisator<\/title>\n<meta name=\"description\" content=\"An der Generalversammlung vom Schweizerischen B\u00fcroeinrichtungsverband bueroszene.ch wurde Patrick Waldis am 15. Mai 2019 zum neuen Pr\u00e4sidenten gew\u00e4hlt.\" \/>\n<meta name=\"robots\" content=\"index, follow, max-snippet:-1, max-image-preview:large, max-video-preview:-1\" \/>\n<link rel=\"canonical\" href=\"https:\/\/www.organisator.ch\/en\/management\/2019-05-20\/schweizerischer-bueroeinrichtungsverband-unter-neuer-fuehrung\/\" \/>\n<meta property=\"og:locale\" content=\"en_US\" \/>\n<meta property=\"og:type\" content=\"article\" \/>\n<meta property=\"og:title\" content=\"Schweizerischer B\u00fcroeinrichtungsverband unter neuer F\u00fchrung\" \/>\n<meta property=\"og:description\" content=\"An der Generalversammlung vom Schweizerischen B\u00fcroeinrichtungsverband bueroszene.ch wurde Patrick Waldis am 15. Mai 2019 zum neuen Pr\u00e4sidenten gew\u00e4hlt.\" \/>\n<meta property=\"og:url\" content=\"https:\/\/www.organisator.ch\/en\/management\/2019-05-20\/schweizerischer-bueroeinrichtungsverband-unter-neuer-fuehrung\/\" \/>\n<meta property=\"og:site_name\" content=\"Organisator\" \/>\n<meta property=\"article:publisher\" content=\"https:\/\/www.facebook.com\/OrganisatorFachmagazin\" \/>\n<meta property=\"article:published_time\" content=\"2019-05-20T06:08:40+00:00\" \/>\n<meta property=\"og:image\" content=\"https:\/\/www.organisator.ch\/wp-content\/uploads\/2019\/05\/Schweizerischer-Bueroeinrichtungsverband-unter-neuer-Fuehrung_Organisator.jpg\" \/>\n\t<meta property=\"og:image:width\" content=\"680\" \/>\n\t<meta property=\"og:image:height\" content=\"507\" \/>\n\t<meta property=\"og:image:type\" content=\"image\/jpeg\" \/>\n<meta name=\"author\" content=\"thomas.berner\" \/>\n<meta name=\"twitter:card\" content=\"summary_large_image\" \/>\n<meta name=\"twitter:title\" content=\"Schweizerischer #B\u00fcroeinrichtungsverband unter neuer F\u00fchrung\" \/>\n<meta name=\"twitter:description\" content=\"An der #Generalversammlung vom Schweizerischen #B\u00fcroeinrichtungsverband #bueroszene.ch wurde Patrick Waldis am 15. Mai 2019 zum neuen Pr\u00e4sidenten gew\u00e4hlt.\" \/>\n<meta name=\"twitter:image\" content=\"https:\/\/www.organisator.ch\/wp-content\/uploads\/2019\/05\/Schweizerischer-B\u00fcroeinrichtungsverband-unter-neuer-F\u00fchrung_Organisator.jpg\" \/>\n<script type=\"application\/ld+json\" class=\"yoast-schema-graph\">{\"@context\":\"https:\\\/\\\/schema.org\",\"@graph\":[{\"@type\":\"Article\",\"@id\":\"https:\\\/\\\/www.organisator.ch\\\/management\\\/2019-05-20\\\/schweizerischer-bueroeinrichtungsverband-unter-neuer-fuehrung\\\/#article\",\"isPartOf\":{\"@id\":\"https:\\\/\\\/www.organisator.ch\\\/management\\\/2019-05-20\\\/schweizerischer-bueroeinrichtungsverband-unter-neuer-fuehrung\\\/\"},\"author\":{\"name\":\"thomas.berner\",\"@id\":\"https:\\\/\\\/www.organisator.ch\\\/#\\\/schema\\\/person\\\/6f650f90b2842cd4c0cc334b4e36f67e\"},\"headline\":\"Schweizerischer B\u00fcroeinrichtungsverband unter neuer F\u00fchrung\",\"datePublished\":\"2019-05-20T06:08:40+00:00\",\"mainEntityOfPage\":{\"@id\":\"https:\\\/\\\/www.organisator.ch\\\/management\\\/2019-05-20\\\/schweizerischer-bueroeinrichtungsverband-unter-neuer-fuehrung\\\/\"},\"wordCount\":489,\"commentCount\":0,\"publisher\":{\"@id\":\"https:\\\/\\\/www.organisator.ch\\\/#organization\"},\"image\":{\"@id\":\"https:\\\/\\\/www.organisator.ch\\\/management\\\/2019-05-20\\\/schweizerischer-bueroeinrichtungsverband-unter-neuer-fuehrung\\\/#primaryimage\"},\"thumbnailUrl\":\"https:\\\/\\\/www.organisator.ch\\\/wp-content\\\/uploads\\\/2019\\\/05\\\/Schweizerischer-Bueroeinrichtungsverband-unter-neuer-Fuehrung_Organisator.jpg\",\"keywords\":[\"Branchen\",\"B\u00fcro\",\"Unternehmen\",\"Verb\u00e4nde\"],\"articleSection\":[\"MANAGEMENT\"],\"inLanguage\":\"en-US\"},{\"@type\":\"WebPage\",\"@id\":\"https:\\\/\\\/www.organisator.ch\\\/management\\\/2019-05-20\\\/schweizerischer-bueroeinrichtungsverband-unter-neuer-fuehrung\\\/\",\"url\":\"https:\\\/\\\/www.organisator.ch\\\/management\\\/2019-05-20\\\/schweizerischer-bueroeinrichtungsverband-unter-neuer-fuehrung\\\/\",\"name\":\"Schweizerischer B\u00fcroeinrichtungsverband unter neuer F\u00fchrung - Organisator\",\"isPartOf\":{\"@id\":\"https:\\\/\\\/www.organisator.ch\\\/#website\"},\"primaryImageOfPage\":{\"@id\":\"https:\\\/\\\/www.organisator.ch\\\/management\\\/2019-05-20\\\/schweizerischer-bueroeinrichtungsverband-unter-neuer-fuehrung\\\/#primaryimage\"},\"image\":{\"@id\":\"https:\\\/\\\/www.organisator.ch\\\/management\\\/2019-05-20\\\/schweizerischer-bueroeinrichtungsverband-unter-neuer-fuehrung\\\/#primaryimage\"},\"thumbnailUrl\":\"https:\\\/\\\/www.organisator.ch\\\/wp-content\\\/uploads\\\/2019\\\/05\\\/Schweizerischer-Bueroeinrichtungsverband-unter-neuer-Fuehrung_Organisator.jpg\",\"datePublished\":\"2019-05-20T06:08:40+00:00\",\"description\":\"An der Generalversammlung vom Schweizerischen B\u00fcroeinrichtungsverband bueroszene.ch wurde Patrick Waldis am 15. Mai 2019 zum neuen Pr\u00e4sidenten gew\u00e4hlt.\",\"breadcrumb\":{\"@id\":\"https:\\\/\\\/www.organisator.ch\\\/management\\\/2019-05-20\\\/schweizerischer-bueroeinrichtungsverband-unter-neuer-fuehrung\\\/#breadcrumb\"},\"inLanguage\":\"en-US\",\"potentialAction\":[{\"@type\":\"ReadAction\",\"target\":[\"https:\\\/\\\/www.organisator.ch\\\/management\\\/2019-05-20\\\/schweizerischer-bueroeinrichtungsverband-unter-neuer-fuehrung\\\/\"]}]},{\"@type\":\"ImageObject\",\"inLanguage\":\"en-US\",\"@id\":\"https:\\\/\\\/www.organisator.ch\\\/management\\\/2019-05-20\\\/schweizerischer-bueroeinrichtungsverband-unter-neuer-fuehrung\\\/#primaryimage\",\"url\":\"https:\\\/\\\/www.organisator.ch\\\/wp-content\\\/uploads\\\/2019\\\/05\\\/Schweizerischer-Bueroeinrichtungsverband-unter-neuer-Fuehrung_Organisator.jpg\",\"contentUrl\":\"https:\\\/\\\/www.organisator.ch\\\/wp-content\\\/uploads\\\/2019\\\/05\\\/Schweizerischer-Bueroeinrichtungsverband-unter-neuer-Fuehrung_Organisator.jpg\",\"width\":680,\"height\":507,\"caption\":\"Der Schweizerische B\u00fcroeinrichtungsverband bueroszene.ch hat einen neuen Pr\u00e4sidenten: Patrick Waldis (links) \u00fcbernimmt das Amt von Albert Denz. (Bild: bueroszene.ch)\"},{\"@type\":\"BreadcrumbList\",\"@id\":\"https:\\\/\\\/www.organisator.ch\\\/management\\\/2019-05-20\\\/schweizerischer-bueroeinrichtungsverband-unter-neuer-fuehrung\\\/#breadcrumb\",\"itemListElement\":[{\"@type\":\"ListItem\",\"position\":1,\"name\":\"Home\",\"item\":\"https:\\\/\\\/www.organisator.ch\\\/\"},{\"@type\":\"ListItem\",\"position\":2,\"name\":\"Schweizerischer B\u00fcroeinrichtungsverband unter neuer F\u00fchrung\"}]},{\"@type\":\"WebSite\",\"@id\":\"https:\\\/\\\/www.organisator.ch\\\/#website\",\"url\":\"https:\\\/\\\/www.organisator.ch\\\/\",\"name\":\"Organisator\",\"description\":\"Kompetent. Praxisnah. Der ORGANISATOR bereitet in 10 Ausgaben pro Jahr die wesentlichen Themen f\u00fcr F\u00fchrungskr\u00e4fte von KMU auf.\",\"publisher\":{\"@id\":\"https:\\\/\\\/www.organisator.ch\\\/#organization\"},\"potentialAction\":[{\"@type\":\"SearchAction\",\"target\":{\"@type\":\"EntryPoint\",\"urlTemplate\":\"https:\\\/\\\/www.organisator.ch\\\/?s={search_term_string}\"},\"query-input\":{\"@type\":\"PropertyValueSpecification\",\"valueRequired\":true,\"valueName\":\"search_term_string\"}}],\"inLanguage\":\"en-US\"},{\"@type\":\"Organization\",\"@id\":\"https:\\\/\\\/www.organisator.ch\\\/#organization\",\"name\":\"Organisator\",\"url\":\"https:\\\/\\\/www.organisator.ch\\\/\",\"logo\":{\"@type\":\"ImageObject\",\"inLanguage\":\"en-US\",\"@id\":\"https:\\\/\\\/www.organisator.ch\\\/#\\\/schema\\\/logo\\\/image\\\/\",\"url\":\"https:\\\/\\\/www.organisator.ch\\\/wp-content\\\/uploads\\\/2022\\\/01\\\/Logo_Organisator_Website.png\",\"contentUrl\":\"https:\\\/\\\/www.organisator.ch\\\/wp-content\\\/uploads\\\/2022\\\/01\\\/Logo_Organisator_Website.png\",\"width\":800,\"height\":77,\"caption\":\"Organisator\"},\"image\":{\"@id\":\"https:\\\/\\\/www.organisator.ch\\\/#\\\/schema\\\/logo\\\/image\\\/\"},\"sameAs\":[\"https:\\\/\\\/www.facebook.com\\\/OrganisatorFachmagazin\",\"https:\\\/\\\/www.linkedin.com\\\/showcase\\\/organisator-das-magazin-fr-kmu\",\"https:\\\/\\\/www.xing.com\\\/news\\\/pages\\\/organisator-ch-695\",\"https:\\\/\\\/www.youtube.com\\\/channel\\\/UCGP2Sq0iWaZwT3BdIAQFYpw\"]},{\"@type\":\"Person\",\"@id\":\"https:\\\/\\\/www.organisator.ch\\\/#\\\/schema\\\/person\\\/6f650f90b2842cd4c0cc334b4e36f67e\",\"name\":\"thomas.berner\",\"image\":{\"@type\":\"ImageObject\",\"inLanguage\":\"en-US\",\"@id\":\"https:\\\/\\\/secure.gravatar.com\\\/avatar\\\/ac5001d2a36cb6c6cd3e50789007ffca834b477b74a2144564522e944eabff61?s=96&d=mm&r=g\",\"url\":\"https:\\\/\\\/secure.gravatar.com\\\/avatar\\\/ac5001d2a36cb6c6cd3e50789007ffca834b477b74a2144564522e944eabff61?s=96&d=mm&r=g\",\"contentUrl\":\"https:\\\/\\\/secure.gravatar.com\\\/avatar\\\/ac5001d2a36cb6c6cd3e50789007ffca834b477b74a2144564522e944eabff61?s=96&d=mm&r=g\",\"caption\":\"thomas.berner\"},\"url\":\"https:\\\/\\\/www.organisator.ch\\\/en\\\/author\\\/thomas-berner\\\/\"}]}<\/script>\n<!-- \/ Yoast SEO plugin. -->","yoast_head_json":{"title":"Swiss Office Furnishings Association under new leadership - Organizer","description":"At the General Assembly of the Swiss Office Furnishings Association bueroszene.ch, Patrick Waldis was elected as the new President on May 15, 2019.","robots":{"index":"index","follow":"follow","max-snippet":"max-snippet:-1","max-image-preview":"max-image-preview:large","max-video-preview":"max-video-preview:-1"},"canonical":"https:\/\/www.organisator.ch\/en\/management\/2019-05-20\/schweizerischer-bueroeinrichtungsverband-unter-neuer-fuehrung\/","og_locale":"en_US","og_type":"article","og_title":"Schweizerischer B\u00fcroeinrichtungsverband unter neuer F\u00fchrung","og_description":"An der Generalversammlung vom Schweizerischen B\u00fcroeinrichtungsverband bueroszene.ch wurde Patrick Waldis am 15. Mai 2019 zum neuen Pr\u00e4sidenten gew\u00e4hlt.","og_url":"https:\/\/www.organisator.ch\/en\/management\/2019-05-20\/schweizerischer-bueroeinrichtungsverband-unter-neuer-fuehrung\/","og_site_name":"Organisator","article_publisher":"https:\/\/www.facebook.com\/OrganisatorFachmagazin","article_published_time":"2019-05-20T06:08:40+00:00","og_image":[{"width":680,"height":507,"url":"https:\/\/www.organisator.ch\/wp-content\/uploads\/2019\/05\/Schweizerischer-Bueroeinrichtungsverband-unter-neuer-Fuehrung_Organisator.jpg","type":"image\/jpeg"}],"author":"thomas.berner","twitter_card":"summary_large_image","twitter_title":"Schweizerischer #B\u00fcroeinrichtungsverband unter neuer F\u00fchrung","twitter_description":"An der #Generalversammlung vom Schweizerischen #B\u00fcroeinrichtungsverband #bueroszene.ch wurde Patrick Waldis am 15. Mai 2019 zum neuen Pr\u00e4sidenten gew\u00e4hlt.","twitter_image":"https:\/\/www.organisator.ch\/wp-content\/uploads\/2019\/05\/Schweizerischer-B\u00fcroeinrichtungsverband-unter-neuer-F\u00fchrung_Organisator.jpg","schema":{"@context":"https:\/\/schema.org","@graph":[{"@type":"Article","@id":"https:\/\/www.organisator.ch\/management\/2019-05-20\/schweizerischer-bueroeinrichtungsverband-unter-neuer-fuehrung\/#article","isPartOf":{"@id":"https:\/\/www.organisator.ch\/management\/2019-05-20\/schweizerischer-bueroeinrichtungsverband-unter-neuer-fuehrung\/"},"author":{"name":"thomas.berner","@id":"https:\/\/www.organisator.ch\/#\/schema\/person\/6f650f90b2842cd4c0cc334b4e36f67e"},"headline":"Schweizerischer B\u00fcroeinrichtungsverband unter neuer F\u00fchrung","datePublished":"2019-05-20T06:08:40+00:00","mainEntityOfPage":{"@id":"https:\/\/www.organisator.ch\/management\/2019-05-20\/schweizerischer-bueroeinrichtungsverband-unter-neuer-fuehrung\/"},"wordCount":489,"commentCount":0,"publisher":{"@id":"https:\/\/www.organisator.ch\/#organization"},"image":{"@id":"https:\/\/www.organisator.ch\/management\/2019-05-20\/schweizerischer-bueroeinrichtungsverband-unter-neuer-fuehrung\/#primaryimage"},"thumbnailUrl":"https:\/\/www.organisator.ch\/wp-content\/uploads\/2019\/05\/Schweizerischer-Bueroeinrichtungsverband-unter-neuer-Fuehrung_Organisator.jpg","keywords":["Branchen","B\u00fcro","Unternehmen","Verb\u00e4nde"],"articleSection":["MANAGEMENT"],"inLanguage":"en-US"},{"@type":"WebPage","@id":"https:\/\/www.organisator.ch\/management\/2019-05-20\/schweizerischer-bueroeinrichtungsverband-unter-neuer-fuehrung\/","url":"https:\/\/www.organisator.ch\/management\/2019-05-20\/schweizerischer-bueroeinrichtungsverband-unter-neuer-fuehrung\/","name":"Swiss Office Furnishings Association under new leadership - Organizer","isPartOf":{"@id":"https:\/\/www.organisator.ch\/#website"},"primaryImageOfPage":{"@id":"https:\/\/www.organisator.ch\/management\/2019-05-20\/schweizerischer-bueroeinrichtungsverband-unter-neuer-fuehrung\/#primaryimage"},"image":{"@id":"https:\/\/www.organisator.ch\/management\/2019-05-20\/schweizerischer-bueroeinrichtungsverband-unter-neuer-fuehrung\/#primaryimage"},"thumbnailUrl":"https:\/\/www.organisator.ch\/wp-content\/uploads\/2019\/05\/Schweizerischer-Bueroeinrichtungsverband-unter-neuer-Fuehrung_Organisator.jpg","datePublished":"2019-05-20T06:08:40+00:00","description":"At the General Assembly of the Swiss Office Furnishings Association bueroszene.ch, Patrick Waldis was elected as the new President on May 15, 2019.","breadcrumb":{"@id":"https:\/\/www.organisator.ch\/management\/2019-05-20\/schweizerischer-bueroeinrichtungsverband-unter-neuer-fuehrung\/#breadcrumb"},"inLanguage":"en-US","potentialAction":[{"@type":"ReadAction","target":["https:\/\/www.organisator.ch\/management\/2019-05-20\/schweizerischer-bueroeinrichtungsverband-unter-neuer-fuehrung\/"]}]},{"@type":"ImageObject","inLanguage":"en-US","@id":"https:\/\/www.organisator.ch\/management\/2019-05-20\/schweizerischer-bueroeinrichtungsverband-unter-neuer-fuehrung\/#primaryimage","url":"https:\/\/www.organisator.ch\/wp-content\/uploads\/2019\/05\/Schweizerischer-Bueroeinrichtungsverband-unter-neuer-Fuehrung_Organisator.jpg","contentUrl":"https:\/\/www.organisator.ch\/wp-content\/uploads\/2019\/05\/Schweizerischer-Bueroeinrichtungsverband-unter-neuer-Fuehrung_Organisator.jpg","width":680,"height":507,"caption":"Der Schweizerische B\u00fcroeinrichtungsverband bueroszene.ch hat einen neuen Pr\u00e4sidenten: Patrick Waldis (links) \u00fcbernimmt das Amt von Albert Denz. (Bild: bueroszene.ch)"},{"@type":"BreadcrumbList","@id":"https:\/\/www.organisator.ch\/management\/2019-05-20\/schweizerischer-bueroeinrichtungsverband-unter-neuer-fuehrung\/#breadcrumb","itemListElement":[{"@type":"ListItem","position":1,"name":"Home","item":"https:\/\/www.organisator.ch\/"},{"@type":"ListItem","position":2,"name":"Schweizerischer B\u00fcroeinrichtungsverband unter neuer F\u00fchrung"}]},{"@type":"WebSite","@id":"https:\/\/www.organisator.ch\/#website","url":"https:\/\/www.organisator.ch\/","name":"Organizer","description":"Competent. Practical. In 10 issues per year, ORGANISATOR presents the essential topics for managers of SMEs.","publisher":{"@id":"https:\/\/www.organisator.ch\/#organization"},"potentialAction":[{"@type":"SearchAction","target":{"@type":"EntryPoint","urlTemplate":"https:\/\/www.organisator.ch\/?s={search_term_string}"},"query-input":{"@type":"PropertyValueSpecification","valueRequired":true,"valueName":"search_term_string"}}],"inLanguage":"en-US"},{"@type":"Organization","@id":"https:\/\/www.organisator.ch\/#organization","name":"Organizer","url":"https:\/\/www.organisator.ch\/","logo":{"@type":"ImageObject","inLanguage":"en-US","@id":"https:\/\/www.organisator.ch\/#\/schema\/logo\/image\/","url":"https:\/\/www.organisator.ch\/wp-content\/uploads\/2022\/01\/Logo_Organisator_Website.png","contentUrl":"https:\/\/www.organisator.ch\/wp-content\/uploads\/2022\/01\/Logo_Organisator_Website.png","width":800,"height":77,"caption":"Organisator"},"image":{"@id":"https:\/\/www.organisator.ch\/#\/schema\/logo\/image\/"},"sameAs":["https:\/\/www.facebook.com\/OrganisatorFachmagazin","https:\/\/www.linkedin.com\/showcase\/organisator-das-magazin-fr-kmu","https:\/\/www.xing.com\/news\/pages\/organisator-ch-695","https:\/\/www.youtube.com\/channel\/UCGP2Sq0iWaZwT3BdIAQFYpw"]},{"@type":"Person","@id":"https:\/\/www.organisator.ch\/#\/schema\/person\/6f650f90b2842cd4c0cc334b4e36f67e","name":"thomas.berner","image":{"@type":"ImageObject","inLanguage":"en-US","@id":"https:\/\/secure.gravatar.com\/avatar\/ac5001d2a36cb6c6cd3e50789007ffca834b477b74a2144564522e944eabff61?s=96&d=mm&r=g","url":"https:\/\/secure.gravatar.com\/avatar\/ac5001d2a36cb6c6cd3e50789007ffca834b477b74a2144564522e944eabff61?s=96&d=mm&r=g","contentUrl":"https:\/\/secure.gravatar.com\/avatar\/ac5001d2a36cb6c6cd3e50789007ffca834b477b74a2144564522e944eabff61?s=96&d=mm&r=g","caption":"thomas.berner"},"url":"https:\/\/www.organisator.ch\/en\/author\/thomas-berner\/"}]}},"_links":{"self":[{"href":"https:\/\/www.organisator.ch\/en\/wp-json\/wp\/v2\/posts\/5266","targetHints":{"allow":["GET"]}}],"collection":[{"href":"https:\/\/www.organisator.ch\/en\/wp-json\/wp\/v2\/posts"}],"about":[{"href":"https:\/\/www.organisator.ch\/en\/wp-json\/wp\/v2\/types\/post"}],"author":[{"embeddable":true,"href":"https:\/\/www.organisator.ch\/en\/wp-json\/wp\/v2\/users\/4"}],"replies":[{"embeddable":true,"href":"https:\/\/www.organisator.ch\/en\/wp-json\/wp\/v2\/comments?post=5266"}],"version-history":[{"count":0,"href":"https:\/\/www.organisator.ch\/en\/wp-json\/wp\/v2\/posts\/5266\/revisions"}],"wp:featuredmedia":[{"embeddable":true,"href":"https:\/\/www.organisator.ch\/en\/wp-json\/wp\/v2\/media\/5267"}],"wp:attachment":[{"href":"https:\/\/www.organisator.ch\/en\/wp-json\/wp\/v2\/media?parent=5266"}],"wp:term":[{"taxonomy":"category","embeddable":true,"href":"https:\/\/www.organisator.ch\/en\/wp-json\/wp\/v2\/categories?post=5266"},{"taxonomy":"post_tag","embeddable":true,"href":"https:\/\/www.organisator.ch\/en\/wp-json\/wp\/v2\/tags?post=5266"}],"curies":[{"name":"wp","href":"https:\/\/api.w.org\/{rel}","templated":true}]}}