{"id":5285,"date":"2019-05-22T08:08:28","date_gmt":"2019-05-22T06:08:28","guid":{"rendered":"https:\/\/www.organisator.ch\/?p=5285"},"modified":"2019-05-22T08:08:28","modified_gmt":"2019-05-22T06:08:28","slug":"ffhs-and-fernuni-schweiz-building-university-campus-in-brig","status":"publish","type":"post","link":"https:\/\/www.organisator.ch\/en\/allgemein\/2019-05-22\/ffhs-und-fernuni-schweiz-bauen-hochschulcampus-in-brig\/","title":{"rendered":"FFHS and FernUni Switzerland build university campus in Brig"},"content":{"rendered":"<figure id=\"attachment_5286\" aria-describedby=\"caption-attachment-5286\" style=\"width: 680px\" class=\"wp-caption alignnone\"><img loading=\"lazy\" decoding=\"async\" class=\"size-medium wp-image-5286\" src=\"https:\/\/www.organisator.ch\/wp-content\/uploads\/2019\/05\/FFHS-und-FernUni-Schweiz-bauen-Hochschulcampus-in-Brig_Organisator.jpg\" alt=\"\" width=\"680\" height=\"441\" srcset=\"https:\/\/www.organisator.ch\/wp-content\/uploads\/2019\/05\/FFHS-und-FernUni-Schweiz-bauen-Hochschulcampus-in-Brig_Organisator.jpg 680w, https:\/\/www.organisator.ch\/wp-content\/uploads\/2019\/05\/FFHS-und-FernUni-Schweiz-bauen-Hochschulcampus-in-Brig_Organisator-16x10.jpg 16w, https:\/\/www.organisator.ch\/wp-content\/uploads\/2019\/05\/FFHS-und-FernUni-Schweiz-bauen-Hochschulcampus-in-Brig_Organisator-270x175.jpg 270w, https:\/\/www.organisator.ch\/wp-content\/uploads\/2019\/05\/FFHS-und-FernUni-Schweiz-bauen-Hochschulcampus-in-Brig_Organisator-540x350.jpg 540w, https:\/\/www.organisator.ch\/wp-content\/uploads\/2019\/05\/FFHS-und-FernUni-Schweiz-bauen-Hochschulcampus-in-Brig_Organisator-300x195.jpg 300w\" sizes=\"auto, (max-width: 680px) 100vw, 680px\" \/><figcaption id=\"caption-attachment-5286\" class=\"wp-caption-text\">Unveiling of the foundation stone for the new university campus: from left, architect Markus Schietsch, FFHS President Hans Widmer, State Councillor Christophe Darbellay, City President Louis Ursprung, FernUni President Wilhelm Schnyder and Bruno Attinger (Photo: FernUni Switzerland \/ FFHS)<\/figcaption><\/figure>\n<p>Construction work on the new university campus in Brig has begun. On May 21, the foundation stone for the construction work was laid in a festive ceremony attended by State Councillor Christophe Darbellay, the Mayor of Brig, Louis Ursprung, the architect Markus Schietsch, representatives of FernUni Switzerland and the FFHS, and many invited guests.<\/p>\n<h2>The celebration of the laying of the foundation stone<\/h2>\n<p>The official ceremony took place in the post office garage directly next to the building site. The guests followed the remarks of architect Markus Schietsch and the unveiling of the foundation stone via \"live links\" directly to the construction site. For the Mayor of Brig, Louis Ursprung, one thing is certain: \"The university campus strengthens Brig enormously as an educational location and carries the name of Brig throughout Switzerland.\" In his message of greeting from the Valais government, State Councillor Christoph Darbellay acknowledged the importance of the two institutions FFHS and FernUni Switzerland. Ultimately, the two presidents, Wilhelm Schnyder and Hans Widmer, were convinced that the new university campus represented a symbol of a successful future.<\/p>\n<h2>From architectural competition to laying of the foundation stone<\/h2>\n<p>The building project goes back to an architectural competition in spring 2016, which was won by the team of Markus Schietsch Architekten from Zurich. Their project \"Kuma\" (Japanese for bear - a strong self-confident creature) convinced the jury with independent solutions on an architectural, operational and economic level. In the subsequent planning work, some revisions were made, for example, research was given more space for laboratories in the new building. Finally, the building application was submitted in October 2018.<\/p>\n<h2>The building<\/h2>\n<p>The project on Schinerstrasse in the Rhonesand district comprises six floors and a basement including a parking garage. Two common floors are intended for public use (cafeteria, conference and training rooms) and two floors each accommodate the workplaces of the FFHS and the FernUni Schweiz. The striking form of the solitary building and the filigree profiled glass fa\u00e7ade are intended to lend identity to the public character of the higher education institution. In terms of urban planning, the new building also fits in well with the typology of the neighborhood. The building is positioned on the plot in such a way that it is enclosed on all sides by an outdoor space designed as a garden. The university campus is scheduled for completion in April 2021 and occupancy in May 2021.<\/p>\n<h2>Facts and figures about the construction project:<\/h2>\n<ul type=\"disc\">\n<li>Architecture: Markus Schietsch Architekten, Zurich<\/li>\n<li>Construction management: amoba baumanagement, Brig<\/li>\n<li>Number of workstations: currently planned 165 AP excl. laboratories<\/li>\n<li>Floor area above ground: 4'488m2<\/li>\n<li>Floor area underground: 2'234 m2<\/li>\n<li>Total: 6'812 m2<\/li>\n<li>Total building volume: 27'741 m3<\/li>\n<li>Start of construction: May 2019<\/li>\n<li>Completion planned: April 2021<\/li>\n<li>Move-in planned: May 2021<\/li>\n<li>Costs: CHF 29'158'000.- thereof 1'670'000.- for laboratories<\/li>\n<\/ul>\n<p><em>Information:\u00a0<a href=\"http:\/\/www.fernuni.ch\/\">www.fernuni.ch<\/a>,\u00a0<a href=\"http:\/\/www.ffhs.ch\/\">www.ffhs.ch<\/a><\/em><\/p>","protected":false},"excerpt":{"rendered":"<p>Die Bauarbeiten f\u00fcr den neuen Hochschulcampus In Brig haben begonnen. Am 21. Mai konnte in einem festlichen Akt in Anwesenheit von Staatsrat Christophe Darbellay, dem Briger Stadtpr\u00e4sidenten Louis Ursprung, dem Architekten Markus Schietsch, den Vertretern der FernUni Schweiz und der FFHS und vielen geladenen G\u00e4sten der Grundstein f\u00fcr die Bauarbeiten gelegt werden. Die Feier der [&hellip;]<\/p>\n","protected":false},"author":4,"featured_media":5286,"comment_status":"open","ping_status":"open","sticky":false,"template":"","format":"standard","meta":{"_acf_changed":false,"_yoast_wpseo_focuskw":"Hochschulcampus","_yoast_wpseo_metadesc":"Die Fernfachhochschule Schweiz (FFHS) und die FernUni Schweiz bauen in Brig einen Hochschulcampus. Am 21. Mai fand die Grundsteinlegung statt.","articlekey":"","footnotes":""},"categories":[1],"tags":[62,192,508],"class_list":["post-5285","post","type-post","status-publish","format-standard","has-post-thumbnail","hentry","category-allgemein","tag-aus-weiterbildung","tag-fachhochschulen","tag-vermischtes"],"acf":[],"yoast_head":"<!-- This site is optimized with the Yoast SEO plugin v27.5 - https:\/\/yoast.com\/product\/yoast-seo-wordpress\/ -->\n<title>FFHS und FernUni Schweiz bauen Hochschulcampus in Brig - Organisator<\/title>\n<meta name=\"description\" content=\"Die Fernfachhochschule Schweiz (FFHS) und die FernUni Schweiz bauen in Brig einen Hochschulcampus. Am 21. Mai fand die Grundsteinlegung statt.\" \/>\n<meta name=\"robots\" content=\"index, follow, max-snippet:-1, max-image-preview:large, max-video-preview:-1\" \/>\n<link rel=\"canonical\" href=\"https:\/\/www.organisator.ch\/en\/general\/2019-05-22\/ffhs-and-fernuni-schweiz-building-university-campus-in-brig\/\" \/>\n<meta property=\"og:locale\" content=\"en_US\" \/>\n<meta property=\"og:type\" content=\"article\" \/>\n<meta property=\"og:title\" content=\"FFHS und FernUni Schweiz bauen Hochschulcampus in Brig\" \/>\n<meta property=\"og:description\" content=\"Die Fernfachhochschule Schweiz (FFHS) und die FernUni Schweiz bauen in Brig einen Hochschulcampus. Am 21. Mai fand die Grundsteinlegung statt.\" \/>\n<meta property=\"og:url\" content=\"https:\/\/www.organisator.ch\/en\/general\/2019-05-22\/ffhs-and-fernuni-schweiz-building-university-campus-in-brig\/\" \/>\n<meta property=\"og:site_name\" content=\"Organisator\" \/>\n<meta property=\"article:publisher\" content=\"https:\/\/www.facebook.com\/OrganisatorFachmagazin\" \/>\n<meta property=\"article:published_time\" content=\"2019-05-22T06:08:28+00:00\" \/>\n<meta property=\"og:image\" content=\"https:\/\/www.organisator.ch\/wp-content\/uploads\/2019\/05\/FFHS-und-FernUni-Schweiz-bauen-Hochschulcampus-in-Brig_Organisator.jpg\" \/>\n\t<meta property=\"og:image:width\" content=\"680\" \/>\n\t<meta property=\"og:image:height\" content=\"441\" \/>\n\t<meta property=\"og:image:type\" content=\"image\/jpeg\" \/>\n<meta name=\"author\" content=\"thomas.berner\" \/>\n<meta name=\"twitter:card\" content=\"summary_large_image\" \/>\n<meta name=\"twitter:title\" content=\"FFHS und FernUni Schweiz bauen #Hochschulcampus in Brig\" \/>\n<meta name=\"twitter:description\" content=\"Die #Fernfachhochschule Schweiz (FFHS) und die #FernUni Schweiz bauen in Brig einen #Hochschulcampus. Am 21. Mai fand die Grundsteinlegung statt.\" \/>\n<meta name=\"twitter:image\" content=\"https:\/\/www.organisator.ch\/wp-content\/uploads\/2019\/05\/FFHS-und-FernUni-Schweiz-bauen-Hochschulcampus-in-Brig_Organisator.jpg\" \/>\n<script type=\"application\/ld+json\" class=\"yoast-schema-graph\">{\"@context\":\"https:\\\/\\\/schema.org\",\"@graph\":[{\"@type\":\"Article\",\"@id\":\"https:\\\/\\\/www.organisator.ch\\\/fr\\\/general\\\/2019-05-22\\\/ffhs-und-fernuni-schweiz-bauen-hochschulcampus-in-brig\\\/#article\",\"isPartOf\":{\"@id\":\"https:\\\/\\\/www.organisator.ch\\\/fr\\\/general\\\/2019-05-22\\\/ffhs-und-fernuni-schweiz-bauen-hochschulcampus-in-brig\\\/\"},\"author\":{\"name\":\"thomas.berner\",\"@id\":\"https:\\\/\\\/www.organisator.ch\\\/#\\\/schema\\\/person\\\/6f650f90b2842cd4c0cc334b4e36f67e\"},\"headline\":\"FFHS und FernUni Schweiz bauen Hochschulcampus in Brig\",\"datePublished\":\"2019-05-22T06:08:28+00:00\",\"mainEntityOfPage\":{\"@id\":\"https:\\\/\\\/www.organisator.ch\\\/fr\\\/general\\\/2019-05-22\\\/ffhs-und-fernuni-schweiz-bauen-hochschulcampus-in-brig\\\/\"},\"wordCount\":482,\"commentCount\":0,\"publisher\":{\"@id\":\"https:\\\/\\\/www.organisator.ch\\\/#organization\"},\"image\":{\"@id\":\"https:\\\/\\\/www.organisator.ch\\\/fr\\\/general\\\/2019-05-22\\\/ffhs-und-fernuni-schweiz-bauen-hochschulcampus-in-brig\\\/#primaryimage\"},\"thumbnailUrl\":\"https:\\\/\\\/www.organisator.ch\\\/wp-content\\\/uploads\\\/2019\\\/05\\\/FFHS-und-FernUni-Schweiz-bauen-Hochschulcampus-in-Brig_Organisator.jpg\",\"keywords\":[\"Aus-\\\/Weiterbildung\",\"Fachhochschulen\",\"Vermischtes\"],\"articleSection\":[\"Allgemein\"],\"inLanguage\":\"en-US\"},{\"@type\":\"WebPage\",\"@id\":\"https:\\\/\\\/www.organisator.ch\\\/fr\\\/general\\\/2019-05-22\\\/ffhs-und-fernuni-schweiz-bauen-hochschulcampus-in-brig\\\/\",\"url\":\"https:\\\/\\\/www.organisator.ch\\\/fr\\\/general\\\/2019-05-22\\\/ffhs-und-fernuni-schweiz-bauen-hochschulcampus-in-brig\\\/\",\"name\":\"FFHS und FernUni Schweiz bauen Hochschulcampus in Brig - Organisator\",\"isPartOf\":{\"@id\":\"https:\\\/\\\/www.organisator.ch\\\/#website\"},\"primaryImageOfPage\":{\"@id\":\"https:\\\/\\\/www.organisator.ch\\\/fr\\\/general\\\/2019-05-22\\\/ffhs-und-fernuni-schweiz-bauen-hochschulcampus-in-brig\\\/#primaryimage\"},\"image\":{\"@id\":\"https:\\\/\\\/www.organisator.ch\\\/fr\\\/general\\\/2019-05-22\\\/ffhs-und-fernuni-schweiz-bauen-hochschulcampus-in-brig\\\/#primaryimage\"},\"thumbnailUrl\":\"https:\\\/\\\/www.organisator.ch\\\/wp-content\\\/uploads\\\/2019\\\/05\\\/FFHS-und-FernUni-Schweiz-bauen-Hochschulcampus-in-Brig_Organisator.jpg\",\"datePublished\":\"2019-05-22T06:08:28+00:00\",\"description\":\"Die Fernfachhochschule Schweiz (FFHS) und die FernUni Schweiz bauen in Brig einen Hochschulcampus. Am 21. Mai fand die Grundsteinlegung statt.\",\"breadcrumb\":{\"@id\":\"https:\\\/\\\/www.organisator.ch\\\/fr\\\/general\\\/2019-05-22\\\/ffhs-und-fernuni-schweiz-bauen-hochschulcampus-in-brig\\\/#breadcrumb\"},\"inLanguage\":\"en-US\",\"potentialAction\":[{\"@type\":\"ReadAction\",\"target\":[\"https:\\\/\\\/www.organisator.ch\\\/fr\\\/general\\\/2019-05-22\\\/ffhs-und-fernuni-schweiz-bauen-hochschulcampus-in-brig\\\/\"]}]},{\"@type\":\"ImageObject\",\"inLanguage\":\"en-US\",\"@id\":\"https:\\\/\\\/www.organisator.ch\\\/fr\\\/general\\\/2019-05-22\\\/ffhs-und-fernuni-schweiz-bauen-hochschulcampus-in-brig\\\/#primaryimage\",\"url\":\"https:\\\/\\\/www.organisator.ch\\\/wp-content\\\/uploads\\\/2019\\\/05\\\/FFHS-und-FernUni-Schweiz-bauen-Hochschulcampus-in-Brig_Organisator.jpg\",\"contentUrl\":\"https:\\\/\\\/www.organisator.ch\\\/wp-content\\\/uploads\\\/2019\\\/05\\\/FFHS-und-FernUni-Schweiz-bauen-Hochschulcampus-in-Brig_Organisator.jpg\",\"width\":680,\"height\":441,\"caption\":\"Enth\u00fcllung des Grundsteins f\u00fcr den neuen Hochschulcampus: v.l. Architekt Markus Schietsch, FFHS-Pr\u00e4sident Hans Widmer, Staatsrat Christophe Darbellay, Stadtpr\u00e4sident Louis Ursprung, FernUni-Pr\u00e4sident Wilhelm Schnyder und Bruno Attinger (Bild: FernUni Schweiz \\\/ FFHS)\"},{\"@type\":\"BreadcrumbList\",\"@id\":\"https:\\\/\\\/www.organisator.ch\\\/fr\\\/general\\\/2019-05-22\\\/ffhs-und-fernuni-schweiz-bauen-hochschulcampus-in-brig\\\/#breadcrumb\",\"itemListElement\":[{\"@type\":\"ListItem\",\"position\":1,\"name\":\"Home\",\"item\":\"https:\\\/\\\/www.organisator.ch\\\/\"},{\"@type\":\"ListItem\",\"position\":2,\"name\":\"FFHS und FernUni Schweiz bauen Hochschulcampus in Brig\"}]},{\"@type\":\"WebSite\",\"@id\":\"https:\\\/\\\/www.organisator.ch\\\/#website\",\"url\":\"https:\\\/\\\/www.organisator.ch\\\/\",\"name\":\"Organisator\",\"description\":\"Kompetent. Praxisnah. Der ORGANISATOR bereitet in 10 Ausgaben pro Jahr die wesentlichen Themen f\u00fcr F\u00fchrungskr\u00e4fte von KMU auf.\",\"publisher\":{\"@id\":\"https:\\\/\\\/www.organisator.ch\\\/#organization\"},\"potentialAction\":[{\"@type\":\"SearchAction\",\"target\":{\"@type\":\"EntryPoint\",\"urlTemplate\":\"https:\\\/\\\/www.organisator.ch\\\/?s={search_term_string}\"},\"query-input\":{\"@type\":\"PropertyValueSpecification\",\"valueRequired\":true,\"valueName\":\"search_term_string\"}}],\"inLanguage\":\"en-US\"},{\"@type\":\"Organization\",\"@id\":\"https:\\\/\\\/www.organisator.ch\\\/#organization\",\"name\":\"Organisator\",\"url\":\"https:\\\/\\\/www.organisator.ch\\\/\",\"logo\":{\"@type\":\"ImageObject\",\"inLanguage\":\"en-US\",\"@id\":\"https:\\\/\\\/www.organisator.ch\\\/#\\\/schema\\\/logo\\\/image\\\/\",\"url\":\"https:\\\/\\\/www.organisator.ch\\\/wp-content\\\/uploads\\\/2022\\\/01\\\/Logo_Organisator_Website.png\",\"contentUrl\":\"https:\\\/\\\/www.organisator.ch\\\/wp-content\\\/uploads\\\/2022\\\/01\\\/Logo_Organisator_Website.png\",\"width\":800,\"height\":77,\"caption\":\"Organisator\"},\"image\":{\"@id\":\"https:\\\/\\\/www.organisator.ch\\\/#\\\/schema\\\/logo\\\/image\\\/\"},\"sameAs\":[\"https:\\\/\\\/www.facebook.com\\\/OrganisatorFachmagazin\",\"https:\\\/\\\/www.linkedin.com\\\/showcase\\\/organisator-das-magazin-fr-kmu\",\"https:\\\/\\\/www.xing.com\\\/news\\\/pages\\\/organisator-ch-695\",\"https:\\\/\\\/www.youtube.com\\\/channel\\\/UCGP2Sq0iWaZwT3BdIAQFYpw\"]},{\"@type\":\"Person\",\"@id\":\"https:\\\/\\\/www.organisator.ch\\\/#\\\/schema\\\/person\\\/6f650f90b2842cd4c0cc334b4e36f67e\",\"name\":\"thomas.berner\",\"image\":{\"@type\":\"ImageObject\",\"inLanguage\":\"en-US\",\"@id\":\"https:\\\/\\\/secure.gravatar.com\\\/avatar\\\/ac5001d2a36cb6c6cd3e50789007ffca834b477b74a2144564522e944eabff61?s=96&d=mm&r=g\",\"url\":\"https:\\\/\\\/secure.gravatar.com\\\/avatar\\\/ac5001d2a36cb6c6cd3e50789007ffca834b477b74a2144564522e944eabff61?s=96&d=mm&r=g\",\"contentUrl\":\"https:\\\/\\\/secure.gravatar.com\\\/avatar\\\/ac5001d2a36cb6c6cd3e50789007ffca834b477b74a2144564522e944eabff61?s=96&d=mm&r=g\",\"caption\":\"thomas.berner\"},\"url\":\"https:\\\/\\\/www.organisator.ch\\\/en\\\/author\\\/thomas-berner\\\/\"}]}<\/script>\n<!-- \/ Yoast SEO plugin. -->","yoast_head_json":{"title":"FFHS and FernUni Switzerland build university campus in Brig - Organizer","description":"The Fernfachhochschule Schweiz (FFHS) and FernUni Schweiz are building a university campus in Brig. The laying of the foundation stone took place on May 21.","robots":{"index":"index","follow":"follow","max-snippet":"max-snippet:-1","max-image-preview":"max-image-preview:large","max-video-preview":"max-video-preview:-1"},"canonical":"https:\/\/www.organisator.ch\/en\/general\/2019-05-22\/ffhs-and-fernuni-schweiz-building-university-campus-in-brig\/","og_locale":"en_US","og_type":"article","og_title":"FFHS und FernUni Schweiz bauen Hochschulcampus in Brig","og_description":"Die Fernfachhochschule Schweiz (FFHS) und die FernUni Schweiz bauen in Brig einen Hochschulcampus. Am 21. Mai fand die Grundsteinlegung statt.","og_url":"https:\/\/www.organisator.ch\/en\/general\/2019-05-22\/ffhs-and-fernuni-schweiz-building-university-campus-in-brig\/","og_site_name":"Organisator","article_publisher":"https:\/\/www.facebook.com\/OrganisatorFachmagazin","article_published_time":"2019-05-22T06:08:28+00:00","og_image":[{"width":680,"height":441,"url":"https:\/\/www.organisator.ch\/wp-content\/uploads\/2019\/05\/FFHS-und-FernUni-Schweiz-bauen-Hochschulcampus-in-Brig_Organisator.jpg","type":"image\/jpeg"}],"author":"thomas.berner","twitter_card":"summary_large_image","twitter_title":"FFHS und FernUni Schweiz bauen #Hochschulcampus in Brig","twitter_description":"Die #Fernfachhochschule Schweiz (FFHS) und die #FernUni Schweiz bauen in Brig einen #Hochschulcampus. Am 21. Mai fand die Grundsteinlegung statt.","twitter_image":"https:\/\/www.organisator.ch\/wp-content\/uploads\/2019\/05\/FFHS-und-FernUni-Schweiz-bauen-Hochschulcampus-in-Brig_Organisator.jpg","schema":{"@context":"https:\/\/schema.org","@graph":[{"@type":"Article","@id":"https:\/\/www.organisator.ch\/fr\/general\/2019-05-22\/ffhs-und-fernuni-schweiz-bauen-hochschulcampus-in-brig\/#article","isPartOf":{"@id":"https:\/\/www.organisator.ch\/fr\/general\/2019-05-22\/ffhs-und-fernuni-schweiz-bauen-hochschulcampus-in-brig\/"},"author":{"name":"thomas.berner","@id":"https:\/\/www.organisator.ch\/#\/schema\/person\/6f650f90b2842cd4c0cc334b4e36f67e"},"headline":"FFHS und FernUni Schweiz bauen Hochschulcampus in Brig","datePublished":"2019-05-22T06:08:28+00:00","mainEntityOfPage":{"@id":"https:\/\/www.organisator.ch\/fr\/general\/2019-05-22\/ffhs-und-fernuni-schweiz-bauen-hochschulcampus-in-brig\/"},"wordCount":482,"commentCount":0,"publisher":{"@id":"https:\/\/www.organisator.ch\/#organization"},"image":{"@id":"https:\/\/www.organisator.ch\/fr\/general\/2019-05-22\/ffhs-und-fernuni-schweiz-bauen-hochschulcampus-in-brig\/#primaryimage"},"thumbnailUrl":"https:\/\/www.organisator.ch\/wp-content\/uploads\/2019\/05\/FFHS-und-FernUni-Schweiz-bauen-Hochschulcampus-in-Brig_Organisator.jpg","keywords":["Aus-\/Weiterbildung","Fachhochschulen","Vermischtes"],"articleSection":["Allgemein"],"inLanguage":"en-US"},{"@type":"WebPage","@id":"https:\/\/www.organisator.ch\/fr\/general\/2019-05-22\/ffhs-und-fernuni-schweiz-bauen-hochschulcampus-in-brig\/","url":"https:\/\/www.organisator.ch\/fr\/general\/2019-05-22\/ffhs-und-fernuni-schweiz-bauen-hochschulcampus-in-brig\/","name":"FFHS and FernUni Switzerland build university campus in Brig - Organizer","isPartOf":{"@id":"https:\/\/www.organisator.ch\/#website"},"primaryImageOfPage":{"@id":"https:\/\/www.organisator.ch\/fr\/general\/2019-05-22\/ffhs-und-fernuni-schweiz-bauen-hochschulcampus-in-brig\/#primaryimage"},"image":{"@id":"https:\/\/www.organisator.ch\/fr\/general\/2019-05-22\/ffhs-und-fernuni-schweiz-bauen-hochschulcampus-in-brig\/#primaryimage"},"thumbnailUrl":"https:\/\/www.organisator.ch\/wp-content\/uploads\/2019\/05\/FFHS-und-FernUni-Schweiz-bauen-Hochschulcampus-in-Brig_Organisator.jpg","datePublished":"2019-05-22T06:08:28+00:00","description":"The Fernfachhochschule Schweiz (FFHS) and FernUni Schweiz are building a university campus in Brig. The laying of the foundation stone took place on May 21.","breadcrumb":{"@id":"https:\/\/www.organisator.ch\/fr\/general\/2019-05-22\/ffhs-und-fernuni-schweiz-bauen-hochschulcampus-in-brig\/#breadcrumb"},"inLanguage":"en-US","potentialAction":[{"@type":"ReadAction","target":["https:\/\/www.organisator.ch\/fr\/general\/2019-05-22\/ffhs-und-fernuni-schweiz-bauen-hochschulcampus-in-brig\/"]}]},{"@type":"ImageObject","inLanguage":"en-US","@id":"https:\/\/www.organisator.ch\/fr\/general\/2019-05-22\/ffhs-und-fernuni-schweiz-bauen-hochschulcampus-in-brig\/#primaryimage","url":"https:\/\/www.organisator.ch\/wp-content\/uploads\/2019\/05\/FFHS-und-FernUni-Schweiz-bauen-Hochschulcampus-in-Brig_Organisator.jpg","contentUrl":"https:\/\/www.organisator.ch\/wp-content\/uploads\/2019\/05\/FFHS-und-FernUni-Schweiz-bauen-Hochschulcampus-in-Brig_Organisator.jpg","width":680,"height":441,"caption":"Enth\u00fcllung des Grundsteins f\u00fcr den neuen Hochschulcampus: v.l. Architekt Markus Schietsch, FFHS-Pr\u00e4sident Hans Widmer, Staatsrat Christophe Darbellay, Stadtpr\u00e4sident Louis Ursprung, FernUni-Pr\u00e4sident Wilhelm Schnyder und Bruno Attinger (Bild: FernUni Schweiz \/ FFHS)"},{"@type":"BreadcrumbList","@id":"https:\/\/www.organisator.ch\/fr\/general\/2019-05-22\/ffhs-und-fernuni-schweiz-bauen-hochschulcampus-in-brig\/#breadcrumb","itemListElement":[{"@type":"ListItem","position":1,"name":"Home","item":"https:\/\/www.organisator.ch\/"},{"@type":"ListItem","position":2,"name":"FFHS und FernUni Schweiz bauen Hochschulcampus in Brig"}]},{"@type":"WebSite","@id":"https:\/\/www.organisator.ch\/#website","url":"https:\/\/www.organisator.ch\/","name":"Organizer","description":"Competent. Practical. In 10 issues per year, ORGANISATOR presents the essential topics for managers of SMEs.","publisher":{"@id":"https:\/\/www.organisator.ch\/#organization"},"potentialAction":[{"@type":"SearchAction","target":{"@type":"EntryPoint","urlTemplate":"https:\/\/www.organisator.ch\/?s={search_term_string}"},"query-input":{"@type":"PropertyValueSpecification","valueRequired":true,"valueName":"search_term_string"}}],"inLanguage":"en-US"},{"@type":"Organization","@id":"https:\/\/www.organisator.ch\/#organization","name":"Organizer","url":"https:\/\/www.organisator.ch\/","logo":{"@type":"ImageObject","inLanguage":"en-US","@id":"https:\/\/www.organisator.ch\/#\/schema\/logo\/image\/","url":"https:\/\/www.organisator.ch\/wp-content\/uploads\/2022\/01\/Logo_Organisator_Website.png","contentUrl":"https:\/\/www.organisator.ch\/wp-content\/uploads\/2022\/01\/Logo_Organisator_Website.png","width":800,"height":77,"caption":"Organisator"},"image":{"@id":"https:\/\/www.organisator.ch\/#\/schema\/logo\/image\/"},"sameAs":["https:\/\/www.facebook.com\/OrganisatorFachmagazin","https:\/\/www.linkedin.com\/showcase\/organisator-das-magazin-fr-kmu","https:\/\/www.xing.com\/news\/pages\/organisator-ch-695","https:\/\/www.youtube.com\/channel\/UCGP2Sq0iWaZwT3BdIAQFYpw"]},{"@type":"Person","@id":"https:\/\/www.organisator.ch\/#\/schema\/person\/6f650f90b2842cd4c0cc334b4e36f67e","name":"thomas.berner","image":{"@type":"ImageObject","inLanguage":"en-US","@id":"https:\/\/secure.gravatar.com\/avatar\/ac5001d2a36cb6c6cd3e50789007ffca834b477b74a2144564522e944eabff61?s=96&d=mm&r=g","url":"https:\/\/secure.gravatar.com\/avatar\/ac5001d2a36cb6c6cd3e50789007ffca834b477b74a2144564522e944eabff61?s=96&d=mm&r=g","contentUrl":"https:\/\/secure.gravatar.com\/avatar\/ac5001d2a36cb6c6cd3e50789007ffca834b477b74a2144564522e944eabff61?s=96&d=mm&r=g","caption":"thomas.berner"},"url":"https:\/\/www.organisator.ch\/en\/author\/thomas-berner\/"}]}},"_links":{"self":[{"href":"https:\/\/www.organisator.ch\/en\/wp-json\/wp\/v2\/posts\/5285","targetHints":{"allow":["GET"]}}],"collection":[{"href":"https:\/\/www.organisator.ch\/en\/wp-json\/wp\/v2\/posts"}],"about":[{"href":"https:\/\/www.organisator.ch\/en\/wp-json\/wp\/v2\/types\/post"}],"author":[{"embeddable":true,"href":"https:\/\/www.organisator.ch\/en\/wp-json\/wp\/v2\/users\/4"}],"replies":[{"embeddable":true,"href":"https:\/\/www.organisator.ch\/en\/wp-json\/wp\/v2\/comments?post=5285"}],"version-history":[{"count":0,"href":"https:\/\/www.organisator.ch\/en\/wp-json\/wp\/v2\/posts\/5285\/revisions"}],"wp:featuredmedia":[{"embeddable":true,"href":"https:\/\/www.organisator.ch\/en\/wp-json\/wp\/v2\/media\/5286"}],"wp:attachment":[{"href":"https:\/\/www.organisator.ch\/en\/wp-json\/wp\/v2\/media?parent=5285"}],"wp:term":[{"taxonomy":"category","embeddable":true,"href":"https:\/\/www.organisator.ch\/en\/wp-json\/wp\/v2\/categories?post=5285"},{"taxonomy":"post_tag","embeddable":true,"href":"https:\/\/www.organisator.ch\/en\/wp-json\/wp\/v2\/tags?post=5285"}],"curies":[{"name":"wp","href":"https:\/\/api.w.org\/{rel}","templated":true}]}}