{"id":529,"date":"2016-09-22T16:17:24","date_gmt":"2016-09-22T14:17:24","guid":{"rendered":"https:\/\/dev.umweltperspektiven.ch\/?p=529"},"modified":"2016-09-22T16:17:24","modified_gmt":"2016-09-22T14:17:24","slug":"schluss-mit-gratis-plastiksaecken","status":"publish","type":"post","link":"https:\/\/www.organisator.ch\/en\/allgemein\/2016-09-22\/schluss-mit-gratis-plastiksaecken\/","title":{"rendered":"Put an end to free plastic bags"},"content":{"rendered":"<figure id=\"attachment_530\" aria-describedby=\"caption-attachment-530\" style=\"width: 680px\" class=\"wp-caption alignnone\"><a href=\"\/\/dev.umweltperspektiven.ch\/wp-content\/uploads\/2016\/12\/Schluss-mit-Gratis-Plastiks\u00e4cken-umweltperspektiven.jpg\"><img loading=\"lazy\" decoding=\"async\" class=\"size-medium wp-image-530\" src=\"\/\/dev.umweltperspektiven.ch\/wp-content\/uploads\/2016\/12\/Schluss-mit-Gratis-Plastiks\u00e4cken-umweltperspektiven.jpg\" alt=\"In the future, there will be no more free bags at the Coop checkout. (Image: Coop)\" width=\"680\" height=\"453\" \/><\/a><figcaption id=\"caption-attachment-530\" class=\"wp-caption-text\">In the future, there will be no more free bags at the Coop checkout. (Image: Coop)<\/figcaption><\/figure>\n<p>The Buman motion, which wanted to ban disposable plastic bags altogether, has definitely been taken off the table by parliament. The Swiss retail trade is pleased about this. However, it now wants to implement voluntary measures to quickly and massively reduce the number of disposable plastic bags distributed.<\/p>\n<p>Coop is forging ahead and has already implemented its measures as of October 24. From then on, disposable plastic bags will cost 5 centimes, at least at 10 points of sale in the city of Zurich. Surveys and tests by Coop have shown that four out of five customers will give up a disposable plastic bag as soon as it costs something.<\/p>\n<p><strong>Reduction by 80 % as target<\/strong><\/p>\n<p>As a first step, Coop will examine the processes at the checkouts in the ten sales outlets to make them as customer-friendly as possible. By spring 2017, the ecological Raschel bags will then be available for 5 centimes in all 850-plus Coop supermarkets throughout Switzerland. Coop has set itself the goal of reducing the number of single-use plastic bags dispensed in Coop supermarkets by 80 % in this way.<\/p>\n<p><strong>100 % recycled material bags<\/strong><\/p>\n<p>Coop wants to achieve a sustainable and customer-friendly solution when dealing with the disposable plastic bags. Therefore, at Coop, these are made from 100 % recycled material, largely from film waste from Coop distribution centers. The proceeds from the sale of the single-use bags go into the Coop Fund for Sustainability, which Coop uses to support innovative and sustainable projects. Alternatively, customers can continue to purchase reusable bags at Coop supermarket checkouts.<\/p>\n<p><strong>Migros has tested model<\/strong><\/p>\n<p>Migros will follow suit from November 1. It wants to introduce the tax nationwide right away. A test has already been running since 2013 in the canton of Vaud, where Migros charges 5 centimes for the bags. According to Migros, customers quickly got used to it - and consumption has fallen sharply. Migros also wants to have the bags made from 100% recycled material.<\/p>\n<p>Migros is also not earning any money from the new levies - it wants to channel the profits into external environmental projects.<\/p>\n<p><strong>Pack vegetables for free - or with reusable bags<\/strong><\/p>\n<p>Vegetable and fruit bags are still exempt from the tax. Here, however, Migros is also currently testing an alternative: reusable vegetable bags made of polyester, with flags on the side to attach the labels. The bags are washable and were developed in collaboration with the marine conservation organization Ocean Care. A pack of four costs 9.90 Swiss francs and is sold under the name \"Veggie Bags\".<\/p>\n<p><em>Source: Coop Switzerland \/ Swiss Retail Federation \/ IG DHS<\/em><\/p>","protected":false},"excerpt":{"rendered":"<p>Die Motion Buman, die Wegwerf-Plastiks\u00e4cke ganz verbeiten wollte, ist vom Parlament definitiv vom Tisch genommen worden. Dar\u00fcber zeigt sich der Schweizer Detailhandel erfreut. Er will nun aber freiwillige Massnahmen umsetzen, um die Zahl der abgegebenen Einweg-Plastiks\u00e4cke rasch und massiv zu verringern. Coop prescht vor, und setzte seine Massnahmen bereits ab dem 24: Oktober um. Ab [&hellip;]<\/p>\n","protected":false},"author":1,"featured_media":530,"comment_status":"open","ping_status":"open","sticky":false,"template":"","format":"standard","meta":{"_acf_changed":false,"_yoast_wpseo_focuskw":"Plastiks\u00e4cken","_yoast_wpseo_metadesc":"Coop prescht voran und setzt die Branchenvereinbarung der Detailh\u00e4ndler zu den Wegwerfs\u00e4cken um: Diese kosten k\u00fcnftig 5 Rappen.","articlekey":"","footnotes":""},"categories":[1],"tags":[944,976,1917,1925],"class_list":["post-529","post","type-post","status-publish","format-standard","has-post-thumbnail","hentry","category-allgemein","tag-coop","tag-detailhaendler","tag-plastik","tag-plastiksaecke"],"acf":[],"yoast_head":"<!-- This site is optimized with the Yoast SEO plugin v27.5 - https:\/\/yoast.com\/product\/yoast-seo-wordpress\/ -->\n<title>Schluss mit Gratis-Plastiks\u00e4cken - Organisator<\/title>\n<meta name=\"description\" content=\"Coop prescht voran und setzt die Branchenvereinbarung der Detailh\u00e4ndler zu den Wegwerfs\u00e4cken um: Diese kosten k\u00fcnftig 5 Rappen.\" \/>\n<meta name=\"robots\" content=\"index, follow, max-snippet:-1, max-image-preview:large, max-video-preview:-1\" \/>\n<link rel=\"canonical\" href=\"https:\/\/www.organisator.ch\/en\/general\/2016-09-22\/schluss-mit-gratis-plastiksaecken\/\" \/>\n<meta property=\"og:locale\" content=\"en_US\" \/>\n<meta property=\"og:type\" content=\"article\" \/>\n<meta property=\"og:title\" content=\"Schluss mit Gratis-Plastiks\u00e4cken - Organisator\" \/>\n<meta property=\"og:description\" content=\"Coop prescht voran und setzt die Branchenvereinbarung der Detailh\u00e4ndler zu den Wegwerfs\u00e4cken um: Diese kosten k\u00fcnftig 5 Rappen.\" \/>\n<meta property=\"og:url\" content=\"https:\/\/www.organisator.ch\/en\/general\/2016-09-22\/schluss-mit-gratis-plastiksaecken\/\" \/>\n<meta property=\"og:site_name\" content=\"Organisator\" \/>\n<meta property=\"article:publisher\" content=\"https:\/\/www.facebook.com\/OrganisatorFachmagazin\" \/>\n<meta property=\"article:published_time\" content=\"2016-09-22T14:17:24+00:00\" \/>\n<meta property=\"og:image\" content=\"https:\/\/www.organisator.ch\/wp-content\/uploads\/2016\/12\/Schluss-mit-Gratis-Plastiksaecken-umweltperspektiven-scaled.jpg\" \/>\n\t<meta property=\"og:image:width\" content=\"2560\" \/>\n\t<meta property=\"og:image:height\" content=\"1707\" \/>\n\t<meta property=\"og:image:type\" content=\"image\/jpeg\" \/>\n<meta name=\"author\" content=\"admin\" \/>\n<meta name=\"twitter:card\" content=\"summary_large_image\" \/>\n<script type=\"application\/ld+json\" class=\"yoast-schema-graph\">{\"@context\":\"https:\\\/\\\/schema.org\",\"@graph\":[{\"@type\":\"Article\",\"@id\":\"https:\\\/\\\/www.organisator.ch\\\/fr\\\/general\\\/2016-09-22\\\/schluss-mit-gratis-plastiksaecken\\\/#article\",\"isPartOf\":{\"@id\":\"https:\\\/\\\/www.organisator.ch\\\/fr\\\/general\\\/2016-09-22\\\/schluss-mit-gratis-plastiksaecken\\\/\"},\"author\":{\"name\":\"admin\",\"@id\":\"https:\\\/\\\/www.organisator.ch\\\/#\\\/schema\\\/person\\\/aa2bace6c5c5aad60102004a50c4eb1c\"},\"headline\":\"Schluss mit Gratis-Plastiks\u00e4cken\",\"datePublished\":\"2016-09-22T14:17:24+00:00\",\"mainEntityOfPage\":{\"@id\":\"https:\\\/\\\/www.organisator.ch\\\/fr\\\/general\\\/2016-09-22\\\/schluss-mit-gratis-plastiksaecken\\\/\"},\"wordCount\":427,\"commentCount\":0,\"publisher\":{\"@id\":\"https:\\\/\\\/www.organisator.ch\\\/#organization\"},\"image\":{\"@id\":\"https:\\\/\\\/www.organisator.ch\\\/fr\\\/general\\\/2016-09-22\\\/schluss-mit-gratis-plastiksaecken\\\/#primaryimage\"},\"thumbnailUrl\":\"https:\\\/\\\/www.organisator.ch\\\/wp-content\\\/uploads\\\/2016\\\/12\\\/Schluss-mit-Gratis-Plastiksaecken-umweltperspektiven-scaled.jpg\",\"keywords\":[\"Coop\",\"Detailh\u00e4ndler\",\"Plastik\",\"Plastiks\u00e4cke\"],\"articleSection\":[\"Allgemein\"],\"inLanguage\":\"en-US\"},{\"@type\":\"WebPage\",\"@id\":\"https:\\\/\\\/www.organisator.ch\\\/fr\\\/general\\\/2016-09-22\\\/schluss-mit-gratis-plastiksaecken\\\/\",\"url\":\"https:\\\/\\\/www.organisator.ch\\\/fr\\\/general\\\/2016-09-22\\\/schluss-mit-gratis-plastiksaecken\\\/\",\"name\":\"Schluss mit Gratis-Plastiks\u00e4cken - Organisator\",\"isPartOf\":{\"@id\":\"https:\\\/\\\/www.organisator.ch\\\/#website\"},\"primaryImageOfPage\":{\"@id\":\"https:\\\/\\\/www.organisator.ch\\\/fr\\\/general\\\/2016-09-22\\\/schluss-mit-gratis-plastiksaecken\\\/#primaryimage\"},\"image\":{\"@id\":\"https:\\\/\\\/www.organisator.ch\\\/fr\\\/general\\\/2016-09-22\\\/schluss-mit-gratis-plastiksaecken\\\/#primaryimage\"},\"thumbnailUrl\":\"https:\\\/\\\/www.organisator.ch\\\/wp-content\\\/uploads\\\/2016\\\/12\\\/Schluss-mit-Gratis-Plastiksaecken-umweltperspektiven-scaled.jpg\",\"datePublished\":\"2016-09-22T14:17:24+00:00\",\"description\":\"Coop prescht voran und setzt die Branchenvereinbarung der Detailh\u00e4ndler zu den Wegwerfs\u00e4cken um: Diese kosten k\u00fcnftig 5 Rappen.\",\"breadcrumb\":{\"@id\":\"https:\\\/\\\/www.organisator.ch\\\/fr\\\/general\\\/2016-09-22\\\/schluss-mit-gratis-plastiksaecken\\\/#breadcrumb\"},\"inLanguage\":\"en-US\",\"potentialAction\":[{\"@type\":\"ReadAction\",\"target\":[\"https:\\\/\\\/www.organisator.ch\\\/fr\\\/general\\\/2016-09-22\\\/schluss-mit-gratis-plastiksaecken\\\/\"]}]},{\"@type\":\"ImageObject\",\"inLanguage\":\"en-US\",\"@id\":\"https:\\\/\\\/www.organisator.ch\\\/fr\\\/general\\\/2016-09-22\\\/schluss-mit-gratis-plastiksaecken\\\/#primaryimage\",\"url\":\"https:\\\/\\\/www.organisator.ch\\\/wp-content\\\/uploads\\\/2016\\\/12\\\/Schluss-mit-Gratis-Plastiksaecken-umweltperspektiven-scaled.jpg\",\"contentUrl\":\"https:\\\/\\\/www.organisator.ch\\\/wp-content\\\/uploads\\\/2016\\\/12\\\/Schluss-mit-Gratis-Plastiksaecken-umweltperspektiven-scaled.jpg\",\"width\":2560,\"height\":1707,\"caption\":\"An der Coop-Kasse gibt es k\u00fcnftig keine Gratiss\u00e4cke mehr. (Bild: Coop)\"},{\"@type\":\"BreadcrumbList\",\"@id\":\"https:\\\/\\\/www.organisator.ch\\\/fr\\\/general\\\/2016-09-22\\\/schluss-mit-gratis-plastiksaecken\\\/#breadcrumb\",\"itemListElement\":[{\"@type\":\"ListItem\",\"position\":1,\"name\":\"Home\",\"item\":\"https:\\\/\\\/www.organisator.ch\\\/\"},{\"@type\":\"ListItem\",\"position\":2,\"name\":\"Schluss mit Gratis-Plastiks\u00e4cken\"}]},{\"@type\":\"WebSite\",\"@id\":\"https:\\\/\\\/www.organisator.ch\\\/#website\",\"url\":\"https:\\\/\\\/www.organisator.ch\\\/\",\"name\":\"Organisator\",\"description\":\"Kompetent. Praxisnah. Der ORGANISATOR bereitet in 10 Ausgaben pro Jahr die wesentlichen Themen f\u00fcr F\u00fchrungskr\u00e4fte von KMU auf.\",\"publisher\":{\"@id\":\"https:\\\/\\\/www.organisator.ch\\\/#organization\"},\"potentialAction\":[{\"@type\":\"SearchAction\",\"target\":{\"@type\":\"EntryPoint\",\"urlTemplate\":\"https:\\\/\\\/www.organisator.ch\\\/?s={search_term_string}\"},\"query-input\":{\"@type\":\"PropertyValueSpecification\",\"valueRequired\":true,\"valueName\":\"search_term_string\"}}],\"inLanguage\":\"en-US\"},{\"@type\":\"Organization\",\"@id\":\"https:\\\/\\\/www.organisator.ch\\\/#organization\",\"name\":\"Organisator\",\"url\":\"https:\\\/\\\/www.organisator.ch\\\/\",\"logo\":{\"@type\":\"ImageObject\",\"inLanguage\":\"en-US\",\"@id\":\"https:\\\/\\\/www.organisator.ch\\\/#\\\/schema\\\/logo\\\/image\\\/\",\"url\":\"https:\\\/\\\/www.organisator.ch\\\/wp-content\\\/uploads\\\/2022\\\/01\\\/Logo_Organisator_Website.png\",\"contentUrl\":\"https:\\\/\\\/www.organisator.ch\\\/wp-content\\\/uploads\\\/2022\\\/01\\\/Logo_Organisator_Website.png\",\"width\":800,\"height\":77,\"caption\":\"Organisator\"},\"image\":{\"@id\":\"https:\\\/\\\/www.organisator.ch\\\/#\\\/schema\\\/logo\\\/image\\\/\"},\"sameAs\":[\"https:\\\/\\\/www.facebook.com\\\/OrganisatorFachmagazin\",\"https:\\\/\\\/www.linkedin.com\\\/showcase\\\/organisator-das-magazin-fr-kmu\",\"https:\\\/\\\/www.xing.com\\\/news\\\/pages\\\/organisator-ch-695\",\"https:\\\/\\\/www.youtube.com\\\/channel\\\/UCGP2Sq0iWaZwT3BdIAQFYpw\"]},{\"@type\":\"Person\",\"@id\":\"https:\\\/\\\/www.organisator.ch\\\/#\\\/schema\\\/person\\\/aa2bace6c5c5aad60102004a50c4eb1c\",\"name\":\"admin\",\"image\":{\"@type\":\"ImageObject\",\"inLanguage\":\"en-US\",\"@id\":\"https:\\\/\\\/secure.gravatar.com\\\/avatar\\\/ae2f4d718e6c49043e314ce431e7e645d646302a24a5ef5a8bc8e3f5a032e319?s=96&d=mm&r=g\",\"url\":\"https:\\\/\\\/secure.gravatar.com\\\/avatar\\\/ae2f4d718e6c49043e314ce431e7e645d646302a24a5ef5a8bc8e3f5a032e319?s=96&d=mm&r=g\",\"contentUrl\":\"https:\\\/\\\/secure.gravatar.com\\\/avatar\\\/ae2f4d718e6c49043e314ce431e7e645d646302a24a5ef5a8bc8e3f5a032e319?s=96&d=mm&r=g\",\"caption\":\"admin\"},\"sameAs\":[\"https:\\\/\\\/www.organisator.ch\"],\"url\":\"https:\\\/\\\/www.organisator.ch\\\/en\\\/author\\\/admin\\\/\"}]}<\/script>\n<!-- \/ Yoast SEO plugin. -->","yoast_head_json":{"title":"Put an end to free plastic bags - organizer","description":"Coop is forging ahead and implementing the retailers' industry agreement on disposable bags: In the future, these will cost 5 centimes.","robots":{"index":"index","follow":"follow","max-snippet":"max-snippet:-1","max-image-preview":"max-image-preview:large","max-video-preview":"max-video-preview:-1"},"canonical":"https:\/\/www.organisator.ch\/en\/general\/2016-09-22\/schluss-mit-gratis-plastiksaecken\/","og_locale":"en_US","og_type":"article","og_title":"Schluss mit Gratis-Plastiks\u00e4cken - Organisator","og_description":"Coop prescht voran und setzt die Branchenvereinbarung der Detailh\u00e4ndler zu den Wegwerfs\u00e4cken um: Diese kosten k\u00fcnftig 5 Rappen.","og_url":"https:\/\/www.organisator.ch\/en\/general\/2016-09-22\/schluss-mit-gratis-plastiksaecken\/","og_site_name":"Organisator","article_publisher":"https:\/\/www.facebook.com\/OrganisatorFachmagazin","article_published_time":"2016-09-22T14:17:24+00:00","og_image":[{"width":2560,"height":1707,"url":"https:\/\/www.organisator.ch\/wp-content\/uploads\/2016\/12\/Schluss-mit-Gratis-Plastiksaecken-umweltperspektiven-scaled.jpg","type":"image\/jpeg"}],"author":"admin","twitter_card":"summary_large_image","schema":{"@context":"https:\/\/schema.org","@graph":[{"@type":"Article","@id":"https:\/\/www.organisator.ch\/fr\/general\/2016-09-22\/schluss-mit-gratis-plastiksaecken\/#article","isPartOf":{"@id":"https:\/\/www.organisator.ch\/fr\/general\/2016-09-22\/schluss-mit-gratis-plastiksaecken\/"},"author":{"name":"admin","@id":"https:\/\/www.organisator.ch\/#\/schema\/person\/aa2bace6c5c5aad60102004a50c4eb1c"},"headline":"Schluss mit Gratis-Plastiks\u00e4cken","datePublished":"2016-09-22T14:17:24+00:00","mainEntityOfPage":{"@id":"https:\/\/www.organisator.ch\/fr\/general\/2016-09-22\/schluss-mit-gratis-plastiksaecken\/"},"wordCount":427,"commentCount":0,"publisher":{"@id":"https:\/\/www.organisator.ch\/#organization"},"image":{"@id":"https:\/\/www.organisator.ch\/fr\/general\/2016-09-22\/schluss-mit-gratis-plastiksaecken\/#primaryimage"},"thumbnailUrl":"https:\/\/www.organisator.ch\/wp-content\/uploads\/2016\/12\/Schluss-mit-Gratis-Plastiksaecken-umweltperspektiven-scaled.jpg","keywords":["Coop","Detailh\u00e4ndler","Plastik","Plastiks\u00e4cke"],"articleSection":["Allgemein"],"inLanguage":"en-US"},{"@type":"WebPage","@id":"https:\/\/www.organisator.ch\/fr\/general\/2016-09-22\/schluss-mit-gratis-plastiksaecken\/","url":"https:\/\/www.organisator.ch\/fr\/general\/2016-09-22\/schluss-mit-gratis-plastiksaecken\/","name":"Put an end to free plastic bags - organizer","isPartOf":{"@id":"https:\/\/www.organisator.ch\/#website"},"primaryImageOfPage":{"@id":"https:\/\/www.organisator.ch\/fr\/general\/2016-09-22\/schluss-mit-gratis-plastiksaecken\/#primaryimage"},"image":{"@id":"https:\/\/www.organisator.ch\/fr\/general\/2016-09-22\/schluss-mit-gratis-plastiksaecken\/#primaryimage"},"thumbnailUrl":"https:\/\/www.organisator.ch\/wp-content\/uploads\/2016\/12\/Schluss-mit-Gratis-Plastiksaecken-umweltperspektiven-scaled.jpg","datePublished":"2016-09-22T14:17:24+00:00","description":"Coop is forging ahead and implementing the retailers' industry agreement on disposable bags: In the future, these will cost 5 centimes.","breadcrumb":{"@id":"https:\/\/www.organisator.ch\/fr\/general\/2016-09-22\/schluss-mit-gratis-plastiksaecken\/#breadcrumb"},"inLanguage":"en-US","potentialAction":[{"@type":"ReadAction","target":["https:\/\/www.organisator.ch\/fr\/general\/2016-09-22\/schluss-mit-gratis-plastiksaecken\/"]}]},{"@type":"ImageObject","inLanguage":"en-US","@id":"https:\/\/www.organisator.ch\/fr\/general\/2016-09-22\/schluss-mit-gratis-plastiksaecken\/#primaryimage","url":"https:\/\/www.organisator.ch\/wp-content\/uploads\/2016\/12\/Schluss-mit-Gratis-Plastiksaecken-umweltperspektiven-scaled.jpg","contentUrl":"https:\/\/www.organisator.ch\/wp-content\/uploads\/2016\/12\/Schluss-mit-Gratis-Plastiksaecken-umweltperspektiven-scaled.jpg","width":2560,"height":1707,"caption":"An der Coop-Kasse gibt es k\u00fcnftig keine Gratiss\u00e4cke mehr. (Bild: Coop)"},{"@type":"BreadcrumbList","@id":"https:\/\/www.organisator.ch\/fr\/general\/2016-09-22\/schluss-mit-gratis-plastiksaecken\/#breadcrumb","itemListElement":[{"@type":"ListItem","position":1,"name":"Home","item":"https:\/\/www.organisator.ch\/"},{"@type":"ListItem","position":2,"name":"Schluss mit Gratis-Plastiks\u00e4cken"}]},{"@type":"WebSite","@id":"https:\/\/www.organisator.ch\/#website","url":"https:\/\/www.organisator.ch\/","name":"Organizer","description":"Competent. Practical. In 10 issues per year, ORGANISATOR presents the essential topics for managers of SMEs.","publisher":{"@id":"https:\/\/www.organisator.ch\/#organization"},"potentialAction":[{"@type":"SearchAction","target":{"@type":"EntryPoint","urlTemplate":"https:\/\/www.organisator.ch\/?s={search_term_string}"},"query-input":{"@type":"PropertyValueSpecification","valueRequired":true,"valueName":"search_term_string"}}],"inLanguage":"en-US"},{"@type":"Organization","@id":"https:\/\/www.organisator.ch\/#organization","name":"Organizer","url":"https:\/\/www.organisator.ch\/","logo":{"@type":"ImageObject","inLanguage":"en-US","@id":"https:\/\/www.organisator.ch\/#\/schema\/logo\/image\/","url":"https:\/\/www.organisator.ch\/wp-content\/uploads\/2022\/01\/Logo_Organisator_Website.png","contentUrl":"https:\/\/www.organisator.ch\/wp-content\/uploads\/2022\/01\/Logo_Organisator_Website.png","width":800,"height":77,"caption":"Organisator"},"image":{"@id":"https:\/\/www.organisator.ch\/#\/schema\/logo\/image\/"},"sameAs":["https:\/\/www.facebook.com\/OrganisatorFachmagazin","https:\/\/www.linkedin.com\/showcase\/organisator-das-magazin-fr-kmu","https:\/\/www.xing.com\/news\/pages\/organisator-ch-695","https:\/\/www.youtube.com\/channel\/UCGP2Sq0iWaZwT3BdIAQFYpw"]},{"@type":"Person","@id":"https:\/\/www.organisator.ch\/#\/schema\/person\/aa2bace6c5c5aad60102004a50c4eb1c","name":"admin","image":{"@type":"ImageObject","inLanguage":"en-US","@id":"https:\/\/secure.gravatar.com\/avatar\/ae2f4d718e6c49043e314ce431e7e645d646302a24a5ef5a8bc8e3f5a032e319?s=96&d=mm&r=g","url":"https:\/\/secure.gravatar.com\/avatar\/ae2f4d718e6c49043e314ce431e7e645d646302a24a5ef5a8bc8e3f5a032e319?s=96&d=mm&r=g","contentUrl":"https:\/\/secure.gravatar.com\/avatar\/ae2f4d718e6c49043e314ce431e7e645d646302a24a5ef5a8bc8e3f5a032e319?s=96&d=mm&r=g","caption":"admin"},"sameAs":["https:\/\/www.organisator.ch"],"url":"https:\/\/www.organisator.ch\/en\/author\/admin\/"}]}},"_links":{"self":[{"href":"https:\/\/www.organisator.ch\/en\/wp-json\/wp\/v2\/posts\/529","targetHints":{"allow":["GET"]}}],"collection":[{"href":"https:\/\/www.organisator.ch\/en\/wp-json\/wp\/v2\/posts"}],"about":[{"href":"https:\/\/www.organisator.ch\/en\/wp-json\/wp\/v2\/types\/post"}],"author":[{"embeddable":true,"href":"https:\/\/www.organisator.ch\/en\/wp-json\/wp\/v2\/users\/1"}],"replies":[{"embeddable":true,"href":"https:\/\/www.organisator.ch\/en\/wp-json\/wp\/v2\/comments?post=529"}],"version-history":[{"count":0,"href":"https:\/\/www.organisator.ch\/en\/wp-json\/wp\/v2\/posts\/529\/revisions"}],"wp:featuredmedia":[{"embeddable":true,"href":"https:\/\/www.organisator.ch\/en\/wp-json\/wp\/v2\/media\/530"}],"wp:attachment":[{"href":"https:\/\/www.organisator.ch\/en\/wp-json\/wp\/v2\/media?parent=529"}],"wp:term":[{"taxonomy":"category","embeddable":true,"href":"https:\/\/www.organisator.ch\/en\/wp-json\/wp\/v2\/categories?post=529"},{"taxonomy":"post_tag","embeddable":true,"href":"https:\/\/www.organisator.ch\/en\/wp-json\/wp\/v2\/tags?post=529"}],"curies":[{"name":"wp","href":"https:\/\/api.w.org\/{rel}","templated":true}]}}