{"id":5291,"date":"2019-05-23T08:06:20","date_gmt":"2019-05-23T06:06:20","guid":{"rendered":"https:\/\/www.organisator.ch\/?p=5291"},"modified":"2019-05-23T08:06:20","modified_gmt":"2019-05-23T06:06:20","slug":"10-ausgabe-der-las-konferenz-mit-rekordteilnehmerzahl","status":"publish","type":"post","link":"https:\/\/www.organisator.ch\/en\/management\/it\/2019-05-23\/10-ausgabe-der-las-konferenz-mit-rekordteilnehmerzahl\/","title":{"rendered":"10th edition of LAS conference with record number of participants"},"content":{"rendered":"<figure id=\"attachment_5292\" aria-describedby=\"caption-attachment-5292\" style=\"width: 680px\" class=\"wp-caption alignnone\"><img loading=\"lazy\" decoding=\"async\" class=\"size-medium wp-image-5292\" src=\"https:\/\/www.organisator.ch\/wp-content\/uploads\/2019\/05\/10-Ausgabe-der-LAS-Konferenz-mit-Rekordteilnehmerzahl_Organisator.jpg\" alt=\"\" width=\"680\" height=\"453\" srcset=\"https:\/\/www.organisator.ch\/wp-content\/uploads\/2019\/05\/10-Ausgabe-der-LAS-Konferenz-mit-Rekordteilnehmerzahl_Organisator.jpg 680w, https:\/\/www.organisator.ch\/wp-content\/uploads\/2019\/05\/10-Ausgabe-der-LAS-Konferenz-mit-Rekordteilnehmerzahl_Organisator-16x12.jpg 16w, https:\/\/www.organisator.ch\/wp-content\/uploads\/2019\/05\/10-Ausgabe-der-LAS-Konferenz-mit-Rekordteilnehmerzahl_Organisator-263x175.jpg 263w, https:\/\/www.organisator.ch\/wp-content\/uploads\/2019\/05\/10-Ausgabe-der-LAS-Konferenz-mit-Rekordteilnehmerzahl_Organisator-525x350.jpg 525w, https:\/\/www.organisator.ch\/wp-content\/uploads\/2019\/05\/10-Ausgabe-der-LAS-Konferenz-mit-Rekordteilnehmerzahl_Organisator-300x200.jpg 300w\" sizes=\"auto, (max-width: 680px) 100vw, 680px\" \/><figcaption id=\"caption-attachment-5292\" class=\"wp-caption-text\">Franz R\u00f6\u00f6sli during his keynote at this year's LAS conference. (Image: Sandra Blaser)<\/figcaption><\/figure>\n<p>How do you go about agile transformation the right way? What are the hurdles? Where are the showcase examples? At the <a href=\"https:\/\/lean-agile-scrum.ch\/de\/\">LAS Conference 2019<\/a> there were many answers to all these questions. The LAS conference is the annual event of the swissICT Lean, Agile and Scrum specialist group. This specialist group holds Agile Breakfasts in various cities in Switzerland, in Basel, Bern, Lucerne, St. Gallen and Zurich. The Agile Breakfasts provide a platform to bring together like-minded people, interested parties and the curious on topics related to agile, so that they can grow together into a Switzerland-wide community and unite to form a comprehensive network.<\/p>\n<p>At this year's event, which for once lasted two days, solutions were developed and discussed in workshops. Tweets were posted every minute. Under the hashtag #LASX and on the account @swissICT, interested parties can review the conference.<\/p>\n<h2>Agility unleashes potential<\/h2>\n<p>Damian Hughes, keynote speaker on the 1st day of the conference, captivated the audience with an inspiring keynote entitled \"The Psychology of a winning mindset\". His tips are insightful and practical: \"Simplicity is critical to success, especially in business communications. No one wants to hear corporate bullshit, yet use simple and everyday language.\"<\/p>\n<p>In the first keynote on the 2nd day of the conference, Franz R\u00f6\u00f6sli from ZHAW spoke on the topic of \"Beyond Budgeting\". He did not spare with crisp quotes: \"Budgets today often contradict the purpose of the company.\" Or: \"Employees who are not engaged are idle potential!\" The subsequent in-depth discussion with the audience showed that R\u00f6\u00f6sli had hit a sore spot.<\/p>\n<h2>Recipes for success and painful processes<\/h2>\n<p>The often painful process of agile transformation was described by companies such as Swisscom Health, CSS and AXA. And Globus presented its vision of a department store that offers its entire product range for rent rather than for purchase.<\/p>\n<p>It is clear that companies do well when they start with the culture and the mindset. This can be read from the many tweets. Christian Bartsch's workshop on \"Agile into Burnout\" also met with great interest.<\/p>","protected":false},"excerpt":{"rendered":"<p>Wie geht man die agile Transformation richtig an? Was sind die H\u00fcrden? Wo sind die Vorzeige-Beispiele? An der LAS-Konferenz 2019 gab es auf all diese Fragen ganz viele Antworten. Die LAS-Konferenz ist die j\u00e4hrliche stattfindende Veranstaltung der swissICT Fachgruppe Lean, Agile und Scrum. Diese Fachgruppe f\u00fchrt in verschiedenen St\u00e4dten der Schweiz, in Basel, Bern, Luzern, [&hellip;]<\/p>\n","protected":false},"author":4,"featured_media":5292,"comment_status":"open","ping_status":"open","sticky":false,"template":"","format":"standard","meta":{"_acf_changed":false,"_yoast_wpseo_focuskw":"LAS-Konferenz","_yoast_wpseo_metadesc":"\u00dcber 200 Besucherinnen und Besucher haben am 21. und 22. Mai die Lean, Agile & Scrum Jubil\u00e4ums-Konferenz von swissICT in Z\u00fcrich besucht.","articlekey":"","footnotes":""},"categories":[27],"tags":[156,193,286,502],"class_list":["post-5291","post","type-post","status-publish","format-standard","has-post-thumbnail","hentry","category-it","tag-digitalisierung","tag-fachkongressfachmesse","tag-it","tag-veranstaltungen"],"acf":[],"yoast_head":"<!-- This site is optimized with the Yoast SEO plugin v27.4 - https:\/\/yoast.com\/product\/yoast-seo-wordpress\/ -->\n<title>10. Ausgabe der LAS-Konferenz mit Rekordteilnehmerzahl - Organisator<\/title>\n<meta name=\"description\" content=\"\u00dcber 200 Besucherinnen und Besucher haben am 21. und 22. Mai die Lean, Agile &amp; Scrum Jubil\u00e4ums-Konferenz von swissICT in Z\u00fcrich besucht.\" \/>\n<meta name=\"robots\" content=\"index, follow, max-snippet:-1, max-image-preview:large, max-video-preview:-1\" \/>\n<link rel=\"canonical\" href=\"https:\/\/www.organisator.ch\/en\/management\/it\/2019-05-23\/10-ausgabe-der-las-konferenz-mit-rekordteilnehmerzahl\/\" \/>\n<meta property=\"og:locale\" content=\"en_US\" \/>\n<meta property=\"og:type\" content=\"article\" \/>\n<meta property=\"og:title\" content=\"10. Ausgabe der LAS-Konferenz mit Rekordteilnehmerzahl\" \/>\n<meta property=\"og:description\" content=\"\u00dcber 200 Besucherinnen und Besucher haben am 21. und 22. Mai die Lean, Agile &amp; Scrum Jubil\u00e4ums-Konferenz von swissICT in Z\u00fcrich besucht.\" \/>\n<meta property=\"og:url\" content=\"https:\/\/www.organisator.ch\/en\/management\/it\/2019-05-23\/10-ausgabe-der-las-konferenz-mit-rekordteilnehmerzahl\/\" \/>\n<meta property=\"og:site_name\" content=\"Organisator\" \/>\n<meta property=\"article:publisher\" content=\"https:\/\/www.facebook.com\/OrganisatorFachmagazin\" \/>\n<meta property=\"article:published_time\" content=\"2019-05-23T06:06:20+00:00\" \/>\n<meta property=\"og:image\" content=\"https:\/\/www.organisator.ch\/wp-content\/uploads\/2019\/05\/10-Ausgabe-der-LAS-Konferenz-mit-Rekordteilnehmerzahl_Organisator.jpg\" \/>\n\t<meta property=\"og:image:width\" content=\"680\" \/>\n\t<meta property=\"og:image:height\" content=\"453\" \/>\n\t<meta property=\"og:image:type\" content=\"image\/jpeg\" \/>\n<meta name=\"author\" content=\"thomas.berner\" \/>\n<meta name=\"twitter:card\" content=\"summary_large_image\" \/>\n<meta name=\"twitter:title\" content=\"10. Ausgabe der #LAS-Konferenz mit Rekordteilnehmerzahl\" \/>\n<meta name=\"twitter:description\" content=\"\u00dcber 200 Besucherinnen und Besucher haben am 21. und 22. Mai die Lean, Agile &amp; Scrum Jubil\u00e4ums-Konferenz von #swissICT in Z\u00fcrich besucht.\" \/>\n<meta name=\"twitter:image\" content=\"https:\/\/www.organisator.ch\/wp-content\/uploads\/2019\/05\/10-Ausgabe-der-LAS-Konferenz-mit-Rekordteilnehmerzahl_Organisator.jpg\" \/>\n<script type=\"application\/ld+json\" class=\"yoast-schema-graph\">{\"@context\":\"https:\\\/\\\/schema.org\",\"@graph\":[{\"@type\":\"Article\",\"@id\":\"https:\\\/\\\/www.organisator.ch\\\/management\\\/it\\\/2019-05-23\\\/10-ausgabe-der-las-konferenz-mit-rekordteilnehmerzahl\\\/#article\",\"isPartOf\":{\"@id\":\"https:\\\/\\\/www.organisator.ch\\\/management\\\/it\\\/2019-05-23\\\/10-ausgabe-der-las-konferenz-mit-rekordteilnehmerzahl\\\/\"},\"author\":{\"name\":\"thomas.berner\",\"@id\":\"https:\\\/\\\/www.organisator.ch\\\/#\\\/schema\\\/person\\\/6f650f90b2842cd4c0cc334b4e36f67e\"},\"headline\":\"10. Ausgabe der LAS-Konferenz mit Rekordteilnehmerzahl\",\"datePublished\":\"2019-05-23T06:06:20+00:00\",\"mainEntityOfPage\":{\"@id\":\"https:\\\/\\\/www.organisator.ch\\\/management\\\/it\\\/2019-05-23\\\/10-ausgabe-der-las-konferenz-mit-rekordteilnehmerzahl\\\/\"},\"wordCount\":370,\"commentCount\":0,\"publisher\":{\"@id\":\"https:\\\/\\\/www.organisator.ch\\\/#organization\"},\"image\":{\"@id\":\"https:\\\/\\\/www.organisator.ch\\\/management\\\/it\\\/2019-05-23\\\/10-ausgabe-der-las-konferenz-mit-rekordteilnehmerzahl\\\/#primaryimage\"},\"thumbnailUrl\":\"https:\\\/\\\/www.organisator.ch\\\/wp-content\\\/uploads\\\/2019\\\/05\\\/10-Ausgabe-der-LAS-Konferenz-mit-Rekordteilnehmerzahl_Organisator.jpg\",\"keywords\":[\"Digitalisierung\",\"Fachkongress\\\/Fachmesse\",\"IT\",\"Veranstaltungen\"],\"articleSection\":[\"IT\"],\"inLanguage\":\"en-US\"},{\"@type\":\"WebPage\",\"@id\":\"https:\\\/\\\/www.organisator.ch\\\/management\\\/it\\\/2019-05-23\\\/10-ausgabe-der-las-konferenz-mit-rekordteilnehmerzahl\\\/\",\"url\":\"https:\\\/\\\/www.organisator.ch\\\/management\\\/it\\\/2019-05-23\\\/10-ausgabe-der-las-konferenz-mit-rekordteilnehmerzahl\\\/\",\"name\":\"10. Ausgabe der LAS-Konferenz mit Rekordteilnehmerzahl - Organisator\",\"isPartOf\":{\"@id\":\"https:\\\/\\\/www.organisator.ch\\\/#website\"},\"primaryImageOfPage\":{\"@id\":\"https:\\\/\\\/www.organisator.ch\\\/management\\\/it\\\/2019-05-23\\\/10-ausgabe-der-las-konferenz-mit-rekordteilnehmerzahl\\\/#primaryimage\"},\"image\":{\"@id\":\"https:\\\/\\\/www.organisator.ch\\\/management\\\/it\\\/2019-05-23\\\/10-ausgabe-der-las-konferenz-mit-rekordteilnehmerzahl\\\/#primaryimage\"},\"thumbnailUrl\":\"https:\\\/\\\/www.organisator.ch\\\/wp-content\\\/uploads\\\/2019\\\/05\\\/10-Ausgabe-der-LAS-Konferenz-mit-Rekordteilnehmerzahl_Organisator.jpg\",\"datePublished\":\"2019-05-23T06:06:20+00:00\",\"description\":\"\u00dcber 200 Besucherinnen und Besucher haben am 21. und 22. Mai die Lean, Agile & Scrum Jubil\u00e4ums-Konferenz von swissICT in Z\u00fcrich besucht.\",\"breadcrumb\":{\"@id\":\"https:\\\/\\\/www.organisator.ch\\\/management\\\/it\\\/2019-05-23\\\/10-ausgabe-der-las-konferenz-mit-rekordteilnehmerzahl\\\/#breadcrumb\"},\"inLanguage\":\"en-US\",\"potentialAction\":[{\"@type\":\"ReadAction\",\"target\":[\"https:\\\/\\\/www.organisator.ch\\\/management\\\/it\\\/2019-05-23\\\/10-ausgabe-der-las-konferenz-mit-rekordteilnehmerzahl\\\/\"]}]},{\"@type\":\"ImageObject\",\"inLanguage\":\"en-US\",\"@id\":\"https:\\\/\\\/www.organisator.ch\\\/management\\\/it\\\/2019-05-23\\\/10-ausgabe-der-las-konferenz-mit-rekordteilnehmerzahl\\\/#primaryimage\",\"url\":\"https:\\\/\\\/www.organisator.ch\\\/wp-content\\\/uploads\\\/2019\\\/05\\\/10-Ausgabe-der-LAS-Konferenz-mit-Rekordteilnehmerzahl_Organisator.jpg\",\"contentUrl\":\"https:\\\/\\\/www.organisator.ch\\\/wp-content\\\/uploads\\\/2019\\\/05\\\/10-Ausgabe-der-LAS-Konferenz-mit-Rekordteilnehmerzahl_Organisator.jpg\",\"width\":680,\"height\":453,\"caption\":\"Franz R\u00f6\u00f6sli bei seiner Keynote an der diesj\u00e4hrigen LAS-Konferenz. (Bild: Sandra Blaser)\"},{\"@type\":\"BreadcrumbList\",\"@id\":\"https:\\\/\\\/www.organisator.ch\\\/management\\\/it\\\/2019-05-23\\\/10-ausgabe-der-las-konferenz-mit-rekordteilnehmerzahl\\\/#breadcrumb\",\"itemListElement\":[{\"@type\":\"ListItem\",\"position\":1,\"name\":\"Home\",\"item\":\"https:\\\/\\\/www.organisator.ch\\\/\"},{\"@type\":\"ListItem\",\"position\":2,\"name\":\"10. Ausgabe der LAS-Konferenz mit Rekordteilnehmerzahl\"}]},{\"@type\":\"WebSite\",\"@id\":\"https:\\\/\\\/www.organisator.ch\\\/#website\",\"url\":\"https:\\\/\\\/www.organisator.ch\\\/\",\"name\":\"Organisator\",\"description\":\"Kompetent. Praxisnah. Der ORGANISATOR bereitet in 10 Ausgaben pro Jahr die wesentlichen Themen f\u00fcr F\u00fchrungskr\u00e4fte von KMU auf.\",\"publisher\":{\"@id\":\"https:\\\/\\\/www.organisator.ch\\\/#organization\"},\"potentialAction\":[{\"@type\":\"SearchAction\",\"target\":{\"@type\":\"EntryPoint\",\"urlTemplate\":\"https:\\\/\\\/www.organisator.ch\\\/?s={search_term_string}\"},\"query-input\":{\"@type\":\"PropertyValueSpecification\",\"valueRequired\":true,\"valueName\":\"search_term_string\"}}],\"inLanguage\":\"en-US\"},{\"@type\":\"Organization\",\"@id\":\"https:\\\/\\\/www.organisator.ch\\\/#organization\",\"name\":\"Organisator\",\"url\":\"https:\\\/\\\/www.organisator.ch\\\/\",\"logo\":{\"@type\":\"ImageObject\",\"inLanguage\":\"en-US\",\"@id\":\"https:\\\/\\\/www.organisator.ch\\\/#\\\/schema\\\/logo\\\/image\\\/\",\"url\":\"https:\\\/\\\/www.organisator.ch\\\/wp-content\\\/uploads\\\/2022\\\/01\\\/Logo_Organisator_Website.png\",\"contentUrl\":\"https:\\\/\\\/www.organisator.ch\\\/wp-content\\\/uploads\\\/2022\\\/01\\\/Logo_Organisator_Website.png\",\"width\":800,\"height\":77,\"caption\":\"Organisator\"},\"image\":{\"@id\":\"https:\\\/\\\/www.organisator.ch\\\/#\\\/schema\\\/logo\\\/image\\\/\"},\"sameAs\":[\"https:\\\/\\\/www.facebook.com\\\/OrganisatorFachmagazin\",\"https:\\\/\\\/www.linkedin.com\\\/showcase\\\/organisator-das-magazin-fr-kmu\",\"https:\\\/\\\/www.xing.com\\\/news\\\/pages\\\/organisator-ch-695\",\"https:\\\/\\\/www.youtube.com\\\/channel\\\/UCGP2Sq0iWaZwT3BdIAQFYpw\"]},{\"@type\":\"Person\",\"@id\":\"https:\\\/\\\/www.organisator.ch\\\/#\\\/schema\\\/person\\\/6f650f90b2842cd4c0cc334b4e36f67e\",\"name\":\"thomas.berner\",\"image\":{\"@type\":\"ImageObject\",\"inLanguage\":\"en-US\",\"@id\":\"https:\\\/\\\/secure.gravatar.com\\\/avatar\\\/ac5001d2a36cb6c6cd3e50789007ffca834b477b74a2144564522e944eabff61?s=96&d=mm&r=g\",\"url\":\"https:\\\/\\\/secure.gravatar.com\\\/avatar\\\/ac5001d2a36cb6c6cd3e50789007ffca834b477b74a2144564522e944eabff61?s=96&d=mm&r=g\",\"contentUrl\":\"https:\\\/\\\/secure.gravatar.com\\\/avatar\\\/ac5001d2a36cb6c6cd3e50789007ffca834b477b74a2144564522e944eabff61?s=96&d=mm&r=g\",\"caption\":\"thomas.berner\"},\"url\":\"https:\\\/\\\/www.organisator.ch\\\/en\\\/author\\\/thomas-berner\\\/\"}]}<\/script>\n<!-- \/ Yoast SEO plugin. -->","yoast_head_json":{"title":"10th edition of LAS conference with record number of participants - organizer","description":"More than 200 visitors attended the Lean, Agile &amp; Scrum anniversary conference of swissICT in Zurich on May 21 and 22.","robots":{"index":"index","follow":"follow","max-snippet":"max-snippet:-1","max-image-preview":"max-image-preview:large","max-video-preview":"max-video-preview:-1"},"canonical":"https:\/\/www.organisator.ch\/en\/management\/it\/2019-05-23\/10-ausgabe-der-las-konferenz-mit-rekordteilnehmerzahl\/","og_locale":"en_US","og_type":"article","og_title":"10. Ausgabe der LAS-Konferenz mit Rekordteilnehmerzahl","og_description":"\u00dcber 200 Besucherinnen und Besucher haben am 21. und 22. Mai die Lean, Agile & Scrum Jubil\u00e4ums-Konferenz von swissICT in Z\u00fcrich besucht.","og_url":"https:\/\/www.organisator.ch\/en\/management\/it\/2019-05-23\/10-ausgabe-der-las-konferenz-mit-rekordteilnehmerzahl\/","og_site_name":"Organisator","article_publisher":"https:\/\/www.facebook.com\/OrganisatorFachmagazin","article_published_time":"2019-05-23T06:06:20+00:00","og_image":[{"width":680,"height":453,"url":"https:\/\/www.organisator.ch\/wp-content\/uploads\/2019\/05\/10-Ausgabe-der-LAS-Konferenz-mit-Rekordteilnehmerzahl_Organisator.jpg","type":"image\/jpeg"}],"author":"thomas.berner","twitter_card":"summary_large_image","twitter_title":"10. Ausgabe der #LAS-Konferenz mit Rekordteilnehmerzahl","twitter_description":"\u00dcber 200 Besucherinnen und Besucher haben am 21. und 22. Mai die Lean, Agile & Scrum Jubil\u00e4ums-Konferenz von #swissICT in Z\u00fcrich besucht.","twitter_image":"https:\/\/www.organisator.ch\/wp-content\/uploads\/2019\/05\/10-Ausgabe-der-LAS-Konferenz-mit-Rekordteilnehmerzahl_Organisator.jpg","schema":{"@context":"https:\/\/schema.org","@graph":[{"@type":"Article","@id":"https:\/\/www.organisator.ch\/management\/it\/2019-05-23\/10-ausgabe-der-las-konferenz-mit-rekordteilnehmerzahl\/#article","isPartOf":{"@id":"https:\/\/www.organisator.ch\/management\/it\/2019-05-23\/10-ausgabe-der-las-konferenz-mit-rekordteilnehmerzahl\/"},"author":{"name":"thomas.berner","@id":"https:\/\/www.organisator.ch\/#\/schema\/person\/6f650f90b2842cd4c0cc334b4e36f67e"},"headline":"10. Ausgabe der LAS-Konferenz mit Rekordteilnehmerzahl","datePublished":"2019-05-23T06:06:20+00:00","mainEntityOfPage":{"@id":"https:\/\/www.organisator.ch\/management\/it\/2019-05-23\/10-ausgabe-der-las-konferenz-mit-rekordteilnehmerzahl\/"},"wordCount":370,"commentCount":0,"publisher":{"@id":"https:\/\/www.organisator.ch\/#organization"},"image":{"@id":"https:\/\/www.organisator.ch\/management\/it\/2019-05-23\/10-ausgabe-der-las-konferenz-mit-rekordteilnehmerzahl\/#primaryimage"},"thumbnailUrl":"https:\/\/www.organisator.ch\/wp-content\/uploads\/2019\/05\/10-Ausgabe-der-LAS-Konferenz-mit-Rekordteilnehmerzahl_Organisator.jpg","keywords":["Digitalisierung","Fachkongress\/Fachmesse","IT","Veranstaltungen"],"articleSection":["IT"],"inLanguage":"en-US"},{"@type":"WebPage","@id":"https:\/\/www.organisator.ch\/management\/it\/2019-05-23\/10-ausgabe-der-las-konferenz-mit-rekordteilnehmerzahl\/","url":"https:\/\/www.organisator.ch\/management\/it\/2019-05-23\/10-ausgabe-der-las-konferenz-mit-rekordteilnehmerzahl\/","name":"10th edition of LAS conference with record number of participants - organizer","isPartOf":{"@id":"https:\/\/www.organisator.ch\/#website"},"primaryImageOfPage":{"@id":"https:\/\/www.organisator.ch\/management\/it\/2019-05-23\/10-ausgabe-der-las-konferenz-mit-rekordteilnehmerzahl\/#primaryimage"},"image":{"@id":"https:\/\/www.organisator.ch\/management\/it\/2019-05-23\/10-ausgabe-der-las-konferenz-mit-rekordteilnehmerzahl\/#primaryimage"},"thumbnailUrl":"https:\/\/www.organisator.ch\/wp-content\/uploads\/2019\/05\/10-Ausgabe-der-LAS-Konferenz-mit-Rekordteilnehmerzahl_Organisator.jpg","datePublished":"2019-05-23T06:06:20+00:00","description":"More than 200 visitors attended the Lean, Agile &amp; Scrum anniversary conference of swissICT in Zurich on May 21 and 22.","breadcrumb":{"@id":"https:\/\/www.organisator.ch\/management\/it\/2019-05-23\/10-ausgabe-der-las-konferenz-mit-rekordteilnehmerzahl\/#breadcrumb"},"inLanguage":"en-US","potentialAction":[{"@type":"ReadAction","target":["https:\/\/www.organisator.ch\/management\/it\/2019-05-23\/10-ausgabe-der-las-konferenz-mit-rekordteilnehmerzahl\/"]}]},{"@type":"ImageObject","inLanguage":"en-US","@id":"https:\/\/www.organisator.ch\/management\/it\/2019-05-23\/10-ausgabe-der-las-konferenz-mit-rekordteilnehmerzahl\/#primaryimage","url":"https:\/\/www.organisator.ch\/wp-content\/uploads\/2019\/05\/10-Ausgabe-der-LAS-Konferenz-mit-Rekordteilnehmerzahl_Organisator.jpg","contentUrl":"https:\/\/www.organisator.ch\/wp-content\/uploads\/2019\/05\/10-Ausgabe-der-LAS-Konferenz-mit-Rekordteilnehmerzahl_Organisator.jpg","width":680,"height":453,"caption":"Franz R\u00f6\u00f6sli bei seiner Keynote an der diesj\u00e4hrigen LAS-Konferenz. (Bild: Sandra Blaser)"},{"@type":"BreadcrumbList","@id":"https:\/\/www.organisator.ch\/management\/it\/2019-05-23\/10-ausgabe-der-las-konferenz-mit-rekordteilnehmerzahl\/#breadcrumb","itemListElement":[{"@type":"ListItem","position":1,"name":"Home","item":"https:\/\/www.organisator.ch\/"},{"@type":"ListItem","position":2,"name":"10. Ausgabe der LAS-Konferenz mit Rekordteilnehmerzahl"}]},{"@type":"WebSite","@id":"https:\/\/www.organisator.ch\/#website","url":"https:\/\/www.organisator.ch\/","name":"Organizer","description":"Competent. Practical. In 10 issues per year, ORGANISATOR presents the essential topics for managers of SMEs.","publisher":{"@id":"https:\/\/www.organisator.ch\/#organization"},"potentialAction":[{"@type":"SearchAction","target":{"@type":"EntryPoint","urlTemplate":"https:\/\/www.organisator.ch\/?s={search_term_string}"},"query-input":{"@type":"PropertyValueSpecification","valueRequired":true,"valueName":"search_term_string"}}],"inLanguage":"en-US"},{"@type":"Organization","@id":"https:\/\/www.organisator.ch\/#organization","name":"Organizer","url":"https:\/\/www.organisator.ch\/","logo":{"@type":"ImageObject","inLanguage":"en-US","@id":"https:\/\/www.organisator.ch\/#\/schema\/logo\/image\/","url":"https:\/\/www.organisator.ch\/wp-content\/uploads\/2022\/01\/Logo_Organisator_Website.png","contentUrl":"https:\/\/www.organisator.ch\/wp-content\/uploads\/2022\/01\/Logo_Organisator_Website.png","width":800,"height":77,"caption":"Organisator"},"image":{"@id":"https:\/\/www.organisator.ch\/#\/schema\/logo\/image\/"},"sameAs":["https:\/\/www.facebook.com\/OrganisatorFachmagazin","https:\/\/www.linkedin.com\/showcase\/organisator-das-magazin-fr-kmu","https:\/\/www.xing.com\/news\/pages\/organisator-ch-695","https:\/\/www.youtube.com\/channel\/UCGP2Sq0iWaZwT3BdIAQFYpw"]},{"@type":"Person","@id":"https:\/\/www.organisator.ch\/#\/schema\/person\/6f650f90b2842cd4c0cc334b4e36f67e","name":"thomas.berner","image":{"@type":"ImageObject","inLanguage":"en-US","@id":"https:\/\/secure.gravatar.com\/avatar\/ac5001d2a36cb6c6cd3e50789007ffca834b477b74a2144564522e944eabff61?s=96&d=mm&r=g","url":"https:\/\/secure.gravatar.com\/avatar\/ac5001d2a36cb6c6cd3e50789007ffca834b477b74a2144564522e944eabff61?s=96&d=mm&r=g","contentUrl":"https:\/\/secure.gravatar.com\/avatar\/ac5001d2a36cb6c6cd3e50789007ffca834b477b74a2144564522e944eabff61?s=96&d=mm&r=g","caption":"thomas.berner"},"url":"https:\/\/www.organisator.ch\/en\/author\/thomas-berner\/"}]}},"_links":{"self":[{"href":"https:\/\/www.organisator.ch\/en\/wp-json\/wp\/v2\/posts\/5291","targetHints":{"allow":["GET"]}}],"collection":[{"href":"https:\/\/www.organisator.ch\/en\/wp-json\/wp\/v2\/posts"}],"about":[{"href":"https:\/\/www.organisator.ch\/en\/wp-json\/wp\/v2\/types\/post"}],"author":[{"embeddable":true,"href":"https:\/\/www.organisator.ch\/en\/wp-json\/wp\/v2\/users\/4"}],"replies":[{"embeddable":true,"href":"https:\/\/www.organisator.ch\/en\/wp-json\/wp\/v2\/comments?post=5291"}],"version-history":[{"count":0,"href":"https:\/\/www.organisator.ch\/en\/wp-json\/wp\/v2\/posts\/5291\/revisions"}],"wp:featuredmedia":[{"embeddable":true,"href":"https:\/\/www.organisator.ch\/en\/wp-json\/wp\/v2\/media\/5292"}],"wp:attachment":[{"href":"https:\/\/www.organisator.ch\/en\/wp-json\/wp\/v2\/media?parent=5291"}],"wp:term":[{"taxonomy":"category","embeddable":true,"href":"https:\/\/www.organisator.ch\/en\/wp-json\/wp\/v2\/categories?post=5291"},{"taxonomy":"post_tag","embeddable":true,"href":"https:\/\/www.organisator.ch\/en\/wp-json\/wp\/v2\/tags?post=5291"}],"curies":[{"name":"wp","href":"https:\/\/api.w.org\/{rel}","templated":true}]}}