{"id":5295,"date":"2019-05-24T14:40:03","date_gmt":"2019-05-24T12:40:03","guid":{"rendered":"https:\/\/www.organisator.ch\/?p=5295"},"modified":"2019-05-24T14:40:03","modified_gmt":"2019-05-24T12:40:03","slug":"normierung-verbindet-die-welt-jubilaeumsanlass-des-snv","status":"publish","type":"post","link":"https:\/\/www.organisator.ch\/en\/allgemein\/2019-05-24\/normierung-verbindet-die-welt-jubilaeumsanlass-des-snv\/","title":{"rendered":"\"Standardization connects the world\": SNV anniversary event"},"content":{"rendered":"<figure id=\"attachment_5296\" aria-describedby=\"caption-attachment-5296\" style=\"width: 680px\" class=\"wp-caption alignnone\"><img loading=\"lazy\" decoding=\"async\" class=\"size-medium wp-image-5296\" src=\"https:\/\/www.organisator.ch\/wp-content\/uploads\/2019\/05\/Normierung-verbindet-die-Welt-Jubilaeumsanlass-des-SNV-1_MQ.jpg\" alt=\"\" width=\"680\" height=\"453\" srcset=\"https:\/\/www.organisator.ch\/wp-content\/uploads\/2019\/05\/Normierung-verbindet-die-Welt-Jubilaeumsanlass-des-SNV-1_MQ.jpg 680w, https:\/\/www.organisator.ch\/wp-content\/uploads\/2019\/05\/Normierung-verbindet-die-Welt-Jubilaeumsanlass-des-SNV-1_MQ-16x12.jpg 16w, https:\/\/www.organisator.ch\/wp-content\/uploads\/2019\/05\/Normierung-verbindet-die-Welt-Jubilaeumsanlass-des-SNV-1_MQ-263x175.jpg 263w, https:\/\/www.organisator.ch\/wp-content\/uploads\/2019\/05\/Normierung-verbindet-die-Welt-Jubilaeumsanlass-des-SNV-1_MQ-525x350.jpg 525w, https:\/\/www.organisator.ch\/wp-content\/uploads\/2019\/05\/Normierung-verbindet-die-Welt-Jubilaeumsanlass-des-SNV-1_MQ-300x200.jpg 300w\" sizes=\"auto, (max-width: 680px) 100vw, 680px\" \/><figcaption id=\"caption-attachment-5296\" class=\"wp-caption-text\">Anniversary event of the SNV: 100 years under the sign of standardization. The performance of light artist Alex Dowis amazed the audience. (Image: SNV)<\/figcaption><\/figure>\n<p>The venue in the transformer hall in Baden was not chosen by chance. In 1919, transformers were manufactured there by the then BBC (now ABB). And it was BBC that founded the \"Swiss Standards Commission\" on July 2, 1919, together with other venerable Swiss industrial companies such as Sulzer or Escher-Wyss. The purpose: to create standards that would apply everywhere in industry.<\/p>\n<figure id=\"attachment_5297\" aria-describedby=\"caption-attachment-5297\" style=\"width: 680px\" class=\"wp-caption alignnone\"><img loading=\"lazy\" decoding=\"async\" class=\"size-medium wp-image-5297\" src=\"https:\/\/www.organisator.ch\/wp-content\/uploads\/2019\/05\/Normierung-verbindet-die-Welt-Jubilaeumsanlass-des-SNV-2_MQ.jpg\" alt=\"\" width=\"680\" height=\"375\" srcset=\"https:\/\/www.organisator.ch\/wp-content\/uploads\/2019\/05\/Normierung-verbindet-die-Welt-Jubilaeumsanlass-des-SNV-2_MQ.jpg 680w, https:\/\/www.organisator.ch\/wp-content\/uploads\/2019\/05\/Normierung-verbindet-die-Welt-Jubilaeumsanlass-des-SNV-2_MQ-16x9.jpg 16w, https:\/\/www.organisator.ch\/wp-content\/uploads\/2019\/05\/Normierung-verbindet-die-Welt-Jubilaeumsanlass-des-SNV-2_MQ-317x175.jpg 317w, https:\/\/www.organisator.ch\/wp-content\/uploads\/2019\/05\/Normierung-verbindet-die-Welt-Jubilaeumsanlass-des-SNV-2_MQ-635x350.jpg 635w, https:\/\/www.organisator.ch\/wp-content\/uploads\/2019\/05\/Normierung-verbindet-die-Welt-Jubilaeumsanlass-des-SNV-2_MQ-300x165.jpg 300w\" sizes=\"auto, (max-width: 680px) 100vw, 680px\" \/><figcaption id=\"caption-attachment-5297\" class=\"wp-caption-text\">SNV President J\u00fcrg Werner during his opening speech. (Image: Thomas Berner)<\/figcaption><\/figure>\n<p>Standards may be a dry, bureaucratic topic for many. Stefan Ramseier, head of the ABB Research Center in Baden-D\u00e4ttwil, emphasized in his welcoming address the necessity of communication when it comes to implementing necessary standards, which ultimately all have the goal of making our lives easier. Around 26000 standards are in force today, 1000 of which are purely Swiss standards.<\/p>\n<h2>5G standard for further networking<\/h2>\n<p>The fact that standards are not rigid systems but are subject to constant change was demonstrated at the SNV anniversary event in four \"Inspiration Sessions\" - each of which was held in a different room. So the audience had to move - just as industrial development does. One driver of technological development - and also a result of the same - is, for example, the 5G mobile communications standard, which Matthias Jungen from Swisscom explained. 5G not only forms the technological prerequisite for the Internet of Things, i.e. machine-to-machine communication, but also opens up new and more flexible possibilities for data transmission, for example through so-called \"network slicing\", whereby certain network areas can be reserved for specific purposes.<\/p>\n<h2>No \"innovation theater<\/h2>\n<p>There is also a lot of talk about innovation in connection with digitization. Jean-Philippe Hagmann exposed much of this as pure, albeit often unintentional, \"innovation theater. Many of these \"innovation labs\" or \"digital hubs\" are \"merely a backdrop,\" according to Hagmann, who has also written a book on the subject. He believes that many companies have a lot of catching up to do when it comes to innovation. Instead of \"ideas,\" it would be better to focus on \"discoveries. A better understanding of the innovation process is needed: \"Doing 'it' right before doing 'it' right,\" the speaker said. It is also important to clarify who should play which role in this \"innovation theater,\" he said. Hagmann sees the \"bridge builder\" as crucial here, i.e., the role that ensures that avant-gardists and enablers in an organization can also understand each other properly.<\/p>\n<figure id=\"attachment_5298\" aria-describedby=\"caption-attachment-5298\" style=\"width: 680px\" class=\"wp-caption alignnone\"><img loading=\"lazy\" decoding=\"async\" class=\"size-medium wp-image-5298\" src=\"https:\/\/www.organisator.ch\/wp-content\/uploads\/2019\/05\/Normierung-verbindet-die-Welt-Jubilaeumsanlass-des-SNV-3_MQ.jpg\" alt=\"\" width=\"680\" height=\"452\" srcset=\"https:\/\/www.organisator.ch\/wp-content\/uploads\/2019\/05\/Normierung-verbindet-die-Welt-Jubilaeumsanlass-des-SNV-3_MQ.jpg 680w, https:\/\/www.organisator.ch\/wp-content\/uploads\/2019\/05\/Normierung-verbindet-die-Welt-Jubilaeumsanlass-des-SNV-3_MQ-16x12.jpg 16w, https:\/\/www.organisator.ch\/wp-content\/uploads\/2019\/05\/Normierung-verbindet-die-Welt-Jubilaeumsanlass-des-SNV-3_MQ-263x175.jpg 263w, https:\/\/www.organisator.ch\/wp-content\/uploads\/2019\/05\/Normierung-verbindet-die-Welt-Jubilaeumsanlass-des-SNV-3_MQ-527x350.jpg 527w, https:\/\/www.organisator.ch\/wp-content\/uploads\/2019\/05\/Normierung-verbindet-die-Welt-Jubilaeumsanlass-des-SNV-3_MQ-300x199.jpg 300w\" sizes=\"auto, (max-width: 680px) 100vw, 680px\" \/><figcaption id=\"caption-attachment-5298\" class=\"wp-caption-text\">Book author and keynote speaker Jean-Philippe Hagmann pointed out stumbling blocks in innovation processes to the audience. (Image: Thomas Berner)<\/figcaption><\/figure>\n<h2>From drones and robots<\/h2>\n<p>In the large hall, the focus was then on an innovation that has long since become established in some cases: Around drones. These are already being used in a variety of ways today: As a means of transport, as an instrument for surveillance - wherever needs have to be covered from the air with little effort. However: Drones have also created new risks, as Dominique C. Brack impressively explained in his presentation. Espionage and even the paralysis of entire airports, as recently happened at London Gatwick, are scenarios of undesired drone operations. Defense measures for this are not yet fully developed, as Dominique C. Brack demonstrated by means of a \"shooting exercise\": two participants failed to shoot down a toy drone with toy rifles - despite appealing accuracy...<\/p>\n<figure id=\"attachment_5299\" aria-describedby=\"caption-attachment-5299\" style=\"width: 680px\" class=\"wp-caption alignnone\"><img loading=\"lazy\" decoding=\"async\" class=\"size-medium wp-image-5299\" src=\"https:\/\/www.organisator.ch\/wp-content\/uploads\/2019\/05\/Normierung-verbindet-die-Welt-Jubilaeumsanlass-des-SNV-4_MQ.jpg\" alt=\"\" width=\"680\" height=\"452\" srcset=\"https:\/\/www.organisator.ch\/wp-content\/uploads\/2019\/05\/Normierung-verbindet-die-Welt-Jubilaeumsanlass-des-SNV-4_MQ.jpg 680w, https:\/\/www.organisator.ch\/wp-content\/uploads\/2019\/05\/Normierung-verbindet-die-Welt-Jubilaeumsanlass-des-SNV-4_MQ-16x12.jpg 16w, https:\/\/www.organisator.ch\/wp-content\/uploads\/2019\/05\/Normierung-verbindet-die-Welt-Jubilaeumsanlass-des-SNV-4_MQ-263x175.jpg 263w, https:\/\/www.organisator.ch\/wp-content\/uploads\/2019\/05\/Normierung-verbindet-die-Welt-Jubilaeumsanlass-des-SNV-4_MQ-527x350.jpg 527w, https:\/\/www.organisator.ch\/wp-content\/uploads\/2019\/05\/Normierung-verbindet-die-Welt-Jubilaeumsanlass-des-SNV-4_MQ-300x199.jpg 300w\" sizes=\"auto, (max-width: 680px) 100vw, 680px\" \/><figcaption id=\"caption-attachment-5299\" class=\"wp-caption-text\">Also a topic at the SNV anniversary event: robotics. (Image: Thomas Berner)<\/figcaption><\/figure>\n<p>Robotics and electromobility were the topics of the last \"Inspiration Session\". Andreas Hufschmid and Adrian Wachholz showed how ABB, for example, already provides technologies in both areas that are used in industry and transportation. Always guided by the goal: to conserve resources - be they human or natural.<\/p>\n<p>After so much \"inspiration\", the SNV anniversary event came to a close with an impressive light painting show by light artist Alex Dowis from Prague and a \"Food Festival\".<\/p>\n<p><em>More information: <a href=\"http:\/\/www.snv.ch\">www.snv.ch<\/a><\/em><\/p>","protected":false},"excerpt":{"rendered":"<p>Der Veranstaltungsort in der Trafohalle in Baden war nicht zuf\u00e4llig gew\u00e4hlt. 1919 wurden dort von der damaligen BBC (heute ABB) Transformatoren hergestellt. Und die BBC war es auch, die am 2. Juli 1919 zusammen mit anderen altehrw\u00fcrdigen Schweizer Industrieunternehmen wie Sulzer oder Escher-Wyss die \u00abSchweizer Normalien-Kommission\u00bb gr\u00fcndete. Der Zweck: Standards zu schaffen, die \u00fcberall in [&hellip;]<\/p>\n","protected":false},"author":4,"featured_media":5296,"comment_status":"open","ping_status":"open","sticky":false,"template":"","format":"standard","meta":{"_acf_changed":false,"_yoast_wpseo_focuskw":"Jubil\u00e4umsanlass des SNV","_yoast_wpseo_metadesc":"Am 23. Mai 2019 beging die Schweizerische Normen-Vereinigung SNV in Baden ihren Jubil\u00e4umsanlass zum 100-j\u00e4hrigen Bestehen dieser Institution.","articlekey":"","footnotes":""},"categories":[1],"tags":[275,502,503],"class_list":["post-5295","post","type-post","status-publish","format-standard","has-post-thumbnail","hentry","category-allgemein","tag-institutionen","tag-veranstaltungen","tag-verbaende"],"acf":[],"yoast_head":"<!-- This site is optimized with the Yoast SEO plugin v27.4 - https:\/\/yoast.com\/product\/yoast-seo-wordpress\/ -->\n<title>\u00abNormung verbindet die Welt\u00bb: Jubil\u00e4umsanlass des SNV - Organisator<\/title>\n<meta name=\"description\" content=\"Am 23. Mai 2019 beging die Schweizerische Normen-Vereinigung SNV in Baden ihren Jubil\u00e4umsanlass zum 100-j\u00e4hrigen Bestehen dieser Institution.\" \/>\n<meta name=\"robots\" content=\"index, follow, max-snippet:-1, max-image-preview:large, max-video-preview:-1\" \/>\n<link rel=\"canonical\" href=\"https:\/\/www.organisator.ch\/en\/general\/2019-05-24\/normierung-verbindet-die-welt-jubilaeumsanlass-des-snv\/\" \/>\n<meta property=\"og:locale\" content=\"en_US\" \/>\n<meta property=\"og:type\" content=\"article\" \/>\n<meta property=\"og:title\" content=\"\u00abNormierung verbindet die Welt\u00bb: Jubil\u00e4umsanlass des SNV\" \/>\n<meta property=\"og:description\" content=\"Am 23. Mai 2019 beging die Schweizerische Normen-Vereinigung SNV in Baden ihren Jubil\u00e4umsanlass zum 100-j\u00e4hrigen Bestehen dieser Institution.\" \/>\n<meta property=\"og:url\" content=\"https:\/\/www.organisator.ch\/en\/general\/2019-05-24\/normierung-verbindet-die-welt-jubilaeumsanlass-des-snv\/\" \/>\n<meta property=\"og:site_name\" content=\"Organisator\" \/>\n<meta property=\"article:publisher\" content=\"https:\/\/www.facebook.com\/OrganisatorFachmagazin\" \/>\n<meta property=\"article:published_time\" content=\"2019-05-24T12:40:03+00:00\" \/>\n<meta property=\"og:image\" content=\"https:\/\/www.organisator.ch\/wp-content\/uploads\/2019\/05\/Normierung-verbindet-die-Welt-Jubilaeumsanlass-des-SNV-1_MQ.jpg\" \/>\n\t<meta property=\"og:image:width\" content=\"680\" \/>\n\t<meta property=\"og:image:height\" content=\"453\" \/>\n\t<meta property=\"og:image:type\" content=\"image\/jpeg\" \/>\n<meta name=\"author\" content=\"thomas.berner\" \/>\n<meta name=\"twitter:card\" content=\"summary_large_image\" \/>\n<meta name=\"twitter:title\" content=\"\u00abNormierung verbindet die Welt\u00bb: Jubil\u00e4umsanlass des #SNV\" \/>\n<meta name=\"twitter:description\" content=\"Am 23. Mai 2019 beging die Schweizerische #Normen-Vereinigung #SNV in Baden ihren Jubil\u00e4umsanlass zum 100-j\u00e4hrigen Bestehen dieser Institution.\" \/>\n<meta name=\"twitter:image\" content=\"https:\/\/www.organisator.ch\/wp-content\/uploads\/2019\/05\/Normierung-verbindet-die-Welt-Jubil\u00e4umsanlass-des-SNV-1_MQ.jpg\" \/>\n<script type=\"application\/ld+json\" class=\"yoast-schema-graph\">{\"@context\":\"https:\\\/\\\/schema.org\",\"@graph\":[{\"@type\":\"Article\",\"@id\":\"https:\\\/\\\/www.organisator.ch\\\/de\\\/allgemein\\\/2019-05-24\\\/normierung-verbindet-die-welt-jubilaeumsanlass-des-snv\\\/#article\",\"isPartOf\":{\"@id\":\"https:\\\/\\\/www.organisator.ch\\\/de\\\/allgemein\\\/2019-05-24\\\/normierung-verbindet-die-welt-jubilaeumsanlass-des-snv\\\/\"},\"author\":{\"name\":\"thomas.berner\",\"@id\":\"https:\\\/\\\/www.organisator.ch\\\/#\\\/schema\\\/person\\\/6f650f90b2842cd4c0cc334b4e36f67e\"},\"headline\":\"\u00abNormung verbindet die Welt\u00bb: Jubil\u00e4umsanlass des SNV\",\"datePublished\":\"2019-05-24T12:40:03+00:00\",\"mainEntityOfPage\":{\"@id\":\"https:\\\/\\\/www.organisator.ch\\\/de\\\/allgemein\\\/2019-05-24\\\/normierung-verbindet-die-welt-jubilaeumsanlass-des-snv\\\/\"},\"wordCount\":663,\"commentCount\":0,\"publisher\":{\"@id\":\"https:\\\/\\\/www.organisator.ch\\\/#organization\"},\"image\":{\"@id\":\"https:\\\/\\\/www.organisator.ch\\\/de\\\/allgemein\\\/2019-05-24\\\/normierung-verbindet-die-welt-jubilaeumsanlass-des-snv\\\/#primaryimage\"},\"thumbnailUrl\":\"https:\\\/\\\/www.organisator.ch\\\/wp-content\\\/uploads\\\/2019\\\/05\\\/Normierung-verbindet-die-Welt-Jubilaeumsanlass-des-SNV-1_MQ.jpg\",\"keywords\":[\"Institutionen\",\"Veranstaltungen\",\"Verb\u00e4nde\"],\"articleSection\":[\"Allgemein\"],\"inLanguage\":\"en-US\"},{\"@type\":\"WebPage\",\"@id\":\"https:\\\/\\\/www.organisator.ch\\\/de\\\/allgemein\\\/2019-05-24\\\/normierung-verbindet-die-welt-jubilaeumsanlass-des-snv\\\/\",\"url\":\"https:\\\/\\\/www.organisator.ch\\\/de\\\/allgemein\\\/2019-05-24\\\/normierung-verbindet-die-welt-jubilaeumsanlass-des-snv\\\/\",\"name\":\"\u00abNormung verbindet die Welt\u00bb: Jubil\u00e4umsanlass des SNV - Organisator\",\"isPartOf\":{\"@id\":\"https:\\\/\\\/www.organisator.ch\\\/#website\"},\"primaryImageOfPage\":{\"@id\":\"https:\\\/\\\/www.organisator.ch\\\/de\\\/allgemein\\\/2019-05-24\\\/normierung-verbindet-die-welt-jubilaeumsanlass-des-snv\\\/#primaryimage\"},\"image\":{\"@id\":\"https:\\\/\\\/www.organisator.ch\\\/de\\\/allgemein\\\/2019-05-24\\\/normierung-verbindet-die-welt-jubilaeumsanlass-des-snv\\\/#primaryimage\"},\"thumbnailUrl\":\"https:\\\/\\\/www.organisator.ch\\\/wp-content\\\/uploads\\\/2019\\\/05\\\/Normierung-verbindet-die-Welt-Jubilaeumsanlass-des-SNV-1_MQ.jpg\",\"datePublished\":\"2019-05-24T12:40:03+00:00\",\"description\":\"Am 23. Mai 2019 beging die Schweizerische Normen-Vereinigung SNV in Baden ihren Jubil\u00e4umsanlass zum 100-j\u00e4hrigen Bestehen dieser Institution.\",\"breadcrumb\":{\"@id\":\"https:\\\/\\\/www.organisator.ch\\\/de\\\/allgemein\\\/2019-05-24\\\/normierung-verbindet-die-welt-jubilaeumsanlass-des-snv\\\/#breadcrumb\"},\"inLanguage\":\"en-US\",\"potentialAction\":[{\"@type\":\"ReadAction\",\"target\":[\"https:\\\/\\\/www.organisator.ch\\\/de\\\/allgemein\\\/2019-05-24\\\/normierung-verbindet-die-welt-jubilaeumsanlass-des-snv\\\/\"]}]},{\"@type\":\"ImageObject\",\"inLanguage\":\"en-US\",\"@id\":\"https:\\\/\\\/www.organisator.ch\\\/de\\\/allgemein\\\/2019-05-24\\\/normierung-verbindet-die-welt-jubilaeumsanlass-des-snv\\\/#primaryimage\",\"url\":\"https:\\\/\\\/www.organisator.ch\\\/wp-content\\\/uploads\\\/2019\\\/05\\\/Normierung-verbindet-die-Welt-Jubilaeumsanlass-des-SNV-1_MQ.jpg\",\"contentUrl\":\"https:\\\/\\\/www.organisator.ch\\\/wp-content\\\/uploads\\\/2019\\\/05\\\/Normierung-verbindet-die-Welt-Jubilaeumsanlass-des-SNV-1_MQ.jpg\",\"width\":680,\"height\":453,\"caption\":\"Jubil\u00e4umsanlass des SNV: 100 Jahre im Zeichen von Normierungen. (Bild: SNV)\"},{\"@type\":\"BreadcrumbList\",\"@id\":\"https:\\\/\\\/www.organisator.ch\\\/de\\\/allgemein\\\/2019-05-24\\\/normierung-verbindet-die-welt-jubilaeumsanlass-des-snv\\\/#breadcrumb\",\"itemListElement\":[{\"@type\":\"ListItem\",\"position\":1,\"name\":\"Home\",\"item\":\"https:\\\/\\\/www.organisator.ch\\\/\"},{\"@type\":\"ListItem\",\"position\":2,\"name\":\"\u00abNormung verbindet die Welt\u00bb: Jubil\u00e4umsanlass des SNV\"}]},{\"@type\":\"WebSite\",\"@id\":\"https:\\\/\\\/www.organisator.ch\\\/#website\",\"url\":\"https:\\\/\\\/www.organisator.ch\\\/\",\"name\":\"Organisator\",\"description\":\"Kompetent. Praxisnah. Der ORGANISATOR bereitet in 10 Ausgaben pro Jahr die wesentlichen Themen f\u00fcr F\u00fchrungskr\u00e4fte von KMU auf.\",\"publisher\":{\"@id\":\"https:\\\/\\\/www.organisator.ch\\\/#organization\"},\"potentialAction\":[{\"@type\":\"SearchAction\",\"target\":{\"@type\":\"EntryPoint\",\"urlTemplate\":\"https:\\\/\\\/www.organisator.ch\\\/?s={search_term_string}\"},\"query-input\":{\"@type\":\"PropertyValueSpecification\",\"valueRequired\":true,\"valueName\":\"search_term_string\"}}],\"inLanguage\":\"en-US\"},{\"@type\":\"Organization\",\"@id\":\"https:\\\/\\\/www.organisator.ch\\\/#organization\",\"name\":\"Organisator\",\"url\":\"https:\\\/\\\/www.organisator.ch\\\/\",\"logo\":{\"@type\":\"ImageObject\",\"inLanguage\":\"en-US\",\"@id\":\"https:\\\/\\\/www.organisator.ch\\\/#\\\/schema\\\/logo\\\/image\\\/\",\"url\":\"https:\\\/\\\/www.organisator.ch\\\/wp-content\\\/uploads\\\/2022\\\/01\\\/Logo_Organisator_Website.png\",\"contentUrl\":\"https:\\\/\\\/www.organisator.ch\\\/wp-content\\\/uploads\\\/2022\\\/01\\\/Logo_Organisator_Website.png\",\"width\":800,\"height\":77,\"caption\":\"Organisator\"},\"image\":{\"@id\":\"https:\\\/\\\/www.organisator.ch\\\/#\\\/schema\\\/logo\\\/image\\\/\"},\"sameAs\":[\"https:\\\/\\\/www.facebook.com\\\/OrganisatorFachmagazin\",\"https:\\\/\\\/www.linkedin.com\\\/showcase\\\/organisator-das-magazin-fr-kmu\",\"https:\\\/\\\/www.xing.com\\\/news\\\/pages\\\/organisator-ch-695\",\"https:\\\/\\\/www.youtube.com\\\/channel\\\/UCGP2Sq0iWaZwT3BdIAQFYpw\"]},{\"@type\":\"Person\",\"@id\":\"https:\\\/\\\/www.organisator.ch\\\/#\\\/schema\\\/person\\\/6f650f90b2842cd4c0cc334b4e36f67e\",\"name\":\"thomas.berner\",\"image\":{\"@type\":\"ImageObject\",\"inLanguage\":\"en-US\",\"@id\":\"https:\\\/\\\/secure.gravatar.com\\\/avatar\\\/ac5001d2a36cb6c6cd3e50789007ffca834b477b74a2144564522e944eabff61?s=96&d=mm&r=g\",\"url\":\"https:\\\/\\\/secure.gravatar.com\\\/avatar\\\/ac5001d2a36cb6c6cd3e50789007ffca834b477b74a2144564522e944eabff61?s=96&d=mm&r=g\",\"contentUrl\":\"https:\\\/\\\/secure.gravatar.com\\\/avatar\\\/ac5001d2a36cb6c6cd3e50789007ffca834b477b74a2144564522e944eabff61?s=96&d=mm&r=g\",\"caption\":\"thomas.berner\"},\"url\":\"https:\\\/\\\/www.organisator.ch\\\/en\\\/author\\\/thomas-berner\\\/\"}]}<\/script>\n<!-- \/ Yoast SEO plugin. -->","yoast_head_json":{"title":"\"Standardization connects the world\": SNV anniversary event - Organizer","description":"On May 23, 2019, the Swiss Association for Standardization SNV celebrated its anniversary event in Baden to mark the 100th anniversary of this institution.","robots":{"index":"index","follow":"follow","max-snippet":"max-snippet:-1","max-image-preview":"max-image-preview:large","max-video-preview":"max-video-preview:-1"},"canonical":"https:\/\/www.organisator.ch\/en\/general\/2019-05-24\/normierung-verbindet-die-welt-jubilaeumsanlass-des-snv\/","og_locale":"en_US","og_type":"article","og_title":"\u00abNormierung verbindet die Welt\u00bb: Jubil\u00e4umsanlass des SNV","og_description":"Am 23. Mai 2019 beging die Schweizerische Normen-Vereinigung SNV in Baden ihren Jubil\u00e4umsanlass zum 100-j\u00e4hrigen Bestehen dieser Institution.","og_url":"https:\/\/www.organisator.ch\/en\/general\/2019-05-24\/normierung-verbindet-die-welt-jubilaeumsanlass-des-snv\/","og_site_name":"Organisator","article_publisher":"https:\/\/www.facebook.com\/OrganisatorFachmagazin","article_published_time":"2019-05-24T12:40:03+00:00","og_image":[{"width":680,"height":453,"url":"https:\/\/www.organisator.ch\/wp-content\/uploads\/2019\/05\/Normierung-verbindet-die-Welt-Jubilaeumsanlass-des-SNV-1_MQ.jpg","type":"image\/jpeg"}],"author":"thomas.berner","twitter_card":"summary_large_image","twitter_title":"\u00abNormierung verbindet die Welt\u00bb: Jubil\u00e4umsanlass des #SNV","twitter_description":"Am 23. Mai 2019 beging die Schweizerische #Normen-Vereinigung #SNV in Baden ihren Jubil\u00e4umsanlass zum 100-j\u00e4hrigen Bestehen dieser Institution.","twitter_image":"https:\/\/www.organisator.ch\/wp-content\/uploads\/2019\/05\/Normierung-verbindet-die-Welt-Jubil\u00e4umsanlass-des-SNV-1_MQ.jpg","schema":{"@context":"https:\/\/schema.org","@graph":[{"@type":"Article","@id":"https:\/\/www.organisator.ch\/de\/allgemein\/2019-05-24\/normierung-verbindet-die-welt-jubilaeumsanlass-des-snv\/#article","isPartOf":{"@id":"https:\/\/www.organisator.ch\/de\/allgemein\/2019-05-24\/normierung-verbindet-die-welt-jubilaeumsanlass-des-snv\/"},"author":{"name":"thomas.berner","@id":"https:\/\/www.organisator.ch\/#\/schema\/person\/6f650f90b2842cd4c0cc334b4e36f67e"},"headline":"\u00abNormung verbindet die Welt\u00bb: Jubil\u00e4umsanlass des SNV","datePublished":"2019-05-24T12:40:03+00:00","mainEntityOfPage":{"@id":"https:\/\/www.organisator.ch\/de\/allgemein\/2019-05-24\/normierung-verbindet-die-welt-jubilaeumsanlass-des-snv\/"},"wordCount":663,"commentCount":0,"publisher":{"@id":"https:\/\/www.organisator.ch\/#organization"},"image":{"@id":"https:\/\/www.organisator.ch\/de\/allgemein\/2019-05-24\/normierung-verbindet-die-welt-jubilaeumsanlass-des-snv\/#primaryimage"},"thumbnailUrl":"https:\/\/www.organisator.ch\/wp-content\/uploads\/2019\/05\/Normierung-verbindet-die-Welt-Jubilaeumsanlass-des-SNV-1_MQ.jpg","keywords":["Institutionen","Veranstaltungen","Verb\u00e4nde"],"articleSection":["Allgemein"],"inLanguage":"en-US"},{"@type":"WebPage","@id":"https:\/\/www.organisator.ch\/de\/allgemein\/2019-05-24\/normierung-verbindet-die-welt-jubilaeumsanlass-des-snv\/","url":"https:\/\/www.organisator.ch\/de\/allgemein\/2019-05-24\/normierung-verbindet-die-welt-jubilaeumsanlass-des-snv\/","name":"\"Standardization connects the world\": SNV anniversary event - Organizer","isPartOf":{"@id":"https:\/\/www.organisator.ch\/#website"},"primaryImageOfPage":{"@id":"https:\/\/www.organisator.ch\/de\/allgemein\/2019-05-24\/normierung-verbindet-die-welt-jubilaeumsanlass-des-snv\/#primaryimage"},"image":{"@id":"https:\/\/www.organisator.ch\/de\/allgemein\/2019-05-24\/normierung-verbindet-die-welt-jubilaeumsanlass-des-snv\/#primaryimage"},"thumbnailUrl":"https:\/\/www.organisator.ch\/wp-content\/uploads\/2019\/05\/Normierung-verbindet-die-Welt-Jubilaeumsanlass-des-SNV-1_MQ.jpg","datePublished":"2019-05-24T12:40:03+00:00","description":"On May 23, 2019, the Swiss Association for Standardization SNV celebrated its anniversary event in Baden to mark the 100th anniversary of this institution.","breadcrumb":{"@id":"https:\/\/www.organisator.ch\/de\/allgemein\/2019-05-24\/normierung-verbindet-die-welt-jubilaeumsanlass-des-snv\/#breadcrumb"},"inLanguage":"en-US","potentialAction":[{"@type":"ReadAction","target":["https:\/\/www.organisator.ch\/de\/allgemein\/2019-05-24\/normierung-verbindet-die-welt-jubilaeumsanlass-des-snv\/"]}]},{"@type":"ImageObject","inLanguage":"en-US","@id":"https:\/\/www.organisator.ch\/de\/allgemein\/2019-05-24\/normierung-verbindet-die-welt-jubilaeumsanlass-des-snv\/#primaryimage","url":"https:\/\/www.organisator.ch\/wp-content\/uploads\/2019\/05\/Normierung-verbindet-die-Welt-Jubilaeumsanlass-des-SNV-1_MQ.jpg","contentUrl":"https:\/\/www.organisator.ch\/wp-content\/uploads\/2019\/05\/Normierung-verbindet-die-Welt-Jubilaeumsanlass-des-SNV-1_MQ.jpg","width":680,"height":453,"caption":"Jubil\u00e4umsanlass des SNV: 100 Jahre im Zeichen von Normierungen. (Bild: SNV)"},{"@type":"BreadcrumbList","@id":"https:\/\/www.organisator.ch\/de\/allgemein\/2019-05-24\/normierung-verbindet-die-welt-jubilaeumsanlass-des-snv\/#breadcrumb","itemListElement":[{"@type":"ListItem","position":1,"name":"Home","item":"https:\/\/www.organisator.ch\/"},{"@type":"ListItem","position":2,"name":"\u00abNormung verbindet die Welt\u00bb: Jubil\u00e4umsanlass des SNV"}]},{"@type":"WebSite","@id":"https:\/\/www.organisator.ch\/#website","url":"https:\/\/www.organisator.ch\/","name":"Organizer","description":"Competent. Practical. In 10 issues per year, ORGANISATOR presents the essential topics for managers of SMEs.","publisher":{"@id":"https:\/\/www.organisator.ch\/#organization"},"potentialAction":[{"@type":"SearchAction","target":{"@type":"EntryPoint","urlTemplate":"https:\/\/www.organisator.ch\/?s={search_term_string}"},"query-input":{"@type":"PropertyValueSpecification","valueRequired":true,"valueName":"search_term_string"}}],"inLanguage":"en-US"},{"@type":"Organization","@id":"https:\/\/www.organisator.ch\/#organization","name":"Organizer","url":"https:\/\/www.organisator.ch\/","logo":{"@type":"ImageObject","inLanguage":"en-US","@id":"https:\/\/www.organisator.ch\/#\/schema\/logo\/image\/","url":"https:\/\/www.organisator.ch\/wp-content\/uploads\/2022\/01\/Logo_Organisator_Website.png","contentUrl":"https:\/\/www.organisator.ch\/wp-content\/uploads\/2022\/01\/Logo_Organisator_Website.png","width":800,"height":77,"caption":"Organisator"},"image":{"@id":"https:\/\/www.organisator.ch\/#\/schema\/logo\/image\/"},"sameAs":["https:\/\/www.facebook.com\/OrganisatorFachmagazin","https:\/\/www.linkedin.com\/showcase\/organisator-das-magazin-fr-kmu","https:\/\/www.xing.com\/news\/pages\/organisator-ch-695","https:\/\/www.youtube.com\/channel\/UCGP2Sq0iWaZwT3BdIAQFYpw"]},{"@type":"Person","@id":"https:\/\/www.organisator.ch\/#\/schema\/person\/6f650f90b2842cd4c0cc334b4e36f67e","name":"thomas.berner","image":{"@type":"ImageObject","inLanguage":"en-US","@id":"https:\/\/secure.gravatar.com\/avatar\/ac5001d2a36cb6c6cd3e50789007ffca834b477b74a2144564522e944eabff61?s=96&d=mm&r=g","url":"https:\/\/secure.gravatar.com\/avatar\/ac5001d2a36cb6c6cd3e50789007ffca834b477b74a2144564522e944eabff61?s=96&d=mm&r=g","contentUrl":"https:\/\/secure.gravatar.com\/avatar\/ac5001d2a36cb6c6cd3e50789007ffca834b477b74a2144564522e944eabff61?s=96&d=mm&r=g","caption":"thomas.berner"},"url":"https:\/\/www.organisator.ch\/en\/author\/thomas-berner\/"}]}},"_links":{"self":[{"href":"https:\/\/www.organisator.ch\/en\/wp-json\/wp\/v2\/posts\/5295","targetHints":{"allow":["GET"]}}],"collection":[{"href":"https:\/\/www.organisator.ch\/en\/wp-json\/wp\/v2\/posts"}],"about":[{"href":"https:\/\/www.organisator.ch\/en\/wp-json\/wp\/v2\/types\/post"}],"author":[{"embeddable":true,"href":"https:\/\/www.organisator.ch\/en\/wp-json\/wp\/v2\/users\/4"}],"replies":[{"embeddable":true,"href":"https:\/\/www.organisator.ch\/en\/wp-json\/wp\/v2\/comments?post=5295"}],"version-history":[{"count":0,"href":"https:\/\/www.organisator.ch\/en\/wp-json\/wp\/v2\/posts\/5295\/revisions"}],"wp:featuredmedia":[{"embeddable":true,"href":"https:\/\/www.organisator.ch\/en\/wp-json\/wp\/v2\/media\/5296"}],"wp:attachment":[{"href":"https:\/\/www.organisator.ch\/en\/wp-json\/wp\/v2\/media?parent=5295"}],"wp:term":[{"taxonomy":"category","embeddable":true,"href":"https:\/\/www.organisator.ch\/en\/wp-json\/wp\/v2\/categories?post=5295"},{"taxonomy":"post_tag","embeddable":true,"href":"https:\/\/www.organisator.ch\/en\/wp-json\/wp\/v2\/tags?post=5295"}],"curies":[{"name":"wp","href":"https:\/\/api.w.org\/{rel}","templated":true}]}}