{"id":53,"date":"2015-12-18T14:36:07","date_gmt":"2015-12-18T13:36:07","guid":{"rendered":"http:\/\/dev.organisator.ch\/?p=53"},"modified":"2015-12-18T14:36:07","modified_gmt":"2015-12-18T13:36:07","slug":"suva-daniel-roscher-neu-in-der-geschaeftsleitung","status":"publish","type":"post","link":"https:\/\/www.organisator.ch\/en\/allgemein\/2015-12-18\/suva-daniel-roscher-neu-in-der-geschaeftsleitung\/","title":{"rendered":"Suva: Daniel Roscher new member of the Executive Board"},"content":{"rendered":"<figure id=\"attachment_54\" aria-describedby=\"caption-attachment-54\" style=\"width: 680px\" class=\"wp-caption alignnone\"><img loading=\"lazy\" decoding=\"async\" class=\"size-medium wp-image-54\" src=\"https:\/\/organisator.ch\/wp-content\/uploads\/2016\/12\/Suva-Daniel-Roscher-neu-in-der-Gesch\u00e4ftsleitung_danielroscher-organisator.jpg\" alt=\"\" width=\"680\" height=\"453\" \/><figcaption id=\"caption-attachment-54\" class=\"wp-caption-text\">Daniel Roscher, Head of the Department of Insurance Benefits and Rehabilitation<\/figcaption><\/figure>\n<p>&nbsp;<\/p>\n<p>Daniel Roscher has served as director of Suva's Zurich agency since 1997. With 130 employees, the Zurich agency looks after 8100 companies with a premium volume of around CHF 300 million per year.<\/p>\n<p>At the proposal of Suva's Board of Directors, the Federal Council has now elected Daniel Roscher to Suva's Executive Board. He will take over as Head of the Insurance Benefits and Rehabilitation Department on January 1, 2016. In this role, he will be responsible for claims management at Switzerland's largest accident insurer. The division also includes the two rehabilitation clinics in Bellikon (AG) and Sion (VS). Roscher is also responsible for military insurance, which Suva manages on behalf of the Swiss Confederation, and for part of the agency network.<\/p>\n<p>The SUVA Executive Board (as of January 1, 2016) :<\/p>\n<p>Felix Weber, Chief Executive Officer and Head of the Leadership and Support Department<\/p>\n<p>Ernst M\u00e4der, Head of the Finance Department and Deputy Chairman of the Executive Board<\/p>\n<p>Edouard Currat, Head of Health Protection Department<\/p>\n<p>Daniel Roscher, Head of Insurance Services and Rehabilitation Department<\/p>\n<p><a href=\"http:\/\/www.suva.ch\" target=\"_blank\" data-cke-saved-href=\"http:\/\/www.suva.ch\" rel=\"noopener\">www.suva.ch<\/a><\/p>\n<p>&nbsp;<\/p>","protected":false},"excerpt":{"rendered":"<p>&nbsp; Daniel Roscher ist seit 1997 als Direktor der Suva-Agentur Z\u00fcrich t\u00e4tig. Die Agentur Z\u00fcrich betreut mit 130 Mitarbeitenden 8100 Betriebe mit einem Pr\u00e4mienvolumen von rund 300 Millionen Franken pro Jahr. Auf Vorschlag des Verwaltungsrats der Suva hat nun der Bundesrat Daniel Roscher in die Gesch\u00e4ftsleitung der Suva gew\u00e4hlt. Er \u00fcbernimmt am 1. Januar 2016 [&hellip;]<\/p>\n","protected":false},"author":1,"featured_media":54,"comment_status":"open","ping_status":"open","sticky":false,"template":"","format":"standard","meta":{"_acf_changed":false,"_yoast_wpseo_focuskw":"Daniel Roscher","_yoast_wpseo_metadesc":"Daniel Roscher ist seit 1997 als Direktor der Suva-Agentur Z\u00fcrich t\u00e4tig. Die Agentur Z\u00fcrich betreut mit 130 Mitarbeitenden 8100 Betriebe mit einem Pr\u00e4mienvolumen von rund 300 Millionen Franken pro Jahr.","articlekey":"","footnotes":""},"categories":[1],"tags":[381,463],"class_list":["post-53","post","type-post","status-publish","format-standard","has-post-thumbnail","hentry","category-allgemein","tag-personalia","tag-suva"],"acf":[],"yoast_head":"<!-- This site is optimized with the Yoast SEO plugin v27.5 - https:\/\/yoast.com\/product\/yoast-seo-wordpress\/ -->\n<title>Suva: Daniel Roscher neu in der Gesch\u00e4ftsleitung - Organisator<\/title>\n<meta name=\"description\" content=\"Daniel Roscher ist seit 1997 als Direktor der Suva-Agentur Z\u00fcrich t\u00e4tig. Die Agentur Z\u00fcrich betreut mit 130 Mitarbeitenden 8100 Betriebe mit einem Pr\u00e4mienvolumen von rund 300 Millionen Franken pro Jahr.\" \/>\n<meta name=\"robots\" content=\"index, follow, max-snippet:-1, max-image-preview:large, max-video-preview:-1\" \/>\n<link rel=\"canonical\" href=\"https:\/\/www.organisator.ch\/en\/general\/2015-12-18\/suva-daniel-roscher-neu-in-der-geschaeftsleitung\/\" \/>\n<meta property=\"og:locale\" content=\"en_US\" \/>\n<meta property=\"og:type\" content=\"article\" \/>\n<meta property=\"og:title\" content=\"Suva: Daniel Roscher neu in der Gesch\u00e4ftsleitung\" \/>\n<meta property=\"og:description\" content=\"Daniel Roscher ist seit 1997 als Direktor der Suva-Agentur Z\u00fcrich t\u00e4tig. Die Agentur Z\u00fcrich betreut mit 130 Mitarbeitenden 8100 Betriebe mit einem Pr\u00e4mienvolumen von rund 300 Millionen Franken pro Jahr.\" \/>\n<meta property=\"og:url\" content=\"https:\/\/www.organisator.ch\/en\/general\/2015-12-18\/suva-daniel-roscher-neu-in-der-geschaeftsleitung\/\" \/>\n<meta property=\"og:site_name\" content=\"Organisator\" \/>\n<meta property=\"article:publisher\" content=\"https:\/\/www.facebook.com\/OrganisatorFachmagazin\" \/>\n<meta property=\"article:published_time\" content=\"2015-12-18T13:36:07+00:00\" \/>\n<meta name=\"author\" content=\"admin\" \/>\n<meta name=\"twitter:card\" content=\"summary_large_image\" \/>\n<meta name=\"twitter:image\" content=\"https:\/\/www.organisator.ch\/wp-content\/uploads\/2016\/12\/Suva-Daniel-Roscher-neu-in-der-Geschaeftsleitung_danielroscher-organisator.jpg\" \/>\n<script type=\"application\/ld+json\" class=\"yoast-schema-graph\">{\"@context\":\"https:\\\/\\\/schema.org\",\"@graph\":[{\"@type\":\"Article\",\"@id\":\"https:\\\/\\\/www.organisator.ch\\\/en\\\/general\\\/2015-12-18\\\/suva-daniel-roscher-neu-in-der-geschaeftsleitung\\\/#article\",\"isPartOf\":{\"@id\":\"https:\\\/\\\/www.organisator.ch\\\/en\\\/general\\\/2015-12-18\\\/suva-daniel-roscher-neu-in-der-geschaeftsleitung\\\/\"},\"author\":{\"name\":\"admin\",\"@id\":\"https:\\\/\\\/www.organisator.ch\\\/#\\\/schema\\\/person\\\/aa2bace6c5c5aad60102004a50c4eb1c\"},\"headline\":\"Suva: Daniel Roscher neu in der Gesch\u00e4ftsleitung\",\"datePublished\":\"2015-12-18T13:36:07+00:00\",\"mainEntityOfPage\":{\"@id\":\"https:\\\/\\\/www.organisator.ch\\\/en\\\/general\\\/2015-12-18\\\/suva-daniel-roscher-neu-in-der-geschaeftsleitung\\\/\"},\"wordCount\":188,\"commentCount\":0,\"publisher\":{\"@id\":\"https:\\\/\\\/www.organisator.ch\\\/#organization\"},\"image\":{\"@id\":\"https:\\\/\\\/www.organisator.ch\\\/en\\\/general\\\/2015-12-18\\\/suva-daniel-roscher-neu-in-der-geschaeftsleitung\\\/#primaryimage\"},\"thumbnailUrl\":\"https:\\\/\\\/www.organisator.ch\\\/wp-content\\\/uploads\\\/2016\\\/12\\\/Suva-Daniel-Roscher-neu-in-der-Geschaeftsleitung_danielroscher-organisator.jpg\",\"keywords\":[\"Personalia\",\"SUVA\"],\"articleSection\":[\"Allgemein\"],\"inLanguage\":\"en-US\"},{\"@type\":\"WebPage\",\"@id\":\"https:\\\/\\\/www.organisator.ch\\\/en\\\/general\\\/2015-12-18\\\/suva-daniel-roscher-neu-in-der-geschaeftsleitung\\\/\",\"url\":\"https:\\\/\\\/www.organisator.ch\\\/en\\\/general\\\/2015-12-18\\\/suva-daniel-roscher-neu-in-der-geschaeftsleitung\\\/\",\"name\":\"Suva: Daniel Roscher neu in der Gesch\u00e4ftsleitung - Organisator\",\"isPartOf\":{\"@id\":\"https:\\\/\\\/www.organisator.ch\\\/#website\"},\"primaryImageOfPage\":{\"@id\":\"https:\\\/\\\/www.organisator.ch\\\/en\\\/general\\\/2015-12-18\\\/suva-daniel-roscher-neu-in-der-geschaeftsleitung\\\/#primaryimage\"},\"image\":{\"@id\":\"https:\\\/\\\/www.organisator.ch\\\/en\\\/general\\\/2015-12-18\\\/suva-daniel-roscher-neu-in-der-geschaeftsleitung\\\/#primaryimage\"},\"thumbnailUrl\":\"https:\\\/\\\/www.organisator.ch\\\/wp-content\\\/uploads\\\/2016\\\/12\\\/Suva-Daniel-Roscher-neu-in-der-Geschaeftsleitung_danielroscher-organisator.jpg\",\"datePublished\":\"2015-12-18T13:36:07+00:00\",\"description\":\"Daniel Roscher ist seit 1997 als Direktor der Suva-Agentur Z\u00fcrich t\u00e4tig. Die Agentur Z\u00fcrich betreut mit 130 Mitarbeitenden 8100 Betriebe mit einem Pr\u00e4mienvolumen von rund 300 Millionen Franken pro Jahr.\",\"breadcrumb\":{\"@id\":\"https:\\\/\\\/www.organisator.ch\\\/en\\\/general\\\/2015-12-18\\\/suva-daniel-roscher-neu-in-der-geschaeftsleitung\\\/#breadcrumb\"},\"inLanguage\":\"en-US\",\"potentialAction\":[{\"@type\":\"ReadAction\",\"target\":[\"https:\\\/\\\/www.organisator.ch\\\/en\\\/general\\\/2015-12-18\\\/suva-daniel-roscher-neu-in-der-geschaeftsleitung\\\/\"]}]},{\"@type\":\"ImageObject\",\"inLanguage\":\"en-US\",\"@id\":\"https:\\\/\\\/www.organisator.ch\\\/en\\\/general\\\/2015-12-18\\\/suva-daniel-roscher-neu-in-der-geschaeftsleitung\\\/#primaryimage\",\"url\":\"https:\\\/\\\/www.organisator.ch\\\/wp-content\\\/uploads\\\/2016\\\/12\\\/Suva-Daniel-Roscher-neu-in-der-Geschaeftsleitung_danielroscher-organisator.jpg\",\"contentUrl\":\"https:\\\/\\\/www.organisator.ch\\\/wp-content\\\/uploads\\\/2016\\\/12\\\/Suva-Daniel-Roscher-neu-in-der-Geschaeftsleitung_danielroscher-organisator.jpg\",\"width\":1229,\"height\":819,\"caption\":\"Daniel Roscher, Leitung des Departements Versicherungsleistung und Rehabilitation\"},{\"@type\":\"BreadcrumbList\",\"@id\":\"https:\\\/\\\/www.organisator.ch\\\/en\\\/general\\\/2015-12-18\\\/suva-daniel-roscher-neu-in-der-geschaeftsleitung\\\/#breadcrumb\",\"itemListElement\":[{\"@type\":\"ListItem\",\"position\":1,\"name\":\"Home\",\"item\":\"https:\\\/\\\/www.organisator.ch\\\/\"},{\"@type\":\"ListItem\",\"position\":2,\"name\":\"Suva: Daniel Roscher neu in der Gesch\u00e4ftsleitung\"}]},{\"@type\":\"WebSite\",\"@id\":\"https:\\\/\\\/www.organisator.ch\\\/#website\",\"url\":\"https:\\\/\\\/www.organisator.ch\\\/\",\"name\":\"Organisator\",\"description\":\"Kompetent. Praxisnah. Der ORGANISATOR bereitet in 10 Ausgaben pro Jahr die wesentlichen Themen f\u00fcr F\u00fchrungskr\u00e4fte von KMU auf.\",\"publisher\":{\"@id\":\"https:\\\/\\\/www.organisator.ch\\\/#organization\"},\"potentialAction\":[{\"@type\":\"SearchAction\",\"target\":{\"@type\":\"EntryPoint\",\"urlTemplate\":\"https:\\\/\\\/www.organisator.ch\\\/?s={search_term_string}\"},\"query-input\":{\"@type\":\"PropertyValueSpecification\",\"valueRequired\":true,\"valueName\":\"search_term_string\"}}],\"inLanguage\":\"en-US\"},{\"@type\":\"Organization\",\"@id\":\"https:\\\/\\\/www.organisator.ch\\\/#organization\",\"name\":\"Organisator\",\"url\":\"https:\\\/\\\/www.organisator.ch\\\/\",\"logo\":{\"@type\":\"ImageObject\",\"inLanguage\":\"en-US\",\"@id\":\"https:\\\/\\\/www.organisator.ch\\\/#\\\/schema\\\/logo\\\/image\\\/\",\"url\":\"https:\\\/\\\/www.organisator.ch\\\/wp-content\\\/uploads\\\/2022\\\/01\\\/Logo_Organisator_Website.png\",\"contentUrl\":\"https:\\\/\\\/www.organisator.ch\\\/wp-content\\\/uploads\\\/2022\\\/01\\\/Logo_Organisator_Website.png\",\"width\":800,\"height\":77,\"caption\":\"Organisator\"},\"image\":{\"@id\":\"https:\\\/\\\/www.organisator.ch\\\/#\\\/schema\\\/logo\\\/image\\\/\"},\"sameAs\":[\"https:\\\/\\\/www.facebook.com\\\/OrganisatorFachmagazin\",\"https:\\\/\\\/www.linkedin.com\\\/showcase\\\/organisator-das-magazin-fr-kmu\",\"https:\\\/\\\/www.xing.com\\\/news\\\/pages\\\/organisator-ch-695\",\"https:\\\/\\\/www.youtube.com\\\/channel\\\/UCGP2Sq0iWaZwT3BdIAQFYpw\"]},{\"@type\":\"Person\",\"@id\":\"https:\\\/\\\/www.organisator.ch\\\/#\\\/schema\\\/person\\\/aa2bace6c5c5aad60102004a50c4eb1c\",\"name\":\"admin\",\"image\":{\"@type\":\"ImageObject\",\"inLanguage\":\"en-US\",\"@id\":\"https:\\\/\\\/secure.gravatar.com\\\/avatar\\\/ae2f4d718e6c49043e314ce431e7e645d646302a24a5ef5a8bc8e3f5a032e319?s=96&d=mm&r=g\",\"url\":\"https:\\\/\\\/secure.gravatar.com\\\/avatar\\\/ae2f4d718e6c49043e314ce431e7e645d646302a24a5ef5a8bc8e3f5a032e319?s=96&d=mm&r=g\",\"contentUrl\":\"https:\\\/\\\/secure.gravatar.com\\\/avatar\\\/ae2f4d718e6c49043e314ce431e7e645d646302a24a5ef5a8bc8e3f5a032e319?s=96&d=mm&r=g\",\"caption\":\"admin\"},\"sameAs\":[\"https:\\\/\\\/www.organisator.ch\"],\"url\":\"https:\\\/\\\/www.organisator.ch\\\/en\\\/author\\\/admin\\\/\"}]}<\/script>\n<!-- \/ Yoast SEO plugin. -->","yoast_head_json":{"title":"Suva: Daniel Roscher new on the Executive Board - Organizer","description":"Daniel Roscher has served as director of Suva's Zurich agency since 1997. With 130 employees, the Zurich agency looks after 8100 companies with a premium volume of around CHF 300 million per year.","robots":{"index":"index","follow":"follow","max-snippet":"max-snippet:-1","max-image-preview":"max-image-preview:large","max-video-preview":"max-video-preview:-1"},"canonical":"https:\/\/www.organisator.ch\/en\/general\/2015-12-18\/suva-daniel-roscher-neu-in-der-geschaeftsleitung\/","og_locale":"en_US","og_type":"article","og_title":"Suva: Daniel Roscher neu in der Gesch\u00e4ftsleitung","og_description":"Daniel Roscher ist seit 1997 als Direktor der Suva-Agentur Z\u00fcrich t\u00e4tig. Die Agentur Z\u00fcrich betreut mit 130 Mitarbeitenden 8100 Betriebe mit einem Pr\u00e4mienvolumen von rund 300 Millionen Franken pro Jahr.","og_url":"https:\/\/www.organisator.ch\/en\/general\/2015-12-18\/suva-daniel-roscher-neu-in-der-geschaeftsleitung\/","og_site_name":"Organisator","article_publisher":"https:\/\/www.facebook.com\/OrganisatorFachmagazin","article_published_time":"2015-12-18T13:36:07+00:00","author":"admin","twitter_card":"summary_large_image","twitter_image":"https:\/\/www.organisator.ch\/wp-content\/uploads\/2016\/12\/Suva-Daniel-Roscher-neu-in-der-Geschaeftsleitung_danielroscher-organisator.jpg","schema":{"@context":"https:\/\/schema.org","@graph":[{"@type":"Article","@id":"https:\/\/www.organisator.ch\/en\/general\/2015-12-18\/suva-daniel-roscher-neu-in-der-geschaeftsleitung\/#article","isPartOf":{"@id":"https:\/\/www.organisator.ch\/en\/general\/2015-12-18\/suva-daniel-roscher-neu-in-der-geschaeftsleitung\/"},"author":{"name":"admin","@id":"https:\/\/www.organisator.ch\/#\/schema\/person\/aa2bace6c5c5aad60102004a50c4eb1c"},"headline":"Suva: Daniel Roscher neu in der Gesch\u00e4ftsleitung","datePublished":"2015-12-18T13:36:07+00:00","mainEntityOfPage":{"@id":"https:\/\/www.organisator.ch\/en\/general\/2015-12-18\/suva-daniel-roscher-neu-in-der-geschaeftsleitung\/"},"wordCount":188,"commentCount":0,"publisher":{"@id":"https:\/\/www.organisator.ch\/#organization"},"image":{"@id":"https:\/\/www.organisator.ch\/en\/general\/2015-12-18\/suva-daniel-roscher-neu-in-der-geschaeftsleitung\/#primaryimage"},"thumbnailUrl":"https:\/\/www.organisator.ch\/wp-content\/uploads\/2016\/12\/Suva-Daniel-Roscher-neu-in-der-Geschaeftsleitung_danielroscher-organisator.jpg","keywords":["Personalia","SUVA"],"articleSection":["Allgemein"],"inLanguage":"en-US"},{"@type":"WebPage","@id":"https:\/\/www.organisator.ch\/en\/general\/2015-12-18\/suva-daniel-roscher-neu-in-der-geschaeftsleitung\/","url":"https:\/\/www.organisator.ch\/en\/general\/2015-12-18\/suva-daniel-roscher-neu-in-der-geschaeftsleitung\/","name":"Suva: Daniel Roscher new on the Executive Board - Organizer","isPartOf":{"@id":"https:\/\/www.organisator.ch\/#website"},"primaryImageOfPage":{"@id":"https:\/\/www.organisator.ch\/en\/general\/2015-12-18\/suva-daniel-roscher-neu-in-der-geschaeftsleitung\/#primaryimage"},"image":{"@id":"https:\/\/www.organisator.ch\/en\/general\/2015-12-18\/suva-daniel-roscher-neu-in-der-geschaeftsleitung\/#primaryimage"},"thumbnailUrl":"https:\/\/www.organisator.ch\/wp-content\/uploads\/2016\/12\/Suva-Daniel-Roscher-neu-in-der-Geschaeftsleitung_danielroscher-organisator.jpg","datePublished":"2015-12-18T13:36:07+00:00","description":"Daniel Roscher has served as director of Suva's Zurich agency since 1997. With 130 employees, the Zurich agency looks after 8100 companies with a premium volume of around CHF 300 million per year.","breadcrumb":{"@id":"https:\/\/www.organisator.ch\/en\/general\/2015-12-18\/suva-daniel-roscher-neu-in-der-geschaeftsleitung\/#breadcrumb"},"inLanguage":"en-US","potentialAction":[{"@type":"ReadAction","target":["https:\/\/www.organisator.ch\/en\/general\/2015-12-18\/suva-daniel-roscher-neu-in-der-geschaeftsleitung\/"]}]},{"@type":"ImageObject","inLanguage":"en-US","@id":"https:\/\/www.organisator.ch\/en\/general\/2015-12-18\/suva-daniel-roscher-neu-in-der-geschaeftsleitung\/#primaryimage","url":"https:\/\/www.organisator.ch\/wp-content\/uploads\/2016\/12\/Suva-Daniel-Roscher-neu-in-der-Geschaeftsleitung_danielroscher-organisator.jpg","contentUrl":"https:\/\/www.organisator.ch\/wp-content\/uploads\/2016\/12\/Suva-Daniel-Roscher-neu-in-der-Geschaeftsleitung_danielroscher-organisator.jpg","width":1229,"height":819,"caption":"Daniel Roscher, Leitung des Departements Versicherungsleistung und Rehabilitation"},{"@type":"BreadcrumbList","@id":"https:\/\/www.organisator.ch\/en\/general\/2015-12-18\/suva-daniel-roscher-neu-in-der-geschaeftsleitung\/#breadcrumb","itemListElement":[{"@type":"ListItem","position":1,"name":"Home","item":"https:\/\/www.organisator.ch\/"},{"@type":"ListItem","position":2,"name":"Suva: Daniel Roscher neu in der Gesch\u00e4ftsleitung"}]},{"@type":"WebSite","@id":"https:\/\/www.organisator.ch\/#website","url":"https:\/\/www.organisator.ch\/","name":"Organizer","description":"Competent. Practical. In 10 issues per year, ORGANISATOR presents the essential topics for managers of SMEs.","publisher":{"@id":"https:\/\/www.organisator.ch\/#organization"},"potentialAction":[{"@type":"SearchAction","target":{"@type":"EntryPoint","urlTemplate":"https:\/\/www.organisator.ch\/?s={search_term_string}"},"query-input":{"@type":"PropertyValueSpecification","valueRequired":true,"valueName":"search_term_string"}}],"inLanguage":"en-US"},{"@type":"Organization","@id":"https:\/\/www.organisator.ch\/#organization","name":"Organizer","url":"https:\/\/www.organisator.ch\/","logo":{"@type":"ImageObject","inLanguage":"en-US","@id":"https:\/\/www.organisator.ch\/#\/schema\/logo\/image\/","url":"https:\/\/www.organisator.ch\/wp-content\/uploads\/2022\/01\/Logo_Organisator_Website.png","contentUrl":"https:\/\/www.organisator.ch\/wp-content\/uploads\/2022\/01\/Logo_Organisator_Website.png","width":800,"height":77,"caption":"Organisator"},"image":{"@id":"https:\/\/www.organisator.ch\/#\/schema\/logo\/image\/"},"sameAs":["https:\/\/www.facebook.com\/OrganisatorFachmagazin","https:\/\/www.linkedin.com\/showcase\/organisator-das-magazin-fr-kmu","https:\/\/www.xing.com\/news\/pages\/organisator-ch-695","https:\/\/www.youtube.com\/channel\/UCGP2Sq0iWaZwT3BdIAQFYpw"]},{"@type":"Person","@id":"https:\/\/www.organisator.ch\/#\/schema\/person\/aa2bace6c5c5aad60102004a50c4eb1c","name":"admin","image":{"@type":"ImageObject","inLanguage":"en-US","@id":"https:\/\/secure.gravatar.com\/avatar\/ae2f4d718e6c49043e314ce431e7e645d646302a24a5ef5a8bc8e3f5a032e319?s=96&d=mm&r=g","url":"https:\/\/secure.gravatar.com\/avatar\/ae2f4d718e6c49043e314ce431e7e645d646302a24a5ef5a8bc8e3f5a032e319?s=96&d=mm&r=g","contentUrl":"https:\/\/secure.gravatar.com\/avatar\/ae2f4d718e6c49043e314ce431e7e645d646302a24a5ef5a8bc8e3f5a032e319?s=96&d=mm&r=g","caption":"admin"},"sameAs":["https:\/\/www.organisator.ch"],"url":"https:\/\/www.organisator.ch\/en\/author\/admin\/"}]}},"_links":{"self":[{"href":"https:\/\/www.organisator.ch\/en\/wp-json\/wp\/v2\/posts\/53","targetHints":{"allow":["GET"]}}],"collection":[{"href":"https:\/\/www.organisator.ch\/en\/wp-json\/wp\/v2\/posts"}],"about":[{"href":"https:\/\/www.organisator.ch\/en\/wp-json\/wp\/v2\/types\/post"}],"author":[{"embeddable":true,"href":"https:\/\/www.organisator.ch\/en\/wp-json\/wp\/v2\/users\/1"}],"replies":[{"embeddable":true,"href":"https:\/\/www.organisator.ch\/en\/wp-json\/wp\/v2\/comments?post=53"}],"version-history":[{"count":0,"href":"https:\/\/www.organisator.ch\/en\/wp-json\/wp\/v2\/posts\/53\/revisions"}],"wp:featuredmedia":[{"embeddable":true,"href":"https:\/\/www.organisator.ch\/en\/wp-json\/wp\/v2\/media\/54"}],"wp:attachment":[{"href":"https:\/\/www.organisator.ch\/en\/wp-json\/wp\/v2\/media?parent=53"}],"wp:term":[{"taxonomy":"category","embeddable":true,"href":"https:\/\/www.organisator.ch\/en\/wp-json\/wp\/v2\/categories?post=53"},{"taxonomy":"post_tag","embeddable":true,"href":"https:\/\/www.organisator.ch\/en\/wp-json\/wp\/v2\/tags?post=53"}],"curies":[{"name":"wp","href":"https:\/\/api.w.org\/{rel}","templated":true}]}}