{"id":5373,"date":"2019-06-11T16:01:15","date_gmt":"2019-06-11T14:01:15","guid":{"rendered":"https:\/\/www.organisator.ch\/?p=5373"},"modified":"2019-06-11T16:01:15","modified_gmt":"2019-06-11T14:01:15","slug":"bison-schweiz-ag-veraeussert-die-europa3000-ag","status":"publish","type":"post","link":"https:\/\/www.organisator.ch\/en\/management\/it\/2019-06-11\/bison-schweiz-ag-veraeussert-die-europa3000-ag\/","title":{"rendered":"Bison Schweiz AG sells europa3000 AG"},"content":{"rendered":"<figure id=\"attachment_5374\" aria-describedby=\"caption-attachment-5374\" style=\"width: 680px\" class=\"wp-caption alignnone\"><img loading=\"lazy\" decoding=\"async\" class=\"size-medium wp-image-5374\" src=\"https:\/\/www.organisator.ch\/wp-content\/uploads\/2019\/06\/Bison-Schweiz-AG-veraeussert-die-europa3000-AG_Organisator.jpg\" alt=\"\" width=\"680\" height=\"433\" srcset=\"https:\/\/www.organisator.ch\/wp-content\/uploads\/2019\/06\/Bison-Schweiz-AG-veraeussert-die-europa3000-AG_Organisator.jpg 680w, https:\/\/www.organisator.ch\/wp-content\/uploads\/2019\/06\/Bison-Schweiz-AG-veraeussert-die-europa3000-AG_Organisator-16x10.jpg 16w, https:\/\/www.organisator.ch\/wp-content\/uploads\/2019\/06\/Bison-Schweiz-AG-veraeussert-die-europa3000-AG_Organisator-275x175.jpg 275w, https:\/\/www.organisator.ch\/wp-content\/uploads\/2019\/06\/Bison-Schweiz-AG-veraeussert-die-europa3000-AG_Organisator-550x350.jpg 550w, https:\/\/www.organisator.ch\/wp-content\/uploads\/2019\/06\/Bison-Schweiz-AG-veraeussert-die-europa3000-AG_Organisator-300x191.jpg 300w\" sizes=\"auto, (max-width: 680px) 100vw, 680px\" \/><figcaption id=\"caption-attachment-5374\" class=\"wp-caption-text\">Markus Fuchs (left) and Beat Mathys have taken over europa3000 AG with their companies. (Image: zVg)<\/figcaption><\/figure>\n<p>Both Mathys Informatik and Computerfuchs have been working with the ERP software europa3000 for decades. Both system houses have a three-digit customer base among small and medium-sized SMEs. As equal partners they take over europa3000 AG with immediate effect with all license rights of the europa3000 software. In doing so, they secure their ERP business for the future and offer a clear perspective to all customers, employees and sales partners of europa3000.<\/p>\n<h2>Clear future prospects for customers, employees and partners<\/h2>\n<p>Through the acquisition of europa3000 AG, the buyers are fully focused on their SME strengths and offer all europa3000 customers up-to-date and modern software for managing the digital transformation in SMEs. Further investments in the software and in the organization of europa3000 AG are planned. An organic growth strategy is intended to consolidate the customer base, which currently numbers around 3,000, and to further expand it in a targeted manner in the SME environment. In addition to the almost twenty sales partners, this is to be supported by the direct sales strategy already adopted.<\/p>\n<h2>Strengthened management team<\/h2>\n<p>The europa3000 AG location in Aarau will remain unchanged and all 20 employees will stay on board. This also includes the operational trio with the long-standing managers Sandra Peier (Head of Business Unit), Roland Schenker (Development) and Dominic Achermann (Sales). The strategic management is shared from the circle of buyers as the new Chairman of the Board of Directors Beat Mathys and as the new member of the Board of Directors Markus Fuchs. Their two companies Mathys Informatik AG and Computerfuchs AG remain independent and continue to operate their traditional system house business unchanged.<\/p>\n<p>\"The sale of europa3000 AG to Computerfuchs and us as long-standing and profound connoisseurs of the europa3000 community and many customers is an optimal continuation solution. At Bison, europa3000 was not in an ideal strategic position\", Beat Mathys explains the motive for the purchase. Bison Switzerland confirms the divestiture from <span style=\"display: inline !important; float: none; background-color: transparent; color: #333333; cursor: text; font-family: Georgia,'Times New Roman','Bitstream Charter',Times,serif; font-size: 16px; font-style: normal; font-variant: normal; font-weight: 400; letter-spacing: normal; orphans: 2; text-align: left; text-decoration: none; text-indent: 0px; text-transform: none; -webkit-text-stroke-width: 0px; white-space: normal; word-spacing: 0px;\">\"<\/span>from a strategy review on the part of Bison and a specific request from the partner environment<span style=\"display: inline !important; float: none; background-color: transparent; color: #333333; cursor: text; font-family: Georgia,'Times New Roman','Bitstream Charter',Times,serif; font-size: 16px; font-style: normal; font-variant: normal; font-weight: 400; letter-spacing: normal; orphans: 2; text-align: left; text-decoration: none; text-indent: 0px; text-transform: none; -webkit-text-stroke-width: 0px; white-space: normal; word-spacing: 0px;\">\"<\/span> to do business. Bison focuses on IT solutions for medium-sized and larger companies in the retail sector.<\/p>\n<p><em><a href=\"http:\/\/www.europa3000.ch\">More information<\/a><\/em><\/p>","protected":false},"excerpt":{"rendered":"<p>Sowohl Mathys Informatik als auch Computerfuchs arbeiten seit Jahrzehnten mit der ERP-Software europa3000. Beide Systemh\u00e4user verf\u00fcgen \u00fcber einen dreistelligen Kundenstamm bei kleineren und mittleren KMU. Als gleichberechtigte Partner \u00fcbernehmen sie per sofort die europa3000 AG mit allen Lizenzrechten der europa3000 Software. Damit sichern sie sich Ihr ERP-Gesch\u00e4ft f\u00fcr die Zukunft und bieten allen Kunden, Mitarbeitern [&hellip;]<\/p>\n","protected":false},"author":4,"featured_media":5374,"comment_status":"open","ping_status":"open","sticky":false,"template":"","format":"standard","meta":{"_acf_changed":false,"_yoast_wpseo_focuskw":"europa3000 AG","_yoast_wpseo_metadesc":"Mathys Informatik AG aus Unterentfelden und Computerfuchs AG aus Interlaken \u00fcbernehmen alle Aktien der europa3000 AG von der Bison Schweiz AG.","articlekey":"","footnotes":""},"categories":[27],"tags":[286,288,393,492],"class_list":["post-5373","post","type-post","status-publish","format-standard","has-post-thumbnail","hentry","category-it","tag-it","tag-it-business-software","tag-produkte","tag-unternehmen"],"acf":[],"yoast_head":"<!-- This site is optimized with the Yoast SEO plugin v27.5 - https:\/\/yoast.com\/product\/yoast-seo-wordpress\/ -->\n<title>Bison Schweiz AG ver\u00e4ussert die europa3000 AG - Organisator<\/title>\n<meta name=\"description\" content=\"Mathys Informatik AG aus Unterentfelden und Computerfuchs AG aus Interlaken \u00fcbernehmen alle Aktien der europa3000 AG von der Bison Schweiz AG.\" \/>\n<meta name=\"robots\" content=\"index, follow, max-snippet:-1, max-image-preview:large, max-video-preview:-1\" \/>\n<link rel=\"canonical\" href=\"https:\/\/www.organisator.ch\/en\/management\/it\/2019-06-11\/bison-schweiz-ag-veraeussert-die-europa3000-ag\/\" \/>\n<meta property=\"og:locale\" content=\"en_US\" \/>\n<meta property=\"og:type\" content=\"article\" \/>\n<meta property=\"og:title\" content=\"Bison Schweiz AG ver\u00e4ussert die europa3000 AG\" \/>\n<meta property=\"og:description\" content=\"Mathys Informatik AG aus Unterentfelden und Computerfuchs AG aus Interlaken \u00fcbernehmen alle Aktien der europa3000 AG von der Bison Schweiz AG.\" \/>\n<meta property=\"og:url\" content=\"https:\/\/www.organisator.ch\/en\/management\/it\/2019-06-11\/bison-schweiz-ag-veraeussert-die-europa3000-ag\/\" \/>\n<meta property=\"og:site_name\" content=\"Organisator\" \/>\n<meta property=\"article:publisher\" content=\"https:\/\/www.facebook.com\/OrganisatorFachmagazin\" \/>\n<meta property=\"article:published_time\" content=\"2019-06-11T14:01:15+00:00\" \/>\n<meta property=\"og:image\" content=\"https:\/\/www.organisator.ch\/wp-content\/uploads\/2019\/06\/Bison-Schweiz-AG-veraeussert-die-europa3000-AG_Organisator.jpg\" \/>\n\t<meta property=\"og:image:width\" content=\"680\" \/>\n\t<meta property=\"og:image:height\" content=\"433\" \/>\n\t<meta property=\"og:image:type\" content=\"image\/jpeg\" \/>\n<meta name=\"author\" content=\"thomas.berner\" \/>\n<meta name=\"twitter:card\" content=\"summary_large_image\" \/>\n<meta name=\"twitter:title\" content=\"Bison Schweiz AG ver\u00e4ussert die #europa3000 AG\" \/>\n<meta name=\"twitter:description\" content=\"Mathys Informatik AG aus Unterentfelden und Computerfuchs AG aus Interlaken \u00fcbernehmen alle Aktien der #europa3000 AG von der Bison Schweiz AG.\" \/>\n<meta name=\"twitter:image\" content=\"https:\/\/www.organisator.ch\/wp-content\/uploads\/2019\/06\/Bison-Schweiz-AG-ver\u00e4ussert-die-europa3000-AG_Organisator.jpg\" \/>\n<script type=\"application\/ld+json\" class=\"yoast-schema-graph\">{\"@context\":\"https:\\\/\\\/schema.org\",\"@graph\":[{\"@type\":\"Article\",\"@id\":\"https:\\\/\\\/www.organisator.ch\\\/management\\\/it\\\/2019-06-11\\\/bison-schweiz-ag-veraeussert-die-europa3000-ag\\\/#article\",\"isPartOf\":{\"@id\":\"https:\\\/\\\/www.organisator.ch\\\/management\\\/it\\\/2019-06-11\\\/bison-schweiz-ag-veraeussert-die-europa3000-ag\\\/\"},\"author\":{\"name\":\"thomas.berner\",\"@id\":\"https:\\\/\\\/www.organisator.ch\\\/#\\\/schema\\\/person\\\/6f650f90b2842cd4c0cc334b4e36f67e\"},\"headline\":\"Bison Schweiz AG ver\u00e4ussert die europa3000 AG\",\"datePublished\":\"2019-06-11T14:01:15+00:00\",\"mainEntityOfPage\":{\"@id\":\"https:\\\/\\\/www.organisator.ch\\\/management\\\/it\\\/2019-06-11\\\/bison-schweiz-ag-veraeussert-die-europa3000-ag\\\/\"},\"wordCount\":374,\"commentCount\":0,\"publisher\":{\"@id\":\"https:\\\/\\\/www.organisator.ch\\\/#organization\"},\"image\":{\"@id\":\"https:\\\/\\\/www.organisator.ch\\\/management\\\/it\\\/2019-06-11\\\/bison-schweiz-ag-veraeussert-die-europa3000-ag\\\/#primaryimage\"},\"thumbnailUrl\":\"https:\\\/\\\/www.organisator.ch\\\/wp-content\\\/uploads\\\/2019\\\/06\\\/Bison-Schweiz-AG-veraeussert-die-europa3000-AG_Organisator.jpg\",\"keywords\":[\"IT\",\"IT &amp; Business Software\",\"Produkte\",\"Unternehmen\"],\"articleSection\":[\"IT\"],\"inLanguage\":\"en-US\"},{\"@type\":\"WebPage\",\"@id\":\"https:\\\/\\\/www.organisator.ch\\\/management\\\/it\\\/2019-06-11\\\/bison-schweiz-ag-veraeussert-die-europa3000-ag\\\/\",\"url\":\"https:\\\/\\\/www.organisator.ch\\\/management\\\/it\\\/2019-06-11\\\/bison-schweiz-ag-veraeussert-die-europa3000-ag\\\/\",\"name\":\"Bison Schweiz AG ver\u00e4ussert die europa3000 AG - Organisator\",\"isPartOf\":{\"@id\":\"https:\\\/\\\/www.organisator.ch\\\/#website\"},\"primaryImageOfPage\":{\"@id\":\"https:\\\/\\\/www.organisator.ch\\\/management\\\/it\\\/2019-06-11\\\/bison-schweiz-ag-veraeussert-die-europa3000-ag\\\/#primaryimage\"},\"image\":{\"@id\":\"https:\\\/\\\/www.organisator.ch\\\/management\\\/it\\\/2019-06-11\\\/bison-schweiz-ag-veraeussert-die-europa3000-ag\\\/#primaryimage\"},\"thumbnailUrl\":\"https:\\\/\\\/www.organisator.ch\\\/wp-content\\\/uploads\\\/2019\\\/06\\\/Bison-Schweiz-AG-veraeussert-die-europa3000-AG_Organisator.jpg\",\"datePublished\":\"2019-06-11T14:01:15+00:00\",\"description\":\"Mathys Informatik AG aus Unterentfelden und Computerfuchs AG aus Interlaken \u00fcbernehmen alle Aktien der europa3000 AG von der Bison Schweiz AG.\",\"breadcrumb\":{\"@id\":\"https:\\\/\\\/www.organisator.ch\\\/management\\\/it\\\/2019-06-11\\\/bison-schweiz-ag-veraeussert-die-europa3000-ag\\\/#breadcrumb\"},\"inLanguage\":\"en-US\",\"potentialAction\":[{\"@type\":\"ReadAction\",\"target\":[\"https:\\\/\\\/www.organisator.ch\\\/management\\\/it\\\/2019-06-11\\\/bison-schweiz-ag-veraeussert-die-europa3000-ag\\\/\"]}]},{\"@type\":\"ImageObject\",\"inLanguage\":\"en-US\",\"@id\":\"https:\\\/\\\/www.organisator.ch\\\/management\\\/it\\\/2019-06-11\\\/bison-schweiz-ag-veraeussert-die-europa3000-ag\\\/#primaryimage\",\"url\":\"https:\\\/\\\/www.organisator.ch\\\/wp-content\\\/uploads\\\/2019\\\/06\\\/Bison-Schweiz-AG-veraeussert-die-europa3000-AG_Organisator.jpg\",\"contentUrl\":\"https:\\\/\\\/www.organisator.ch\\\/wp-content\\\/uploads\\\/2019\\\/06\\\/Bison-Schweiz-AG-veraeussert-die-europa3000-AG_Organisator.jpg\",\"width\":680,\"height\":433,\"caption\":\"Markus Fuchs (links) und Beat Mathys haben mit ihren Unternehmen die europa3000 AG \u00fcbernommen. (Bild: zVg)\"},{\"@type\":\"BreadcrumbList\",\"@id\":\"https:\\\/\\\/www.organisator.ch\\\/management\\\/it\\\/2019-06-11\\\/bison-schweiz-ag-veraeussert-die-europa3000-ag\\\/#breadcrumb\",\"itemListElement\":[{\"@type\":\"ListItem\",\"position\":1,\"name\":\"Home\",\"item\":\"https:\\\/\\\/www.organisator.ch\\\/\"},{\"@type\":\"ListItem\",\"position\":2,\"name\":\"Bison Schweiz AG ver\u00e4ussert die europa3000 AG\"}]},{\"@type\":\"WebSite\",\"@id\":\"https:\\\/\\\/www.organisator.ch\\\/#website\",\"url\":\"https:\\\/\\\/www.organisator.ch\\\/\",\"name\":\"Organisator\",\"description\":\"Kompetent. Praxisnah. Der ORGANISATOR bereitet in 10 Ausgaben pro Jahr die wesentlichen Themen f\u00fcr F\u00fchrungskr\u00e4fte von KMU auf.\",\"publisher\":{\"@id\":\"https:\\\/\\\/www.organisator.ch\\\/#organization\"},\"potentialAction\":[{\"@type\":\"SearchAction\",\"target\":{\"@type\":\"EntryPoint\",\"urlTemplate\":\"https:\\\/\\\/www.organisator.ch\\\/?s={search_term_string}\"},\"query-input\":{\"@type\":\"PropertyValueSpecification\",\"valueRequired\":true,\"valueName\":\"search_term_string\"}}],\"inLanguage\":\"en-US\"},{\"@type\":\"Organization\",\"@id\":\"https:\\\/\\\/www.organisator.ch\\\/#organization\",\"name\":\"Organisator\",\"url\":\"https:\\\/\\\/www.organisator.ch\\\/\",\"logo\":{\"@type\":\"ImageObject\",\"inLanguage\":\"en-US\",\"@id\":\"https:\\\/\\\/www.organisator.ch\\\/#\\\/schema\\\/logo\\\/image\\\/\",\"url\":\"https:\\\/\\\/www.organisator.ch\\\/wp-content\\\/uploads\\\/2022\\\/01\\\/Logo_Organisator_Website.png\",\"contentUrl\":\"https:\\\/\\\/www.organisator.ch\\\/wp-content\\\/uploads\\\/2022\\\/01\\\/Logo_Organisator_Website.png\",\"width\":800,\"height\":77,\"caption\":\"Organisator\"},\"image\":{\"@id\":\"https:\\\/\\\/www.organisator.ch\\\/#\\\/schema\\\/logo\\\/image\\\/\"},\"sameAs\":[\"https:\\\/\\\/www.facebook.com\\\/OrganisatorFachmagazin\",\"https:\\\/\\\/www.linkedin.com\\\/showcase\\\/organisator-das-magazin-fr-kmu\",\"https:\\\/\\\/www.xing.com\\\/news\\\/pages\\\/organisator-ch-695\",\"https:\\\/\\\/www.youtube.com\\\/channel\\\/UCGP2Sq0iWaZwT3BdIAQFYpw\"]},{\"@type\":\"Person\",\"@id\":\"https:\\\/\\\/www.organisator.ch\\\/#\\\/schema\\\/person\\\/6f650f90b2842cd4c0cc334b4e36f67e\",\"name\":\"thomas.berner\",\"image\":{\"@type\":\"ImageObject\",\"inLanguage\":\"en-US\",\"@id\":\"https:\\\/\\\/secure.gravatar.com\\\/avatar\\\/ac5001d2a36cb6c6cd3e50789007ffca834b477b74a2144564522e944eabff61?s=96&d=mm&r=g\",\"url\":\"https:\\\/\\\/secure.gravatar.com\\\/avatar\\\/ac5001d2a36cb6c6cd3e50789007ffca834b477b74a2144564522e944eabff61?s=96&d=mm&r=g\",\"contentUrl\":\"https:\\\/\\\/secure.gravatar.com\\\/avatar\\\/ac5001d2a36cb6c6cd3e50789007ffca834b477b74a2144564522e944eabff61?s=96&d=mm&r=g\",\"caption\":\"thomas.berner\"},\"url\":\"https:\\\/\\\/www.organisator.ch\\\/en\\\/author\\\/thomas-berner\\\/\"}]}<\/script>\n<!-- \/ Yoast SEO plugin. -->","yoast_head_json":{"title":"Bison Schweiz AG sells europa3000 AG - Organizer","description":"Mathys Informatik AG from Unterentfelden and Computerfuchs AG from Interlaken take over all shares of europa3000 AG from Bison Schweiz AG.","robots":{"index":"index","follow":"follow","max-snippet":"max-snippet:-1","max-image-preview":"max-image-preview:large","max-video-preview":"max-video-preview:-1"},"canonical":"https:\/\/www.organisator.ch\/en\/management\/it\/2019-06-11\/bison-schweiz-ag-veraeussert-die-europa3000-ag\/","og_locale":"en_US","og_type":"article","og_title":"Bison Schweiz AG ver\u00e4ussert die europa3000 AG","og_description":"Mathys Informatik AG aus Unterentfelden und Computerfuchs AG aus Interlaken \u00fcbernehmen alle Aktien der europa3000 AG von der Bison Schweiz AG.","og_url":"https:\/\/www.organisator.ch\/en\/management\/it\/2019-06-11\/bison-schweiz-ag-veraeussert-die-europa3000-ag\/","og_site_name":"Organisator","article_publisher":"https:\/\/www.facebook.com\/OrganisatorFachmagazin","article_published_time":"2019-06-11T14:01:15+00:00","og_image":[{"width":680,"height":433,"url":"https:\/\/www.organisator.ch\/wp-content\/uploads\/2019\/06\/Bison-Schweiz-AG-veraeussert-die-europa3000-AG_Organisator.jpg","type":"image\/jpeg"}],"author":"thomas.berner","twitter_card":"summary_large_image","twitter_title":"Bison Schweiz AG ver\u00e4ussert die #europa3000 AG","twitter_description":"Mathys Informatik AG aus Unterentfelden und Computerfuchs AG aus Interlaken \u00fcbernehmen alle Aktien der #europa3000 AG von der Bison Schweiz AG.","twitter_image":"https:\/\/www.organisator.ch\/wp-content\/uploads\/2019\/06\/Bison-Schweiz-AG-ver\u00e4ussert-die-europa3000-AG_Organisator.jpg","schema":{"@context":"https:\/\/schema.org","@graph":[{"@type":"Article","@id":"https:\/\/www.organisator.ch\/management\/it\/2019-06-11\/bison-schweiz-ag-veraeussert-die-europa3000-ag\/#article","isPartOf":{"@id":"https:\/\/www.organisator.ch\/management\/it\/2019-06-11\/bison-schweiz-ag-veraeussert-die-europa3000-ag\/"},"author":{"name":"thomas.berner","@id":"https:\/\/www.organisator.ch\/#\/schema\/person\/6f650f90b2842cd4c0cc334b4e36f67e"},"headline":"Bison Schweiz AG ver\u00e4ussert die europa3000 AG","datePublished":"2019-06-11T14:01:15+00:00","mainEntityOfPage":{"@id":"https:\/\/www.organisator.ch\/management\/it\/2019-06-11\/bison-schweiz-ag-veraeussert-die-europa3000-ag\/"},"wordCount":374,"commentCount":0,"publisher":{"@id":"https:\/\/www.organisator.ch\/#organization"},"image":{"@id":"https:\/\/www.organisator.ch\/management\/it\/2019-06-11\/bison-schweiz-ag-veraeussert-die-europa3000-ag\/#primaryimage"},"thumbnailUrl":"https:\/\/www.organisator.ch\/wp-content\/uploads\/2019\/06\/Bison-Schweiz-AG-veraeussert-die-europa3000-AG_Organisator.jpg","keywords":["IT","IT &amp; Business Software","Produkte","Unternehmen"],"articleSection":["IT"],"inLanguage":"en-US"},{"@type":"WebPage","@id":"https:\/\/www.organisator.ch\/management\/it\/2019-06-11\/bison-schweiz-ag-veraeussert-die-europa3000-ag\/","url":"https:\/\/www.organisator.ch\/management\/it\/2019-06-11\/bison-schweiz-ag-veraeussert-die-europa3000-ag\/","name":"Bison Schweiz AG sells europa3000 AG - Organizer","isPartOf":{"@id":"https:\/\/www.organisator.ch\/#website"},"primaryImageOfPage":{"@id":"https:\/\/www.organisator.ch\/management\/it\/2019-06-11\/bison-schweiz-ag-veraeussert-die-europa3000-ag\/#primaryimage"},"image":{"@id":"https:\/\/www.organisator.ch\/management\/it\/2019-06-11\/bison-schweiz-ag-veraeussert-die-europa3000-ag\/#primaryimage"},"thumbnailUrl":"https:\/\/www.organisator.ch\/wp-content\/uploads\/2019\/06\/Bison-Schweiz-AG-veraeussert-die-europa3000-AG_Organisator.jpg","datePublished":"2019-06-11T14:01:15+00:00","description":"Mathys Informatik AG from Unterentfelden and Computerfuchs AG from Interlaken take over all shares of europa3000 AG from Bison Schweiz AG.","breadcrumb":{"@id":"https:\/\/www.organisator.ch\/management\/it\/2019-06-11\/bison-schweiz-ag-veraeussert-die-europa3000-ag\/#breadcrumb"},"inLanguage":"en-US","potentialAction":[{"@type":"ReadAction","target":["https:\/\/www.organisator.ch\/management\/it\/2019-06-11\/bison-schweiz-ag-veraeussert-die-europa3000-ag\/"]}]},{"@type":"ImageObject","inLanguage":"en-US","@id":"https:\/\/www.organisator.ch\/management\/it\/2019-06-11\/bison-schweiz-ag-veraeussert-die-europa3000-ag\/#primaryimage","url":"https:\/\/www.organisator.ch\/wp-content\/uploads\/2019\/06\/Bison-Schweiz-AG-veraeussert-die-europa3000-AG_Organisator.jpg","contentUrl":"https:\/\/www.organisator.ch\/wp-content\/uploads\/2019\/06\/Bison-Schweiz-AG-veraeussert-die-europa3000-AG_Organisator.jpg","width":680,"height":433,"caption":"Markus Fuchs (links) und Beat Mathys haben mit ihren Unternehmen die europa3000 AG \u00fcbernommen. (Bild: zVg)"},{"@type":"BreadcrumbList","@id":"https:\/\/www.organisator.ch\/management\/it\/2019-06-11\/bison-schweiz-ag-veraeussert-die-europa3000-ag\/#breadcrumb","itemListElement":[{"@type":"ListItem","position":1,"name":"Home","item":"https:\/\/www.organisator.ch\/"},{"@type":"ListItem","position":2,"name":"Bison Schweiz AG ver\u00e4ussert die europa3000 AG"}]},{"@type":"WebSite","@id":"https:\/\/www.organisator.ch\/#website","url":"https:\/\/www.organisator.ch\/","name":"Organizer","description":"Competent. Practical. In 10 issues per year, ORGANISATOR presents the essential topics for managers of SMEs.","publisher":{"@id":"https:\/\/www.organisator.ch\/#organization"},"potentialAction":[{"@type":"SearchAction","target":{"@type":"EntryPoint","urlTemplate":"https:\/\/www.organisator.ch\/?s={search_term_string}"},"query-input":{"@type":"PropertyValueSpecification","valueRequired":true,"valueName":"search_term_string"}}],"inLanguage":"en-US"},{"@type":"Organization","@id":"https:\/\/www.organisator.ch\/#organization","name":"Organizer","url":"https:\/\/www.organisator.ch\/","logo":{"@type":"ImageObject","inLanguage":"en-US","@id":"https:\/\/www.organisator.ch\/#\/schema\/logo\/image\/","url":"https:\/\/www.organisator.ch\/wp-content\/uploads\/2022\/01\/Logo_Organisator_Website.png","contentUrl":"https:\/\/www.organisator.ch\/wp-content\/uploads\/2022\/01\/Logo_Organisator_Website.png","width":800,"height":77,"caption":"Organisator"},"image":{"@id":"https:\/\/www.organisator.ch\/#\/schema\/logo\/image\/"},"sameAs":["https:\/\/www.facebook.com\/OrganisatorFachmagazin","https:\/\/www.linkedin.com\/showcase\/organisator-das-magazin-fr-kmu","https:\/\/www.xing.com\/news\/pages\/organisator-ch-695","https:\/\/www.youtube.com\/channel\/UCGP2Sq0iWaZwT3BdIAQFYpw"]},{"@type":"Person","@id":"https:\/\/www.organisator.ch\/#\/schema\/person\/6f650f90b2842cd4c0cc334b4e36f67e","name":"thomas.berner","image":{"@type":"ImageObject","inLanguage":"en-US","@id":"https:\/\/secure.gravatar.com\/avatar\/ac5001d2a36cb6c6cd3e50789007ffca834b477b74a2144564522e944eabff61?s=96&d=mm&r=g","url":"https:\/\/secure.gravatar.com\/avatar\/ac5001d2a36cb6c6cd3e50789007ffca834b477b74a2144564522e944eabff61?s=96&d=mm&r=g","contentUrl":"https:\/\/secure.gravatar.com\/avatar\/ac5001d2a36cb6c6cd3e50789007ffca834b477b74a2144564522e944eabff61?s=96&d=mm&r=g","caption":"thomas.berner"},"url":"https:\/\/www.organisator.ch\/en\/author\/thomas-berner\/"}]}},"_links":{"self":[{"href":"https:\/\/www.organisator.ch\/en\/wp-json\/wp\/v2\/posts\/5373","targetHints":{"allow":["GET"]}}],"collection":[{"href":"https:\/\/www.organisator.ch\/en\/wp-json\/wp\/v2\/posts"}],"about":[{"href":"https:\/\/www.organisator.ch\/en\/wp-json\/wp\/v2\/types\/post"}],"author":[{"embeddable":true,"href":"https:\/\/www.organisator.ch\/en\/wp-json\/wp\/v2\/users\/4"}],"replies":[{"embeddable":true,"href":"https:\/\/www.organisator.ch\/en\/wp-json\/wp\/v2\/comments?post=5373"}],"version-history":[{"count":0,"href":"https:\/\/www.organisator.ch\/en\/wp-json\/wp\/v2\/posts\/5373\/revisions"}],"wp:featuredmedia":[{"embeddable":true,"href":"https:\/\/www.organisator.ch\/en\/wp-json\/wp\/v2\/media\/5374"}],"wp:attachment":[{"href":"https:\/\/www.organisator.ch\/en\/wp-json\/wp\/v2\/media?parent=5373"}],"wp:term":[{"taxonomy":"category","embeddable":true,"href":"https:\/\/www.organisator.ch\/en\/wp-json\/wp\/v2\/categories?post=5373"},{"taxonomy":"post_tag","embeddable":true,"href":"https:\/\/www.organisator.ch\/en\/wp-json\/wp\/v2\/tags?post=5373"}],"curies":[{"name":"wp","href":"https:\/\/api.w.org\/{rel}","templated":true}]}}