{"id":5382,"date":"2019-06-12T16:55:07","date_gmt":"2019-06-12T14:55:07","guid":{"rendered":"https:\/\/www.organisator.ch\/?p=5382"},"modified":"2019-06-12T16:55:07","modified_gmt":"2019-06-12T14:55:07","slug":"neuer-geschaeftsfuehrer-bei-der-sto-ag-schweiz-jan-malmstroem","status":"publish","type":"post","link":"https:\/\/www.organisator.ch\/en\/management\/2019-06-12\/neuer-geschaeftsfuehrer-bei-der-sto-ag-schweiz-jan-malmstroem\/","title":{"rendered":"New Managing Director at Sto AG Switzerland: Jan Malmstr\u00f6m"},"content":{"rendered":"<figure id=\"attachment_5383\" aria-describedby=\"caption-attachment-5383\" style=\"width: 680px\" class=\"wp-caption alignnone\"><img loading=\"lazy\" decoding=\"async\" class=\"size-medium wp-image-5383\" src=\"https:\/\/www.organisator.ch\/wp-content\/uploads\/2019\/06\/Neuer-Geschaeftsfuehrer-bei-der-Sto-AG-Schweiz-Jan-Malmstroem_Organisator.jpg\" alt=\"\" width=\"680\" height=\"448\" srcset=\"https:\/\/www.organisator.ch\/wp-content\/uploads\/2019\/06\/Neuer-Geschaeftsfuehrer-bei-der-Sto-AG-Schweiz-Jan-Malmstroem_Organisator.jpg 680w, https:\/\/www.organisator.ch\/wp-content\/uploads\/2019\/06\/Neuer-Geschaeftsfuehrer-bei-der-Sto-AG-Schweiz-Jan-Malmstroem_Organisator-16x12.jpg 16w, https:\/\/www.organisator.ch\/wp-content\/uploads\/2019\/06\/Neuer-Geschaeftsfuehrer-bei-der-Sto-AG-Schweiz-Jan-Malmstroem_Organisator-266x175.jpg 266w, https:\/\/www.organisator.ch\/wp-content\/uploads\/2019\/06\/Neuer-Geschaeftsfuehrer-bei-der-Sto-AG-Schweiz-Jan-Malmstroem_Organisator-531x350.jpg 531w, https:\/\/www.organisator.ch\/wp-content\/uploads\/2019\/06\/Neuer-Geschaeftsfuehrer-bei-der-Sto-AG-Schweiz-Jan-Malmstroem_Organisator-300x198.jpg 300w\" sizes=\"auto, (max-width: 680px) 100vw, 680px\" \/><figcaption id=\"caption-attachment-5383\" class=\"wp-caption-text\">Jan Malmstr\u00f6m has been the new managing director of building supplier Sto AG Switzerland since May. (Image: zVg \/ Sto AG Switzerland)<\/figcaption><\/figure>\n<p>Sto AG Switzerland is a subsidiary of the international Sto Group. A leader in the field of thermal insulation on facades, its extensive range includes products from the areas of facades, interiors, acoustics, paints and glazes, floor coatings, and concrete repair. It also makes an active contribution to energy generation with its photovoltaic facade system. With Dr. Jan Malmstr\u00f6m, a new managing director is now taking the helm. Most recently Head of Sales and Member of the Executive Board at Hilti Schweiz AG, Jan Malmstr\u00f6m has many years of experience in sales, marketing and business development in the construction supply industry.<\/p>\n<p>After studying geology and successfully completing his doctorate at ETH Zurich, Jan Malmstr\u00f6m started his professional career as a management consultant. After three years as a product manager in the Holcim Group, he moved to Hilti AG in 2005. There he served as Head of Marketing and Product Management before assuming responsibility for the Sales Channels division as a member of the Executive Board in 2011. From 2016, Jan Malmstr\u00f6m worked for Hilti AG as Sales Manager for various regions in Switzerland.<\/p>\n<p>\"I am very much looking forward to the exciting challenges within the Sto Group. My goal is to create sustainable and profitable growth with a strong brand and a strong team. Sto's high-quality products and services should make a decisive contribution to creating value for our customers. I place a particular focus on further developing the service concept at Sto and cultivating personal relationships with our customers - this as the basis for mutual success,\" says Jan Malmstr\u00f6m.<\/p>","protected":false},"excerpt":{"rendered":"<p>Die Sto AG Schweiz ist eine Tochtergesellschaft des internationalen Sto-Konzerns. F\u00fchrend im Bereich W\u00e4rmed\u00e4mmung an Fassaden, umfasst das umfangreiche Sortiment Produkte aus den Bereichen Fassade, Innenraum, Akustik, Lacke und Lasuren, Bodenbeschichtung und Betoninstandsetzung. Ebenso tr\u00e4gt sie mit ihrem Photovoltaik-Fassadensystem aktiv zur Energiegewinnung bei. Mit Dr. Jan Malmstr\u00f6m \u00fcbernimmt nun ein neuer Gesch\u00e4ftsf\u00fchrer das Steuer. Zuletzt [&hellip;]<\/p>\n","protected":false},"author":4,"featured_media":5383,"comment_status":"open","ping_status":"open","sticky":false,"template":"","format":"standard","meta":{"_acf_changed":false,"_yoast_wpseo_focuskw":"Jan Malmstr\u00f6m","_yoast_wpseo_metadesc":"Seit Anfang Mai ist Dr. Jan Malmstr\u00f6m (48) Gesch\u00e4ftsf\u00fchrer bei der Sto AG Schweiz \u2013 einer Tochtergesellschaft des internationalen Sto-Konzerns.","articlekey":"","footnotes":""},"categories":[28],"tags":[335,381,492],"class_list":["post-5382","post","type-post","status-publish","format-standard","has-post-thumbnail","hentry","category-management","tag-management-und-unternehmensfuehrung","tag-personalia","tag-unternehmen"],"acf":[],"yoast_head":"<!-- This site is optimized with the Yoast SEO plugin v27.5 - https:\/\/yoast.com\/product\/yoast-seo-wordpress\/ -->\n<title>Neuer Gesch\u00e4ftsf\u00fchrer bei der Sto AG Schweiz: Jan Malmstr\u00f6m - Organisator<\/title>\n<meta name=\"description\" content=\"Seit Anfang Mai ist Dr. Jan Malmstr\u00f6m (48) Gesch\u00e4ftsf\u00fchrer bei der Sto AG Schweiz \u2013 einer Tochtergesellschaft des internationalen Sto-Konzerns.\" \/>\n<meta name=\"robots\" content=\"index, follow, max-snippet:-1, max-image-preview:large, max-video-preview:-1\" \/>\n<link rel=\"canonical\" href=\"https:\/\/www.organisator.ch\/en\/management\/2019-06-12\/neuer-geschaeftsfuehrer-bei-der-sto-ag-schweiz-jan-malmstroem\/\" \/>\n<meta property=\"og:locale\" content=\"en_US\" \/>\n<meta property=\"og:type\" content=\"article\" \/>\n<meta property=\"og:title\" content=\"Neuer Gesch\u00e4ftsf\u00fchrer bei der Sto AG Schweiz: Jan Malmstr\u00f6m\" \/>\n<meta property=\"og:description\" content=\"Seit Anfang Mai ist Dr. Jan Malmstr\u00f6m (48) Gesch\u00e4ftsf\u00fchrer bei der Sto AG Schweiz \u2013 einer Tochtergesellschaft des internationalen Sto-Konzerns.\" \/>\n<meta property=\"og:url\" content=\"https:\/\/www.organisator.ch\/en\/management\/2019-06-12\/neuer-geschaeftsfuehrer-bei-der-sto-ag-schweiz-jan-malmstroem\/\" \/>\n<meta property=\"og:site_name\" content=\"Organisator\" \/>\n<meta property=\"article:publisher\" content=\"https:\/\/www.facebook.com\/OrganisatorFachmagazin\" \/>\n<meta property=\"article:published_time\" content=\"2019-06-12T14:55:07+00:00\" \/>\n<meta property=\"og:image\" content=\"https:\/\/www.organisator.ch\/wp-content\/uploads\/2019\/06\/Neuer-Geschaeftsfuehrer-bei-der-Sto-AG-Schweiz-Jan-Malmstroem_Organisator.jpg\" \/>\n\t<meta property=\"og:image:width\" content=\"680\" \/>\n\t<meta property=\"og:image:height\" content=\"448\" \/>\n\t<meta property=\"og:image:type\" content=\"image\/jpeg\" \/>\n<meta name=\"author\" content=\"thomas.berner\" \/>\n<meta name=\"twitter:card\" content=\"summary_large_image\" \/>\n<meta name=\"twitter:title\" content=\"Neuer Gesch\u00e4ftsf\u00fchrer bei der #Sto AG Schweiz: Jan #Malmstr\u00f6m\" \/>\n<meta name=\"twitter:description\" content=\"Seit Anfang Mai ist Dr. Jan #Malmstr\u00f6m (48) Gesch\u00e4ftsf\u00fchrer bei der #Sto AG Schweiz \u2013 einer Tochtergesellschaft des internationalen Sto-Konzerns.\" \/>\n<meta name=\"twitter:image\" content=\"https:\/\/www.organisator.ch\/wp-content\/uploads\/2019\/06\/Neuer-Gesch\u00e4ftsf\u00fchrer-bei-der-Sto-AG-Schweiz-Jan-Malmstr\u00f6m_Organisator.jpg\" \/>\n<script type=\"application\/ld+json\" class=\"yoast-schema-graph\">{\"@context\":\"https:\\\/\\\/schema.org\",\"@graph\":[{\"@type\":\"Article\",\"@id\":\"https:\\\/\\\/www.organisator.ch\\\/management\\\/2019-06-12\\\/neuer-geschaeftsfuehrer-bei-der-sto-ag-schweiz-jan-malmstroem\\\/#article\",\"isPartOf\":{\"@id\":\"https:\\\/\\\/www.organisator.ch\\\/management\\\/2019-06-12\\\/neuer-geschaeftsfuehrer-bei-der-sto-ag-schweiz-jan-malmstroem\\\/\"},\"author\":{\"name\":\"thomas.berner\",\"@id\":\"https:\\\/\\\/www.organisator.ch\\\/#\\\/schema\\\/person\\\/6f650f90b2842cd4c0cc334b4e36f67e\"},\"headline\":\"Neuer Gesch\u00e4ftsf\u00fchrer bei der Sto AG Schweiz: Jan Malmstr\u00f6m\",\"datePublished\":\"2019-06-12T14:55:07+00:00\",\"mainEntityOfPage\":{\"@id\":\"https:\\\/\\\/www.organisator.ch\\\/management\\\/2019-06-12\\\/neuer-geschaeftsfuehrer-bei-der-sto-ag-schweiz-jan-malmstroem\\\/\"},\"wordCount\":297,\"commentCount\":0,\"publisher\":{\"@id\":\"https:\\\/\\\/www.organisator.ch\\\/#organization\"},\"image\":{\"@id\":\"https:\\\/\\\/www.organisator.ch\\\/management\\\/2019-06-12\\\/neuer-geschaeftsfuehrer-bei-der-sto-ag-schweiz-jan-malmstroem\\\/#primaryimage\"},\"thumbnailUrl\":\"https:\\\/\\\/www.organisator.ch\\\/wp-content\\\/uploads\\\/2019\\\/06\\\/Neuer-Geschaeftsfuehrer-bei-der-Sto-AG-Schweiz-Jan-Malmstroem_Organisator.jpg\",\"keywords\":[\"Management und Unternehmensf\u00fchrung\",\"Personalia\",\"Unternehmen\"],\"articleSection\":[\"MANAGEMENT\"],\"inLanguage\":\"en-US\"},{\"@type\":\"WebPage\",\"@id\":\"https:\\\/\\\/www.organisator.ch\\\/management\\\/2019-06-12\\\/neuer-geschaeftsfuehrer-bei-der-sto-ag-schweiz-jan-malmstroem\\\/\",\"url\":\"https:\\\/\\\/www.organisator.ch\\\/management\\\/2019-06-12\\\/neuer-geschaeftsfuehrer-bei-der-sto-ag-schweiz-jan-malmstroem\\\/\",\"name\":\"Neuer Gesch\u00e4ftsf\u00fchrer bei der Sto AG Schweiz: Jan Malmstr\u00f6m - Organisator\",\"isPartOf\":{\"@id\":\"https:\\\/\\\/www.organisator.ch\\\/#website\"},\"primaryImageOfPage\":{\"@id\":\"https:\\\/\\\/www.organisator.ch\\\/management\\\/2019-06-12\\\/neuer-geschaeftsfuehrer-bei-der-sto-ag-schweiz-jan-malmstroem\\\/#primaryimage\"},\"image\":{\"@id\":\"https:\\\/\\\/www.organisator.ch\\\/management\\\/2019-06-12\\\/neuer-geschaeftsfuehrer-bei-der-sto-ag-schweiz-jan-malmstroem\\\/#primaryimage\"},\"thumbnailUrl\":\"https:\\\/\\\/www.organisator.ch\\\/wp-content\\\/uploads\\\/2019\\\/06\\\/Neuer-Geschaeftsfuehrer-bei-der-Sto-AG-Schweiz-Jan-Malmstroem_Organisator.jpg\",\"datePublished\":\"2019-06-12T14:55:07+00:00\",\"description\":\"Seit Anfang Mai ist Dr. Jan Malmstr\u00f6m (48) Gesch\u00e4ftsf\u00fchrer bei der Sto AG Schweiz \u2013 einer Tochtergesellschaft des internationalen Sto-Konzerns.\",\"breadcrumb\":{\"@id\":\"https:\\\/\\\/www.organisator.ch\\\/management\\\/2019-06-12\\\/neuer-geschaeftsfuehrer-bei-der-sto-ag-schweiz-jan-malmstroem\\\/#breadcrumb\"},\"inLanguage\":\"en-US\",\"potentialAction\":[{\"@type\":\"ReadAction\",\"target\":[\"https:\\\/\\\/www.organisator.ch\\\/management\\\/2019-06-12\\\/neuer-geschaeftsfuehrer-bei-der-sto-ag-schweiz-jan-malmstroem\\\/\"]}]},{\"@type\":\"ImageObject\",\"inLanguage\":\"en-US\",\"@id\":\"https:\\\/\\\/www.organisator.ch\\\/management\\\/2019-06-12\\\/neuer-geschaeftsfuehrer-bei-der-sto-ag-schweiz-jan-malmstroem\\\/#primaryimage\",\"url\":\"https:\\\/\\\/www.organisator.ch\\\/wp-content\\\/uploads\\\/2019\\\/06\\\/Neuer-Geschaeftsfuehrer-bei-der-Sto-AG-Schweiz-Jan-Malmstroem_Organisator.jpg\",\"contentUrl\":\"https:\\\/\\\/www.organisator.ch\\\/wp-content\\\/uploads\\\/2019\\\/06\\\/Neuer-Geschaeftsfuehrer-bei-der-Sto-AG-Schweiz-Jan-Malmstroem_Organisator.jpg\",\"width\":680,\"height\":448,\"caption\":\"Jan Malmstr\u00f6m ist seit Mai neuer Gesch\u00e4ftsf\u00fchrer des Bauzulieferers Sto AG Schweiz. (Bild: zVg \\\/ Sto AG Schweiz)\"},{\"@type\":\"BreadcrumbList\",\"@id\":\"https:\\\/\\\/www.organisator.ch\\\/management\\\/2019-06-12\\\/neuer-geschaeftsfuehrer-bei-der-sto-ag-schweiz-jan-malmstroem\\\/#breadcrumb\",\"itemListElement\":[{\"@type\":\"ListItem\",\"position\":1,\"name\":\"Home\",\"item\":\"https:\\\/\\\/www.organisator.ch\\\/\"},{\"@type\":\"ListItem\",\"position\":2,\"name\":\"Neuer Gesch\u00e4ftsf\u00fchrer bei der Sto AG Schweiz: Jan Malmstr\u00f6m\"}]},{\"@type\":\"WebSite\",\"@id\":\"https:\\\/\\\/www.organisator.ch\\\/#website\",\"url\":\"https:\\\/\\\/www.organisator.ch\\\/\",\"name\":\"Organisator\",\"description\":\"Kompetent. Praxisnah. Der ORGANISATOR bereitet in 10 Ausgaben pro Jahr die wesentlichen Themen f\u00fcr F\u00fchrungskr\u00e4fte von KMU auf.\",\"publisher\":{\"@id\":\"https:\\\/\\\/www.organisator.ch\\\/#organization\"},\"potentialAction\":[{\"@type\":\"SearchAction\",\"target\":{\"@type\":\"EntryPoint\",\"urlTemplate\":\"https:\\\/\\\/www.organisator.ch\\\/?s={search_term_string}\"},\"query-input\":{\"@type\":\"PropertyValueSpecification\",\"valueRequired\":true,\"valueName\":\"search_term_string\"}}],\"inLanguage\":\"en-US\"},{\"@type\":\"Organization\",\"@id\":\"https:\\\/\\\/www.organisator.ch\\\/#organization\",\"name\":\"Organisator\",\"url\":\"https:\\\/\\\/www.organisator.ch\\\/\",\"logo\":{\"@type\":\"ImageObject\",\"inLanguage\":\"en-US\",\"@id\":\"https:\\\/\\\/www.organisator.ch\\\/#\\\/schema\\\/logo\\\/image\\\/\",\"url\":\"https:\\\/\\\/www.organisator.ch\\\/wp-content\\\/uploads\\\/2022\\\/01\\\/Logo_Organisator_Website.png\",\"contentUrl\":\"https:\\\/\\\/www.organisator.ch\\\/wp-content\\\/uploads\\\/2022\\\/01\\\/Logo_Organisator_Website.png\",\"width\":800,\"height\":77,\"caption\":\"Organisator\"},\"image\":{\"@id\":\"https:\\\/\\\/www.organisator.ch\\\/#\\\/schema\\\/logo\\\/image\\\/\"},\"sameAs\":[\"https:\\\/\\\/www.facebook.com\\\/OrganisatorFachmagazin\",\"https:\\\/\\\/www.linkedin.com\\\/showcase\\\/organisator-das-magazin-fr-kmu\",\"https:\\\/\\\/www.xing.com\\\/news\\\/pages\\\/organisator-ch-695\",\"https:\\\/\\\/www.youtube.com\\\/channel\\\/UCGP2Sq0iWaZwT3BdIAQFYpw\"]},{\"@type\":\"Person\",\"@id\":\"https:\\\/\\\/www.organisator.ch\\\/#\\\/schema\\\/person\\\/6f650f90b2842cd4c0cc334b4e36f67e\",\"name\":\"thomas.berner\",\"image\":{\"@type\":\"ImageObject\",\"inLanguage\":\"en-US\",\"@id\":\"https:\\\/\\\/secure.gravatar.com\\\/avatar\\\/ac5001d2a36cb6c6cd3e50789007ffca834b477b74a2144564522e944eabff61?s=96&d=mm&r=g\",\"url\":\"https:\\\/\\\/secure.gravatar.com\\\/avatar\\\/ac5001d2a36cb6c6cd3e50789007ffca834b477b74a2144564522e944eabff61?s=96&d=mm&r=g\",\"contentUrl\":\"https:\\\/\\\/secure.gravatar.com\\\/avatar\\\/ac5001d2a36cb6c6cd3e50789007ffca834b477b74a2144564522e944eabff61?s=96&d=mm&r=g\",\"caption\":\"thomas.berner\"},\"url\":\"https:\\\/\\\/www.organisator.ch\\\/en\\\/author\\\/thomas-berner\\\/\"}]}<\/script>\n<!-- \/ Yoast SEO plugin. -->","yoast_head_json":{"title":"New Managing Director at Sto AG Switzerland: Jan Malmstr\u00f6m - Organizer","description":"Since the beginning of May, Dr. Jan Malmstr\u00f6m (48) has been Managing Director at Sto AG Switzerland - a subsidiary of the international Sto Group.","robots":{"index":"index","follow":"follow","max-snippet":"max-snippet:-1","max-image-preview":"max-image-preview:large","max-video-preview":"max-video-preview:-1"},"canonical":"https:\/\/www.organisator.ch\/en\/management\/2019-06-12\/neuer-geschaeftsfuehrer-bei-der-sto-ag-schweiz-jan-malmstroem\/","og_locale":"en_US","og_type":"article","og_title":"Neuer Gesch\u00e4ftsf\u00fchrer bei der Sto AG Schweiz: Jan Malmstr\u00f6m","og_description":"Seit Anfang Mai ist Dr. Jan Malmstr\u00f6m (48) Gesch\u00e4ftsf\u00fchrer bei der Sto AG Schweiz \u2013 einer Tochtergesellschaft des internationalen Sto-Konzerns.","og_url":"https:\/\/www.organisator.ch\/en\/management\/2019-06-12\/neuer-geschaeftsfuehrer-bei-der-sto-ag-schweiz-jan-malmstroem\/","og_site_name":"Organisator","article_publisher":"https:\/\/www.facebook.com\/OrganisatorFachmagazin","article_published_time":"2019-06-12T14:55:07+00:00","og_image":[{"width":680,"height":448,"url":"https:\/\/www.organisator.ch\/wp-content\/uploads\/2019\/06\/Neuer-Geschaeftsfuehrer-bei-der-Sto-AG-Schweiz-Jan-Malmstroem_Organisator.jpg","type":"image\/jpeg"}],"author":"thomas.berner","twitter_card":"summary_large_image","twitter_title":"Neuer Gesch\u00e4ftsf\u00fchrer bei der #Sto AG Schweiz: Jan #Malmstr\u00f6m","twitter_description":"Seit Anfang Mai ist Dr. Jan #Malmstr\u00f6m (48) Gesch\u00e4ftsf\u00fchrer bei der #Sto AG Schweiz \u2013 einer Tochtergesellschaft des internationalen Sto-Konzerns.","twitter_image":"https:\/\/www.organisator.ch\/wp-content\/uploads\/2019\/06\/Neuer-Gesch\u00e4ftsf\u00fchrer-bei-der-Sto-AG-Schweiz-Jan-Malmstr\u00f6m_Organisator.jpg","schema":{"@context":"https:\/\/schema.org","@graph":[{"@type":"Article","@id":"https:\/\/www.organisator.ch\/management\/2019-06-12\/neuer-geschaeftsfuehrer-bei-der-sto-ag-schweiz-jan-malmstroem\/#article","isPartOf":{"@id":"https:\/\/www.organisator.ch\/management\/2019-06-12\/neuer-geschaeftsfuehrer-bei-der-sto-ag-schweiz-jan-malmstroem\/"},"author":{"name":"thomas.berner","@id":"https:\/\/www.organisator.ch\/#\/schema\/person\/6f650f90b2842cd4c0cc334b4e36f67e"},"headline":"Neuer Gesch\u00e4ftsf\u00fchrer bei der Sto AG Schweiz: Jan Malmstr\u00f6m","datePublished":"2019-06-12T14:55:07+00:00","mainEntityOfPage":{"@id":"https:\/\/www.organisator.ch\/management\/2019-06-12\/neuer-geschaeftsfuehrer-bei-der-sto-ag-schweiz-jan-malmstroem\/"},"wordCount":297,"commentCount":0,"publisher":{"@id":"https:\/\/www.organisator.ch\/#organization"},"image":{"@id":"https:\/\/www.organisator.ch\/management\/2019-06-12\/neuer-geschaeftsfuehrer-bei-der-sto-ag-schweiz-jan-malmstroem\/#primaryimage"},"thumbnailUrl":"https:\/\/www.organisator.ch\/wp-content\/uploads\/2019\/06\/Neuer-Geschaeftsfuehrer-bei-der-Sto-AG-Schweiz-Jan-Malmstroem_Organisator.jpg","keywords":["Management und Unternehmensf\u00fchrung","Personalia","Unternehmen"],"articleSection":["MANAGEMENT"],"inLanguage":"en-US"},{"@type":"WebPage","@id":"https:\/\/www.organisator.ch\/management\/2019-06-12\/neuer-geschaeftsfuehrer-bei-der-sto-ag-schweiz-jan-malmstroem\/","url":"https:\/\/www.organisator.ch\/management\/2019-06-12\/neuer-geschaeftsfuehrer-bei-der-sto-ag-schweiz-jan-malmstroem\/","name":"New Managing Director at Sto AG Switzerland: Jan Malmstr\u00f6m - Organizer","isPartOf":{"@id":"https:\/\/www.organisator.ch\/#website"},"primaryImageOfPage":{"@id":"https:\/\/www.organisator.ch\/management\/2019-06-12\/neuer-geschaeftsfuehrer-bei-der-sto-ag-schweiz-jan-malmstroem\/#primaryimage"},"image":{"@id":"https:\/\/www.organisator.ch\/management\/2019-06-12\/neuer-geschaeftsfuehrer-bei-der-sto-ag-schweiz-jan-malmstroem\/#primaryimage"},"thumbnailUrl":"https:\/\/www.organisator.ch\/wp-content\/uploads\/2019\/06\/Neuer-Geschaeftsfuehrer-bei-der-Sto-AG-Schweiz-Jan-Malmstroem_Organisator.jpg","datePublished":"2019-06-12T14:55:07+00:00","description":"Since the beginning of May, Dr. Jan Malmstr\u00f6m (48) has been Managing Director at Sto AG Switzerland - a subsidiary of the international Sto Group.","breadcrumb":{"@id":"https:\/\/www.organisator.ch\/management\/2019-06-12\/neuer-geschaeftsfuehrer-bei-der-sto-ag-schweiz-jan-malmstroem\/#breadcrumb"},"inLanguage":"en-US","potentialAction":[{"@type":"ReadAction","target":["https:\/\/www.organisator.ch\/management\/2019-06-12\/neuer-geschaeftsfuehrer-bei-der-sto-ag-schweiz-jan-malmstroem\/"]}]},{"@type":"ImageObject","inLanguage":"en-US","@id":"https:\/\/www.organisator.ch\/management\/2019-06-12\/neuer-geschaeftsfuehrer-bei-der-sto-ag-schweiz-jan-malmstroem\/#primaryimage","url":"https:\/\/www.organisator.ch\/wp-content\/uploads\/2019\/06\/Neuer-Geschaeftsfuehrer-bei-der-Sto-AG-Schweiz-Jan-Malmstroem_Organisator.jpg","contentUrl":"https:\/\/www.organisator.ch\/wp-content\/uploads\/2019\/06\/Neuer-Geschaeftsfuehrer-bei-der-Sto-AG-Schweiz-Jan-Malmstroem_Organisator.jpg","width":680,"height":448,"caption":"Jan Malmstr\u00f6m ist seit Mai neuer Gesch\u00e4ftsf\u00fchrer des Bauzulieferers Sto AG Schweiz. (Bild: zVg \/ Sto AG Schweiz)"},{"@type":"BreadcrumbList","@id":"https:\/\/www.organisator.ch\/management\/2019-06-12\/neuer-geschaeftsfuehrer-bei-der-sto-ag-schweiz-jan-malmstroem\/#breadcrumb","itemListElement":[{"@type":"ListItem","position":1,"name":"Home","item":"https:\/\/www.organisator.ch\/"},{"@type":"ListItem","position":2,"name":"Neuer Gesch\u00e4ftsf\u00fchrer bei der Sto AG Schweiz: Jan Malmstr\u00f6m"}]},{"@type":"WebSite","@id":"https:\/\/www.organisator.ch\/#website","url":"https:\/\/www.organisator.ch\/","name":"Organizer","description":"Competent. Practical. In 10 issues per year, ORGANISATOR presents the essential topics for managers of SMEs.","publisher":{"@id":"https:\/\/www.organisator.ch\/#organization"},"potentialAction":[{"@type":"SearchAction","target":{"@type":"EntryPoint","urlTemplate":"https:\/\/www.organisator.ch\/?s={search_term_string}"},"query-input":{"@type":"PropertyValueSpecification","valueRequired":true,"valueName":"search_term_string"}}],"inLanguage":"en-US"},{"@type":"Organization","@id":"https:\/\/www.organisator.ch\/#organization","name":"Organizer","url":"https:\/\/www.organisator.ch\/","logo":{"@type":"ImageObject","inLanguage":"en-US","@id":"https:\/\/www.organisator.ch\/#\/schema\/logo\/image\/","url":"https:\/\/www.organisator.ch\/wp-content\/uploads\/2022\/01\/Logo_Organisator_Website.png","contentUrl":"https:\/\/www.organisator.ch\/wp-content\/uploads\/2022\/01\/Logo_Organisator_Website.png","width":800,"height":77,"caption":"Organisator"},"image":{"@id":"https:\/\/www.organisator.ch\/#\/schema\/logo\/image\/"},"sameAs":["https:\/\/www.facebook.com\/OrganisatorFachmagazin","https:\/\/www.linkedin.com\/showcase\/organisator-das-magazin-fr-kmu","https:\/\/www.xing.com\/news\/pages\/organisator-ch-695","https:\/\/www.youtube.com\/channel\/UCGP2Sq0iWaZwT3BdIAQFYpw"]},{"@type":"Person","@id":"https:\/\/www.organisator.ch\/#\/schema\/person\/6f650f90b2842cd4c0cc334b4e36f67e","name":"thomas.berner","image":{"@type":"ImageObject","inLanguage":"en-US","@id":"https:\/\/secure.gravatar.com\/avatar\/ac5001d2a36cb6c6cd3e50789007ffca834b477b74a2144564522e944eabff61?s=96&d=mm&r=g","url":"https:\/\/secure.gravatar.com\/avatar\/ac5001d2a36cb6c6cd3e50789007ffca834b477b74a2144564522e944eabff61?s=96&d=mm&r=g","contentUrl":"https:\/\/secure.gravatar.com\/avatar\/ac5001d2a36cb6c6cd3e50789007ffca834b477b74a2144564522e944eabff61?s=96&d=mm&r=g","caption":"thomas.berner"},"url":"https:\/\/www.organisator.ch\/en\/author\/thomas-berner\/"}]}},"_links":{"self":[{"href":"https:\/\/www.organisator.ch\/en\/wp-json\/wp\/v2\/posts\/5382","targetHints":{"allow":["GET"]}}],"collection":[{"href":"https:\/\/www.organisator.ch\/en\/wp-json\/wp\/v2\/posts"}],"about":[{"href":"https:\/\/www.organisator.ch\/en\/wp-json\/wp\/v2\/types\/post"}],"author":[{"embeddable":true,"href":"https:\/\/www.organisator.ch\/en\/wp-json\/wp\/v2\/users\/4"}],"replies":[{"embeddable":true,"href":"https:\/\/www.organisator.ch\/en\/wp-json\/wp\/v2\/comments?post=5382"}],"version-history":[{"count":0,"href":"https:\/\/www.organisator.ch\/en\/wp-json\/wp\/v2\/posts\/5382\/revisions"}],"wp:featuredmedia":[{"embeddable":true,"href":"https:\/\/www.organisator.ch\/en\/wp-json\/wp\/v2\/media\/5383"}],"wp:attachment":[{"href":"https:\/\/www.organisator.ch\/en\/wp-json\/wp\/v2\/media?parent=5382"}],"wp:term":[{"taxonomy":"category","embeddable":true,"href":"https:\/\/www.organisator.ch\/en\/wp-json\/wp\/v2\/categories?post=5382"},{"taxonomy":"post_tag","embeddable":true,"href":"https:\/\/www.organisator.ch\/en\/wp-json\/wp\/v2\/tags?post=5382"}],"curies":[{"name":"wp","href":"https:\/\/api.w.org\/{rel}","templated":true}]}}