{"id":5386,"date":"2019-06-13T10:40:22","date_gmt":"2019-06-13T08:40:22","guid":{"rendered":"https:\/\/www.organisator.ch\/?p=5386"},"modified":"2019-06-13T10:40:22","modified_gmt":"2019-06-13T08:40:22","slug":"berufliche-vorsorge-groupe-mutuel-fusioniert-ihre-beiden-vorsorgestiftungen","status":"publish","type":"post","link":"https:\/\/www.organisator.ch\/en\/management\/finanzen_recht\/2019-06-13\/berufliche-vorsorge-groupe-mutuel-fusioniert-ihre-beiden-vorsorgestiftungen\/","title":{"rendered":"Occupational benefits: Groupe Mutuel merges its two pension foundations"},"content":{"rendered":"<figure id=\"attachment_5387\" aria-describedby=\"caption-attachment-5387\" style=\"width: 680px\" class=\"wp-caption alignnone\"><img loading=\"lazy\" decoding=\"async\" class=\"size-medium wp-image-5387\" src=\"https:\/\/www.organisator.ch\/wp-content\/uploads\/2019\/06\/Berufliche-Vorsorge-Groupe-Mutuel-fusioniert-ihre-beiden-Vorsorgestiftungen_Organisator.jpg\" alt=\"\" width=\"680\" height=\"370\" srcset=\"https:\/\/www.organisator.ch\/wp-content\/uploads\/2019\/06\/Berufliche-Vorsorge-Groupe-Mutuel-fusioniert-ihre-beiden-Vorsorgestiftungen_Organisator.jpg 680w, https:\/\/www.organisator.ch\/wp-content\/uploads\/2019\/06\/Berufliche-Vorsorge-Groupe-Mutuel-fusioniert-ihre-beiden-Vorsorgestiftungen_Organisator-16x9.jpg 16w, https:\/\/www.organisator.ch\/wp-content\/uploads\/2019\/06\/Berufliche-Vorsorge-Groupe-Mutuel-fusioniert-ihre-beiden-Vorsorgestiftungen_Organisator-322x175.jpg 322w, https:\/\/www.organisator.ch\/wp-content\/uploads\/2019\/06\/Berufliche-Vorsorge-Groupe-Mutuel-fusioniert-ihre-beiden-Vorsorgestiftungen_Organisator-643x350.jpg 643w, https:\/\/www.organisator.ch\/wp-content\/uploads\/2019\/06\/Berufliche-Vorsorge-Groupe-Mutuel-fusioniert-ihre-beiden-Vorsorgestiftungen_Organisator-300x163.jpg 300w\" sizes=\"auto, (max-width: 680px) 100vw, 680px\" \/><figcaption id=\"caption-attachment-5387\" class=\"wp-caption-text\">With the merger of its two pension foundations, Groupe Mutuel strengthens its occupational pension portfolio. (Image: Groupe Mutuel company brochure)<\/figcaption><\/figure>\n<p>At the Assembly of Delegates on June 12, 2019, the two Boards of Trustees held a meeting together for the first time. The delegates of the companies affiliated to Groupe Mutuel Pension (GMP) and Valais Pension (MVP) were informed of the figures of this joining of forces. The merger, which will take effect retroactively as of January 1, 2019, is now reaching a new phase; business operations are under unified management.<\/p>\n<h2>Good financial position<\/h2>\n<p>\"The timing for this merger is favorable. With their excellent financial position, both companies are at the top of the rankings in terms of financial solidity of Swiss pension funds,\" says Karin Perraudin, President of the Board of Trustees of the new organization. Indeed, the funding ratio after the merger is 112.35 percent, and insured persons can benefit from a BVG interest rate of 2 percent. In addition, Groupe Mutuel achieved first place for the highest interest rate over ten years in a recent rating on occupational pension plans published by the SonntagsZeitung and \"Finanz und Wirtschaft\".<\/p>\n<p>In addition to the good financial situation, the foundation boards mention numerous advantages of this union that benefit the insured of both foundations. \"A larger dimension strengthens the weight of the foundation on the 2nd pillar market and in negotiations with the various partners. The simplification of processes and clearer communication based on the activities of a single organization will allow efficiency gains and greater transparency in the future,\" explains Marl\u00e8ne Rast, head of pension activities at Groupe Mutuel.<\/p>\n<h2>Switzerland-wide opening while maintaining a strong Valais identity<\/h2>\n<p>In 2018, the two pension foundations gained numerous new customers and recorded significant sales growth. These results show that the foundations' solutions meet the needs of companies from all over Switzerland. Consequently, thanks to the new structure, larger customers can also be accommodated. The primary objective remains the satisfaction of existing customers, Groupe Mutuel adds. \"We offer them first-class customer service and solutions that are among the best performing on the market in terms of returns and security.\"<\/p>\n<p>The Valaisan identity is maintained through a management entirely carried out in Valais, with the administrative headquarters in Martigny and the foundation headquarters in Sion. At the same time, the opening up to the rest of Switzerland, begun in 1994, is strengthened, ensuring future success.<\/p>\n<p><em><a href=\"http:\/\/www.groupemutuel.ch\">Groupe Mutuel<\/a><\/em><\/p>","protected":false},"excerpt":{"rendered":"<p>An der Delegiertenversammlung vom 12. Juni 2019 haben die beiden Stiftungsr\u00e4te zum ersten Mal zusammen eine Sitzung abgehalten. Den Delegierten der Unternehmen, die der Groupe Mutuel Vorsorge (GMP) und der Walliser Vorsorge (MVP) angeschlossen sind, wurden die Zahlen dieser B\u00fcndelung der Kr\u00e4fte mitgeteilt. Die Fusion, die r\u00fcckwirkend per 1. Januar 2019 in Kraft tritt, erreicht [&hellip;]<\/p>\n","protected":false},"author":4,"featured_media":5387,"comment_status":"open","ping_status":"open","sticky":false,"template":"","format":"standard","meta":{"_acf_changed":false,"_yoast_wpseo_focuskw":"Berufliche Vorsorge","_yoast_wpseo_metadesc":"Berufliche Vorsorge: Die Groupe Mutuel Vorsorge (GMP) und die Walliser Vorsorge (MVP) haben am 12. Juni ihre Fusion bekannt gegeben.","articlekey":"","footnotes":""},"categories":[24],"tags":[202,377,492,516],"class_list":["post-5386","post","type-post","status-publish","format-standard","has-post-thumbnail","hentry","category-finanzen_recht","tag-finanzenrecht","tag-pensionskassen","tag-unternehmen","tag-vorsorge"],"acf":[],"yoast_head":"<!-- This site is optimized with the Yoast SEO plugin v27.4 - https:\/\/yoast.com\/product\/yoast-seo-wordpress\/ -->\n<title>Berufliche Vorsorge: Groupe Mutuel fusioniert ihre beiden Vorsorgestiftungen - Organisator<\/title>\n<meta name=\"description\" content=\"Berufliche Vorsorge: Die Groupe Mutuel Vorsorge (GMP) und die Walliser Vorsorge (MVP) haben am 12. Juni ihre Fusion bekannt gegeben.\" \/>\n<meta name=\"robots\" content=\"index, follow, max-snippet:-1, max-image-preview:large, max-video-preview:-1\" \/>\n<link rel=\"canonical\" href=\"https:\/\/www.organisator.ch\/en\/management\/finanzen_recht\/2019-06-13\/berufliche-vorsorge-groupe-mutuel-fusioniert-ihre-beiden-vorsorgestiftungen\/\" \/>\n<meta property=\"og:locale\" content=\"en_US\" \/>\n<meta property=\"og:type\" content=\"article\" \/>\n<meta property=\"og:title\" content=\"Berufliche Vorsorge: Groupe Mutuel fusioniert ihre beiden Vorsorgestiftungen\" \/>\n<meta property=\"og:description\" content=\"Berufliche Vorsorge: Die Groupe Mutuel Vorsorge (GMP) und die Walliser Vorsorge (MVP) haben am 12. Juni ihre Fusion bekannt gegeben.\" \/>\n<meta property=\"og:url\" content=\"https:\/\/www.organisator.ch\/en\/management\/finanzen_recht\/2019-06-13\/berufliche-vorsorge-groupe-mutuel-fusioniert-ihre-beiden-vorsorgestiftungen\/\" \/>\n<meta property=\"og:site_name\" content=\"Organisator\" \/>\n<meta property=\"article:publisher\" content=\"https:\/\/www.facebook.com\/OrganisatorFachmagazin\" \/>\n<meta property=\"article:published_time\" content=\"2019-06-13T08:40:22+00:00\" \/>\n<meta property=\"og:image\" content=\"https:\/\/www.organisator.ch\/wp-content\/uploads\/2019\/06\/Berufliche-Vorsorge-Groupe-Mutuel-fusioniert-ihre-beiden-Vorsorgestiftungen_Organisator.jpg\" \/>\n\t<meta property=\"og:image:width\" content=\"680\" \/>\n\t<meta property=\"og:image:height\" content=\"370\" \/>\n\t<meta property=\"og:image:type\" content=\"image\/jpeg\" \/>\n<meta name=\"author\" content=\"thomas.berner\" \/>\n<meta name=\"twitter:card\" content=\"summary_large_image\" \/>\n<meta name=\"twitter:title\" content=\"Berufliche Vorsorge: #GroupeMutuel fusioniert ihre beiden #Vorsorgestiftungen\" \/>\n<meta name=\"twitter:description\" content=\"Berufliche #Vorsorge: Die Groupe Mutuel Vorsorge (GMP) und die Walliser Vorsorge (MVP) haben am 12. Juni ihre Fusion bekannt gegeben.\" \/>\n<meta name=\"twitter:image\" content=\"https:\/\/www.organisator.ch\/wp-content\/uploads\/2019\/06\/Berufliche-Vorsorge-Groupe-Mutuel-fusioniert-ihre-beiden-Vorsorgestiftungen_Organisator.jpg\" \/>\n<script type=\"application\/ld+json\" class=\"yoast-schema-graph\">{\"@context\":\"https:\\\/\\\/schema.org\",\"@graph\":[{\"@type\":\"Article\",\"@id\":\"https:\\\/\\\/www.organisator.ch\\\/management\\\/finanzen_recht\\\/2019-06-13\\\/berufliche-vorsorge-groupe-mutuel-fusioniert-ihre-beiden-vorsorgestiftungen\\\/#article\",\"isPartOf\":{\"@id\":\"https:\\\/\\\/www.organisator.ch\\\/management\\\/finanzen_recht\\\/2019-06-13\\\/berufliche-vorsorge-groupe-mutuel-fusioniert-ihre-beiden-vorsorgestiftungen\\\/\"},\"author\":{\"name\":\"thomas.berner\",\"@id\":\"https:\\\/\\\/www.organisator.ch\\\/#\\\/schema\\\/person\\\/6f650f90b2842cd4c0cc334b4e36f67e\"},\"headline\":\"Berufliche Vorsorge: Groupe Mutuel fusioniert ihre beiden Vorsorgestiftungen\",\"datePublished\":\"2019-06-13T08:40:22+00:00\",\"mainEntityOfPage\":{\"@id\":\"https:\\\/\\\/www.organisator.ch\\\/management\\\/finanzen_recht\\\/2019-06-13\\\/berufliche-vorsorge-groupe-mutuel-fusioniert-ihre-beiden-vorsorgestiftungen\\\/\"},\"wordCount\":416,\"commentCount\":0,\"publisher\":{\"@id\":\"https:\\\/\\\/www.organisator.ch\\\/#organization\"},\"image\":{\"@id\":\"https:\\\/\\\/www.organisator.ch\\\/management\\\/finanzen_recht\\\/2019-06-13\\\/berufliche-vorsorge-groupe-mutuel-fusioniert-ihre-beiden-vorsorgestiftungen\\\/#primaryimage\"},\"thumbnailUrl\":\"https:\\\/\\\/www.organisator.ch\\\/wp-content\\\/uploads\\\/2019\\\/06\\\/Berufliche-Vorsorge-Groupe-Mutuel-fusioniert-ihre-beiden-Vorsorgestiftungen_Organisator.jpg\",\"keywords\":[\"Finanzen\\\/Recht\",\"Pensionskassen\",\"Unternehmen\",\"Vorsorge\"],\"articleSection\":[\"FINANZEN\\\/RECHT\"],\"inLanguage\":\"en-US\"},{\"@type\":\"WebPage\",\"@id\":\"https:\\\/\\\/www.organisator.ch\\\/management\\\/finanzen_recht\\\/2019-06-13\\\/berufliche-vorsorge-groupe-mutuel-fusioniert-ihre-beiden-vorsorgestiftungen\\\/\",\"url\":\"https:\\\/\\\/www.organisator.ch\\\/management\\\/finanzen_recht\\\/2019-06-13\\\/berufliche-vorsorge-groupe-mutuel-fusioniert-ihre-beiden-vorsorgestiftungen\\\/\",\"name\":\"Berufliche Vorsorge: Groupe Mutuel fusioniert ihre beiden Vorsorgestiftungen - Organisator\",\"isPartOf\":{\"@id\":\"https:\\\/\\\/www.organisator.ch\\\/#website\"},\"primaryImageOfPage\":{\"@id\":\"https:\\\/\\\/www.organisator.ch\\\/management\\\/finanzen_recht\\\/2019-06-13\\\/berufliche-vorsorge-groupe-mutuel-fusioniert-ihre-beiden-vorsorgestiftungen\\\/#primaryimage\"},\"image\":{\"@id\":\"https:\\\/\\\/www.organisator.ch\\\/management\\\/finanzen_recht\\\/2019-06-13\\\/berufliche-vorsorge-groupe-mutuel-fusioniert-ihre-beiden-vorsorgestiftungen\\\/#primaryimage\"},\"thumbnailUrl\":\"https:\\\/\\\/www.organisator.ch\\\/wp-content\\\/uploads\\\/2019\\\/06\\\/Berufliche-Vorsorge-Groupe-Mutuel-fusioniert-ihre-beiden-Vorsorgestiftungen_Organisator.jpg\",\"datePublished\":\"2019-06-13T08:40:22+00:00\",\"description\":\"Berufliche Vorsorge: Die Groupe Mutuel Vorsorge (GMP) und die Walliser Vorsorge (MVP) haben am 12. Juni ihre Fusion bekannt gegeben.\",\"breadcrumb\":{\"@id\":\"https:\\\/\\\/www.organisator.ch\\\/management\\\/finanzen_recht\\\/2019-06-13\\\/berufliche-vorsorge-groupe-mutuel-fusioniert-ihre-beiden-vorsorgestiftungen\\\/#breadcrumb\"},\"inLanguage\":\"en-US\",\"potentialAction\":[{\"@type\":\"ReadAction\",\"target\":[\"https:\\\/\\\/www.organisator.ch\\\/management\\\/finanzen_recht\\\/2019-06-13\\\/berufliche-vorsorge-groupe-mutuel-fusioniert-ihre-beiden-vorsorgestiftungen\\\/\"]}]},{\"@type\":\"ImageObject\",\"inLanguage\":\"en-US\",\"@id\":\"https:\\\/\\\/www.organisator.ch\\\/management\\\/finanzen_recht\\\/2019-06-13\\\/berufliche-vorsorge-groupe-mutuel-fusioniert-ihre-beiden-vorsorgestiftungen\\\/#primaryimage\",\"url\":\"https:\\\/\\\/www.organisator.ch\\\/wp-content\\\/uploads\\\/2019\\\/06\\\/Berufliche-Vorsorge-Groupe-Mutuel-fusioniert-ihre-beiden-Vorsorgestiftungen_Organisator.jpg\",\"contentUrl\":\"https:\\\/\\\/www.organisator.ch\\\/wp-content\\\/uploads\\\/2019\\\/06\\\/Berufliche-Vorsorge-Groupe-Mutuel-fusioniert-ihre-beiden-Vorsorgestiftungen_Organisator.jpg\",\"width\":680,\"height\":370,\"caption\":\"Mit der Fusion ihrer beiden Vorsorgestiftungen st\u00e4rkt Groupe Mutuel das Portfolio f\u00fcr die berufliche Vorsorge. (Bild: Groupe Mutuel)\"},{\"@type\":\"BreadcrumbList\",\"@id\":\"https:\\\/\\\/www.organisator.ch\\\/management\\\/finanzen_recht\\\/2019-06-13\\\/berufliche-vorsorge-groupe-mutuel-fusioniert-ihre-beiden-vorsorgestiftungen\\\/#breadcrumb\",\"itemListElement\":[{\"@type\":\"ListItem\",\"position\":1,\"name\":\"Home\",\"item\":\"https:\\\/\\\/www.organisator.ch\\\/\"},{\"@type\":\"ListItem\",\"position\":2,\"name\":\"Berufliche Vorsorge: Groupe Mutuel fusioniert ihre beiden Vorsorgestiftungen\"}]},{\"@type\":\"WebSite\",\"@id\":\"https:\\\/\\\/www.organisator.ch\\\/#website\",\"url\":\"https:\\\/\\\/www.organisator.ch\\\/\",\"name\":\"Organisator\",\"description\":\"Kompetent. Praxisnah. Der ORGANISATOR bereitet in 10 Ausgaben pro Jahr die wesentlichen Themen f\u00fcr F\u00fchrungskr\u00e4fte von KMU auf.\",\"publisher\":{\"@id\":\"https:\\\/\\\/www.organisator.ch\\\/#organization\"},\"potentialAction\":[{\"@type\":\"SearchAction\",\"target\":{\"@type\":\"EntryPoint\",\"urlTemplate\":\"https:\\\/\\\/www.organisator.ch\\\/?s={search_term_string}\"},\"query-input\":{\"@type\":\"PropertyValueSpecification\",\"valueRequired\":true,\"valueName\":\"search_term_string\"}}],\"inLanguage\":\"en-US\"},{\"@type\":\"Organization\",\"@id\":\"https:\\\/\\\/www.organisator.ch\\\/#organization\",\"name\":\"Organisator\",\"url\":\"https:\\\/\\\/www.organisator.ch\\\/\",\"logo\":{\"@type\":\"ImageObject\",\"inLanguage\":\"en-US\",\"@id\":\"https:\\\/\\\/www.organisator.ch\\\/#\\\/schema\\\/logo\\\/image\\\/\",\"url\":\"https:\\\/\\\/www.organisator.ch\\\/wp-content\\\/uploads\\\/2022\\\/01\\\/Logo_Organisator_Website.png\",\"contentUrl\":\"https:\\\/\\\/www.organisator.ch\\\/wp-content\\\/uploads\\\/2022\\\/01\\\/Logo_Organisator_Website.png\",\"width\":800,\"height\":77,\"caption\":\"Organisator\"},\"image\":{\"@id\":\"https:\\\/\\\/www.organisator.ch\\\/#\\\/schema\\\/logo\\\/image\\\/\"},\"sameAs\":[\"https:\\\/\\\/www.facebook.com\\\/OrganisatorFachmagazin\",\"https:\\\/\\\/www.linkedin.com\\\/showcase\\\/organisator-das-magazin-fr-kmu\",\"https:\\\/\\\/www.xing.com\\\/news\\\/pages\\\/organisator-ch-695\",\"https:\\\/\\\/www.youtube.com\\\/channel\\\/UCGP2Sq0iWaZwT3BdIAQFYpw\"]},{\"@type\":\"Person\",\"@id\":\"https:\\\/\\\/www.organisator.ch\\\/#\\\/schema\\\/person\\\/6f650f90b2842cd4c0cc334b4e36f67e\",\"name\":\"thomas.berner\",\"image\":{\"@type\":\"ImageObject\",\"inLanguage\":\"en-US\",\"@id\":\"https:\\\/\\\/secure.gravatar.com\\\/avatar\\\/ac5001d2a36cb6c6cd3e50789007ffca834b477b74a2144564522e944eabff61?s=96&d=mm&r=g\",\"url\":\"https:\\\/\\\/secure.gravatar.com\\\/avatar\\\/ac5001d2a36cb6c6cd3e50789007ffca834b477b74a2144564522e944eabff61?s=96&d=mm&r=g\",\"contentUrl\":\"https:\\\/\\\/secure.gravatar.com\\\/avatar\\\/ac5001d2a36cb6c6cd3e50789007ffca834b477b74a2144564522e944eabff61?s=96&d=mm&r=g\",\"caption\":\"thomas.berner\"},\"url\":\"https:\\\/\\\/www.organisator.ch\\\/en\\\/author\\\/thomas-berner\\\/\"}]}<\/script>\n<!-- \/ Yoast SEO plugin. -->","yoast_head_json":{"title":"Occupational benefits: Groupe Mutuel merges its two pension foundations - Organizer","description":"Occupational benefits: Groupe Mutuel Pension (GMP) and Valais Pension (MVP) announced their merger on June 12.","robots":{"index":"index","follow":"follow","max-snippet":"max-snippet:-1","max-image-preview":"max-image-preview:large","max-video-preview":"max-video-preview:-1"},"canonical":"https:\/\/www.organisator.ch\/en\/management\/finanzen_recht\/2019-06-13\/berufliche-vorsorge-groupe-mutuel-fusioniert-ihre-beiden-vorsorgestiftungen\/","og_locale":"en_US","og_type":"article","og_title":"Berufliche Vorsorge: Groupe Mutuel fusioniert ihre beiden Vorsorgestiftungen","og_description":"Berufliche Vorsorge: Die Groupe Mutuel Vorsorge (GMP) und die Walliser Vorsorge (MVP) haben am 12. Juni ihre Fusion bekannt gegeben.","og_url":"https:\/\/www.organisator.ch\/en\/management\/finanzen_recht\/2019-06-13\/berufliche-vorsorge-groupe-mutuel-fusioniert-ihre-beiden-vorsorgestiftungen\/","og_site_name":"Organisator","article_publisher":"https:\/\/www.facebook.com\/OrganisatorFachmagazin","article_published_time":"2019-06-13T08:40:22+00:00","og_image":[{"width":680,"height":370,"url":"https:\/\/www.organisator.ch\/wp-content\/uploads\/2019\/06\/Berufliche-Vorsorge-Groupe-Mutuel-fusioniert-ihre-beiden-Vorsorgestiftungen_Organisator.jpg","type":"image\/jpeg"}],"author":"thomas.berner","twitter_card":"summary_large_image","twitter_title":"Berufliche Vorsorge: #GroupeMutuel fusioniert ihre beiden #Vorsorgestiftungen","twitter_description":"Berufliche #Vorsorge: Die Groupe Mutuel Vorsorge (GMP) und die Walliser Vorsorge (MVP) haben am 12. Juni ihre Fusion bekannt gegeben.","twitter_image":"https:\/\/www.organisator.ch\/wp-content\/uploads\/2019\/06\/Berufliche-Vorsorge-Groupe-Mutuel-fusioniert-ihre-beiden-Vorsorgestiftungen_Organisator.jpg","schema":{"@context":"https:\/\/schema.org","@graph":[{"@type":"Article","@id":"https:\/\/www.organisator.ch\/management\/finanzen_recht\/2019-06-13\/berufliche-vorsorge-groupe-mutuel-fusioniert-ihre-beiden-vorsorgestiftungen\/#article","isPartOf":{"@id":"https:\/\/www.organisator.ch\/management\/finanzen_recht\/2019-06-13\/berufliche-vorsorge-groupe-mutuel-fusioniert-ihre-beiden-vorsorgestiftungen\/"},"author":{"name":"thomas.berner","@id":"https:\/\/www.organisator.ch\/#\/schema\/person\/6f650f90b2842cd4c0cc334b4e36f67e"},"headline":"Berufliche Vorsorge: Groupe Mutuel fusioniert ihre beiden Vorsorgestiftungen","datePublished":"2019-06-13T08:40:22+00:00","mainEntityOfPage":{"@id":"https:\/\/www.organisator.ch\/management\/finanzen_recht\/2019-06-13\/berufliche-vorsorge-groupe-mutuel-fusioniert-ihre-beiden-vorsorgestiftungen\/"},"wordCount":416,"commentCount":0,"publisher":{"@id":"https:\/\/www.organisator.ch\/#organization"},"image":{"@id":"https:\/\/www.organisator.ch\/management\/finanzen_recht\/2019-06-13\/berufliche-vorsorge-groupe-mutuel-fusioniert-ihre-beiden-vorsorgestiftungen\/#primaryimage"},"thumbnailUrl":"https:\/\/www.organisator.ch\/wp-content\/uploads\/2019\/06\/Berufliche-Vorsorge-Groupe-Mutuel-fusioniert-ihre-beiden-Vorsorgestiftungen_Organisator.jpg","keywords":["Finanzen\/Recht","Pensionskassen","Unternehmen","Vorsorge"],"articleSection":["FINANZEN\/RECHT"],"inLanguage":"en-US"},{"@type":"WebPage","@id":"https:\/\/www.organisator.ch\/management\/finanzen_recht\/2019-06-13\/berufliche-vorsorge-groupe-mutuel-fusioniert-ihre-beiden-vorsorgestiftungen\/","url":"https:\/\/www.organisator.ch\/management\/finanzen_recht\/2019-06-13\/berufliche-vorsorge-groupe-mutuel-fusioniert-ihre-beiden-vorsorgestiftungen\/","name":"Occupational benefits: Groupe Mutuel merges its two pension foundations - Organizer","isPartOf":{"@id":"https:\/\/www.organisator.ch\/#website"},"primaryImageOfPage":{"@id":"https:\/\/www.organisator.ch\/management\/finanzen_recht\/2019-06-13\/berufliche-vorsorge-groupe-mutuel-fusioniert-ihre-beiden-vorsorgestiftungen\/#primaryimage"},"image":{"@id":"https:\/\/www.organisator.ch\/management\/finanzen_recht\/2019-06-13\/berufliche-vorsorge-groupe-mutuel-fusioniert-ihre-beiden-vorsorgestiftungen\/#primaryimage"},"thumbnailUrl":"https:\/\/www.organisator.ch\/wp-content\/uploads\/2019\/06\/Berufliche-Vorsorge-Groupe-Mutuel-fusioniert-ihre-beiden-Vorsorgestiftungen_Organisator.jpg","datePublished":"2019-06-13T08:40:22+00:00","description":"Occupational benefits: Groupe Mutuel Pension (GMP) and Valais Pension (MVP) announced their merger on June 12.","breadcrumb":{"@id":"https:\/\/www.organisator.ch\/management\/finanzen_recht\/2019-06-13\/berufliche-vorsorge-groupe-mutuel-fusioniert-ihre-beiden-vorsorgestiftungen\/#breadcrumb"},"inLanguage":"en-US","potentialAction":[{"@type":"ReadAction","target":["https:\/\/www.organisator.ch\/management\/finanzen_recht\/2019-06-13\/berufliche-vorsorge-groupe-mutuel-fusioniert-ihre-beiden-vorsorgestiftungen\/"]}]},{"@type":"ImageObject","inLanguage":"en-US","@id":"https:\/\/www.organisator.ch\/management\/finanzen_recht\/2019-06-13\/berufliche-vorsorge-groupe-mutuel-fusioniert-ihre-beiden-vorsorgestiftungen\/#primaryimage","url":"https:\/\/www.organisator.ch\/wp-content\/uploads\/2019\/06\/Berufliche-Vorsorge-Groupe-Mutuel-fusioniert-ihre-beiden-Vorsorgestiftungen_Organisator.jpg","contentUrl":"https:\/\/www.organisator.ch\/wp-content\/uploads\/2019\/06\/Berufliche-Vorsorge-Groupe-Mutuel-fusioniert-ihre-beiden-Vorsorgestiftungen_Organisator.jpg","width":680,"height":370,"caption":"Mit der Fusion ihrer beiden Vorsorgestiftungen st\u00e4rkt Groupe Mutuel das Portfolio f\u00fcr die berufliche Vorsorge. (Bild: Groupe Mutuel)"},{"@type":"BreadcrumbList","@id":"https:\/\/www.organisator.ch\/management\/finanzen_recht\/2019-06-13\/berufliche-vorsorge-groupe-mutuel-fusioniert-ihre-beiden-vorsorgestiftungen\/#breadcrumb","itemListElement":[{"@type":"ListItem","position":1,"name":"Home","item":"https:\/\/www.organisator.ch\/"},{"@type":"ListItem","position":2,"name":"Berufliche Vorsorge: Groupe Mutuel fusioniert ihre beiden Vorsorgestiftungen"}]},{"@type":"WebSite","@id":"https:\/\/www.organisator.ch\/#website","url":"https:\/\/www.organisator.ch\/","name":"Organizer","description":"Competent. Practical. In 10 issues per year, ORGANISATOR presents the essential topics for managers of SMEs.","publisher":{"@id":"https:\/\/www.organisator.ch\/#organization"},"potentialAction":[{"@type":"SearchAction","target":{"@type":"EntryPoint","urlTemplate":"https:\/\/www.organisator.ch\/?s={search_term_string}"},"query-input":{"@type":"PropertyValueSpecification","valueRequired":true,"valueName":"search_term_string"}}],"inLanguage":"en-US"},{"@type":"Organization","@id":"https:\/\/www.organisator.ch\/#organization","name":"Organizer","url":"https:\/\/www.organisator.ch\/","logo":{"@type":"ImageObject","inLanguage":"en-US","@id":"https:\/\/www.organisator.ch\/#\/schema\/logo\/image\/","url":"https:\/\/www.organisator.ch\/wp-content\/uploads\/2022\/01\/Logo_Organisator_Website.png","contentUrl":"https:\/\/www.organisator.ch\/wp-content\/uploads\/2022\/01\/Logo_Organisator_Website.png","width":800,"height":77,"caption":"Organisator"},"image":{"@id":"https:\/\/www.organisator.ch\/#\/schema\/logo\/image\/"},"sameAs":["https:\/\/www.facebook.com\/OrganisatorFachmagazin","https:\/\/www.linkedin.com\/showcase\/organisator-das-magazin-fr-kmu","https:\/\/www.xing.com\/news\/pages\/organisator-ch-695","https:\/\/www.youtube.com\/channel\/UCGP2Sq0iWaZwT3BdIAQFYpw"]},{"@type":"Person","@id":"https:\/\/www.organisator.ch\/#\/schema\/person\/6f650f90b2842cd4c0cc334b4e36f67e","name":"thomas.berner","image":{"@type":"ImageObject","inLanguage":"en-US","@id":"https:\/\/secure.gravatar.com\/avatar\/ac5001d2a36cb6c6cd3e50789007ffca834b477b74a2144564522e944eabff61?s=96&d=mm&r=g","url":"https:\/\/secure.gravatar.com\/avatar\/ac5001d2a36cb6c6cd3e50789007ffca834b477b74a2144564522e944eabff61?s=96&d=mm&r=g","contentUrl":"https:\/\/secure.gravatar.com\/avatar\/ac5001d2a36cb6c6cd3e50789007ffca834b477b74a2144564522e944eabff61?s=96&d=mm&r=g","caption":"thomas.berner"},"url":"https:\/\/www.organisator.ch\/en\/author\/thomas-berner\/"}]}},"_links":{"self":[{"href":"https:\/\/www.organisator.ch\/en\/wp-json\/wp\/v2\/posts\/5386","targetHints":{"allow":["GET"]}}],"collection":[{"href":"https:\/\/www.organisator.ch\/en\/wp-json\/wp\/v2\/posts"}],"about":[{"href":"https:\/\/www.organisator.ch\/en\/wp-json\/wp\/v2\/types\/post"}],"author":[{"embeddable":true,"href":"https:\/\/www.organisator.ch\/en\/wp-json\/wp\/v2\/users\/4"}],"replies":[{"embeddable":true,"href":"https:\/\/www.organisator.ch\/en\/wp-json\/wp\/v2\/comments?post=5386"}],"version-history":[{"count":0,"href":"https:\/\/www.organisator.ch\/en\/wp-json\/wp\/v2\/posts\/5386\/revisions"}],"wp:featuredmedia":[{"embeddable":true,"href":"https:\/\/www.organisator.ch\/en\/wp-json\/wp\/v2\/media\/5387"}],"wp:attachment":[{"href":"https:\/\/www.organisator.ch\/en\/wp-json\/wp\/v2\/media?parent=5386"}],"wp:term":[{"taxonomy":"category","embeddable":true,"href":"https:\/\/www.organisator.ch\/en\/wp-json\/wp\/v2\/categories?post=5386"},{"taxonomy":"post_tag","embeddable":true,"href":"https:\/\/www.organisator.ch\/en\/wp-json\/wp\/v2\/tags?post=5386"}],"curies":[{"name":"wp","href":"https:\/\/api.w.org\/{rel}","templated":true}]}}