{"id":5405,"date":"2019-06-17T09:28:25","date_gmt":"2019-06-17T07:28:25","guid":{"rendered":"https:\/\/www.organisator.ch\/?p=5405"},"modified":"2019-06-17T09:28:25","modified_gmt":"2019-06-17T07:28:25","slug":"teilzeitarbeit-in-der-schweiz-besonders-eltern-wollen-kaum-mehr-vollzeit-arbeiten","status":"publish","type":"post","link":"https:\/\/www.organisator.ch\/en\/management\/finanzen_recht\/2019-06-17\/teilzeitarbeit-in-der-schweiz-besonders-eltern-wollen-kaum-mehr-vollzeit-arbeiten\/","title":{"rendered":"Part-time work in Switzerland: Parents in particular hardly want to work full-time anymore"},"content":{"rendered":"<figure id=\"attachment_5406\" aria-describedby=\"caption-attachment-5406\" style=\"width: 680px\" class=\"wp-caption alignnone\"><img loading=\"lazy\" decoding=\"async\" class=\"size-medium wp-image-5406\" src=\"https:\/\/www.organisator.ch\/wp-content\/uploads\/2019\/06\/Teilzeitarbeit-in-der-Schweiz-Besonders-Eltern-wollen-kaum-mehr-Vollzeit-arbeiten_Organisator.jpg\" alt=\"\" width=\"680\" height=\"466\" srcset=\"https:\/\/www.organisator.ch\/wp-content\/uploads\/2019\/06\/Teilzeitarbeit-in-der-Schweiz-Besonders-Eltern-wollen-kaum-mehr-Vollzeit-arbeiten_Organisator.jpg 680w, https:\/\/www.organisator.ch\/wp-content\/uploads\/2019\/06\/Teilzeitarbeit-in-der-Schweiz-Besonders-Eltern-wollen-kaum-mehr-Vollzeit-arbeiten_Organisator-16x12.jpg 16w, https:\/\/www.organisator.ch\/wp-content\/uploads\/2019\/06\/Teilzeitarbeit-in-der-Schweiz-Besonders-Eltern-wollen-kaum-mehr-Vollzeit-arbeiten_Organisator-255x175.jpg 255w, https:\/\/www.organisator.ch\/wp-content\/uploads\/2019\/06\/Teilzeitarbeit-in-der-Schweiz-Besonders-Eltern-wollen-kaum-mehr-Vollzeit-arbeiten_Organisator-511x350.jpg 511w, https:\/\/www.organisator.ch\/wp-content\/uploads\/2019\/06\/Teilzeitarbeit-in-der-Schweiz-Besonders-Eltern-wollen-kaum-mehr-Vollzeit-arbeiten_Organisator-300x206.jpg 300w\" sizes=\"auto, (max-width: 680px) 100vw, 680px\" \/><figcaption id=\"caption-attachment-5406\" class=\"wp-caption-text\">Most parents want to work part-time. However, they are hardly aware of the impact that part-time work has on their budget and their own pension situation. (Image: zVg Swiss Life)<\/figcaption><\/figure>\n<p>Switzerland is a part-time nation: 37% of the Swiss workforce work part-time. In a European comparison, this means second place behind the Netherlands. In 62% of Swiss families, at least one parent works part-time, according to the latest figures from the Federal Statistical Office. Swiss Life wanted to know in more detail how self-determined Swiss families are in dealing with the issue of part-time work and conducted a representative survey of 912 parents in households with children up to the age of twelve. <span style=\"display: inline !important; float: none; background-color: transparent; color: #333333; cursor: text; font-family: Georgia,'Times New Roman','Bitstream Charter',Times,serif; font-size: 16px; font-style: normal; font-variant: normal; font-weight: 400; letter-spacing: normal; orphans: 2; text-align: left; text-decoration: none; text-indent: 0px; text-transform: none; -webkit-text-stroke-width: 0px; white-space: normal; word-spacing: 0px;\">The results are representative of the target group surveyed.<\/span><\/p>\n<h2>Only 8% of Swiss parents want to work full-time<\/h2>\n<p>Family and a full-time job often seem to be a necessary evil for Swiss parents. Only just 8% of them would work full-time if they could choose freely. For fathers, the figure is somewhat higher at 13%, and for mothers it is as low as 4%. The reality is different: In fact, 76% of the fathers surveyed and 11% of the mothers work full-time today. The desire for a reduced workload is matched by the fact that only 12% of the parents state professional success as an important goal for the next ten years. They consider leading a happy family life (64%) and having enough time for their own children (54%) to be much more desirable.<\/p>\n<h2>Swiss Parents Decide Self-Determinedly for Part-Time Work<\/h2>\n<p>Those Swiss parents who work part-time have generally made a conscious decision to do so. Only 5% work part-time because they could not find a full-time job. As a reason for the decision to work part-time, 94% of mothers state that they are concerned about childcare and running the household. A better work-life balance is hoped for by 34%. Among fathers, the main reason for part-time work is also childcare and household chores (61%). Almost equally important for them, however, is work-life balance: 59% of fathers cite this as an important reason for part-time work.<\/p>\n<h2>Part-time parents feel less stressed at work and experience more appreciation<\/h2>\n<p>Part-time work not only leaves more time for the family, it also seems to be linked to other positive factors. While 28% of parents with a full-time job feel highly stressed at work, the figure for part-time parents is only 15%. And the perceived higher stress in the full-time workload is not rewarded by more appreciation - on the contrary: just under half (46%) of the parents with part-time jobs say that their work gives them appreciation. Among parents with a full-time workload, the figure is only 37%.<\/p>\n<h2>Money, not career, is the main reason for a full-time job<\/h2>\n<p>Around three quarters (74%) of parents with full-time jobs cite the higher income as an important reason for their workload. Only 24% of them work full-time for the fun of it. It fits into this picture that financial self-determination is very important for Swiss parents. Financial independence ranks second on their list of priorities after their own family - ahead of friends and career.<\/p>\n<h2>Part-time work: effects on budget and own pension situation hardly known<\/h2>\n<p>Part-time work has financial consequences. All the more surprising: only just 39% of Swiss parents have already calculated in detail how part-time work affects the household budget. Even fewer, namely 27%, have already given serious thought to how their workload will affect their retirement provision. It is surprising how many parents would like to work part-time, but have never calculated such a scenario.<\/p>\n<h2>New online calculator offers support for financial part-time check<\/h2>\n<p>In addition to salary, part-time work can have an impact on a whole range of other factors, such as childcare costs, tax deductions or tax progression. To help you keep track of this, Swiss Life has developed the <a href=\"http:\/\/www.swisslife.ch\/teilzeitrechner\">Online part-time calculator<\/a> which can be used to easily show the effects of different scenarios on the household budget. For families, the calculator is a first step on the path to the right part-time mix and more financial confidence for their self-determined lives.<\/p>\n<p><em>Source: <a href=\"http:\/\/www.swisslife.ch\">Swiss Life<\/a><\/em><\/p>","protected":false},"excerpt":{"rendered":"<p>Die Schweiz ist eine Teilzeitnation: 37% der Schweizer Erwerbst\u00e4tigen arbeiten Teilzeit. Im europ\u00e4ischen Vergleich bedeutet das Platz zwei hinter den Niederlanden. Bei 62% der Schweizer Familien arbeitet mindestens ein Elternteil Teilzeit, wie aktuelle Zahlen des Bundesamts f\u00fcr Statistik zeigen. Swiss Life wollte genauer wissen, wie selbstbestimmt Schweizer Familien mit dem Thema Teilzeitarbeit umgehen, und f\u00fchrte [&hellip;]<\/p>\n","protected":false},"author":4,"featured_media":5406,"comment_status":"open","ping_status":"open","sticky":false,"template":"","format":"standard","meta":{"_acf_changed":false,"_yoast_wpseo_focuskw":"Teilzeitarbeit","_yoast_wpseo_metadesc":"92% der Schweizer Eltern w\u00fcrden am liebsten Teilzeit arbeiten. Gleichzeitig ist ihnen finanzielle Selbstbestimmung wichtig.","articlekey":"","footnotes":""},"categories":[24],"tags":[51,202,459,476,516,538],"class_list":["post-5405","post","type-post","status-publish","format-standard","has-post-thumbnail","hentry","category-finanzen_recht","tag-arbeitsplatzgestaltung","tag-finanzenrecht","tag-studie","tag-teilzeitarbeit","tag-vorsorge","tag-work-life-balance"],"acf":[],"yoast_head":"<!-- This site is optimized with the Yoast SEO plugin v27.4 - https:\/\/yoast.com\/product\/yoast-seo-wordpress\/ -->\n<title>Teilzeitarbeit in der Schweiz: Besonders Eltern wollen kaum mehr Vollzeit arbeiten - Organisator<\/title>\n<meta name=\"description\" content=\"92% der Schweizer Eltern w\u00fcrden am liebsten Teilzeit arbeiten. Gleichzeitig ist ihnen finanzielle Selbstbestimmung wichtig.\" \/>\n<meta name=\"robots\" content=\"index, follow, max-snippet:-1, max-image-preview:large, max-video-preview:-1\" \/>\n<link rel=\"canonical\" href=\"https:\/\/www.organisator.ch\/en\/management\/finanzen_recht\/2019-06-17\/teilzeitarbeit-in-der-schweiz-besonders-eltern-wollen-kaum-mehr-vollzeit-arbeiten\/\" \/>\n<meta property=\"og:locale\" content=\"en_US\" \/>\n<meta property=\"og:type\" content=\"article\" \/>\n<meta property=\"og:title\" content=\"Teilzeitarbeit in der Schweiz: Besonders Eltern wollen kaum mehr Vollzeit arbeiten\" \/>\n<meta property=\"og:description\" content=\"92% der Schweizer Eltern w\u00fcrden am liebsten Teilzeit arbeiten. Gleichzeitig ist ihnen finanzielle Selbstbestimmung wichtig.\" \/>\n<meta property=\"og:url\" content=\"https:\/\/www.organisator.ch\/en\/management\/finanzen_recht\/2019-06-17\/teilzeitarbeit-in-der-schweiz-besonders-eltern-wollen-kaum-mehr-vollzeit-arbeiten\/\" \/>\n<meta property=\"og:site_name\" content=\"Organisator\" \/>\n<meta property=\"article:publisher\" content=\"https:\/\/www.facebook.com\/OrganisatorFachmagazin\" \/>\n<meta property=\"article:published_time\" content=\"2019-06-17T07:28:25+00:00\" \/>\n<meta property=\"og:image\" content=\"https:\/\/www.organisator.ch\/wp-content\/uploads\/2019\/06\/Teilzeitarbeit-in-der-Schweiz-Besonders-Eltern-wollen-kaum-mehr-Vollzeit-arbeiten_Organisator.jpg\" \/>\n\t<meta property=\"og:image:width\" content=\"680\" \/>\n\t<meta property=\"og:image:height\" content=\"466\" \/>\n\t<meta property=\"og:image:type\" content=\"image\/jpeg\" \/>\n<meta name=\"author\" content=\"thomas.berner\" \/>\n<meta name=\"twitter:card\" content=\"summary_large_image\" \/>\n<meta name=\"twitter:title\" content=\"#Teilzeitarbeit in der Schweiz: Besonders Eltern wollen kaum mehr #Vollzeit arbeiten\" \/>\n<meta name=\"twitter:description\" content=\"92% der Schweizer Eltern w\u00fcrden am liebsten #Teilzeit arbeiten. Gleichzeitig ist ihnen finanzielle #Selbstbestimmung wichtig.\" \/>\n<meta name=\"twitter:image\" content=\"https:\/\/www.organisator.ch\/wp-content\/uploads\/2019\/06\/Teilzeitarbeit-in-der-Schweiz-Besonders-Eltern-wollen-kaum-mehr-Vollzeit-arbeiten_Organisator.jpg\" \/>\n<script type=\"application\/ld+json\" class=\"yoast-schema-graph\">{\"@context\":\"https:\\\/\\\/schema.org\",\"@graph\":[{\"@type\":\"Article\",\"@id\":\"https:\\\/\\\/www.organisator.ch\\\/management\\\/finanzen_recht\\\/2019-06-17\\\/teilzeitarbeit-in-der-schweiz-besonders-eltern-wollen-kaum-mehr-vollzeit-arbeiten\\\/#article\",\"isPartOf\":{\"@id\":\"https:\\\/\\\/www.organisator.ch\\\/management\\\/finanzen_recht\\\/2019-06-17\\\/teilzeitarbeit-in-der-schweiz-besonders-eltern-wollen-kaum-mehr-vollzeit-arbeiten\\\/\"},\"author\":{\"name\":\"thomas.berner\",\"@id\":\"https:\\\/\\\/www.organisator.ch\\\/#\\\/schema\\\/person\\\/6f650f90b2842cd4c0cc334b4e36f67e\"},\"headline\":\"Teilzeitarbeit in der Schweiz: Besonders Eltern wollen kaum mehr Vollzeit arbeiten\",\"datePublished\":\"2019-06-17T07:28:25+00:00\",\"mainEntityOfPage\":{\"@id\":\"https:\\\/\\\/www.organisator.ch\\\/management\\\/finanzen_recht\\\/2019-06-17\\\/teilzeitarbeit-in-der-schweiz-besonders-eltern-wollen-kaum-mehr-vollzeit-arbeiten\\\/\"},\"wordCount\":678,\"commentCount\":0,\"publisher\":{\"@id\":\"https:\\\/\\\/www.organisator.ch\\\/#organization\"},\"image\":{\"@id\":\"https:\\\/\\\/www.organisator.ch\\\/management\\\/finanzen_recht\\\/2019-06-17\\\/teilzeitarbeit-in-der-schweiz-besonders-eltern-wollen-kaum-mehr-vollzeit-arbeiten\\\/#primaryimage\"},\"thumbnailUrl\":\"https:\\\/\\\/www.organisator.ch\\\/wp-content\\\/uploads\\\/2019\\\/06\\\/Teilzeitarbeit-in-der-Schweiz-Besonders-Eltern-wollen-kaum-mehr-Vollzeit-arbeiten_Organisator.jpg\",\"keywords\":[\"Arbeitsplatzgestaltung\",\"Finanzen\\\/Recht\",\"Studie\",\"Teilzeitarbeit\",\"Vorsorge\",\"Work-Life-Balance\"],\"articleSection\":[\"FINANZEN\\\/RECHT\"],\"inLanguage\":\"en-US\"},{\"@type\":\"WebPage\",\"@id\":\"https:\\\/\\\/www.organisator.ch\\\/management\\\/finanzen_recht\\\/2019-06-17\\\/teilzeitarbeit-in-der-schweiz-besonders-eltern-wollen-kaum-mehr-vollzeit-arbeiten\\\/\",\"url\":\"https:\\\/\\\/www.organisator.ch\\\/management\\\/finanzen_recht\\\/2019-06-17\\\/teilzeitarbeit-in-der-schweiz-besonders-eltern-wollen-kaum-mehr-vollzeit-arbeiten\\\/\",\"name\":\"Teilzeitarbeit in der Schweiz: Besonders Eltern wollen kaum mehr Vollzeit arbeiten - Organisator\",\"isPartOf\":{\"@id\":\"https:\\\/\\\/www.organisator.ch\\\/#website\"},\"primaryImageOfPage\":{\"@id\":\"https:\\\/\\\/www.organisator.ch\\\/management\\\/finanzen_recht\\\/2019-06-17\\\/teilzeitarbeit-in-der-schweiz-besonders-eltern-wollen-kaum-mehr-vollzeit-arbeiten\\\/#primaryimage\"},\"image\":{\"@id\":\"https:\\\/\\\/www.organisator.ch\\\/management\\\/finanzen_recht\\\/2019-06-17\\\/teilzeitarbeit-in-der-schweiz-besonders-eltern-wollen-kaum-mehr-vollzeit-arbeiten\\\/#primaryimage\"},\"thumbnailUrl\":\"https:\\\/\\\/www.organisator.ch\\\/wp-content\\\/uploads\\\/2019\\\/06\\\/Teilzeitarbeit-in-der-Schweiz-Besonders-Eltern-wollen-kaum-mehr-Vollzeit-arbeiten_Organisator.jpg\",\"datePublished\":\"2019-06-17T07:28:25+00:00\",\"description\":\"92% der Schweizer Eltern w\u00fcrden am liebsten Teilzeit arbeiten. Gleichzeitig ist ihnen finanzielle Selbstbestimmung wichtig.\",\"breadcrumb\":{\"@id\":\"https:\\\/\\\/www.organisator.ch\\\/management\\\/finanzen_recht\\\/2019-06-17\\\/teilzeitarbeit-in-der-schweiz-besonders-eltern-wollen-kaum-mehr-vollzeit-arbeiten\\\/#breadcrumb\"},\"inLanguage\":\"en-US\",\"potentialAction\":[{\"@type\":\"ReadAction\",\"target\":[\"https:\\\/\\\/www.organisator.ch\\\/management\\\/finanzen_recht\\\/2019-06-17\\\/teilzeitarbeit-in-der-schweiz-besonders-eltern-wollen-kaum-mehr-vollzeit-arbeiten\\\/\"]}]},{\"@type\":\"ImageObject\",\"inLanguage\":\"en-US\",\"@id\":\"https:\\\/\\\/www.organisator.ch\\\/management\\\/finanzen_recht\\\/2019-06-17\\\/teilzeitarbeit-in-der-schweiz-besonders-eltern-wollen-kaum-mehr-vollzeit-arbeiten\\\/#primaryimage\",\"url\":\"https:\\\/\\\/www.organisator.ch\\\/wp-content\\\/uploads\\\/2019\\\/06\\\/Teilzeitarbeit-in-der-Schweiz-Besonders-Eltern-wollen-kaum-mehr-Vollzeit-arbeiten_Organisator.jpg\",\"contentUrl\":\"https:\\\/\\\/www.organisator.ch\\\/wp-content\\\/uploads\\\/2019\\\/06\\\/Teilzeitarbeit-in-der-Schweiz-Besonders-Eltern-wollen-kaum-mehr-Vollzeit-arbeiten_Organisator.jpg\",\"width\":680,\"height\":466,\"caption\":\"Die meisten Eltern wollen Teilzeit arbeiten. Welche Auswirkungen auf Budget und die eigene Vorsorgesituation die Teilzeitarbeit hat, ist ihnen aber kaum bekannt. (Bild: zVg Swiss Life)\"},{\"@type\":\"BreadcrumbList\",\"@id\":\"https:\\\/\\\/www.organisator.ch\\\/management\\\/finanzen_recht\\\/2019-06-17\\\/teilzeitarbeit-in-der-schweiz-besonders-eltern-wollen-kaum-mehr-vollzeit-arbeiten\\\/#breadcrumb\",\"itemListElement\":[{\"@type\":\"ListItem\",\"position\":1,\"name\":\"Home\",\"item\":\"https:\\\/\\\/www.organisator.ch\\\/\"},{\"@type\":\"ListItem\",\"position\":2,\"name\":\"Teilzeitarbeit in der Schweiz: Besonders Eltern wollen kaum mehr Vollzeit arbeiten\"}]},{\"@type\":\"WebSite\",\"@id\":\"https:\\\/\\\/www.organisator.ch\\\/#website\",\"url\":\"https:\\\/\\\/www.organisator.ch\\\/\",\"name\":\"Organisator\",\"description\":\"Kompetent. Praxisnah. Der ORGANISATOR bereitet in 10 Ausgaben pro Jahr die wesentlichen Themen f\u00fcr F\u00fchrungskr\u00e4fte von KMU auf.\",\"publisher\":{\"@id\":\"https:\\\/\\\/www.organisator.ch\\\/#organization\"},\"potentialAction\":[{\"@type\":\"SearchAction\",\"target\":{\"@type\":\"EntryPoint\",\"urlTemplate\":\"https:\\\/\\\/www.organisator.ch\\\/?s={search_term_string}\"},\"query-input\":{\"@type\":\"PropertyValueSpecification\",\"valueRequired\":true,\"valueName\":\"search_term_string\"}}],\"inLanguage\":\"en-US\"},{\"@type\":\"Organization\",\"@id\":\"https:\\\/\\\/www.organisator.ch\\\/#organization\",\"name\":\"Organisator\",\"url\":\"https:\\\/\\\/www.organisator.ch\\\/\",\"logo\":{\"@type\":\"ImageObject\",\"inLanguage\":\"en-US\",\"@id\":\"https:\\\/\\\/www.organisator.ch\\\/#\\\/schema\\\/logo\\\/image\\\/\",\"url\":\"https:\\\/\\\/www.organisator.ch\\\/wp-content\\\/uploads\\\/2022\\\/01\\\/Logo_Organisator_Website.png\",\"contentUrl\":\"https:\\\/\\\/www.organisator.ch\\\/wp-content\\\/uploads\\\/2022\\\/01\\\/Logo_Organisator_Website.png\",\"width\":800,\"height\":77,\"caption\":\"Organisator\"},\"image\":{\"@id\":\"https:\\\/\\\/www.organisator.ch\\\/#\\\/schema\\\/logo\\\/image\\\/\"},\"sameAs\":[\"https:\\\/\\\/www.facebook.com\\\/OrganisatorFachmagazin\",\"https:\\\/\\\/www.linkedin.com\\\/showcase\\\/organisator-das-magazin-fr-kmu\",\"https:\\\/\\\/www.xing.com\\\/news\\\/pages\\\/organisator-ch-695\",\"https:\\\/\\\/www.youtube.com\\\/channel\\\/UCGP2Sq0iWaZwT3BdIAQFYpw\"]},{\"@type\":\"Person\",\"@id\":\"https:\\\/\\\/www.organisator.ch\\\/#\\\/schema\\\/person\\\/6f650f90b2842cd4c0cc334b4e36f67e\",\"name\":\"thomas.berner\",\"image\":{\"@type\":\"ImageObject\",\"inLanguage\":\"en-US\",\"@id\":\"https:\\\/\\\/secure.gravatar.com\\\/avatar\\\/ac5001d2a36cb6c6cd3e50789007ffca834b477b74a2144564522e944eabff61?s=96&d=mm&r=g\",\"url\":\"https:\\\/\\\/secure.gravatar.com\\\/avatar\\\/ac5001d2a36cb6c6cd3e50789007ffca834b477b74a2144564522e944eabff61?s=96&d=mm&r=g\",\"contentUrl\":\"https:\\\/\\\/secure.gravatar.com\\\/avatar\\\/ac5001d2a36cb6c6cd3e50789007ffca834b477b74a2144564522e944eabff61?s=96&d=mm&r=g\",\"caption\":\"thomas.berner\"},\"url\":\"https:\\\/\\\/www.organisator.ch\\\/en\\\/author\\\/thomas-berner\\\/\"}]}<\/script>\n<!-- \/ Yoast SEO plugin. -->","yoast_head_json":{"title":"Part-time work in Switzerland: Parents in particular hardly want to work full-time anymore - Organizer","description":"92% of Swiss parents would prefer to work part-time. At the same time, financial self-determination is important to them.","robots":{"index":"index","follow":"follow","max-snippet":"max-snippet:-1","max-image-preview":"max-image-preview:large","max-video-preview":"max-video-preview:-1"},"canonical":"https:\/\/www.organisator.ch\/en\/management\/finanzen_recht\/2019-06-17\/teilzeitarbeit-in-der-schweiz-besonders-eltern-wollen-kaum-mehr-vollzeit-arbeiten\/","og_locale":"en_US","og_type":"article","og_title":"Teilzeitarbeit in der Schweiz: Besonders Eltern wollen kaum mehr Vollzeit arbeiten","og_description":"92% der Schweizer Eltern w\u00fcrden am liebsten Teilzeit arbeiten. Gleichzeitig ist ihnen finanzielle Selbstbestimmung wichtig.","og_url":"https:\/\/www.organisator.ch\/en\/management\/finanzen_recht\/2019-06-17\/teilzeitarbeit-in-der-schweiz-besonders-eltern-wollen-kaum-mehr-vollzeit-arbeiten\/","og_site_name":"Organisator","article_publisher":"https:\/\/www.facebook.com\/OrganisatorFachmagazin","article_published_time":"2019-06-17T07:28:25+00:00","og_image":[{"width":680,"height":466,"url":"https:\/\/www.organisator.ch\/wp-content\/uploads\/2019\/06\/Teilzeitarbeit-in-der-Schweiz-Besonders-Eltern-wollen-kaum-mehr-Vollzeit-arbeiten_Organisator.jpg","type":"image\/jpeg"}],"author":"thomas.berner","twitter_card":"summary_large_image","twitter_title":"#Teilzeitarbeit in der Schweiz: Besonders Eltern wollen kaum mehr #Vollzeit arbeiten","twitter_description":"92% der Schweizer Eltern w\u00fcrden am liebsten #Teilzeit arbeiten. Gleichzeitig ist ihnen finanzielle #Selbstbestimmung wichtig.","twitter_image":"https:\/\/www.organisator.ch\/wp-content\/uploads\/2019\/06\/Teilzeitarbeit-in-der-Schweiz-Besonders-Eltern-wollen-kaum-mehr-Vollzeit-arbeiten_Organisator.jpg","schema":{"@context":"https:\/\/schema.org","@graph":[{"@type":"Article","@id":"https:\/\/www.organisator.ch\/management\/finanzen_recht\/2019-06-17\/teilzeitarbeit-in-der-schweiz-besonders-eltern-wollen-kaum-mehr-vollzeit-arbeiten\/#article","isPartOf":{"@id":"https:\/\/www.organisator.ch\/management\/finanzen_recht\/2019-06-17\/teilzeitarbeit-in-der-schweiz-besonders-eltern-wollen-kaum-mehr-vollzeit-arbeiten\/"},"author":{"name":"thomas.berner","@id":"https:\/\/www.organisator.ch\/#\/schema\/person\/6f650f90b2842cd4c0cc334b4e36f67e"},"headline":"Teilzeitarbeit in der Schweiz: Besonders Eltern wollen kaum mehr Vollzeit arbeiten","datePublished":"2019-06-17T07:28:25+00:00","mainEntityOfPage":{"@id":"https:\/\/www.organisator.ch\/management\/finanzen_recht\/2019-06-17\/teilzeitarbeit-in-der-schweiz-besonders-eltern-wollen-kaum-mehr-vollzeit-arbeiten\/"},"wordCount":678,"commentCount":0,"publisher":{"@id":"https:\/\/www.organisator.ch\/#organization"},"image":{"@id":"https:\/\/www.organisator.ch\/management\/finanzen_recht\/2019-06-17\/teilzeitarbeit-in-der-schweiz-besonders-eltern-wollen-kaum-mehr-vollzeit-arbeiten\/#primaryimage"},"thumbnailUrl":"https:\/\/www.organisator.ch\/wp-content\/uploads\/2019\/06\/Teilzeitarbeit-in-der-Schweiz-Besonders-Eltern-wollen-kaum-mehr-Vollzeit-arbeiten_Organisator.jpg","keywords":["Arbeitsplatzgestaltung","Finanzen\/Recht","Studie","Teilzeitarbeit","Vorsorge","Work-Life-Balance"],"articleSection":["FINANZEN\/RECHT"],"inLanguage":"en-US"},{"@type":"WebPage","@id":"https:\/\/www.organisator.ch\/management\/finanzen_recht\/2019-06-17\/teilzeitarbeit-in-der-schweiz-besonders-eltern-wollen-kaum-mehr-vollzeit-arbeiten\/","url":"https:\/\/www.organisator.ch\/management\/finanzen_recht\/2019-06-17\/teilzeitarbeit-in-der-schweiz-besonders-eltern-wollen-kaum-mehr-vollzeit-arbeiten\/","name":"Part-time work in Switzerland: Parents in particular hardly want to work full-time anymore - Organizer","isPartOf":{"@id":"https:\/\/www.organisator.ch\/#website"},"primaryImageOfPage":{"@id":"https:\/\/www.organisator.ch\/management\/finanzen_recht\/2019-06-17\/teilzeitarbeit-in-der-schweiz-besonders-eltern-wollen-kaum-mehr-vollzeit-arbeiten\/#primaryimage"},"image":{"@id":"https:\/\/www.organisator.ch\/management\/finanzen_recht\/2019-06-17\/teilzeitarbeit-in-der-schweiz-besonders-eltern-wollen-kaum-mehr-vollzeit-arbeiten\/#primaryimage"},"thumbnailUrl":"https:\/\/www.organisator.ch\/wp-content\/uploads\/2019\/06\/Teilzeitarbeit-in-der-Schweiz-Besonders-Eltern-wollen-kaum-mehr-Vollzeit-arbeiten_Organisator.jpg","datePublished":"2019-06-17T07:28:25+00:00","description":"92% of Swiss parents would prefer to work part-time. At the same time, financial self-determination is important to them.","breadcrumb":{"@id":"https:\/\/www.organisator.ch\/management\/finanzen_recht\/2019-06-17\/teilzeitarbeit-in-der-schweiz-besonders-eltern-wollen-kaum-mehr-vollzeit-arbeiten\/#breadcrumb"},"inLanguage":"en-US","potentialAction":[{"@type":"ReadAction","target":["https:\/\/www.organisator.ch\/management\/finanzen_recht\/2019-06-17\/teilzeitarbeit-in-der-schweiz-besonders-eltern-wollen-kaum-mehr-vollzeit-arbeiten\/"]}]},{"@type":"ImageObject","inLanguage":"en-US","@id":"https:\/\/www.organisator.ch\/management\/finanzen_recht\/2019-06-17\/teilzeitarbeit-in-der-schweiz-besonders-eltern-wollen-kaum-mehr-vollzeit-arbeiten\/#primaryimage","url":"https:\/\/www.organisator.ch\/wp-content\/uploads\/2019\/06\/Teilzeitarbeit-in-der-Schweiz-Besonders-Eltern-wollen-kaum-mehr-Vollzeit-arbeiten_Organisator.jpg","contentUrl":"https:\/\/www.organisator.ch\/wp-content\/uploads\/2019\/06\/Teilzeitarbeit-in-der-Schweiz-Besonders-Eltern-wollen-kaum-mehr-Vollzeit-arbeiten_Organisator.jpg","width":680,"height":466,"caption":"Die meisten Eltern wollen Teilzeit arbeiten. Welche Auswirkungen auf Budget und die eigene Vorsorgesituation die Teilzeitarbeit hat, ist ihnen aber kaum bekannt. (Bild: zVg Swiss Life)"},{"@type":"BreadcrumbList","@id":"https:\/\/www.organisator.ch\/management\/finanzen_recht\/2019-06-17\/teilzeitarbeit-in-der-schweiz-besonders-eltern-wollen-kaum-mehr-vollzeit-arbeiten\/#breadcrumb","itemListElement":[{"@type":"ListItem","position":1,"name":"Home","item":"https:\/\/www.organisator.ch\/"},{"@type":"ListItem","position":2,"name":"Teilzeitarbeit in der Schweiz: Besonders Eltern wollen kaum mehr Vollzeit arbeiten"}]},{"@type":"WebSite","@id":"https:\/\/www.organisator.ch\/#website","url":"https:\/\/www.organisator.ch\/","name":"Organizer","description":"Competent. Practical. In 10 issues per year, ORGANISATOR presents the essential topics for managers of SMEs.","publisher":{"@id":"https:\/\/www.organisator.ch\/#organization"},"potentialAction":[{"@type":"SearchAction","target":{"@type":"EntryPoint","urlTemplate":"https:\/\/www.organisator.ch\/?s={search_term_string}"},"query-input":{"@type":"PropertyValueSpecification","valueRequired":true,"valueName":"search_term_string"}}],"inLanguage":"en-US"},{"@type":"Organization","@id":"https:\/\/www.organisator.ch\/#organization","name":"Organizer","url":"https:\/\/www.organisator.ch\/","logo":{"@type":"ImageObject","inLanguage":"en-US","@id":"https:\/\/www.organisator.ch\/#\/schema\/logo\/image\/","url":"https:\/\/www.organisator.ch\/wp-content\/uploads\/2022\/01\/Logo_Organisator_Website.png","contentUrl":"https:\/\/www.organisator.ch\/wp-content\/uploads\/2022\/01\/Logo_Organisator_Website.png","width":800,"height":77,"caption":"Organisator"},"image":{"@id":"https:\/\/www.organisator.ch\/#\/schema\/logo\/image\/"},"sameAs":["https:\/\/www.facebook.com\/OrganisatorFachmagazin","https:\/\/www.linkedin.com\/showcase\/organisator-das-magazin-fr-kmu","https:\/\/www.xing.com\/news\/pages\/organisator-ch-695","https:\/\/www.youtube.com\/channel\/UCGP2Sq0iWaZwT3BdIAQFYpw"]},{"@type":"Person","@id":"https:\/\/www.organisator.ch\/#\/schema\/person\/6f650f90b2842cd4c0cc334b4e36f67e","name":"thomas.berner","image":{"@type":"ImageObject","inLanguage":"en-US","@id":"https:\/\/secure.gravatar.com\/avatar\/ac5001d2a36cb6c6cd3e50789007ffca834b477b74a2144564522e944eabff61?s=96&d=mm&r=g","url":"https:\/\/secure.gravatar.com\/avatar\/ac5001d2a36cb6c6cd3e50789007ffca834b477b74a2144564522e944eabff61?s=96&d=mm&r=g","contentUrl":"https:\/\/secure.gravatar.com\/avatar\/ac5001d2a36cb6c6cd3e50789007ffca834b477b74a2144564522e944eabff61?s=96&d=mm&r=g","caption":"thomas.berner"},"url":"https:\/\/www.organisator.ch\/en\/author\/thomas-berner\/"}]}},"_links":{"self":[{"href":"https:\/\/www.organisator.ch\/en\/wp-json\/wp\/v2\/posts\/5405","targetHints":{"allow":["GET"]}}],"collection":[{"href":"https:\/\/www.organisator.ch\/en\/wp-json\/wp\/v2\/posts"}],"about":[{"href":"https:\/\/www.organisator.ch\/en\/wp-json\/wp\/v2\/types\/post"}],"author":[{"embeddable":true,"href":"https:\/\/www.organisator.ch\/en\/wp-json\/wp\/v2\/users\/4"}],"replies":[{"embeddable":true,"href":"https:\/\/www.organisator.ch\/en\/wp-json\/wp\/v2\/comments?post=5405"}],"version-history":[{"count":0,"href":"https:\/\/www.organisator.ch\/en\/wp-json\/wp\/v2\/posts\/5405\/revisions"}],"wp:featuredmedia":[{"embeddable":true,"href":"https:\/\/www.organisator.ch\/en\/wp-json\/wp\/v2\/media\/5406"}],"wp:attachment":[{"href":"https:\/\/www.organisator.ch\/en\/wp-json\/wp\/v2\/media?parent=5405"}],"wp:term":[{"taxonomy":"category","embeddable":true,"href":"https:\/\/www.organisator.ch\/en\/wp-json\/wp\/v2\/categories?post=5405"},{"taxonomy":"post_tag","embeddable":true,"href":"https:\/\/www.organisator.ch\/en\/wp-json\/wp\/v2\/tags?post=5405"}],"curies":[{"name":"wp","href":"https:\/\/api.w.org\/{rel}","templated":true}]}}