{"id":5435,"date":"2019-06-25T08:20:08","date_gmt":"2019-06-25T06:20:08","guid":{"rendered":"https:\/\/www.organisator.ch\/?p=5435"},"modified":"2019-06-25T08:20:08","modified_gmt":"2019-06-25T06:20:08","slug":"alpensymposium-verspricht-nach-boxenstopp-2020-wieder-erlebnis","status":"publish","type":"post","link":"https:\/\/www.organisator.ch\/en\/allgemein\/2019-06-25\/alpensymposium-verspricht-nach-boxenstopp-2020-wieder-erlebnis\/","title":{"rendered":"Alpine Symposium promises experience again after pit stop in 2020"},"content":{"rendered":"<figure id=\"attachment_5436\" aria-describedby=\"caption-attachment-5436\" style=\"width: 680px\" class=\"wp-caption alignnone\"><img loading=\"lazy\" decoding=\"async\" class=\"size-medium wp-image-5436\" src=\"https:\/\/www.organisator.ch\/wp-content\/uploads\/2019\/06\/Alpensymposium-verspricht-nach-Boxenstopp-2020-wieder-Erlebnis-1_Organisator.jpg\" alt=\"\" width=\"680\" height=\"375\" srcset=\"https:\/\/www.organisator.ch\/wp-content\/uploads\/2019\/06\/Alpensymposium-verspricht-nach-Boxenstopp-2020-wieder-Erlebnis-1_Organisator.jpg 680w, https:\/\/www.organisator.ch\/wp-content\/uploads\/2019\/06\/Alpensymposium-verspricht-nach-Boxenstopp-2020-wieder-Erlebnis-1_Organisator-16x9.jpg 16w, https:\/\/www.organisator.ch\/wp-content\/uploads\/2019\/06\/Alpensymposium-verspricht-nach-Boxenstopp-2020-wieder-Erlebnis-1_Organisator-317x175.jpg 317w, https:\/\/www.organisator.ch\/wp-content\/uploads\/2019\/06\/Alpensymposium-verspricht-nach-Boxenstopp-2020-wieder-Erlebnis-1_Organisator-635x350.jpg 635w, https:\/\/www.organisator.ch\/wp-content\/uploads\/2019\/06\/Alpensymposium-verspricht-nach-Boxenstopp-2020-wieder-Erlebnis-1_Organisator-300x165.jpg 300w\" sizes=\"auto, (max-width: 680px) 100vw, 680px\" \/><figcaption id=\"caption-attachment-5436\" class=\"wp-caption-text\">The Alpine Symposium in Interlaken is set to become an experience again in 2020. (Image: zVg)<\/figcaption><\/figure>\n<p>\"Innovations, creations and emotions are the ingredients that have fully motivated me to tackle the 17th edition of the Alpine Symposium after a year's break,\" explains founder and host Oliver Stoldt. \"I want to offer participants experiences on January 14 and 15 at the Victoria-Jungfrau Grand Hotel &amp; Spa that will inspire them both in business and in their private lives.\" Stoldt is convinced that a sparkling idea, a vision, is at the beginning of all success. There are not only the Jobs, Musks, Zuckerbergs, Gates and Pages, who innovated, inspired and above all led with intensity to global success and even changed the world. Also at the beginning of many successful SMEs and start-ups there is a flash of inspiration, an intuition that is profitably implemented with great perseverance and forcefulness.<\/p>\n<h2>Futurist with prospects<\/h2>\n<p>Already booked is Chris Riddell, an award-winning global futurist and recognized speaker on emerging trends in the hyper-connected digital world. His global expertise offers unique perspectives and insights for businesses of the future. With a talent for analyzing emerging trends, patterns and behaviors, Chris Riddell's insights are compelling, thought-provoking and inspiring. As a speaker, he provides audiences with the tools and knowledge to transform their digital journey into a success story.<\/p>\n<figure id=\"attachment_5437\" aria-describedby=\"caption-attachment-5437\" style=\"width: 680px\" class=\"wp-caption alignnone\"><img loading=\"lazy\" decoding=\"async\" class=\"size-medium wp-image-5437\" src=\"https:\/\/www.organisator.ch\/wp-content\/uploads\/2019\/06\/Alpensymposium-verspricht-nach-Boxenstopp-2020-wieder-Erlebnis-2_Organisator.jpg\" alt=\"\" width=\"680\" height=\"542\" srcset=\"https:\/\/www.organisator.ch\/wp-content\/uploads\/2019\/06\/Alpensymposium-verspricht-nach-Boxenstopp-2020-wieder-Erlebnis-2_Organisator.jpg 680w, https:\/\/www.organisator.ch\/wp-content\/uploads\/2019\/06\/Alpensymposium-verspricht-nach-Boxenstopp-2020-wieder-Erlebnis-2_Organisator-16x12.jpg 16w, https:\/\/www.organisator.ch\/wp-content\/uploads\/2019\/06\/Alpensymposium-verspricht-nach-Boxenstopp-2020-wieder-Erlebnis-2_Organisator-220x175.jpg 220w, https:\/\/www.organisator.ch\/wp-content\/uploads\/2019\/06\/Alpensymposium-verspricht-nach-Boxenstopp-2020-wieder-Erlebnis-2_Organisator-439x350.jpg 439w, https:\/\/www.organisator.ch\/wp-content\/uploads\/2019\/06\/Alpensymposium-verspricht-nach-Boxenstopp-2020-wieder-Erlebnis-2_Organisator-300x239.jpg 300w\" sizes=\"auto, (max-width: 680px) 100vw, 680px\" \/><figcaption id=\"caption-attachment-5437\" class=\"wp-caption-text\">Oliver Stoldt has developed the Alpine Symposium into a successful event for SMEs. (Image: zVg)<\/figcaption><\/figure>\n<h2>It's Showtime...<\/h2>\n<p>Christian Lindemann has been a passionate artist for 20 years, entertaining and fascinating others. With 1'500 shows at Cirque du Soleil he celebrated global success as the \"King of Pickpockets\". As a speaker, he bridges the gap between the show stages of the world and the everyday stages of life. With creativity, passion, courage, self-confidence and quick-wittedness, he teaches the techniques of an artist to win people over, inspire them and make an impact.<\/p>\n<h2>Getting up again after a heavy blow of fate<\/h2>\n<p>On her way to her third Olympic Games and the world's best female cyclist of all time, Germany's Kristina Vogel suffered a serious blow in 2018. In a collision with a junior rider, she suffered multiple fractures and injuries and was left a paraplegic. Three months later, she came back to the public with an emotional interview. Since then, she has defied her fate and shared this with the public as a role model. With her infectious energy for life, she stands for faith in oneself.<\/p>\n<h2>New presenter<\/h2>\n<p>The well-known SRF Tagesschau presenter and experienced foreign correspondent Florian Inhauser will now moderate the two-day event. The Alpine Symposium regularly brings together 950 participants at the Victoria-Jungfrau Grand Hotel &amp; Spa in Interlaken. Among entrepreneurs, CEOs, innovative entrepreneurs and representatives of SMEs, the event has established itself as one of the leading events for knowledge transfer and networking. This has also convinced UPC Business and Xing, which Oliver Stoldt was able to win over as a new Presenting Partner for the Alpine Symposium. As a result, tickets for the Alpensymposium can now be purchased both via the <a href=\"http:\/\/www.alpensymposium.ch\">Event website<\/a> and about <a href=\"https:\/\/www.xing.com\/events\/17-alpensymposium-2020-2035837\">Xing<\/a> be booked directly. On this topic, the New Work Sessions will be held in Zurich on September 25, 2019, which XING and Premium Speakers are organizing and conducting in close cooperation.<\/p>","protected":false},"excerpt":{"rendered":"<p>\u00abInnovationen, Kreationen und Emotionen sind die Ingredienzen, die mich voll motiviert haben, nach einem Jahr Pause, die 17. Ausgabe des Alpensymposiums in Angriff zu nehmen\u00bb, erkl\u00e4rt der Gr\u00fcnder und Gastgeber Oliver Stoldt. \u00abIch will den Teilnehmenden am 14. und 15. Januar im Victoria-Jungfrau Grand Hotel &amp; Spa Erlebnisse bieten, die sie sowohl gesch\u00e4ftlich wie auch [&hellip;]<\/p>\n","protected":false},"author":4,"featured_media":5436,"comment_status":"open","ping_status":"open","sticky":false,"template":"","format":"standard","meta":{"_acf_changed":false,"_yoast_wpseo_focuskw":"Alpensymposium","_yoast_wpseo_metadesc":"Nach einem einj\u00e4hrigen Boxenstopp ist das Alpensymposium 2020 wieder mit Vollgas am Start. Mit dabei sind ein neuer Moderator sowie erste Referenten.","articlekey":"","footnotes":""},"categories":[1],"tags":[193,393,468,508],"class_list":["post-5435","post","type-post","status-publish","format-standard","has-post-thumbnail","hentry","category-allgemein","tag-fachkongressfachmesse","tag-produkte","tag-tagung","tag-vermischtes"],"acf":[],"yoast_head":"<!-- This site is optimized with the Yoast SEO plugin v27.5 - https:\/\/yoast.com\/product\/yoast-seo-wordpress\/ -->\n<title>Alpensymposium verspricht nach Boxenstopp 2020 wieder Erlebnis - Organisator<\/title>\n<meta name=\"description\" content=\"Nach einem einj\u00e4hrigen Boxenstopp ist das Alpensymposium 2020 wieder mit Vollgas am Start. Mit dabei sind ein neuer Moderator sowie erste Referenten.\" \/>\n<meta name=\"robots\" content=\"index, follow, max-snippet:-1, max-image-preview:large, max-video-preview:-1\" \/>\n<link rel=\"canonical\" href=\"https:\/\/www.organisator.ch\/en\/general\/2019-06-25\/alpensymposium-verspricht-nach-boxenstopp-2020-wieder-erlebnis\/\" \/>\n<meta property=\"og:locale\" content=\"en_US\" \/>\n<meta property=\"og:type\" content=\"article\" \/>\n<meta property=\"og:title\" content=\"Alpensymposium verspricht nach Boxenstopp 2020 wieder Erlebnis\" \/>\n<meta property=\"og:description\" content=\"Nach einem einj\u00e4hrigen Boxenstopp ist das Alpensymposium 2020 wieder mit Vollgas am Start. Mit dabei sind ein neuer Moderator sowie erste Referenten.\" \/>\n<meta property=\"og:url\" content=\"https:\/\/www.organisator.ch\/en\/general\/2019-06-25\/alpensymposium-verspricht-nach-boxenstopp-2020-wieder-erlebnis\/\" \/>\n<meta property=\"og:site_name\" content=\"Organisator\" \/>\n<meta property=\"article:publisher\" content=\"https:\/\/www.facebook.com\/OrganisatorFachmagazin\" \/>\n<meta property=\"article:published_time\" content=\"2019-06-25T06:20:08+00:00\" \/>\n<meta property=\"og:image\" content=\"https:\/\/www.organisator.ch\/wp-content\/uploads\/2019\/06\/Alpensymposium-verspricht-nach-Boxenstopp-2020-wieder-Erlebnis-1_Organisator.jpg\" \/>\n\t<meta property=\"og:image:width\" content=\"680\" \/>\n\t<meta property=\"og:image:height\" content=\"375\" \/>\n\t<meta property=\"og:image:type\" content=\"image\/jpeg\" \/>\n<meta name=\"author\" content=\"thomas.berner\" \/>\n<meta name=\"twitter:card\" content=\"summary_large_image\" \/>\n<meta name=\"twitter:title\" content=\"#Alpensymposium verspricht nach Boxenstopp 2020 wieder Erlebnis\" \/>\n<meta name=\"twitter:description\" content=\"Nach einem einj\u00e4hrigen Boxenstopp ist das #Alpensymposium2020 wieder mit Vollgas am Start. Mit dabei sind ein neuer Moderator sowie erste Referenten.\" \/>\n<meta name=\"twitter:image\" content=\"https:\/\/www.organisator.ch\/wp-content\/uploads\/2019\/06\/Alpensymposium-verspricht-nach-Boxenstopp-2020-wieder-Erlebnis-1_Organisator.jpg\" \/>\n<script type=\"application\/ld+json\" class=\"yoast-schema-graph\">{\"@context\":\"https:\\\/\\\/schema.org\",\"@graph\":[{\"@type\":\"Article\",\"@id\":\"https:\\\/\\\/www.organisator.ch\\\/de\\\/allgemein\\\/2019-06-25\\\/alpensymposium-verspricht-nach-boxenstopp-2020-wieder-erlebnis\\\/#article\",\"isPartOf\":{\"@id\":\"https:\\\/\\\/www.organisator.ch\\\/de\\\/allgemein\\\/2019-06-25\\\/alpensymposium-verspricht-nach-boxenstopp-2020-wieder-erlebnis\\\/\"},\"author\":{\"name\":\"thomas.berner\",\"@id\":\"https:\\\/\\\/www.organisator.ch\\\/#\\\/schema\\\/person\\\/6f650f90b2842cd4c0cc334b4e36f67e\"},\"headline\":\"Alpensymposium verspricht nach Boxenstopp 2020 wieder Erlebnis\",\"datePublished\":\"2019-06-25T06:20:08+00:00\",\"mainEntityOfPage\":{\"@id\":\"https:\\\/\\\/www.organisator.ch\\\/de\\\/allgemein\\\/2019-06-25\\\/alpensymposium-verspricht-nach-boxenstopp-2020-wieder-erlebnis\\\/\"},\"wordCount\":553,\"commentCount\":0,\"publisher\":{\"@id\":\"https:\\\/\\\/www.organisator.ch\\\/#organization\"},\"image\":{\"@id\":\"https:\\\/\\\/www.organisator.ch\\\/de\\\/allgemein\\\/2019-06-25\\\/alpensymposium-verspricht-nach-boxenstopp-2020-wieder-erlebnis\\\/#primaryimage\"},\"thumbnailUrl\":\"https:\\\/\\\/www.organisator.ch\\\/wp-content\\\/uploads\\\/2019\\\/06\\\/Alpensymposium-verspricht-nach-Boxenstopp-2020-wieder-Erlebnis-1_Organisator.jpg\",\"keywords\":[\"Fachkongress\\\/Fachmesse\",\"Produkte\",\"Tagung\",\"Vermischtes\"],\"articleSection\":[\"Allgemein\"],\"inLanguage\":\"en-US\"},{\"@type\":\"WebPage\",\"@id\":\"https:\\\/\\\/www.organisator.ch\\\/de\\\/allgemein\\\/2019-06-25\\\/alpensymposium-verspricht-nach-boxenstopp-2020-wieder-erlebnis\\\/\",\"url\":\"https:\\\/\\\/www.organisator.ch\\\/de\\\/allgemein\\\/2019-06-25\\\/alpensymposium-verspricht-nach-boxenstopp-2020-wieder-erlebnis\\\/\",\"name\":\"Alpensymposium verspricht nach Boxenstopp 2020 wieder Erlebnis - Organisator\",\"isPartOf\":{\"@id\":\"https:\\\/\\\/www.organisator.ch\\\/#website\"},\"primaryImageOfPage\":{\"@id\":\"https:\\\/\\\/www.organisator.ch\\\/de\\\/allgemein\\\/2019-06-25\\\/alpensymposium-verspricht-nach-boxenstopp-2020-wieder-erlebnis\\\/#primaryimage\"},\"image\":{\"@id\":\"https:\\\/\\\/www.organisator.ch\\\/de\\\/allgemein\\\/2019-06-25\\\/alpensymposium-verspricht-nach-boxenstopp-2020-wieder-erlebnis\\\/#primaryimage\"},\"thumbnailUrl\":\"https:\\\/\\\/www.organisator.ch\\\/wp-content\\\/uploads\\\/2019\\\/06\\\/Alpensymposium-verspricht-nach-Boxenstopp-2020-wieder-Erlebnis-1_Organisator.jpg\",\"datePublished\":\"2019-06-25T06:20:08+00:00\",\"description\":\"Nach einem einj\u00e4hrigen Boxenstopp ist das Alpensymposium 2020 wieder mit Vollgas am Start. Mit dabei sind ein neuer Moderator sowie erste Referenten.\",\"breadcrumb\":{\"@id\":\"https:\\\/\\\/www.organisator.ch\\\/de\\\/allgemein\\\/2019-06-25\\\/alpensymposium-verspricht-nach-boxenstopp-2020-wieder-erlebnis\\\/#breadcrumb\"},\"inLanguage\":\"en-US\",\"potentialAction\":[{\"@type\":\"ReadAction\",\"target\":[\"https:\\\/\\\/www.organisator.ch\\\/de\\\/allgemein\\\/2019-06-25\\\/alpensymposium-verspricht-nach-boxenstopp-2020-wieder-erlebnis\\\/\"]}]},{\"@type\":\"ImageObject\",\"inLanguage\":\"en-US\",\"@id\":\"https:\\\/\\\/www.organisator.ch\\\/de\\\/allgemein\\\/2019-06-25\\\/alpensymposium-verspricht-nach-boxenstopp-2020-wieder-erlebnis\\\/#primaryimage\",\"url\":\"https:\\\/\\\/www.organisator.ch\\\/wp-content\\\/uploads\\\/2019\\\/06\\\/Alpensymposium-verspricht-nach-Boxenstopp-2020-wieder-Erlebnis-1_Organisator.jpg\",\"contentUrl\":\"https:\\\/\\\/www.organisator.ch\\\/wp-content\\\/uploads\\\/2019\\\/06\\\/Alpensymposium-verspricht-nach-Boxenstopp-2020-wieder-Erlebnis-1_Organisator.jpg\",\"width\":680,\"height\":375,\"caption\":\"Das Alpensymposium im Interlaken soll 2020 wieder zu einem Erlebnis werden. (Bild: zVg)\"},{\"@type\":\"BreadcrumbList\",\"@id\":\"https:\\\/\\\/www.organisator.ch\\\/de\\\/allgemein\\\/2019-06-25\\\/alpensymposium-verspricht-nach-boxenstopp-2020-wieder-erlebnis\\\/#breadcrumb\",\"itemListElement\":[{\"@type\":\"ListItem\",\"position\":1,\"name\":\"Home\",\"item\":\"https:\\\/\\\/www.organisator.ch\\\/\"},{\"@type\":\"ListItem\",\"position\":2,\"name\":\"Alpensymposium verspricht nach Boxenstopp 2020 wieder Erlebnis\"}]},{\"@type\":\"WebSite\",\"@id\":\"https:\\\/\\\/www.organisator.ch\\\/#website\",\"url\":\"https:\\\/\\\/www.organisator.ch\\\/\",\"name\":\"Organisator\",\"description\":\"Kompetent. Praxisnah. Der ORGANISATOR bereitet in 10 Ausgaben pro Jahr die wesentlichen Themen f\u00fcr F\u00fchrungskr\u00e4fte von KMU auf.\",\"publisher\":{\"@id\":\"https:\\\/\\\/www.organisator.ch\\\/#organization\"},\"potentialAction\":[{\"@type\":\"SearchAction\",\"target\":{\"@type\":\"EntryPoint\",\"urlTemplate\":\"https:\\\/\\\/www.organisator.ch\\\/?s={search_term_string}\"},\"query-input\":{\"@type\":\"PropertyValueSpecification\",\"valueRequired\":true,\"valueName\":\"search_term_string\"}}],\"inLanguage\":\"en-US\"},{\"@type\":\"Organization\",\"@id\":\"https:\\\/\\\/www.organisator.ch\\\/#organization\",\"name\":\"Organisator\",\"url\":\"https:\\\/\\\/www.organisator.ch\\\/\",\"logo\":{\"@type\":\"ImageObject\",\"inLanguage\":\"en-US\",\"@id\":\"https:\\\/\\\/www.organisator.ch\\\/#\\\/schema\\\/logo\\\/image\\\/\",\"url\":\"https:\\\/\\\/www.organisator.ch\\\/wp-content\\\/uploads\\\/2022\\\/01\\\/Logo_Organisator_Website.png\",\"contentUrl\":\"https:\\\/\\\/www.organisator.ch\\\/wp-content\\\/uploads\\\/2022\\\/01\\\/Logo_Organisator_Website.png\",\"width\":800,\"height\":77,\"caption\":\"Organisator\"},\"image\":{\"@id\":\"https:\\\/\\\/www.organisator.ch\\\/#\\\/schema\\\/logo\\\/image\\\/\"},\"sameAs\":[\"https:\\\/\\\/www.facebook.com\\\/OrganisatorFachmagazin\",\"https:\\\/\\\/www.linkedin.com\\\/showcase\\\/organisator-das-magazin-fr-kmu\",\"https:\\\/\\\/www.xing.com\\\/news\\\/pages\\\/organisator-ch-695\",\"https:\\\/\\\/www.youtube.com\\\/channel\\\/UCGP2Sq0iWaZwT3BdIAQFYpw\"]},{\"@type\":\"Person\",\"@id\":\"https:\\\/\\\/www.organisator.ch\\\/#\\\/schema\\\/person\\\/6f650f90b2842cd4c0cc334b4e36f67e\",\"name\":\"thomas.berner\",\"image\":{\"@type\":\"ImageObject\",\"inLanguage\":\"en-US\",\"@id\":\"https:\\\/\\\/secure.gravatar.com\\\/avatar\\\/ac5001d2a36cb6c6cd3e50789007ffca834b477b74a2144564522e944eabff61?s=96&d=mm&r=g\",\"url\":\"https:\\\/\\\/secure.gravatar.com\\\/avatar\\\/ac5001d2a36cb6c6cd3e50789007ffca834b477b74a2144564522e944eabff61?s=96&d=mm&r=g\",\"contentUrl\":\"https:\\\/\\\/secure.gravatar.com\\\/avatar\\\/ac5001d2a36cb6c6cd3e50789007ffca834b477b74a2144564522e944eabff61?s=96&d=mm&r=g\",\"caption\":\"thomas.berner\"},\"url\":\"https:\\\/\\\/www.organisator.ch\\\/en\\\/author\\\/thomas-berner\\\/\"}]}<\/script>\n<!-- \/ Yoast SEO plugin. -->","yoast_head_json":{"title":"Alpensymposium promises after pit stop 2020 again experience - organizer","description":"After a one-year pit stop, the Alpine Symposium 2020 is back at full throttle. With it are a new moderator and the first speakers.","robots":{"index":"index","follow":"follow","max-snippet":"max-snippet:-1","max-image-preview":"max-image-preview:large","max-video-preview":"max-video-preview:-1"},"canonical":"https:\/\/www.organisator.ch\/en\/general\/2019-06-25\/alpensymposium-verspricht-nach-boxenstopp-2020-wieder-erlebnis\/","og_locale":"en_US","og_type":"article","og_title":"Alpensymposium verspricht nach Boxenstopp 2020 wieder Erlebnis","og_description":"Nach einem einj\u00e4hrigen Boxenstopp ist das Alpensymposium 2020 wieder mit Vollgas am Start. Mit dabei sind ein neuer Moderator sowie erste Referenten.","og_url":"https:\/\/www.organisator.ch\/en\/general\/2019-06-25\/alpensymposium-verspricht-nach-boxenstopp-2020-wieder-erlebnis\/","og_site_name":"Organisator","article_publisher":"https:\/\/www.facebook.com\/OrganisatorFachmagazin","article_published_time":"2019-06-25T06:20:08+00:00","og_image":[{"width":680,"height":375,"url":"https:\/\/www.organisator.ch\/wp-content\/uploads\/2019\/06\/Alpensymposium-verspricht-nach-Boxenstopp-2020-wieder-Erlebnis-1_Organisator.jpg","type":"image\/jpeg"}],"author":"thomas.berner","twitter_card":"summary_large_image","twitter_title":"#Alpensymposium verspricht nach Boxenstopp 2020 wieder Erlebnis","twitter_description":"Nach einem einj\u00e4hrigen Boxenstopp ist das #Alpensymposium2020 wieder mit Vollgas am Start. Mit dabei sind ein neuer Moderator sowie erste Referenten.","twitter_image":"https:\/\/www.organisator.ch\/wp-content\/uploads\/2019\/06\/Alpensymposium-verspricht-nach-Boxenstopp-2020-wieder-Erlebnis-1_Organisator.jpg","schema":{"@context":"https:\/\/schema.org","@graph":[{"@type":"Article","@id":"https:\/\/www.organisator.ch\/de\/allgemein\/2019-06-25\/alpensymposium-verspricht-nach-boxenstopp-2020-wieder-erlebnis\/#article","isPartOf":{"@id":"https:\/\/www.organisator.ch\/de\/allgemein\/2019-06-25\/alpensymposium-verspricht-nach-boxenstopp-2020-wieder-erlebnis\/"},"author":{"name":"thomas.berner","@id":"https:\/\/www.organisator.ch\/#\/schema\/person\/6f650f90b2842cd4c0cc334b4e36f67e"},"headline":"Alpensymposium verspricht nach Boxenstopp 2020 wieder Erlebnis","datePublished":"2019-06-25T06:20:08+00:00","mainEntityOfPage":{"@id":"https:\/\/www.organisator.ch\/de\/allgemein\/2019-06-25\/alpensymposium-verspricht-nach-boxenstopp-2020-wieder-erlebnis\/"},"wordCount":553,"commentCount":0,"publisher":{"@id":"https:\/\/www.organisator.ch\/#organization"},"image":{"@id":"https:\/\/www.organisator.ch\/de\/allgemein\/2019-06-25\/alpensymposium-verspricht-nach-boxenstopp-2020-wieder-erlebnis\/#primaryimage"},"thumbnailUrl":"https:\/\/www.organisator.ch\/wp-content\/uploads\/2019\/06\/Alpensymposium-verspricht-nach-Boxenstopp-2020-wieder-Erlebnis-1_Organisator.jpg","keywords":["Fachkongress\/Fachmesse","Produkte","Tagung","Vermischtes"],"articleSection":["Allgemein"],"inLanguage":"en-US"},{"@type":"WebPage","@id":"https:\/\/www.organisator.ch\/de\/allgemein\/2019-06-25\/alpensymposium-verspricht-nach-boxenstopp-2020-wieder-erlebnis\/","url":"https:\/\/www.organisator.ch\/de\/allgemein\/2019-06-25\/alpensymposium-verspricht-nach-boxenstopp-2020-wieder-erlebnis\/","name":"Alpensymposium promises after pit stop 2020 again experience - organizer","isPartOf":{"@id":"https:\/\/www.organisator.ch\/#website"},"primaryImageOfPage":{"@id":"https:\/\/www.organisator.ch\/de\/allgemein\/2019-06-25\/alpensymposium-verspricht-nach-boxenstopp-2020-wieder-erlebnis\/#primaryimage"},"image":{"@id":"https:\/\/www.organisator.ch\/de\/allgemein\/2019-06-25\/alpensymposium-verspricht-nach-boxenstopp-2020-wieder-erlebnis\/#primaryimage"},"thumbnailUrl":"https:\/\/www.organisator.ch\/wp-content\/uploads\/2019\/06\/Alpensymposium-verspricht-nach-Boxenstopp-2020-wieder-Erlebnis-1_Organisator.jpg","datePublished":"2019-06-25T06:20:08+00:00","description":"After a one-year pit stop, the Alpine Symposium 2020 is back at full throttle. With it are a new moderator and the first speakers.","breadcrumb":{"@id":"https:\/\/www.organisator.ch\/de\/allgemein\/2019-06-25\/alpensymposium-verspricht-nach-boxenstopp-2020-wieder-erlebnis\/#breadcrumb"},"inLanguage":"en-US","potentialAction":[{"@type":"ReadAction","target":["https:\/\/www.organisator.ch\/de\/allgemein\/2019-06-25\/alpensymposium-verspricht-nach-boxenstopp-2020-wieder-erlebnis\/"]}]},{"@type":"ImageObject","inLanguage":"en-US","@id":"https:\/\/www.organisator.ch\/de\/allgemein\/2019-06-25\/alpensymposium-verspricht-nach-boxenstopp-2020-wieder-erlebnis\/#primaryimage","url":"https:\/\/www.organisator.ch\/wp-content\/uploads\/2019\/06\/Alpensymposium-verspricht-nach-Boxenstopp-2020-wieder-Erlebnis-1_Organisator.jpg","contentUrl":"https:\/\/www.organisator.ch\/wp-content\/uploads\/2019\/06\/Alpensymposium-verspricht-nach-Boxenstopp-2020-wieder-Erlebnis-1_Organisator.jpg","width":680,"height":375,"caption":"Das Alpensymposium im Interlaken soll 2020 wieder zu einem Erlebnis werden. (Bild: zVg)"},{"@type":"BreadcrumbList","@id":"https:\/\/www.organisator.ch\/de\/allgemein\/2019-06-25\/alpensymposium-verspricht-nach-boxenstopp-2020-wieder-erlebnis\/#breadcrumb","itemListElement":[{"@type":"ListItem","position":1,"name":"Home","item":"https:\/\/www.organisator.ch\/"},{"@type":"ListItem","position":2,"name":"Alpensymposium verspricht nach Boxenstopp 2020 wieder Erlebnis"}]},{"@type":"WebSite","@id":"https:\/\/www.organisator.ch\/#website","url":"https:\/\/www.organisator.ch\/","name":"Organizer","description":"Competent. Practical. In 10 issues per year, ORGANISATOR presents the essential topics for managers of SMEs.","publisher":{"@id":"https:\/\/www.organisator.ch\/#organization"},"potentialAction":[{"@type":"SearchAction","target":{"@type":"EntryPoint","urlTemplate":"https:\/\/www.organisator.ch\/?s={search_term_string}"},"query-input":{"@type":"PropertyValueSpecification","valueRequired":true,"valueName":"search_term_string"}}],"inLanguage":"en-US"},{"@type":"Organization","@id":"https:\/\/www.organisator.ch\/#organization","name":"Organizer","url":"https:\/\/www.organisator.ch\/","logo":{"@type":"ImageObject","inLanguage":"en-US","@id":"https:\/\/www.organisator.ch\/#\/schema\/logo\/image\/","url":"https:\/\/www.organisator.ch\/wp-content\/uploads\/2022\/01\/Logo_Organisator_Website.png","contentUrl":"https:\/\/www.organisator.ch\/wp-content\/uploads\/2022\/01\/Logo_Organisator_Website.png","width":800,"height":77,"caption":"Organisator"},"image":{"@id":"https:\/\/www.organisator.ch\/#\/schema\/logo\/image\/"},"sameAs":["https:\/\/www.facebook.com\/OrganisatorFachmagazin","https:\/\/www.linkedin.com\/showcase\/organisator-das-magazin-fr-kmu","https:\/\/www.xing.com\/news\/pages\/organisator-ch-695","https:\/\/www.youtube.com\/channel\/UCGP2Sq0iWaZwT3BdIAQFYpw"]},{"@type":"Person","@id":"https:\/\/www.organisator.ch\/#\/schema\/person\/6f650f90b2842cd4c0cc334b4e36f67e","name":"thomas.berner","image":{"@type":"ImageObject","inLanguage":"en-US","@id":"https:\/\/secure.gravatar.com\/avatar\/ac5001d2a36cb6c6cd3e50789007ffca834b477b74a2144564522e944eabff61?s=96&d=mm&r=g","url":"https:\/\/secure.gravatar.com\/avatar\/ac5001d2a36cb6c6cd3e50789007ffca834b477b74a2144564522e944eabff61?s=96&d=mm&r=g","contentUrl":"https:\/\/secure.gravatar.com\/avatar\/ac5001d2a36cb6c6cd3e50789007ffca834b477b74a2144564522e944eabff61?s=96&d=mm&r=g","caption":"thomas.berner"},"url":"https:\/\/www.organisator.ch\/en\/author\/thomas-berner\/"}]}},"_links":{"self":[{"href":"https:\/\/www.organisator.ch\/en\/wp-json\/wp\/v2\/posts\/5435","targetHints":{"allow":["GET"]}}],"collection":[{"href":"https:\/\/www.organisator.ch\/en\/wp-json\/wp\/v2\/posts"}],"about":[{"href":"https:\/\/www.organisator.ch\/en\/wp-json\/wp\/v2\/types\/post"}],"author":[{"embeddable":true,"href":"https:\/\/www.organisator.ch\/en\/wp-json\/wp\/v2\/users\/4"}],"replies":[{"embeddable":true,"href":"https:\/\/www.organisator.ch\/en\/wp-json\/wp\/v2\/comments?post=5435"}],"version-history":[{"count":0,"href":"https:\/\/www.organisator.ch\/en\/wp-json\/wp\/v2\/posts\/5435\/revisions"}],"wp:featuredmedia":[{"embeddable":true,"href":"https:\/\/www.organisator.ch\/en\/wp-json\/wp\/v2\/media\/5436"}],"wp:attachment":[{"href":"https:\/\/www.organisator.ch\/en\/wp-json\/wp\/v2\/media?parent=5435"}],"wp:term":[{"taxonomy":"category","embeddable":true,"href":"https:\/\/www.organisator.ch\/en\/wp-json\/wp\/v2\/categories?post=5435"},{"taxonomy":"post_tag","embeddable":true,"href":"https:\/\/www.organisator.ch\/en\/wp-json\/wp\/v2\/tags?post=5435"}],"curies":[{"name":"wp","href":"https:\/\/api.w.org\/{rel}","templated":true}]}}