{"id":5480,"date":"2019-07-02T08:36:00","date_gmt":"2019-07-02T06:36:00","guid":{"rendered":"https:\/\/www.organisator.ch\/?p=5480"},"modified":"2019-07-02T08:36:00","modified_gmt":"2019-07-02T06:36:00","slug":"international-leadership-forum-luzern-wie-lassen-sich-kmu-zu-internationalem-erfolg-fuehren","status":"publish","type":"post","link":"https:\/\/www.organisator.ch\/en\/management\/2019-07-02\/international-leadership-forum-luzern-wie-lassen-sich-kmu-zu-internationalem-erfolg-fuehren\/","title":{"rendered":"International Leadership Forum Lucerne: How can SMEs be led to international success?"},"content":{"rendered":"<figure id=\"attachment_5481\" aria-describedby=\"caption-attachment-5481\" style=\"width: 680px\" class=\"wp-caption alignnone\"><img loading=\"lazy\" decoding=\"async\" class=\"size-medium wp-image-5481\" src=\"https:\/\/www.organisator.ch\/wp-content\/uploads\/2019\/07\/International-Leadership-Forum-Luzern-Wie-lassen-sich-KMU-zu-internationalem-Erfolg-fuehren-1_Organisator.jpg\" alt=\"\" width=\"680\" height=\"378\" srcset=\"https:\/\/www.organisator.ch\/wp-content\/uploads\/2019\/07\/International-Leadership-Forum-Luzern-Wie-lassen-sich-KMU-zu-internationalem-Erfolg-fuehren-1_Organisator.jpg 680w, https:\/\/www.organisator.ch\/wp-content\/uploads\/2019\/07\/International-Leadership-Forum-Luzern-Wie-lassen-sich-KMU-zu-internationalem-Erfolg-fuehren-1_Organisator-16x9.jpg 16w, https:\/\/www.organisator.ch\/wp-content\/uploads\/2019\/07\/International-Leadership-Forum-Luzern-Wie-lassen-sich-KMU-zu-internationalem-Erfolg-fuehren-1_Organisator-315x175.jpg 315w, https:\/\/www.organisator.ch\/wp-content\/uploads\/2019\/07\/International-Leadership-Forum-Luzern-Wie-lassen-sich-KMU-zu-internationalem-Erfolg-fuehren-1_Organisator-630x350.jpg 630w, https:\/\/www.organisator.ch\/wp-content\/uploads\/2019\/07\/International-Leadership-Forum-Luzern-Wie-lassen-sich-KMU-zu-internationalem-Erfolg-fuehren-1_Organisator-300x167.jpg 300w\" sizes=\"auto, (max-width: 680px) 100vw, 680px\" \/><figcaption id=\"caption-attachment-5481\" class=\"wp-caption-text\">Sebastian Huber welcomes the guests at the first International Leadership Forum Lucerne. (Image: Thomas Berner)<\/figcaption><\/figure>\n<p>It was a small, manageable crowd of visitors who gathered at the Hotel Radisson Lakefront in Lucerne on the afternoon of June 26, 2019. However, this \"intimate\" setting allowed for an in-depth discussion of the conference topic \"Leading SMEs to international success\". The Institute of Business and Regional Economics of the Lucerne School of Business had invited Prof. Dr. Ingo Stolz to the event. He led a research project on \"SME internationalization\", which was supported by the Swiss Society for Organization SGO and financed by Innosuisse. This research project dealt, among other things, with the question of how an SME can be led to successful internationalization and how international market success can be secured in the long term. It is surprising how little was known so far about the right answers to this, writes Prof. Stolz in the foreword to the study.<\/p>\n<h2>What it takes for international success<\/h2>\n<p>Together with Thomas Affolter, Partner and Head of Market Region Central Switzerland at KPMG, Prof. Stolz summarizes some key findings from the research project. SMEs that want to position themselves internationally find themselves in various areas of tension. For example, it is a matter of the role of the manager as well as - and this is often decisive - existing competencies and resources. \"SME internationalization is a leadership task,\" Affolter and Stolz agree. Internationalization essentially results from entrepreneurial processes that are characterized by continuous and proactive action, as a basis for creating and identifying opportunities, they said. From the study of the various \"internationalization paths\" of SMEs, a pattern consisting of three phases can be identified: First, a start-up phase, which involves the exploration of opportunities. This is followed by a consolidation phase, during which the companies test and evaluate various options. This is followed in the establishment phase by the consistent implementation and scaling of concrete internationalization projects. For this to succeed, risk awareness, strategy, an organization's ability to learn, entrepreneurial spirit, intercultural knowledge, international partnerships and a market orientation based on knowledge of one's own strengths are required. As part of the research project mentioned above, an instrument was developed to measure and benchmark the \"internationalization capability\" of an SME.<\/p>\n<figure id=\"attachment_5482\" aria-describedby=\"caption-attachment-5482\" style=\"width: 680px\" class=\"wp-caption alignnone\"><img loading=\"lazy\" decoding=\"async\" class=\"size-medium wp-image-5482\" src=\"https:\/\/www.organisator.ch\/wp-content\/uploads\/2019\/07\/International-Leadership-Forum-Luzern-Wie-lassen-sich-KMU-zu-internationalem-Erfolg-fuehren-2_Organisator.jpg\" alt=\"\" width=\"680\" height=\"445\" srcset=\"https:\/\/www.organisator.ch\/wp-content\/uploads\/2019\/07\/International-Leadership-Forum-Luzern-Wie-lassen-sich-KMU-zu-internationalem-Erfolg-fuehren-2_Organisator.jpg 680w, https:\/\/www.organisator.ch\/wp-content\/uploads\/2019\/07\/International-Leadership-Forum-Luzern-Wie-lassen-sich-KMU-zu-internationalem-Erfolg-fuehren-2_Organisator-16x10.jpg 16w, https:\/\/www.organisator.ch\/wp-content\/uploads\/2019\/07\/International-Leadership-Forum-Luzern-Wie-lassen-sich-KMU-zu-internationalem-Erfolg-fuehren-2_Organisator-267x175.jpg 267w, https:\/\/www.organisator.ch\/wp-content\/uploads\/2019\/07\/International-Leadership-Forum-Luzern-Wie-lassen-sich-KMU-zu-internationalem-Erfolg-fuehren-2_Organisator-535x350.jpg 535w, https:\/\/www.organisator.ch\/wp-content\/uploads\/2019\/07\/International-Leadership-Forum-Luzern-Wie-lassen-sich-KMU-zu-internationalem-Erfolg-fuehren-2_Organisator-300x196.jpg 300w\" sizes=\"auto, (max-width: 680px) 100vw, 680px\" \/><figcaption id=\"caption-attachment-5482\" class=\"wp-caption-text\">Katharina Ueltschi explained her internationalization strategy with Bernina sewing machines in Singapore at the International Leadership Forum Lucerne. (Image: Thomas Berner)<\/figcaption><\/figure>\n<h2><strong>Swiss quality for the Asian market<\/strong><\/h2>\n<p>Katharina Ueltschi provided an insight into what internationalization can look like in practice. She is Managing Director of Bernina Singapore. She, who also lives in this city-state, has made it her mission to popularize sewing with Bernina sewing machines in the Asian region. She reported how she was able to use her international network, which she had successively built up during her various professional positions with large luxury brands, to create a branch in Asia. \"The network is absolutely crucial,\" Ueltschi said. It was the only way she was able to gain a foothold with the Bernina brand in the first place. In Singapore, for example, it is crucial to know the important tycoon families personally. In addition, she primarily moves in local networks, \"not in the many expat clubs. Because then I could just stay in Switzerland,\" Ueltschi continues. This cultivation of relationships has also enabled her to open a concept store for Bernina machines in a good location. Her strategy is clear: direct to the end customer, without intermediaries. Accordingly, Katharina Ueltschi is currently investing a lot in marketing at Bernina Singapore in order to increase \"brand awareness\" - \"this is an absolute must!\" - to increase.<\/p>\n<h2>Workshops show different internationalization strategies<\/h2>\n<p>In three workshops, other companies provided insight into their internationalization strategies. Pohland AG, a system supplier for mechatronic assemblies and systems with 17 employees, currently generates only 8 percent of its sales abroad, primarily in Germany. Managing Director Carsten Pohland has set himself the goal of increasing this share to 20 percent in the next five years. The initial approaches have been promising, and now the German market is to be further developed through targeted measures along the customer journey - always within the scope of the possibilities available to the small company. A much larger company is Leister AG, a manufacturer of equipment for welding plastics. In his workshop, management member Christoph Baumgartner gave the attendees practical advice on what companies should look for in their internationalization strategies. Last but not least, he referred to the experiences his company has made, for example with an organically grown network of distribution partners. The startup SwissLuggage AG with CEO J\u00fcrg Mischler, on the other hand, proceeded very systematically: For the international distribution strategy, it first analyzed the already existing structure, identified best cases, and used a SWOT analysis to show the targets and strategic options. Based on this, the manufacturer of high-quality luggage developed a concrete scenario, which was then implemented. The results are promising: thanks to a sophisticated display solution, the products attract increased attention and sales figures in the retail trade.<\/p>\n<figure id=\"attachment_5483\" aria-describedby=\"caption-attachment-5483\" style=\"width: 680px\" class=\"wp-caption alignnone\"><img loading=\"lazy\" decoding=\"async\" class=\"size-medium wp-image-5483\" src=\"https:\/\/www.organisator.ch\/wp-content\/uploads\/2019\/07\/International-Leadership-Forum-Luzern-Wie-lassen-sich-KMU-zu-internationalem-Erfolg-fuehren-3_Organisator.jpg\" alt=\"\" width=\"680\" height=\"412\" srcset=\"https:\/\/www.organisator.ch\/wp-content\/uploads\/2019\/07\/International-Leadership-Forum-Luzern-Wie-lassen-sich-KMU-zu-internationalem-Erfolg-fuehren-3_Organisator.jpg 680w, https:\/\/www.organisator.ch\/wp-content\/uploads\/2019\/07\/International-Leadership-Forum-Luzern-Wie-lassen-sich-KMU-zu-internationalem-Erfolg-fuehren-3_Organisator-16x10.jpg 16w, https:\/\/www.organisator.ch\/wp-content\/uploads\/2019\/07\/International-Leadership-Forum-Luzern-Wie-lassen-sich-KMU-zu-internationalem-Erfolg-fuehren-3_Organisator-289x175.jpg 289w, https:\/\/www.organisator.ch\/wp-content\/uploads\/2019\/07\/International-Leadership-Forum-Luzern-Wie-lassen-sich-KMU-zu-internationalem-Erfolg-fuehren-3_Organisator-578x350.jpg 578w, https:\/\/www.organisator.ch\/wp-content\/uploads\/2019\/07\/International-Leadership-Forum-Luzern-Wie-lassen-sich-KMU-zu-internationalem-Erfolg-fuehren-3_Organisator-300x182.jpg 300w\" sizes=\"auto, (max-width: 680px) 100vw, 680px\" \/><figcaption id=\"caption-attachment-5483\" class=\"wp-caption-text\">Prof. Dr. Ingo Stolz (seated) and Carsten Pohland in the workshop on \"Meaningful scaling for SMEs\". (Image: Thomas Berner)<\/figcaption><\/figure>\n<h2>Many correct answers<\/h2>\n<p>In front of the plenum, J\u00fcrg Brand, Chairman of the Board of vonRoll hydro AG, then explained innovation-driven international perspectives on the one hand - shown by the example of \"zerowaterloss\", which is intended to prevent water losses through leaking pipes - and on the other hand Oliver Imfeld, manager of DJ Bobo, showed what can be learned from his international business success. After all, even a show star is ultimately an SME.<\/p>\n<p>Overall, the International Leadership Forum Lucerne was characterized by a great closeness to practice. The companies present and involved in the research project were able to show that there are many correct answers to the question of how to lead an SME to international success. We look forward to the further development of the event and its next execution. In any case, we hope that the International Leadership Forum Lucerne will have a broader impact.<\/p>\n<p><em>More information:<\/em><\/p>\n<ul>\n<li><em><a href=\"https:\/\/www.hslu.ch\/ilfl\">https:\/\/www.hslu.ch\/ilfl<\/a> (with links to the individual speakers)<\/em><\/li>\n<li><em>To the study (directly as download or to order via a form: <a href=\"https:\/\/www.hslu.ch\/kmu-international\">https:\/\/www.hslu.ch\/kmu-international<\/a>)<\/em><\/li>\n<li><em>Interview by Ingo Stolz at CNN Money Switzerland: <a href=\"https:\/\/www.cnnmoney.ch\/shows\/living-markets\/videos\/ingo-stolz-why-swiss-start-ups-shouldnt-compete-price\">https:\/\/www.cnnmoney.ch\/shows\/living-markets\/videos\/ingo-stolz-why-swiss-start-ups-shouldnt-compete-price<\/a><\/em><\/li>\n<\/ul>\n<p>&nbsp;<\/p>","protected":false},"excerpt":{"rendered":"<p>Es war eine kleine, \u00fcberschaubare Besucherschar, die sich am Nachmittag des 26. Juni 2019 im Hotel Radisson Lakefront in Luzern einfanden. Dieser \u00abintime\u00bb Rahmen erlaubte jedoch erst recht eine vertiefte Auseinandersetzung mit dem Tagungsthema \u00abKMU zum internationalen Erfolg f\u00fchren\u00bb. Zum Anlass eingeladen hatte das Institut f\u00fcr Betriebs- und Regional\u00f6konomie der Hochschule Luzern \u2013 Wirtschaft mit [&hellip;]<\/p>\n","protected":false},"author":4,"featured_media":5483,"comment_status":"open","ping_status":"open","sticky":false,"template":"","format":"standard","meta":{"_acf_changed":false,"_yoast_wpseo_focuskw":"International Leadership Forum","_yoast_wpseo_metadesc":"Am 26. Juni 2019 fand erstmals das International Leadership Forum Luzern statt. Der Anlass bildete den Abschluss eines mehrj\u00e4hrigen Forschungsprojekts.","articlekey":"","footnotes":""},"categories":[28],"tags":[193,280,335,492,533],"class_list":["post-5480","post","type-post","status-publish","format-standard","has-post-thumbnail","hentry","category-management","tag-fachkongressfachmesse","tag-internationalisierung","tag-management-und-unternehmensfuehrung","tag-unternehmen","tag-wissenschaft"],"acf":[],"yoast_head":"<!-- This site is optimized with the Yoast SEO plugin v27.5 - https:\/\/yoast.com\/product\/yoast-seo-wordpress\/ -->\n<title>International Leadership Forum Luzern: Wie lassen sich KMU zu internationalem Erfolg f\u00fchren? - Organisator<\/title>\n<meta name=\"description\" content=\"Am 26. Juni 2019 fand erstmals das International Leadership Forum Luzern statt. Der Anlass bildete den Abschluss eines mehrj\u00e4hrigen Forschungsprojekts.\" \/>\n<meta name=\"robots\" content=\"index, follow, max-snippet:-1, max-image-preview:large, max-video-preview:-1\" \/>\n<link rel=\"canonical\" href=\"https:\/\/www.organisator.ch\/en\/management\/2019-07-02\/international-leadership-forum-luzern-wie-lassen-sich-kmu-zu-internationalem-erfolg-fuehren\/\" \/>\n<meta property=\"og:locale\" content=\"en_US\" \/>\n<meta property=\"og:type\" content=\"article\" \/>\n<meta property=\"og:title\" content=\"International Leadership Forum Luzern: Wie lassen sich KMU zu internationalem Erfolg f\u00fchren?\" \/>\n<meta property=\"og:description\" content=\"Am 26. Juni 2019 fand erstmals das International Leadership Forum Luzern statt. Der Anlass bildete den Abschluss eines mehrj\u00e4hrigen Forschungsprojekts.\" \/>\n<meta property=\"og:url\" content=\"https:\/\/www.organisator.ch\/en\/management\/2019-07-02\/international-leadership-forum-luzern-wie-lassen-sich-kmu-zu-internationalem-erfolg-fuehren\/\" \/>\n<meta property=\"og:site_name\" content=\"Organisator\" \/>\n<meta property=\"article:publisher\" content=\"https:\/\/www.facebook.com\/OrganisatorFachmagazin\" \/>\n<meta property=\"article:published_time\" content=\"2019-07-02T06:36:00+00:00\" \/>\n<meta property=\"og:image\" content=\"https:\/\/www.organisator.ch\/wp-content\/uploads\/2019\/07\/International-Leadership-Forum-Luzern-Wie-lassen-sich-KMU-zu-internationalem-Erfolg-fuehren-1_Organisator.jpg\" \/>\n\t<meta property=\"og:image:width\" content=\"680\" \/>\n\t<meta property=\"og:image:height\" content=\"378\" \/>\n\t<meta property=\"og:image:type\" content=\"image\/jpeg\" \/>\n<meta name=\"author\" content=\"thomas.berner\" \/>\n<meta name=\"twitter:card\" content=\"summary_large_image\" \/>\n<meta name=\"twitter:title\" content=\"International Leadership Forum Luzern #ILFL: Wie lassen sich KMU zu internationalem Erfolg f\u00fchren?\" \/>\n<meta name=\"twitter:description\" content=\"Am 26. Juni 2019 fand erstmals das International Leadership Forum Luzern #ILFL statt. Der Anlass bildete den Abschluss eines mehrj\u00e4hrigen #Forschungsprojekts.\" \/>\n<meta name=\"twitter:image\" content=\"https:\/\/www.organisator.ch\/wp-content\/uploads\/2019\/07\/International-Leadership-Forum-Luzern-Wie-lassen-sich-KMU-zu-internationalem-Erfolg-f\u00fchren-1_Organisator.jpg\" \/>\n<script type=\"application\/ld+json\" class=\"yoast-schema-graph\">{\"@context\":\"https:\\\/\\\/schema.org\",\"@graph\":[{\"@type\":\"Article\",\"@id\":\"https:\\\/\\\/www.organisator.ch\\\/management\\\/2019-07-02\\\/international-leadership-forum-luzern-wie-lassen-sich-kmu-zu-internationalem-erfolg-fuehren\\\/#article\",\"isPartOf\":{\"@id\":\"https:\\\/\\\/www.organisator.ch\\\/management\\\/2019-07-02\\\/international-leadership-forum-luzern-wie-lassen-sich-kmu-zu-internationalem-erfolg-fuehren\\\/\"},\"author\":{\"name\":\"thomas.berner\",\"@id\":\"https:\\\/\\\/www.organisator.ch\\\/#\\\/schema\\\/person\\\/6f650f90b2842cd4c0cc334b4e36f67e\"},\"headline\":\"International Leadership Forum Luzern: Wie lassen sich KMU zu internationalem Erfolg f\u00fchren?\",\"datePublished\":\"2019-07-02T06:36:00+00:00\",\"mainEntityOfPage\":{\"@id\":\"https:\\\/\\\/www.organisator.ch\\\/management\\\/2019-07-02\\\/international-leadership-forum-luzern-wie-lassen-sich-kmu-zu-internationalem-erfolg-fuehren\\\/\"},\"wordCount\":1051,\"commentCount\":0,\"publisher\":{\"@id\":\"https:\\\/\\\/www.organisator.ch\\\/#organization\"},\"image\":{\"@id\":\"https:\\\/\\\/www.organisator.ch\\\/management\\\/2019-07-02\\\/international-leadership-forum-luzern-wie-lassen-sich-kmu-zu-internationalem-erfolg-fuehren\\\/#primaryimage\"},\"thumbnailUrl\":\"https:\\\/\\\/www.organisator.ch\\\/wp-content\\\/uploads\\\/2019\\\/07\\\/International-Leadership-Forum-Luzern-Wie-lassen-sich-KMU-zu-internationalem-Erfolg-fuehren-3_Organisator.jpg\",\"keywords\":[\"Fachkongress\\\/Fachmesse\",\"Internationalisierung\",\"Management und Unternehmensf\u00fchrung\",\"Unternehmen\",\"Wissenschaft\"],\"articleSection\":[\"MANAGEMENT\"],\"inLanguage\":\"en-US\"},{\"@type\":\"WebPage\",\"@id\":\"https:\\\/\\\/www.organisator.ch\\\/management\\\/2019-07-02\\\/international-leadership-forum-luzern-wie-lassen-sich-kmu-zu-internationalem-erfolg-fuehren\\\/\",\"url\":\"https:\\\/\\\/www.organisator.ch\\\/management\\\/2019-07-02\\\/international-leadership-forum-luzern-wie-lassen-sich-kmu-zu-internationalem-erfolg-fuehren\\\/\",\"name\":\"International Leadership Forum Luzern: Wie lassen sich KMU zu internationalem Erfolg f\u00fchren? - Organisator\",\"isPartOf\":{\"@id\":\"https:\\\/\\\/www.organisator.ch\\\/#website\"},\"primaryImageOfPage\":{\"@id\":\"https:\\\/\\\/www.organisator.ch\\\/management\\\/2019-07-02\\\/international-leadership-forum-luzern-wie-lassen-sich-kmu-zu-internationalem-erfolg-fuehren\\\/#primaryimage\"},\"image\":{\"@id\":\"https:\\\/\\\/www.organisator.ch\\\/management\\\/2019-07-02\\\/international-leadership-forum-luzern-wie-lassen-sich-kmu-zu-internationalem-erfolg-fuehren\\\/#primaryimage\"},\"thumbnailUrl\":\"https:\\\/\\\/www.organisator.ch\\\/wp-content\\\/uploads\\\/2019\\\/07\\\/International-Leadership-Forum-Luzern-Wie-lassen-sich-KMU-zu-internationalem-Erfolg-fuehren-3_Organisator.jpg\",\"datePublished\":\"2019-07-02T06:36:00+00:00\",\"description\":\"Am 26. Juni 2019 fand erstmals das International Leadership Forum Luzern statt. Der Anlass bildete den Abschluss eines mehrj\u00e4hrigen Forschungsprojekts.\",\"breadcrumb\":{\"@id\":\"https:\\\/\\\/www.organisator.ch\\\/management\\\/2019-07-02\\\/international-leadership-forum-luzern-wie-lassen-sich-kmu-zu-internationalem-erfolg-fuehren\\\/#breadcrumb\"},\"inLanguage\":\"en-US\",\"potentialAction\":[{\"@type\":\"ReadAction\",\"target\":[\"https:\\\/\\\/www.organisator.ch\\\/management\\\/2019-07-02\\\/international-leadership-forum-luzern-wie-lassen-sich-kmu-zu-internationalem-erfolg-fuehren\\\/\"]}]},{\"@type\":\"ImageObject\",\"inLanguage\":\"en-US\",\"@id\":\"https:\\\/\\\/www.organisator.ch\\\/management\\\/2019-07-02\\\/international-leadership-forum-luzern-wie-lassen-sich-kmu-zu-internationalem-erfolg-fuehren\\\/#primaryimage\",\"url\":\"https:\\\/\\\/www.organisator.ch\\\/wp-content\\\/uploads\\\/2019\\\/07\\\/International-Leadership-Forum-Luzern-Wie-lassen-sich-KMU-zu-internationalem-Erfolg-fuehren-3_Organisator.jpg\",\"contentUrl\":\"https:\\\/\\\/www.organisator.ch\\\/wp-content\\\/uploads\\\/2019\\\/07\\\/International-Leadership-Forum-Luzern-Wie-lassen-sich-KMU-zu-internationalem-Erfolg-fuehren-3_Organisator.jpg\",\"width\":680,\"height\":412,\"caption\":\"Prof. Dr. Ingo Stolz (sitzend) und Carsten Pohland im Workshop zum Thema \\\"Sinnvolle Skalierung f\u00fcr KMU\\\". (Bild: Thomas Berner)\"},{\"@type\":\"BreadcrumbList\",\"@id\":\"https:\\\/\\\/www.organisator.ch\\\/management\\\/2019-07-02\\\/international-leadership-forum-luzern-wie-lassen-sich-kmu-zu-internationalem-erfolg-fuehren\\\/#breadcrumb\",\"itemListElement\":[{\"@type\":\"ListItem\",\"position\":1,\"name\":\"Home\",\"item\":\"https:\\\/\\\/www.organisator.ch\\\/\"},{\"@type\":\"ListItem\",\"position\":2,\"name\":\"International Leadership Forum Luzern: Wie lassen sich KMU zu internationalem Erfolg f\u00fchren?\"}]},{\"@type\":\"WebSite\",\"@id\":\"https:\\\/\\\/www.organisator.ch\\\/#website\",\"url\":\"https:\\\/\\\/www.organisator.ch\\\/\",\"name\":\"Organisator\",\"description\":\"Kompetent. Praxisnah. Der ORGANISATOR bereitet in 10 Ausgaben pro Jahr die wesentlichen Themen f\u00fcr F\u00fchrungskr\u00e4fte von KMU auf.\",\"publisher\":{\"@id\":\"https:\\\/\\\/www.organisator.ch\\\/#organization\"},\"potentialAction\":[{\"@type\":\"SearchAction\",\"target\":{\"@type\":\"EntryPoint\",\"urlTemplate\":\"https:\\\/\\\/www.organisator.ch\\\/?s={search_term_string}\"},\"query-input\":{\"@type\":\"PropertyValueSpecification\",\"valueRequired\":true,\"valueName\":\"search_term_string\"}}],\"inLanguage\":\"en-US\"},{\"@type\":\"Organization\",\"@id\":\"https:\\\/\\\/www.organisator.ch\\\/#organization\",\"name\":\"Organisator\",\"url\":\"https:\\\/\\\/www.organisator.ch\\\/\",\"logo\":{\"@type\":\"ImageObject\",\"inLanguage\":\"en-US\",\"@id\":\"https:\\\/\\\/www.organisator.ch\\\/#\\\/schema\\\/logo\\\/image\\\/\",\"url\":\"https:\\\/\\\/www.organisator.ch\\\/wp-content\\\/uploads\\\/2022\\\/01\\\/Logo_Organisator_Website.png\",\"contentUrl\":\"https:\\\/\\\/www.organisator.ch\\\/wp-content\\\/uploads\\\/2022\\\/01\\\/Logo_Organisator_Website.png\",\"width\":800,\"height\":77,\"caption\":\"Organisator\"},\"image\":{\"@id\":\"https:\\\/\\\/www.organisator.ch\\\/#\\\/schema\\\/logo\\\/image\\\/\"},\"sameAs\":[\"https:\\\/\\\/www.facebook.com\\\/OrganisatorFachmagazin\",\"https:\\\/\\\/www.linkedin.com\\\/showcase\\\/organisator-das-magazin-fr-kmu\",\"https:\\\/\\\/www.xing.com\\\/news\\\/pages\\\/organisator-ch-695\",\"https:\\\/\\\/www.youtube.com\\\/channel\\\/UCGP2Sq0iWaZwT3BdIAQFYpw\"]},{\"@type\":\"Person\",\"@id\":\"https:\\\/\\\/www.organisator.ch\\\/#\\\/schema\\\/person\\\/6f650f90b2842cd4c0cc334b4e36f67e\",\"name\":\"thomas.berner\",\"image\":{\"@type\":\"ImageObject\",\"inLanguage\":\"en-US\",\"@id\":\"https:\\\/\\\/secure.gravatar.com\\\/avatar\\\/ac5001d2a36cb6c6cd3e50789007ffca834b477b74a2144564522e944eabff61?s=96&d=mm&r=g\",\"url\":\"https:\\\/\\\/secure.gravatar.com\\\/avatar\\\/ac5001d2a36cb6c6cd3e50789007ffca834b477b74a2144564522e944eabff61?s=96&d=mm&r=g\",\"contentUrl\":\"https:\\\/\\\/secure.gravatar.com\\\/avatar\\\/ac5001d2a36cb6c6cd3e50789007ffca834b477b74a2144564522e944eabff61?s=96&d=mm&r=g\",\"caption\":\"thomas.berner\"},\"url\":\"https:\\\/\\\/www.organisator.ch\\\/en\\\/author\\\/thomas-berner\\\/\"}]}<\/script>\n<!-- \/ Yoast SEO plugin. -->","yoast_head_json":{"title":"International Leadership Forum Lucerne: How can SMEs be led to international success? - Organizer","description":"On June 26, 2019, the International Leadership Forum Lucerne took place for the first time. The event marked the conclusion of a multi-year research project.","robots":{"index":"index","follow":"follow","max-snippet":"max-snippet:-1","max-image-preview":"max-image-preview:large","max-video-preview":"max-video-preview:-1"},"canonical":"https:\/\/www.organisator.ch\/en\/management\/2019-07-02\/international-leadership-forum-luzern-wie-lassen-sich-kmu-zu-internationalem-erfolg-fuehren\/","og_locale":"en_US","og_type":"article","og_title":"International Leadership Forum Luzern: Wie lassen sich KMU zu internationalem Erfolg f\u00fchren?","og_description":"Am 26. Juni 2019 fand erstmals das International Leadership Forum Luzern statt. Der Anlass bildete den Abschluss eines mehrj\u00e4hrigen Forschungsprojekts.","og_url":"https:\/\/www.organisator.ch\/en\/management\/2019-07-02\/international-leadership-forum-luzern-wie-lassen-sich-kmu-zu-internationalem-erfolg-fuehren\/","og_site_name":"Organisator","article_publisher":"https:\/\/www.facebook.com\/OrganisatorFachmagazin","article_published_time":"2019-07-02T06:36:00+00:00","og_image":[{"width":680,"height":378,"url":"https:\/\/www.organisator.ch\/wp-content\/uploads\/2019\/07\/International-Leadership-Forum-Luzern-Wie-lassen-sich-KMU-zu-internationalem-Erfolg-fuehren-1_Organisator.jpg","type":"image\/jpeg"}],"author":"thomas.berner","twitter_card":"summary_large_image","twitter_title":"International Leadership Forum Luzern #ILFL: Wie lassen sich KMU zu internationalem Erfolg f\u00fchren?","twitter_description":"Am 26. Juni 2019 fand erstmals das International Leadership Forum Luzern #ILFL statt. Der Anlass bildete den Abschluss eines mehrj\u00e4hrigen #Forschungsprojekts.","twitter_image":"https:\/\/www.organisator.ch\/wp-content\/uploads\/2019\/07\/International-Leadership-Forum-Luzern-Wie-lassen-sich-KMU-zu-internationalem-Erfolg-f\u00fchren-1_Organisator.jpg","schema":{"@context":"https:\/\/schema.org","@graph":[{"@type":"Article","@id":"https:\/\/www.organisator.ch\/management\/2019-07-02\/international-leadership-forum-luzern-wie-lassen-sich-kmu-zu-internationalem-erfolg-fuehren\/#article","isPartOf":{"@id":"https:\/\/www.organisator.ch\/management\/2019-07-02\/international-leadership-forum-luzern-wie-lassen-sich-kmu-zu-internationalem-erfolg-fuehren\/"},"author":{"name":"thomas.berner","@id":"https:\/\/www.organisator.ch\/#\/schema\/person\/6f650f90b2842cd4c0cc334b4e36f67e"},"headline":"International Leadership Forum Luzern: Wie lassen sich KMU zu internationalem Erfolg f\u00fchren?","datePublished":"2019-07-02T06:36:00+00:00","mainEntityOfPage":{"@id":"https:\/\/www.organisator.ch\/management\/2019-07-02\/international-leadership-forum-luzern-wie-lassen-sich-kmu-zu-internationalem-erfolg-fuehren\/"},"wordCount":1051,"commentCount":0,"publisher":{"@id":"https:\/\/www.organisator.ch\/#organization"},"image":{"@id":"https:\/\/www.organisator.ch\/management\/2019-07-02\/international-leadership-forum-luzern-wie-lassen-sich-kmu-zu-internationalem-erfolg-fuehren\/#primaryimage"},"thumbnailUrl":"https:\/\/www.organisator.ch\/wp-content\/uploads\/2019\/07\/International-Leadership-Forum-Luzern-Wie-lassen-sich-KMU-zu-internationalem-Erfolg-fuehren-3_Organisator.jpg","keywords":["Fachkongress\/Fachmesse","Internationalisierung","Management und Unternehmensf\u00fchrung","Unternehmen","Wissenschaft"],"articleSection":["MANAGEMENT"],"inLanguage":"en-US"},{"@type":"WebPage","@id":"https:\/\/www.organisator.ch\/management\/2019-07-02\/international-leadership-forum-luzern-wie-lassen-sich-kmu-zu-internationalem-erfolg-fuehren\/","url":"https:\/\/www.organisator.ch\/management\/2019-07-02\/international-leadership-forum-luzern-wie-lassen-sich-kmu-zu-internationalem-erfolg-fuehren\/","name":"International Leadership Forum Lucerne: How can SMEs be led to international success? - Organizer","isPartOf":{"@id":"https:\/\/www.organisator.ch\/#website"},"primaryImageOfPage":{"@id":"https:\/\/www.organisator.ch\/management\/2019-07-02\/international-leadership-forum-luzern-wie-lassen-sich-kmu-zu-internationalem-erfolg-fuehren\/#primaryimage"},"image":{"@id":"https:\/\/www.organisator.ch\/management\/2019-07-02\/international-leadership-forum-luzern-wie-lassen-sich-kmu-zu-internationalem-erfolg-fuehren\/#primaryimage"},"thumbnailUrl":"https:\/\/www.organisator.ch\/wp-content\/uploads\/2019\/07\/International-Leadership-Forum-Luzern-Wie-lassen-sich-KMU-zu-internationalem-Erfolg-fuehren-3_Organisator.jpg","datePublished":"2019-07-02T06:36:00+00:00","description":"On June 26, 2019, the International Leadership Forum Lucerne took place for the first time. The event marked the conclusion of a multi-year research project.","breadcrumb":{"@id":"https:\/\/www.organisator.ch\/management\/2019-07-02\/international-leadership-forum-luzern-wie-lassen-sich-kmu-zu-internationalem-erfolg-fuehren\/#breadcrumb"},"inLanguage":"en-US","potentialAction":[{"@type":"ReadAction","target":["https:\/\/www.organisator.ch\/management\/2019-07-02\/international-leadership-forum-luzern-wie-lassen-sich-kmu-zu-internationalem-erfolg-fuehren\/"]}]},{"@type":"ImageObject","inLanguage":"en-US","@id":"https:\/\/www.organisator.ch\/management\/2019-07-02\/international-leadership-forum-luzern-wie-lassen-sich-kmu-zu-internationalem-erfolg-fuehren\/#primaryimage","url":"https:\/\/www.organisator.ch\/wp-content\/uploads\/2019\/07\/International-Leadership-Forum-Luzern-Wie-lassen-sich-KMU-zu-internationalem-Erfolg-fuehren-3_Organisator.jpg","contentUrl":"https:\/\/www.organisator.ch\/wp-content\/uploads\/2019\/07\/International-Leadership-Forum-Luzern-Wie-lassen-sich-KMU-zu-internationalem-Erfolg-fuehren-3_Organisator.jpg","width":680,"height":412,"caption":"Prof. Dr. Ingo Stolz (sitzend) und Carsten Pohland im Workshop zum Thema \"Sinnvolle Skalierung f\u00fcr KMU\". (Bild: Thomas Berner)"},{"@type":"BreadcrumbList","@id":"https:\/\/www.organisator.ch\/management\/2019-07-02\/international-leadership-forum-luzern-wie-lassen-sich-kmu-zu-internationalem-erfolg-fuehren\/#breadcrumb","itemListElement":[{"@type":"ListItem","position":1,"name":"Home","item":"https:\/\/www.organisator.ch\/"},{"@type":"ListItem","position":2,"name":"International Leadership Forum Luzern: Wie lassen sich KMU zu internationalem Erfolg f\u00fchren?"}]},{"@type":"WebSite","@id":"https:\/\/www.organisator.ch\/#website","url":"https:\/\/www.organisator.ch\/","name":"Organizer","description":"Competent. Practical. In 10 issues per year, ORGANISATOR presents the essential topics for managers of SMEs.","publisher":{"@id":"https:\/\/www.organisator.ch\/#organization"},"potentialAction":[{"@type":"SearchAction","target":{"@type":"EntryPoint","urlTemplate":"https:\/\/www.organisator.ch\/?s={search_term_string}"},"query-input":{"@type":"PropertyValueSpecification","valueRequired":true,"valueName":"search_term_string"}}],"inLanguage":"en-US"},{"@type":"Organization","@id":"https:\/\/www.organisator.ch\/#organization","name":"Organizer","url":"https:\/\/www.organisator.ch\/","logo":{"@type":"ImageObject","inLanguage":"en-US","@id":"https:\/\/www.organisator.ch\/#\/schema\/logo\/image\/","url":"https:\/\/www.organisator.ch\/wp-content\/uploads\/2022\/01\/Logo_Organisator_Website.png","contentUrl":"https:\/\/www.organisator.ch\/wp-content\/uploads\/2022\/01\/Logo_Organisator_Website.png","width":800,"height":77,"caption":"Organisator"},"image":{"@id":"https:\/\/www.organisator.ch\/#\/schema\/logo\/image\/"},"sameAs":["https:\/\/www.facebook.com\/OrganisatorFachmagazin","https:\/\/www.linkedin.com\/showcase\/organisator-das-magazin-fr-kmu","https:\/\/www.xing.com\/news\/pages\/organisator-ch-695","https:\/\/www.youtube.com\/channel\/UCGP2Sq0iWaZwT3BdIAQFYpw"]},{"@type":"Person","@id":"https:\/\/www.organisator.ch\/#\/schema\/person\/6f650f90b2842cd4c0cc334b4e36f67e","name":"thomas.berner","image":{"@type":"ImageObject","inLanguage":"en-US","@id":"https:\/\/secure.gravatar.com\/avatar\/ac5001d2a36cb6c6cd3e50789007ffca834b477b74a2144564522e944eabff61?s=96&d=mm&r=g","url":"https:\/\/secure.gravatar.com\/avatar\/ac5001d2a36cb6c6cd3e50789007ffca834b477b74a2144564522e944eabff61?s=96&d=mm&r=g","contentUrl":"https:\/\/secure.gravatar.com\/avatar\/ac5001d2a36cb6c6cd3e50789007ffca834b477b74a2144564522e944eabff61?s=96&d=mm&r=g","caption":"thomas.berner"},"url":"https:\/\/www.organisator.ch\/en\/author\/thomas-berner\/"}]}},"_links":{"self":[{"href":"https:\/\/www.organisator.ch\/en\/wp-json\/wp\/v2\/posts\/5480","targetHints":{"allow":["GET"]}}],"collection":[{"href":"https:\/\/www.organisator.ch\/en\/wp-json\/wp\/v2\/posts"}],"about":[{"href":"https:\/\/www.organisator.ch\/en\/wp-json\/wp\/v2\/types\/post"}],"author":[{"embeddable":true,"href":"https:\/\/www.organisator.ch\/en\/wp-json\/wp\/v2\/users\/4"}],"replies":[{"embeddable":true,"href":"https:\/\/www.organisator.ch\/en\/wp-json\/wp\/v2\/comments?post=5480"}],"version-history":[{"count":0,"href":"https:\/\/www.organisator.ch\/en\/wp-json\/wp\/v2\/posts\/5480\/revisions"}],"wp:featuredmedia":[{"embeddable":true,"href":"https:\/\/www.organisator.ch\/en\/wp-json\/wp\/v2\/media\/5483"}],"wp:attachment":[{"href":"https:\/\/www.organisator.ch\/en\/wp-json\/wp\/v2\/media?parent=5480"}],"wp:term":[{"taxonomy":"category","embeddable":true,"href":"https:\/\/www.organisator.ch\/en\/wp-json\/wp\/v2\/categories?post=5480"},{"taxonomy":"post_tag","embeddable":true,"href":"https:\/\/www.organisator.ch\/en\/wp-json\/wp\/v2\/tags?post=5480"}],"curies":[{"name":"wp","href":"https:\/\/api.w.org\/{rel}","templated":true}]}}