{"id":5510,"date":"2019-07-08T13:47:10","date_gmt":"2019-07-08T11:47:10","guid":{"rendered":"https:\/\/www.organisator.ch\/?p=5510"},"modified":"2019-07-08T13:47:10","modified_gmt":"2019-07-08T11:47:10","slug":"big-bang-fuer-business-innovation-business-innovation-week-switzerland-in-zuerich-oerlikon","status":"publish","type":"post","link":"https:\/\/www.organisator.ch\/en\/management\/2019-07-08\/big-bang-fuer-business-innovation-business-innovation-week-switzerland-in-zuerich-oerlikon\/","title":{"rendered":"Big Bang for Business Innovation: \"Business Innovation Week Switzerland\" in Zurich Oerlikon"},"content":{"rendered":"<figure id=\"attachment_5511\" aria-describedby=\"caption-attachment-5511\" style=\"width: 680px\" class=\"wp-caption alignnone\"><img loading=\"lazy\" decoding=\"async\" class=\"size-medium wp-image-5511\" src=\"https:\/\/www.organisator.ch\/wp-content\/uploads\/2019\/07\/Big-Bang-fuer-Business-Innovation-Business-Innovation-Week-Switzerland-in-Zuerich-Oerlikon.jpg\" alt=\"\" width=\"680\" height=\"369\" srcset=\"https:\/\/www.organisator.ch\/wp-content\/uploads\/2019\/07\/Big-Bang-fuer-Business-Innovation-Business-Innovation-Week-Switzerland-in-Zuerich-Oerlikon.jpg 680w, https:\/\/www.organisator.ch\/wp-content\/uploads\/2019\/07\/Big-Bang-fuer-Business-Innovation-Business-Innovation-Week-Switzerland-in-Zuerich-Oerlikon-16x9.jpg 16w, https:\/\/www.organisator.ch\/wp-content\/uploads\/2019\/07\/Big-Bang-fuer-Business-Innovation-Business-Innovation-Week-Switzerland-in-Zuerich-Oerlikon-322x175.jpg 322w, https:\/\/www.organisator.ch\/wp-content\/uploads\/2019\/07\/Big-Bang-fuer-Business-Innovation-Business-Innovation-Week-Switzerland-in-Zuerich-Oerlikon-645x350.jpg 645w, https:\/\/www.organisator.ch\/wp-content\/uploads\/2019\/07\/Big-Bang-fuer-Business-Innovation-Business-Innovation-Week-Switzerland-in-Zuerich-Oerlikon-300x163.jpg 300w\" sizes=\"auto, (max-width: 680px) 100vw, 680px\" \/><figcaption id=\"caption-attachment-5511\" class=\"wp-caption-text\">The topics of the Business Innovation Week (Image: obs\/EMEX Management GmbH\/J. Schneider)<\/figcaption><\/figure>\n<p>\"Switzerland is an attractive innovation hub for companies and startups. With Business Innovation Week, we want to make this even more tangible!\" says Ewa Ming, initiator of Business Innovation Week (BIW) and known as the long-standing organizer of the Swiss marketing trade fair SuisseEMEX and the Digital Summit. BIW creates a new knowledge and networking platform for Swiss entrepreneurs, future shapers and founders. \"Think new, act new\". This claim characterizes the BIW program and stands for innovation, future dialogue and sustainability.<\/p>\n<h2>Business Innovation in \"Festival Style<\/h2>\n<p>The large-scale event in festival style transforms the vibrant workplace of Zurich Oerlikon into an inspiring, interactive forum for business-relevant innovations and business models. The focus is on: Digitization, New Work, trends and the latest technologies for the modern working world - implemented in a very practical and understandable way. In the first week of October, around 10,000 trade visitors will experience European premieres from humanoid robotics, 5G applications, artificial intelligence, cyber security and best practices for innovation culture. The program includes 300 keynotes and presentations, 200 events with live experiences, company tours and business networking.<\/p>\n<h2>Future-Conference @StageOne<\/h2>\n<p>Artificial intelligence, blockchain, cyber security, new work, virtual reality, humanoid robots, smart data - digitization is drastically increasing the pressure to innovate. They are the driving forces for companies and the economic development of Switzerland. The Future Conference from October 1 to 3 at StageOne creates a unique forum for decision-makers and shapers of the future from business, science and politics for dialog and exchange with practical approaches to solutions for the digital world. The Future Conference is aimed at C-level decision-makers and executives and presents a top-class program with international keynote speakers, CEO panel discussions and interviews.<\/p>\n<h2>Academy @MFO House<\/h2>\n<p>Exciting practical presentations, lectures and master classes take place in the studios of the MFO House. Women in business are increasingly making their mark: competent, authentic, strong - women are still shaping the corporate culture too little, but more and more. The Academy focuses on innovation culture and leadership, self-branding and storytelling, brand building and strategy.<\/p>\n<h2>Live Experience @Hall 622<\/h2>\n<p>For three days, the former ABB Industry Hall 622 will become an interactive, cross-industry meeting platform and inspiring future exhibition. Around 150 companies will be showing their new products. Visitors can expect robot premieres, drones, VR experiences, 3D printers and services for the new working world, creative marketing solutions and business software. And robot \"DJ Mecabot\" will then rock Hall 622 at the afterwork parties.<\/p>\n<p><em>To the program:<\/em><em> <a href=\"https:\/\/www.businessinnovation.ch\/de\/future-conference\/\">https:\/\/www.businessinnovation.ch\/de\/future-conference\/<\/a><\/em><\/p>","protected":false},"excerpt":{"rendered":"<p>\u00abDie Schweiz ist ein attraktiver Innovationshub f\u00fcr Unternehmen und Start-ups. Mit der Business Innovation Week wollen wir das noch erlebbarer machen!\u00bb, sagt Ewa Ming, Initiantin der Business Innovation Week (BIW) und bekannt als langj\u00e4hrige Veranstalterin der Schweizer Marketingmesse SuisseEMEX und des Digital Summit. Mit der BIW entsteht eine neue Wissens- und Netzwerkplattform f\u00fcr Schweizer Unternehmer, [&hellip;]<\/p>\n","protected":false},"author":4,"featured_media":5511,"comment_status":"open","ping_status":"open","sticky":false,"template":"","format":"standard","meta":{"_acf_changed":false,"_yoast_wpseo_focuskw":"Business Innovation","_yoast_wpseo_metadesc":"Vom 30. September bis 4. Oktober 2019 findet in Z\u00fcrich Oerlikon ein neuer Wirtschaftsevent f\u00fcr Business Innovation statt. 300 Speaker sind angek\u00fcndigt.","articlekey":"","footnotes":""},"categories":[28],"tags":[156,193,335],"class_list":["post-5510","post","type-post","status-publish","format-standard","has-post-thumbnail","hentry","category-management","tag-digitalisierung","tag-fachkongressfachmesse","tag-management-und-unternehmensfuehrung"],"acf":[],"yoast_head":"<!-- This site is optimized with the Yoast SEO plugin v27.4 - https:\/\/yoast.com\/product\/yoast-seo-wordpress\/ -->\n<title>Big Bang f\u00fcr Business Innovation: \u00abBusiness Innovation Week Switzerland\u00bb in Z\u00fcrich Oerlikon - Organisator<\/title>\n<meta name=\"description\" content=\"Vom 30. September bis 4. Oktober 2019 findet in Z\u00fcrich Oerlikon ein neuer Wirtschaftsevent f\u00fcr Business Innovation statt. 300 Speaker sind angek\u00fcndigt.\" \/>\n<meta name=\"robots\" content=\"index, follow, max-snippet:-1, max-image-preview:large, max-video-preview:-1\" \/>\n<link rel=\"canonical\" href=\"https:\/\/www.organisator.ch\/en\/management\/2019-07-08\/big-bang-fuer-business-innovation-business-innovation-week-switzerland-in-zuerich-oerlikon\/\" \/>\n<meta property=\"og:locale\" content=\"en_US\" \/>\n<meta property=\"og:type\" content=\"article\" \/>\n<meta property=\"og:title\" content=\"Big Bang f\u00fcr Business Innovation: \u00abBusiness Innovation Week Switzerland\u00bb in Z\u00fcrich Oerlikon\" \/>\n<meta property=\"og:description\" content=\"Vom 30. September bis 4. Oktober 2019 findet in Z\u00fcrich Oerlikon ein neuer Wirtschaftsevent f\u00fcr Business Innovation statt. 300 Speaker sind angek\u00fcndigt.\" \/>\n<meta property=\"og:url\" content=\"https:\/\/www.organisator.ch\/en\/management\/2019-07-08\/big-bang-fuer-business-innovation-business-innovation-week-switzerland-in-zuerich-oerlikon\/\" \/>\n<meta property=\"og:site_name\" content=\"Organisator\" \/>\n<meta property=\"article:publisher\" content=\"https:\/\/www.facebook.com\/OrganisatorFachmagazin\" \/>\n<meta property=\"article:published_time\" content=\"2019-07-08T11:47:10+00:00\" \/>\n<meta property=\"og:image\" content=\"https:\/\/www.organisator.ch\/wp-content\/uploads\/2019\/07\/Big-Bang-fuer-Business-Innovation-Business-Innovation-Week-Switzerland-in-Zuerich-Oerlikon.jpg\" \/>\n\t<meta property=\"og:image:width\" content=\"680\" \/>\n\t<meta property=\"og:image:height\" content=\"369\" \/>\n\t<meta property=\"og:image:type\" content=\"image\/jpeg\" \/>\n<meta name=\"author\" content=\"thomas.berner\" \/>\n<meta name=\"twitter:card\" content=\"summary_large_image\" \/>\n<meta name=\"twitter:title\" content=\"Big Bang f\u00fcr #Business #Innovation: \u00abBusiness Innovation Week Switzerland\u00bb #BIW in Z\u00fcrich Oerlikon\" \/>\n<meta name=\"twitter:description\" content=\"Vom 30. September bis 4. Oktober 2019 findet in Z\u00fcrich Oerlikon ein neuer Wirtschaftsevent f\u00fcr #Business #Innovation statt. 300 Speaker sind angek\u00fcndigt.\" \/>\n<meta name=\"twitter:image\" content=\"https:\/\/www.organisator.ch\/wp-content\/uploads\/2019\/07\/Big-Bang-f\u00fcr-Business-Innovation-Business-Innovation-Week-Switzerland-in-Z\u00fcrich-Oerlikon.jpg\" \/>\n<script type=\"application\/ld+json\" class=\"yoast-schema-graph\">{\"@context\":\"https:\\\/\\\/schema.org\",\"@graph\":[{\"@type\":\"Article\",\"@id\":\"https:\\\/\\\/www.organisator.ch\\\/management\\\/2019-07-08\\\/big-bang-fuer-business-innovation-business-innovation-week-switzerland-in-zuerich-oerlikon\\\/#article\",\"isPartOf\":{\"@id\":\"https:\\\/\\\/www.organisator.ch\\\/management\\\/2019-07-08\\\/big-bang-fuer-business-innovation-business-innovation-week-switzerland-in-zuerich-oerlikon\\\/\"},\"author\":{\"name\":\"thomas.berner\",\"@id\":\"https:\\\/\\\/www.organisator.ch\\\/#\\\/schema\\\/person\\\/6f650f90b2842cd4c0cc334b4e36f67e\"},\"headline\":\"Big Bang f\u00fcr Business Innovation: \u00abBusiness Innovation Week Switzerland\u00bb in Z\u00fcrich Oerlikon\",\"datePublished\":\"2019-07-08T11:47:10+00:00\",\"mainEntityOfPage\":{\"@id\":\"https:\\\/\\\/www.organisator.ch\\\/management\\\/2019-07-08\\\/big-bang-fuer-business-innovation-business-innovation-week-switzerland-in-zuerich-oerlikon\\\/\"},\"wordCount\":417,\"commentCount\":0,\"publisher\":{\"@id\":\"https:\\\/\\\/www.organisator.ch\\\/#organization\"},\"image\":{\"@id\":\"https:\\\/\\\/www.organisator.ch\\\/management\\\/2019-07-08\\\/big-bang-fuer-business-innovation-business-innovation-week-switzerland-in-zuerich-oerlikon\\\/#primaryimage\"},\"thumbnailUrl\":\"https:\\\/\\\/www.organisator.ch\\\/wp-content\\\/uploads\\\/2019\\\/07\\\/Big-Bang-fuer-Business-Innovation-Business-Innovation-Week-Switzerland-in-Zuerich-Oerlikon.jpg\",\"keywords\":[\"Digitalisierung\",\"Fachkongress\\\/Fachmesse\",\"Management und Unternehmensf\u00fchrung\"],\"articleSection\":[\"MANAGEMENT\"],\"inLanguage\":\"en-US\"},{\"@type\":\"WebPage\",\"@id\":\"https:\\\/\\\/www.organisator.ch\\\/management\\\/2019-07-08\\\/big-bang-fuer-business-innovation-business-innovation-week-switzerland-in-zuerich-oerlikon\\\/\",\"url\":\"https:\\\/\\\/www.organisator.ch\\\/management\\\/2019-07-08\\\/big-bang-fuer-business-innovation-business-innovation-week-switzerland-in-zuerich-oerlikon\\\/\",\"name\":\"Big Bang f\u00fcr Business Innovation: \u00abBusiness Innovation Week Switzerland\u00bb in Z\u00fcrich Oerlikon - Organisator\",\"isPartOf\":{\"@id\":\"https:\\\/\\\/www.organisator.ch\\\/#website\"},\"primaryImageOfPage\":{\"@id\":\"https:\\\/\\\/www.organisator.ch\\\/management\\\/2019-07-08\\\/big-bang-fuer-business-innovation-business-innovation-week-switzerland-in-zuerich-oerlikon\\\/#primaryimage\"},\"image\":{\"@id\":\"https:\\\/\\\/www.organisator.ch\\\/management\\\/2019-07-08\\\/big-bang-fuer-business-innovation-business-innovation-week-switzerland-in-zuerich-oerlikon\\\/#primaryimage\"},\"thumbnailUrl\":\"https:\\\/\\\/www.organisator.ch\\\/wp-content\\\/uploads\\\/2019\\\/07\\\/Big-Bang-fuer-Business-Innovation-Business-Innovation-Week-Switzerland-in-Zuerich-Oerlikon.jpg\",\"datePublished\":\"2019-07-08T11:47:10+00:00\",\"description\":\"Vom 30. September bis 4. Oktober 2019 findet in Z\u00fcrich Oerlikon ein neuer Wirtschaftsevent f\u00fcr Business Innovation statt. 300 Speaker sind angek\u00fcndigt.\",\"breadcrumb\":{\"@id\":\"https:\\\/\\\/www.organisator.ch\\\/management\\\/2019-07-08\\\/big-bang-fuer-business-innovation-business-innovation-week-switzerland-in-zuerich-oerlikon\\\/#breadcrumb\"},\"inLanguage\":\"en-US\",\"potentialAction\":[{\"@type\":\"ReadAction\",\"target\":[\"https:\\\/\\\/www.organisator.ch\\\/management\\\/2019-07-08\\\/big-bang-fuer-business-innovation-business-innovation-week-switzerland-in-zuerich-oerlikon\\\/\"]}]},{\"@type\":\"ImageObject\",\"inLanguage\":\"en-US\",\"@id\":\"https:\\\/\\\/www.organisator.ch\\\/management\\\/2019-07-08\\\/big-bang-fuer-business-innovation-business-innovation-week-switzerland-in-zuerich-oerlikon\\\/#primaryimage\",\"url\":\"https:\\\/\\\/www.organisator.ch\\\/wp-content\\\/uploads\\\/2019\\\/07\\\/Big-Bang-fuer-Business-Innovation-Business-Innovation-Week-Switzerland-in-Zuerich-Oerlikon.jpg\",\"contentUrl\":\"https:\\\/\\\/www.organisator.ch\\\/wp-content\\\/uploads\\\/2019\\\/07\\\/Big-Bang-fuer-Business-Innovation-Business-Innovation-Week-Switzerland-in-Zuerich-Oerlikon.jpg\",\"width\":680,\"height\":369,\"caption\":\"Die Themen der Business Innovation Week (Bild: obs\\\/EMEX Management GmbH\\\/J. Schneider)\"},{\"@type\":\"BreadcrumbList\",\"@id\":\"https:\\\/\\\/www.organisator.ch\\\/management\\\/2019-07-08\\\/big-bang-fuer-business-innovation-business-innovation-week-switzerland-in-zuerich-oerlikon\\\/#breadcrumb\",\"itemListElement\":[{\"@type\":\"ListItem\",\"position\":1,\"name\":\"Home\",\"item\":\"https:\\\/\\\/www.organisator.ch\\\/\"},{\"@type\":\"ListItem\",\"position\":2,\"name\":\"Big Bang f\u00fcr Business Innovation: \u00abBusiness Innovation Week Switzerland\u00bb in Z\u00fcrich Oerlikon\"}]},{\"@type\":\"WebSite\",\"@id\":\"https:\\\/\\\/www.organisator.ch\\\/#website\",\"url\":\"https:\\\/\\\/www.organisator.ch\\\/\",\"name\":\"Organisator\",\"description\":\"Kompetent. Praxisnah. Der ORGANISATOR bereitet in 10 Ausgaben pro Jahr die wesentlichen Themen f\u00fcr F\u00fchrungskr\u00e4fte von KMU auf.\",\"publisher\":{\"@id\":\"https:\\\/\\\/www.organisator.ch\\\/#organization\"},\"potentialAction\":[{\"@type\":\"SearchAction\",\"target\":{\"@type\":\"EntryPoint\",\"urlTemplate\":\"https:\\\/\\\/www.organisator.ch\\\/?s={search_term_string}\"},\"query-input\":{\"@type\":\"PropertyValueSpecification\",\"valueRequired\":true,\"valueName\":\"search_term_string\"}}],\"inLanguage\":\"en-US\"},{\"@type\":\"Organization\",\"@id\":\"https:\\\/\\\/www.organisator.ch\\\/#organization\",\"name\":\"Organisator\",\"url\":\"https:\\\/\\\/www.organisator.ch\\\/\",\"logo\":{\"@type\":\"ImageObject\",\"inLanguage\":\"en-US\",\"@id\":\"https:\\\/\\\/www.organisator.ch\\\/#\\\/schema\\\/logo\\\/image\\\/\",\"url\":\"https:\\\/\\\/www.organisator.ch\\\/wp-content\\\/uploads\\\/2022\\\/01\\\/Logo_Organisator_Website.png\",\"contentUrl\":\"https:\\\/\\\/www.organisator.ch\\\/wp-content\\\/uploads\\\/2022\\\/01\\\/Logo_Organisator_Website.png\",\"width\":800,\"height\":77,\"caption\":\"Organisator\"},\"image\":{\"@id\":\"https:\\\/\\\/www.organisator.ch\\\/#\\\/schema\\\/logo\\\/image\\\/\"},\"sameAs\":[\"https:\\\/\\\/www.facebook.com\\\/OrganisatorFachmagazin\",\"https:\\\/\\\/www.linkedin.com\\\/showcase\\\/organisator-das-magazin-fr-kmu\",\"https:\\\/\\\/www.xing.com\\\/news\\\/pages\\\/organisator-ch-695\",\"https:\\\/\\\/www.youtube.com\\\/channel\\\/UCGP2Sq0iWaZwT3BdIAQFYpw\"]},{\"@type\":\"Person\",\"@id\":\"https:\\\/\\\/www.organisator.ch\\\/#\\\/schema\\\/person\\\/6f650f90b2842cd4c0cc334b4e36f67e\",\"name\":\"thomas.berner\",\"image\":{\"@type\":\"ImageObject\",\"inLanguage\":\"en-US\",\"@id\":\"https:\\\/\\\/secure.gravatar.com\\\/avatar\\\/ac5001d2a36cb6c6cd3e50789007ffca834b477b74a2144564522e944eabff61?s=96&d=mm&r=g\",\"url\":\"https:\\\/\\\/secure.gravatar.com\\\/avatar\\\/ac5001d2a36cb6c6cd3e50789007ffca834b477b74a2144564522e944eabff61?s=96&d=mm&r=g\",\"contentUrl\":\"https:\\\/\\\/secure.gravatar.com\\\/avatar\\\/ac5001d2a36cb6c6cd3e50789007ffca834b477b74a2144564522e944eabff61?s=96&d=mm&r=g\",\"caption\":\"thomas.berner\"},\"url\":\"https:\\\/\\\/www.organisator.ch\\\/en\\\/author\\\/thomas-berner\\\/\"}]}<\/script>\n<!-- \/ Yoast SEO plugin. -->","yoast_head_json":{"title":"Big Bang for Business Innovation: \"Business Innovation Week Switzerland\" in Zurich Oerlikon - Organizer","description":"From September 30 to October 4, 2019, a new business event for business innovation will take place in Zurich Oerlikon. 300 speakers have been announced.","robots":{"index":"index","follow":"follow","max-snippet":"max-snippet:-1","max-image-preview":"max-image-preview:large","max-video-preview":"max-video-preview:-1"},"canonical":"https:\/\/www.organisator.ch\/en\/management\/2019-07-08\/big-bang-fuer-business-innovation-business-innovation-week-switzerland-in-zuerich-oerlikon\/","og_locale":"en_US","og_type":"article","og_title":"Big Bang f\u00fcr Business Innovation: \u00abBusiness Innovation Week Switzerland\u00bb in Z\u00fcrich Oerlikon","og_description":"Vom 30. September bis 4. Oktober 2019 findet in Z\u00fcrich Oerlikon ein neuer Wirtschaftsevent f\u00fcr Business Innovation statt. 300 Speaker sind angek\u00fcndigt.","og_url":"https:\/\/www.organisator.ch\/en\/management\/2019-07-08\/big-bang-fuer-business-innovation-business-innovation-week-switzerland-in-zuerich-oerlikon\/","og_site_name":"Organisator","article_publisher":"https:\/\/www.facebook.com\/OrganisatorFachmagazin","article_published_time":"2019-07-08T11:47:10+00:00","og_image":[{"width":680,"height":369,"url":"https:\/\/www.organisator.ch\/wp-content\/uploads\/2019\/07\/Big-Bang-fuer-Business-Innovation-Business-Innovation-Week-Switzerland-in-Zuerich-Oerlikon.jpg","type":"image\/jpeg"}],"author":"thomas.berner","twitter_card":"summary_large_image","twitter_title":"Big Bang f\u00fcr #Business #Innovation: \u00abBusiness Innovation Week Switzerland\u00bb #BIW in Z\u00fcrich Oerlikon","twitter_description":"Vom 30. September bis 4. Oktober 2019 findet in Z\u00fcrich Oerlikon ein neuer Wirtschaftsevent f\u00fcr #Business #Innovation statt. 300 Speaker sind angek\u00fcndigt.","twitter_image":"https:\/\/www.organisator.ch\/wp-content\/uploads\/2019\/07\/Big-Bang-f\u00fcr-Business-Innovation-Business-Innovation-Week-Switzerland-in-Z\u00fcrich-Oerlikon.jpg","schema":{"@context":"https:\/\/schema.org","@graph":[{"@type":"Article","@id":"https:\/\/www.organisator.ch\/management\/2019-07-08\/big-bang-fuer-business-innovation-business-innovation-week-switzerland-in-zuerich-oerlikon\/#article","isPartOf":{"@id":"https:\/\/www.organisator.ch\/management\/2019-07-08\/big-bang-fuer-business-innovation-business-innovation-week-switzerland-in-zuerich-oerlikon\/"},"author":{"name":"thomas.berner","@id":"https:\/\/www.organisator.ch\/#\/schema\/person\/6f650f90b2842cd4c0cc334b4e36f67e"},"headline":"Big Bang f\u00fcr Business Innovation: \u00abBusiness Innovation Week Switzerland\u00bb in Z\u00fcrich Oerlikon","datePublished":"2019-07-08T11:47:10+00:00","mainEntityOfPage":{"@id":"https:\/\/www.organisator.ch\/management\/2019-07-08\/big-bang-fuer-business-innovation-business-innovation-week-switzerland-in-zuerich-oerlikon\/"},"wordCount":417,"commentCount":0,"publisher":{"@id":"https:\/\/www.organisator.ch\/#organization"},"image":{"@id":"https:\/\/www.organisator.ch\/management\/2019-07-08\/big-bang-fuer-business-innovation-business-innovation-week-switzerland-in-zuerich-oerlikon\/#primaryimage"},"thumbnailUrl":"https:\/\/www.organisator.ch\/wp-content\/uploads\/2019\/07\/Big-Bang-fuer-Business-Innovation-Business-Innovation-Week-Switzerland-in-Zuerich-Oerlikon.jpg","keywords":["Digitalisierung","Fachkongress\/Fachmesse","Management und Unternehmensf\u00fchrung"],"articleSection":["MANAGEMENT"],"inLanguage":"en-US"},{"@type":"WebPage","@id":"https:\/\/www.organisator.ch\/management\/2019-07-08\/big-bang-fuer-business-innovation-business-innovation-week-switzerland-in-zuerich-oerlikon\/","url":"https:\/\/www.organisator.ch\/management\/2019-07-08\/big-bang-fuer-business-innovation-business-innovation-week-switzerland-in-zuerich-oerlikon\/","name":"Big Bang for Business Innovation: \"Business Innovation Week Switzerland\" in Zurich Oerlikon - Organizer","isPartOf":{"@id":"https:\/\/www.organisator.ch\/#website"},"primaryImageOfPage":{"@id":"https:\/\/www.organisator.ch\/management\/2019-07-08\/big-bang-fuer-business-innovation-business-innovation-week-switzerland-in-zuerich-oerlikon\/#primaryimage"},"image":{"@id":"https:\/\/www.organisator.ch\/management\/2019-07-08\/big-bang-fuer-business-innovation-business-innovation-week-switzerland-in-zuerich-oerlikon\/#primaryimage"},"thumbnailUrl":"https:\/\/www.organisator.ch\/wp-content\/uploads\/2019\/07\/Big-Bang-fuer-Business-Innovation-Business-Innovation-Week-Switzerland-in-Zuerich-Oerlikon.jpg","datePublished":"2019-07-08T11:47:10+00:00","description":"From September 30 to October 4, 2019, a new business event for business innovation will take place in Zurich Oerlikon. 300 speakers have been announced.","breadcrumb":{"@id":"https:\/\/www.organisator.ch\/management\/2019-07-08\/big-bang-fuer-business-innovation-business-innovation-week-switzerland-in-zuerich-oerlikon\/#breadcrumb"},"inLanguage":"en-US","potentialAction":[{"@type":"ReadAction","target":["https:\/\/www.organisator.ch\/management\/2019-07-08\/big-bang-fuer-business-innovation-business-innovation-week-switzerland-in-zuerich-oerlikon\/"]}]},{"@type":"ImageObject","inLanguage":"en-US","@id":"https:\/\/www.organisator.ch\/management\/2019-07-08\/big-bang-fuer-business-innovation-business-innovation-week-switzerland-in-zuerich-oerlikon\/#primaryimage","url":"https:\/\/www.organisator.ch\/wp-content\/uploads\/2019\/07\/Big-Bang-fuer-Business-Innovation-Business-Innovation-Week-Switzerland-in-Zuerich-Oerlikon.jpg","contentUrl":"https:\/\/www.organisator.ch\/wp-content\/uploads\/2019\/07\/Big-Bang-fuer-Business-Innovation-Business-Innovation-Week-Switzerland-in-Zuerich-Oerlikon.jpg","width":680,"height":369,"caption":"Die Themen der Business Innovation Week (Bild: obs\/EMEX Management GmbH\/J. Schneider)"},{"@type":"BreadcrumbList","@id":"https:\/\/www.organisator.ch\/management\/2019-07-08\/big-bang-fuer-business-innovation-business-innovation-week-switzerland-in-zuerich-oerlikon\/#breadcrumb","itemListElement":[{"@type":"ListItem","position":1,"name":"Home","item":"https:\/\/www.organisator.ch\/"},{"@type":"ListItem","position":2,"name":"Big Bang f\u00fcr Business Innovation: \u00abBusiness Innovation Week Switzerland\u00bb in Z\u00fcrich Oerlikon"}]},{"@type":"WebSite","@id":"https:\/\/www.organisator.ch\/#website","url":"https:\/\/www.organisator.ch\/","name":"Organizer","description":"Competent. Practical. In 10 issues per year, ORGANISATOR presents the essential topics for managers of SMEs.","publisher":{"@id":"https:\/\/www.organisator.ch\/#organization"},"potentialAction":[{"@type":"SearchAction","target":{"@type":"EntryPoint","urlTemplate":"https:\/\/www.organisator.ch\/?s={search_term_string}"},"query-input":{"@type":"PropertyValueSpecification","valueRequired":true,"valueName":"search_term_string"}}],"inLanguage":"en-US"},{"@type":"Organization","@id":"https:\/\/www.organisator.ch\/#organization","name":"Organizer","url":"https:\/\/www.organisator.ch\/","logo":{"@type":"ImageObject","inLanguage":"en-US","@id":"https:\/\/www.organisator.ch\/#\/schema\/logo\/image\/","url":"https:\/\/www.organisator.ch\/wp-content\/uploads\/2022\/01\/Logo_Organisator_Website.png","contentUrl":"https:\/\/www.organisator.ch\/wp-content\/uploads\/2022\/01\/Logo_Organisator_Website.png","width":800,"height":77,"caption":"Organisator"},"image":{"@id":"https:\/\/www.organisator.ch\/#\/schema\/logo\/image\/"},"sameAs":["https:\/\/www.facebook.com\/OrganisatorFachmagazin","https:\/\/www.linkedin.com\/showcase\/organisator-das-magazin-fr-kmu","https:\/\/www.xing.com\/news\/pages\/organisator-ch-695","https:\/\/www.youtube.com\/channel\/UCGP2Sq0iWaZwT3BdIAQFYpw"]},{"@type":"Person","@id":"https:\/\/www.organisator.ch\/#\/schema\/person\/6f650f90b2842cd4c0cc334b4e36f67e","name":"thomas.berner","image":{"@type":"ImageObject","inLanguage":"en-US","@id":"https:\/\/secure.gravatar.com\/avatar\/ac5001d2a36cb6c6cd3e50789007ffca834b477b74a2144564522e944eabff61?s=96&d=mm&r=g","url":"https:\/\/secure.gravatar.com\/avatar\/ac5001d2a36cb6c6cd3e50789007ffca834b477b74a2144564522e944eabff61?s=96&d=mm&r=g","contentUrl":"https:\/\/secure.gravatar.com\/avatar\/ac5001d2a36cb6c6cd3e50789007ffca834b477b74a2144564522e944eabff61?s=96&d=mm&r=g","caption":"thomas.berner"},"url":"https:\/\/www.organisator.ch\/en\/author\/thomas-berner\/"}]}},"_links":{"self":[{"href":"https:\/\/www.organisator.ch\/en\/wp-json\/wp\/v2\/posts\/5510","targetHints":{"allow":["GET"]}}],"collection":[{"href":"https:\/\/www.organisator.ch\/en\/wp-json\/wp\/v2\/posts"}],"about":[{"href":"https:\/\/www.organisator.ch\/en\/wp-json\/wp\/v2\/types\/post"}],"author":[{"embeddable":true,"href":"https:\/\/www.organisator.ch\/en\/wp-json\/wp\/v2\/users\/4"}],"replies":[{"embeddable":true,"href":"https:\/\/www.organisator.ch\/en\/wp-json\/wp\/v2\/comments?post=5510"}],"version-history":[{"count":0,"href":"https:\/\/www.organisator.ch\/en\/wp-json\/wp\/v2\/posts\/5510\/revisions"}],"wp:featuredmedia":[{"embeddable":true,"href":"https:\/\/www.organisator.ch\/en\/wp-json\/wp\/v2\/media\/5511"}],"wp:attachment":[{"href":"https:\/\/www.organisator.ch\/en\/wp-json\/wp\/v2\/media?parent=5510"}],"wp:term":[{"taxonomy":"category","embeddable":true,"href":"https:\/\/www.organisator.ch\/en\/wp-json\/wp\/v2\/categories?post=5510"},{"taxonomy":"post_tag","embeddable":true,"href":"https:\/\/www.organisator.ch\/en\/wp-json\/wp\/v2\/tags?post=5510"}],"curies":[{"name":"wp","href":"https:\/\/api.w.org\/{rel}","templated":true}]}}