{"id":5518,"date":"2019-07-09T13:47:52","date_gmt":"2019-07-09T11:47:52","guid":{"rendered":"https:\/\/www.organisator.ch\/?p=5518"},"modified":"2019-07-09T13:47:52","modified_gmt":"2019-07-09T11:47:52","slug":"junge-berufstaetige-in-der-schweiz-mehrheitlich-zufrieden-mit-digital-workplace","status":"publish","type":"post","link":"https:\/\/www.organisator.ch\/en\/management\/2019-07-09\/junge-berufstaetige-in-der-schweiz-mehrheitlich-zufrieden-mit-digital-workplace\/","title":{"rendered":"Young professionals in Switzerland: majority satisfied with digital workplace"},"content":{"rendered":"<figure id=\"attachment_5519\" aria-describedby=\"caption-attachment-5519\" style=\"width: 680px\" class=\"wp-caption alignnone\"><img loading=\"lazy\" decoding=\"async\" class=\"size-medium wp-image-5519\" src=\"https:\/\/www.organisator.ch\/wp-content\/uploads\/2019\/07\/Junge-Berufstaetige-in-der-Schweiz-Mehrheitlich-zufrieden-mit-Digital-Workplace_Organisator.jpg\" alt=\"\" width=\"680\" height=\"454\" srcset=\"https:\/\/www.organisator.ch\/wp-content\/uploads\/2019\/07\/Junge-Berufstaetige-in-der-Schweiz-Mehrheitlich-zufrieden-mit-Digital-Workplace_Organisator.jpg 680w, https:\/\/www.organisator.ch\/wp-content\/uploads\/2019\/07\/Junge-Berufstaetige-in-der-Schweiz-Mehrheitlich-zufrieden-mit-Digital-Workplace_Organisator-16x12.jpg 16w, https:\/\/www.organisator.ch\/wp-content\/uploads\/2019\/07\/Junge-Berufstaetige-in-der-Schweiz-Mehrheitlich-zufrieden-mit-Digital-Workplace_Organisator-262x175.jpg 262w, https:\/\/www.organisator.ch\/wp-content\/uploads\/2019\/07\/Junge-Berufstaetige-in-der-Schweiz-Mehrheitlich-zufrieden-mit-Digital-Workplace_Organisator-524x350.jpg 524w, https:\/\/www.organisator.ch\/wp-content\/uploads\/2019\/07\/Junge-Berufstaetige-in-der-Schweiz-Mehrheitlich-zufrieden-mit-Digital-Workplace_Organisator-300x200.jpg 300w\" sizes=\"auto, (max-width: 680px) 100vw, 680px\" \/><figcaption id=\"caption-attachment-5519\" class=\"wp-caption-text\">Young professionals in Switzerland are satisfied with the digital workplace. (Image: Tim Reckmann \/ pixelio.de)<\/figcaption><\/figure>\n<p>Modern, digital and attuned to young employees: In Swiss companies, 18- to 34-year-old professionals in particular seem to be satisfied with their digital workplace. Well over half (55 percent) of these younger employees already find the digital workplace (very) modern in terms of hardware, application programs and access to the digital working environment from outside the company. Almost as many of them (54 percent: \"strongly agree\" and \"agree\") observe an open culture that focuses on sharing information and collaboration.<\/p>\n<p>By contrast, only 40 percent of 35- to over 55-year-olds feel this way. Also, only 45 percent of them consider the digital workplace to be (very) modern. These are the findings of a recent YouGov survey commissioned by the full-service intranet agency HIRSCHTEC among 251 professionals in Switzerland who work mainly in offices.<\/p>\n<h2>Young professionals feel well supported by digital tools<\/h2>\n<p>A similar picture emerges with regard to digital work equipment: While more than half (53 percent: \"completely agree\" and \"agree\") of 18- to 34-year-olds already perceive digital work equipment as helpful for internal communication and collaboration, not even half (47 percent) of 35- to over 55-year-olds see it that way.<\/p>\n<p>\"The results show that there are definitely differences between the generations when it comes to the digital workplace in Switzerland. Whereas more than half of young employees seem to be completely satisfied with the digital workplace and the modern corporate culture practiced in the company, older employees see a bit more catching up to do here,\" says Lutz Hirsch, managing partner of HIRSCHTEC. \"For Swiss companies, it will therefore be increasingly important to pick up especially the older employees, who often also hold management positions.\"<\/p>\n<h2>Generation-independent: There is a need to catch up when it comes to the spatial equipment of office space<\/h2>\n<p>Swiss companies are thus faced with the challenge of increasingly addressing the needs of more experienced professionals, training them in the use of digital tools and anchoring the cultural change in their minds. In this way, they can ensure that they make meaningful use of the new interactive tools in the digital workplace for their management and leadership tasks and drive the transformation forward as digital leaders.<\/p>\n<p>However, younger and older employees do not differ in one respect: Only 51 percent of them agree (completely) that the spatial configuration of their office space promotes exchange and communication. Consequently, holistically conceived \"digital workplace\" concepts do not yet seem to be fully established in many Swiss companies.<\/p>\n<h2>DACH region: Digital work equipment has highest priority in Switzerland<\/h2>\n<p>If we also compare the survey results for Germany, Austria and Switzerland, it is striking that Swiss professionals (77 percent: \"yes, completely\" and \"yes, rather\") are by far the most likely to feel that digital work equipment is highly relevant in their company (Germany: 69 percent, Austria: 68 percent). Among 18- to 34-year-old employees in Switzerland, as many as 80 percent believe that digital hardware and software are highly relevant.<\/p>\n<p>\"This also coincides with our observations. Swiss companies in particular have a great awareness of the positive effect of modern digital work equipment on their own employer attractiveness. An awareness that has already arrived in many, but by no means all, German and Austrian companies,\" says Lutz Hirsch.<\/p>\n<p><em>Source:<a href=\"https:\/\/hirschtec.eu\/\">\u00a0https:\/\/hirschtec.eu\/<\/a><\/em><\/p>","protected":false},"excerpt":{"rendered":"<p>Modern, digital und auf junge Mitarbeiter eingestellt: In Schweizer Unternehmen scheinen vor allem die 18- bis 34-j\u00e4hrigen Berufst\u00e4tigen zufrieden mit ihrem digitalen Arbeitsplatz zu sein. Bereits weit \u00fcber die H\u00e4lfte (55 Prozent) dieser j\u00fcngeren Besch\u00e4ftigten findet den Digital Workplace in Bezug auf Hardware, Anwendungsprogramme und den Zugang zur digitalen Arbeitsumgebung von au\u00dferhalb des Unternehmens (sehr) [&hellip;]<\/p>\n","protected":false},"author":4,"featured_media":5519,"comment_status":"open","ping_status":"open","sticky":false,"template":"","format":"standard","meta":{"_acf_changed":false,"_yoast_wpseo_focuskw":"Junge Berufst\u00e4tige","_yoast_wpseo_metadesc":"In Schweizer Unternehmen scheinen vor allem die 18- bis 34-J\u00e4hrigen Berufst\u00e4tigen zufrieden mit ihrem digitalen Arbeitsplatz zu sein.","articlekey":"","footnotes":""},"categories":[28],"tags":[51,156,208,363],"class_list":["post-5518","post","type-post","status-publish","format-standard","has-post-thumbnail","hentry","category-management","tag-arbeitsplatzgestaltung","tag-digitalisierung","tag-fit-im-job","tag-new-work"],"acf":[],"yoast_head":"<!-- This site is optimized with the Yoast SEO plugin v27.4 - https:\/\/yoast.com\/product\/yoast-seo-wordpress\/ -->\n<title>Junge Berufst\u00e4tige in der Schweiz: Mehrheitlich zufrieden mit Digital Workplace - Organisator<\/title>\n<meta name=\"description\" content=\"In Schweizer Unternehmen scheinen vor allem die 18- bis 34-J\u00e4hrigen Berufst\u00e4tigen zufrieden mit ihrem digitalen Arbeitsplatz zu sein.\" \/>\n<meta name=\"robots\" content=\"index, follow, max-snippet:-1, max-image-preview:large, max-video-preview:-1\" \/>\n<link rel=\"canonical\" href=\"https:\/\/www.organisator.ch\/en\/management\/2019-07-09\/junge-berufstaetige-in-der-schweiz-mehrheitlich-zufrieden-mit-digital-workplace\/\" \/>\n<meta property=\"og:locale\" content=\"en_US\" \/>\n<meta property=\"og:type\" content=\"article\" \/>\n<meta property=\"og:title\" content=\"Junge Berufst\u00e4tige in der Schweiz: Mehrheitlich zufrieden mit Digital Workplace\" \/>\n<meta property=\"og:description\" content=\"In Schweizer Unternehmen scheinen vor allem die 18- bis 34-J\u00e4hrigen Berufst\u00e4tigen zufrieden mit ihrem digitalen Arbeitsplatz zu sein.\" \/>\n<meta property=\"og:url\" content=\"https:\/\/www.organisator.ch\/en\/management\/2019-07-09\/junge-berufstaetige-in-der-schweiz-mehrheitlich-zufrieden-mit-digital-workplace\/\" \/>\n<meta property=\"og:site_name\" content=\"Organisator\" \/>\n<meta property=\"article:publisher\" content=\"https:\/\/www.facebook.com\/OrganisatorFachmagazin\" \/>\n<meta property=\"article:published_time\" content=\"2019-07-09T11:47:52+00:00\" \/>\n<meta property=\"og:image\" content=\"https:\/\/www.organisator.ch\/wp-content\/uploads\/2019\/07\/Junge-Berufstaetige-in-der-Schweiz-Mehrheitlich-zufrieden-mit-Digital-Workplace_Organisator.jpg\" \/>\n\t<meta property=\"og:image:width\" content=\"680\" \/>\n\t<meta property=\"og:image:height\" content=\"454\" \/>\n\t<meta property=\"og:image:type\" content=\"image\/jpeg\" \/>\n<meta name=\"author\" content=\"thomas.berner\" \/>\n<meta name=\"twitter:card\" content=\"summary_large_image\" \/>\n<meta name=\"twitter:title\" content=\"Junge #Berufst\u00e4tige in der Schweiz: Mehrheitlich zufrieden mit Digital #Workplace\" \/>\n<meta name=\"twitter:description\" content=\"In Schweizer Unternehmen scheinen vor allem die 18- bis 34-J\u00e4hrigen Berufst\u00e4tigen zufrieden mit ihrem digitalen Arbeitsplatz zu sein.\" \/>\n<meta name=\"twitter:image\" content=\"https:\/\/www.organisator.ch\/wp-content\/uploads\/2019\/07\/Junge-Berufst\u00e4tige-in-der-Schweiz-Mehrheitlich-zufrieden-mit-Digital-Workplace_Organisator.jpg\" \/>\n<script type=\"application\/ld+json\" class=\"yoast-schema-graph\">{\"@context\":\"https:\\\/\\\/schema.org\",\"@graph\":[{\"@type\":\"Article\",\"@id\":\"https:\\\/\\\/www.organisator.ch\\\/management\\\/2019-07-09\\\/junge-berufstaetige-in-der-schweiz-mehrheitlich-zufrieden-mit-digital-workplace\\\/#article\",\"isPartOf\":{\"@id\":\"https:\\\/\\\/www.organisator.ch\\\/management\\\/2019-07-09\\\/junge-berufstaetige-in-der-schweiz-mehrheitlich-zufrieden-mit-digital-workplace\\\/\"},\"author\":{\"name\":\"thomas.berner\",\"@id\":\"https:\\\/\\\/www.organisator.ch\\\/#\\\/schema\\\/person\\\/6f650f90b2842cd4c0cc334b4e36f67e\"},\"headline\":\"Junge Berufst\u00e4tige in der Schweiz: Mehrheitlich zufrieden mit Digital Workplace\",\"datePublished\":\"2019-07-09T11:47:52+00:00\",\"mainEntityOfPage\":{\"@id\":\"https:\\\/\\\/www.organisator.ch\\\/management\\\/2019-07-09\\\/junge-berufstaetige-in-der-schweiz-mehrheitlich-zufrieden-mit-digital-workplace\\\/\"},\"wordCount\":613,\"commentCount\":0,\"publisher\":{\"@id\":\"https:\\\/\\\/www.organisator.ch\\\/#organization\"},\"image\":{\"@id\":\"https:\\\/\\\/www.organisator.ch\\\/management\\\/2019-07-09\\\/junge-berufstaetige-in-der-schweiz-mehrheitlich-zufrieden-mit-digital-workplace\\\/#primaryimage\"},\"thumbnailUrl\":\"https:\\\/\\\/www.organisator.ch\\\/wp-content\\\/uploads\\\/2019\\\/07\\\/Junge-Berufstaetige-in-der-Schweiz-Mehrheitlich-zufrieden-mit-Digital-Workplace_Organisator.jpg\",\"keywords\":[\"Arbeitsplatzgestaltung\",\"Digitalisierung\",\"Fit im Job\",\"New Work\"],\"articleSection\":[\"MANAGEMENT\"],\"inLanguage\":\"en-US\"},{\"@type\":\"WebPage\",\"@id\":\"https:\\\/\\\/www.organisator.ch\\\/management\\\/2019-07-09\\\/junge-berufstaetige-in-der-schweiz-mehrheitlich-zufrieden-mit-digital-workplace\\\/\",\"url\":\"https:\\\/\\\/www.organisator.ch\\\/management\\\/2019-07-09\\\/junge-berufstaetige-in-der-schweiz-mehrheitlich-zufrieden-mit-digital-workplace\\\/\",\"name\":\"Junge Berufst\u00e4tige in der Schweiz: Mehrheitlich zufrieden mit Digital Workplace - Organisator\",\"isPartOf\":{\"@id\":\"https:\\\/\\\/www.organisator.ch\\\/#website\"},\"primaryImageOfPage\":{\"@id\":\"https:\\\/\\\/www.organisator.ch\\\/management\\\/2019-07-09\\\/junge-berufstaetige-in-der-schweiz-mehrheitlich-zufrieden-mit-digital-workplace\\\/#primaryimage\"},\"image\":{\"@id\":\"https:\\\/\\\/www.organisator.ch\\\/management\\\/2019-07-09\\\/junge-berufstaetige-in-der-schweiz-mehrheitlich-zufrieden-mit-digital-workplace\\\/#primaryimage\"},\"thumbnailUrl\":\"https:\\\/\\\/www.organisator.ch\\\/wp-content\\\/uploads\\\/2019\\\/07\\\/Junge-Berufstaetige-in-der-Schweiz-Mehrheitlich-zufrieden-mit-Digital-Workplace_Organisator.jpg\",\"datePublished\":\"2019-07-09T11:47:52+00:00\",\"description\":\"In Schweizer Unternehmen scheinen vor allem die 18- bis 34-J\u00e4hrigen Berufst\u00e4tigen zufrieden mit ihrem digitalen Arbeitsplatz zu sein.\",\"breadcrumb\":{\"@id\":\"https:\\\/\\\/www.organisator.ch\\\/management\\\/2019-07-09\\\/junge-berufstaetige-in-der-schweiz-mehrheitlich-zufrieden-mit-digital-workplace\\\/#breadcrumb\"},\"inLanguage\":\"en-US\",\"potentialAction\":[{\"@type\":\"ReadAction\",\"target\":[\"https:\\\/\\\/www.organisator.ch\\\/management\\\/2019-07-09\\\/junge-berufstaetige-in-der-schweiz-mehrheitlich-zufrieden-mit-digital-workplace\\\/\"]}]},{\"@type\":\"ImageObject\",\"inLanguage\":\"en-US\",\"@id\":\"https:\\\/\\\/www.organisator.ch\\\/management\\\/2019-07-09\\\/junge-berufstaetige-in-der-schweiz-mehrheitlich-zufrieden-mit-digital-workplace\\\/#primaryimage\",\"url\":\"https:\\\/\\\/www.organisator.ch\\\/wp-content\\\/uploads\\\/2019\\\/07\\\/Junge-Berufstaetige-in-der-Schweiz-Mehrheitlich-zufrieden-mit-Digital-Workplace_Organisator.jpg\",\"contentUrl\":\"https:\\\/\\\/www.organisator.ch\\\/wp-content\\\/uploads\\\/2019\\\/07\\\/Junge-Berufstaetige-in-der-Schweiz-Mehrheitlich-zufrieden-mit-Digital-Workplace_Organisator.jpg\",\"width\":680,\"height\":454,\"caption\":\"Junge Berufst\u00e4tige in der Schweiz sind zufrieden mit dem Digital Workplace. (Bild: Tim Reckmann \\\/ pixelio.de)\"},{\"@type\":\"BreadcrumbList\",\"@id\":\"https:\\\/\\\/www.organisator.ch\\\/management\\\/2019-07-09\\\/junge-berufstaetige-in-der-schweiz-mehrheitlich-zufrieden-mit-digital-workplace\\\/#breadcrumb\",\"itemListElement\":[{\"@type\":\"ListItem\",\"position\":1,\"name\":\"Home\",\"item\":\"https:\\\/\\\/www.organisator.ch\\\/\"},{\"@type\":\"ListItem\",\"position\":2,\"name\":\"Junge Berufst\u00e4tige in der Schweiz: Mehrheitlich zufrieden mit Digital Workplace\"}]},{\"@type\":\"WebSite\",\"@id\":\"https:\\\/\\\/www.organisator.ch\\\/#website\",\"url\":\"https:\\\/\\\/www.organisator.ch\\\/\",\"name\":\"Organisator\",\"description\":\"Kompetent. Praxisnah. Der ORGANISATOR bereitet in 10 Ausgaben pro Jahr die wesentlichen Themen f\u00fcr F\u00fchrungskr\u00e4fte von KMU auf.\",\"publisher\":{\"@id\":\"https:\\\/\\\/www.organisator.ch\\\/#organization\"},\"potentialAction\":[{\"@type\":\"SearchAction\",\"target\":{\"@type\":\"EntryPoint\",\"urlTemplate\":\"https:\\\/\\\/www.organisator.ch\\\/?s={search_term_string}\"},\"query-input\":{\"@type\":\"PropertyValueSpecification\",\"valueRequired\":true,\"valueName\":\"search_term_string\"}}],\"inLanguage\":\"en-US\"},{\"@type\":\"Organization\",\"@id\":\"https:\\\/\\\/www.organisator.ch\\\/#organization\",\"name\":\"Organisator\",\"url\":\"https:\\\/\\\/www.organisator.ch\\\/\",\"logo\":{\"@type\":\"ImageObject\",\"inLanguage\":\"en-US\",\"@id\":\"https:\\\/\\\/www.organisator.ch\\\/#\\\/schema\\\/logo\\\/image\\\/\",\"url\":\"https:\\\/\\\/www.organisator.ch\\\/wp-content\\\/uploads\\\/2022\\\/01\\\/Logo_Organisator_Website.png\",\"contentUrl\":\"https:\\\/\\\/www.organisator.ch\\\/wp-content\\\/uploads\\\/2022\\\/01\\\/Logo_Organisator_Website.png\",\"width\":800,\"height\":77,\"caption\":\"Organisator\"},\"image\":{\"@id\":\"https:\\\/\\\/www.organisator.ch\\\/#\\\/schema\\\/logo\\\/image\\\/\"},\"sameAs\":[\"https:\\\/\\\/www.facebook.com\\\/OrganisatorFachmagazin\",\"https:\\\/\\\/www.linkedin.com\\\/showcase\\\/organisator-das-magazin-fr-kmu\",\"https:\\\/\\\/www.xing.com\\\/news\\\/pages\\\/organisator-ch-695\",\"https:\\\/\\\/www.youtube.com\\\/channel\\\/UCGP2Sq0iWaZwT3BdIAQFYpw\"]},{\"@type\":\"Person\",\"@id\":\"https:\\\/\\\/www.organisator.ch\\\/#\\\/schema\\\/person\\\/6f650f90b2842cd4c0cc334b4e36f67e\",\"name\":\"thomas.berner\",\"image\":{\"@type\":\"ImageObject\",\"inLanguage\":\"en-US\",\"@id\":\"https:\\\/\\\/secure.gravatar.com\\\/avatar\\\/ac5001d2a36cb6c6cd3e50789007ffca834b477b74a2144564522e944eabff61?s=96&d=mm&r=g\",\"url\":\"https:\\\/\\\/secure.gravatar.com\\\/avatar\\\/ac5001d2a36cb6c6cd3e50789007ffca834b477b74a2144564522e944eabff61?s=96&d=mm&r=g\",\"contentUrl\":\"https:\\\/\\\/secure.gravatar.com\\\/avatar\\\/ac5001d2a36cb6c6cd3e50789007ffca834b477b74a2144564522e944eabff61?s=96&d=mm&r=g\",\"caption\":\"thomas.berner\"},\"url\":\"https:\\\/\\\/www.organisator.ch\\\/en\\\/author\\\/thomas-berner\\\/\"}]}<\/script>\n<!-- \/ Yoast SEO plugin. -->","yoast_head_json":{"title":"Young professionals in Switzerland: majority satisfied with digital workplace - Organizer","description":"In Swiss companies, 18- to 34-year-old professionals in particular seem to be satisfied with their digital workplace.","robots":{"index":"index","follow":"follow","max-snippet":"max-snippet:-1","max-image-preview":"max-image-preview:large","max-video-preview":"max-video-preview:-1"},"canonical":"https:\/\/www.organisator.ch\/en\/management\/2019-07-09\/junge-berufstaetige-in-der-schweiz-mehrheitlich-zufrieden-mit-digital-workplace\/","og_locale":"en_US","og_type":"article","og_title":"Junge Berufst\u00e4tige in der Schweiz: Mehrheitlich zufrieden mit Digital Workplace","og_description":"In Schweizer Unternehmen scheinen vor allem die 18- bis 34-J\u00e4hrigen Berufst\u00e4tigen zufrieden mit ihrem digitalen Arbeitsplatz zu sein.","og_url":"https:\/\/www.organisator.ch\/en\/management\/2019-07-09\/junge-berufstaetige-in-der-schweiz-mehrheitlich-zufrieden-mit-digital-workplace\/","og_site_name":"Organisator","article_publisher":"https:\/\/www.facebook.com\/OrganisatorFachmagazin","article_published_time":"2019-07-09T11:47:52+00:00","og_image":[{"width":680,"height":454,"url":"https:\/\/www.organisator.ch\/wp-content\/uploads\/2019\/07\/Junge-Berufstaetige-in-der-Schweiz-Mehrheitlich-zufrieden-mit-Digital-Workplace_Organisator.jpg","type":"image\/jpeg"}],"author":"thomas.berner","twitter_card":"summary_large_image","twitter_title":"Junge #Berufst\u00e4tige in der Schweiz: Mehrheitlich zufrieden mit Digital #Workplace","twitter_description":"In Schweizer Unternehmen scheinen vor allem die 18- bis 34-J\u00e4hrigen Berufst\u00e4tigen zufrieden mit ihrem digitalen Arbeitsplatz zu sein.","twitter_image":"https:\/\/www.organisator.ch\/wp-content\/uploads\/2019\/07\/Junge-Berufst\u00e4tige-in-der-Schweiz-Mehrheitlich-zufrieden-mit-Digital-Workplace_Organisator.jpg","schema":{"@context":"https:\/\/schema.org","@graph":[{"@type":"Article","@id":"https:\/\/www.organisator.ch\/management\/2019-07-09\/junge-berufstaetige-in-der-schweiz-mehrheitlich-zufrieden-mit-digital-workplace\/#article","isPartOf":{"@id":"https:\/\/www.organisator.ch\/management\/2019-07-09\/junge-berufstaetige-in-der-schweiz-mehrheitlich-zufrieden-mit-digital-workplace\/"},"author":{"name":"thomas.berner","@id":"https:\/\/www.organisator.ch\/#\/schema\/person\/6f650f90b2842cd4c0cc334b4e36f67e"},"headline":"Junge Berufst\u00e4tige in der Schweiz: Mehrheitlich zufrieden mit Digital Workplace","datePublished":"2019-07-09T11:47:52+00:00","mainEntityOfPage":{"@id":"https:\/\/www.organisator.ch\/management\/2019-07-09\/junge-berufstaetige-in-der-schweiz-mehrheitlich-zufrieden-mit-digital-workplace\/"},"wordCount":613,"commentCount":0,"publisher":{"@id":"https:\/\/www.organisator.ch\/#organization"},"image":{"@id":"https:\/\/www.organisator.ch\/management\/2019-07-09\/junge-berufstaetige-in-der-schweiz-mehrheitlich-zufrieden-mit-digital-workplace\/#primaryimage"},"thumbnailUrl":"https:\/\/www.organisator.ch\/wp-content\/uploads\/2019\/07\/Junge-Berufstaetige-in-der-Schweiz-Mehrheitlich-zufrieden-mit-Digital-Workplace_Organisator.jpg","keywords":["Arbeitsplatzgestaltung","Digitalisierung","Fit im Job","New Work"],"articleSection":["MANAGEMENT"],"inLanguage":"en-US"},{"@type":"WebPage","@id":"https:\/\/www.organisator.ch\/management\/2019-07-09\/junge-berufstaetige-in-der-schweiz-mehrheitlich-zufrieden-mit-digital-workplace\/","url":"https:\/\/www.organisator.ch\/management\/2019-07-09\/junge-berufstaetige-in-der-schweiz-mehrheitlich-zufrieden-mit-digital-workplace\/","name":"Young professionals in Switzerland: majority satisfied with digital workplace - Organizer","isPartOf":{"@id":"https:\/\/www.organisator.ch\/#website"},"primaryImageOfPage":{"@id":"https:\/\/www.organisator.ch\/management\/2019-07-09\/junge-berufstaetige-in-der-schweiz-mehrheitlich-zufrieden-mit-digital-workplace\/#primaryimage"},"image":{"@id":"https:\/\/www.organisator.ch\/management\/2019-07-09\/junge-berufstaetige-in-der-schweiz-mehrheitlich-zufrieden-mit-digital-workplace\/#primaryimage"},"thumbnailUrl":"https:\/\/www.organisator.ch\/wp-content\/uploads\/2019\/07\/Junge-Berufstaetige-in-der-Schweiz-Mehrheitlich-zufrieden-mit-Digital-Workplace_Organisator.jpg","datePublished":"2019-07-09T11:47:52+00:00","description":"In Swiss companies, 18- to 34-year-old professionals in particular seem to be satisfied with their digital workplace.","breadcrumb":{"@id":"https:\/\/www.organisator.ch\/management\/2019-07-09\/junge-berufstaetige-in-der-schweiz-mehrheitlich-zufrieden-mit-digital-workplace\/#breadcrumb"},"inLanguage":"en-US","potentialAction":[{"@type":"ReadAction","target":["https:\/\/www.organisator.ch\/management\/2019-07-09\/junge-berufstaetige-in-der-schweiz-mehrheitlich-zufrieden-mit-digital-workplace\/"]}]},{"@type":"ImageObject","inLanguage":"en-US","@id":"https:\/\/www.organisator.ch\/management\/2019-07-09\/junge-berufstaetige-in-der-schweiz-mehrheitlich-zufrieden-mit-digital-workplace\/#primaryimage","url":"https:\/\/www.organisator.ch\/wp-content\/uploads\/2019\/07\/Junge-Berufstaetige-in-der-Schweiz-Mehrheitlich-zufrieden-mit-Digital-Workplace_Organisator.jpg","contentUrl":"https:\/\/www.organisator.ch\/wp-content\/uploads\/2019\/07\/Junge-Berufstaetige-in-der-Schweiz-Mehrheitlich-zufrieden-mit-Digital-Workplace_Organisator.jpg","width":680,"height":454,"caption":"Junge Berufst\u00e4tige in der Schweiz sind zufrieden mit dem Digital Workplace. (Bild: Tim Reckmann \/ pixelio.de)"},{"@type":"BreadcrumbList","@id":"https:\/\/www.organisator.ch\/management\/2019-07-09\/junge-berufstaetige-in-der-schweiz-mehrheitlich-zufrieden-mit-digital-workplace\/#breadcrumb","itemListElement":[{"@type":"ListItem","position":1,"name":"Home","item":"https:\/\/www.organisator.ch\/"},{"@type":"ListItem","position":2,"name":"Junge Berufst\u00e4tige in der Schweiz: Mehrheitlich zufrieden mit Digital Workplace"}]},{"@type":"WebSite","@id":"https:\/\/www.organisator.ch\/#website","url":"https:\/\/www.organisator.ch\/","name":"Organizer","description":"Competent. Practical. In 10 issues per year, ORGANISATOR presents the essential topics for managers of SMEs.","publisher":{"@id":"https:\/\/www.organisator.ch\/#organization"},"potentialAction":[{"@type":"SearchAction","target":{"@type":"EntryPoint","urlTemplate":"https:\/\/www.organisator.ch\/?s={search_term_string}"},"query-input":{"@type":"PropertyValueSpecification","valueRequired":true,"valueName":"search_term_string"}}],"inLanguage":"en-US"},{"@type":"Organization","@id":"https:\/\/www.organisator.ch\/#organization","name":"Organizer","url":"https:\/\/www.organisator.ch\/","logo":{"@type":"ImageObject","inLanguage":"en-US","@id":"https:\/\/www.organisator.ch\/#\/schema\/logo\/image\/","url":"https:\/\/www.organisator.ch\/wp-content\/uploads\/2022\/01\/Logo_Organisator_Website.png","contentUrl":"https:\/\/www.organisator.ch\/wp-content\/uploads\/2022\/01\/Logo_Organisator_Website.png","width":800,"height":77,"caption":"Organisator"},"image":{"@id":"https:\/\/www.organisator.ch\/#\/schema\/logo\/image\/"},"sameAs":["https:\/\/www.facebook.com\/OrganisatorFachmagazin","https:\/\/www.linkedin.com\/showcase\/organisator-das-magazin-fr-kmu","https:\/\/www.xing.com\/news\/pages\/organisator-ch-695","https:\/\/www.youtube.com\/channel\/UCGP2Sq0iWaZwT3BdIAQFYpw"]},{"@type":"Person","@id":"https:\/\/www.organisator.ch\/#\/schema\/person\/6f650f90b2842cd4c0cc334b4e36f67e","name":"thomas.berner","image":{"@type":"ImageObject","inLanguage":"en-US","@id":"https:\/\/secure.gravatar.com\/avatar\/ac5001d2a36cb6c6cd3e50789007ffca834b477b74a2144564522e944eabff61?s=96&d=mm&r=g","url":"https:\/\/secure.gravatar.com\/avatar\/ac5001d2a36cb6c6cd3e50789007ffca834b477b74a2144564522e944eabff61?s=96&d=mm&r=g","contentUrl":"https:\/\/secure.gravatar.com\/avatar\/ac5001d2a36cb6c6cd3e50789007ffca834b477b74a2144564522e944eabff61?s=96&d=mm&r=g","caption":"thomas.berner"},"url":"https:\/\/www.organisator.ch\/en\/author\/thomas-berner\/"}]}},"_links":{"self":[{"href":"https:\/\/www.organisator.ch\/en\/wp-json\/wp\/v2\/posts\/5518","targetHints":{"allow":["GET"]}}],"collection":[{"href":"https:\/\/www.organisator.ch\/en\/wp-json\/wp\/v2\/posts"}],"about":[{"href":"https:\/\/www.organisator.ch\/en\/wp-json\/wp\/v2\/types\/post"}],"author":[{"embeddable":true,"href":"https:\/\/www.organisator.ch\/en\/wp-json\/wp\/v2\/users\/4"}],"replies":[{"embeddable":true,"href":"https:\/\/www.organisator.ch\/en\/wp-json\/wp\/v2\/comments?post=5518"}],"version-history":[{"count":0,"href":"https:\/\/www.organisator.ch\/en\/wp-json\/wp\/v2\/posts\/5518\/revisions"}],"wp:featuredmedia":[{"embeddable":true,"href":"https:\/\/www.organisator.ch\/en\/wp-json\/wp\/v2\/media\/5519"}],"wp:attachment":[{"href":"https:\/\/www.organisator.ch\/en\/wp-json\/wp\/v2\/media?parent=5518"}],"wp:term":[{"taxonomy":"category","embeddable":true,"href":"https:\/\/www.organisator.ch\/en\/wp-json\/wp\/v2\/categories?post=5518"},{"taxonomy":"post_tag","embeddable":true,"href":"https:\/\/www.organisator.ch\/en\/wp-json\/wp\/v2\/tags?post=5518"}],"curies":[{"name":"wp","href":"https:\/\/api.w.org\/{rel}","templated":true}]}}