{"id":552,"date":"2016-06-03T11:45:01","date_gmt":"2016-06-03T09:45:01","guid":{"rendered":"http:\/\/dev.organisator.ch\/?p=552"},"modified":"2016-06-03T11:45:01","modified_gmt":"2016-06-03T09:45:01","slug":"schweizerische-management-gesellschaft-neue-vorstandsmitglieder-gewaehlt","status":"publish","type":"post","link":"https:\/\/www.organisator.ch\/en\/allgemein\/2016-06-03\/schweizerische-management-gesellschaft-neue-vorstandsmitglieder-gewaehlt\/","title":{"rendered":"Swiss Management Association: New board members elected"},"content":{"rendered":"<div id='gallery-1' class='gallery galleryid-552 gallery-columns-3 gallery-size-thumbnail'><figure class='gallery-item'>\n\t\t\t<div class='gallery-icon portrait'>\n\t\t\t\t<a href='https:\/\/www.organisator.ch\/en\/allgemein\/2016-06-03\/schweizerische-management-gesellschaft-neue-vorstandsmitglieder-gewaehlt\/attachment\/schweizerische-management-gesellschaft-neue-vorstandsmitglieder-gewaehlt1-organisator\/'><img loading=\"lazy\" decoding=\"async\" width=\"150\" height=\"150\" src=\"https:\/\/www.organisator.ch\/wp-content\/uploads\/2016\/12\/Schweizerische-Management-Gesellschaft-Neue-Vorstandsmitglieder-gewaehlt1-organisator-150x150.jpg\" class=\"attachment-thumbnail size-thumbnail\" alt=\"\" srcset=\"https:\/\/www.organisator.ch\/wp-content\/uploads\/2016\/12\/Schweizerische-Management-Gesellschaft-Neue-Vorstandsmitglieder-gewaehlt1-organisator-150x150.jpg 150w, https:\/\/www.organisator.ch\/wp-content\/uploads\/2016\/12\/Schweizerische-Management-Gesellschaft-Neue-Vorstandsmitglieder-gewaehlt1-organisator-250x250.jpg 250w, https:\/\/www.organisator.ch\/wp-content\/uploads\/2016\/12\/Schweizerische-Management-Gesellschaft-Neue-Vorstandsmitglieder-gewaehlt1-organisator-100x100.jpg 100w\" sizes=\"auto, (max-width: 150px) 100vw, 150px\" \/><\/a>\n\t\t\t<\/div><\/figure><figure class='gallery-item'>\n\t\t\t<div class='gallery-icon landscape'>\n\t\t\t\t<a href='https:\/\/www.organisator.ch\/en\/allgemein\/2016-06-03\/schweizerische-management-gesellschaft-neue-vorstandsmitglieder-gewaehlt\/attachment\/schweizerische-management-gesellschaft-neue-vorstandsmitglieder-gewaehlt2-organisator\/'><img loading=\"lazy\" decoding=\"async\" width=\"150\" height=\"150\" src=\"https:\/\/www.organisator.ch\/wp-content\/uploads\/2016\/12\/Schweizerische-Management-Gesellschaft-Neue-Vorstandsmitglieder-gewaehlt2-organisator-150x150.jpg\" class=\"attachment-thumbnail size-thumbnail\" alt=\"\" srcset=\"https:\/\/www.organisator.ch\/wp-content\/uploads\/2016\/12\/Schweizerische-Management-Gesellschaft-Neue-Vorstandsmitglieder-gewaehlt2-organisator-150x150.jpg 150w, https:\/\/www.organisator.ch\/wp-content\/uploads\/2016\/12\/Schweizerische-Management-Gesellschaft-Neue-Vorstandsmitglieder-gewaehlt2-organisator-250x250.jpg 250w, https:\/\/www.organisator.ch\/wp-content\/uploads\/2016\/12\/Schweizerische-Management-Gesellschaft-Neue-Vorstandsmitglieder-gewaehlt2-organisator-100x100.jpg 100w\" sizes=\"auto, (max-width: 150px) 100vw, 150px\" \/><\/a>\n\t\t\t<\/div><\/figure><figure class='gallery-item'>\n\t\t\t<div class='gallery-icon landscape'>\n\t\t\t\t<a href='https:\/\/www.organisator.ch\/en\/allgemein\/2016-06-03\/schweizerische-management-gesellschaft-neue-vorstandsmitglieder-gewaehlt\/attachment\/schweizerische-management-gesellschaft-neue-vorstandsmitglieder-gewaehlt3-organisator\/'><img loading=\"lazy\" decoding=\"async\" width=\"150\" height=\"150\" src=\"https:\/\/www.organisator.ch\/wp-content\/uploads\/2016\/12\/Schweizerische-Management-Gesellschaft-Neue-Vorstandsmitglieder-gewaehlt3-organisator-150x150.jpg\" class=\"attachment-thumbnail size-thumbnail\" alt=\"\" srcset=\"https:\/\/www.organisator.ch\/wp-content\/uploads\/2016\/12\/Schweizerische-Management-Gesellschaft-Neue-Vorstandsmitglieder-gewaehlt3-organisator-150x150.jpg 150w, https:\/\/www.organisator.ch\/wp-content\/uploads\/2016\/12\/Schweizerische-Management-Gesellschaft-Neue-Vorstandsmitglieder-gewaehlt3-organisator-250x250.jpg 250w, https:\/\/www.organisator.ch\/wp-content\/uploads\/2016\/12\/Schweizerische-Management-Gesellschaft-Neue-Vorstandsmitglieder-gewaehlt3-organisator-100x100.jpg 100w\" sizes=\"auto, (max-width: 150px) 100vw, 150px\" \/><\/a>\n\t\t\t<\/div><\/figure>\n\t\t<\/div>\n\n<p><em>New to the SMG Board: Martin Hirzel, Patrik Gisel, Yves Serra.<\/em><\/p>\n<p>After two terms of office totaling eight years, Thomas Ladner, Chairman of the Board of Directors of Quantum Global Investment, and Zeno Staub, CEO of Vontobel AG, are no longer available for re-election to the Board. Alice \u0160\u00e1chov\u00e1, President of SMG and Partner of Vendbridge AG, Zurich, congratulates the new Board members on their election and looks forward to working with them. \"My thanks go to Thomas Ladner and Zeno Staub for their great, always noticeable commitment to SMG in the past years and I am already looking forward to the future continued stimulating contributions to the discussion.\"<\/p>\n<p><a href=\"http:\/\/www.smg.ch\" target=\"_blank\" data-cke-saved-href=\"http:\/\/www.smg.ch\" rel=\"noopener\"><em>www.smg.ch<\/em><\/a><\/p>","protected":false},"excerpt":{"rendered":"<p>Neu im SMG-Vorstand: Martin Hirzel, Patrik Gisel, Yves Serra. Turnusgem\u00e4ss stehen nach zwei Legislaturperioden von insgesamt acht Jahren Thomas Ladner, Pr\u00e4sident des Verwaltungsrats Quantum Global Investment, sowie Zeno Staub, CEO der Vontobel AG, f\u00fcr eine Wiederwahl in den Vorstand nicht mehr zur Verf\u00fcgung. Alice \u0160\u00e1chov\u00e1, Pr\u00e4sidentin der SMG und Partnerin der Vendbridge AG, Z\u00fcrich, begl\u00fcckw\u00fcnscht [&hellip;]<\/p>\n","protected":false},"author":1,"featured_media":553,"comment_status":"open","ping_status":"open","sticky":false,"template":"","format":"standard","meta":{"_acf_changed":false,"_yoast_wpseo_focuskw":"Schweizerische Management Gesellschaft","_yoast_wpseo_metadesc":"Schweizerische Management Gesellschaft ist mit 1200 Mitgliedern die bedeutendste Vereinigung von f\u00fchrenden Entscheidungstr\u00e4gern der Schweizer Wirtschaft.","articlekey":"","footnotes":""},"categories":[1],"tags":[275,381,503,504],"class_list":["post-552","post","type-post","status-publish","format-standard","has-post-thumbnail","hentry","category-allgemein","tag-institutionen","tag-personalia","tag-verbaende","tag-vereine"],"acf":[],"yoast_head":"<!-- This site is optimized with the Yoast SEO plugin v27.5 - https:\/\/yoast.com\/product\/yoast-seo-wordpress\/ -->\n<title>Schweizerische Management Gesellschaft: Neue Vorstandsmitglieder gew\u00e4hlt - Organisator<\/title>\n<meta name=\"description\" content=\"Schweizerische Management Gesellschaft ist mit 1200 Mitgliedern die bedeutendste Vereinigung von f\u00fchrenden Entscheidungstr\u00e4gern der Schweizer Wirtschaft.\" \/>\n<meta name=\"robots\" content=\"index, follow, max-snippet:-1, max-image-preview:large, max-video-preview:-1\" \/>\n<link rel=\"canonical\" href=\"https:\/\/www.organisator.ch\/en\/general\/2016-06-03\/schweizerische-management-gesellschaft-neue-vorstandsmitglieder-gewaehlt\/\" \/>\n<meta property=\"og:locale\" content=\"en_US\" \/>\n<meta property=\"og:type\" content=\"article\" \/>\n<meta property=\"og:title\" content=\"Schweizerische Management Gesellschaft: Neue Vorstandsmitglieder gew\u00e4hlt\" \/>\n<meta property=\"og:description\" content=\"Die SMG ist mit \u00fcber 1200 Mitgliedern die bedeutendste Vereinigung von f\u00fchrenden Entscheidungstr\u00e4gern der Schweizer Wirtschaft. Patrik Gisel (53), Vorsitzender der Gesch\u00e4ftsleitung von Raiffeisen Schweiz, wurde zusammen mit Martin Hirzel (46), CEO der Autoneum Holding AG und Yves Serra (62), Pr\u00e4sident der Konzernleitung der Georg Fischer AG, neu in ihren Vorstand gew\u00e4hlt.\" \/>\n<meta property=\"og:url\" content=\"https:\/\/www.organisator.ch\/en\/general\/2016-06-03\/schweizerische-management-gesellschaft-neue-vorstandsmitglieder-gewaehlt\/\" \/>\n<meta property=\"og:site_name\" content=\"Organisator\" \/>\n<meta property=\"article:publisher\" content=\"https:\/\/www.facebook.com\/OrganisatorFachmagazin\" \/>\n<meta property=\"article:published_time\" content=\"2016-06-03T09:45:01+00:00\" \/>\n<meta name=\"author\" content=\"admin\" \/>\n<meta name=\"twitter:card\" content=\"summary_large_image\" \/>\n<meta name=\"twitter:image\" content=\"https:\/\/www.organisator.ch\/wp-content\/uploads\/2016\/12\/Schweizerische-Management-Gesellschaft-Neue-Vorstandsmitglieder-gewaehlt1-organisator-scaled.jpg\" \/>\n<script type=\"application\/ld+json\" class=\"yoast-schema-graph\">{\"@context\":\"https:\\\/\\\/schema.org\",\"@graph\":[{\"@type\":\"Article\",\"@id\":\"https:\\\/\\\/www.organisator.ch\\\/en\\\/general\\\/2016-06-03\\\/schweizerische-management-gesellschaft-neue-vorstandsmitglieder-gewaehlt\\\/#article\",\"isPartOf\":{\"@id\":\"https:\\\/\\\/www.organisator.ch\\\/en\\\/general\\\/2016-06-03\\\/schweizerische-management-gesellschaft-neue-vorstandsmitglieder-gewaehlt\\\/\"},\"author\":{\"name\":\"admin\",\"@id\":\"https:\\\/\\\/www.organisator.ch\\\/#\\\/schema\\\/person\\\/aa2bace6c5c5aad60102004a50c4eb1c\"},\"headline\":\"Schweizerische Management Gesellschaft: Neue Vorstandsmitglieder gew\u00e4hlt\",\"datePublished\":\"2016-06-03T09:45:01+00:00\",\"mainEntityOfPage\":{\"@id\":\"https:\\\/\\\/www.organisator.ch\\\/en\\\/general\\\/2016-06-03\\\/schweizerische-management-gesellschaft-neue-vorstandsmitglieder-gewaehlt\\\/\"},\"wordCount\":125,\"commentCount\":0,\"publisher\":{\"@id\":\"https:\\\/\\\/www.organisator.ch\\\/#organization\"},\"image\":{\"@id\":\"https:\\\/\\\/www.organisator.ch\\\/en\\\/general\\\/2016-06-03\\\/schweizerische-management-gesellschaft-neue-vorstandsmitglieder-gewaehlt\\\/#primaryimage\"},\"thumbnailUrl\":\"https:\\\/\\\/www.organisator.ch\\\/wp-content\\\/uploads\\\/2016\\\/12\\\/Schweizerische-Management-Gesellschaft-Neue-Vorstandsmitglieder-gewaehlt1-organisator-scaled.jpg\",\"keywords\":[\"Institutionen\",\"Personalia\",\"Verb\u00e4nde\",\"Vereine\"],\"articleSection\":[\"Allgemein\"],\"inLanguage\":\"en-US\"},{\"@type\":\"WebPage\",\"@id\":\"https:\\\/\\\/www.organisator.ch\\\/en\\\/general\\\/2016-06-03\\\/schweizerische-management-gesellschaft-neue-vorstandsmitglieder-gewaehlt\\\/\",\"url\":\"https:\\\/\\\/www.organisator.ch\\\/en\\\/general\\\/2016-06-03\\\/schweizerische-management-gesellschaft-neue-vorstandsmitglieder-gewaehlt\\\/\",\"name\":\"Schweizerische Management Gesellschaft: Neue Vorstandsmitglieder gew\u00e4hlt - Organisator\",\"isPartOf\":{\"@id\":\"https:\\\/\\\/www.organisator.ch\\\/#website\"},\"primaryImageOfPage\":{\"@id\":\"https:\\\/\\\/www.organisator.ch\\\/en\\\/general\\\/2016-06-03\\\/schweizerische-management-gesellschaft-neue-vorstandsmitglieder-gewaehlt\\\/#primaryimage\"},\"image\":{\"@id\":\"https:\\\/\\\/www.organisator.ch\\\/en\\\/general\\\/2016-06-03\\\/schweizerische-management-gesellschaft-neue-vorstandsmitglieder-gewaehlt\\\/#primaryimage\"},\"thumbnailUrl\":\"https:\\\/\\\/www.organisator.ch\\\/wp-content\\\/uploads\\\/2016\\\/12\\\/Schweizerische-Management-Gesellschaft-Neue-Vorstandsmitglieder-gewaehlt1-organisator-scaled.jpg\",\"datePublished\":\"2016-06-03T09:45:01+00:00\",\"description\":\"Schweizerische Management Gesellschaft ist mit 1200 Mitgliedern die bedeutendste Vereinigung von f\u00fchrenden Entscheidungstr\u00e4gern der Schweizer Wirtschaft.\",\"breadcrumb\":{\"@id\":\"https:\\\/\\\/www.organisator.ch\\\/en\\\/general\\\/2016-06-03\\\/schweizerische-management-gesellschaft-neue-vorstandsmitglieder-gewaehlt\\\/#breadcrumb\"},\"inLanguage\":\"en-US\",\"potentialAction\":[{\"@type\":\"ReadAction\",\"target\":[\"https:\\\/\\\/www.organisator.ch\\\/en\\\/general\\\/2016-06-03\\\/schweizerische-management-gesellschaft-neue-vorstandsmitglieder-gewaehlt\\\/\"]}]},{\"@type\":\"ImageObject\",\"inLanguage\":\"en-US\",\"@id\":\"https:\\\/\\\/www.organisator.ch\\\/en\\\/general\\\/2016-06-03\\\/schweizerische-management-gesellschaft-neue-vorstandsmitglieder-gewaehlt\\\/#primaryimage\",\"url\":\"https:\\\/\\\/www.organisator.ch\\\/wp-content\\\/uploads\\\/2016\\\/12\\\/Schweizerische-Management-Gesellschaft-Neue-Vorstandsmitglieder-gewaehlt1-organisator-scaled.jpg\",\"contentUrl\":\"https:\\\/\\\/www.organisator.ch\\\/wp-content\\\/uploads\\\/2016\\\/12\\\/Schweizerische-Management-Gesellschaft-Neue-Vorstandsmitglieder-gewaehlt1-organisator-scaled.jpg\",\"width\":1991,\"height\":2560},{\"@type\":\"BreadcrumbList\",\"@id\":\"https:\\\/\\\/www.organisator.ch\\\/en\\\/general\\\/2016-06-03\\\/schweizerische-management-gesellschaft-neue-vorstandsmitglieder-gewaehlt\\\/#breadcrumb\",\"itemListElement\":[{\"@type\":\"ListItem\",\"position\":1,\"name\":\"Home\",\"item\":\"https:\\\/\\\/www.organisator.ch\\\/\"},{\"@type\":\"ListItem\",\"position\":2,\"name\":\"Schweizerische Management Gesellschaft: Neue Vorstandsmitglieder gew\u00e4hlt\"}]},{\"@type\":\"WebSite\",\"@id\":\"https:\\\/\\\/www.organisator.ch\\\/#website\",\"url\":\"https:\\\/\\\/www.organisator.ch\\\/\",\"name\":\"Organisator\",\"description\":\"Kompetent. Praxisnah. Der ORGANISATOR bereitet in 10 Ausgaben pro Jahr die wesentlichen Themen f\u00fcr F\u00fchrungskr\u00e4fte von KMU auf.\",\"publisher\":{\"@id\":\"https:\\\/\\\/www.organisator.ch\\\/#organization\"},\"potentialAction\":[{\"@type\":\"SearchAction\",\"target\":{\"@type\":\"EntryPoint\",\"urlTemplate\":\"https:\\\/\\\/www.organisator.ch\\\/?s={search_term_string}\"},\"query-input\":{\"@type\":\"PropertyValueSpecification\",\"valueRequired\":true,\"valueName\":\"search_term_string\"}}],\"inLanguage\":\"en-US\"},{\"@type\":\"Organization\",\"@id\":\"https:\\\/\\\/www.organisator.ch\\\/#organization\",\"name\":\"Organisator\",\"url\":\"https:\\\/\\\/www.organisator.ch\\\/\",\"logo\":{\"@type\":\"ImageObject\",\"inLanguage\":\"en-US\",\"@id\":\"https:\\\/\\\/www.organisator.ch\\\/#\\\/schema\\\/logo\\\/image\\\/\",\"url\":\"https:\\\/\\\/www.organisator.ch\\\/wp-content\\\/uploads\\\/2022\\\/01\\\/Logo_Organisator_Website.png\",\"contentUrl\":\"https:\\\/\\\/www.organisator.ch\\\/wp-content\\\/uploads\\\/2022\\\/01\\\/Logo_Organisator_Website.png\",\"width\":800,\"height\":77,\"caption\":\"Organisator\"},\"image\":{\"@id\":\"https:\\\/\\\/www.organisator.ch\\\/#\\\/schema\\\/logo\\\/image\\\/\"},\"sameAs\":[\"https:\\\/\\\/www.facebook.com\\\/OrganisatorFachmagazin\",\"https:\\\/\\\/www.linkedin.com\\\/showcase\\\/organisator-das-magazin-fr-kmu\",\"https:\\\/\\\/www.xing.com\\\/news\\\/pages\\\/organisator-ch-695\",\"https:\\\/\\\/www.youtube.com\\\/channel\\\/UCGP2Sq0iWaZwT3BdIAQFYpw\"]},{\"@type\":\"Person\",\"@id\":\"https:\\\/\\\/www.organisator.ch\\\/#\\\/schema\\\/person\\\/aa2bace6c5c5aad60102004a50c4eb1c\",\"name\":\"admin\",\"image\":{\"@type\":\"ImageObject\",\"inLanguage\":\"en-US\",\"@id\":\"https:\\\/\\\/secure.gravatar.com\\\/avatar\\\/ae2f4d718e6c49043e314ce431e7e645d646302a24a5ef5a8bc8e3f5a032e319?s=96&d=mm&r=g\",\"url\":\"https:\\\/\\\/secure.gravatar.com\\\/avatar\\\/ae2f4d718e6c49043e314ce431e7e645d646302a24a5ef5a8bc8e3f5a032e319?s=96&d=mm&r=g\",\"contentUrl\":\"https:\\\/\\\/secure.gravatar.com\\\/avatar\\\/ae2f4d718e6c49043e314ce431e7e645d646302a24a5ef5a8bc8e3f5a032e319?s=96&d=mm&r=g\",\"caption\":\"admin\"},\"sameAs\":[\"https:\\\/\\\/www.organisator.ch\"],\"url\":\"https:\\\/\\\/www.organisator.ch\\\/en\\\/author\\\/admin\\\/\"}]}<\/script>\n<!-- \/ Yoast SEO plugin. -->","yoast_head_json":{"title":"Swiss Management Association: New board members elected - Organizer","description":"Swiss Management Association is with 1200 members the most important association of leading decision makers in the Swiss economy.","robots":{"index":"index","follow":"follow","max-snippet":"max-snippet:-1","max-image-preview":"max-image-preview:large","max-video-preview":"max-video-preview:-1"},"canonical":"https:\/\/www.organisator.ch\/en\/general\/2016-06-03\/schweizerische-management-gesellschaft-neue-vorstandsmitglieder-gewaehlt\/","og_locale":"en_US","og_type":"article","og_title":"Schweizerische Management Gesellschaft: Neue Vorstandsmitglieder gew\u00e4hlt","og_description":"Die SMG ist mit \u00fcber 1200 Mitgliedern die bedeutendste Vereinigung von f\u00fchrenden Entscheidungstr\u00e4gern der Schweizer Wirtschaft. Patrik Gisel (53), Vorsitzender der Gesch\u00e4ftsleitung von Raiffeisen Schweiz, wurde zusammen mit Martin Hirzel (46), CEO der Autoneum Holding AG und Yves Serra (62), Pr\u00e4sident der Konzernleitung der Georg Fischer AG, neu in ihren Vorstand gew\u00e4hlt.","og_url":"https:\/\/www.organisator.ch\/en\/general\/2016-06-03\/schweizerische-management-gesellschaft-neue-vorstandsmitglieder-gewaehlt\/","og_site_name":"Organisator","article_publisher":"https:\/\/www.facebook.com\/OrganisatorFachmagazin","article_published_time":"2016-06-03T09:45:01+00:00","author":"admin","twitter_card":"summary_large_image","twitter_image":"https:\/\/www.organisator.ch\/wp-content\/uploads\/2016\/12\/Schweizerische-Management-Gesellschaft-Neue-Vorstandsmitglieder-gewaehlt1-organisator-scaled.jpg","schema":{"@context":"https:\/\/schema.org","@graph":[{"@type":"Article","@id":"https:\/\/www.organisator.ch\/en\/general\/2016-06-03\/schweizerische-management-gesellschaft-neue-vorstandsmitglieder-gewaehlt\/#article","isPartOf":{"@id":"https:\/\/www.organisator.ch\/en\/general\/2016-06-03\/schweizerische-management-gesellschaft-neue-vorstandsmitglieder-gewaehlt\/"},"author":{"name":"admin","@id":"https:\/\/www.organisator.ch\/#\/schema\/person\/aa2bace6c5c5aad60102004a50c4eb1c"},"headline":"Schweizerische Management Gesellschaft: Neue Vorstandsmitglieder gew\u00e4hlt","datePublished":"2016-06-03T09:45:01+00:00","mainEntityOfPage":{"@id":"https:\/\/www.organisator.ch\/en\/general\/2016-06-03\/schweizerische-management-gesellschaft-neue-vorstandsmitglieder-gewaehlt\/"},"wordCount":125,"commentCount":0,"publisher":{"@id":"https:\/\/www.organisator.ch\/#organization"},"image":{"@id":"https:\/\/www.organisator.ch\/en\/general\/2016-06-03\/schweizerische-management-gesellschaft-neue-vorstandsmitglieder-gewaehlt\/#primaryimage"},"thumbnailUrl":"https:\/\/www.organisator.ch\/wp-content\/uploads\/2016\/12\/Schweizerische-Management-Gesellschaft-Neue-Vorstandsmitglieder-gewaehlt1-organisator-scaled.jpg","keywords":["Institutionen","Personalia","Verb\u00e4nde","Vereine"],"articleSection":["Allgemein"],"inLanguage":"en-US"},{"@type":"WebPage","@id":"https:\/\/www.organisator.ch\/en\/general\/2016-06-03\/schweizerische-management-gesellschaft-neue-vorstandsmitglieder-gewaehlt\/","url":"https:\/\/www.organisator.ch\/en\/general\/2016-06-03\/schweizerische-management-gesellschaft-neue-vorstandsmitglieder-gewaehlt\/","name":"Swiss Management Association: New board members elected - Organizer","isPartOf":{"@id":"https:\/\/www.organisator.ch\/#website"},"primaryImageOfPage":{"@id":"https:\/\/www.organisator.ch\/en\/general\/2016-06-03\/schweizerische-management-gesellschaft-neue-vorstandsmitglieder-gewaehlt\/#primaryimage"},"image":{"@id":"https:\/\/www.organisator.ch\/en\/general\/2016-06-03\/schweizerische-management-gesellschaft-neue-vorstandsmitglieder-gewaehlt\/#primaryimage"},"thumbnailUrl":"https:\/\/www.organisator.ch\/wp-content\/uploads\/2016\/12\/Schweizerische-Management-Gesellschaft-Neue-Vorstandsmitglieder-gewaehlt1-organisator-scaled.jpg","datePublished":"2016-06-03T09:45:01+00:00","description":"Swiss Management Association is with 1200 members the most important association of leading decision makers in the Swiss economy.","breadcrumb":{"@id":"https:\/\/www.organisator.ch\/en\/general\/2016-06-03\/schweizerische-management-gesellschaft-neue-vorstandsmitglieder-gewaehlt\/#breadcrumb"},"inLanguage":"en-US","potentialAction":[{"@type":"ReadAction","target":["https:\/\/www.organisator.ch\/en\/general\/2016-06-03\/schweizerische-management-gesellschaft-neue-vorstandsmitglieder-gewaehlt\/"]}]},{"@type":"ImageObject","inLanguage":"en-US","@id":"https:\/\/www.organisator.ch\/en\/general\/2016-06-03\/schweizerische-management-gesellschaft-neue-vorstandsmitglieder-gewaehlt\/#primaryimage","url":"https:\/\/www.organisator.ch\/wp-content\/uploads\/2016\/12\/Schweizerische-Management-Gesellschaft-Neue-Vorstandsmitglieder-gewaehlt1-organisator-scaled.jpg","contentUrl":"https:\/\/www.organisator.ch\/wp-content\/uploads\/2016\/12\/Schweizerische-Management-Gesellschaft-Neue-Vorstandsmitglieder-gewaehlt1-organisator-scaled.jpg","width":1991,"height":2560},{"@type":"BreadcrumbList","@id":"https:\/\/www.organisator.ch\/en\/general\/2016-06-03\/schweizerische-management-gesellschaft-neue-vorstandsmitglieder-gewaehlt\/#breadcrumb","itemListElement":[{"@type":"ListItem","position":1,"name":"Home","item":"https:\/\/www.organisator.ch\/"},{"@type":"ListItem","position":2,"name":"Schweizerische Management Gesellschaft: Neue Vorstandsmitglieder gew\u00e4hlt"}]},{"@type":"WebSite","@id":"https:\/\/www.organisator.ch\/#website","url":"https:\/\/www.organisator.ch\/","name":"Organizer","description":"Competent. Practical. In 10 issues per year, ORGANISATOR presents the essential topics for managers of SMEs.","publisher":{"@id":"https:\/\/www.organisator.ch\/#organization"},"potentialAction":[{"@type":"SearchAction","target":{"@type":"EntryPoint","urlTemplate":"https:\/\/www.organisator.ch\/?s={search_term_string}"},"query-input":{"@type":"PropertyValueSpecification","valueRequired":true,"valueName":"search_term_string"}}],"inLanguage":"en-US"},{"@type":"Organization","@id":"https:\/\/www.organisator.ch\/#organization","name":"Organizer","url":"https:\/\/www.organisator.ch\/","logo":{"@type":"ImageObject","inLanguage":"en-US","@id":"https:\/\/www.organisator.ch\/#\/schema\/logo\/image\/","url":"https:\/\/www.organisator.ch\/wp-content\/uploads\/2022\/01\/Logo_Organisator_Website.png","contentUrl":"https:\/\/www.organisator.ch\/wp-content\/uploads\/2022\/01\/Logo_Organisator_Website.png","width":800,"height":77,"caption":"Organisator"},"image":{"@id":"https:\/\/www.organisator.ch\/#\/schema\/logo\/image\/"},"sameAs":["https:\/\/www.facebook.com\/OrganisatorFachmagazin","https:\/\/www.linkedin.com\/showcase\/organisator-das-magazin-fr-kmu","https:\/\/www.xing.com\/news\/pages\/organisator-ch-695","https:\/\/www.youtube.com\/channel\/UCGP2Sq0iWaZwT3BdIAQFYpw"]},{"@type":"Person","@id":"https:\/\/www.organisator.ch\/#\/schema\/person\/aa2bace6c5c5aad60102004a50c4eb1c","name":"admin","image":{"@type":"ImageObject","inLanguage":"en-US","@id":"https:\/\/secure.gravatar.com\/avatar\/ae2f4d718e6c49043e314ce431e7e645d646302a24a5ef5a8bc8e3f5a032e319?s=96&d=mm&r=g","url":"https:\/\/secure.gravatar.com\/avatar\/ae2f4d718e6c49043e314ce431e7e645d646302a24a5ef5a8bc8e3f5a032e319?s=96&d=mm&r=g","contentUrl":"https:\/\/secure.gravatar.com\/avatar\/ae2f4d718e6c49043e314ce431e7e645d646302a24a5ef5a8bc8e3f5a032e319?s=96&d=mm&r=g","caption":"admin"},"sameAs":["https:\/\/www.organisator.ch"],"url":"https:\/\/www.organisator.ch\/en\/author\/admin\/"}]}},"_links":{"self":[{"href":"https:\/\/www.organisator.ch\/en\/wp-json\/wp\/v2\/posts\/552","targetHints":{"allow":["GET"]}}],"collection":[{"href":"https:\/\/www.organisator.ch\/en\/wp-json\/wp\/v2\/posts"}],"about":[{"href":"https:\/\/www.organisator.ch\/en\/wp-json\/wp\/v2\/types\/post"}],"author":[{"embeddable":true,"href":"https:\/\/www.organisator.ch\/en\/wp-json\/wp\/v2\/users\/1"}],"replies":[{"embeddable":true,"href":"https:\/\/www.organisator.ch\/en\/wp-json\/wp\/v2\/comments?post=552"}],"version-history":[{"count":0,"href":"https:\/\/www.organisator.ch\/en\/wp-json\/wp\/v2\/posts\/552\/revisions"}],"wp:featuredmedia":[{"embeddable":true,"href":"https:\/\/www.organisator.ch\/en\/wp-json\/wp\/v2\/media\/553"}],"wp:attachment":[{"href":"https:\/\/www.organisator.ch\/en\/wp-json\/wp\/v2\/media?parent=552"}],"wp:term":[{"taxonomy":"category","embeddable":true,"href":"https:\/\/www.organisator.ch\/en\/wp-json\/wp\/v2\/categories?post=552"},{"taxonomy":"post_tag","embeddable":true,"href":"https:\/\/www.organisator.ch\/en\/wp-json\/wp\/v2\/tags?post=552"}],"curies":[{"name":"wp","href":"https:\/\/api.w.org\/{rel}","templated":true}]}}