{"id":5521,"date":"2019-07-10T08:35:40","date_gmt":"2019-07-10T06:35:40","guid":{"rendered":"https:\/\/www.organisator.ch\/?p=5521"},"modified":"2019-07-10T08:35:40","modified_gmt":"2019-07-10T06:35:40","slug":"symposium-weiterbildung-fuer-die-praxis-4-0","status":"publish","type":"post","link":"https:\/\/www.organisator.ch\/en\/management\/2019-07-10\/symposium-weiterbildung-fuer-die-praxis-4-0\/","title":{"rendered":"Symposium \"Continuing Education for Practice 4.0"},"content":{"rendered":"<figure id=\"attachment_5522\" aria-describedby=\"caption-attachment-5522\" style=\"width: 680px\" class=\"wp-caption alignnone\"><img loading=\"lazy\" decoding=\"async\" class=\"size-medium wp-image-5522\" src=\"https:\/\/www.organisator.ch\/wp-content\/uploads\/2019\/07\/Symposium-Weiterbildung-fuer-die-Praxis-4-0_Organisator.jpg\" alt=\"\" width=\"680\" height=\"209\" srcset=\"https:\/\/www.organisator.ch\/wp-content\/uploads\/2019\/07\/Symposium-Weiterbildung-fuer-die-Praxis-4-0_Organisator.jpg 680w, https:\/\/www.organisator.ch\/wp-content\/uploads\/2019\/07\/Symposium-Weiterbildung-fuer-die-Praxis-4-0_Organisator-16x5.jpg 16w, https:\/\/www.organisator.ch\/wp-content\/uploads\/2019\/07\/Symposium-Weiterbildung-fuer-die-Praxis-4-0_Organisator-375x115.jpg 375w, https:\/\/www.organisator.ch\/wp-content\/uploads\/2019\/07\/Symposium-Weiterbildung-fuer-die-Praxis-4-0_Organisator-300x92.jpg 300w\" sizes=\"auto, (max-width: 680px) 100vw, 680px\" \/><figcaption id=\"caption-attachment-5522\" class=\"wp-caption-text\">Continuing education for practice 4.0 - that's the topic of a symposium on September 3. (Image: <a href=\"http:\/\/www.sfb.ch\">www.sfb.ch<\/a>)<\/figcaption><\/figure>\n<p>Megatrends such as digitization, increasing occupational mobility and demographic change are presenting companies with new challenges. These must be met with innovative solutions. To do this, companies need specialists and managers with the appropriate skillset. This is where continuing education institutions come in. Within the framework of higher vocational education and training, they prepare specialists for demanding technical or management tasks.<\/p>\n<p>The rapid changes in the economy and the market for skilled workers are clearly outlining an education revolution that will have a massive impact on the Swiss education system in the coming years. So where do we go from here? How must education be reshaped? The symposium \"Continuing Education for Practice 4.0\" shows possible solutions for the new challenges. Renowned speakers from the world of education and industrial practice will discuss topics such as the need for education in the digital revolution or the revolution in teaching. With the symposium on September 3 at the Gottlieb Duttweiler Institute, the sfb University of Applied Sciences together with Swissmem Academy aim to create a new platform for dialogue between higher vocational education and training and industry in this time of change.<\/p>\n<p>Details and registration: <a href=\"https:\/\/www.sfb.ch\/ausbildungsangebot\/Kurse-und-Seminare\/Symposium\">https:\/\/www.sfb.ch\/ausbildungsangebot\/Kurse-und-Seminare\/Symposium<\/a><\/p>\n<p>Location: Gottlieb Duttweiler Institute, Langhaldenstrasse 21, 8803 R\u00fcschlikon, Switzerland<\/p>\n<p>Time: 03 September 2019, 08.30 to 14 h<\/p>\n<p>Cost: CHF 240 per person.<\/p>","protected":false},"excerpt":{"rendered":"<p>Megatrends wie die Digitalisierung, steigende berufliche Mobilit\u00e4t oder auch der demografische Wandel stellen Unternehmen vor neue Herausforderungen. Diesen muss mit innovativen L\u00f6sungen begegnet werden. Dazu braucht es in den Unternehmen Fach- und F\u00fchrungspersonen mit einem entsprechenden Skill-Set. Hier sind die Weiterbildungsinstitutionen gefragt. Im Rahmen der H\u00f6heren Berufsbildung bereiten sie Fachkr\u00e4fte auf anspruchsvolle Fach- oder F\u00fchrungsaufgaben [&hellip;]<\/p>\n","protected":false},"author":4,"featured_media":5522,"comment_status":"open","ping_status":"open","sticky":false,"template":"","format":"standard","meta":{"_acf_changed":false,"_yoast_wpseo_focuskw":"Weiterbildung f\u00fcr die Praxis","_yoast_wpseo_metadesc":"Wie muss Bildung umgestaltet werden, damit sie zukunftsf\u00e4hig ist? Das Symposium \u00abWeiterbildung f\u00fcr die Praxis 4.0\u00bb geht am 3. September auf Antwortensuche.","articlekey":"","footnotes":""},"categories":[28],"tags":[62,73,192,193,250],"class_list":["post-5521","post","type-post","status-publish","format-standard","has-post-thumbnail","hentry","category-management","tag-aus-weiterbildung","tag-berufsbildung","tag-fachhochschulen","tag-fachkongressfachmesse","tag-hoehere-fachschulen"],"acf":[],"yoast_head":"<!-- This site is optimized with the Yoast SEO plugin v27.5 - https:\/\/yoast.com\/product\/yoast-seo-wordpress\/ -->\n<title>Symposium \u00abWeiterbildung f\u00fcr die Praxis 4.0\u00bb - Organisator<\/title>\n<meta name=\"description\" content=\"Wie muss Bildung umgestaltet werden, damit sie zukunftsf\u00e4hig ist? Das Symposium \u00abWeiterbildung f\u00fcr die Praxis 4.0\u00bb geht am 3. September auf Antwortensuche.\" \/>\n<meta name=\"robots\" content=\"index, follow, max-snippet:-1, max-image-preview:large, max-video-preview:-1\" \/>\n<link rel=\"canonical\" href=\"https:\/\/www.organisator.ch\/en\/management\/2019-07-10\/symposium-weiterbildung-fuer-die-praxis-4-0\/\" \/>\n<meta property=\"og:locale\" content=\"en_US\" \/>\n<meta property=\"og:type\" content=\"article\" \/>\n<meta property=\"og:title\" content=\"Symposium \u00abWeiterbildung f\u00fcr die Praxis 4.0\u00bb\" \/>\n<meta property=\"og:description\" content=\"Wie muss Bildung umgestaltet werden, damit sie zukunftsf\u00e4hig ist? Das Symposium \u00abWeiterbildung f\u00fcr die Praxis 4.0\u00bb geht am 3. September auf Antwortensuche\" \/>\n<meta property=\"og:url\" content=\"https:\/\/www.organisator.ch\/en\/management\/2019-07-10\/symposium-weiterbildung-fuer-die-praxis-4-0\/\" \/>\n<meta property=\"og:site_name\" content=\"Organisator\" \/>\n<meta property=\"article:publisher\" content=\"https:\/\/www.facebook.com\/OrganisatorFachmagazin\" \/>\n<meta property=\"article:published_time\" content=\"2019-07-10T06:35:40+00:00\" \/>\n<meta property=\"og:image\" content=\"https:\/\/www.organisator.ch\/wp-content\/uploads\/2019\/07\/Symposium-Weiterbildung-fuer-die-Praxis-4-0_Organisator.jpg\" \/>\n\t<meta property=\"og:image:width\" content=\"680\" \/>\n\t<meta property=\"og:image:height\" content=\"209\" \/>\n\t<meta property=\"og:image:type\" content=\"image\/jpeg\" \/>\n<meta name=\"author\" content=\"thomas.berner\" \/>\n<meta name=\"twitter:card\" content=\"summary_large_image\" \/>\n<meta name=\"twitter:title\" content=\"#Symposium \u00abWeiterbildung f\u00fcr die Praxis 4.0\u00bb\" \/>\n<meta name=\"twitter:description\" content=\"Wie muss Bildung umgestaltet werden, damit sie zukunftsf\u00e4hig ist? Das #Symposium \u00abWeiterbildung f\u00fcr die Praxis 4.0\u00bb geht am 3. September auf Antwortensuche\" \/>\n<meta name=\"twitter:image\" content=\"https:\/\/www.organisator.ch\/wp-content\/uploads\/2019\/07\/Symposium-Weiterbildung-f\u00fcr-die-Praxis-4-0_Organisator.jpg\" \/>\n<script type=\"application\/ld+json\" class=\"yoast-schema-graph\">{\"@context\":\"https:\\\/\\\/schema.org\",\"@graph\":[{\"@type\":\"Article\",\"@id\":\"https:\\\/\\\/www.organisator.ch\\\/management\\\/2019-07-10\\\/symposium-weiterbildung-fuer-die-praxis-4-0\\\/#article\",\"isPartOf\":{\"@id\":\"https:\\\/\\\/www.organisator.ch\\\/management\\\/2019-07-10\\\/symposium-weiterbildung-fuer-die-praxis-4-0\\\/\"},\"author\":{\"name\":\"thomas.berner\",\"@id\":\"https:\\\/\\\/www.organisator.ch\\\/#\\\/schema\\\/person\\\/6f650f90b2842cd4c0cc334b4e36f67e\"},\"headline\":\"Symposium \u00abWeiterbildung f\u00fcr die Praxis 4.0\u00bb\",\"datePublished\":\"2019-07-10T06:35:40+00:00\",\"mainEntityOfPage\":{\"@id\":\"https:\\\/\\\/www.organisator.ch\\\/management\\\/2019-07-10\\\/symposium-weiterbildung-fuer-die-praxis-4-0\\\/\"},\"wordCount\":233,\"commentCount\":0,\"publisher\":{\"@id\":\"https:\\\/\\\/www.organisator.ch\\\/#organization\"},\"image\":{\"@id\":\"https:\\\/\\\/www.organisator.ch\\\/management\\\/2019-07-10\\\/symposium-weiterbildung-fuer-die-praxis-4-0\\\/#primaryimage\"},\"thumbnailUrl\":\"https:\\\/\\\/www.organisator.ch\\\/wp-content\\\/uploads\\\/2019\\\/07\\\/Symposium-Weiterbildung-fuer-die-Praxis-4-0_Organisator.jpg\",\"keywords\":[\"Aus-\\\/Weiterbildung\",\"Berufsbildung\",\"Fachhochschulen\",\"Fachkongress\\\/Fachmesse\",\"H\u00f6here Fachschulen\"],\"articleSection\":[\"MANAGEMENT\"],\"inLanguage\":\"en-US\"},{\"@type\":\"WebPage\",\"@id\":\"https:\\\/\\\/www.organisator.ch\\\/management\\\/2019-07-10\\\/symposium-weiterbildung-fuer-die-praxis-4-0\\\/\",\"url\":\"https:\\\/\\\/www.organisator.ch\\\/management\\\/2019-07-10\\\/symposium-weiterbildung-fuer-die-praxis-4-0\\\/\",\"name\":\"Symposium \u00abWeiterbildung f\u00fcr die Praxis 4.0\u00bb - Organisator\",\"isPartOf\":{\"@id\":\"https:\\\/\\\/www.organisator.ch\\\/#website\"},\"primaryImageOfPage\":{\"@id\":\"https:\\\/\\\/www.organisator.ch\\\/management\\\/2019-07-10\\\/symposium-weiterbildung-fuer-die-praxis-4-0\\\/#primaryimage\"},\"image\":{\"@id\":\"https:\\\/\\\/www.organisator.ch\\\/management\\\/2019-07-10\\\/symposium-weiterbildung-fuer-die-praxis-4-0\\\/#primaryimage\"},\"thumbnailUrl\":\"https:\\\/\\\/www.organisator.ch\\\/wp-content\\\/uploads\\\/2019\\\/07\\\/Symposium-Weiterbildung-fuer-die-Praxis-4-0_Organisator.jpg\",\"datePublished\":\"2019-07-10T06:35:40+00:00\",\"description\":\"Wie muss Bildung umgestaltet werden, damit sie zukunftsf\u00e4hig ist? Das Symposium \u00abWeiterbildung f\u00fcr die Praxis 4.0\u00bb geht am 3. September auf Antwortensuche.\",\"breadcrumb\":{\"@id\":\"https:\\\/\\\/www.organisator.ch\\\/management\\\/2019-07-10\\\/symposium-weiterbildung-fuer-die-praxis-4-0\\\/#breadcrumb\"},\"inLanguage\":\"en-US\",\"potentialAction\":[{\"@type\":\"ReadAction\",\"target\":[\"https:\\\/\\\/www.organisator.ch\\\/management\\\/2019-07-10\\\/symposium-weiterbildung-fuer-die-praxis-4-0\\\/\"]}]},{\"@type\":\"ImageObject\",\"inLanguage\":\"en-US\",\"@id\":\"https:\\\/\\\/www.organisator.ch\\\/management\\\/2019-07-10\\\/symposium-weiterbildung-fuer-die-praxis-4-0\\\/#primaryimage\",\"url\":\"https:\\\/\\\/www.organisator.ch\\\/wp-content\\\/uploads\\\/2019\\\/07\\\/Symposium-Weiterbildung-fuer-die-Praxis-4-0_Organisator.jpg\",\"contentUrl\":\"https:\\\/\\\/www.organisator.ch\\\/wp-content\\\/uploads\\\/2019\\\/07\\\/Symposium-Weiterbildung-fuer-die-Praxis-4-0_Organisator.jpg\",\"width\":680,\"height\":209,\"caption\":\"Weiterbildung f\u00fcr die Praxis 4.0 - so lautet das Thema eines Symposiums am 3. September. (Bild: www.sfb.ch)\"},{\"@type\":\"BreadcrumbList\",\"@id\":\"https:\\\/\\\/www.organisator.ch\\\/management\\\/2019-07-10\\\/symposium-weiterbildung-fuer-die-praxis-4-0\\\/#breadcrumb\",\"itemListElement\":[{\"@type\":\"ListItem\",\"position\":1,\"name\":\"Home\",\"item\":\"https:\\\/\\\/www.organisator.ch\\\/\"},{\"@type\":\"ListItem\",\"position\":2,\"name\":\"Symposium \u00abWeiterbildung f\u00fcr die Praxis 4.0\u00bb\"}]},{\"@type\":\"WebSite\",\"@id\":\"https:\\\/\\\/www.organisator.ch\\\/#website\",\"url\":\"https:\\\/\\\/www.organisator.ch\\\/\",\"name\":\"Organisator\",\"description\":\"Kompetent. Praxisnah. Der ORGANISATOR bereitet in 10 Ausgaben pro Jahr die wesentlichen Themen f\u00fcr F\u00fchrungskr\u00e4fte von KMU auf.\",\"publisher\":{\"@id\":\"https:\\\/\\\/www.organisator.ch\\\/#organization\"},\"potentialAction\":[{\"@type\":\"SearchAction\",\"target\":{\"@type\":\"EntryPoint\",\"urlTemplate\":\"https:\\\/\\\/www.organisator.ch\\\/?s={search_term_string}\"},\"query-input\":{\"@type\":\"PropertyValueSpecification\",\"valueRequired\":true,\"valueName\":\"search_term_string\"}}],\"inLanguage\":\"en-US\"},{\"@type\":\"Organization\",\"@id\":\"https:\\\/\\\/www.organisator.ch\\\/#organization\",\"name\":\"Organisator\",\"url\":\"https:\\\/\\\/www.organisator.ch\\\/\",\"logo\":{\"@type\":\"ImageObject\",\"inLanguage\":\"en-US\",\"@id\":\"https:\\\/\\\/www.organisator.ch\\\/#\\\/schema\\\/logo\\\/image\\\/\",\"url\":\"https:\\\/\\\/www.organisator.ch\\\/wp-content\\\/uploads\\\/2022\\\/01\\\/Logo_Organisator_Website.png\",\"contentUrl\":\"https:\\\/\\\/www.organisator.ch\\\/wp-content\\\/uploads\\\/2022\\\/01\\\/Logo_Organisator_Website.png\",\"width\":800,\"height\":77,\"caption\":\"Organisator\"},\"image\":{\"@id\":\"https:\\\/\\\/www.organisator.ch\\\/#\\\/schema\\\/logo\\\/image\\\/\"},\"sameAs\":[\"https:\\\/\\\/www.facebook.com\\\/OrganisatorFachmagazin\",\"https:\\\/\\\/www.linkedin.com\\\/showcase\\\/organisator-das-magazin-fr-kmu\",\"https:\\\/\\\/www.xing.com\\\/news\\\/pages\\\/organisator-ch-695\",\"https:\\\/\\\/www.youtube.com\\\/channel\\\/UCGP2Sq0iWaZwT3BdIAQFYpw\"]},{\"@type\":\"Person\",\"@id\":\"https:\\\/\\\/www.organisator.ch\\\/#\\\/schema\\\/person\\\/6f650f90b2842cd4c0cc334b4e36f67e\",\"name\":\"thomas.berner\",\"image\":{\"@type\":\"ImageObject\",\"inLanguage\":\"en-US\",\"@id\":\"https:\\\/\\\/secure.gravatar.com\\\/avatar\\\/ac5001d2a36cb6c6cd3e50789007ffca834b477b74a2144564522e944eabff61?s=96&d=mm&r=g\",\"url\":\"https:\\\/\\\/secure.gravatar.com\\\/avatar\\\/ac5001d2a36cb6c6cd3e50789007ffca834b477b74a2144564522e944eabff61?s=96&d=mm&r=g\",\"contentUrl\":\"https:\\\/\\\/secure.gravatar.com\\\/avatar\\\/ac5001d2a36cb6c6cd3e50789007ffca834b477b74a2144564522e944eabff61?s=96&d=mm&r=g\",\"caption\":\"thomas.berner\"},\"url\":\"https:\\\/\\\/www.organisator.ch\\\/en\\\/author\\\/thomas-berner\\\/\"}]}<\/script>\n<!-- \/ Yoast SEO plugin. -->","yoast_head_json":{"title":"Symposium \"Continuing Education for Practice 4.0\" - Organizer","description":"How must education be redesigned to make it fit for the future? The symposium \"Continuing Education for Practice 4.0\" will be looking for answers on September 3.","robots":{"index":"index","follow":"follow","max-snippet":"max-snippet:-1","max-image-preview":"max-image-preview:large","max-video-preview":"max-video-preview:-1"},"canonical":"https:\/\/www.organisator.ch\/en\/management\/2019-07-10\/symposium-weiterbildung-fuer-die-praxis-4-0\/","og_locale":"en_US","og_type":"article","og_title":"Symposium \u00abWeiterbildung f\u00fcr die Praxis 4.0\u00bb","og_description":"Wie muss Bildung umgestaltet werden, damit sie zukunftsf\u00e4hig ist? Das Symposium \u00abWeiterbildung f\u00fcr die Praxis 4.0\u00bb geht am 3. September auf Antwortensuche","og_url":"https:\/\/www.organisator.ch\/en\/management\/2019-07-10\/symposium-weiterbildung-fuer-die-praxis-4-0\/","og_site_name":"Organisator","article_publisher":"https:\/\/www.facebook.com\/OrganisatorFachmagazin","article_published_time":"2019-07-10T06:35:40+00:00","og_image":[{"width":680,"height":209,"url":"https:\/\/www.organisator.ch\/wp-content\/uploads\/2019\/07\/Symposium-Weiterbildung-fuer-die-Praxis-4-0_Organisator.jpg","type":"image\/jpeg"}],"author":"thomas.berner","twitter_card":"summary_large_image","twitter_title":"#Symposium \u00abWeiterbildung f\u00fcr die Praxis 4.0\u00bb","twitter_description":"Wie muss Bildung umgestaltet werden, damit sie zukunftsf\u00e4hig ist? Das #Symposium \u00abWeiterbildung f\u00fcr die Praxis 4.0\u00bb geht am 3. September auf Antwortensuche","twitter_image":"https:\/\/www.organisator.ch\/wp-content\/uploads\/2019\/07\/Symposium-Weiterbildung-f\u00fcr-die-Praxis-4-0_Organisator.jpg","schema":{"@context":"https:\/\/schema.org","@graph":[{"@type":"Article","@id":"https:\/\/www.organisator.ch\/management\/2019-07-10\/symposium-weiterbildung-fuer-die-praxis-4-0\/#article","isPartOf":{"@id":"https:\/\/www.organisator.ch\/management\/2019-07-10\/symposium-weiterbildung-fuer-die-praxis-4-0\/"},"author":{"name":"thomas.berner","@id":"https:\/\/www.organisator.ch\/#\/schema\/person\/6f650f90b2842cd4c0cc334b4e36f67e"},"headline":"Symposium \u00abWeiterbildung f\u00fcr die Praxis 4.0\u00bb","datePublished":"2019-07-10T06:35:40+00:00","mainEntityOfPage":{"@id":"https:\/\/www.organisator.ch\/management\/2019-07-10\/symposium-weiterbildung-fuer-die-praxis-4-0\/"},"wordCount":233,"commentCount":0,"publisher":{"@id":"https:\/\/www.organisator.ch\/#organization"},"image":{"@id":"https:\/\/www.organisator.ch\/management\/2019-07-10\/symposium-weiterbildung-fuer-die-praxis-4-0\/#primaryimage"},"thumbnailUrl":"https:\/\/www.organisator.ch\/wp-content\/uploads\/2019\/07\/Symposium-Weiterbildung-fuer-die-Praxis-4-0_Organisator.jpg","keywords":["Aus-\/Weiterbildung","Berufsbildung","Fachhochschulen","Fachkongress\/Fachmesse","H\u00f6here Fachschulen"],"articleSection":["MANAGEMENT"],"inLanguage":"en-US"},{"@type":"WebPage","@id":"https:\/\/www.organisator.ch\/management\/2019-07-10\/symposium-weiterbildung-fuer-die-praxis-4-0\/","url":"https:\/\/www.organisator.ch\/management\/2019-07-10\/symposium-weiterbildung-fuer-die-praxis-4-0\/","name":"Symposium \"Continuing Education for Practice 4.0\" - Organizer","isPartOf":{"@id":"https:\/\/www.organisator.ch\/#website"},"primaryImageOfPage":{"@id":"https:\/\/www.organisator.ch\/management\/2019-07-10\/symposium-weiterbildung-fuer-die-praxis-4-0\/#primaryimage"},"image":{"@id":"https:\/\/www.organisator.ch\/management\/2019-07-10\/symposium-weiterbildung-fuer-die-praxis-4-0\/#primaryimage"},"thumbnailUrl":"https:\/\/www.organisator.ch\/wp-content\/uploads\/2019\/07\/Symposium-Weiterbildung-fuer-die-Praxis-4-0_Organisator.jpg","datePublished":"2019-07-10T06:35:40+00:00","description":"How must education be redesigned to make it fit for the future? The symposium \"Continuing Education for Practice 4.0\" will be looking for answers on September 3.","breadcrumb":{"@id":"https:\/\/www.organisator.ch\/management\/2019-07-10\/symposium-weiterbildung-fuer-die-praxis-4-0\/#breadcrumb"},"inLanguage":"en-US","potentialAction":[{"@type":"ReadAction","target":["https:\/\/www.organisator.ch\/management\/2019-07-10\/symposium-weiterbildung-fuer-die-praxis-4-0\/"]}]},{"@type":"ImageObject","inLanguage":"en-US","@id":"https:\/\/www.organisator.ch\/management\/2019-07-10\/symposium-weiterbildung-fuer-die-praxis-4-0\/#primaryimage","url":"https:\/\/www.organisator.ch\/wp-content\/uploads\/2019\/07\/Symposium-Weiterbildung-fuer-die-Praxis-4-0_Organisator.jpg","contentUrl":"https:\/\/www.organisator.ch\/wp-content\/uploads\/2019\/07\/Symposium-Weiterbildung-fuer-die-Praxis-4-0_Organisator.jpg","width":680,"height":209,"caption":"Weiterbildung f\u00fcr die Praxis 4.0 - so lautet das Thema eines Symposiums am 3. September. (Bild: www.sfb.ch)"},{"@type":"BreadcrumbList","@id":"https:\/\/www.organisator.ch\/management\/2019-07-10\/symposium-weiterbildung-fuer-die-praxis-4-0\/#breadcrumb","itemListElement":[{"@type":"ListItem","position":1,"name":"Home","item":"https:\/\/www.organisator.ch\/"},{"@type":"ListItem","position":2,"name":"Symposium \u00abWeiterbildung f\u00fcr die Praxis 4.0\u00bb"}]},{"@type":"WebSite","@id":"https:\/\/www.organisator.ch\/#website","url":"https:\/\/www.organisator.ch\/","name":"Organizer","description":"Competent. Practical. In 10 issues per year, ORGANISATOR presents the essential topics for managers of SMEs.","publisher":{"@id":"https:\/\/www.organisator.ch\/#organization"},"potentialAction":[{"@type":"SearchAction","target":{"@type":"EntryPoint","urlTemplate":"https:\/\/www.organisator.ch\/?s={search_term_string}"},"query-input":{"@type":"PropertyValueSpecification","valueRequired":true,"valueName":"search_term_string"}}],"inLanguage":"en-US"},{"@type":"Organization","@id":"https:\/\/www.organisator.ch\/#organization","name":"Organizer","url":"https:\/\/www.organisator.ch\/","logo":{"@type":"ImageObject","inLanguage":"en-US","@id":"https:\/\/www.organisator.ch\/#\/schema\/logo\/image\/","url":"https:\/\/www.organisator.ch\/wp-content\/uploads\/2022\/01\/Logo_Organisator_Website.png","contentUrl":"https:\/\/www.organisator.ch\/wp-content\/uploads\/2022\/01\/Logo_Organisator_Website.png","width":800,"height":77,"caption":"Organisator"},"image":{"@id":"https:\/\/www.organisator.ch\/#\/schema\/logo\/image\/"},"sameAs":["https:\/\/www.facebook.com\/OrganisatorFachmagazin","https:\/\/www.linkedin.com\/showcase\/organisator-das-magazin-fr-kmu","https:\/\/www.xing.com\/news\/pages\/organisator-ch-695","https:\/\/www.youtube.com\/channel\/UCGP2Sq0iWaZwT3BdIAQFYpw"]},{"@type":"Person","@id":"https:\/\/www.organisator.ch\/#\/schema\/person\/6f650f90b2842cd4c0cc334b4e36f67e","name":"thomas.berner","image":{"@type":"ImageObject","inLanguage":"en-US","@id":"https:\/\/secure.gravatar.com\/avatar\/ac5001d2a36cb6c6cd3e50789007ffca834b477b74a2144564522e944eabff61?s=96&d=mm&r=g","url":"https:\/\/secure.gravatar.com\/avatar\/ac5001d2a36cb6c6cd3e50789007ffca834b477b74a2144564522e944eabff61?s=96&d=mm&r=g","contentUrl":"https:\/\/secure.gravatar.com\/avatar\/ac5001d2a36cb6c6cd3e50789007ffca834b477b74a2144564522e944eabff61?s=96&d=mm&r=g","caption":"thomas.berner"},"url":"https:\/\/www.organisator.ch\/en\/author\/thomas-berner\/"}]}},"_links":{"self":[{"href":"https:\/\/www.organisator.ch\/en\/wp-json\/wp\/v2\/posts\/5521","targetHints":{"allow":["GET"]}}],"collection":[{"href":"https:\/\/www.organisator.ch\/en\/wp-json\/wp\/v2\/posts"}],"about":[{"href":"https:\/\/www.organisator.ch\/en\/wp-json\/wp\/v2\/types\/post"}],"author":[{"embeddable":true,"href":"https:\/\/www.organisator.ch\/en\/wp-json\/wp\/v2\/users\/4"}],"replies":[{"embeddable":true,"href":"https:\/\/www.organisator.ch\/en\/wp-json\/wp\/v2\/comments?post=5521"}],"version-history":[{"count":0,"href":"https:\/\/www.organisator.ch\/en\/wp-json\/wp\/v2\/posts\/5521\/revisions"}],"wp:featuredmedia":[{"embeddable":true,"href":"https:\/\/www.organisator.ch\/en\/wp-json\/wp\/v2\/media\/5522"}],"wp:attachment":[{"href":"https:\/\/www.organisator.ch\/en\/wp-json\/wp\/v2\/media?parent=5521"}],"wp:term":[{"taxonomy":"category","embeddable":true,"href":"https:\/\/www.organisator.ch\/en\/wp-json\/wp\/v2\/categories?post=5521"},{"taxonomy":"post_tag","embeddable":true,"href":"https:\/\/www.organisator.ch\/en\/wp-json\/wp\/v2\/tags?post=5521"}],"curies":[{"name":"wp","href":"https:\/\/api.w.org\/{rel}","templated":true}]}}