{"id":5525,"date":"2019-07-10T13:28:06","date_gmt":"2019-07-10T11:28:06","guid":{"rendered":"https:\/\/www.organisator.ch\/?p=5525"},"modified":"2019-07-10T13:28:06","modified_gmt":"2019-07-10T11:28:06","slug":"stephan-ulrich-wird-neu-chief-sales-officer-bei-cyberlink","status":"publish","type":"post","link":"https:\/\/www.organisator.ch\/en\/management\/it\/2019-07-10\/stephan-ulrich-wird-neu-chief-sales-officer-bei-cyberlink\/","title":{"rendered":"Stephan Ulrich becomes new chief sales officer at Cyberlink"},"content":{"rendered":"<figure id=\"attachment_5526\" aria-describedby=\"caption-attachment-5526\" style=\"width: 680px\" class=\"wp-caption alignnone\"><img loading=\"lazy\" decoding=\"async\" class=\"size-medium wp-image-5526\" src=\"https:\/\/www.organisator.ch\/wp-content\/uploads\/2019\/07\/Stephan-Ulrich-wird-neu-Chief-Sales-Officer-bei-Cyberlink_Organisator.jpg\" alt=\"\" width=\"680\" height=\"540\" srcset=\"https:\/\/www.organisator.ch\/wp-content\/uploads\/2019\/07\/Stephan-Ulrich-wird-neu-Chief-Sales-Officer-bei-Cyberlink_Organisator.jpg 680w, https:\/\/www.organisator.ch\/wp-content\/uploads\/2019\/07\/Stephan-Ulrich-wird-neu-Chief-Sales-Officer-bei-Cyberlink_Organisator-16x12.jpg 16w, https:\/\/www.organisator.ch\/wp-content\/uploads\/2019\/07\/Stephan-Ulrich-wird-neu-Chief-Sales-Officer-bei-Cyberlink_Organisator-220x175.jpg 220w, https:\/\/www.organisator.ch\/wp-content\/uploads\/2019\/07\/Stephan-Ulrich-wird-neu-Chief-Sales-Officer-bei-Cyberlink_Organisator-441x350.jpg 441w, https:\/\/www.organisator.ch\/wp-content\/uploads\/2019\/07\/Stephan-Ulrich-wird-neu-Chief-Sales-Officer-bei-Cyberlink_Organisator-300x238.jpg 300w\" sizes=\"auto, (max-width: 680px) 100vw, 680px\" \/><figcaption id=\"caption-attachment-5526\" class=\"wp-caption-text\">Stephan Ulrich, new chief sales officer at Cyberlink. (Image: zVg \/ Cyberlink)<\/figcaption><\/figure>\n<p>As of July 1, 2019, Stephan Ulrich (39), who holds an EMBA \/ MAS, has assumed the position of Chief Sales Officer at Cyberlink and is a new member of the Executive Board. Ulrich has served as Key Account Manager at MSP since 2013 and has contributed significantly to the success and growth of the company. Empathy, partnership-based thinking as well as closeness to customers are among the characteristics that distinguish Ulrich, who enjoys traveling, ice hockey and tennis in his free time. These qualities have also enabled him time and again to incorporate customer wishes and needs into product development, making it dynamic and customer-oriented. Before joining Cyberlink, Ulrich held various positions at Swisscom from 2006 to 2013.<\/p>\n<p>Ulrich will report directly to CEO Beat Tinner. He explains: \"I am personally very pleased that Stephan Ulrich, after more than six years at Cyberlink, has been recruited as the new Chief Sales Officer and member of the Executive Board and will continue to drive the company's growth. From the beginning, Stephan Ulrich has proven to be a reliable, dedicated and honest partner to our demanding business customers. In doing so, he has implemented very important and beneficial projects for customers on the Cyberlink network and cloud infrastructure. Together with our strong Operations and Engineering, he manages to do almost unbelievable things.\"<\/p>\n<p>Stephan Ulrich adds, \"I am very excited to lead the sale and work with the entire Cyberlink team to provide our partners and customers with customized managed service solutions that make business sense. This is the prerequisite for the sustainable growth of our company.\"<\/p>\n<p><em>Source: <a href=\"http:\/\/www.cyberlink.ch\">Cyberlink<\/a><\/em><\/p>","protected":false},"excerpt":{"rendered":"<p>Per 1. Juli 2019 hat Stephan Ulrich (39), welcher \u00fcber ein EMBA \/ MAS verf\u00fcgt, die Position des Chief Sales Officer bei Cyberlink \u00fcbernommen und ist neues Mitglied der Gesch\u00e4ftsleitung. Ulrich amtet seit 2013 als Key Account Manager beim MSP und hat massgeblich zum Erfolg und Wachstum des Unternehmens beigetragen. Empathie, partnerschaftliches Denken sowie N\u00e4he [&hellip;]<\/p>\n","protected":false},"author":4,"featured_media":5526,"comment_status":"open","ping_status":"open","sticky":false,"template":"","format":"standard","meta":{"_acf_changed":false,"_yoast_wpseo_focuskw":"Stephan Ulrich","_yoast_wpseo_metadesc":"Beim Managed Service Provider (MSP) Cyberlink \u00fcbernimmt Stephan Ulrich neu die Position des Chief Sales Officer und nimmt Einsitz in die Gesch\u00e4ftsleitung.","articlekey":"","footnotes":""},"categories":[27],"tags":[286,381],"class_list":["post-5525","post","type-post","status-publish","format-standard","has-post-thumbnail","hentry","category-it","tag-it","tag-personalia"],"acf":[],"yoast_head":"<!-- This site is optimized with the Yoast SEO plugin v27.4 - https:\/\/yoast.com\/product\/yoast-seo-wordpress\/ -->\n<title>Stephan Ulrich wird neu Chief Sales Officer bei Cyberlink - Organisator<\/title>\n<meta name=\"description\" content=\"Beim Managed Service Provider (MSP) Cyberlink \u00fcbernimmt Stephan Ulrich neu die Position des Chief Sales Officer und nimmt Einsitz in die Gesch\u00e4ftsleitung.\" \/>\n<meta name=\"robots\" content=\"index, follow, max-snippet:-1, max-image-preview:large, max-video-preview:-1\" \/>\n<link rel=\"canonical\" href=\"https:\/\/www.organisator.ch\/en\/management\/it\/2019-07-10\/stephan-ulrich-wird-neu-chief-sales-officer-bei-cyberlink\/\" \/>\n<meta property=\"og:locale\" content=\"en_US\" \/>\n<meta property=\"og:type\" content=\"article\" \/>\n<meta property=\"og:title\" content=\"Stephan Ulrich wird neu Chief Sales Officer bei Cyberlink\" \/>\n<meta property=\"og:description\" content=\"Beim Managed Service Provider (MSP) Cyberlink \u00fcbernimmt Stephan Ulrich neu die Position des Chief Sales Officer und nimmt Einsitz in die Gesch\u00e4ftsleitung.\" \/>\n<meta property=\"og:url\" content=\"https:\/\/www.organisator.ch\/en\/management\/it\/2019-07-10\/stephan-ulrich-wird-neu-chief-sales-officer-bei-cyberlink\/\" \/>\n<meta property=\"og:site_name\" content=\"Organisator\" \/>\n<meta property=\"article:publisher\" content=\"https:\/\/www.facebook.com\/OrganisatorFachmagazin\" \/>\n<meta property=\"article:published_time\" content=\"2019-07-10T11:28:06+00:00\" \/>\n<meta property=\"og:image\" content=\"https:\/\/www.organisator.ch\/wp-content\/uploads\/2019\/07\/Stephan-Ulrich-wird-neu-Chief-Sales-Officer-bei-Cyberlink_Organisator.jpg\" \/>\n\t<meta property=\"og:image:width\" content=\"680\" \/>\n\t<meta property=\"og:image:height\" content=\"540\" \/>\n\t<meta property=\"og:image:type\" content=\"image\/jpeg\" \/>\n<meta name=\"author\" content=\"thomas.berner\" \/>\n<meta name=\"twitter:card\" content=\"summary_large_image\" \/>\n<meta name=\"twitter:title\" content=\"Stephan Ulrich wird neu Chief Sales Officer bei #Cyberlink\" \/>\n<meta name=\"twitter:description\" content=\"Beim Managed Service Provider (#MSP) #Cyberlink \u00fcbernimmt Stephan Ulrich neu die Position des Chief Sales Officer und nimmt Einsitz in die Gesch\u00e4ftsleitung.\" \/>\n<meta name=\"twitter:image\" content=\"https:\/\/www.organisator.ch\/wp-content\/uploads\/2019\/07\/Stephan-Ulrich-wird-neu-Chief-Sales-Officer-bei-Cyberlink_Organisator.jpg\" \/>\n<script type=\"application\/ld+json\" class=\"yoast-schema-graph\">{\"@context\":\"https:\\\/\\\/schema.org\",\"@graph\":[{\"@type\":\"Article\",\"@id\":\"https:\\\/\\\/www.organisator.ch\\\/management\\\/it\\\/2019-07-10\\\/stephan-ulrich-wird-neu-chief-sales-officer-bei-cyberlink\\\/#article\",\"isPartOf\":{\"@id\":\"https:\\\/\\\/www.organisator.ch\\\/management\\\/it\\\/2019-07-10\\\/stephan-ulrich-wird-neu-chief-sales-officer-bei-cyberlink\\\/\"},\"author\":{\"name\":\"thomas.berner\",\"@id\":\"https:\\\/\\\/www.organisator.ch\\\/#\\\/schema\\\/person\\\/6f650f90b2842cd4c0cc334b4e36f67e\"},\"headline\":\"Stephan Ulrich wird neu Chief Sales Officer bei Cyberlink\",\"datePublished\":\"2019-07-10T11:28:06+00:00\",\"mainEntityOfPage\":{\"@id\":\"https:\\\/\\\/www.organisator.ch\\\/management\\\/it\\\/2019-07-10\\\/stephan-ulrich-wird-neu-chief-sales-officer-bei-cyberlink\\\/\"},\"wordCount\":285,\"commentCount\":0,\"publisher\":{\"@id\":\"https:\\\/\\\/www.organisator.ch\\\/#organization\"},\"image\":{\"@id\":\"https:\\\/\\\/www.organisator.ch\\\/management\\\/it\\\/2019-07-10\\\/stephan-ulrich-wird-neu-chief-sales-officer-bei-cyberlink\\\/#primaryimage\"},\"thumbnailUrl\":\"https:\\\/\\\/www.organisator.ch\\\/wp-content\\\/uploads\\\/2019\\\/07\\\/Stephan-Ulrich-wird-neu-Chief-Sales-Officer-bei-Cyberlink_Organisator.jpg\",\"keywords\":[\"IT\",\"Personalia\"],\"articleSection\":[\"IT\"],\"inLanguage\":\"en-US\"},{\"@type\":\"WebPage\",\"@id\":\"https:\\\/\\\/www.organisator.ch\\\/management\\\/it\\\/2019-07-10\\\/stephan-ulrich-wird-neu-chief-sales-officer-bei-cyberlink\\\/\",\"url\":\"https:\\\/\\\/www.organisator.ch\\\/management\\\/it\\\/2019-07-10\\\/stephan-ulrich-wird-neu-chief-sales-officer-bei-cyberlink\\\/\",\"name\":\"Stephan Ulrich wird neu Chief Sales Officer bei Cyberlink - Organisator\",\"isPartOf\":{\"@id\":\"https:\\\/\\\/www.organisator.ch\\\/#website\"},\"primaryImageOfPage\":{\"@id\":\"https:\\\/\\\/www.organisator.ch\\\/management\\\/it\\\/2019-07-10\\\/stephan-ulrich-wird-neu-chief-sales-officer-bei-cyberlink\\\/#primaryimage\"},\"image\":{\"@id\":\"https:\\\/\\\/www.organisator.ch\\\/management\\\/it\\\/2019-07-10\\\/stephan-ulrich-wird-neu-chief-sales-officer-bei-cyberlink\\\/#primaryimage\"},\"thumbnailUrl\":\"https:\\\/\\\/www.organisator.ch\\\/wp-content\\\/uploads\\\/2019\\\/07\\\/Stephan-Ulrich-wird-neu-Chief-Sales-Officer-bei-Cyberlink_Organisator.jpg\",\"datePublished\":\"2019-07-10T11:28:06+00:00\",\"description\":\"Beim Managed Service Provider (MSP) Cyberlink \u00fcbernimmt Stephan Ulrich neu die Position des Chief Sales Officer und nimmt Einsitz in die Gesch\u00e4ftsleitung.\",\"breadcrumb\":{\"@id\":\"https:\\\/\\\/www.organisator.ch\\\/management\\\/it\\\/2019-07-10\\\/stephan-ulrich-wird-neu-chief-sales-officer-bei-cyberlink\\\/#breadcrumb\"},\"inLanguage\":\"en-US\",\"potentialAction\":[{\"@type\":\"ReadAction\",\"target\":[\"https:\\\/\\\/www.organisator.ch\\\/management\\\/it\\\/2019-07-10\\\/stephan-ulrich-wird-neu-chief-sales-officer-bei-cyberlink\\\/\"]}]},{\"@type\":\"ImageObject\",\"inLanguage\":\"en-US\",\"@id\":\"https:\\\/\\\/www.organisator.ch\\\/management\\\/it\\\/2019-07-10\\\/stephan-ulrich-wird-neu-chief-sales-officer-bei-cyberlink\\\/#primaryimage\",\"url\":\"https:\\\/\\\/www.organisator.ch\\\/wp-content\\\/uploads\\\/2019\\\/07\\\/Stephan-Ulrich-wird-neu-Chief-Sales-Officer-bei-Cyberlink_Organisator.jpg\",\"contentUrl\":\"https:\\\/\\\/www.organisator.ch\\\/wp-content\\\/uploads\\\/2019\\\/07\\\/Stephan-Ulrich-wird-neu-Chief-Sales-Officer-bei-Cyberlink_Organisator.jpg\",\"width\":680,\"height\":540,\"caption\":\"Stephan Ulrich, neuer Chief Sales Officer bei Cyberlink. (Bild: zVg \\\/ Cyberlink)\"},{\"@type\":\"BreadcrumbList\",\"@id\":\"https:\\\/\\\/www.organisator.ch\\\/management\\\/it\\\/2019-07-10\\\/stephan-ulrich-wird-neu-chief-sales-officer-bei-cyberlink\\\/#breadcrumb\",\"itemListElement\":[{\"@type\":\"ListItem\",\"position\":1,\"name\":\"Home\",\"item\":\"https:\\\/\\\/www.organisator.ch\\\/\"},{\"@type\":\"ListItem\",\"position\":2,\"name\":\"Stephan Ulrich wird neu Chief Sales Officer bei Cyberlink\"}]},{\"@type\":\"WebSite\",\"@id\":\"https:\\\/\\\/www.organisator.ch\\\/#website\",\"url\":\"https:\\\/\\\/www.organisator.ch\\\/\",\"name\":\"Organisator\",\"description\":\"Kompetent. Praxisnah. Der ORGANISATOR bereitet in 10 Ausgaben pro Jahr die wesentlichen Themen f\u00fcr F\u00fchrungskr\u00e4fte von KMU auf.\",\"publisher\":{\"@id\":\"https:\\\/\\\/www.organisator.ch\\\/#organization\"},\"potentialAction\":[{\"@type\":\"SearchAction\",\"target\":{\"@type\":\"EntryPoint\",\"urlTemplate\":\"https:\\\/\\\/www.organisator.ch\\\/?s={search_term_string}\"},\"query-input\":{\"@type\":\"PropertyValueSpecification\",\"valueRequired\":true,\"valueName\":\"search_term_string\"}}],\"inLanguage\":\"en-US\"},{\"@type\":\"Organization\",\"@id\":\"https:\\\/\\\/www.organisator.ch\\\/#organization\",\"name\":\"Organisator\",\"url\":\"https:\\\/\\\/www.organisator.ch\\\/\",\"logo\":{\"@type\":\"ImageObject\",\"inLanguage\":\"en-US\",\"@id\":\"https:\\\/\\\/www.organisator.ch\\\/#\\\/schema\\\/logo\\\/image\\\/\",\"url\":\"https:\\\/\\\/www.organisator.ch\\\/wp-content\\\/uploads\\\/2022\\\/01\\\/Logo_Organisator_Website.png\",\"contentUrl\":\"https:\\\/\\\/www.organisator.ch\\\/wp-content\\\/uploads\\\/2022\\\/01\\\/Logo_Organisator_Website.png\",\"width\":800,\"height\":77,\"caption\":\"Organisator\"},\"image\":{\"@id\":\"https:\\\/\\\/www.organisator.ch\\\/#\\\/schema\\\/logo\\\/image\\\/\"},\"sameAs\":[\"https:\\\/\\\/www.facebook.com\\\/OrganisatorFachmagazin\",\"https:\\\/\\\/www.linkedin.com\\\/showcase\\\/organisator-das-magazin-fr-kmu\",\"https:\\\/\\\/www.xing.com\\\/news\\\/pages\\\/organisator-ch-695\",\"https:\\\/\\\/www.youtube.com\\\/channel\\\/UCGP2Sq0iWaZwT3BdIAQFYpw\"]},{\"@type\":\"Person\",\"@id\":\"https:\\\/\\\/www.organisator.ch\\\/#\\\/schema\\\/person\\\/6f650f90b2842cd4c0cc334b4e36f67e\",\"name\":\"thomas.berner\",\"image\":{\"@type\":\"ImageObject\",\"inLanguage\":\"en-US\",\"@id\":\"https:\\\/\\\/secure.gravatar.com\\\/avatar\\\/ac5001d2a36cb6c6cd3e50789007ffca834b477b74a2144564522e944eabff61?s=96&d=mm&r=g\",\"url\":\"https:\\\/\\\/secure.gravatar.com\\\/avatar\\\/ac5001d2a36cb6c6cd3e50789007ffca834b477b74a2144564522e944eabff61?s=96&d=mm&r=g\",\"contentUrl\":\"https:\\\/\\\/secure.gravatar.com\\\/avatar\\\/ac5001d2a36cb6c6cd3e50789007ffca834b477b74a2144564522e944eabff61?s=96&d=mm&r=g\",\"caption\":\"thomas.berner\"},\"url\":\"https:\\\/\\\/www.organisator.ch\\\/en\\\/author\\\/thomas-berner\\\/\"}]}<\/script>\n<!-- \/ Yoast SEO plugin. -->","yoast_head_json":{"title":"Stephan Ulrich becomes new chief sales officer at Cyberlink - Organizer","description":"At managed service provider (MSP) Cyberlink, Stephan Ulrich is taking on the position of Chief Sales Officer and joining the Executive Board.","robots":{"index":"index","follow":"follow","max-snippet":"max-snippet:-1","max-image-preview":"max-image-preview:large","max-video-preview":"max-video-preview:-1"},"canonical":"https:\/\/www.organisator.ch\/en\/management\/it\/2019-07-10\/stephan-ulrich-wird-neu-chief-sales-officer-bei-cyberlink\/","og_locale":"en_US","og_type":"article","og_title":"Stephan Ulrich wird neu Chief Sales Officer bei Cyberlink","og_description":"Beim Managed Service Provider (MSP) Cyberlink \u00fcbernimmt Stephan Ulrich neu die Position des Chief Sales Officer und nimmt Einsitz in die Gesch\u00e4ftsleitung.","og_url":"https:\/\/www.organisator.ch\/en\/management\/it\/2019-07-10\/stephan-ulrich-wird-neu-chief-sales-officer-bei-cyberlink\/","og_site_name":"Organisator","article_publisher":"https:\/\/www.facebook.com\/OrganisatorFachmagazin","article_published_time":"2019-07-10T11:28:06+00:00","og_image":[{"width":680,"height":540,"url":"https:\/\/www.organisator.ch\/wp-content\/uploads\/2019\/07\/Stephan-Ulrich-wird-neu-Chief-Sales-Officer-bei-Cyberlink_Organisator.jpg","type":"image\/jpeg"}],"author":"thomas.berner","twitter_card":"summary_large_image","twitter_title":"Stephan Ulrich wird neu Chief Sales Officer bei #Cyberlink","twitter_description":"Beim Managed Service Provider (#MSP) #Cyberlink \u00fcbernimmt Stephan Ulrich neu die Position des Chief Sales Officer und nimmt Einsitz in die Gesch\u00e4ftsleitung.","twitter_image":"https:\/\/www.organisator.ch\/wp-content\/uploads\/2019\/07\/Stephan-Ulrich-wird-neu-Chief-Sales-Officer-bei-Cyberlink_Organisator.jpg","schema":{"@context":"https:\/\/schema.org","@graph":[{"@type":"Article","@id":"https:\/\/www.organisator.ch\/management\/it\/2019-07-10\/stephan-ulrich-wird-neu-chief-sales-officer-bei-cyberlink\/#article","isPartOf":{"@id":"https:\/\/www.organisator.ch\/management\/it\/2019-07-10\/stephan-ulrich-wird-neu-chief-sales-officer-bei-cyberlink\/"},"author":{"name":"thomas.berner","@id":"https:\/\/www.organisator.ch\/#\/schema\/person\/6f650f90b2842cd4c0cc334b4e36f67e"},"headline":"Stephan Ulrich wird neu Chief Sales Officer bei Cyberlink","datePublished":"2019-07-10T11:28:06+00:00","mainEntityOfPage":{"@id":"https:\/\/www.organisator.ch\/management\/it\/2019-07-10\/stephan-ulrich-wird-neu-chief-sales-officer-bei-cyberlink\/"},"wordCount":285,"commentCount":0,"publisher":{"@id":"https:\/\/www.organisator.ch\/#organization"},"image":{"@id":"https:\/\/www.organisator.ch\/management\/it\/2019-07-10\/stephan-ulrich-wird-neu-chief-sales-officer-bei-cyberlink\/#primaryimage"},"thumbnailUrl":"https:\/\/www.organisator.ch\/wp-content\/uploads\/2019\/07\/Stephan-Ulrich-wird-neu-Chief-Sales-Officer-bei-Cyberlink_Organisator.jpg","keywords":["IT","Personalia"],"articleSection":["IT"],"inLanguage":"en-US"},{"@type":"WebPage","@id":"https:\/\/www.organisator.ch\/management\/it\/2019-07-10\/stephan-ulrich-wird-neu-chief-sales-officer-bei-cyberlink\/","url":"https:\/\/www.organisator.ch\/management\/it\/2019-07-10\/stephan-ulrich-wird-neu-chief-sales-officer-bei-cyberlink\/","name":"Stephan Ulrich becomes new chief sales officer at Cyberlink - Organizer","isPartOf":{"@id":"https:\/\/www.organisator.ch\/#website"},"primaryImageOfPage":{"@id":"https:\/\/www.organisator.ch\/management\/it\/2019-07-10\/stephan-ulrich-wird-neu-chief-sales-officer-bei-cyberlink\/#primaryimage"},"image":{"@id":"https:\/\/www.organisator.ch\/management\/it\/2019-07-10\/stephan-ulrich-wird-neu-chief-sales-officer-bei-cyberlink\/#primaryimage"},"thumbnailUrl":"https:\/\/www.organisator.ch\/wp-content\/uploads\/2019\/07\/Stephan-Ulrich-wird-neu-Chief-Sales-Officer-bei-Cyberlink_Organisator.jpg","datePublished":"2019-07-10T11:28:06+00:00","description":"At managed service provider (MSP) Cyberlink, Stephan Ulrich is taking on the position of Chief Sales Officer and joining the Executive Board.","breadcrumb":{"@id":"https:\/\/www.organisator.ch\/management\/it\/2019-07-10\/stephan-ulrich-wird-neu-chief-sales-officer-bei-cyberlink\/#breadcrumb"},"inLanguage":"en-US","potentialAction":[{"@type":"ReadAction","target":["https:\/\/www.organisator.ch\/management\/it\/2019-07-10\/stephan-ulrich-wird-neu-chief-sales-officer-bei-cyberlink\/"]}]},{"@type":"ImageObject","inLanguage":"en-US","@id":"https:\/\/www.organisator.ch\/management\/it\/2019-07-10\/stephan-ulrich-wird-neu-chief-sales-officer-bei-cyberlink\/#primaryimage","url":"https:\/\/www.organisator.ch\/wp-content\/uploads\/2019\/07\/Stephan-Ulrich-wird-neu-Chief-Sales-Officer-bei-Cyberlink_Organisator.jpg","contentUrl":"https:\/\/www.organisator.ch\/wp-content\/uploads\/2019\/07\/Stephan-Ulrich-wird-neu-Chief-Sales-Officer-bei-Cyberlink_Organisator.jpg","width":680,"height":540,"caption":"Stephan Ulrich, neuer Chief Sales Officer bei Cyberlink. (Bild: zVg \/ Cyberlink)"},{"@type":"BreadcrumbList","@id":"https:\/\/www.organisator.ch\/management\/it\/2019-07-10\/stephan-ulrich-wird-neu-chief-sales-officer-bei-cyberlink\/#breadcrumb","itemListElement":[{"@type":"ListItem","position":1,"name":"Home","item":"https:\/\/www.organisator.ch\/"},{"@type":"ListItem","position":2,"name":"Stephan Ulrich wird neu Chief Sales Officer bei Cyberlink"}]},{"@type":"WebSite","@id":"https:\/\/www.organisator.ch\/#website","url":"https:\/\/www.organisator.ch\/","name":"Organizer","description":"Competent. Practical. In 10 issues per year, ORGANISATOR presents the essential topics for managers of SMEs.","publisher":{"@id":"https:\/\/www.organisator.ch\/#organization"},"potentialAction":[{"@type":"SearchAction","target":{"@type":"EntryPoint","urlTemplate":"https:\/\/www.organisator.ch\/?s={search_term_string}"},"query-input":{"@type":"PropertyValueSpecification","valueRequired":true,"valueName":"search_term_string"}}],"inLanguage":"en-US"},{"@type":"Organization","@id":"https:\/\/www.organisator.ch\/#organization","name":"Organizer","url":"https:\/\/www.organisator.ch\/","logo":{"@type":"ImageObject","inLanguage":"en-US","@id":"https:\/\/www.organisator.ch\/#\/schema\/logo\/image\/","url":"https:\/\/www.organisator.ch\/wp-content\/uploads\/2022\/01\/Logo_Organisator_Website.png","contentUrl":"https:\/\/www.organisator.ch\/wp-content\/uploads\/2022\/01\/Logo_Organisator_Website.png","width":800,"height":77,"caption":"Organisator"},"image":{"@id":"https:\/\/www.organisator.ch\/#\/schema\/logo\/image\/"},"sameAs":["https:\/\/www.facebook.com\/OrganisatorFachmagazin","https:\/\/www.linkedin.com\/showcase\/organisator-das-magazin-fr-kmu","https:\/\/www.xing.com\/news\/pages\/organisator-ch-695","https:\/\/www.youtube.com\/channel\/UCGP2Sq0iWaZwT3BdIAQFYpw"]},{"@type":"Person","@id":"https:\/\/www.organisator.ch\/#\/schema\/person\/6f650f90b2842cd4c0cc334b4e36f67e","name":"thomas.berner","image":{"@type":"ImageObject","inLanguage":"en-US","@id":"https:\/\/secure.gravatar.com\/avatar\/ac5001d2a36cb6c6cd3e50789007ffca834b477b74a2144564522e944eabff61?s=96&d=mm&r=g","url":"https:\/\/secure.gravatar.com\/avatar\/ac5001d2a36cb6c6cd3e50789007ffca834b477b74a2144564522e944eabff61?s=96&d=mm&r=g","contentUrl":"https:\/\/secure.gravatar.com\/avatar\/ac5001d2a36cb6c6cd3e50789007ffca834b477b74a2144564522e944eabff61?s=96&d=mm&r=g","caption":"thomas.berner"},"url":"https:\/\/www.organisator.ch\/en\/author\/thomas-berner\/"}]}},"_links":{"self":[{"href":"https:\/\/www.organisator.ch\/en\/wp-json\/wp\/v2\/posts\/5525","targetHints":{"allow":["GET"]}}],"collection":[{"href":"https:\/\/www.organisator.ch\/en\/wp-json\/wp\/v2\/posts"}],"about":[{"href":"https:\/\/www.organisator.ch\/en\/wp-json\/wp\/v2\/types\/post"}],"author":[{"embeddable":true,"href":"https:\/\/www.organisator.ch\/en\/wp-json\/wp\/v2\/users\/4"}],"replies":[{"embeddable":true,"href":"https:\/\/www.organisator.ch\/en\/wp-json\/wp\/v2\/comments?post=5525"}],"version-history":[{"count":0,"href":"https:\/\/www.organisator.ch\/en\/wp-json\/wp\/v2\/posts\/5525\/revisions"}],"wp:featuredmedia":[{"embeddable":true,"href":"https:\/\/www.organisator.ch\/en\/wp-json\/wp\/v2\/media\/5526"}],"wp:attachment":[{"href":"https:\/\/www.organisator.ch\/en\/wp-json\/wp\/v2\/media?parent=5525"}],"wp:term":[{"taxonomy":"category","embeddable":true,"href":"https:\/\/www.organisator.ch\/en\/wp-json\/wp\/v2\/categories?post=5525"},{"taxonomy":"post_tag","embeddable":true,"href":"https:\/\/www.organisator.ch\/en\/wp-json\/wp\/v2\/tags?post=5525"}],"curies":[{"name":"wp","href":"https:\/\/api.w.org\/{rel}","templated":true}]}}