{"id":5539,"date":"2019-07-11T16:06:32","date_gmt":"2019-07-11T14:06:32","guid":{"rendered":"https:\/\/www.organisator.ch\/?p=5539"},"modified":"2019-07-11T16:06:32","modified_gmt":"2019-07-11T14:06:32","slug":"abwaertstrend-gestoppt-exportstimmung-wieder-im-aufwind","status":"publish","type":"post","link":"https:\/\/www.organisator.ch\/en\/management\/2019-07-11\/abwaertstrend-gestoppt-exportstimmung-wieder-im-aufwind\/","title":{"rendered":"Downward trend halted - export sentiment on the upswing again"},"content":{"rendered":"<figure id=\"attachment_5540\" aria-describedby=\"caption-attachment-5540\" style=\"width: 680px\" class=\"wp-caption alignnone\"><img loading=\"lazy\" decoding=\"async\" class=\"size-medium wp-image-5540\" src=\"https:\/\/www.organisator.ch\/wp-content\/uploads\/2019\/07\/Abwaertstrend-gestoppt-Exportstimmung-wieder-im-Aufwind_Organisator.jpg\" alt=\"\" width=\"680\" height=\"381\" srcset=\"https:\/\/www.organisator.ch\/wp-content\/uploads\/2019\/07\/Abwaertstrend-gestoppt-Exportstimmung-wieder-im-Aufwind_Organisator.jpg 680w, https:\/\/www.organisator.ch\/wp-content\/uploads\/2019\/07\/Abwaertstrend-gestoppt-Exportstimmung-wieder-im-Aufwind_Organisator-16x9.jpg 16w, https:\/\/www.organisator.ch\/wp-content\/uploads\/2019\/07\/Abwaertstrend-gestoppt-Exportstimmung-wieder-im-Aufwind_Organisator-312x175.jpg 312w, https:\/\/www.organisator.ch\/wp-content\/uploads\/2019\/07\/Abwaertstrend-gestoppt-Exportstimmung-wieder-im-Aufwind_Organisator-625x350.jpg 625w, https:\/\/www.organisator.ch\/wp-content\/uploads\/2019\/07\/Abwaertstrend-gestoppt-Exportstimmung-wieder-im-Aufwind_Organisator-300x168.jpg 300w\" sizes=\"auto, (max-width: 680px) 100vw, 680px\" \/><figcaption id=\"caption-attachment-5540\" class=\"wp-caption-text\">The downward trend seems to have stopped, and export sentiment among Swiss companies is improving. (Image: Switzerland Global Enterprise)<\/figcaption><\/figure>\n<p>Following the slight downward trend in previous months, export sentiment is returning to positive territory. According to indicators from Credit Suisse and S-GE, demand for Swiss export goods is likely to continue to rise globally, albeit no longer to the same extent and at the same pace as in the previous year. Half of the Swiss SMEs surveyed by S-GE expect more exports in the coming quarter. While 35% expect an increase in exports of 1 to 10%, 11% anticipate an increase of 10 to 25%. 3% even hope for one of 25% and more. 39% of the SMEs expect their export volume to stagnate, 12% anticipate a decrease.<\/p>\n<h2>Companies build up export competencies<\/h2>\n<p><span style=\"display: inline !important; float: none; background-color: transparent; color: #333333; cursor: text; font-family: Georgia,'Times New Roman','Bitstream Charter',Times,serif; font-size: 16px; font-style: normal; font-variant: normal; font-weight: 400; letter-spacing: normal; orphans: 2; text-align: left; text-decoration: none; text-indent: 0px; text-transform: none; -webkit-text-stroke-width: 0px; white-space: normal; word-spacing: 0px;\">Claude Maurer, economist at Credit Suisse, says: \"In Europe, the demand situation for Swiss goods and services has at least stabilized, while it has clouded over somewhat in the US. That explains why the Credit Suisse export barometer is only just above the growth threshold.\" <\/span><span style=\"display: inline !important; float: none; background-color: transparent; color: #333333; cursor: text; font-family: Georgia,'Times New Roman','Bitstream Charter',Times,serif; font-size: 16px; font-style: normal; font-variant: normal; font-weight: 400; letter-spacing: normal; orphans: 2; text-align: left; text-decoration: none; text-indent: 0px; text-transform: none; -webkit-text-stroke-width: 0px; white-space: normal; word-spacing: 0px;\">Alberto Silini, Head of Consulting at Switzerland Global Enterprise (S-GE), notes: <\/span><span style=\"display: inline !important; float: none; background-color: transparent; color: #333333; cursor: text; font-family: Georgia,'Times New Roman','Bitstream Charter',Times,serif; font-size: 16px; font-style: normal; font-variant: normal; font-weight: 400; letter-spacing: normal; orphans: 2; text-align: left; text-decoration: none; text-indent: 0px; text-transform: none; -webkit-text-stroke-width: 0px; white-space: normal; word-spacing: 0px;\">\"The renewed optimistic export sentiment reflects the confidence of Swiss SMEs, but the challenges in international trade remain. It is therefore no coincidence that companies are building competencies to overcome export challenges. S-GE supports companies in this process with know-how, a global network and useful digital tools.\" <\/span><\/p>\n<h2>Germany as the most important export market<\/h2>\n<p>By far the most important export market is and remains Germany. <span style=\"display: inline !important; float: none; background-color: transparent; color: #333333; cursor: text; font-family: Georgia,'Times New Roman','Bitstream Charter',Times,serif; font-size: 16px; font-style: normal; font-variant: normal; font-weight: 400; letter-spacing: normal; orphans: 2; text-align: left; text-decoration: none; text-indent: 0px; text-transform: none; -webkit-text-stroke-width: 0px; white-space: normal; word-spacing: 0px;\">The neighboring country to the north swings far out on top with 58%, followed by the USA with 20% and China with 16%. 11% of the SMEs surveyed named France as their most important export destination and 10% Austria.<\/span><\/p>\n<p>83% of the SMEs surveyed want to export goods or services to Germany in the next six months. France and Austria follow with 61% of the mentions, and the USA comes in fourth with 56%. 52% of the SMEs each want to export to Italy and China, and 43% to the Netherlands. Spain follows in eighth place with 42%. Of the SMEs surveyed, 15% said they wanted to become newly active in Russia in the next six months. The Gulf States follow with 13%, 11% are targeting Scandinavia and Japan, and 9% named the USA, France, Spain, India and China as new destinations.<\/p>\n<p><em>Source: <a href=\"http:\/\/www.s-ge.com\">Switzerland Global Enterprise<\/a><\/em><\/p>","protected":false},"excerpt":{"rendered":"<p>Nach dem leichten Abw\u00e4rtstrend in den Vormonaten kehrt die Exportstimmung wieder ins Positive zur\u00fcck. Gem\u00e4ss den Indikatoren der Credit Suisse und S-GE d\u00fcrfte die Nachfrage nach Schweizer Exportg\u00fctern global weiter steigen, wenn auch nicht mehr in dem Ausmass und Tempo wie dies im Vorjahr der Fall war. Die H\u00e4lfte der Schweizer KMU, die von S-GE [&hellip;]<\/p>\n","protected":false},"author":4,"featured_media":5540,"comment_status":"open","ping_status":"open","sticky":false,"template":"","format":"standard","meta":{"_acf_changed":false,"_yoast_wpseo_focuskw":"Abw\u00e4rtstrend","_yoast_wpseo_metadesc":"Gem\u00e4ss der aktuellen Umfrage von Switzerland Global Enterprise (S-GE) zur Exportstimmung erwarten 49% aller KMU steigende Exporte f\u00fcr das 3. Quartal 2019.","articlekey":"","footnotes":""},"categories":[28],"tags":[63,189,335,452],"class_list":["post-5539","post","type-post","status-publish","format-standard","has-post-thumbnail","hentry","category-management","tag-aussenwirtschaft","tag-export","tag-management-und-unternehmensfuehrung","tag-statistik"],"acf":[],"yoast_head":"<!-- This site is optimized with the Yoast SEO plugin v27.4 - https:\/\/yoast.com\/product\/yoast-seo-wordpress\/ -->\n<title>Abw\u00e4rtstrend gestoppt - Exportstimmung wieder im Aufwind - Organisator<\/title>\n<meta name=\"description\" content=\"Gem\u00e4ss der aktuellen Umfrage von Switzerland Global Enterprise (S-GE) zur Exportstimmung erwarten 49% aller KMU steigende Exporte f\u00fcr das 3. Quartal 2019.\" \/>\n<meta name=\"robots\" content=\"index, follow, max-snippet:-1, max-image-preview:large, max-video-preview:-1\" \/>\n<link rel=\"canonical\" href=\"https:\/\/www.organisator.ch\/en\/management\/2019-07-11\/abwaertstrend-gestoppt-exportstimmung-wieder-im-aufwind\/\" \/>\n<meta property=\"og:locale\" content=\"en_US\" \/>\n<meta property=\"og:type\" content=\"article\" \/>\n<meta property=\"og:title\" content=\"Abw\u00e4rtstrend gestoppt - Exportstimmung wieder im Aufwind\" \/>\n<meta property=\"og:description\" content=\"Gem\u00e4ss der aktuellen Umfrage von Switzerland Global Enterprise (S-GE) zur Exportstimmung erwarten 49% aller KMU steigende Exporte f\u00fcr das 3. Quartal 2019.\" \/>\n<meta property=\"og:url\" content=\"https:\/\/www.organisator.ch\/en\/management\/2019-07-11\/abwaertstrend-gestoppt-exportstimmung-wieder-im-aufwind\/\" \/>\n<meta property=\"og:site_name\" content=\"Organisator\" \/>\n<meta property=\"article:publisher\" content=\"https:\/\/www.facebook.com\/OrganisatorFachmagazin\" \/>\n<meta property=\"article:published_time\" content=\"2019-07-11T14:06:32+00:00\" \/>\n<meta property=\"og:image\" content=\"https:\/\/www.organisator.ch\/wp-content\/uploads\/2019\/07\/Abwaertstrend-gestoppt-Exportstimmung-wieder-im-Aufwind_Organisator.jpg\" \/>\n\t<meta property=\"og:image:width\" content=\"680\" \/>\n\t<meta property=\"og:image:height\" content=\"381\" \/>\n\t<meta property=\"og:image:type\" content=\"image\/jpeg\" \/>\n<meta name=\"author\" content=\"thomas.berner\" \/>\n<meta name=\"twitter:card\" content=\"summary_large_image\" \/>\n<meta name=\"twitter:title\" content=\"#Abw\u00e4rtstrend gestoppt - #Exportstimmung wieder im Aufwind\" \/>\n<meta name=\"twitter:description\" content=\"Gem\u00e4ss der aktuellen Umfrage von Switzerland Global Enterprise (#S-GE) zur #Exportstimmung erwarten 49% aller KMU steigende Exporte f\u00fcr das 3. Quartal 2019.\" \/>\n<meta name=\"twitter:image\" content=\"https:\/\/www.organisator.ch\/wp-content\/uploads\/2019\/07\/Abw\u00e4rtstrend-gestoppt-Exportstimmung-wieder-im-Aufwind_Organisator.jpg\" \/>\n<script type=\"application\/ld+json\" class=\"yoast-schema-graph\">{\"@context\":\"https:\\\/\\\/schema.org\",\"@graph\":[{\"@type\":\"Article\",\"@id\":\"https:\\\/\\\/www.organisator.ch\\\/management\\\/2019-07-11\\\/abwaertstrend-gestoppt-exportstimmung-wieder-im-aufwind\\\/#article\",\"isPartOf\":{\"@id\":\"https:\\\/\\\/www.organisator.ch\\\/management\\\/2019-07-11\\\/abwaertstrend-gestoppt-exportstimmung-wieder-im-aufwind\\\/\"},\"author\":{\"name\":\"thomas.berner\",\"@id\":\"https:\\\/\\\/www.organisator.ch\\\/#\\\/schema\\\/person\\\/6f650f90b2842cd4c0cc334b4e36f67e\"},\"headline\":\"Abw\u00e4rtstrend gestoppt &#8211; Exportstimmung wieder im Aufwind\",\"datePublished\":\"2019-07-11T14:06:32+00:00\",\"mainEntityOfPage\":{\"@id\":\"https:\\\/\\\/www.organisator.ch\\\/management\\\/2019-07-11\\\/abwaertstrend-gestoppt-exportstimmung-wieder-im-aufwind\\\/\"},\"wordCount\":381,\"commentCount\":0,\"publisher\":{\"@id\":\"https:\\\/\\\/www.organisator.ch\\\/#organization\"},\"image\":{\"@id\":\"https:\\\/\\\/www.organisator.ch\\\/management\\\/2019-07-11\\\/abwaertstrend-gestoppt-exportstimmung-wieder-im-aufwind\\\/#primaryimage\"},\"thumbnailUrl\":\"https:\\\/\\\/www.organisator.ch\\\/wp-content\\\/uploads\\\/2019\\\/07\\\/Abwaertstrend-gestoppt-Exportstimmung-wieder-im-Aufwind_Organisator.jpg\",\"keywords\":[\"Aussenwirtschaft\",\"Export\",\"Management und Unternehmensf\u00fchrung\",\"Statistik\"],\"articleSection\":[\"MANAGEMENT\"],\"inLanguage\":\"en-US\"},{\"@type\":\"WebPage\",\"@id\":\"https:\\\/\\\/www.organisator.ch\\\/management\\\/2019-07-11\\\/abwaertstrend-gestoppt-exportstimmung-wieder-im-aufwind\\\/\",\"url\":\"https:\\\/\\\/www.organisator.ch\\\/management\\\/2019-07-11\\\/abwaertstrend-gestoppt-exportstimmung-wieder-im-aufwind\\\/\",\"name\":\"Abw\u00e4rtstrend gestoppt - Exportstimmung wieder im Aufwind - Organisator\",\"isPartOf\":{\"@id\":\"https:\\\/\\\/www.organisator.ch\\\/#website\"},\"primaryImageOfPage\":{\"@id\":\"https:\\\/\\\/www.organisator.ch\\\/management\\\/2019-07-11\\\/abwaertstrend-gestoppt-exportstimmung-wieder-im-aufwind\\\/#primaryimage\"},\"image\":{\"@id\":\"https:\\\/\\\/www.organisator.ch\\\/management\\\/2019-07-11\\\/abwaertstrend-gestoppt-exportstimmung-wieder-im-aufwind\\\/#primaryimage\"},\"thumbnailUrl\":\"https:\\\/\\\/www.organisator.ch\\\/wp-content\\\/uploads\\\/2019\\\/07\\\/Abwaertstrend-gestoppt-Exportstimmung-wieder-im-Aufwind_Organisator.jpg\",\"datePublished\":\"2019-07-11T14:06:32+00:00\",\"description\":\"Gem\u00e4ss der aktuellen Umfrage von Switzerland Global Enterprise (S-GE) zur Exportstimmung erwarten 49% aller KMU steigende Exporte f\u00fcr das 3. Quartal 2019.\",\"breadcrumb\":{\"@id\":\"https:\\\/\\\/www.organisator.ch\\\/management\\\/2019-07-11\\\/abwaertstrend-gestoppt-exportstimmung-wieder-im-aufwind\\\/#breadcrumb\"},\"inLanguage\":\"en-US\",\"potentialAction\":[{\"@type\":\"ReadAction\",\"target\":[\"https:\\\/\\\/www.organisator.ch\\\/management\\\/2019-07-11\\\/abwaertstrend-gestoppt-exportstimmung-wieder-im-aufwind\\\/\"]}]},{\"@type\":\"ImageObject\",\"inLanguage\":\"en-US\",\"@id\":\"https:\\\/\\\/www.organisator.ch\\\/management\\\/2019-07-11\\\/abwaertstrend-gestoppt-exportstimmung-wieder-im-aufwind\\\/#primaryimage\",\"url\":\"https:\\\/\\\/www.organisator.ch\\\/wp-content\\\/uploads\\\/2019\\\/07\\\/Abwaertstrend-gestoppt-Exportstimmung-wieder-im-Aufwind_Organisator.jpg\",\"contentUrl\":\"https:\\\/\\\/www.organisator.ch\\\/wp-content\\\/uploads\\\/2019\\\/07\\\/Abwaertstrend-gestoppt-Exportstimmung-wieder-im-Aufwind_Organisator.jpg\",\"width\":680,\"height\":381,\"caption\":\"Der Abw\u00e4rtstrend scheint gestoppt, die Exportstimmung bei Schweizer Unternehmen bessert sich. (Bild: Switzerland Global Enterprise)\"},{\"@type\":\"BreadcrumbList\",\"@id\":\"https:\\\/\\\/www.organisator.ch\\\/management\\\/2019-07-11\\\/abwaertstrend-gestoppt-exportstimmung-wieder-im-aufwind\\\/#breadcrumb\",\"itemListElement\":[{\"@type\":\"ListItem\",\"position\":1,\"name\":\"Home\",\"item\":\"https:\\\/\\\/www.organisator.ch\\\/\"},{\"@type\":\"ListItem\",\"position\":2,\"name\":\"Abw\u00e4rtstrend gestoppt &#8211; Exportstimmung wieder im Aufwind\"}]},{\"@type\":\"WebSite\",\"@id\":\"https:\\\/\\\/www.organisator.ch\\\/#website\",\"url\":\"https:\\\/\\\/www.organisator.ch\\\/\",\"name\":\"Organisator\",\"description\":\"Kompetent. Praxisnah. Der ORGANISATOR bereitet in 10 Ausgaben pro Jahr die wesentlichen Themen f\u00fcr F\u00fchrungskr\u00e4fte von KMU auf.\",\"publisher\":{\"@id\":\"https:\\\/\\\/www.organisator.ch\\\/#organization\"},\"potentialAction\":[{\"@type\":\"SearchAction\",\"target\":{\"@type\":\"EntryPoint\",\"urlTemplate\":\"https:\\\/\\\/www.organisator.ch\\\/?s={search_term_string}\"},\"query-input\":{\"@type\":\"PropertyValueSpecification\",\"valueRequired\":true,\"valueName\":\"search_term_string\"}}],\"inLanguage\":\"en-US\"},{\"@type\":\"Organization\",\"@id\":\"https:\\\/\\\/www.organisator.ch\\\/#organization\",\"name\":\"Organisator\",\"url\":\"https:\\\/\\\/www.organisator.ch\\\/\",\"logo\":{\"@type\":\"ImageObject\",\"inLanguage\":\"en-US\",\"@id\":\"https:\\\/\\\/www.organisator.ch\\\/#\\\/schema\\\/logo\\\/image\\\/\",\"url\":\"https:\\\/\\\/www.organisator.ch\\\/wp-content\\\/uploads\\\/2022\\\/01\\\/Logo_Organisator_Website.png\",\"contentUrl\":\"https:\\\/\\\/www.organisator.ch\\\/wp-content\\\/uploads\\\/2022\\\/01\\\/Logo_Organisator_Website.png\",\"width\":800,\"height\":77,\"caption\":\"Organisator\"},\"image\":{\"@id\":\"https:\\\/\\\/www.organisator.ch\\\/#\\\/schema\\\/logo\\\/image\\\/\"},\"sameAs\":[\"https:\\\/\\\/www.facebook.com\\\/OrganisatorFachmagazin\",\"https:\\\/\\\/www.linkedin.com\\\/showcase\\\/organisator-das-magazin-fr-kmu\",\"https:\\\/\\\/www.xing.com\\\/news\\\/pages\\\/organisator-ch-695\",\"https:\\\/\\\/www.youtube.com\\\/channel\\\/UCGP2Sq0iWaZwT3BdIAQFYpw\"]},{\"@type\":\"Person\",\"@id\":\"https:\\\/\\\/www.organisator.ch\\\/#\\\/schema\\\/person\\\/6f650f90b2842cd4c0cc334b4e36f67e\",\"name\":\"thomas.berner\",\"image\":{\"@type\":\"ImageObject\",\"inLanguage\":\"en-US\",\"@id\":\"https:\\\/\\\/secure.gravatar.com\\\/avatar\\\/ac5001d2a36cb6c6cd3e50789007ffca834b477b74a2144564522e944eabff61?s=96&d=mm&r=g\",\"url\":\"https:\\\/\\\/secure.gravatar.com\\\/avatar\\\/ac5001d2a36cb6c6cd3e50789007ffca834b477b74a2144564522e944eabff61?s=96&d=mm&r=g\",\"contentUrl\":\"https:\\\/\\\/secure.gravatar.com\\\/avatar\\\/ac5001d2a36cb6c6cd3e50789007ffca834b477b74a2144564522e944eabff61?s=96&d=mm&r=g\",\"caption\":\"thomas.berner\"},\"url\":\"https:\\\/\\\/www.organisator.ch\\\/en\\\/author\\\/thomas-berner\\\/\"}]}<\/script>\n<!-- \/ Yoast SEO plugin. -->","yoast_head_json":{"title":"Downward trend stopped - export sentiment on the upswing again - Organizer","description":"According to the latest Switzerland Global Enterprise (S-GE) export sentiment survey, 49% of all SMEs expect exports to increase in Q3 2019.","robots":{"index":"index","follow":"follow","max-snippet":"max-snippet:-1","max-image-preview":"max-image-preview:large","max-video-preview":"max-video-preview:-1"},"canonical":"https:\/\/www.organisator.ch\/en\/management\/2019-07-11\/abwaertstrend-gestoppt-exportstimmung-wieder-im-aufwind\/","og_locale":"en_US","og_type":"article","og_title":"Abw\u00e4rtstrend gestoppt - Exportstimmung wieder im Aufwind","og_description":"Gem\u00e4ss der aktuellen Umfrage von Switzerland Global Enterprise (S-GE) zur Exportstimmung erwarten 49% aller KMU steigende Exporte f\u00fcr das 3. Quartal 2019.","og_url":"https:\/\/www.organisator.ch\/en\/management\/2019-07-11\/abwaertstrend-gestoppt-exportstimmung-wieder-im-aufwind\/","og_site_name":"Organisator","article_publisher":"https:\/\/www.facebook.com\/OrganisatorFachmagazin","article_published_time":"2019-07-11T14:06:32+00:00","og_image":[{"width":680,"height":381,"url":"https:\/\/www.organisator.ch\/wp-content\/uploads\/2019\/07\/Abwaertstrend-gestoppt-Exportstimmung-wieder-im-Aufwind_Organisator.jpg","type":"image\/jpeg"}],"author":"thomas.berner","twitter_card":"summary_large_image","twitter_title":"#Abw\u00e4rtstrend gestoppt - #Exportstimmung wieder im Aufwind","twitter_description":"Gem\u00e4ss der aktuellen Umfrage von Switzerland Global Enterprise (#S-GE) zur #Exportstimmung erwarten 49% aller KMU steigende Exporte f\u00fcr das 3. Quartal 2019.","twitter_image":"https:\/\/www.organisator.ch\/wp-content\/uploads\/2019\/07\/Abw\u00e4rtstrend-gestoppt-Exportstimmung-wieder-im-Aufwind_Organisator.jpg","schema":{"@context":"https:\/\/schema.org","@graph":[{"@type":"Article","@id":"https:\/\/www.organisator.ch\/management\/2019-07-11\/abwaertstrend-gestoppt-exportstimmung-wieder-im-aufwind\/#article","isPartOf":{"@id":"https:\/\/www.organisator.ch\/management\/2019-07-11\/abwaertstrend-gestoppt-exportstimmung-wieder-im-aufwind\/"},"author":{"name":"thomas.berner","@id":"https:\/\/www.organisator.ch\/#\/schema\/person\/6f650f90b2842cd4c0cc334b4e36f67e"},"headline":"Abw\u00e4rtstrend gestoppt &#8211; Exportstimmung wieder im Aufwind","datePublished":"2019-07-11T14:06:32+00:00","mainEntityOfPage":{"@id":"https:\/\/www.organisator.ch\/management\/2019-07-11\/abwaertstrend-gestoppt-exportstimmung-wieder-im-aufwind\/"},"wordCount":381,"commentCount":0,"publisher":{"@id":"https:\/\/www.organisator.ch\/#organization"},"image":{"@id":"https:\/\/www.organisator.ch\/management\/2019-07-11\/abwaertstrend-gestoppt-exportstimmung-wieder-im-aufwind\/#primaryimage"},"thumbnailUrl":"https:\/\/www.organisator.ch\/wp-content\/uploads\/2019\/07\/Abwaertstrend-gestoppt-Exportstimmung-wieder-im-Aufwind_Organisator.jpg","keywords":["Aussenwirtschaft","Export","Management und Unternehmensf\u00fchrung","Statistik"],"articleSection":["MANAGEMENT"],"inLanguage":"en-US"},{"@type":"WebPage","@id":"https:\/\/www.organisator.ch\/management\/2019-07-11\/abwaertstrend-gestoppt-exportstimmung-wieder-im-aufwind\/","url":"https:\/\/www.organisator.ch\/management\/2019-07-11\/abwaertstrend-gestoppt-exportstimmung-wieder-im-aufwind\/","name":"Downward trend stopped - export sentiment on the upswing again - Organizer","isPartOf":{"@id":"https:\/\/www.organisator.ch\/#website"},"primaryImageOfPage":{"@id":"https:\/\/www.organisator.ch\/management\/2019-07-11\/abwaertstrend-gestoppt-exportstimmung-wieder-im-aufwind\/#primaryimage"},"image":{"@id":"https:\/\/www.organisator.ch\/management\/2019-07-11\/abwaertstrend-gestoppt-exportstimmung-wieder-im-aufwind\/#primaryimage"},"thumbnailUrl":"https:\/\/www.organisator.ch\/wp-content\/uploads\/2019\/07\/Abwaertstrend-gestoppt-Exportstimmung-wieder-im-Aufwind_Organisator.jpg","datePublished":"2019-07-11T14:06:32+00:00","description":"According to the latest Switzerland Global Enterprise (S-GE) export sentiment survey, 49% of all SMEs expect exports to increase in Q3 2019.","breadcrumb":{"@id":"https:\/\/www.organisator.ch\/management\/2019-07-11\/abwaertstrend-gestoppt-exportstimmung-wieder-im-aufwind\/#breadcrumb"},"inLanguage":"en-US","potentialAction":[{"@type":"ReadAction","target":["https:\/\/www.organisator.ch\/management\/2019-07-11\/abwaertstrend-gestoppt-exportstimmung-wieder-im-aufwind\/"]}]},{"@type":"ImageObject","inLanguage":"en-US","@id":"https:\/\/www.organisator.ch\/management\/2019-07-11\/abwaertstrend-gestoppt-exportstimmung-wieder-im-aufwind\/#primaryimage","url":"https:\/\/www.organisator.ch\/wp-content\/uploads\/2019\/07\/Abwaertstrend-gestoppt-Exportstimmung-wieder-im-Aufwind_Organisator.jpg","contentUrl":"https:\/\/www.organisator.ch\/wp-content\/uploads\/2019\/07\/Abwaertstrend-gestoppt-Exportstimmung-wieder-im-Aufwind_Organisator.jpg","width":680,"height":381,"caption":"Der Abw\u00e4rtstrend scheint gestoppt, die Exportstimmung bei Schweizer Unternehmen bessert sich. (Bild: Switzerland Global Enterprise)"},{"@type":"BreadcrumbList","@id":"https:\/\/www.organisator.ch\/management\/2019-07-11\/abwaertstrend-gestoppt-exportstimmung-wieder-im-aufwind\/#breadcrumb","itemListElement":[{"@type":"ListItem","position":1,"name":"Home","item":"https:\/\/www.organisator.ch\/"},{"@type":"ListItem","position":2,"name":"Abw\u00e4rtstrend gestoppt &#8211; Exportstimmung wieder im Aufwind"}]},{"@type":"WebSite","@id":"https:\/\/www.organisator.ch\/#website","url":"https:\/\/www.organisator.ch\/","name":"Organizer","description":"Competent. Practical. In 10 issues per year, ORGANISATOR presents the essential topics for managers of SMEs.","publisher":{"@id":"https:\/\/www.organisator.ch\/#organization"},"potentialAction":[{"@type":"SearchAction","target":{"@type":"EntryPoint","urlTemplate":"https:\/\/www.organisator.ch\/?s={search_term_string}"},"query-input":{"@type":"PropertyValueSpecification","valueRequired":true,"valueName":"search_term_string"}}],"inLanguage":"en-US"},{"@type":"Organization","@id":"https:\/\/www.organisator.ch\/#organization","name":"Organizer","url":"https:\/\/www.organisator.ch\/","logo":{"@type":"ImageObject","inLanguage":"en-US","@id":"https:\/\/www.organisator.ch\/#\/schema\/logo\/image\/","url":"https:\/\/www.organisator.ch\/wp-content\/uploads\/2022\/01\/Logo_Organisator_Website.png","contentUrl":"https:\/\/www.organisator.ch\/wp-content\/uploads\/2022\/01\/Logo_Organisator_Website.png","width":800,"height":77,"caption":"Organisator"},"image":{"@id":"https:\/\/www.organisator.ch\/#\/schema\/logo\/image\/"},"sameAs":["https:\/\/www.facebook.com\/OrganisatorFachmagazin","https:\/\/www.linkedin.com\/showcase\/organisator-das-magazin-fr-kmu","https:\/\/www.xing.com\/news\/pages\/organisator-ch-695","https:\/\/www.youtube.com\/channel\/UCGP2Sq0iWaZwT3BdIAQFYpw"]},{"@type":"Person","@id":"https:\/\/www.organisator.ch\/#\/schema\/person\/6f650f90b2842cd4c0cc334b4e36f67e","name":"thomas.berner","image":{"@type":"ImageObject","inLanguage":"en-US","@id":"https:\/\/secure.gravatar.com\/avatar\/ac5001d2a36cb6c6cd3e50789007ffca834b477b74a2144564522e944eabff61?s=96&d=mm&r=g","url":"https:\/\/secure.gravatar.com\/avatar\/ac5001d2a36cb6c6cd3e50789007ffca834b477b74a2144564522e944eabff61?s=96&d=mm&r=g","contentUrl":"https:\/\/secure.gravatar.com\/avatar\/ac5001d2a36cb6c6cd3e50789007ffca834b477b74a2144564522e944eabff61?s=96&d=mm&r=g","caption":"thomas.berner"},"url":"https:\/\/www.organisator.ch\/en\/author\/thomas-berner\/"}]}},"_links":{"self":[{"href":"https:\/\/www.organisator.ch\/en\/wp-json\/wp\/v2\/posts\/5539","targetHints":{"allow":["GET"]}}],"collection":[{"href":"https:\/\/www.organisator.ch\/en\/wp-json\/wp\/v2\/posts"}],"about":[{"href":"https:\/\/www.organisator.ch\/en\/wp-json\/wp\/v2\/types\/post"}],"author":[{"embeddable":true,"href":"https:\/\/www.organisator.ch\/en\/wp-json\/wp\/v2\/users\/4"}],"replies":[{"embeddable":true,"href":"https:\/\/www.organisator.ch\/en\/wp-json\/wp\/v2\/comments?post=5539"}],"version-history":[{"count":0,"href":"https:\/\/www.organisator.ch\/en\/wp-json\/wp\/v2\/posts\/5539\/revisions"}],"wp:featuredmedia":[{"embeddable":true,"href":"https:\/\/www.organisator.ch\/en\/wp-json\/wp\/v2\/media\/5540"}],"wp:attachment":[{"href":"https:\/\/www.organisator.ch\/en\/wp-json\/wp\/v2\/media?parent=5539"}],"wp:term":[{"taxonomy":"category","embeddable":true,"href":"https:\/\/www.organisator.ch\/en\/wp-json\/wp\/v2\/categories?post=5539"},{"taxonomy":"post_tag","embeddable":true,"href":"https:\/\/www.organisator.ch\/en\/wp-json\/wp\/v2\/tags?post=5539"}],"curies":[{"name":"wp","href":"https:\/\/api.w.org\/{rel}","templated":true}]}}