{"id":5542,"date":"2019-07-12T10:52:54","date_gmt":"2019-07-12T08:52:54","guid":{"rendered":"https:\/\/www.organisator.ch\/?p=5542"},"modified":"2019-07-12T10:52:54","modified_gmt":"2019-07-12T08:52:54","slug":"die-schweiz-als-europaeisches-ki-epizentrum","status":"publish","type":"post","link":"https:\/\/www.organisator.ch\/en\/management\/it\/2019-07-12\/die-schweiz-als-europaeisches-ki-epizentrum\/","title":{"rendered":"Switzerland as a European AI epicenter"},"content":{"rendered":"<figure id=\"attachment_5543\" aria-describedby=\"caption-attachment-5543\" style=\"width: 680px\" class=\"wp-caption alignnone\"><img loading=\"lazy\" decoding=\"async\" class=\"size-medium wp-image-5543\" src=\"https:\/\/www.organisator.ch\/wp-content\/uploads\/2019\/07\/Die-Schweiz-als-europaeisches-KI-Epizentrum-1_Organisator.jpg\" alt=\"\" width=\"680\" height=\"455\" srcset=\"https:\/\/www.organisator.ch\/wp-content\/uploads\/2019\/07\/Die-Schweiz-als-europaeisches-KI-Epizentrum-1_Organisator.jpg 680w, https:\/\/www.organisator.ch\/wp-content\/uploads\/2019\/07\/Die-Schweiz-als-europaeisches-KI-Epizentrum-1_Organisator-16x12.jpg 16w, https:\/\/www.organisator.ch\/wp-content\/uploads\/2019\/07\/Die-Schweiz-als-europaeisches-KI-Epizentrum-1_Organisator-262x175.jpg 262w, https:\/\/www.organisator.ch\/wp-content\/uploads\/2019\/07\/Die-Schweiz-als-europaeisches-KI-Epizentrum-1_Organisator-523x350.jpg 523w, https:\/\/www.organisator.ch\/wp-content\/uploads\/2019\/07\/Die-Schweiz-als-europaeisches-KI-Epizentrum-1_Organisator-300x201.jpg 300w\" sizes=\"auto, (max-width: 680px) 100vw, 680px\" \/><figcaption id=\"caption-attachment-5543\" class=\"wp-caption-text\">Laurels from Germany: Switzerland is the AI epicenter in Europe, a hotspot for artificial intelligence. (Image: Pixabay.com)<\/figcaption><\/figure>\n<p>\"I don't believe in science fiction, I believe in solutions that make people's lives better and can be integrated into business in a way that makes economic sense,\" says Andy Fitze. The pioneer in artificial intelligence (AI) and co-founder of the company SwissCognitive, which defines itself as a global AI hub and brings together companies around this important future topic, was the keynote speaker at the Swiss Business Lunch at the Swiss Embassy in Berlin. Nearly 100 experts gathered there to talk about the future of AI and the prospects for Switzerland as a business location. The unanimous conclusion: Switzerland is a European AI epicenter and a role model for the rest of Europe.<\/p>\n<h2>As an AI epicenter on a par with Israel, China and the USA<\/h2>\n<p>\"Hundreds of startups are operating in Switzerland, shaping the future,\" Britta Thiele-Klapproth informs the entrepreneurs in attendance. Thiele-Klapproth is the head of Swiss Hub Germany, Switzerland's official business development agency in Germany. World-leading universities, attraction for skilled workers from all over the world and a very business and innovation-friendly administration from the municipality to the Federal Council are attested to the Eigenossen - also by the AI and IT experts who attended the Swiss Business Lunch as a forum for their new business ideas. They say they are on a par with London, Israel, China and the USA on the subject of AI, and are leaders in Europe. Collaborations with Swiss companies and universities, own projects or labs, and investing in a location in Switzerland are usually worthwhile, he said. \"Switzerland generates competitive advantages and new markets,\" says Thiele-Klapproth, who accompanies dozens of companies on their way to Switzerland every year and establishes valuable contacts locally.<\/p>\n<h2>Not science fiction, but practical applications<\/h2>\n<p>In addition to technological issues and possible applications of AI in practice, for example in industry, in the areas of traffic, transport and logistics, or in social services, the Swiss Business Lunch also addressed ethics. \"We don't have to fear AI. There has always been technological change, ever since the invention of the steam engine. Some people have always feared they would no longer be needed. And always, the quality of life and the need for skilled workers grew instead. AI makes people's lives better, even those who have had to put up with economic or regional disadvantages. Most fears are unfounded,\" says Fitze. Of course, individuals will have to adapt and learn new skills. But that has always been the case. The fact is, thanks to AI, humans will be able to free themselves from tedious routine tasks and instead focus on what makes them tick: creativity, potential development and humanity. \"We are a long way from the machine mastermind today. It is not even remotely foreseeable that we will one day be guided and determined by self-learning machines. No one is researching that either. It simply doesn't make sense,\" says the Swiss entrepreneur and AI professional.<\/p>\n<figure id=\"attachment_5544\" aria-describedby=\"caption-attachment-5544\" style=\"width: 680px\" class=\"wp-caption alignnone\"><img loading=\"lazy\" decoding=\"async\" class=\"size-medium wp-image-5544\" src=\"https:\/\/www.organisator.ch\/wp-content\/uploads\/2019\/07\/Die-Schweiz-als-europaeisches-KI-Epizentrum-2_Organisator.jpg\" alt=\"\" width=\"680\" height=\"358\" srcset=\"https:\/\/www.organisator.ch\/wp-content\/uploads\/2019\/07\/Die-Schweiz-als-europaeisches-KI-Epizentrum-2_Organisator.jpg 680w, https:\/\/www.organisator.ch\/wp-content\/uploads\/2019\/07\/Die-Schweiz-als-europaeisches-KI-Epizentrum-2_Organisator-16x8.jpg 16w, https:\/\/www.organisator.ch\/wp-content\/uploads\/2019\/07\/Die-Schweiz-als-europaeisches-KI-Epizentrum-2_Organisator-332x175.jpg 332w, https:\/\/www.organisator.ch\/wp-content\/uploads\/2019\/07\/Die-Schweiz-als-europaeisches-KI-Epizentrum-2_Organisator-665x350.jpg 665w, https:\/\/www.organisator.ch\/wp-content\/uploads\/2019\/07\/Die-Schweiz-als-europaeisches-KI-Epizentrum-2_Organisator-300x158.jpg 300w\" sizes=\"auto, (max-width: 680px) 100vw, 680px\" \/><figcaption id=\"caption-attachment-5544\" class=\"wp-caption-text\">Britta Thiele-Klapproth, head of Swiss Hub Germany, Switzerland's official business development agency in Germany, and Andy Fitze, a pioneer in artificial intelligence (AI) and co-founder of the company SwissCognitiv. (Image: zVg)<\/figcaption><\/figure>\n<p>Instead, he said, new AI solutions are constantly being developed that serve people. As examples, he cited the diagnosis of diseases and their cure, more humane agriculture, or assistance systems that can also be operated by disabled people and make them more mobile. \"We will see AI in all industrial and commercial areas,\" Andy Fitze is certain. It will change, simplify and optimize all of our daily lives - according to the individual's wishes. Only then will the technology be accepted and only then will it pay off. \"Without demand, there is no supply. We are the ones who decide which solutions come and which don't,\" he says with conviction.<\/p>\n<h2>IT is the past...<\/h2>\n<p>Fitze tells companies to \"stop investing in IT!\" IT is a thing of the past. Unfortunately, most companies still put a lot of money into an IT department, which is \"glorified as the eierlegende Wollmilchsau.\" The IT department, he said, is responsible for everything from the email server to the network, telephony, support, enterprise applications, technologies, enterprise architecture and best practices in project management. \"It's all just administration. Past. Preservation.\" After all, he said, in-house IT can't even meet modern demands. Instead, he said, there is an urgent need to invest in external solutions and applications, in professional service providers and developers who understand the future. \"The future is AI, blockchain, automation and much more,\" he says, noting, \"In Switzerland, this future has already begun in very many places.\"<\/p>\n<p>Britta Thiele-Klapproth is also convinced of this: \"The AI landscape in Switzerland is developing solutions for people. The companies and their innovations have the potential to positively change the world.\" Humanity and business, market potential and quality of life are the hallmarks of Switzerland, she said. This combination attracts companies and professionals and forms the economic and ethical basis for the success of Switzerland as an AI location.<\/p>\n<p><em>Source: <\/em><a href=\"https:\/\/www.s-ge.com\/de\" target=\"_blank\" rel=\"noopener\"><em>https:\/\/www.s-ge.com\/de<\/em><\/a><\/p>","protected":false},"excerpt":{"rendered":"<p>\u201eIch glaube nicht an Science-Fiction, ich glaube an L\u00f6sungen, die das Leben der Menschen besser machen und sich wirtschaftlich sinnvoll ins Business integrieren lassen\u201c, sagt Andy Fitze. Der Pionier in Sachen K\u00fcnstliche Intelligenz (KI) und Mitgr\u00fcnder der Firma SwissCognitive, die sich als globaler KI-Hub definiert und Unternehmen rund um dieses wichtige Zukunftsthema zusammenbringt, war Hauptredner [&hellip;]<\/p>\n","protected":false},"author":4,"featured_media":5543,"comment_status":"open","ping_status":"open","sticky":false,"template":"","format":"standard","meta":{"_acf_changed":false,"_yoast_wpseo_focuskw":"KI-Epizentrum","_yoast_wpseo_metadesc":"Beim Expertentreffen in der Schweizer Botschaft in Berlin glaubt man nicht an das maschinelle Superhirn. \u201eWer in IT investiert, verschl\u00e4ft die Zukunft\u201c.","articlekey":"","footnotes":""},"categories":[27],"tags":[156,286,319,451,502],"class_list":["post-5542","post","type-post","status-publish","format-standard","has-post-thumbnail","hentry","category-it","tag-digitalisierung","tag-it","tag-kuenstliche-intelligenz","tag-startups","tag-veranstaltungen"],"acf":[],"yoast_head":"<!-- This site is optimized with the Yoast SEO plugin v27.5 - https:\/\/yoast.com\/product\/yoast-seo-wordpress\/ -->\n<title>Die Schweiz als europ\u00e4isches KI-Epizentrum - Organisator<\/title>\n<meta name=\"description\" content=\"Beim Expertentreffen in der Schweizer Botschaft in Berlin glaubt man nicht an das maschinelle Superhirn. \u201eWer in IT investiert, verschl\u00e4ft die Zukunft\u201c.\" \/>\n<meta name=\"robots\" content=\"index, follow, max-snippet:-1, max-image-preview:large, max-video-preview:-1\" \/>\n<link rel=\"canonical\" href=\"https:\/\/www.organisator.ch\/en\/management\/it\/2019-07-12\/die-schweiz-als-europaeisches-ki-epizentrum\/\" \/>\n<meta property=\"og:locale\" content=\"en_US\" \/>\n<meta property=\"og:type\" content=\"article\" \/>\n<meta property=\"og:title\" content=\"Die Schweiz als europ\u00e4isches KI-Epizentrum\" \/>\n<meta property=\"og:description\" content=\"Beim Expertentreffen in der Schweizer Botschaft in Berlin glaubt man nicht an das maschinelle Superhirn. \u201eWer in IT investiert, verschl\u00e4ft die Zukunft\u201c.\" \/>\n<meta property=\"og:url\" content=\"https:\/\/www.organisator.ch\/en\/management\/it\/2019-07-12\/die-schweiz-als-europaeisches-ki-epizentrum\/\" \/>\n<meta property=\"og:site_name\" content=\"Organisator\" \/>\n<meta property=\"article:publisher\" content=\"https:\/\/www.facebook.com\/OrganisatorFachmagazin\" \/>\n<meta property=\"article:published_time\" content=\"2019-07-12T08:52:54+00:00\" \/>\n<meta property=\"og:image\" content=\"https:\/\/www.organisator.ch\/wp-content\/uploads\/2019\/07\/Die-Schweiz-als-europaeisches-KI-Epizentrum-1_Organisator.jpg\" \/>\n\t<meta property=\"og:image:width\" content=\"680\" \/>\n\t<meta property=\"og:image:height\" content=\"455\" \/>\n\t<meta property=\"og:image:type\" content=\"image\/jpeg\" \/>\n<meta name=\"author\" content=\"thomas.berner\" \/>\n<meta name=\"twitter:card\" content=\"summary_large_image\" \/>\n<meta name=\"twitter:title\" content=\"Die #Schweiz als europ\u00e4isches #KI-Epizentrum\" \/>\n<meta name=\"twitter:description\" content=\"Beim #Expertentreffen in der Schweizer Botschaft in Berlin glaubt man nicht an das maschinelle Superhirn. \u201eWer in IT investiert, verschl\u00e4ft die Zukunft\u201c.\" \/>\n<meta name=\"twitter:image\" content=\"https:\/\/www.organisator.ch\/wp-content\/uploads\/2019\/07\/Die-Schweiz-als-europ\u00e4isches-KI-Epizentrum-1_Organisator.jpg\" \/>\n<script type=\"application\/ld+json\" class=\"yoast-schema-graph\">{\"@context\":\"https:\\\/\\\/schema.org\",\"@graph\":[{\"@type\":\"Article\",\"@id\":\"https:\\\/\\\/www.organisator.ch\\\/management\\\/it\\\/2019-07-12\\\/die-schweiz-als-europaeisches-ki-epizentrum\\\/#article\",\"isPartOf\":{\"@id\":\"https:\\\/\\\/www.organisator.ch\\\/management\\\/it\\\/2019-07-12\\\/die-schweiz-als-europaeisches-ki-epizentrum\\\/\"},\"author\":{\"name\":\"thomas.berner\",\"@id\":\"https:\\\/\\\/www.organisator.ch\\\/#\\\/schema\\\/person\\\/6f650f90b2842cd4c0cc334b4e36f67e\"},\"headline\":\"Die Schweiz als europ\u00e4isches KI-Epizentrum\",\"datePublished\":\"2019-07-12T08:52:54+00:00\",\"mainEntityOfPage\":{\"@id\":\"https:\\\/\\\/www.organisator.ch\\\/management\\\/it\\\/2019-07-12\\\/die-schweiz-als-europaeisches-ki-epizentrum\\\/\"},\"wordCount\":862,\"commentCount\":0,\"publisher\":{\"@id\":\"https:\\\/\\\/www.organisator.ch\\\/#organization\"},\"image\":{\"@id\":\"https:\\\/\\\/www.organisator.ch\\\/management\\\/it\\\/2019-07-12\\\/die-schweiz-als-europaeisches-ki-epizentrum\\\/#primaryimage\"},\"thumbnailUrl\":\"https:\\\/\\\/www.organisator.ch\\\/wp-content\\\/uploads\\\/2019\\\/07\\\/Die-Schweiz-als-europaeisches-KI-Epizentrum-1_Organisator.jpg\",\"keywords\":[\"Digitalisierung\",\"IT\",\"K\u00fcnstliche Intelligenz\",\"Startups\",\"Veranstaltungen\"],\"articleSection\":[\"IT\"],\"inLanguage\":\"en-US\"},{\"@type\":\"WebPage\",\"@id\":\"https:\\\/\\\/www.organisator.ch\\\/management\\\/it\\\/2019-07-12\\\/die-schweiz-als-europaeisches-ki-epizentrum\\\/\",\"url\":\"https:\\\/\\\/www.organisator.ch\\\/management\\\/it\\\/2019-07-12\\\/die-schweiz-als-europaeisches-ki-epizentrum\\\/\",\"name\":\"Die Schweiz als europ\u00e4isches KI-Epizentrum - Organisator\",\"isPartOf\":{\"@id\":\"https:\\\/\\\/www.organisator.ch\\\/#website\"},\"primaryImageOfPage\":{\"@id\":\"https:\\\/\\\/www.organisator.ch\\\/management\\\/it\\\/2019-07-12\\\/die-schweiz-als-europaeisches-ki-epizentrum\\\/#primaryimage\"},\"image\":{\"@id\":\"https:\\\/\\\/www.organisator.ch\\\/management\\\/it\\\/2019-07-12\\\/die-schweiz-als-europaeisches-ki-epizentrum\\\/#primaryimage\"},\"thumbnailUrl\":\"https:\\\/\\\/www.organisator.ch\\\/wp-content\\\/uploads\\\/2019\\\/07\\\/Die-Schweiz-als-europaeisches-KI-Epizentrum-1_Organisator.jpg\",\"datePublished\":\"2019-07-12T08:52:54+00:00\",\"description\":\"Beim Expertentreffen in der Schweizer Botschaft in Berlin glaubt man nicht an das maschinelle Superhirn. \u201eWer in IT investiert, verschl\u00e4ft die Zukunft\u201c.\",\"breadcrumb\":{\"@id\":\"https:\\\/\\\/www.organisator.ch\\\/management\\\/it\\\/2019-07-12\\\/die-schweiz-als-europaeisches-ki-epizentrum\\\/#breadcrumb\"},\"inLanguage\":\"en-US\",\"potentialAction\":[{\"@type\":\"ReadAction\",\"target\":[\"https:\\\/\\\/www.organisator.ch\\\/management\\\/it\\\/2019-07-12\\\/die-schweiz-als-europaeisches-ki-epizentrum\\\/\"]}]},{\"@type\":\"ImageObject\",\"inLanguage\":\"en-US\",\"@id\":\"https:\\\/\\\/www.organisator.ch\\\/management\\\/it\\\/2019-07-12\\\/die-schweiz-als-europaeisches-ki-epizentrum\\\/#primaryimage\",\"url\":\"https:\\\/\\\/www.organisator.ch\\\/wp-content\\\/uploads\\\/2019\\\/07\\\/Die-Schweiz-als-europaeisches-KI-Epizentrum-1_Organisator.jpg\",\"contentUrl\":\"https:\\\/\\\/www.organisator.ch\\\/wp-content\\\/uploads\\\/2019\\\/07\\\/Die-Schweiz-als-europaeisches-KI-Epizentrum-1_Organisator.jpg\",\"width\":680,\"height\":455,\"caption\":\"Lorbeeren aus Deutschland: Die Schweiz ist in Europa das KI-Epizentrum, ein Hotsport f\u00fcr k\u00fcnstliche Intelligenz. (Bild: Pixabay.com)\"},{\"@type\":\"BreadcrumbList\",\"@id\":\"https:\\\/\\\/www.organisator.ch\\\/management\\\/it\\\/2019-07-12\\\/die-schweiz-als-europaeisches-ki-epizentrum\\\/#breadcrumb\",\"itemListElement\":[{\"@type\":\"ListItem\",\"position\":1,\"name\":\"Home\",\"item\":\"https:\\\/\\\/www.organisator.ch\\\/\"},{\"@type\":\"ListItem\",\"position\":2,\"name\":\"Die Schweiz als europ\u00e4isches KI-Epizentrum\"}]},{\"@type\":\"WebSite\",\"@id\":\"https:\\\/\\\/www.organisator.ch\\\/#website\",\"url\":\"https:\\\/\\\/www.organisator.ch\\\/\",\"name\":\"Organisator\",\"description\":\"Kompetent. Praxisnah. Der ORGANISATOR bereitet in 10 Ausgaben pro Jahr die wesentlichen Themen f\u00fcr F\u00fchrungskr\u00e4fte von KMU auf.\",\"publisher\":{\"@id\":\"https:\\\/\\\/www.organisator.ch\\\/#organization\"},\"potentialAction\":[{\"@type\":\"SearchAction\",\"target\":{\"@type\":\"EntryPoint\",\"urlTemplate\":\"https:\\\/\\\/www.organisator.ch\\\/?s={search_term_string}\"},\"query-input\":{\"@type\":\"PropertyValueSpecification\",\"valueRequired\":true,\"valueName\":\"search_term_string\"}}],\"inLanguage\":\"en-US\"},{\"@type\":\"Organization\",\"@id\":\"https:\\\/\\\/www.organisator.ch\\\/#organization\",\"name\":\"Organisator\",\"url\":\"https:\\\/\\\/www.organisator.ch\\\/\",\"logo\":{\"@type\":\"ImageObject\",\"inLanguage\":\"en-US\",\"@id\":\"https:\\\/\\\/www.organisator.ch\\\/#\\\/schema\\\/logo\\\/image\\\/\",\"url\":\"https:\\\/\\\/www.organisator.ch\\\/wp-content\\\/uploads\\\/2022\\\/01\\\/Logo_Organisator_Website.png\",\"contentUrl\":\"https:\\\/\\\/www.organisator.ch\\\/wp-content\\\/uploads\\\/2022\\\/01\\\/Logo_Organisator_Website.png\",\"width\":800,\"height\":77,\"caption\":\"Organisator\"},\"image\":{\"@id\":\"https:\\\/\\\/www.organisator.ch\\\/#\\\/schema\\\/logo\\\/image\\\/\"},\"sameAs\":[\"https:\\\/\\\/www.facebook.com\\\/OrganisatorFachmagazin\",\"https:\\\/\\\/www.linkedin.com\\\/showcase\\\/organisator-das-magazin-fr-kmu\",\"https:\\\/\\\/www.xing.com\\\/news\\\/pages\\\/organisator-ch-695\",\"https:\\\/\\\/www.youtube.com\\\/channel\\\/UCGP2Sq0iWaZwT3BdIAQFYpw\"]},{\"@type\":\"Person\",\"@id\":\"https:\\\/\\\/www.organisator.ch\\\/#\\\/schema\\\/person\\\/6f650f90b2842cd4c0cc334b4e36f67e\",\"name\":\"thomas.berner\",\"image\":{\"@type\":\"ImageObject\",\"inLanguage\":\"en-US\",\"@id\":\"https:\\\/\\\/secure.gravatar.com\\\/avatar\\\/ac5001d2a36cb6c6cd3e50789007ffca834b477b74a2144564522e944eabff61?s=96&d=mm&r=g\",\"url\":\"https:\\\/\\\/secure.gravatar.com\\\/avatar\\\/ac5001d2a36cb6c6cd3e50789007ffca834b477b74a2144564522e944eabff61?s=96&d=mm&r=g\",\"contentUrl\":\"https:\\\/\\\/secure.gravatar.com\\\/avatar\\\/ac5001d2a36cb6c6cd3e50789007ffca834b477b74a2144564522e944eabff61?s=96&d=mm&r=g\",\"caption\":\"thomas.berner\"},\"url\":\"https:\\\/\\\/www.organisator.ch\\\/en\\\/author\\\/thomas-berner\\\/\"}]}<\/script>\n<!-- \/ Yoast SEO plugin. -->","yoast_head_json":{"title":"Switzerland as a European AI epicenter - Organizer","description":"At the expert meeting at the Swiss Embassy in Berlin, there is no belief in the machine mastermind. \"Anyone who invests in IT is missing out on the future.","robots":{"index":"index","follow":"follow","max-snippet":"max-snippet:-1","max-image-preview":"max-image-preview:large","max-video-preview":"max-video-preview:-1"},"canonical":"https:\/\/www.organisator.ch\/en\/management\/it\/2019-07-12\/die-schweiz-als-europaeisches-ki-epizentrum\/","og_locale":"en_US","og_type":"article","og_title":"Die Schweiz als europ\u00e4isches KI-Epizentrum","og_description":"Beim Expertentreffen in der Schweizer Botschaft in Berlin glaubt man nicht an das maschinelle Superhirn. \u201eWer in IT investiert, verschl\u00e4ft die Zukunft\u201c.","og_url":"https:\/\/www.organisator.ch\/en\/management\/it\/2019-07-12\/die-schweiz-als-europaeisches-ki-epizentrum\/","og_site_name":"Organisator","article_publisher":"https:\/\/www.facebook.com\/OrganisatorFachmagazin","article_published_time":"2019-07-12T08:52:54+00:00","og_image":[{"width":680,"height":455,"url":"https:\/\/www.organisator.ch\/wp-content\/uploads\/2019\/07\/Die-Schweiz-als-europaeisches-KI-Epizentrum-1_Organisator.jpg","type":"image\/jpeg"}],"author":"thomas.berner","twitter_card":"summary_large_image","twitter_title":"Die #Schweiz als europ\u00e4isches #KI-Epizentrum","twitter_description":"Beim #Expertentreffen in der Schweizer Botschaft in Berlin glaubt man nicht an das maschinelle Superhirn. \u201eWer in IT investiert, verschl\u00e4ft die Zukunft\u201c.","twitter_image":"https:\/\/www.organisator.ch\/wp-content\/uploads\/2019\/07\/Die-Schweiz-als-europ\u00e4isches-KI-Epizentrum-1_Organisator.jpg","schema":{"@context":"https:\/\/schema.org","@graph":[{"@type":"Article","@id":"https:\/\/www.organisator.ch\/management\/it\/2019-07-12\/die-schweiz-als-europaeisches-ki-epizentrum\/#article","isPartOf":{"@id":"https:\/\/www.organisator.ch\/management\/it\/2019-07-12\/die-schweiz-als-europaeisches-ki-epizentrum\/"},"author":{"name":"thomas.berner","@id":"https:\/\/www.organisator.ch\/#\/schema\/person\/6f650f90b2842cd4c0cc334b4e36f67e"},"headline":"Die Schweiz als europ\u00e4isches KI-Epizentrum","datePublished":"2019-07-12T08:52:54+00:00","mainEntityOfPage":{"@id":"https:\/\/www.organisator.ch\/management\/it\/2019-07-12\/die-schweiz-als-europaeisches-ki-epizentrum\/"},"wordCount":862,"commentCount":0,"publisher":{"@id":"https:\/\/www.organisator.ch\/#organization"},"image":{"@id":"https:\/\/www.organisator.ch\/management\/it\/2019-07-12\/die-schweiz-als-europaeisches-ki-epizentrum\/#primaryimage"},"thumbnailUrl":"https:\/\/www.organisator.ch\/wp-content\/uploads\/2019\/07\/Die-Schweiz-als-europaeisches-KI-Epizentrum-1_Organisator.jpg","keywords":["Digitalisierung","IT","K\u00fcnstliche Intelligenz","Startups","Veranstaltungen"],"articleSection":["IT"],"inLanguage":"en-US"},{"@type":"WebPage","@id":"https:\/\/www.organisator.ch\/management\/it\/2019-07-12\/die-schweiz-als-europaeisches-ki-epizentrum\/","url":"https:\/\/www.organisator.ch\/management\/it\/2019-07-12\/die-schweiz-als-europaeisches-ki-epizentrum\/","name":"Switzerland as a European AI epicenter - Organizer","isPartOf":{"@id":"https:\/\/www.organisator.ch\/#website"},"primaryImageOfPage":{"@id":"https:\/\/www.organisator.ch\/management\/it\/2019-07-12\/die-schweiz-als-europaeisches-ki-epizentrum\/#primaryimage"},"image":{"@id":"https:\/\/www.organisator.ch\/management\/it\/2019-07-12\/die-schweiz-als-europaeisches-ki-epizentrum\/#primaryimage"},"thumbnailUrl":"https:\/\/www.organisator.ch\/wp-content\/uploads\/2019\/07\/Die-Schweiz-als-europaeisches-KI-Epizentrum-1_Organisator.jpg","datePublished":"2019-07-12T08:52:54+00:00","description":"At the expert meeting at the Swiss Embassy in Berlin, there is no belief in the machine mastermind. \"Anyone who invests in IT is missing out on the future.","breadcrumb":{"@id":"https:\/\/www.organisator.ch\/management\/it\/2019-07-12\/die-schweiz-als-europaeisches-ki-epizentrum\/#breadcrumb"},"inLanguage":"en-US","potentialAction":[{"@type":"ReadAction","target":["https:\/\/www.organisator.ch\/management\/it\/2019-07-12\/die-schweiz-als-europaeisches-ki-epizentrum\/"]}]},{"@type":"ImageObject","inLanguage":"en-US","@id":"https:\/\/www.organisator.ch\/management\/it\/2019-07-12\/die-schweiz-als-europaeisches-ki-epizentrum\/#primaryimage","url":"https:\/\/www.organisator.ch\/wp-content\/uploads\/2019\/07\/Die-Schweiz-als-europaeisches-KI-Epizentrum-1_Organisator.jpg","contentUrl":"https:\/\/www.organisator.ch\/wp-content\/uploads\/2019\/07\/Die-Schweiz-als-europaeisches-KI-Epizentrum-1_Organisator.jpg","width":680,"height":455,"caption":"Lorbeeren aus Deutschland: Die Schweiz ist in Europa das KI-Epizentrum, ein Hotsport f\u00fcr k\u00fcnstliche Intelligenz. (Bild: Pixabay.com)"},{"@type":"BreadcrumbList","@id":"https:\/\/www.organisator.ch\/management\/it\/2019-07-12\/die-schweiz-als-europaeisches-ki-epizentrum\/#breadcrumb","itemListElement":[{"@type":"ListItem","position":1,"name":"Home","item":"https:\/\/www.organisator.ch\/"},{"@type":"ListItem","position":2,"name":"Die Schweiz als europ\u00e4isches KI-Epizentrum"}]},{"@type":"WebSite","@id":"https:\/\/www.organisator.ch\/#website","url":"https:\/\/www.organisator.ch\/","name":"Organizer","description":"Competent. Practical. In 10 issues per year, ORGANISATOR presents the essential topics for managers of SMEs.","publisher":{"@id":"https:\/\/www.organisator.ch\/#organization"},"potentialAction":[{"@type":"SearchAction","target":{"@type":"EntryPoint","urlTemplate":"https:\/\/www.organisator.ch\/?s={search_term_string}"},"query-input":{"@type":"PropertyValueSpecification","valueRequired":true,"valueName":"search_term_string"}}],"inLanguage":"en-US"},{"@type":"Organization","@id":"https:\/\/www.organisator.ch\/#organization","name":"Organizer","url":"https:\/\/www.organisator.ch\/","logo":{"@type":"ImageObject","inLanguage":"en-US","@id":"https:\/\/www.organisator.ch\/#\/schema\/logo\/image\/","url":"https:\/\/www.organisator.ch\/wp-content\/uploads\/2022\/01\/Logo_Organisator_Website.png","contentUrl":"https:\/\/www.organisator.ch\/wp-content\/uploads\/2022\/01\/Logo_Organisator_Website.png","width":800,"height":77,"caption":"Organisator"},"image":{"@id":"https:\/\/www.organisator.ch\/#\/schema\/logo\/image\/"},"sameAs":["https:\/\/www.facebook.com\/OrganisatorFachmagazin","https:\/\/www.linkedin.com\/showcase\/organisator-das-magazin-fr-kmu","https:\/\/www.xing.com\/news\/pages\/organisator-ch-695","https:\/\/www.youtube.com\/channel\/UCGP2Sq0iWaZwT3BdIAQFYpw"]},{"@type":"Person","@id":"https:\/\/www.organisator.ch\/#\/schema\/person\/6f650f90b2842cd4c0cc334b4e36f67e","name":"thomas.berner","image":{"@type":"ImageObject","inLanguage":"en-US","@id":"https:\/\/secure.gravatar.com\/avatar\/ac5001d2a36cb6c6cd3e50789007ffca834b477b74a2144564522e944eabff61?s=96&d=mm&r=g","url":"https:\/\/secure.gravatar.com\/avatar\/ac5001d2a36cb6c6cd3e50789007ffca834b477b74a2144564522e944eabff61?s=96&d=mm&r=g","contentUrl":"https:\/\/secure.gravatar.com\/avatar\/ac5001d2a36cb6c6cd3e50789007ffca834b477b74a2144564522e944eabff61?s=96&d=mm&r=g","caption":"thomas.berner"},"url":"https:\/\/www.organisator.ch\/en\/author\/thomas-berner\/"}]}},"_links":{"self":[{"href":"https:\/\/www.organisator.ch\/en\/wp-json\/wp\/v2\/posts\/5542","targetHints":{"allow":["GET"]}}],"collection":[{"href":"https:\/\/www.organisator.ch\/en\/wp-json\/wp\/v2\/posts"}],"about":[{"href":"https:\/\/www.organisator.ch\/en\/wp-json\/wp\/v2\/types\/post"}],"author":[{"embeddable":true,"href":"https:\/\/www.organisator.ch\/en\/wp-json\/wp\/v2\/users\/4"}],"replies":[{"embeddable":true,"href":"https:\/\/www.organisator.ch\/en\/wp-json\/wp\/v2\/comments?post=5542"}],"version-history":[{"count":0,"href":"https:\/\/www.organisator.ch\/en\/wp-json\/wp\/v2\/posts\/5542\/revisions"}],"wp:featuredmedia":[{"embeddable":true,"href":"https:\/\/www.organisator.ch\/en\/wp-json\/wp\/v2\/media\/5543"}],"wp:attachment":[{"href":"https:\/\/www.organisator.ch\/en\/wp-json\/wp\/v2\/media?parent=5542"}],"wp:term":[{"taxonomy":"category","embeddable":true,"href":"https:\/\/www.organisator.ch\/en\/wp-json\/wp\/v2\/categories?post=5542"},{"taxonomy":"post_tag","embeddable":true,"href":"https:\/\/www.organisator.ch\/en\/wp-json\/wp\/v2\/tags?post=5542"}],"curies":[{"name":"wp","href":"https:\/\/api.w.org\/{rel}","templated":true}]}}