{"id":5580,"date":"2019-07-23T14:46:07","date_gmt":"2019-07-23T12:46:07","guid":{"rendered":"https:\/\/www.organisator.ch\/?p=5580"},"modified":"2019-07-23T14:46:07","modified_gmt":"2019-07-23T12:46:07","slug":"so-gelingt-coworking-auf-dem-land","status":"publish","type":"post","link":"https:\/\/www.organisator.ch\/en\/human-resources\/hrm\/2019-07-23\/so-gelingt-coworking-auf-dem-land\/","title":{"rendered":"How coworking succeeds in the countryside"},"content":{"rendered":"<figure id=\"attachment_5582\" aria-describedby=\"caption-attachment-5582\" style=\"width: 680px\" class=\"wp-caption alignnone\"><img loading=\"lazy\" decoding=\"async\" class=\"size-medium wp-image-5582\" src=\"https:\/\/www.organisator.ch\/wp-content\/uploads\/2019\/07\/christian_amstad_brownbageffinger.width-2500.png\" alt=\"\" width=\"680\" height=\"449\" srcset=\"https:\/\/www.organisator.ch\/wp-content\/uploads\/2019\/07\/christian_amstad_brownbageffinger.width-2500.png 2306w, https:\/\/www.organisator.ch\/wp-content\/uploads\/2019\/07\/christian_amstad_brownbageffinger.width-2500-680x449.png 680w, https:\/\/www.organisator.ch\/wp-content\/uploads\/2019\/07\/christian_amstad_brownbageffinger.width-2500-1024x677.png 1024w, https:\/\/www.organisator.ch\/wp-content\/uploads\/2019\/07\/christian_amstad_brownbageffinger.width-2500-768x508.png 768w, https:\/\/www.organisator.ch\/wp-content\/uploads\/2019\/07\/christian_amstad_brownbageffinger.width-2500-1536x1015.png 1536w, https:\/\/www.organisator.ch\/wp-content\/uploads\/2019\/07\/christian_amstad_brownbageffinger.width-2500-2048x1353.png 2048w, https:\/\/www.organisator.ch\/wp-content\/uploads\/2019\/07\/christian_amstad_brownbageffinger.width-2500-16x12.png 16w, https:\/\/www.organisator.ch\/wp-content\/uploads\/2019\/07\/christian_amstad_brownbageffinger.width-2500-265x175.png 265w, https:\/\/www.organisator.ch\/wp-content\/uploads\/2019\/07\/christian_amstad_brownbageffinger.width-2500-530x350.png 530w, https:\/\/www.organisator.ch\/wp-content\/uploads\/2019\/07\/christian_amstad_brownbageffinger.width-2500-1210x800.png 1210w, https:\/\/www.organisator.ch\/wp-content\/uploads\/2019\/07\/christian_amstad_brownbageffinger.width-2500-920x608.png 920w, https:\/\/www.organisator.ch\/wp-content\/uploads\/2019\/07\/christian_amstad_brownbageffinger.width-2500-1400x925.png 1400w, https:\/\/www.organisator.ch\/wp-content\/uploads\/2019\/07\/christian_amstad_brownbageffinger.width-2500-300x198.png 300w\" sizes=\"auto, (max-width: 680px) 100vw, 680px\" \/><figcaption id=\"caption-attachment-5582\" class=\"wp-caption-text\">Chrisitan Amstad explains the key cornerstones for successful co-working in communities. (Image: zVg)<\/figcaption><\/figure>\n<p>A coworking space is a place where work is done. That is, where the work infrastructure is available. But a coworking space is also a place where social interaction takes place and a creative breeding ground emerges. A colorful mix of listening, telling, exchanging, enriching. Similar to Couchsurfing, says Christian Amstad. There are different concepts and goals for coworking spaces. But successful coworking spaces all have one common denominator: utilization. The better a coworking space is utilized, the more successful it is.<\/p>\n<h3>Successful coworking spaces can be recognized by their use<\/h3>\n<p>It's 12:00. On the second floor of the <a href=\"https:\/\/www.effinger.ch\/\">Effinger Coworking Spaces<\/a> no chair is free anymore. Shy crackling of sandwich papers, quiet fork-flipping in take-away containers. Excitement and anticipation build. \"Success factors of coworking spaces in rural and urban communities outside major centers. This is the title of my master's thesis.\" <a href=\"https:\/\/www.linkedin.com\/in\/christian-amstad-1289b915a\/\">Christian Amstad<\/a> begins his brownbag. During the next hour, he enlightens the interested lunch eaters about what he has been using for the last eight months on behalf of VillageOffice for his master's thesis at the <a href=\"https:\/\/www.hslu.ch\/de-ch\/wirtschaft\/\">HSLU Economics<\/a> has been busy. We were there. An insight.<\/p>\n<div class=\"l-block l-block--gutter l-block--row-small l-block--text l-block--spacing l-block--center\">\n<h3>These seven factors help to achieve success<\/h3>\n<div class=\"rich-text\">\n<p>In his master's thesis, Christian Amstad names seven success factors for coworking spaces in rural areas. The first five factors can be influenced. There is hardly any room for maneuver with regard to factors 6 and 7.<\/p>\n<p><b>1 - Jump start<\/b>:<\/p>\n<p>Municipalities, property owners, sponsors and coworking operators can help to reduce operating costs in the start-up phase. For example: reduced rental prices, financial or material support, unpaid work.<\/p>\n<p><b>2 - Personal networking<\/b>:<\/p>\n<p>Network size influences the potential of utilization and lays the foundation for an active community. Personal networking plays a crucial role in rural communities - especially with neighbors.<\/p>\n<p><b>3 - Community:<\/b><\/p>\n<p>A coworking community with shared values ensures minimal utilization of the space. The more rural and smaller a coworking space, the fewer people are needed for a functioning founder group.<\/p>\n<p><b>4 - Motivated people &amp; organizational form<\/b>:<\/p>\n<p>Coworking operators stand up for their region and are intrinsically motivated. They choose a form of organization that allows for the adaptation of framework conditions and the participation of the community.<\/p>\n<p><b>5 - Attractive offer:<\/b><\/p>\n<p>No coworking space survives without a good offer. This includes: Atmosphere, location, access, price-performance, infrastructure.<\/p>\n<p><b>6 - Liberal environment<\/b>:<\/p>\n<p>The greater the basic liberal attitude of a population, the more likely it is to be open to new things and interested in new forms of work.<\/p>\n<p><b>7 - Promote framework conditions<\/b>:<\/p>\n<p>The continued existence and further growth of the coworking industry requires support from politics (promotion of decentralized working) and business (employee branding of companies).<\/p>\n<\/div>\n<\/div>\n<div class=\"l-block l-block--gutter l-block--row-small l-block--text l-block--spacing l-block--center\">\n<h3><\/h3>\n<h3>Video: Presentation master thesis with Christian Amstad at the Brownbag in the <a href=\"https:\/\/www.effinger.ch\/\">Effinger Coworking Space<\/a><\/h3>\n<p><iframe loading=\"lazy\" title=\"Coworking in the countryside | Christian Amstad | Brownbag at Effinger\" width=\"768\" height=\"432\" src=\"https:\/\/www.youtube.com\/embed\/MkJ2ZBtt0v8?feature=oembed\" frameborder=\"0\" allow=\"accelerometer; autoplay; clipboard-write; encrypted-media; gyroscope; picture-in-picture\" allowfullscreen><\/iframe><\/p>\n<\/div>\n<p>&nbsp;<\/p>\n<p>We take away the key takeaways from his master's thesis and look forward to sharing the <a href=\"https:\/\/villageoffice.ch\/de\/ueber-uns\/%C3%BCber-uns\/\">VillageOffice Vision<\/a> further - together with the <a href=\"https:\/\/villageoffice.ch\/de\/angebot\/gemeinde\/\">Communities<\/a>, <a href=\"https:\/\/villageoffice.ch\/de\/angebot\/immobilieneigentuemer\/\">Real estate owners<\/a>, <a href=\"https:\/\/villageoffice.ch\/de\/angebot\/unternehmen\/\">Company<\/a> and <a href=\"https:\/\/villageoffice.ch\/de\/angebot\/coworking-betreiber\/\">Coworkers<\/a>.<\/p>\n<p>&nbsp;<\/p>\n<p>&nbsp;<\/p>","protected":false},"excerpt":{"rendered":"<p>Ein Coworking Space ist ein Ort, an dem gearbeitet wird. Das heisst, an dem die Arbeitsinfrastruktur vorhanden ist. Ein Coworking Space ist aber auch ein Ort, an dem soziale Interaktion stattfindet und ein kreativer N\u00e4hrboden ensteht. Ein bunt durchmischtes Zuh\u00f6ren, Erz\u00e4hlen, Austauschen, Bereichern. \u00c4hnlich wie beim Couchsurfing, meint Christian Amstad. Es gibt unterschiedliche Konzepte und [&hellip;]<\/p>\n","protected":false},"author":5,"featured_media":5582,"comment_status":"open","ping_status":"open","sticky":false,"template":"","format":"standard","meta":{"_acf_changed":false,"_yoast_wpseo_focuskw":"Coworking","_yoast_wpseo_metadesc":"Welches sind die Erfolgsfaktoren von Coworking Spaces ausserhalb von grossen St\u00e4dten? Was zeichnet einen erfolgreichen Coworking Space aus?","articlekey":"","footnotes":""},"categories":[26],"tags":[114,124,231,424],"class_list":["post-5580","post","type-post","status-publish","format-standard","has-post-thumbnail","hentry","category-hrm","tag-checkliste","tag-co-working","tag-gemeinden","tag-schweiz"],"acf":[],"yoast_head":"<!-- This site is optimized with the Yoast SEO plugin v27.5 - https:\/\/yoast.com\/product\/yoast-seo-wordpress\/ -->\n<title>So gelingt Coworking auf dem Land - Organisator<\/title>\n<meta name=\"description\" content=\"Welches sind die Erfolgsfaktoren von Coworking Spaces ausserhalb von grossen St\u00e4dten? Was zeichnet einen erfolgreichen Coworking Space aus?\" \/>\n<meta name=\"robots\" content=\"index, follow, max-snippet:-1, max-image-preview:large, max-video-preview:-1\" \/>\n<link rel=\"canonical\" href=\"https:\/\/www.organisator.ch\/en\/human-resources\/hrm\/2019-07-23\/so-gelingt-coworking-auf-dem-land\/\" \/>\n<meta property=\"og:locale\" content=\"en_US\" \/>\n<meta property=\"og:type\" content=\"article\" \/>\n<meta property=\"og:title\" content=\"So gelingt Coworking auf dem Land - Organisator\" \/>\n<meta property=\"og:description\" content=\"Welches sind die Erfolgsfaktoren von Coworking Spaces ausserhalb von grossen St\u00e4dten? Was zeichnet einen erfolgreichen Coworking Space aus?\" \/>\n<meta property=\"og:url\" content=\"https:\/\/www.organisator.ch\/en\/human-resources\/hrm\/2019-07-23\/so-gelingt-coworking-auf-dem-land\/\" \/>\n<meta property=\"og:site_name\" content=\"Organisator\" \/>\n<meta property=\"article:publisher\" content=\"https:\/\/www.facebook.com\/OrganisatorFachmagazin\" \/>\n<meta property=\"article:published_time\" content=\"2019-07-23T12:46:07+00:00\" \/>\n<meta property=\"og:image\" content=\"https:\/\/www.organisator.ch\/wp-content\/uploads\/2019\/07\/christian_amstad_brownbageffinger.width-2500-1024x677.png\" \/>\n\t<meta property=\"og:image:width\" content=\"1024\" \/>\n\t<meta property=\"og:image:height\" content=\"677\" \/>\n\t<meta property=\"og:image:type\" content=\"image\/png\" \/>\n<meta name=\"author\" content=\"michael.merz\" \/>\n<meta name=\"twitter:card\" content=\"summary_large_image\" \/>\n<script type=\"application\/ld+json\" class=\"yoast-schema-graph\">{\"@context\":\"https:\\\/\\\/schema.org\",\"@graph\":[{\"@type\":\"Article\",\"@id\":\"https:\\\/\\\/www.organisator.ch\\\/human-resources\\\/hrm\\\/2019-07-23\\\/so-gelingt-coworking-auf-dem-land\\\/#article\",\"isPartOf\":{\"@id\":\"https:\\\/\\\/www.organisator.ch\\\/human-resources\\\/hrm\\\/2019-07-23\\\/so-gelingt-coworking-auf-dem-land\\\/\"},\"author\":{\"name\":\"michael.merz\",\"@id\":\"https:\\\/\\\/www.organisator.ch\\\/#\\\/schema\\\/person\\\/134708ca9321c57b0362cceb7948ffbd\"},\"headline\":\"So gelingt Coworking auf dem Land\",\"datePublished\":\"2019-07-23T12:46:07+00:00\",\"mainEntityOfPage\":{\"@id\":\"https:\\\/\\\/www.organisator.ch\\\/human-resources\\\/hrm\\\/2019-07-23\\\/so-gelingt-coworking-auf-dem-land\\\/\"},\"wordCount\":507,\"commentCount\":0,\"publisher\":{\"@id\":\"https:\\\/\\\/www.organisator.ch\\\/#organization\"},\"image\":{\"@id\":\"https:\\\/\\\/www.organisator.ch\\\/human-resources\\\/hrm\\\/2019-07-23\\\/so-gelingt-coworking-auf-dem-land\\\/#primaryimage\"},\"thumbnailUrl\":\"https:\\\/\\\/www.organisator.ch\\\/wp-content\\\/uploads\\\/2019\\\/07\\\/christian_amstad_brownbageffinger.width-2500.png\",\"keywords\":[\"Checkliste\",\"Co-Working\",\"Gemeinden\",\"Schweiz\"],\"articleSection\":[\"HRM\"],\"inLanguage\":\"en-US\"},{\"@type\":\"WebPage\",\"@id\":\"https:\\\/\\\/www.organisator.ch\\\/human-resources\\\/hrm\\\/2019-07-23\\\/so-gelingt-coworking-auf-dem-land\\\/\",\"url\":\"https:\\\/\\\/www.organisator.ch\\\/human-resources\\\/hrm\\\/2019-07-23\\\/so-gelingt-coworking-auf-dem-land\\\/\",\"name\":\"So gelingt Coworking auf dem Land - Organisator\",\"isPartOf\":{\"@id\":\"https:\\\/\\\/www.organisator.ch\\\/#website\"},\"primaryImageOfPage\":{\"@id\":\"https:\\\/\\\/www.organisator.ch\\\/human-resources\\\/hrm\\\/2019-07-23\\\/so-gelingt-coworking-auf-dem-land\\\/#primaryimage\"},\"image\":{\"@id\":\"https:\\\/\\\/www.organisator.ch\\\/human-resources\\\/hrm\\\/2019-07-23\\\/so-gelingt-coworking-auf-dem-land\\\/#primaryimage\"},\"thumbnailUrl\":\"https:\\\/\\\/www.organisator.ch\\\/wp-content\\\/uploads\\\/2019\\\/07\\\/christian_amstad_brownbageffinger.width-2500.png\",\"datePublished\":\"2019-07-23T12:46:07+00:00\",\"description\":\"Welches sind die Erfolgsfaktoren von Coworking Spaces ausserhalb von grossen St\u00e4dten? Was zeichnet einen erfolgreichen Coworking Space aus?\",\"breadcrumb\":{\"@id\":\"https:\\\/\\\/www.organisator.ch\\\/human-resources\\\/hrm\\\/2019-07-23\\\/so-gelingt-coworking-auf-dem-land\\\/#breadcrumb\"},\"inLanguage\":\"en-US\",\"potentialAction\":[{\"@type\":\"ReadAction\",\"target\":[\"https:\\\/\\\/www.organisator.ch\\\/human-resources\\\/hrm\\\/2019-07-23\\\/so-gelingt-coworking-auf-dem-land\\\/\"]}]},{\"@type\":\"ImageObject\",\"inLanguage\":\"en-US\",\"@id\":\"https:\\\/\\\/www.organisator.ch\\\/human-resources\\\/hrm\\\/2019-07-23\\\/so-gelingt-coworking-auf-dem-land\\\/#primaryimage\",\"url\":\"https:\\\/\\\/www.organisator.ch\\\/wp-content\\\/uploads\\\/2019\\\/07\\\/christian_amstad_brownbageffinger.width-2500.png\",\"contentUrl\":\"https:\\\/\\\/www.organisator.ch\\\/wp-content\\\/uploads\\\/2019\\\/07\\\/christian_amstad_brownbageffinger.width-2500.png\",\"width\":2306,\"height\":1524,\"caption\":\"Chrisitan Amstad erkl\u00e4rt die wichtigsten Eckpfeiler f\u00fcr ein gelungenes Co-Working in Gemeinden. (Bild: zVg)\"},{\"@type\":\"BreadcrumbList\",\"@id\":\"https:\\\/\\\/www.organisator.ch\\\/human-resources\\\/hrm\\\/2019-07-23\\\/so-gelingt-coworking-auf-dem-land\\\/#breadcrumb\",\"itemListElement\":[{\"@type\":\"ListItem\",\"position\":1,\"name\":\"Home\",\"item\":\"https:\\\/\\\/www.organisator.ch\\\/\"},{\"@type\":\"ListItem\",\"position\":2,\"name\":\"So gelingt Coworking auf dem Land\"}]},{\"@type\":\"WebSite\",\"@id\":\"https:\\\/\\\/www.organisator.ch\\\/#website\",\"url\":\"https:\\\/\\\/www.organisator.ch\\\/\",\"name\":\"Organisator\",\"description\":\"Kompetent. Praxisnah. Der ORGANISATOR bereitet in 10 Ausgaben pro Jahr die wesentlichen Themen f\u00fcr F\u00fchrungskr\u00e4fte von KMU auf.\",\"publisher\":{\"@id\":\"https:\\\/\\\/www.organisator.ch\\\/#organization\"},\"potentialAction\":[{\"@type\":\"SearchAction\",\"target\":{\"@type\":\"EntryPoint\",\"urlTemplate\":\"https:\\\/\\\/www.organisator.ch\\\/?s={search_term_string}\"},\"query-input\":{\"@type\":\"PropertyValueSpecification\",\"valueRequired\":true,\"valueName\":\"search_term_string\"}}],\"inLanguage\":\"en-US\"},{\"@type\":\"Organization\",\"@id\":\"https:\\\/\\\/www.organisator.ch\\\/#organization\",\"name\":\"Organisator\",\"url\":\"https:\\\/\\\/www.organisator.ch\\\/\",\"logo\":{\"@type\":\"ImageObject\",\"inLanguage\":\"en-US\",\"@id\":\"https:\\\/\\\/www.organisator.ch\\\/#\\\/schema\\\/logo\\\/image\\\/\",\"url\":\"https:\\\/\\\/www.organisator.ch\\\/wp-content\\\/uploads\\\/2022\\\/01\\\/Logo_Organisator_Website.png\",\"contentUrl\":\"https:\\\/\\\/www.organisator.ch\\\/wp-content\\\/uploads\\\/2022\\\/01\\\/Logo_Organisator_Website.png\",\"width\":800,\"height\":77,\"caption\":\"Organisator\"},\"image\":{\"@id\":\"https:\\\/\\\/www.organisator.ch\\\/#\\\/schema\\\/logo\\\/image\\\/\"},\"sameAs\":[\"https:\\\/\\\/www.facebook.com\\\/OrganisatorFachmagazin\",\"https:\\\/\\\/www.linkedin.com\\\/showcase\\\/organisator-das-magazin-fr-kmu\",\"https:\\\/\\\/www.xing.com\\\/news\\\/pages\\\/organisator-ch-695\",\"https:\\\/\\\/www.youtube.com\\\/channel\\\/UCGP2Sq0iWaZwT3BdIAQFYpw\"]},{\"@type\":\"Person\",\"@id\":\"https:\\\/\\\/www.organisator.ch\\\/#\\\/schema\\\/person\\\/134708ca9321c57b0362cceb7948ffbd\",\"name\":\"michael.merz\",\"image\":{\"@type\":\"ImageObject\",\"inLanguage\":\"en-US\",\"@id\":\"https:\\\/\\\/secure.gravatar.com\\\/avatar\\\/?s=96&d=mm&r=g\",\"url\":\"https:\\\/\\\/secure.gravatar.com\\\/avatar\\\/?s=96&d=mm&r=g\",\"contentUrl\":\"https:\\\/\\\/secure.gravatar.com\\\/avatar\\\/?s=96&d=mm&r=g\",\"caption\":\"michael.merz\"},\"url\":\"https:\\\/\\\/www.organisator.ch\\\/en\\\/author\\\/michael-merz\\\/\"}]}<\/script>\n<!-- \/ Yoast SEO plugin. -->","yoast_head_json":{"title":"How coworking succeeds in the countryside - organizer","description":"What are the success factors of coworking spaces outside of big cities? What characterizes a successful coworking space?","robots":{"index":"index","follow":"follow","max-snippet":"max-snippet:-1","max-image-preview":"max-image-preview:large","max-video-preview":"max-video-preview:-1"},"canonical":"https:\/\/www.organisator.ch\/en\/human-resources\/hrm\/2019-07-23\/so-gelingt-coworking-auf-dem-land\/","og_locale":"en_US","og_type":"article","og_title":"So gelingt Coworking auf dem Land - Organisator","og_description":"Welches sind die Erfolgsfaktoren von Coworking Spaces ausserhalb von grossen St\u00e4dten? Was zeichnet einen erfolgreichen Coworking Space aus?","og_url":"https:\/\/www.organisator.ch\/en\/human-resources\/hrm\/2019-07-23\/so-gelingt-coworking-auf-dem-land\/","og_site_name":"Organisator","article_publisher":"https:\/\/www.facebook.com\/OrganisatorFachmagazin","article_published_time":"2019-07-23T12:46:07+00:00","og_image":[{"width":1024,"height":677,"url":"https:\/\/www.organisator.ch\/wp-content\/uploads\/2019\/07\/christian_amstad_brownbageffinger.width-2500-1024x677.png","type":"image\/png"}],"author":"michael.merz","twitter_card":"summary_large_image","schema":{"@context":"https:\/\/schema.org","@graph":[{"@type":"Article","@id":"https:\/\/www.organisator.ch\/human-resources\/hrm\/2019-07-23\/so-gelingt-coworking-auf-dem-land\/#article","isPartOf":{"@id":"https:\/\/www.organisator.ch\/human-resources\/hrm\/2019-07-23\/so-gelingt-coworking-auf-dem-land\/"},"author":{"name":"michael.merz","@id":"https:\/\/www.organisator.ch\/#\/schema\/person\/134708ca9321c57b0362cceb7948ffbd"},"headline":"So gelingt Coworking auf dem Land","datePublished":"2019-07-23T12:46:07+00:00","mainEntityOfPage":{"@id":"https:\/\/www.organisator.ch\/human-resources\/hrm\/2019-07-23\/so-gelingt-coworking-auf-dem-land\/"},"wordCount":507,"commentCount":0,"publisher":{"@id":"https:\/\/www.organisator.ch\/#organization"},"image":{"@id":"https:\/\/www.organisator.ch\/human-resources\/hrm\/2019-07-23\/so-gelingt-coworking-auf-dem-land\/#primaryimage"},"thumbnailUrl":"https:\/\/www.organisator.ch\/wp-content\/uploads\/2019\/07\/christian_amstad_brownbageffinger.width-2500.png","keywords":["Checkliste","Co-Working","Gemeinden","Schweiz"],"articleSection":["HRM"],"inLanguage":"en-US"},{"@type":"WebPage","@id":"https:\/\/www.organisator.ch\/human-resources\/hrm\/2019-07-23\/so-gelingt-coworking-auf-dem-land\/","url":"https:\/\/www.organisator.ch\/human-resources\/hrm\/2019-07-23\/so-gelingt-coworking-auf-dem-land\/","name":"How coworking succeeds in the countryside - organizer","isPartOf":{"@id":"https:\/\/www.organisator.ch\/#website"},"primaryImageOfPage":{"@id":"https:\/\/www.organisator.ch\/human-resources\/hrm\/2019-07-23\/so-gelingt-coworking-auf-dem-land\/#primaryimage"},"image":{"@id":"https:\/\/www.organisator.ch\/human-resources\/hrm\/2019-07-23\/so-gelingt-coworking-auf-dem-land\/#primaryimage"},"thumbnailUrl":"https:\/\/www.organisator.ch\/wp-content\/uploads\/2019\/07\/christian_amstad_brownbageffinger.width-2500.png","datePublished":"2019-07-23T12:46:07+00:00","description":"What are the success factors of coworking spaces outside of big cities? What characterizes a successful coworking space?","breadcrumb":{"@id":"https:\/\/www.organisator.ch\/human-resources\/hrm\/2019-07-23\/so-gelingt-coworking-auf-dem-land\/#breadcrumb"},"inLanguage":"en-US","potentialAction":[{"@type":"ReadAction","target":["https:\/\/www.organisator.ch\/human-resources\/hrm\/2019-07-23\/so-gelingt-coworking-auf-dem-land\/"]}]},{"@type":"ImageObject","inLanguage":"en-US","@id":"https:\/\/www.organisator.ch\/human-resources\/hrm\/2019-07-23\/so-gelingt-coworking-auf-dem-land\/#primaryimage","url":"https:\/\/www.organisator.ch\/wp-content\/uploads\/2019\/07\/christian_amstad_brownbageffinger.width-2500.png","contentUrl":"https:\/\/www.organisator.ch\/wp-content\/uploads\/2019\/07\/christian_amstad_brownbageffinger.width-2500.png","width":2306,"height":1524,"caption":"Chrisitan Amstad erkl\u00e4rt die wichtigsten Eckpfeiler f\u00fcr ein gelungenes Co-Working in Gemeinden. (Bild: zVg)"},{"@type":"BreadcrumbList","@id":"https:\/\/www.organisator.ch\/human-resources\/hrm\/2019-07-23\/so-gelingt-coworking-auf-dem-land\/#breadcrumb","itemListElement":[{"@type":"ListItem","position":1,"name":"Home","item":"https:\/\/www.organisator.ch\/"},{"@type":"ListItem","position":2,"name":"So gelingt Coworking auf dem Land"}]},{"@type":"WebSite","@id":"https:\/\/www.organisator.ch\/#website","url":"https:\/\/www.organisator.ch\/","name":"Organizer","description":"Competent. Practical. In 10 issues per year, ORGANISATOR presents the essential topics for managers of SMEs.","publisher":{"@id":"https:\/\/www.organisator.ch\/#organization"},"potentialAction":[{"@type":"SearchAction","target":{"@type":"EntryPoint","urlTemplate":"https:\/\/www.organisator.ch\/?s={search_term_string}"},"query-input":{"@type":"PropertyValueSpecification","valueRequired":true,"valueName":"search_term_string"}}],"inLanguage":"en-US"},{"@type":"Organization","@id":"https:\/\/www.organisator.ch\/#organization","name":"Organizer","url":"https:\/\/www.organisator.ch\/","logo":{"@type":"ImageObject","inLanguage":"en-US","@id":"https:\/\/www.organisator.ch\/#\/schema\/logo\/image\/","url":"https:\/\/www.organisator.ch\/wp-content\/uploads\/2022\/01\/Logo_Organisator_Website.png","contentUrl":"https:\/\/www.organisator.ch\/wp-content\/uploads\/2022\/01\/Logo_Organisator_Website.png","width":800,"height":77,"caption":"Organisator"},"image":{"@id":"https:\/\/www.organisator.ch\/#\/schema\/logo\/image\/"},"sameAs":["https:\/\/www.facebook.com\/OrganisatorFachmagazin","https:\/\/www.linkedin.com\/showcase\/organisator-das-magazin-fr-kmu","https:\/\/www.xing.com\/news\/pages\/organisator-ch-695","https:\/\/www.youtube.com\/channel\/UCGP2Sq0iWaZwT3BdIAQFYpw"]},{"@type":"Person","@id":"https:\/\/www.organisator.ch\/#\/schema\/person\/134708ca9321c57b0362cceb7948ffbd","name":"michael.merz","image":{"@type":"ImageObject","inLanguage":"en-US","@id":"https:\/\/secure.gravatar.com\/avatar\/?s=96&d=mm&r=g","url":"https:\/\/secure.gravatar.com\/avatar\/?s=96&d=mm&r=g","contentUrl":"https:\/\/secure.gravatar.com\/avatar\/?s=96&d=mm&r=g","caption":"michael.merz"},"url":"https:\/\/www.organisator.ch\/en\/author\/michael-merz\/"}]}},"_links":{"self":[{"href":"https:\/\/www.organisator.ch\/en\/wp-json\/wp\/v2\/posts\/5580","targetHints":{"allow":["GET"]}}],"collection":[{"href":"https:\/\/www.organisator.ch\/en\/wp-json\/wp\/v2\/posts"}],"about":[{"href":"https:\/\/www.organisator.ch\/en\/wp-json\/wp\/v2\/types\/post"}],"author":[{"embeddable":true,"href":"https:\/\/www.organisator.ch\/en\/wp-json\/wp\/v2\/users\/5"}],"replies":[{"embeddable":true,"href":"https:\/\/www.organisator.ch\/en\/wp-json\/wp\/v2\/comments?post=5580"}],"version-history":[{"count":0,"href":"https:\/\/www.organisator.ch\/en\/wp-json\/wp\/v2\/posts\/5580\/revisions"}],"wp:featuredmedia":[{"embeddable":true,"href":"https:\/\/www.organisator.ch\/en\/wp-json\/wp\/v2\/media\/5582"}],"wp:attachment":[{"href":"https:\/\/www.organisator.ch\/en\/wp-json\/wp\/v2\/media?parent=5580"}],"wp:term":[{"taxonomy":"category","embeddable":true,"href":"https:\/\/www.organisator.ch\/en\/wp-json\/wp\/v2\/categories?post=5580"},{"taxonomy":"post_tag","embeddable":true,"href":"https:\/\/www.organisator.ch\/en\/wp-json\/wp\/v2\/tags?post=5580"}],"curies":[{"name":"wp","href":"https:\/\/api.w.org\/{rel}","templated":true}]}}