{"id":5601,"date":"2019-07-30T08:04:58","date_gmt":"2019-07-30T06:04:58","guid":{"rendered":"https:\/\/www.organisator.ch\/?p=5601"},"modified":"2019-07-30T08:04:58","modified_gmt":"2019-07-30T06:04:58","slug":"positive-bilanz-fuer-die-integrationsvorlehre","status":"publish","type":"post","link":"https:\/\/www.organisator.ch\/en\/management\/2019-07-30\/positive-bilanz-fuer-die-integrationsvorlehre\/","title":{"rendered":"Positive balance for the integration pre-apprenticeship"},"content":{"rendered":"<figure id=\"attachment_5602\" aria-describedby=\"caption-attachment-5602\" style=\"width: 680px\" class=\"wp-caption alignnone\"><img loading=\"lazy\" decoding=\"async\" class=\"size-medium wp-image-5602\" src=\"https:\/\/www.organisator.ch\/wp-content\/uploads\/2019\/07\/Positive-Bilanz-fuer-die-Integrationsvorlehre_Organisator.jpg\" alt=\"\" width=\"680\" height=\"624\" srcset=\"https:\/\/www.organisator.ch\/wp-content\/uploads\/2019\/07\/Positive-Bilanz-fuer-die-Integrationsvorlehre_Organisator.jpg 680w, https:\/\/www.organisator.ch\/wp-content\/uploads\/2019\/07\/Positive-Bilanz-fuer-die-Integrationsvorlehre_Organisator-13x12.jpg 13w, https:\/\/www.organisator.ch\/wp-content\/uploads\/2019\/07\/Positive-Bilanz-fuer-die-Integrationsvorlehre_Organisator-191x175.jpg 191w, https:\/\/www.organisator.ch\/wp-content\/uploads\/2019\/07\/Positive-Bilanz-fuer-die-Integrationsvorlehre_Organisator-381x350.jpg 381w, https:\/\/www.organisator.ch\/wp-content\/uploads\/2019\/07\/Positive-Bilanz-fuer-die-Integrationsvorlehre_Organisator-300x275.jpg 300w\" sizes=\"auto, (max-width: 680px) 100vw, 680px\" \/><figcaption id=\"caption-attachment-5602\" class=\"wp-caption-text\">Mebrhatom Gebremeskel completed an integration pre-apprenticeship at Garage F. + Ch. M\u00fcller AG in Steinmaur. (Image: AGVS)<\/figcaption><\/figure>\n<p>Since last summer, refugees with F or B permits have been able to complete a one-year integration pre-apprenticeship at AGVS-Garagisten. The automotive vocational field has so far been offered in the cantons of Solothurn, Valais and Zurich. Starting in the 2019\/20 school year, the AGVS Central Switzerland Section will also participate in the pilot project of the State Secretariat for Migration with eight to ten participants.<\/p>\n<h2>Success for the participants<\/h2>\n<p>The first year was a success for everyone involved. In the canton of Zurich, all six participants received an apprenticeship contract for basic training with a federal vocational certificate (EBA) or federal certificate of proficiency (EFZ). Among them was Mebrhatom Gebremeskel from Eritrea, who completed his integration pre-apprenticeship at Garage F. + Ch. M\u00fcller AG in Steinmaur, the business of Zurich AGVS section president Christian M\u00fcller. \"The most important thing for me was that I learned how to work here, what the rules are and how to deal with work colleagues and employers,\" says Gebremeskel. Melanie Aardalsbakke, project manager at the Middle School and Vocational Training Office of the Canton of Zurich, also draws a positive conclusion: \"It's striking how committed many apprenticeship companies are and also perceive this project as an opportunity and a broadening of horizons.\" Twelve Zurich garage companies have already signed up again for the coming school year.<\/p>\n<h2>Way to recruit young professionals<\/h2>\n<p>The Solothurn section was in charge on the part of the AGVS and worked out the applicable competence grid together with the head office in Bern. This sets out the teaching content of integration teaching. The grid ensures that training is carried out according to the same criteria throughout Switzerland. \"The basis for this was provided by the automotive assistant training,\" explains Thomas Jenni, managing director of the AGVS Solothurn section. The participants work in the garage for three days a week and attend school for two days. In addition to language acquisition and learning about the cultural, economic and political characteristics of Switzerland, they receive technical instruction there. \"It's a great project that pays off for everyone involved,\" Jenni emphasizes. \"We need young professionals, and this is one way to recruit them.\"<\/p>\n<h2>Pre-apprenticeship integration helps alleviate skilled labor situation<\/h2>\n<p>Olivier Maeder, responsible for vocational training at the AGVS, agrees. \"Thanks to the integration pre-apprenticeship, the participants can gain experience in the Swiss working world and learn the necessary language skills at the same time,\" says the AGVS management member. \"Thanks to this basis, they can later do an EBA or EFZ apprenticeship. In this way, they also make a positive contribution to alleviating the skilled labor situation.\"<\/p>\n<p><em>Source: <a href=\"http:\/\/www.agvs-upsa.ch\">Auto Gewerbe Verband Schweiz<\/a><\/em><\/p>","protected":false},"excerpt":{"rendered":"<p>Gefl\u00fcchtete mit F- oder B-Bewilligung k\u00f6nnen seit dem vergangenen Sommer bei AGVS-Garagisten eine einj\u00e4hrige Integrationsvorlehre absolvieren. Das Berufsfeld Automobil wurde bislang in den Kantonen Solothurn, Wallis und Z\u00fcrich angeboten. Ab dem Schuljahr 2019\/20 beteiligt sich neu auch die AGVS-Sektion Zentralschweiz mit acht bis zehn Teilnehmern am Pilotprojekt des Staatssekretariats f\u00fcr Migration. Erfolg f\u00fcr die Beteiligten [&hellip;]<\/p>\n","protected":false},"author":4,"featured_media":5602,"comment_status":"open","ping_status":"open","sticky":false,"template":"","format":"standard","meta":{"_acf_changed":false,"_yoast_wpseo_focuskw":"Integrationsvorlehre","_yoast_wpseo_metadesc":"Die Integrationsvorlehre f\u00fcr Fl\u00fcchtlinge und vorl\u00e4ufig Aufgenommene ist auf Kurs: Die Garagisten des AGVS ziehen eine positive Bilanz.","articlekey":"","footnotes":""},"categories":[28],"tags":[62,73,335,503],"class_list":["post-5601","post","type-post","status-publish","format-standard","has-post-thumbnail","hentry","category-management","tag-aus-weiterbildung","tag-berufsbildung","tag-management-und-unternehmensfuehrung","tag-verbaende"],"acf":[],"yoast_head":"<!-- This site is optimized with the Yoast SEO plugin v27.4 - https:\/\/yoast.com\/product\/yoast-seo-wordpress\/ -->\n<title>Positive Bilanz f\u00fcr die Integrationsvorlehre - Organisator<\/title>\n<meta name=\"description\" content=\"Die Integrationsvorlehre f\u00fcr Fl\u00fcchtlinge und vorl\u00e4ufig Aufgenommene ist auf Kurs: Die Garagisten des AGVS ziehen eine positive Bilanz.\" \/>\n<meta name=\"robots\" content=\"index, follow, max-snippet:-1, max-image-preview:large, max-video-preview:-1\" \/>\n<link rel=\"canonical\" href=\"https:\/\/www.organisator.ch\/en\/management\/2019-07-30\/positive-bilanz-fuer-die-integrationsvorlehre\/\" \/>\n<meta property=\"og:locale\" content=\"en_US\" \/>\n<meta property=\"og:type\" content=\"article\" \/>\n<meta property=\"og:title\" content=\"Positive Bilanz f\u00fcr die Integrationsvorlehre\" \/>\n<meta property=\"og:description\" content=\"Die Integrationsvorlehre f\u00fcr Fl\u00fcchtlinge und vorl\u00e4ufig Aufgenommene ist auf Kurs: Die Garagisten des AGVS ziehen eine positive Bilanz.\" \/>\n<meta property=\"og:url\" content=\"https:\/\/www.organisator.ch\/en\/management\/2019-07-30\/positive-bilanz-fuer-die-integrationsvorlehre\/\" \/>\n<meta property=\"og:site_name\" content=\"Organisator\" \/>\n<meta property=\"article:publisher\" content=\"https:\/\/www.facebook.com\/OrganisatorFachmagazin\" \/>\n<meta property=\"article:published_time\" content=\"2019-07-30T06:04:58+00:00\" \/>\n<meta property=\"og:image\" content=\"https:\/\/www.organisator.ch\/wp-content\/uploads\/2019\/07\/Positive-Bilanz-fuer-die-Integrationsvorlehre_Organisator.jpg\" \/>\n\t<meta property=\"og:image:width\" content=\"680\" \/>\n\t<meta property=\"og:image:height\" content=\"624\" \/>\n\t<meta property=\"og:image:type\" content=\"image\/jpeg\" \/>\n<meta name=\"author\" content=\"thomas.berner\" \/>\n<meta name=\"twitter:card\" content=\"summary_large_image\" \/>\n<meta name=\"twitter:title\" content=\"Positive Bilanz f\u00fcr die #Integrationsvorlehre\" \/>\n<meta name=\"twitter:description\" content=\"Die #Integrationsvorlehre f\u00fcr Fl\u00fcchtlinge und vorl\u00e4ufig Aufgenommene ist auf Kurs: Die Garagisten des #AGVS ziehen eine positive Bilanz.\" \/>\n<meta name=\"twitter:image\" content=\"https:\/\/www.organisator.ch\/wp-content\/uploads\/2019\/07\/Positive-Bilanz-f\u00fcr-die-Integrationsvorlehre_Organisator.jpg\" \/>\n<script type=\"application\/ld+json\" class=\"yoast-schema-graph\">{\"@context\":\"https:\\\/\\\/schema.org\",\"@graph\":[{\"@type\":\"Article\",\"@id\":\"https:\\\/\\\/www.organisator.ch\\\/management\\\/2019-07-30\\\/positive-bilanz-fuer-die-integrationsvorlehre\\\/#article\",\"isPartOf\":{\"@id\":\"https:\\\/\\\/www.organisator.ch\\\/management\\\/2019-07-30\\\/positive-bilanz-fuer-die-integrationsvorlehre\\\/\"},\"author\":{\"name\":\"thomas.berner\",\"@id\":\"https:\\\/\\\/www.organisator.ch\\\/#\\\/schema\\\/person\\\/6f650f90b2842cd4c0cc334b4e36f67e\"},\"headline\":\"Positive Bilanz f\u00fcr die Integrationsvorlehre\",\"datePublished\":\"2019-07-30T06:04:58+00:00\",\"mainEntityOfPage\":{\"@id\":\"https:\\\/\\\/www.organisator.ch\\\/management\\\/2019-07-30\\\/positive-bilanz-fuer-die-integrationsvorlehre\\\/\"},\"wordCount\":437,\"commentCount\":0,\"publisher\":{\"@id\":\"https:\\\/\\\/www.organisator.ch\\\/#organization\"},\"image\":{\"@id\":\"https:\\\/\\\/www.organisator.ch\\\/management\\\/2019-07-30\\\/positive-bilanz-fuer-die-integrationsvorlehre\\\/#primaryimage\"},\"thumbnailUrl\":\"https:\\\/\\\/www.organisator.ch\\\/wp-content\\\/uploads\\\/2019\\\/07\\\/Positive-Bilanz-fuer-die-Integrationsvorlehre_Organisator.jpg\",\"keywords\":[\"Aus-\\\/Weiterbildung\",\"Berufsbildung\",\"Management und Unternehmensf\u00fchrung\",\"Verb\u00e4nde\"],\"articleSection\":[\"MANAGEMENT\"],\"inLanguage\":\"en-US\"},{\"@type\":\"WebPage\",\"@id\":\"https:\\\/\\\/www.organisator.ch\\\/management\\\/2019-07-30\\\/positive-bilanz-fuer-die-integrationsvorlehre\\\/\",\"url\":\"https:\\\/\\\/www.organisator.ch\\\/management\\\/2019-07-30\\\/positive-bilanz-fuer-die-integrationsvorlehre\\\/\",\"name\":\"Positive Bilanz f\u00fcr die Integrationsvorlehre - Organisator\",\"isPartOf\":{\"@id\":\"https:\\\/\\\/www.organisator.ch\\\/#website\"},\"primaryImageOfPage\":{\"@id\":\"https:\\\/\\\/www.organisator.ch\\\/management\\\/2019-07-30\\\/positive-bilanz-fuer-die-integrationsvorlehre\\\/#primaryimage\"},\"image\":{\"@id\":\"https:\\\/\\\/www.organisator.ch\\\/management\\\/2019-07-30\\\/positive-bilanz-fuer-die-integrationsvorlehre\\\/#primaryimage\"},\"thumbnailUrl\":\"https:\\\/\\\/www.organisator.ch\\\/wp-content\\\/uploads\\\/2019\\\/07\\\/Positive-Bilanz-fuer-die-Integrationsvorlehre_Organisator.jpg\",\"datePublished\":\"2019-07-30T06:04:58+00:00\",\"description\":\"Die Integrationsvorlehre f\u00fcr Fl\u00fcchtlinge und vorl\u00e4ufig Aufgenommene ist auf Kurs: Die Garagisten des AGVS ziehen eine positive Bilanz.\",\"breadcrumb\":{\"@id\":\"https:\\\/\\\/www.organisator.ch\\\/management\\\/2019-07-30\\\/positive-bilanz-fuer-die-integrationsvorlehre\\\/#breadcrumb\"},\"inLanguage\":\"en-US\",\"potentialAction\":[{\"@type\":\"ReadAction\",\"target\":[\"https:\\\/\\\/www.organisator.ch\\\/management\\\/2019-07-30\\\/positive-bilanz-fuer-die-integrationsvorlehre\\\/\"]}]},{\"@type\":\"ImageObject\",\"inLanguage\":\"en-US\",\"@id\":\"https:\\\/\\\/www.organisator.ch\\\/management\\\/2019-07-30\\\/positive-bilanz-fuer-die-integrationsvorlehre\\\/#primaryimage\",\"url\":\"https:\\\/\\\/www.organisator.ch\\\/wp-content\\\/uploads\\\/2019\\\/07\\\/Positive-Bilanz-fuer-die-Integrationsvorlehre_Organisator.jpg\",\"contentUrl\":\"https:\\\/\\\/www.organisator.ch\\\/wp-content\\\/uploads\\\/2019\\\/07\\\/Positive-Bilanz-fuer-die-Integrationsvorlehre_Organisator.jpg\",\"width\":680,\"height\":624,\"caption\":\"Mebrhatom Gebremeskel absolvierte in der Garage F. + Ch. M\u00fcller AG in Steinmaur eine Integrationsvorlehre. (Bild: AGVS)\"},{\"@type\":\"BreadcrumbList\",\"@id\":\"https:\\\/\\\/www.organisator.ch\\\/management\\\/2019-07-30\\\/positive-bilanz-fuer-die-integrationsvorlehre\\\/#breadcrumb\",\"itemListElement\":[{\"@type\":\"ListItem\",\"position\":1,\"name\":\"Home\",\"item\":\"https:\\\/\\\/www.organisator.ch\\\/\"},{\"@type\":\"ListItem\",\"position\":2,\"name\":\"Positive Bilanz f\u00fcr die Integrationsvorlehre\"}]},{\"@type\":\"WebSite\",\"@id\":\"https:\\\/\\\/www.organisator.ch\\\/#website\",\"url\":\"https:\\\/\\\/www.organisator.ch\\\/\",\"name\":\"Organisator\",\"description\":\"Kompetent. Praxisnah. Der ORGANISATOR bereitet in 10 Ausgaben pro Jahr die wesentlichen Themen f\u00fcr F\u00fchrungskr\u00e4fte von KMU auf.\",\"publisher\":{\"@id\":\"https:\\\/\\\/www.organisator.ch\\\/#organization\"},\"potentialAction\":[{\"@type\":\"SearchAction\",\"target\":{\"@type\":\"EntryPoint\",\"urlTemplate\":\"https:\\\/\\\/www.organisator.ch\\\/?s={search_term_string}\"},\"query-input\":{\"@type\":\"PropertyValueSpecification\",\"valueRequired\":true,\"valueName\":\"search_term_string\"}}],\"inLanguage\":\"en-US\"},{\"@type\":\"Organization\",\"@id\":\"https:\\\/\\\/www.organisator.ch\\\/#organization\",\"name\":\"Organisator\",\"url\":\"https:\\\/\\\/www.organisator.ch\\\/\",\"logo\":{\"@type\":\"ImageObject\",\"inLanguage\":\"en-US\",\"@id\":\"https:\\\/\\\/www.organisator.ch\\\/#\\\/schema\\\/logo\\\/image\\\/\",\"url\":\"https:\\\/\\\/www.organisator.ch\\\/wp-content\\\/uploads\\\/2022\\\/01\\\/Logo_Organisator_Website.png\",\"contentUrl\":\"https:\\\/\\\/www.organisator.ch\\\/wp-content\\\/uploads\\\/2022\\\/01\\\/Logo_Organisator_Website.png\",\"width\":800,\"height\":77,\"caption\":\"Organisator\"},\"image\":{\"@id\":\"https:\\\/\\\/www.organisator.ch\\\/#\\\/schema\\\/logo\\\/image\\\/\"},\"sameAs\":[\"https:\\\/\\\/www.facebook.com\\\/OrganisatorFachmagazin\",\"https:\\\/\\\/www.linkedin.com\\\/showcase\\\/organisator-das-magazin-fr-kmu\",\"https:\\\/\\\/www.xing.com\\\/news\\\/pages\\\/organisator-ch-695\",\"https:\\\/\\\/www.youtube.com\\\/channel\\\/UCGP2Sq0iWaZwT3BdIAQFYpw\"]},{\"@type\":\"Person\",\"@id\":\"https:\\\/\\\/www.organisator.ch\\\/#\\\/schema\\\/person\\\/6f650f90b2842cd4c0cc334b4e36f67e\",\"name\":\"thomas.berner\",\"image\":{\"@type\":\"ImageObject\",\"inLanguage\":\"en-US\",\"@id\":\"https:\\\/\\\/secure.gravatar.com\\\/avatar\\\/ac5001d2a36cb6c6cd3e50789007ffca834b477b74a2144564522e944eabff61?s=96&d=mm&r=g\",\"url\":\"https:\\\/\\\/secure.gravatar.com\\\/avatar\\\/ac5001d2a36cb6c6cd3e50789007ffca834b477b74a2144564522e944eabff61?s=96&d=mm&r=g\",\"contentUrl\":\"https:\\\/\\\/secure.gravatar.com\\\/avatar\\\/ac5001d2a36cb6c6cd3e50789007ffca834b477b74a2144564522e944eabff61?s=96&d=mm&r=g\",\"caption\":\"thomas.berner\"},\"url\":\"https:\\\/\\\/www.organisator.ch\\\/en\\\/author\\\/thomas-berner\\\/\"}]}<\/script>\n<!-- \/ Yoast SEO plugin. -->","yoast_head_json":{"title":"Positive balance for the integration pre-apprenticeship - organizer","description":"The pre-apprenticeship integration program for refugees and temporarily admitted persons is on track: The AGVS garage owners take positive stock.","robots":{"index":"index","follow":"follow","max-snippet":"max-snippet:-1","max-image-preview":"max-image-preview:large","max-video-preview":"max-video-preview:-1"},"canonical":"https:\/\/www.organisator.ch\/en\/management\/2019-07-30\/positive-bilanz-fuer-die-integrationsvorlehre\/","og_locale":"en_US","og_type":"article","og_title":"Positive Bilanz f\u00fcr die Integrationsvorlehre","og_description":"Die Integrationsvorlehre f\u00fcr Fl\u00fcchtlinge und vorl\u00e4ufig Aufgenommene ist auf Kurs: Die Garagisten des AGVS ziehen eine positive Bilanz.","og_url":"https:\/\/www.organisator.ch\/en\/management\/2019-07-30\/positive-bilanz-fuer-die-integrationsvorlehre\/","og_site_name":"Organisator","article_publisher":"https:\/\/www.facebook.com\/OrganisatorFachmagazin","article_published_time":"2019-07-30T06:04:58+00:00","og_image":[{"width":680,"height":624,"url":"https:\/\/www.organisator.ch\/wp-content\/uploads\/2019\/07\/Positive-Bilanz-fuer-die-Integrationsvorlehre_Organisator.jpg","type":"image\/jpeg"}],"author":"thomas.berner","twitter_card":"summary_large_image","twitter_title":"Positive Bilanz f\u00fcr die #Integrationsvorlehre","twitter_description":"Die #Integrationsvorlehre f\u00fcr Fl\u00fcchtlinge und vorl\u00e4ufig Aufgenommene ist auf Kurs: Die Garagisten des #AGVS ziehen eine positive Bilanz.","twitter_image":"https:\/\/www.organisator.ch\/wp-content\/uploads\/2019\/07\/Positive-Bilanz-f\u00fcr-die-Integrationsvorlehre_Organisator.jpg","schema":{"@context":"https:\/\/schema.org","@graph":[{"@type":"Article","@id":"https:\/\/www.organisator.ch\/management\/2019-07-30\/positive-bilanz-fuer-die-integrationsvorlehre\/#article","isPartOf":{"@id":"https:\/\/www.organisator.ch\/management\/2019-07-30\/positive-bilanz-fuer-die-integrationsvorlehre\/"},"author":{"name":"thomas.berner","@id":"https:\/\/www.organisator.ch\/#\/schema\/person\/6f650f90b2842cd4c0cc334b4e36f67e"},"headline":"Positive Bilanz f\u00fcr die Integrationsvorlehre","datePublished":"2019-07-30T06:04:58+00:00","mainEntityOfPage":{"@id":"https:\/\/www.organisator.ch\/management\/2019-07-30\/positive-bilanz-fuer-die-integrationsvorlehre\/"},"wordCount":437,"commentCount":0,"publisher":{"@id":"https:\/\/www.organisator.ch\/#organization"},"image":{"@id":"https:\/\/www.organisator.ch\/management\/2019-07-30\/positive-bilanz-fuer-die-integrationsvorlehre\/#primaryimage"},"thumbnailUrl":"https:\/\/www.organisator.ch\/wp-content\/uploads\/2019\/07\/Positive-Bilanz-fuer-die-Integrationsvorlehre_Organisator.jpg","keywords":["Aus-\/Weiterbildung","Berufsbildung","Management und Unternehmensf\u00fchrung","Verb\u00e4nde"],"articleSection":["MANAGEMENT"],"inLanguage":"en-US"},{"@type":"WebPage","@id":"https:\/\/www.organisator.ch\/management\/2019-07-30\/positive-bilanz-fuer-die-integrationsvorlehre\/","url":"https:\/\/www.organisator.ch\/management\/2019-07-30\/positive-bilanz-fuer-die-integrationsvorlehre\/","name":"Positive balance for the integration pre-apprenticeship - organizer","isPartOf":{"@id":"https:\/\/www.organisator.ch\/#website"},"primaryImageOfPage":{"@id":"https:\/\/www.organisator.ch\/management\/2019-07-30\/positive-bilanz-fuer-die-integrationsvorlehre\/#primaryimage"},"image":{"@id":"https:\/\/www.organisator.ch\/management\/2019-07-30\/positive-bilanz-fuer-die-integrationsvorlehre\/#primaryimage"},"thumbnailUrl":"https:\/\/www.organisator.ch\/wp-content\/uploads\/2019\/07\/Positive-Bilanz-fuer-die-Integrationsvorlehre_Organisator.jpg","datePublished":"2019-07-30T06:04:58+00:00","description":"The pre-apprenticeship integration program for refugees and temporarily admitted persons is on track: The AGVS garage owners take positive stock.","breadcrumb":{"@id":"https:\/\/www.organisator.ch\/management\/2019-07-30\/positive-bilanz-fuer-die-integrationsvorlehre\/#breadcrumb"},"inLanguage":"en-US","potentialAction":[{"@type":"ReadAction","target":["https:\/\/www.organisator.ch\/management\/2019-07-30\/positive-bilanz-fuer-die-integrationsvorlehre\/"]}]},{"@type":"ImageObject","inLanguage":"en-US","@id":"https:\/\/www.organisator.ch\/management\/2019-07-30\/positive-bilanz-fuer-die-integrationsvorlehre\/#primaryimage","url":"https:\/\/www.organisator.ch\/wp-content\/uploads\/2019\/07\/Positive-Bilanz-fuer-die-Integrationsvorlehre_Organisator.jpg","contentUrl":"https:\/\/www.organisator.ch\/wp-content\/uploads\/2019\/07\/Positive-Bilanz-fuer-die-Integrationsvorlehre_Organisator.jpg","width":680,"height":624,"caption":"Mebrhatom Gebremeskel absolvierte in der Garage F. + Ch. M\u00fcller AG in Steinmaur eine Integrationsvorlehre. (Bild: AGVS)"},{"@type":"BreadcrumbList","@id":"https:\/\/www.organisator.ch\/management\/2019-07-30\/positive-bilanz-fuer-die-integrationsvorlehre\/#breadcrumb","itemListElement":[{"@type":"ListItem","position":1,"name":"Home","item":"https:\/\/www.organisator.ch\/"},{"@type":"ListItem","position":2,"name":"Positive Bilanz f\u00fcr die Integrationsvorlehre"}]},{"@type":"WebSite","@id":"https:\/\/www.organisator.ch\/#website","url":"https:\/\/www.organisator.ch\/","name":"Organizer","description":"Competent. Practical. In 10 issues per year, ORGANISATOR presents the essential topics for managers of SMEs.","publisher":{"@id":"https:\/\/www.organisator.ch\/#organization"},"potentialAction":[{"@type":"SearchAction","target":{"@type":"EntryPoint","urlTemplate":"https:\/\/www.organisator.ch\/?s={search_term_string}"},"query-input":{"@type":"PropertyValueSpecification","valueRequired":true,"valueName":"search_term_string"}}],"inLanguage":"en-US"},{"@type":"Organization","@id":"https:\/\/www.organisator.ch\/#organization","name":"Organizer","url":"https:\/\/www.organisator.ch\/","logo":{"@type":"ImageObject","inLanguage":"en-US","@id":"https:\/\/www.organisator.ch\/#\/schema\/logo\/image\/","url":"https:\/\/www.organisator.ch\/wp-content\/uploads\/2022\/01\/Logo_Organisator_Website.png","contentUrl":"https:\/\/www.organisator.ch\/wp-content\/uploads\/2022\/01\/Logo_Organisator_Website.png","width":800,"height":77,"caption":"Organisator"},"image":{"@id":"https:\/\/www.organisator.ch\/#\/schema\/logo\/image\/"},"sameAs":["https:\/\/www.facebook.com\/OrganisatorFachmagazin","https:\/\/www.linkedin.com\/showcase\/organisator-das-magazin-fr-kmu","https:\/\/www.xing.com\/news\/pages\/organisator-ch-695","https:\/\/www.youtube.com\/channel\/UCGP2Sq0iWaZwT3BdIAQFYpw"]},{"@type":"Person","@id":"https:\/\/www.organisator.ch\/#\/schema\/person\/6f650f90b2842cd4c0cc334b4e36f67e","name":"thomas.berner","image":{"@type":"ImageObject","inLanguage":"en-US","@id":"https:\/\/secure.gravatar.com\/avatar\/ac5001d2a36cb6c6cd3e50789007ffca834b477b74a2144564522e944eabff61?s=96&d=mm&r=g","url":"https:\/\/secure.gravatar.com\/avatar\/ac5001d2a36cb6c6cd3e50789007ffca834b477b74a2144564522e944eabff61?s=96&d=mm&r=g","contentUrl":"https:\/\/secure.gravatar.com\/avatar\/ac5001d2a36cb6c6cd3e50789007ffca834b477b74a2144564522e944eabff61?s=96&d=mm&r=g","caption":"thomas.berner"},"url":"https:\/\/www.organisator.ch\/en\/author\/thomas-berner\/"}]}},"_links":{"self":[{"href":"https:\/\/www.organisator.ch\/en\/wp-json\/wp\/v2\/posts\/5601","targetHints":{"allow":["GET"]}}],"collection":[{"href":"https:\/\/www.organisator.ch\/en\/wp-json\/wp\/v2\/posts"}],"about":[{"href":"https:\/\/www.organisator.ch\/en\/wp-json\/wp\/v2\/types\/post"}],"author":[{"embeddable":true,"href":"https:\/\/www.organisator.ch\/en\/wp-json\/wp\/v2\/users\/4"}],"replies":[{"embeddable":true,"href":"https:\/\/www.organisator.ch\/en\/wp-json\/wp\/v2\/comments?post=5601"}],"version-history":[{"count":0,"href":"https:\/\/www.organisator.ch\/en\/wp-json\/wp\/v2\/posts\/5601\/revisions"}],"wp:featuredmedia":[{"embeddable":true,"href":"https:\/\/www.organisator.ch\/en\/wp-json\/wp\/v2\/media\/5602"}],"wp:attachment":[{"href":"https:\/\/www.organisator.ch\/en\/wp-json\/wp\/v2\/media?parent=5601"}],"wp:term":[{"taxonomy":"category","embeddable":true,"href":"https:\/\/www.organisator.ch\/en\/wp-json\/wp\/v2\/categories?post=5601"},{"taxonomy":"post_tag","embeddable":true,"href":"https:\/\/www.organisator.ch\/en\/wp-json\/wp\/v2\/tags?post=5601"}],"curies":[{"name":"wp","href":"https:\/\/api.w.org\/{rel}","templated":true}]}}