{"id":5604,"date":"2019-07-30T08:23:44","date_gmt":"2019-07-30T06:23:44","guid":{"rendered":"https:\/\/www.organisator.ch\/?p=5604"},"modified":"2019-07-30T08:23:44","modified_gmt":"2019-07-30T06:23:44","slug":"unified-communications-und-collaboration-in-kmu-5-tipps-zum-richtigen-einsatz","status":"publish","type":"post","link":"https:\/\/www.organisator.ch\/en\/management\/it\/2019-07-30\/unified-communications-und-collaboration-in-kmu-5-tipps-zum-richtigen-einsatz\/","title":{"rendered":"Unified Communications and Collaboration in SMEs - 5 Tips for the Right Deployment"},"content":{"rendered":"<figure id=\"attachment_5605\" aria-describedby=\"caption-attachment-5605\" style=\"width: 680px\" class=\"wp-caption alignnone\"><img loading=\"lazy\" decoding=\"async\" class=\"size-medium wp-image-5605\" src=\"https:\/\/www.organisator.ch\/wp-content\/uploads\/2019\/07\/Unified-Communications-und-Collaboration-in-KMU-5-Tipps-zum-richtigen-Einsatz_Organisator.jpg\" alt=\"\" width=\"680\" height=\"453\" srcset=\"https:\/\/www.organisator.ch\/wp-content\/uploads\/2019\/07\/Unified-Communications-und-Collaboration-in-KMU-5-Tipps-zum-richtigen-Einsatz_Organisator.jpg 680w, https:\/\/www.organisator.ch\/wp-content\/uploads\/2019\/07\/Unified-Communications-und-Collaboration-in-KMU-5-Tipps-zum-richtigen-Einsatz_Organisator-16x12.jpg 16w, https:\/\/www.organisator.ch\/wp-content\/uploads\/2019\/07\/Unified-Communications-und-Collaboration-in-KMU-5-Tipps-zum-richtigen-Einsatz_Organisator-263x175.jpg 263w, https:\/\/www.organisator.ch\/wp-content\/uploads\/2019\/07\/Unified-Communications-und-Collaboration-in-KMU-5-Tipps-zum-richtigen-Einsatz_Organisator-525x350.jpg 525w, https:\/\/www.organisator.ch\/wp-content\/uploads\/2019\/07\/Unified-Communications-und-Collaboration-in-KMU-5-Tipps-zum-richtigen-Einsatz_Organisator-300x200.jpg 300w\" sizes=\"auto, (max-width: 680px) 100vw, 680px\" \/><figcaption id=\"caption-attachment-5605\" class=\"wp-caption-text\">Unified communications and collaboration (UCC) facilitates teamwork (Source: Atos\/Getty)<\/figcaption><\/figure>\n<p>D<span lang=\"DE\">he workplace is becoming increasingly digital. This is true for corporations as well as for small and medium-sized enterprises. The technological basis for the digital office, in which employees can network more easily and share information more effectively, is provided by platforms for unified communications and collaboration (UCC). These combine all the functions for communication and collaboration - i.e., voice, video, messaging, screen sharing and file sharing - in a single, intuitive user interface. Here are five tips for the right use of unified communications and collaboration:<\/span><\/p>\n<h2><span lang=\"DE\">1)\u00a0\u00a0\u00a0 <\/span><span lang=\"DE\">Protect investments already made<\/span><\/h2>\n<p><span lang=\"DE\">Good UCC platforms have an architecture and platform (CPaaS) with open interfaces. This means that existing infrastructures, such as existing communications systems, CRM applications, databases, or - increasingly important today - social media platforms can be integrated into the solution and investments already made can be protected. Chatbots help to increase automation and also to realize integrations in IoT platforms.<\/span><\/p>\n<h2><span lang=\"DE\">2)\u00a0\u00a0\u00a0 <\/span><span lang=\"DE\">Get in step by step<\/span><\/h2>\n<p><span lang=\"DE\">Those who opt for a scalable and flexible platform that requires little technical expertise can later integrate additional employees into the UCC system all the more easily or add any additional functions that are needed. This gives SMEs future and planning security. Further advantages arise when using a solution that does not require any additional hardware: This speeds up the rollout and minimizes the installation and administration effort.<\/span><\/p>\n<h2><span lang=\"DE\">3)\u00a0\u00a0\u00a0 <\/span><span lang=\"DE\">Thinking about the cloud<\/span><\/h2>\n<p><span lang=\"DE\">Communication and collaboration solutions are increasingly moving to the cloud. There, the resources are available on demand. This makes the use of a UCC solution via the cloud a cost-effective alternative, especially for small and medium-sized enterprises with a tight IT budget. Not only can they keep entry costs and upfront investments low, but they can also benefit from on-demand usage and billing. Ideally, customers should be able to choose between several deployment options - from public cloud to hybrid models to private cloud in their own server room. <\/span><\/p>\n<h2><span lang=\"DE\">4)\u00a0\u00a0\u00a0 <\/span><span lang=\"DE\">Do not compromise on safety<\/span><\/h2>\n<p><span lang=\"DE\">Data security and data protection are also high on the agenda of SMEs. But corresponding experts are particularly rare there. Here, too, a cloud-based UCC solution plays out its advantages: A good provider offers a solution that encrypts the data on the server and during transfer. On the other hand, it complies with the strict European regulations on data security and the obligation to provide proof, which - keyword EU Data Protection Regulation (DSGVO) - are also highly relevant for Switzerland. <\/span><\/p>\n<h2><span lang=\"DE\">5)\u00a0\u00a0\u00a0 <\/span><span lang=\"DE\">Rely on managed services<\/span><\/h2>\n<p><span lang=\"DE\">Managed services in the UCC environment mean that user companies receive services completely from a single source. This model can be particularly interesting for SMEs. After all, it is not the number of users of a UCC solution that determines whether a managed service is worthwhile. Other factors are decisive here, such as particularly high security requirements, for which a managed private cloud can then be the best option. In addition to manufacturers, national telecommunications providers and regional specialist dealers also offer innovative services tailored to a company's requirements in the managed service model.<\/span><\/p>\n<p><em>Author:<br \/>\n<\/em><em><span lang=\"EN-US\">Drazen-Ivan Andjelic is Managing Director and Vice President Channel CEE Unify at <a href=\"https:\/\/atos.net\/de-ch\/switzerland\">Atos<\/a><\/span><\/em><\/p>","protected":false},"excerpt":{"rendered":"<p>Der Arbeitsplatz wird zunehmend digital. Das gilt f\u00fcr Konzerne ebenso wie f\u00fcr kleine und mittelst\u00e4ndische Unternehmen. Die technologische Basis f\u00fcr das digitale B\u00fcro, in dem die Mitarbeiter sich einfacher vernetzen und Informationen besser teilen k\u00f6nnen, bilden Plattformen f\u00fcr Unified Communications und Collaboration (UCC). Diese vereinen alle Funktionen f\u00fcr die Kommunikation und die Zusammenarbeit \u2013 also [&hellip;]<\/p>\n","protected":false},"author":4,"featured_media":5605,"comment_status":"open","ping_status":"open","sticky":false,"template":"","format":"standard","meta":{"_acf_changed":false,"_yoast_wpseo_focuskw":"Unified Communications und Collaboration","_yoast_wpseo_metadesc":"Warum sich der Einstieg in eine Plattform f\u00fcr Unified Communications und Collaboration auch f\u00fcr kleine und mittlere Unternehmen lohnt.","articlekey":"","footnotes":""},"categories":[27],"tags":[115,123,156,286],"class_list":["post-5604","post","type-post","status-publish","format-standard","has-post-thumbnail","hentry","category-it","tag-checklisten","tag-cloud-computing","tag-digitalisierung","tag-it"],"acf":[],"yoast_head":"<!-- This site is optimized with the Yoast SEO plugin v27.5 - https:\/\/yoast.com\/product\/yoast-seo-wordpress\/ -->\n<title>Unified Communications und Collaboration in KMU \u2013 5 Tipps zum richtigen Einsatz - Organisator<\/title>\n<meta name=\"description\" content=\"Warum sich der Einstieg in eine Plattform f\u00fcr Unified Communications und Collaboration auch f\u00fcr kleine und mittlere Unternehmen lohnt.\" \/>\n<meta name=\"robots\" content=\"index, follow, max-snippet:-1, max-image-preview:large, max-video-preview:-1\" \/>\n<link rel=\"canonical\" href=\"https:\/\/www.organisator.ch\/en\/management\/it\/2019-07-30\/unified-communications-und-collaboration-in-kmu-5-tipps-zum-richtigen-einsatz\/\" \/>\n<meta property=\"og:locale\" content=\"en_US\" \/>\n<meta property=\"og:type\" content=\"article\" \/>\n<meta property=\"og:title\" content=\"Unified Communications und Collaboration in KMU \u2013 5 Tipps zum richtigen Einsatz\" \/>\n<meta property=\"og:description\" content=\"Warum sich der Einstieg in eine Plattform f\u00fcr Unified Communications und Collaboration auch f\u00fcr kleine und mittlere Unternehmen lohnt.\" \/>\n<meta property=\"og:url\" content=\"https:\/\/www.organisator.ch\/en\/management\/it\/2019-07-30\/unified-communications-und-collaboration-in-kmu-5-tipps-zum-richtigen-einsatz\/\" \/>\n<meta property=\"og:site_name\" content=\"Organisator\" \/>\n<meta property=\"article:publisher\" content=\"https:\/\/www.facebook.com\/OrganisatorFachmagazin\" \/>\n<meta property=\"article:published_time\" content=\"2019-07-30T06:23:44+00:00\" \/>\n<meta property=\"og:image\" content=\"https:\/\/www.organisator.ch\/wp-content\/uploads\/2019\/07\/Unified-Communications-und-Collaboration-in-KMU-5-Tipps-zum-richtigen-Einsatz_Organisator.jpg\" \/>\n\t<meta property=\"og:image:width\" content=\"680\" \/>\n\t<meta property=\"og:image:height\" content=\"453\" \/>\n\t<meta property=\"og:image:type\" content=\"image\/jpeg\" \/>\n<meta name=\"author\" content=\"thomas.berner\" \/>\n<meta name=\"twitter:card\" content=\"summary_large_image\" \/>\n<meta name=\"twitter:title\" content=\"#Unified Communications und #Collaboration in KMU \u2013 5 Tipps zum richtigen Einsatz\" \/>\n<meta name=\"twitter:description\" content=\"Warum sich der Einstieg in eine Plattform f\u00fcr #Unified Communications und #Collaboration auch f\u00fcr kleine und mittlere Unternehmen lohnt.\" \/>\n<meta name=\"twitter:image\" content=\"https:\/\/www.organisator.ch\/wp-content\/uploads\/2019\/07\/Unified-Communications-und-Collaboration-in-KMU-5-Tipps-zum-richtigen-Einsatz_Organisator.jpg\" \/>\n<script type=\"application\/ld+json\" class=\"yoast-schema-graph\">{\"@context\":\"https:\\\/\\\/schema.org\",\"@graph\":[{\"@type\":\"Article\",\"@id\":\"https:\\\/\\\/www.organisator.ch\\\/management\\\/it\\\/2019-07-30\\\/unified-communications-und-collaboration-in-kmu-5-tipps-zum-richtigen-einsatz\\\/#article\",\"isPartOf\":{\"@id\":\"https:\\\/\\\/www.organisator.ch\\\/management\\\/it\\\/2019-07-30\\\/unified-communications-und-collaboration-in-kmu-5-tipps-zum-richtigen-einsatz\\\/\"},\"author\":{\"name\":\"thomas.berner\",\"@id\":\"https:\\\/\\\/www.organisator.ch\\\/#\\\/schema\\\/person\\\/6f650f90b2842cd4c0cc334b4e36f67e\"},\"headline\":\"Unified Communications und Collaboration in KMU \u2013 5 Tipps zum richtigen Einsatz\",\"datePublished\":\"2019-07-30T06:23:44+00:00\",\"mainEntityOfPage\":{\"@id\":\"https:\\\/\\\/www.organisator.ch\\\/management\\\/it\\\/2019-07-30\\\/unified-communications-und-collaboration-in-kmu-5-tipps-zum-richtigen-einsatz\\\/\"},\"wordCount\":530,\"commentCount\":0,\"publisher\":{\"@id\":\"https:\\\/\\\/www.organisator.ch\\\/#organization\"},\"image\":{\"@id\":\"https:\\\/\\\/www.organisator.ch\\\/management\\\/it\\\/2019-07-30\\\/unified-communications-und-collaboration-in-kmu-5-tipps-zum-richtigen-einsatz\\\/#primaryimage\"},\"thumbnailUrl\":\"https:\\\/\\\/www.organisator.ch\\\/wp-content\\\/uploads\\\/2019\\\/07\\\/Unified-Communications-und-Collaboration-in-KMU-5-Tipps-zum-richtigen-Einsatz_Organisator.jpg\",\"keywords\":[\"Checklisten\",\"Cloud Computing\",\"Digitalisierung\",\"IT\"],\"articleSection\":[\"IT\"],\"inLanguage\":\"en-US\"},{\"@type\":\"WebPage\",\"@id\":\"https:\\\/\\\/www.organisator.ch\\\/management\\\/it\\\/2019-07-30\\\/unified-communications-und-collaboration-in-kmu-5-tipps-zum-richtigen-einsatz\\\/\",\"url\":\"https:\\\/\\\/www.organisator.ch\\\/management\\\/it\\\/2019-07-30\\\/unified-communications-und-collaboration-in-kmu-5-tipps-zum-richtigen-einsatz\\\/\",\"name\":\"Unified Communications und Collaboration in KMU \u2013 5 Tipps zum richtigen Einsatz - Organisator\",\"isPartOf\":{\"@id\":\"https:\\\/\\\/www.organisator.ch\\\/#website\"},\"primaryImageOfPage\":{\"@id\":\"https:\\\/\\\/www.organisator.ch\\\/management\\\/it\\\/2019-07-30\\\/unified-communications-und-collaboration-in-kmu-5-tipps-zum-richtigen-einsatz\\\/#primaryimage\"},\"image\":{\"@id\":\"https:\\\/\\\/www.organisator.ch\\\/management\\\/it\\\/2019-07-30\\\/unified-communications-und-collaboration-in-kmu-5-tipps-zum-richtigen-einsatz\\\/#primaryimage\"},\"thumbnailUrl\":\"https:\\\/\\\/www.organisator.ch\\\/wp-content\\\/uploads\\\/2019\\\/07\\\/Unified-Communications-und-Collaboration-in-KMU-5-Tipps-zum-richtigen-Einsatz_Organisator.jpg\",\"datePublished\":\"2019-07-30T06:23:44+00:00\",\"description\":\"Warum sich der Einstieg in eine Plattform f\u00fcr Unified Communications und Collaboration auch f\u00fcr kleine und mittlere Unternehmen lohnt.\",\"breadcrumb\":{\"@id\":\"https:\\\/\\\/www.organisator.ch\\\/management\\\/it\\\/2019-07-30\\\/unified-communications-und-collaboration-in-kmu-5-tipps-zum-richtigen-einsatz\\\/#breadcrumb\"},\"inLanguage\":\"en-US\",\"potentialAction\":[{\"@type\":\"ReadAction\",\"target\":[\"https:\\\/\\\/www.organisator.ch\\\/management\\\/it\\\/2019-07-30\\\/unified-communications-und-collaboration-in-kmu-5-tipps-zum-richtigen-einsatz\\\/\"]}]},{\"@type\":\"ImageObject\",\"inLanguage\":\"en-US\",\"@id\":\"https:\\\/\\\/www.organisator.ch\\\/management\\\/it\\\/2019-07-30\\\/unified-communications-und-collaboration-in-kmu-5-tipps-zum-richtigen-einsatz\\\/#primaryimage\",\"url\":\"https:\\\/\\\/www.organisator.ch\\\/wp-content\\\/uploads\\\/2019\\\/07\\\/Unified-Communications-und-Collaboration-in-KMU-5-Tipps-zum-richtigen-Einsatz_Organisator.jpg\",\"contentUrl\":\"https:\\\/\\\/www.organisator.ch\\\/wp-content\\\/uploads\\\/2019\\\/07\\\/Unified-Communications-und-Collaboration-in-KMU-5-Tipps-zum-richtigen-Einsatz_Organisator.jpg\",\"width\":680,\"height\":453,\"caption\":\"UCC erleichtert die Zusammenarbeit im Team (Quelle: Atos\\\/Getty)\"},{\"@type\":\"BreadcrumbList\",\"@id\":\"https:\\\/\\\/www.organisator.ch\\\/management\\\/it\\\/2019-07-30\\\/unified-communications-und-collaboration-in-kmu-5-tipps-zum-richtigen-einsatz\\\/#breadcrumb\",\"itemListElement\":[{\"@type\":\"ListItem\",\"position\":1,\"name\":\"Home\",\"item\":\"https:\\\/\\\/www.organisator.ch\\\/\"},{\"@type\":\"ListItem\",\"position\":2,\"name\":\"Unified Communications und Collaboration in KMU \u2013 5 Tipps zum richtigen Einsatz\"}]},{\"@type\":\"WebSite\",\"@id\":\"https:\\\/\\\/www.organisator.ch\\\/#website\",\"url\":\"https:\\\/\\\/www.organisator.ch\\\/\",\"name\":\"Organisator\",\"description\":\"Kompetent. Praxisnah. Der ORGANISATOR bereitet in 10 Ausgaben pro Jahr die wesentlichen Themen f\u00fcr F\u00fchrungskr\u00e4fte von KMU auf.\",\"publisher\":{\"@id\":\"https:\\\/\\\/www.organisator.ch\\\/#organization\"},\"potentialAction\":[{\"@type\":\"SearchAction\",\"target\":{\"@type\":\"EntryPoint\",\"urlTemplate\":\"https:\\\/\\\/www.organisator.ch\\\/?s={search_term_string}\"},\"query-input\":{\"@type\":\"PropertyValueSpecification\",\"valueRequired\":true,\"valueName\":\"search_term_string\"}}],\"inLanguage\":\"en-US\"},{\"@type\":\"Organization\",\"@id\":\"https:\\\/\\\/www.organisator.ch\\\/#organization\",\"name\":\"Organisator\",\"url\":\"https:\\\/\\\/www.organisator.ch\\\/\",\"logo\":{\"@type\":\"ImageObject\",\"inLanguage\":\"en-US\",\"@id\":\"https:\\\/\\\/www.organisator.ch\\\/#\\\/schema\\\/logo\\\/image\\\/\",\"url\":\"https:\\\/\\\/www.organisator.ch\\\/wp-content\\\/uploads\\\/2022\\\/01\\\/Logo_Organisator_Website.png\",\"contentUrl\":\"https:\\\/\\\/www.organisator.ch\\\/wp-content\\\/uploads\\\/2022\\\/01\\\/Logo_Organisator_Website.png\",\"width\":800,\"height\":77,\"caption\":\"Organisator\"},\"image\":{\"@id\":\"https:\\\/\\\/www.organisator.ch\\\/#\\\/schema\\\/logo\\\/image\\\/\"},\"sameAs\":[\"https:\\\/\\\/www.facebook.com\\\/OrganisatorFachmagazin\",\"https:\\\/\\\/www.linkedin.com\\\/showcase\\\/organisator-das-magazin-fr-kmu\",\"https:\\\/\\\/www.xing.com\\\/news\\\/pages\\\/organisator-ch-695\",\"https:\\\/\\\/www.youtube.com\\\/channel\\\/UCGP2Sq0iWaZwT3BdIAQFYpw\"]},{\"@type\":\"Person\",\"@id\":\"https:\\\/\\\/www.organisator.ch\\\/#\\\/schema\\\/person\\\/6f650f90b2842cd4c0cc334b4e36f67e\",\"name\":\"thomas.berner\",\"image\":{\"@type\":\"ImageObject\",\"inLanguage\":\"en-US\",\"@id\":\"https:\\\/\\\/secure.gravatar.com\\\/avatar\\\/ac5001d2a36cb6c6cd3e50789007ffca834b477b74a2144564522e944eabff61?s=96&d=mm&r=g\",\"url\":\"https:\\\/\\\/secure.gravatar.com\\\/avatar\\\/ac5001d2a36cb6c6cd3e50789007ffca834b477b74a2144564522e944eabff61?s=96&d=mm&r=g\",\"contentUrl\":\"https:\\\/\\\/secure.gravatar.com\\\/avatar\\\/ac5001d2a36cb6c6cd3e50789007ffca834b477b74a2144564522e944eabff61?s=96&d=mm&r=g\",\"caption\":\"thomas.berner\"},\"url\":\"https:\\\/\\\/www.organisator.ch\\\/en\\\/author\\\/thomas-berner\\\/\"}]}<\/script>\n<!-- \/ Yoast SEO plugin. -->","yoast_head_json":{"title":"Unified communications and collaboration in SMEs - 5 tips for the right use - Organizer","description":"Why the entry into a platform for unified communications and collaboration is also worthwhile for small and medium-sized enterprises.","robots":{"index":"index","follow":"follow","max-snippet":"max-snippet:-1","max-image-preview":"max-image-preview:large","max-video-preview":"max-video-preview:-1"},"canonical":"https:\/\/www.organisator.ch\/en\/management\/it\/2019-07-30\/unified-communications-und-collaboration-in-kmu-5-tipps-zum-richtigen-einsatz\/","og_locale":"en_US","og_type":"article","og_title":"Unified Communications und Collaboration in KMU \u2013 5 Tipps zum richtigen Einsatz","og_description":"Warum sich der Einstieg in eine Plattform f\u00fcr Unified Communications und Collaboration auch f\u00fcr kleine und mittlere Unternehmen lohnt.","og_url":"https:\/\/www.organisator.ch\/en\/management\/it\/2019-07-30\/unified-communications-und-collaboration-in-kmu-5-tipps-zum-richtigen-einsatz\/","og_site_name":"Organisator","article_publisher":"https:\/\/www.facebook.com\/OrganisatorFachmagazin","article_published_time":"2019-07-30T06:23:44+00:00","og_image":[{"width":680,"height":453,"url":"https:\/\/www.organisator.ch\/wp-content\/uploads\/2019\/07\/Unified-Communications-und-Collaboration-in-KMU-5-Tipps-zum-richtigen-Einsatz_Organisator.jpg","type":"image\/jpeg"}],"author":"thomas.berner","twitter_card":"summary_large_image","twitter_title":"#Unified Communications und #Collaboration in KMU \u2013 5 Tipps zum richtigen Einsatz","twitter_description":"Warum sich der Einstieg in eine Plattform f\u00fcr #Unified Communications und #Collaboration auch f\u00fcr kleine und mittlere Unternehmen lohnt.","twitter_image":"https:\/\/www.organisator.ch\/wp-content\/uploads\/2019\/07\/Unified-Communications-und-Collaboration-in-KMU-5-Tipps-zum-richtigen-Einsatz_Organisator.jpg","schema":{"@context":"https:\/\/schema.org","@graph":[{"@type":"Article","@id":"https:\/\/www.organisator.ch\/management\/it\/2019-07-30\/unified-communications-und-collaboration-in-kmu-5-tipps-zum-richtigen-einsatz\/#article","isPartOf":{"@id":"https:\/\/www.organisator.ch\/management\/it\/2019-07-30\/unified-communications-und-collaboration-in-kmu-5-tipps-zum-richtigen-einsatz\/"},"author":{"name":"thomas.berner","@id":"https:\/\/www.organisator.ch\/#\/schema\/person\/6f650f90b2842cd4c0cc334b4e36f67e"},"headline":"Unified Communications und Collaboration in KMU \u2013 5 Tipps zum richtigen Einsatz","datePublished":"2019-07-30T06:23:44+00:00","mainEntityOfPage":{"@id":"https:\/\/www.organisator.ch\/management\/it\/2019-07-30\/unified-communications-und-collaboration-in-kmu-5-tipps-zum-richtigen-einsatz\/"},"wordCount":530,"commentCount":0,"publisher":{"@id":"https:\/\/www.organisator.ch\/#organization"},"image":{"@id":"https:\/\/www.organisator.ch\/management\/it\/2019-07-30\/unified-communications-und-collaboration-in-kmu-5-tipps-zum-richtigen-einsatz\/#primaryimage"},"thumbnailUrl":"https:\/\/www.organisator.ch\/wp-content\/uploads\/2019\/07\/Unified-Communications-und-Collaboration-in-KMU-5-Tipps-zum-richtigen-Einsatz_Organisator.jpg","keywords":["Checklisten","Cloud Computing","Digitalisierung","IT"],"articleSection":["IT"],"inLanguage":"en-US"},{"@type":"WebPage","@id":"https:\/\/www.organisator.ch\/management\/it\/2019-07-30\/unified-communications-und-collaboration-in-kmu-5-tipps-zum-richtigen-einsatz\/","url":"https:\/\/www.organisator.ch\/management\/it\/2019-07-30\/unified-communications-und-collaboration-in-kmu-5-tipps-zum-richtigen-einsatz\/","name":"Unified communications and collaboration in SMEs - 5 tips for the right use - Organizer","isPartOf":{"@id":"https:\/\/www.organisator.ch\/#website"},"primaryImageOfPage":{"@id":"https:\/\/www.organisator.ch\/management\/it\/2019-07-30\/unified-communications-und-collaboration-in-kmu-5-tipps-zum-richtigen-einsatz\/#primaryimage"},"image":{"@id":"https:\/\/www.organisator.ch\/management\/it\/2019-07-30\/unified-communications-und-collaboration-in-kmu-5-tipps-zum-richtigen-einsatz\/#primaryimage"},"thumbnailUrl":"https:\/\/www.organisator.ch\/wp-content\/uploads\/2019\/07\/Unified-Communications-und-Collaboration-in-KMU-5-Tipps-zum-richtigen-Einsatz_Organisator.jpg","datePublished":"2019-07-30T06:23:44+00:00","description":"Why the entry into a platform for unified communications and collaboration is also worthwhile for small and medium-sized enterprises.","breadcrumb":{"@id":"https:\/\/www.organisator.ch\/management\/it\/2019-07-30\/unified-communications-und-collaboration-in-kmu-5-tipps-zum-richtigen-einsatz\/#breadcrumb"},"inLanguage":"en-US","potentialAction":[{"@type":"ReadAction","target":["https:\/\/www.organisator.ch\/management\/it\/2019-07-30\/unified-communications-und-collaboration-in-kmu-5-tipps-zum-richtigen-einsatz\/"]}]},{"@type":"ImageObject","inLanguage":"en-US","@id":"https:\/\/www.organisator.ch\/management\/it\/2019-07-30\/unified-communications-und-collaboration-in-kmu-5-tipps-zum-richtigen-einsatz\/#primaryimage","url":"https:\/\/www.organisator.ch\/wp-content\/uploads\/2019\/07\/Unified-Communications-und-Collaboration-in-KMU-5-Tipps-zum-richtigen-Einsatz_Organisator.jpg","contentUrl":"https:\/\/www.organisator.ch\/wp-content\/uploads\/2019\/07\/Unified-Communications-und-Collaboration-in-KMU-5-Tipps-zum-richtigen-Einsatz_Organisator.jpg","width":680,"height":453,"caption":"UCC erleichtert die Zusammenarbeit im Team (Quelle: Atos\/Getty)"},{"@type":"BreadcrumbList","@id":"https:\/\/www.organisator.ch\/management\/it\/2019-07-30\/unified-communications-und-collaboration-in-kmu-5-tipps-zum-richtigen-einsatz\/#breadcrumb","itemListElement":[{"@type":"ListItem","position":1,"name":"Home","item":"https:\/\/www.organisator.ch\/"},{"@type":"ListItem","position":2,"name":"Unified Communications und Collaboration in KMU \u2013 5 Tipps zum richtigen Einsatz"}]},{"@type":"WebSite","@id":"https:\/\/www.organisator.ch\/#website","url":"https:\/\/www.organisator.ch\/","name":"Organizer","description":"Competent. Practical. In 10 issues per year, ORGANISATOR presents the essential topics for managers of SMEs.","publisher":{"@id":"https:\/\/www.organisator.ch\/#organization"},"potentialAction":[{"@type":"SearchAction","target":{"@type":"EntryPoint","urlTemplate":"https:\/\/www.organisator.ch\/?s={search_term_string}"},"query-input":{"@type":"PropertyValueSpecification","valueRequired":true,"valueName":"search_term_string"}}],"inLanguage":"en-US"},{"@type":"Organization","@id":"https:\/\/www.organisator.ch\/#organization","name":"Organizer","url":"https:\/\/www.organisator.ch\/","logo":{"@type":"ImageObject","inLanguage":"en-US","@id":"https:\/\/www.organisator.ch\/#\/schema\/logo\/image\/","url":"https:\/\/www.organisator.ch\/wp-content\/uploads\/2022\/01\/Logo_Organisator_Website.png","contentUrl":"https:\/\/www.organisator.ch\/wp-content\/uploads\/2022\/01\/Logo_Organisator_Website.png","width":800,"height":77,"caption":"Organisator"},"image":{"@id":"https:\/\/www.organisator.ch\/#\/schema\/logo\/image\/"},"sameAs":["https:\/\/www.facebook.com\/OrganisatorFachmagazin","https:\/\/www.linkedin.com\/showcase\/organisator-das-magazin-fr-kmu","https:\/\/www.xing.com\/news\/pages\/organisator-ch-695","https:\/\/www.youtube.com\/channel\/UCGP2Sq0iWaZwT3BdIAQFYpw"]},{"@type":"Person","@id":"https:\/\/www.organisator.ch\/#\/schema\/person\/6f650f90b2842cd4c0cc334b4e36f67e","name":"thomas.berner","image":{"@type":"ImageObject","inLanguage":"en-US","@id":"https:\/\/secure.gravatar.com\/avatar\/ac5001d2a36cb6c6cd3e50789007ffca834b477b74a2144564522e944eabff61?s=96&d=mm&r=g","url":"https:\/\/secure.gravatar.com\/avatar\/ac5001d2a36cb6c6cd3e50789007ffca834b477b74a2144564522e944eabff61?s=96&d=mm&r=g","contentUrl":"https:\/\/secure.gravatar.com\/avatar\/ac5001d2a36cb6c6cd3e50789007ffca834b477b74a2144564522e944eabff61?s=96&d=mm&r=g","caption":"thomas.berner"},"url":"https:\/\/www.organisator.ch\/en\/author\/thomas-berner\/"}]}},"_links":{"self":[{"href":"https:\/\/www.organisator.ch\/en\/wp-json\/wp\/v2\/posts\/5604","targetHints":{"allow":["GET"]}}],"collection":[{"href":"https:\/\/www.organisator.ch\/en\/wp-json\/wp\/v2\/posts"}],"about":[{"href":"https:\/\/www.organisator.ch\/en\/wp-json\/wp\/v2\/types\/post"}],"author":[{"embeddable":true,"href":"https:\/\/www.organisator.ch\/en\/wp-json\/wp\/v2\/users\/4"}],"replies":[{"embeddable":true,"href":"https:\/\/www.organisator.ch\/en\/wp-json\/wp\/v2\/comments?post=5604"}],"version-history":[{"count":0,"href":"https:\/\/www.organisator.ch\/en\/wp-json\/wp\/v2\/posts\/5604\/revisions"}],"wp:featuredmedia":[{"embeddable":true,"href":"https:\/\/www.organisator.ch\/en\/wp-json\/wp\/v2\/media\/5605"}],"wp:attachment":[{"href":"https:\/\/www.organisator.ch\/en\/wp-json\/wp\/v2\/media?parent=5604"}],"wp:term":[{"taxonomy":"category","embeddable":true,"href":"https:\/\/www.organisator.ch\/en\/wp-json\/wp\/v2\/categories?post=5604"},{"taxonomy":"post_tag","embeddable":true,"href":"https:\/\/www.organisator.ch\/en\/wp-json\/wp\/v2\/tags?post=5604"}],"curies":[{"name":"wp","href":"https:\/\/api.w.org\/{rel}","templated":true}]}}