{"id":5629,"date":"2019-08-02T15:54:01","date_gmt":"2019-08-02T13:54:01","guid":{"rendered":"https:\/\/www.organisator.ch\/?p=5629"},"modified":"2019-08-02T15:54:01","modified_gmt":"2019-08-02T13:54:01","slug":"remote-work-den-chef-das-erste-mal-nach-zwei-jahren-getroffen","status":"publish","type":"post","link":"https:\/\/www.organisator.ch\/en\/management\/2019-08-02\/remote-work-den-chef-das-erste-mal-nach-zwei-jahren-getroffen\/","title":{"rendered":"Remote work: Meeting the boss for the first time in two years"},"content":{"rendered":"<figure id=\"attachment_5630\" aria-describedby=\"caption-attachment-5630\" style=\"width: 678px\" class=\"wp-caption alignnone\"><img loading=\"lazy\" decoding=\"async\" class=\"size-full wp-image-5630\" src=\"https:\/\/www.organisator.ch\/wp-content\/uploads\/2019\/08\/Remote-Work-Den-Chef-das-erste-Mal-nach-zwei-Jahren-getroffen_Organisator.jpg\" alt=\"\" width=\"678\" height=\"392\" srcset=\"https:\/\/www.organisator.ch\/wp-content\/uploads\/2019\/08\/Remote-Work-Den-Chef-das-erste-Mal-nach-zwei-Jahren-getroffen_Organisator.jpg 678w, https:\/\/www.organisator.ch\/wp-content\/uploads\/2019\/08\/Remote-Work-Den-Chef-das-erste-Mal-nach-zwei-Jahren-getroffen_Organisator-16x9.jpg 16w, https:\/\/www.organisator.ch\/wp-content\/uploads\/2019\/08\/Remote-Work-Den-Chef-das-erste-Mal-nach-zwei-Jahren-getroffen_Organisator-303x175.jpg 303w, https:\/\/www.organisator.ch\/wp-content\/uploads\/2019\/08\/Remote-Work-Den-Chef-das-erste-Mal-nach-zwei-Jahren-getroffen_Organisator-605x350.jpg 605w, https:\/\/www.organisator.ch\/wp-content\/uploads\/2019\/08\/Remote-Work-Den-Chef-das-erste-Mal-nach-zwei-Jahren-getroffen_Organisator-300x173.jpg 300w\" sizes=\"auto, (max-width: 678px) 100vw, 678px\" \/><figcaption id=\"caption-attachment-5630\" class=\"wp-caption-text\">Ofri CEO Benny Hertach (second from right) and his team rely on remote work. The photo was taken at the recent Company Retreat in Zurich. (Image: zVg \/ Ofri)<\/figcaption><\/figure>\n<p>Doing without a commute, coworking, or taking the kids to swimming lessons in the afternoon? What sounds like a dream to many is a reality for the four-person team at Ofri. This Zurich-based company has been operating an independent craftsmen's portal since 2011. Ofri's employees freely determine their work location and work schedule.\u00a0<span style=\"display: inline !important; float: none; background-color: transparent; color: #333333; cursor: text; font-family: Georgia,'Times New Roman','Bitstream Charter',Times,serif; font-size: 16px; font-style: normal; font-variant: normal; font-weight: 400; letter-spacing: normal; orphans: 2; text-align: left; text-decoration: none; text-indent: 0px; text-transform: none; -webkit-text-stroke-width: 0px; white-space: normal; word-spacing: 0px;\">With remote work, the focus is also on the work result of the <\/span><span style=\"display: inline !important; float: none; background-color: transparent; color: #333333; cursor: text; font-family: Georgia,'Times New Roman','Bitstream Charter',Times,serif; font-size: 16px; font-style: normal; font-variant: normal; font-weight: 400; letter-spacing: normal; orphans: 2; text-align: left; text-decoration: none; text-indent: 0px; text-transform: none; -webkit-text-stroke-width: 0px; white-space: normal; word-spacing: 0px;\">employees and not on his or her attendance time.<\/span><\/p>\n<h2>Result more important than presence<\/h2>\n<p>\"The result of the work is important to me. When and from where my employees work is not important to me,\" introduces Benny Hertach, founder of the craftsmen's platform. Since 2015, the Zurich-based company has been working completely location-independently. Its employees are currently located in Greece, Poland, Spain and Switzerland. The only thing he requires is that the time difference to the office in Zurich is a maximum of two hours. \"During the first four years, I was the only employee of my company. During this time, I learned to appreciate the advantages of working independently. On particularly hot<br \/>\ndays, I took a break in the afternoon and worked longer in the evening.\" For him, it was clear that he wanted to offer his employees the same freedom. Some team members are night owls, others work better early in the morning. Everyone knows when and where they are most productive, so he doesn't want to interfere artificially.<\/p>\n<h2>Documentation and regular meetings via webcam<\/h2>\n<p>The decentralized and asynchronous form of work requires transparent documentation. Using communication and project management programs such as Slack, Trello, or Confluence, employees can view the status, goals, and upcoming tasks. The team meets regularly - at least virtually. Using the video conferencing program Zoom, the Ofri team holds weekly team and project meetings. Here, too, meticulous documentation is kept, its employee Corina Burri recently told <a href=\"https:\/\/www.forbes.com\/sites\/barnabylashbrooke\/2019\/03\/19\/forget-jeff-bezos-two-pizza-rulelets- put-meetings-out-of-their-misery\/#56c480d81c51\">Forbes<\/a>.<\/p>\n<h2>Company retreat as compensation<\/h2>\n<p>Remote work also has challenges, Hertach points out: \"We don't just happen to meet in the coffee kitchen. There's a risk that the working relationship becomes too sterile.\" To counteract this, the Ofri team added a 15-minute culture session to the team meeting a year ago. For once, it's not about metrics optimization or customer service, but about weekend plans, series tips and favorite blogs.<\/p>\n<p>For the past three years, the Ofri team has also held an annual company retreat. For five days, the team members meet in a city and work together on product development for the following twelve months. But the cultural part is not neglected. During one and a half days, the team indulges in a leisure activity together. Be it hiking in Malta, stand-up paddling in Lisbon or a conference visit in Zurich. It was also at the first company retreat in Malta that Silvia Piangou, responsible for customer service, met her supervisor in person for the first time. \"I naturally looked forward to the first real meeting with excitement. We had been in daily contact via Slack and Zoom for two years, but had never met,\" Piangou says. \"The tension dissipated with the first handshake,\" Piangou continues. She was amazed at how well she already knew her supervisor through digital collaboration. \"The meeting allowed us to further strengthen our mutual trust,\" Piangou adds.<\/p>\n<h2>Search for professionals across Europe<\/h2>\n<p>\"When recruiting, I could also consider candidates from far away from Zurich. The applicant radius increased, I was able to be more selective and recruit the people who really fit in best with us professionally and personally,\" that was the most significant advantage for him from an entrepreneurial point of view, explains Hertach. In his experience, he says, experienced employees in particular are not willing to relocate for a new job.<\/p>\n<p><em>Source: <a href=\"http:\/\/www.ofri.ch\">Ofri<\/a><\/em><\/p>","protected":false},"excerpt":{"rendered":"<p>Aufs Pendeln verzichten, im Coworking arbeiten oder die Kinder nachmittags in den Schwimmkurs begleiten? Was f\u00fcr viele wie ein Traum klingt, ist f\u00fcr das vierk\u00f6pfige Team von Ofri Realit\u00e4t. Dieses in Z\u00fcrich ans\u00e4ssige Unternehmen betreibt seit 2011 ein unabh\u00e4ngiges Handwerkerportal. Die Angestellten von Ofri bestimmen ihren Arbeitsort und die Arbeitseinteilung frei.\u00a0Bei Remote-Work liegt der Fokus [&hellip;]<\/p>\n","protected":false},"author":4,"featured_media":5630,"comment_status":"open","ping_status":"open","sticky":false,"template":"","format":"standard","meta":{"_acf_changed":false,"_yoast_wpseo_focuskw":"Remote-Work","_yoast_wpseo_metadesc":"Benny Hertach, Gr\u00fcnder der Handwerkerplattform Ofri, experimentiert seit vier Jahren mit Remote-Work. Seine Mitarbeiter w\u00e4hlen den Arbeitsort selbst.","articlekey":"","footnotes":""},"categories":[28],"tags":[51,363,492],"class_list":["post-5629","post","type-post","status-publish","format-standard","has-post-thumbnail","hentry","category-management","tag-arbeitsplatzgestaltung","tag-new-work","tag-unternehmen"],"acf":[],"yoast_head":"<!-- This site is optimized with the Yoast SEO plugin v27.5 - https:\/\/yoast.com\/product\/yoast-seo-wordpress\/ -->\n<title>Remote-Work: Den Chef das erste Mal nach zwei Jahren getroffen - Organisator<\/title>\n<meta name=\"description\" content=\"Benny Hertach, Gr\u00fcnder der Handwerkerplattform Ofri, experimentiert seit vier Jahren mit Remote-Work. Seine Mitarbeiter w\u00e4hlen den Arbeitsort selbst.\" \/>\n<meta name=\"robots\" content=\"index, follow, max-snippet:-1, max-image-preview:large, max-video-preview:-1\" \/>\n<link rel=\"canonical\" href=\"https:\/\/www.organisator.ch\/en\/management\/2019-08-02\/remote-work-den-chef-das-erste-mal-nach-zwei-jahren-getroffen\/\" \/>\n<meta property=\"og:locale\" content=\"en_US\" \/>\n<meta property=\"og:type\" content=\"article\" \/>\n<meta property=\"og:title\" content=\"Remote-Work: Den Chef das erste Mal nach zwei Jahren getroffen\" \/>\n<meta property=\"og:description\" content=\"Benny Hertach, Gr\u00fcnder der Handwerkerplattform Ofri, experimentiert seit vier Jahren mit Remote-Work. Seine Mitarbeiter w\u00e4hlen den Arbeitsort selbst.\" \/>\n<meta property=\"og:url\" content=\"https:\/\/www.organisator.ch\/en\/management\/2019-08-02\/remote-work-den-chef-das-erste-mal-nach-zwei-jahren-getroffen\/\" \/>\n<meta property=\"og:site_name\" content=\"Organisator\" \/>\n<meta property=\"article:publisher\" content=\"https:\/\/www.facebook.com\/OrganisatorFachmagazin\" \/>\n<meta property=\"article:published_time\" content=\"2019-08-02T13:54:01+00:00\" \/>\n<meta property=\"og:image\" content=\"https:\/\/www.organisator.ch\/wp-content\/uploads\/2019\/08\/Remote-Work-Den-Chef-das-erste-Mal-nach-zwei-Jahren-getroffen_Organisator.jpg\" \/>\n\t<meta property=\"og:image:width\" content=\"678\" \/>\n\t<meta property=\"og:image:height\" content=\"392\" \/>\n\t<meta property=\"og:image:type\" content=\"image\/jpeg\" \/>\n<meta name=\"author\" content=\"thomas.berner\" \/>\n<meta name=\"twitter:card\" content=\"summary_large_image\" \/>\n<meta name=\"twitter:title\" content=\"#Remote-Work: Den Chef das erste Mal nach zwei Jahren getroffen\" \/>\n<meta name=\"twitter:description\" content=\"Benny Hertach, Gr\u00fcnder der Handwerkerplattform #Ofri, experimentiert seit vier Jahren mit #Remote-Work. Seine Mitarbeiter w\u00e4hlen den Arbeitsort selbst.\" \/>\n<meta name=\"twitter:image\" content=\"https:\/\/www.organisator.ch\/wp-content\/uploads\/2019\/08\/Remote-Work-Den-Chef-das-erste-Mal-nach-zwei-Jahren-getroffen_Organisator.jpg\" \/>\n<script type=\"application\/ld+json\" class=\"yoast-schema-graph\">{\"@context\":\"https:\\\/\\\/schema.org\",\"@graph\":[{\"@type\":\"Article\",\"@id\":\"https:\\\/\\\/www.organisator.ch\\\/management\\\/2019-08-02\\\/remote-work-den-chef-das-erste-mal-nach-zwei-jahren-getroffen\\\/#article\",\"isPartOf\":{\"@id\":\"https:\\\/\\\/www.organisator.ch\\\/management\\\/2019-08-02\\\/remote-work-den-chef-das-erste-mal-nach-zwei-jahren-getroffen\\\/\"},\"author\":{\"name\":\"thomas.berner\",\"@id\":\"https:\\\/\\\/www.organisator.ch\\\/#\\\/schema\\\/person\\\/6f650f90b2842cd4c0cc334b4e36f67e\"},\"headline\":\"Remote-Work: Den Chef das erste Mal nach zwei Jahren getroffen\",\"datePublished\":\"2019-08-02T13:54:01+00:00\",\"mainEntityOfPage\":{\"@id\":\"https:\\\/\\\/www.organisator.ch\\\/management\\\/2019-08-02\\\/remote-work-den-chef-das-erste-mal-nach-zwei-jahren-getroffen\\\/\"},\"wordCount\":654,\"commentCount\":0,\"publisher\":{\"@id\":\"https:\\\/\\\/www.organisator.ch\\\/#organization\"},\"image\":{\"@id\":\"https:\\\/\\\/www.organisator.ch\\\/management\\\/2019-08-02\\\/remote-work-den-chef-das-erste-mal-nach-zwei-jahren-getroffen\\\/#primaryimage\"},\"thumbnailUrl\":\"https:\\\/\\\/www.organisator.ch\\\/wp-content\\\/uploads\\\/2019\\\/08\\\/Remote-Work-Den-Chef-das-erste-Mal-nach-zwei-Jahren-getroffen_Organisator.jpg\",\"keywords\":[\"Arbeitsplatzgestaltung\",\"New Work\",\"Unternehmen\"],\"articleSection\":[\"MANAGEMENT\"],\"inLanguage\":\"en-US\"},{\"@type\":\"WebPage\",\"@id\":\"https:\\\/\\\/www.organisator.ch\\\/management\\\/2019-08-02\\\/remote-work-den-chef-das-erste-mal-nach-zwei-jahren-getroffen\\\/\",\"url\":\"https:\\\/\\\/www.organisator.ch\\\/management\\\/2019-08-02\\\/remote-work-den-chef-das-erste-mal-nach-zwei-jahren-getroffen\\\/\",\"name\":\"Remote-Work: Den Chef das erste Mal nach zwei Jahren getroffen - Organisator\",\"isPartOf\":{\"@id\":\"https:\\\/\\\/www.organisator.ch\\\/#website\"},\"primaryImageOfPage\":{\"@id\":\"https:\\\/\\\/www.organisator.ch\\\/management\\\/2019-08-02\\\/remote-work-den-chef-das-erste-mal-nach-zwei-jahren-getroffen\\\/#primaryimage\"},\"image\":{\"@id\":\"https:\\\/\\\/www.organisator.ch\\\/management\\\/2019-08-02\\\/remote-work-den-chef-das-erste-mal-nach-zwei-jahren-getroffen\\\/#primaryimage\"},\"thumbnailUrl\":\"https:\\\/\\\/www.organisator.ch\\\/wp-content\\\/uploads\\\/2019\\\/08\\\/Remote-Work-Den-Chef-das-erste-Mal-nach-zwei-Jahren-getroffen_Organisator.jpg\",\"datePublished\":\"2019-08-02T13:54:01+00:00\",\"description\":\"Benny Hertach, Gr\u00fcnder der Handwerkerplattform Ofri, experimentiert seit vier Jahren mit Remote-Work. Seine Mitarbeiter w\u00e4hlen den Arbeitsort selbst.\",\"breadcrumb\":{\"@id\":\"https:\\\/\\\/www.organisator.ch\\\/management\\\/2019-08-02\\\/remote-work-den-chef-das-erste-mal-nach-zwei-jahren-getroffen\\\/#breadcrumb\"},\"inLanguage\":\"en-US\",\"potentialAction\":[{\"@type\":\"ReadAction\",\"target\":[\"https:\\\/\\\/www.organisator.ch\\\/management\\\/2019-08-02\\\/remote-work-den-chef-das-erste-mal-nach-zwei-jahren-getroffen\\\/\"]}]},{\"@type\":\"ImageObject\",\"inLanguage\":\"en-US\",\"@id\":\"https:\\\/\\\/www.organisator.ch\\\/management\\\/2019-08-02\\\/remote-work-den-chef-das-erste-mal-nach-zwei-jahren-getroffen\\\/#primaryimage\",\"url\":\"https:\\\/\\\/www.organisator.ch\\\/wp-content\\\/uploads\\\/2019\\\/08\\\/Remote-Work-Den-Chef-das-erste-Mal-nach-zwei-Jahren-getroffen_Organisator.jpg\",\"contentUrl\":\"https:\\\/\\\/www.organisator.ch\\\/wp-content\\\/uploads\\\/2019\\\/08\\\/Remote-Work-Den-Chef-das-erste-Mal-nach-zwei-Jahren-getroffen_Organisator.jpg\",\"width\":678,\"height\":392,\"caption\":\"Remote-Work: Das Team von Ofri bestimmt seinen Arbeitsplatz selbst und trifft sich einmal im Jahr zu einem Company-Retreat. (Bild: zVg \\\/ Ofri)\"},{\"@type\":\"BreadcrumbList\",\"@id\":\"https:\\\/\\\/www.organisator.ch\\\/management\\\/2019-08-02\\\/remote-work-den-chef-das-erste-mal-nach-zwei-jahren-getroffen\\\/#breadcrumb\",\"itemListElement\":[{\"@type\":\"ListItem\",\"position\":1,\"name\":\"Home\",\"item\":\"https:\\\/\\\/www.organisator.ch\\\/\"},{\"@type\":\"ListItem\",\"position\":2,\"name\":\"Remote-Work: Den Chef das erste Mal nach zwei Jahren getroffen\"}]},{\"@type\":\"WebSite\",\"@id\":\"https:\\\/\\\/www.organisator.ch\\\/#website\",\"url\":\"https:\\\/\\\/www.organisator.ch\\\/\",\"name\":\"Organisator\",\"description\":\"Kompetent. Praxisnah. Der ORGANISATOR bereitet in 10 Ausgaben pro Jahr die wesentlichen Themen f\u00fcr F\u00fchrungskr\u00e4fte von KMU auf.\",\"publisher\":{\"@id\":\"https:\\\/\\\/www.organisator.ch\\\/#organization\"},\"potentialAction\":[{\"@type\":\"SearchAction\",\"target\":{\"@type\":\"EntryPoint\",\"urlTemplate\":\"https:\\\/\\\/www.organisator.ch\\\/?s={search_term_string}\"},\"query-input\":{\"@type\":\"PropertyValueSpecification\",\"valueRequired\":true,\"valueName\":\"search_term_string\"}}],\"inLanguage\":\"en-US\"},{\"@type\":\"Organization\",\"@id\":\"https:\\\/\\\/www.organisator.ch\\\/#organization\",\"name\":\"Organisator\",\"url\":\"https:\\\/\\\/www.organisator.ch\\\/\",\"logo\":{\"@type\":\"ImageObject\",\"inLanguage\":\"en-US\",\"@id\":\"https:\\\/\\\/www.organisator.ch\\\/#\\\/schema\\\/logo\\\/image\\\/\",\"url\":\"https:\\\/\\\/www.organisator.ch\\\/wp-content\\\/uploads\\\/2022\\\/01\\\/Logo_Organisator_Website.png\",\"contentUrl\":\"https:\\\/\\\/www.organisator.ch\\\/wp-content\\\/uploads\\\/2022\\\/01\\\/Logo_Organisator_Website.png\",\"width\":800,\"height\":77,\"caption\":\"Organisator\"},\"image\":{\"@id\":\"https:\\\/\\\/www.organisator.ch\\\/#\\\/schema\\\/logo\\\/image\\\/\"},\"sameAs\":[\"https:\\\/\\\/www.facebook.com\\\/OrganisatorFachmagazin\",\"https:\\\/\\\/www.linkedin.com\\\/showcase\\\/organisator-das-magazin-fr-kmu\",\"https:\\\/\\\/www.xing.com\\\/news\\\/pages\\\/organisator-ch-695\",\"https:\\\/\\\/www.youtube.com\\\/channel\\\/UCGP2Sq0iWaZwT3BdIAQFYpw\"]},{\"@type\":\"Person\",\"@id\":\"https:\\\/\\\/www.organisator.ch\\\/#\\\/schema\\\/person\\\/6f650f90b2842cd4c0cc334b4e36f67e\",\"name\":\"thomas.berner\",\"image\":{\"@type\":\"ImageObject\",\"inLanguage\":\"en-US\",\"@id\":\"https:\\\/\\\/secure.gravatar.com\\\/avatar\\\/ac5001d2a36cb6c6cd3e50789007ffca834b477b74a2144564522e944eabff61?s=96&d=mm&r=g\",\"url\":\"https:\\\/\\\/secure.gravatar.com\\\/avatar\\\/ac5001d2a36cb6c6cd3e50789007ffca834b477b74a2144564522e944eabff61?s=96&d=mm&r=g\",\"contentUrl\":\"https:\\\/\\\/secure.gravatar.com\\\/avatar\\\/ac5001d2a36cb6c6cd3e50789007ffca834b477b74a2144564522e944eabff61?s=96&d=mm&r=g\",\"caption\":\"thomas.berner\"},\"url\":\"https:\\\/\\\/www.organisator.ch\\\/en\\\/author\\\/thomas-berner\\\/\"}]}<\/script>\n<!-- \/ Yoast SEO plugin. -->","yoast_head_json":{"title":"Remote work: met the boss for the first time in two years - organizer","description":"Benny Hertach, founder of the craftsman platform Ofri, has been experimenting with remote work for four years. His employees choose the work location themselves.","robots":{"index":"index","follow":"follow","max-snippet":"max-snippet:-1","max-image-preview":"max-image-preview:large","max-video-preview":"max-video-preview:-1"},"canonical":"https:\/\/www.organisator.ch\/en\/management\/2019-08-02\/remote-work-den-chef-das-erste-mal-nach-zwei-jahren-getroffen\/","og_locale":"en_US","og_type":"article","og_title":"Remote-Work: Den Chef das erste Mal nach zwei Jahren getroffen","og_description":"Benny Hertach, Gr\u00fcnder der Handwerkerplattform Ofri, experimentiert seit vier Jahren mit Remote-Work. Seine Mitarbeiter w\u00e4hlen den Arbeitsort selbst.","og_url":"https:\/\/www.organisator.ch\/en\/management\/2019-08-02\/remote-work-den-chef-das-erste-mal-nach-zwei-jahren-getroffen\/","og_site_name":"Organisator","article_publisher":"https:\/\/www.facebook.com\/OrganisatorFachmagazin","article_published_time":"2019-08-02T13:54:01+00:00","og_image":[{"width":678,"height":392,"url":"https:\/\/www.organisator.ch\/wp-content\/uploads\/2019\/08\/Remote-Work-Den-Chef-das-erste-Mal-nach-zwei-Jahren-getroffen_Organisator.jpg","type":"image\/jpeg"}],"author":"thomas.berner","twitter_card":"summary_large_image","twitter_title":"#Remote-Work: Den Chef das erste Mal nach zwei Jahren getroffen","twitter_description":"Benny Hertach, Gr\u00fcnder der Handwerkerplattform #Ofri, experimentiert seit vier Jahren mit #Remote-Work. Seine Mitarbeiter w\u00e4hlen den Arbeitsort selbst.","twitter_image":"https:\/\/www.organisator.ch\/wp-content\/uploads\/2019\/08\/Remote-Work-Den-Chef-das-erste-Mal-nach-zwei-Jahren-getroffen_Organisator.jpg","schema":{"@context":"https:\/\/schema.org","@graph":[{"@type":"Article","@id":"https:\/\/www.organisator.ch\/management\/2019-08-02\/remote-work-den-chef-das-erste-mal-nach-zwei-jahren-getroffen\/#article","isPartOf":{"@id":"https:\/\/www.organisator.ch\/management\/2019-08-02\/remote-work-den-chef-das-erste-mal-nach-zwei-jahren-getroffen\/"},"author":{"name":"thomas.berner","@id":"https:\/\/www.organisator.ch\/#\/schema\/person\/6f650f90b2842cd4c0cc334b4e36f67e"},"headline":"Remote-Work: Den Chef das erste Mal nach zwei Jahren getroffen","datePublished":"2019-08-02T13:54:01+00:00","mainEntityOfPage":{"@id":"https:\/\/www.organisator.ch\/management\/2019-08-02\/remote-work-den-chef-das-erste-mal-nach-zwei-jahren-getroffen\/"},"wordCount":654,"commentCount":0,"publisher":{"@id":"https:\/\/www.organisator.ch\/#organization"},"image":{"@id":"https:\/\/www.organisator.ch\/management\/2019-08-02\/remote-work-den-chef-das-erste-mal-nach-zwei-jahren-getroffen\/#primaryimage"},"thumbnailUrl":"https:\/\/www.organisator.ch\/wp-content\/uploads\/2019\/08\/Remote-Work-Den-Chef-das-erste-Mal-nach-zwei-Jahren-getroffen_Organisator.jpg","keywords":["Arbeitsplatzgestaltung","New Work","Unternehmen"],"articleSection":["MANAGEMENT"],"inLanguage":"en-US"},{"@type":"WebPage","@id":"https:\/\/www.organisator.ch\/management\/2019-08-02\/remote-work-den-chef-das-erste-mal-nach-zwei-jahren-getroffen\/","url":"https:\/\/www.organisator.ch\/management\/2019-08-02\/remote-work-den-chef-das-erste-mal-nach-zwei-jahren-getroffen\/","name":"Remote work: met the boss for the first time in two years - organizer","isPartOf":{"@id":"https:\/\/www.organisator.ch\/#website"},"primaryImageOfPage":{"@id":"https:\/\/www.organisator.ch\/management\/2019-08-02\/remote-work-den-chef-das-erste-mal-nach-zwei-jahren-getroffen\/#primaryimage"},"image":{"@id":"https:\/\/www.organisator.ch\/management\/2019-08-02\/remote-work-den-chef-das-erste-mal-nach-zwei-jahren-getroffen\/#primaryimage"},"thumbnailUrl":"https:\/\/www.organisator.ch\/wp-content\/uploads\/2019\/08\/Remote-Work-Den-Chef-das-erste-Mal-nach-zwei-Jahren-getroffen_Organisator.jpg","datePublished":"2019-08-02T13:54:01+00:00","description":"Benny Hertach, founder of the craftsman platform Ofri, has been experimenting with remote work for four years. His employees choose the work location themselves.","breadcrumb":{"@id":"https:\/\/www.organisator.ch\/management\/2019-08-02\/remote-work-den-chef-das-erste-mal-nach-zwei-jahren-getroffen\/#breadcrumb"},"inLanguage":"en-US","potentialAction":[{"@type":"ReadAction","target":["https:\/\/www.organisator.ch\/management\/2019-08-02\/remote-work-den-chef-das-erste-mal-nach-zwei-jahren-getroffen\/"]}]},{"@type":"ImageObject","inLanguage":"en-US","@id":"https:\/\/www.organisator.ch\/management\/2019-08-02\/remote-work-den-chef-das-erste-mal-nach-zwei-jahren-getroffen\/#primaryimage","url":"https:\/\/www.organisator.ch\/wp-content\/uploads\/2019\/08\/Remote-Work-Den-Chef-das-erste-Mal-nach-zwei-Jahren-getroffen_Organisator.jpg","contentUrl":"https:\/\/www.organisator.ch\/wp-content\/uploads\/2019\/08\/Remote-Work-Den-Chef-das-erste-Mal-nach-zwei-Jahren-getroffen_Organisator.jpg","width":678,"height":392,"caption":"Remote-Work: Das Team von Ofri bestimmt seinen Arbeitsplatz selbst und trifft sich einmal im Jahr zu einem Company-Retreat. (Bild: zVg \/ Ofri)"},{"@type":"BreadcrumbList","@id":"https:\/\/www.organisator.ch\/management\/2019-08-02\/remote-work-den-chef-das-erste-mal-nach-zwei-jahren-getroffen\/#breadcrumb","itemListElement":[{"@type":"ListItem","position":1,"name":"Home","item":"https:\/\/www.organisator.ch\/"},{"@type":"ListItem","position":2,"name":"Remote-Work: Den Chef das erste Mal nach zwei Jahren getroffen"}]},{"@type":"WebSite","@id":"https:\/\/www.organisator.ch\/#website","url":"https:\/\/www.organisator.ch\/","name":"Organizer","description":"Competent. Practical. In 10 issues per year, ORGANISATOR presents the essential topics for managers of SMEs.","publisher":{"@id":"https:\/\/www.organisator.ch\/#organization"},"potentialAction":[{"@type":"SearchAction","target":{"@type":"EntryPoint","urlTemplate":"https:\/\/www.organisator.ch\/?s={search_term_string}"},"query-input":{"@type":"PropertyValueSpecification","valueRequired":true,"valueName":"search_term_string"}}],"inLanguage":"en-US"},{"@type":"Organization","@id":"https:\/\/www.organisator.ch\/#organization","name":"Organizer","url":"https:\/\/www.organisator.ch\/","logo":{"@type":"ImageObject","inLanguage":"en-US","@id":"https:\/\/www.organisator.ch\/#\/schema\/logo\/image\/","url":"https:\/\/www.organisator.ch\/wp-content\/uploads\/2022\/01\/Logo_Organisator_Website.png","contentUrl":"https:\/\/www.organisator.ch\/wp-content\/uploads\/2022\/01\/Logo_Organisator_Website.png","width":800,"height":77,"caption":"Organisator"},"image":{"@id":"https:\/\/www.organisator.ch\/#\/schema\/logo\/image\/"},"sameAs":["https:\/\/www.facebook.com\/OrganisatorFachmagazin","https:\/\/www.linkedin.com\/showcase\/organisator-das-magazin-fr-kmu","https:\/\/www.xing.com\/news\/pages\/organisator-ch-695","https:\/\/www.youtube.com\/channel\/UCGP2Sq0iWaZwT3BdIAQFYpw"]},{"@type":"Person","@id":"https:\/\/www.organisator.ch\/#\/schema\/person\/6f650f90b2842cd4c0cc334b4e36f67e","name":"thomas.berner","image":{"@type":"ImageObject","inLanguage":"en-US","@id":"https:\/\/secure.gravatar.com\/avatar\/ac5001d2a36cb6c6cd3e50789007ffca834b477b74a2144564522e944eabff61?s=96&d=mm&r=g","url":"https:\/\/secure.gravatar.com\/avatar\/ac5001d2a36cb6c6cd3e50789007ffca834b477b74a2144564522e944eabff61?s=96&d=mm&r=g","contentUrl":"https:\/\/secure.gravatar.com\/avatar\/ac5001d2a36cb6c6cd3e50789007ffca834b477b74a2144564522e944eabff61?s=96&d=mm&r=g","caption":"thomas.berner"},"url":"https:\/\/www.organisator.ch\/en\/author\/thomas-berner\/"}]}},"_links":{"self":[{"href":"https:\/\/www.organisator.ch\/en\/wp-json\/wp\/v2\/posts\/5629","targetHints":{"allow":["GET"]}}],"collection":[{"href":"https:\/\/www.organisator.ch\/en\/wp-json\/wp\/v2\/posts"}],"about":[{"href":"https:\/\/www.organisator.ch\/en\/wp-json\/wp\/v2\/types\/post"}],"author":[{"embeddable":true,"href":"https:\/\/www.organisator.ch\/en\/wp-json\/wp\/v2\/users\/4"}],"replies":[{"embeddable":true,"href":"https:\/\/www.organisator.ch\/en\/wp-json\/wp\/v2\/comments?post=5629"}],"version-history":[{"count":0,"href":"https:\/\/www.organisator.ch\/en\/wp-json\/wp\/v2\/posts\/5629\/revisions"}],"wp:featuredmedia":[{"embeddable":true,"href":"https:\/\/www.organisator.ch\/en\/wp-json\/wp\/v2\/media\/5630"}],"wp:attachment":[{"href":"https:\/\/www.organisator.ch\/en\/wp-json\/wp\/v2\/media?parent=5629"}],"wp:term":[{"taxonomy":"category","embeddable":true,"href":"https:\/\/www.organisator.ch\/en\/wp-json\/wp\/v2\/categories?post=5629"},{"taxonomy":"post_tag","embeddable":true,"href":"https:\/\/www.organisator.ch\/en\/wp-json\/wp\/v2\/tags?post=5629"}],"curies":[{"name":"wp","href":"https:\/\/api.w.org\/{rel}","templated":true}]}}