{"id":5641,"date":"2019-08-09T08:27:25","date_gmt":"2019-08-09T06:27:25","guid":{"rendered":"https:\/\/www.organisator.ch\/?p=5641"},"modified":"2019-08-09T08:27:25","modified_gmt":"2019-08-09T06:27:25","slug":"rekordbeteiligung-bei-den-workshops-und-referaten-der-it-messe-topsoft-2019","status":"publish","type":"post","link":"https:\/\/www.organisator.ch\/en\/management\/it\/2019-08-09\/rekordbeteiligung-bei-den-workshops-und-referaten-der-it-messe-topsoft-2019\/","title":{"rendered":"Record attendance at workshops and presentations at the topsoft 2019 IT trade fair"},"content":{"rendered":"<figure id=\"attachment_5642\" aria-describedby=\"caption-attachment-5642\" style=\"width: 680px\" class=\"wp-caption alignnone\"><img loading=\"lazy\" decoding=\"async\" class=\"size-medium wp-image-5642\" src=\"https:\/\/www.organisator.ch\/wp-content\/uploads\/2019\/08\/Rekordbeteiligung-bei-den-Workshops-und-Referaten-der-IT-Messe-topsoft-2019_Organisator.jpg\" alt=\"\" width=\"680\" height=\"453\" srcset=\"https:\/\/www.organisator.ch\/wp-content\/uploads\/2019\/08\/Rekordbeteiligung-bei-den-Workshops-und-Referaten-der-IT-Messe-topsoft-2019_Organisator.jpg 680w, https:\/\/www.organisator.ch\/wp-content\/uploads\/2019\/08\/Rekordbeteiligung-bei-den-Workshops-und-Referaten-der-IT-Messe-topsoft-2019_Organisator-16x12.jpg 16w, https:\/\/www.organisator.ch\/wp-content\/uploads\/2019\/08\/Rekordbeteiligung-bei-den-Workshops-und-Referaten-der-IT-Messe-topsoft-2019_Organisator-263x175.jpg 263w, https:\/\/www.organisator.ch\/wp-content\/uploads\/2019\/08\/Rekordbeteiligung-bei-den-Workshops-und-Referaten-der-IT-Messe-topsoft-2019_Organisator-525x350.jpg 525w, https:\/\/www.organisator.ch\/wp-content\/uploads\/2019\/08\/Rekordbeteiligung-bei-den-Workshops-und-Referaten-der-IT-Messe-topsoft-2019_Organisator-300x200.jpg 300w\" sizes=\"auto, (max-width: 680px) 100vw, 680px\" \/><figcaption id=\"caption-attachment-5642\" class=\"wp-caption-text\">topsoft 2019 offers probably the richest program of presentations ever - the change of venue to the Umwelt Arena Spreitenbach seems to have paid off. (Image: topsoft)<\/figcaption><\/figure>\n<p>\"We are delighted with the rich and balanced program,\" explains trade fair organizer Cyrill Schmid. The intensive preparations have paid off in terms of both quantity and quality of the workshops and presentations. The line-up of speakers and experts alone is worth a visit to the trade fair and equals the volume of a trade conference.<\/p>\n<h2>Digitization moves companies<\/h2>\n<p>Anyone who wants to move successfully in digitalization needs solutions, knowledge and specialists. All three components can be found at the IT trade fair topsoft 2019. The fact that the new venue is the Umwelt Arena Schweiz, of all places, may be a coincidence, but it fits perfectly with the current concerns of society and companies. \"SMEs do not move in a vacuum. They are in direct contact with digital developments, the social environment and economic goals,\" says Cyrill Schmid, explaining the positive exhibitor response to the new trade fair location.<\/p>\n<h2>It all comes down to know-how<\/h2>\n<p>Hardly any other event offers such a wealth of knowledge on the subject of digitization as topsoft. All presentations, panels, workshops and expert discussions can be attended free of charge on both days of the trade fair. The knowledge content ranges from concrete application possibilities throughout the company to current topics of digitization and practical recommendations for action. The future of work will be covered as well as the latest findings on artificial intelligence, virtual reality, data protection, digital ethics and much more.<\/p>\n<h2>Highlights for every taste<\/h2>\n<p>Which program items deserve special attention depends on individual needs. The agony of choice from the 27 presentations and 11 workshops at topsoft 2019 is great. For example, there is a choice of presentations by \"Bionicman\" Michel Fornasier, digital ethics expert Cornelia Diethelm, online pioneer J\u00f6rg Eugster or Swico CEO Judith Bellaiche. Workshops will be offered on topics such as digital presence on the web, Google online marketing, future design and many more.<\/p>\n<h2>\"August becomes the digital bliss month\".<\/h2>\n<p>For the topsoft organizers, a very good year is already shaping up for the traditional Swiss IT trade fair, explains Cyrill Schmid: \"With the Umwelt Arena Schweiz, we have succeeded in making an important change to an optimally fitting format. This is also shown by the strong demand from exhibitors, speakers and workshop organizers. If the number of visitors is still right, August will be Switzerland's digital bliss month.\"<\/p>\n<p><em><a href=\"http:\/\/www.topsoft.ch\">www.topsoft.ch<\/a><\/em><\/p>","protected":false},"excerpt":{"rendered":"<p>\u00abWir sind hocherfreut \u00fcber das reichhaltige und ausgewogene Programm\u00bb, erkl\u00e4rt Messe-Organisator Cyrill Schmid. Die intensiven Vorbereitungen haben sich sowohl hinsichtlich Quantit\u00e4t als auch Qualit\u00e4t der Workshops und Referate gelohnt. Allein das Line-up der Referenten und Experten lohnt den Messebesuch und kommt dem Volumen einer Fachkonferenz gleich. Digitalisierung bewegt Unternehmen Wer sich erfolgreich in der Digitalisierung [&hellip;]<\/p>\n","protected":false},"author":4,"featured_media":5642,"comment_status":"open","ping_status":"open","sticky":false,"template":"","format":"standard","meta":{"_acf_changed":false,"_yoast_wpseo_focuskw":"topsoft 2019","_yoast_wpseo_metadesc":"Die zweit\u00e4gige IT-Fachmesse topsoft 2019 am 28.\/29. August wartet mit einer Rekordbeteiligung an Workshops und Referaten auf.","articlekey":"","footnotes":""},"categories":[27],"tags":[193,286,288,502],"class_list":["post-5641","post","type-post","status-publish","format-standard","has-post-thumbnail","hentry","category-it","tag-fachkongressfachmesse","tag-it","tag-it-business-software","tag-veranstaltungen"],"acf":[],"yoast_head":"<!-- This site is optimized with the Yoast SEO plugin v27.4 - https:\/\/yoast.com\/product\/yoast-seo-wordpress\/ -->\n<title>Rekordbeteiligung bei den Workshops und Referaten der IT-Messe topsoft 2019 - Organisator<\/title>\n<meta name=\"description\" content=\"Die zweit\u00e4gige IT-Fachmesse topsoft 2019 am 28.\/29. August wartet mit einer Rekordbeteiligung an Workshops und Referaten auf.\" \/>\n<meta name=\"robots\" content=\"index, follow, max-snippet:-1, max-image-preview:large, max-video-preview:-1\" \/>\n<link rel=\"canonical\" href=\"https:\/\/www.organisator.ch\/en\/management\/it\/2019-08-09\/rekordbeteiligung-bei-den-workshops-und-referaten-der-it-messe-topsoft-2019\/\" \/>\n<meta property=\"og:locale\" content=\"en_US\" \/>\n<meta property=\"og:type\" content=\"article\" \/>\n<meta property=\"og:title\" content=\"Rekordbeteiligung bei den Workshops und Referaten der IT-Messe topsoft 2019\" \/>\n<meta property=\"og:description\" content=\"Die zweit\u00e4gige IT-Fachmesse topsoft 2019 am 28.\/29. August wartet mit einer Rekordbeteiligung an Workshops und Referaten auf.\" \/>\n<meta property=\"og:url\" content=\"https:\/\/www.organisator.ch\/en\/management\/it\/2019-08-09\/rekordbeteiligung-bei-den-workshops-und-referaten-der-it-messe-topsoft-2019\/\" \/>\n<meta property=\"og:site_name\" content=\"Organisator\" \/>\n<meta property=\"article:publisher\" content=\"https:\/\/www.facebook.com\/OrganisatorFachmagazin\" \/>\n<meta property=\"article:published_time\" content=\"2019-08-09T06:27:25+00:00\" \/>\n<meta property=\"og:image\" content=\"https:\/\/www.organisator.ch\/wp-content\/uploads\/2019\/08\/Rekordbeteiligung-bei-den-Workshops-und-Referaten-der-IT-Messe-topsoft-2019_Organisator.jpg\" \/>\n\t<meta property=\"og:image:width\" content=\"680\" \/>\n\t<meta property=\"og:image:height\" content=\"453\" \/>\n\t<meta property=\"og:image:type\" content=\"image\/jpeg\" \/>\n<meta name=\"author\" content=\"thomas.berner\" \/>\n<meta name=\"twitter:card\" content=\"summary_large_image\" \/>\n<meta name=\"twitter:title\" content=\"Rekordbeteiligung bei den Workshops und Referaten der IT-Messe #topsoft 2019\" \/>\n<meta name=\"twitter:description\" content=\"Die zweit\u00e4gige #IT-Fachmesse #topsoft 2019 am 28.\/29. August wartet mit einer Rekordbeteiligung an Workshops und Referaten auf.\" \/>\n<meta name=\"twitter:image\" content=\"https:\/\/www.organisator.ch\/wp-content\/uploads\/2019\/08\/Rekordbeteiligung-bei-den-Workshops-und-Referaten-der-IT-Messe-topsoft-2019_Organisator.jpg\" \/>\n<script type=\"application\/ld+json\" class=\"yoast-schema-graph\">{\"@context\":\"https:\\\/\\\/schema.org\",\"@graph\":[{\"@type\":\"Article\",\"@id\":\"https:\\\/\\\/www.organisator.ch\\\/management\\\/it\\\/2019-08-09\\\/rekordbeteiligung-bei-den-workshops-und-referaten-der-it-messe-topsoft-2019\\\/#article\",\"isPartOf\":{\"@id\":\"https:\\\/\\\/www.organisator.ch\\\/management\\\/it\\\/2019-08-09\\\/rekordbeteiligung-bei-den-workshops-und-referaten-der-it-messe-topsoft-2019\\\/\"},\"author\":{\"name\":\"thomas.berner\",\"@id\":\"https:\\\/\\\/www.organisator.ch\\\/#\\\/schema\\\/person\\\/6f650f90b2842cd4c0cc334b4e36f67e\"},\"headline\":\"Rekordbeteiligung bei den Workshops und Referaten der IT-Messe topsoft 2019\",\"datePublished\":\"2019-08-09T06:27:25+00:00\",\"mainEntityOfPage\":{\"@id\":\"https:\\\/\\\/www.organisator.ch\\\/management\\\/it\\\/2019-08-09\\\/rekordbeteiligung-bei-den-workshops-und-referaten-der-it-messe-topsoft-2019\\\/\"},\"wordCount\":402,\"commentCount\":0,\"publisher\":{\"@id\":\"https:\\\/\\\/www.organisator.ch\\\/#organization\"},\"image\":{\"@id\":\"https:\\\/\\\/www.organisator.ch\\\/management\\\/it\\\/2019-08-09\\\/rekordbeteiligung-bei-den-workshops-und-referaten-der-it-messe-topsoft-2019\\\/#primaryimage\"},\"thumbnailUrl\":\"https:\\\/\\\/www.organisator.ch\\\/wp-content\\\/uploads\\\/2019\\\/08\\\/Rekordbeteiligung-bei-den-Workshops-und-Referaten-der-IT-Messe-topsoft-2019_Organisator.jpg\",\"keywords\":[\"Fachkongress\\\/Fachmesse\",\"IT\",\"IT &amp; Business Software\",\"Veranstaltungen\"],\"articleSection\":[\"IT\"],\"inLanguage\":\"en-US\"},{\"@type\":\"WebPage\",\"@id\":\"https:\\\/\\\/www.organisator.ch\\\/management\\\/it\\\/2019-08-09\\\/rekordbeteiligung-bei-den-workshops-und-referaten-der-it-messe-topsoft-2019\\\/\",\"url\":\"https:\\\/\\\/www.organisator.ch\\\/management\\\/it\\\/2019-08-09\\\/rekordbeteiligung-bei-den-workshops-und-referaten-der-it-messe-topsoft-2019\\\/\",\"name\":\"Rekordbeteiligung bei den Workshops und Referaten der IT-Messe topsoft 2019 - Organisator\",\"isPartOf\":{\"@id\":\"https:\\\/\\\/www.organisator.ch\\\/#website\"},\"primaryImageOfPage\":{\"@id\":\"https:\\\/\\\/www.organisator.ch\\\/management\\\/it\\\/2019-08-09\\\/rekordbeteiligung-bei-den-workshops-und-referaten-der-it-messe-topsoft-2019\\\/#primaryimage\"},\"image\":{\"@id\":\"https:\\\/\\\/www.organisator.ch\\\/management\\\/it\\\/2019-08-09\\\/rekordbeteiligung-bei-den-workshops-und-referaten-der-it-messe-topsoft-2019\\\/#primaryimage\"},\"thumbnailUrl\":\"https:\\\/\\\/www.organisator.ch\\\/wp-content\\\/uploads\\\/2019\\\/08\\\/Rekordbeteiligung-bei-den-Workshops-und-Referaten-der-IT-Messe-topsoft-2019_Organisator.jpg\",\"datePublished\":\"2019-08-09T06:27:25+00:00\",\"description\":\"Die zweit\u00e4gige IT-Fachmesse topsoft 2019 am 28.\\\/29. August wartet mit einer Rekordbeteiligung an Workshops und Referaten auf.\",\"breadcrumb\":{\"@id\":\"https:\\\/\\\/www.organisator.ch\\\/management\\\/it\\\/2019-08-09\\\/rekordbeteiligung-bei-den-workshops-und-referaten-der-it-messe-topsoft-2019\\\/#breadcrumb\"},\"inLanguage\":\"en-US\",\"potentialAction\":[{\"@type\":\"ReadAction\",\"target\":[\"https:\\\/\\\/www.organisator.ch\\\/management\\\/it\\\/2019-08-09\\\/rekordbeteiligung-bei-den-workshops-und-referaten-der-it-messe-topsoft-2019\\\/\"]}]},{\"@type\":\"ImageObject\",\"inLanguage\":\"en-US\",\"@id\":\"https:\\\/\\\/www.organisator.ch\\\/management\\\/it\\\/2019-08-09\\\/rekordbeteiligung-bei-den-workshops-und-referaten-der-it-messe-topsoft-2019\\\/#primaryimage\",\"url\":\"https:\\\/\\\/www.organisator.ch\\\/wp-content\\\/uploads\\\/2019\\\/08\\\/Rekordbeteiligung-bei-den-Workshops-und-Referaten-der-IT-Messe-topsoft-2019_Organisator.jpg\",\"contentUrl\":\"https:\\\/\\\/www.organisator.ch\\\/wp-content\\\/uploads\\\/2019\\\/08\\\/Rekordbeteiligung-bei-den-Workshops-und-Referaten-der-IT-Messe-topsoft-2019_Organisator.jpg\",\"width\":680,\"height\":453,\"caption\":\"Die topsoft 2019 wartet mit dem wohl reichhaltigsten Referateprogramm aller Zeiten auf - der Wechsel des Veranstaltungsorts in die Umwelt Arena Spreitenbach scheint sich auszuzahlen. (Bild: topsoft)\"},{\"@type\":\"BreadcrumbList\",\"@id\":\"https:\\\/\\\/www.organisator.ch\\\/management\\\/it\\\/2019-08-09\\\/rekordbeteiligung-bei-den-workshops-und-referaten-der-it-messe-topsoft-2019\\\/#breadcrumb\",\"itemListElement\":[{\"@type\":\"ListItem\",\"position\":1,\"name\":\"Home\",\"item\":\"https:\\\/\\\/www.organisator.ch\\\/\"},{\"@type\":\"ListItem\",\"position\":2,\"name\":\"Rekordbeteiligung bei den Workshops und Referaten der IT-Messe topsoft 2019\"}]},{\"@type\":\"WebSite\",\"@id\":\"https:\\\/\\\/www.organisator.ch\\\/#website\",\"url\":\"https:\\\/\\\/www.organisator.ch\\\/\",\"name\":\"Organisator\",\"description\":\"Kompetent. Praxisnah. Der ORGANISATOR bereitet in 10 Ausgaben pro Jahr die wesentlichen Themen f\u00fcr F\u00fchrungskr\u00e4fte von KMU auf.\",\"publisher\":{\"@id\":\"https:\\\/\\\/www.organisator.ch\\\/#organization\"},\"potentialAction\":[{\"@type\":\"SearchAction\",\"target\":{\"@type\":\"EntryPoint\",\"urlTemplate\":\"https:\\\/\\\/www.organisator.ch\\\/?s={search_term_string}\"},\"query-input\":{\"@type\":\"PropertyValueSpecification\",\"valueRequired\":true,\"valueName\":\"search_term_string\"}}],\"inLanguage\":\"en-US\"},{\"@type\":\"Organization\",\"@id\":\"https:\\\/\\\/www.organisator.ch\\\/#organization\",\"name\":\"Organisator\",\"url\":\"https:\\\/\\\/www.organisator.ch\\\/\",\"logo\":{\"@type\":\"ImageObject\",\"inLanguage\":\"en-US\",\"@id\":\"https:\\\/\\\/www.organisator.ch\\\/#\\\/schema\\\/logo\\\/image\\\/\",\"url\":\"https:\\\/\\\/www.organisator.ch\\\/wp-content\\\/uploads\\\/2022\\\/01\\\/Logo_Organisator_Website.png\",\"contentUrl\":\"https:\\\/\\\/www.organisator.ch\\\/wp-content\\\/uploads\\\/2022\\\/01\\\/Logo_Organisator_Website.png\",\"width\":800,\"height\":77,\"caption\":\"Organisator\"},\"image\":{\"@id\":\"https:\\\/\\\/www.organisator.ch\\\/#\\\/schema\\\/logo\\\/image\\\/\"},\"sameAs\":[\"https:\\\/\\\/www.facebook.com\\\/OrganisatorFachmagazin\",\"https:\\\/\\\/www.linkedin.com\\\/showcase\\\/organisator-das-magazin-fr-kmu\",\"https:\\\/\\\/www.xing.com\\\/news\\\/pages\\\/organisator-ch-695\",\"https:\\\/\\\/www.youtube.com\\\/channel\\\/UCGP2Sq0iWaZwT3BdIAQFYpw\"]},{\"@type\":\"Person\",\"@id\":\"https:\\\/\\\/www.organisator.ch\\\/#\\\/schema\\\/person\\\/6f650f90b2842cd4c0cc334b4e36f67e\",\"name\":\"thomas.berner\",\"image\":{\"@type\":\"ImageObject\",\"inLanguage\":\"en-US\",\"@id\":\"https:\\\/\\\/secure.gravatar.com\\\/avatar\\\/ac5001d2a36cb6c6cd3e50789007ffca834b477b74a2144564522e944eabff61?s=96&d=mm&r=g\",\"url\":\"https:\\\/\\\/secure.gravatar.com\\\/avatar\\\/ac5001d2a36cb6c6cd3e50789007ffca834b477b74a2144564522e944eabff61?s=96&d=mm&r=g\",\"contentUrl\":\"https:\\\/\\\/secure.gravatar.com\\\/avatar\\\/ac5001d2a36cb6c6cd3e50789007ffca834b477b74a2144564522e944eabff61?s=96&d=mm&r=g\",\"caption\":\"thomas.berner\"},\"url\":\"https:\\\/\\\/www.organisator.ch\\\/en\\\/author\\\/thomas-berner\\\/\"}]}<\/script>\n<!-- \/ Yoast SEO plugin. -->","yoast_head_json":{"title":"Record participation in the workshops and presentations at the IT trade fair topsoft 2019 - organizer","description":"The two-day topsoft 2019 IT trade fair on August 28-29 will feature a record number of workshops and presentations.","robots":{"index":"index","follow":"follow","max-snippet":"max-snippet:-1","max-image-preview":"max-image-preview:large","max-video-preview":"max-video-preview:-1"},"canonical":"https:\/\/www.organisator.ch\/en\/management\/it\/2019-08-09\/rekordbeteiligung-bei-den-workshops-und-referaten-der-it-messe-topsoft-2019\/","og_locale":"en_US","og_type":"article","og_title":"Rekordbeteiligung bei den Workshops und Referaten der IT-Messe topsoft 2019","og_description":"Die zweit\u00e4gige IT-Fachmesse topsoft 2019 am 28.\/29. August wartet mit einer Rekordbeteiligung an Workshops und Referaten auf.","og_url":"https:\/\/www.organisator.ch\/en\/management\/it\/2019-08-09\/rekordbeteiligung-bei-den-workshops-und-referaten-der-it-messe-topsoft-2019\/","og_site_name":"Organisator","article_publisher":"https:\/\/www.facebook.com\/OrganisatorFachmagazin","article_published_time":"2019-08-09T06:27:25+00:00","og_image":[{"width":680,"height":453,"url":"https:\/\/www.organisator.ch\/wp-content\/uploads\/2019\/08\/Rekordbeteiligung-bei-den-Workshops-und-Referaten-der-IT-Messe-topsoft-2019_Organisator.jpg","type":"image\/jpeg"}],"author":"thomas.berner","twitter_card":"summary_large_image","twitter_title":"Rekordbeteiligung bei den Workshops und Referaten der IT-Messe #topsoft 2019","twitter_description":"Die zweit\u00e4gige #IT-Fachmesse #topsoft 2019 am 28.\/29. August wartet mit einer Rekordbeteiligung an Workshops und Referaten auf.","twitter_image":"https:\/\/www.organisator.ch\/wp-content\/uploads\/2019\/08\/Rekordbeteiligung-bei-den-Workshops-und-Referaten-der-IT-Messe-topsoft-2019_Organisator.jpg","schema":{"@context":"https:\/\/schema.org","@graph":[{"@type":"Article","@id":"https:\/\/www.organisator.ch\/management\/it\/2019-08-09\/rekordbeteiligung-bei-den-workshops-und-referaten-der-it-messe-topsoft-2019\/#article","isPartOf":{"@id":"https:\/\/www.organisator.ch\/management\/it\/2019-08-09\/rekordbeteiligung-bei-den-workshops-und-referaten-der-it-messe-topsoft-2019\/"},"author":{"name":"thomas.berner","@id":"https:\/\/www.organisator.ch\/#\/schema\/person\/6f650f90b2842cd4c0cc334b4e36f67e"},"headline":"Rekordbeteiligung bei den Workshops und Referaten der IT-Messe topsoft 2019","datePublished":"2019-08-09T06:27:25+00:00","mainEntityOfPage":{"@id":"https:\/\/www.organisator.ch\/management\/it\/2019-08-09\/rekordbeteiligung-bei-den-workshops-und-referaten-der-it-messe-topsoft-2019\/"},"wordCount":402,"commentCount":0,"publisher":{"@id":"https:\/\/www.organisator.ch\/#organization"},"image":{"@id":"https:\/\/www.organisator.ch\/management\/it\/2019-08-09\/rekordbeteiligung-bei-den-workshops-und-referaten-der-it-messe-topsoft-2019\/#primaryimage"},"thumbnailUrl":"https:\/\/www.organisator.ch\/wp-content\/uploads\/2019\/08\/Rekordbeteiligung-bei-den-Workshops-und-Referaten-der-IT-Messe-topsoft-2019_Organisator.jpg","keywords":["Fachkongress\/Fachmesse","IT","IT &amp; Business Software","Veranstaltungen"],"articleSection":["IT"],"inLanguage":"en-US"},{"@type":"WebPage","@id":"https:\/\/www.organisator.ch\/management\/it\/2019-08-09\/rekordbeteiligung-bei-den-workshops-und-referaten-der-it-messe-topsoft-2019\/","url":"https:\/\/www.organisator.ch\/management\/it\/2019-08-09\/rekordbeteiligung-bei-den-workshops-und-referaten-der-it-messe-topsoft-2019\/","name":"Record participation in the workshops and presentations at the IT trade fair topsoft 2019 - organizer","isPartOf":{"@id":"https:\/\/www.organisator.ch\/#website"},"primaryImageOfPage":{"@id":"https:\/\/www.organisator.ch\/management\/it\/2019-08-09\/rekordbeteiligung-bei-den-workshops-und-referaten-der-it-messe-topsoft-2019\/#primaryimage"},"image":{"@id":"https:\/\/www.organisator.ch\/management\/it\/2019-08-09\/rekordbeteiligung-bei-den-workshops-und-referaten-der-it-messe-topsoft-2019\/#primaryimage"},"thumbnailUrl":"https:\/\/www.organisator.ch\/wp-content\/uploads\/2019\/08\/Rekordbeteiligung-bei-den-Workshops-und-Referaten-der-IT-Messe-topsoft-2019_Organisator.jpg","datePublished":"2019-08-09T06:27:25+00:00","description":"The two-day topsoft 2019 IT trade fair on August 28-29 will feature a record number of workshops and presentations.","breadcrumb":{"@id":"https:\/\/www.organisator.ch\/management\/it\/2019-08-09\/rekordbeteiligung-bei-den-workshops-und-referaten-der-it-messe-topsoft-2019\/#breadcrumb"},"inLanguage":"en-US","potentialAction":[{"@type":"ReadAction","target":["https:\/\/www.organisator.ch\/management\/it\/2019-08-09\/rekordbeteiligung-bei-den-workshops-und-referaten-der-it-messe-topsoft-2019\/"]}]},{"@type":"ImageObject","inLanguage":"en-US","@id":"https:\/\/www.organisator.ch\/management\/it\/2019-08-09\/rekordbeteiligung-bei-den-workshops-und-referaten-der-it-messe-topsoft-2019\/#primaryimage","url":"https:\/\/www.organisator.ch\/wp-content\/uploads\/2019\/08\/Rekordbeteiligung-bei-den-Workshops-und-Referaten-der-IT-Messe-topsoft-2019_Organisator.jpg","contentUrl":"https:\/\/www.organisator.ch\/wp-content\/uploads\/2019\/08\/Rekordbeteiligung-bei-den-Workshops-und-Referaten-der-IT-Messe-topsoft-2019_Organisator.jpg","width":680,"height":453,"caption":"Die topsoft 2019 wartet mit dem wohl reichhaltigsten Referateprogramm aller Zeiten auf - der Wechsel des Veranstaltungsorts in die Umwelt Arena Spreitenbach scheint sich auszuzahlen. (Bild: topsoft)"},{"@type":"BreadcrumbList","@id":"https:\/\/www.organisator.ch\/management\/it\/2019-08-09\/rekordbeteiligung-bei-den-workshops-und-referaten-der-it-messe-topsoft-2019\/#breadcrumb","itemListElement":[{"@type":"ListItem","position":1,"name":"Home","item":"https:\/\/www.organisator.ch\/"},{"@type":"ListItem","position":2,"name":"Rekordbeteiligung bei den Workshops und Referaten der IT-Messe topsoft 2019"}]},{"@type":"WebSite","@id":"https:\/\/www.organisator.ch\/#website","url":"https:\/\/www.organisator.ch\/","name":"Organizer","description":"Competent. Practical. In 10 issues per year, ORGANISATOR presents the essential topics for managers of SMEs.","publisher":{"@id":"https:\/\/www.organisator.ch\/#organization"},"potentialAction":[{"@type":"SearchAction","target":{"@type":"EntryPoint","urlTemplate":"https:\/\/www.organisator.ch\/?s={search_term_string}"},"query-input":{"@type":"PropertyValueSpecification","valueRequired":true,"valueName":"search_term_string"}}],"inLanguage":"en-US"},{"@type":"Organization","@id":"https:\/\/www.organisator.ch\/#organization","name":"Organizer","url":"https:\/\/www.organisator.ch\/","logo":{"@type":"ImageObject","inLanguage":"en-US","@id":"https:\/\/www.organisator.ch\/#\/schema\/logo\/image\/","url":"https:\/\/www.organisator.ch\/wp-content\/uploads\/2022\/01\/Logo_Organisator_Website.png","contentUrl":"https:\/\/www.organisator.ch\/wp-content\/uploads\/2022\/01\/Logo_Organisator_Website.png","width":800,"height":77,"caption":"Organisator"},"image":{"@id":"https:\/\/www.organisator.ch\/#\/schema\/logo\/image\/"},"sameAs":["https:\/\/www.facebook.com\/OrganisatorFachmagazin","https:\/\/www.linkedin.com\/showcase\/organisator-das-magazin-fr-kmu","https:\/\/www.xing.com\/news\/pages\/organisator-ch-695","https:\/\/www.youtube.com\/channel\/UCGP2Sq0iWaZwT3BdIAQFYpw"]},{"@type":"Person","@id":"https:\/\/www.organisator.ch\/#\/schema\/person\/6f650f90b2842cd4c0cc334b4e36f67e","name":"thomas.berner","image":{"@type":"ImageObject","inLanguage":"en-US","@id":"https:\/\/secure.gravatar.com\/avatar\/ac5001d2a36cb6c6cd3e50789007ffca834b477b74a2144564522e944eabff61?s=96&d=mm&r=g","url":"https:\/\/secure.gravatar.com\/avatar\/ac5001d2a36cb6c6cd3e50789007ffca834b477b74a2144564522e944eabff61?s=96&d=mm&r=g","contentUrl":"https:\/\/secure.gravatar.com\/avatar\/ac5001d2a36cb6c6cd3e50789007ffca834b477b74a2144564522e944eabff61?s=96&d=mm&r=g","caption":"thomas.berner"},"url":"https:\/\/www.organisator.ch\/en\/author\/thomas-berner\/"}]}},"_links":{"self":[{"href":"https:\/\/www.organisator.ch\/en\/wp-json\/wp\/v2\/posts\/5641","targetHints":{"allow":["GET"]}}],"collection":[{"href":"https:\/\/www.organisator.ch\/en\/wp-json\/wp\/v2\/posts"}],"about":[{"href":"https:\/\/www.organisator.ch\/en\/wp-json\/wp\/v2\/types\/post"}],"author":[{"embeddable":true,"href":"https:\/\/www.organisator.ch\/en\/wp-json\/wp\/v2\/users\/4"}],"replies":[{"embeddable":true,"href":"https:\/\/www.organisator.ch\/en\/wp-json\/wp\/v2\/comments?post=5641"}],"version-history":[{"count":0,"href":"https:\/\/www.organisator.ch\/en\/wp-json\/wp\/v2\/posts\/5641\/revisions"}],"wp:featuredmedia":[{"embeddable":true,"href":"https:\/\/www.organisator.ch\/en\/wp-json\/wp\/v2\/media\/5642"}],"wp:attachment":[{"href":"https:\/\/www.organisator.ch\/en\/wp-json\/wp\/v2\/media?parent=5641"}],"wp:term":[{"taxonomy":"category","embeddable":true,"href":"https:\/\/www.organisator.ch\/en\/wp-json\/wp\/v2\/categories?post=5641"},{"taxonomy":"post_tag","embeddable":true,"href":"https:\/\/www.organisator.ch\/en\/wp-json\/wp\/v2\/tags?post=5641"}],"curies":[{"name":"wp","href":"https:\/\/api.w.org\/{rel}","templated":true}]}}