{"id":5653,"date":"2019-08-22T12:00:37","date_gmt":"2019-08-22T10:00:37","guid":{"rendered":"https:\/\/www.organisator.ch\/?p=5653"},"modified":"2019-08-22T12:00:37","modified_gmt":"2019-08-22T10:00:37","slug":"was-bringt-die-steuerreform-den-kmu-das-sollten-unternehmer-jetzt-pruefen","status":"publish","type":"post","link":"https:\/\/www.organisator.ch\/en\/management\/finanzen_recht\/2019-08-22\/was-bringt-die-steuerreform-den-kmu-das-sollten-unternehmer-jetzt-pruefen\/","title":{"rendered":"What does the tax reform bring to SMEs? Entrepreneurs should check this now"},"content":{"rendered":"<figure id=\"attachment_5696\" aria-describedby=\"caption-attachment-5696\" style=\"width: 680px\" class=\"wp-caption alignnone\"><img loading=\"lazy\" decoding=\"async\" class=\"size-medium wp-image-5696\" src=\"https:\/\/www.organisator.ch\/wp-content\/uploads\/2019\/08\/Was-bringt-die-Steuerreform-den-KMU-Das-sollten-Unternehmer-jetzt-pruefen_Organisator.jpg\" alt=\"\" width=\"680\" height=\"480\" srcset=\"https:\/\/www.organisator.ch\/wp-content\/uploads\/2019\/08\/Was-bringt-die-Steuerreform-den-KMU-Das-sollten-Unternehmer-jetzt-pruefen_Organisator.jpg 680w, https:\/\/www.organisator.ch\/wp-content\/uploads\/2019\/08\/Was-bringt-die-Steuerreform-den-KMU-Das-sollten-Unternehmer-jetzt-pruefen_Organisator-16x12.jpg 16w, https:\/\/www.organisator.ch\/wp-content\/uploads\/2019\/08\/Was-bringt-die-Steuerreform-den-KMU-Das-sollten-Unternehmer-jetzt-pruefen_Organisator-248x175.jpg 248w, https:\/\/www.organisator.ch\/wp-content\/uploads\/2019\/08\/Was-bringt-die-Steuerreform-den-KMU-Das-sollten-Unternehmer-jetzt-pruefen_Organisator-496x350.jpg 496w, https:\/\/www.organisator.ch\/wp-content\/uploads\/2019\/08\/Was-bringt-die-Steuerreform-den-KMU-Das-sollten-Unternehmer-jetzt-pruefen_Organisator-300x212.jpg 300w\" sizes=\"auto, (max-width: 680px) 100vw, 680px\" \/><figcaption id=\"caption-attachment-5696\" class=\"wp-caption-text\">STAF tax reform brings changes for businesses. (Image: Pixabay.com)<\/figcaption><\/figure>\n<p>STAF raises many questions that should be clarified quickly in order to protect companies and entrepreneurs from tax disadvantages. This overview provides guidance on the most important aspects for corporate structure, reference strategy and operational analysis.<\/p>\n<h2><strong>Corporate structure: Holding company - is it still needed? <\/strong><\/h2>\n<p>As of January 1, 2020, the cantonal tax privileges for holding companies will cease to apply. This means that from then on, the same tax rate will apply to the holding company as to an operating company at the same location. Accordingly, group financing via a holding company will lose its greatest tax incentive.<\/p>\n<p>The question of whether a holding structure with subsidiaries will be needed in the future should therefore be examined exclusively from an operational perspective. It is advisable in order to ensure the separation of different business areas if this cannot be done directly by the shareholder. If there is no operational need, an operating company can take over the function as parent company of the group in the future. It may even make sense to merge all companies into one parent company. This saves costs and reduces the wealth tax value. Holding companies continue to be justified for the financing of corporate successions and are considered the preferred corporate structure.<\/p>\n<h2><strong>Subscription strategy: increase salary and expand pension fund or draw dividends? <\/strong><\/h2>\n<p>With the STAF, the tax advantages of dividend payments are reduced at the federal level and in many cantons. Nevertheless, an extraordinary dividend should not be hastily planned for 2019, but rather the entrepreneur's subscription strategy should be carefully examined and analyzed in its entirety:<\/p>\n<p>Although a higher salary instead of a dividend leads to higher AHV contributions and income taxes, from an overall perspective this can nevertheless offer financial advantages. On the one hand, the higher salary reduces the wealth tax value. On the other hand, the increased salary can be co-insured in the pension fund and the liquidity not required can be used for purchases into the pension fund. In this context, the pension fund situation should be examined and, if necessary, the introduction of so-called 1e plans with flexible investment options for the insured should be considered for an optimized investment strategy.<\/p>\n<p>If it makes sense to distribute excess reserves, further legal requirements must also be observed. If the end of the last financial year was more than six months ago, an additional distribution can only be made in 2019 by means of an extraordinary dividend. This requires an additional General Meeting to approve a distribution from the retained earnings of previous financial years. Furthermore, the admissibility of the distribution must be confirmed by a recognized auditor. Alternatively, a shortened fiscal year (e.g. until the end of September) could be considered for 2019. This offers the advantage that future dividend payments can be made in the last quarter and thus the withholding tax is already credited again at the beginning of the next year.<\/p>\n<h2><strong>Operational analysis: What advantages do strongly innovation-driven companies have? <\/strong><\/h2>\n<p>Whereas the tax privileges have so far primarily benefited internationally active companies, companies with research and development activities in Switzerland will now be given preferential tax treatment. To this end, the cantons will have a new arsenal of options from 2020 onwards to offer innovative companies an incentive to conduct research in Switzerland. The introduction of the research and development deduction allows the cantons to grant a notional, tax-effective deduction of up to 50 percent of qualifying research and development expenses incurred in Switzerland.<\/p>\n<p>With the patent box, profits from products based on patents developed in Switzerland can be taxed at the cantonal level with a reduction of up to 90 percent. Here, the company itself can decide for which patents it would like to apply this privileged taxation. This is a considerable reward for innovation in Switzerland. For companies whose products contain innovations developed in-house, it is advisable to subsequently review their patent protection strategy. The associated effort as well as the additional administrative expenses for the correct determination of profits are worthwhile, as they are quickly amortized in the case of successful products.<\/p>\n<h2>The most important in a nutshell<\/h2>\n<p>Action is required as a result of the tax reform if<\/p>\n<ul>\n<li>the company is held or financed via a holding company.<\/li>\n<li>the company has excess liquidity and reserves<\/li>\n<li>the optimal sourcing strategy in terms of salary and dividend is unclear.<\/li>\n<li>the company is innovative.<\/li>\n<li>the products contain proprietary developments.<\/li>\n<\/ul>\n<p><em>Authors: Nicole Bregy and Nathanael Frischkopf are owners of xplena AG together with Simone Moser. Thanks to their many years of professional experience, including in law firms, banks, in the tax office and with the \"Big Four\", the federally certified tax experts have a broadly based as well as well-founded know-how of the most diverse tax requirements and legislation. <a href=\"http:\/\/www.xplena.com\">www.xplena.com<\/a><\/em><\/p>","protected":false},"excerpt":{"rendered":"<p>Die STAF wirft viele Fragen auf, die z\u00fcgig gekl\u00e4rt werden sollten, um Unternehmen und Unternehmer vor steuerlichen Nachteilen zu bewahren. Dieser \u00dcberblick bietet Orien\u00adtierung zu den wichtigsten Aspekten f\u00fcr Unternehmensstruktur, Bezugsstrategie und Betriebsanalyse. Unternehmensstruktur: Holdinggesellschaft \u2013 braucht es diese noch? Per 1. Januar 2020 entfallen die kantonalen Steuer\u00adprivilegien f\u00fcr Holdinggesellschaften. Damit gilt f\u00fcr die Holding [&hellip;]<\/p>\n","protected":false},"author":7,"featured_media":5696,"comment_status":"open","ping_status":"open","sticky":false,"template":"","format":"standard","meta":{"_acf_changed":false,"_yoast_wpseo_focuskw":"STAF","_yoast_wpseo_metadesc":"Die neue Steuerreform (STAF) ist ein wichtiger Anlass f\u00fcr eine umfassende \u00dcberpr\u00fcfung der Steuersituation des eigenen Unternehmens.","articlekey":"","footnotes":""},"categories":[24],"tags":[115,202,334,454],"class_list":["post-5653","post","type-post","status-publish","format-standard","has-post-thumbnail","hentry","category-finanzen_recht","tag-checklisten","tag-finanzenrecht","tag-management","tag-steuern"],"acf":[],"yoast_head":"<!-- This site is optimized with the Yoast SEO plugin v27.4 - https:\/\/yoast.com\/product\/yoast-seo-wordpress\/ -->\n<title>Was bringt die Steuerreform den KMU? Das sollten Unternehmer jetzt \u00adpr\u00fcfen - Organisator<\/title>\n<meta name=\"description\" content=\"Die neue Steuerreform (STAF) ist ein wichtiger Anlass f\u00fcr eine umfassende \u00dcberpr\u00fcfung der Steuersituation des eigenen Unternehmens.\" \/>\n<meta name=\"robots\" content=\"index, follow, max-snippet:-1, max-image-preview:large, max-video-preview:-1\" \/>\n<link rel=\"canonical\" href=\"https:\/\/www.organisator.ch\/en\/management\/finanzen_recht\/2019-08-22\/was-bringt-die-steuerreform-den-kmu-das-sollten-unternehmer-jetzt-pruefen\/\" \/>\n<meta property=\"og:locale\" content=\"en_US\" \/>\n<meta property=\"og:type\" content=\"article\" \/>\n<meta property=\"og:title\" content=\"Was bringt die Steuerreform den KMU? Das sollten Unternehmer jetzt \u00adpr\u00fcfen\" \/>\n<meta property=\"og:description\" content=\"Die neue Steuerreform (STAF) ist ein wichtiger Anlass f\u00fcr eine umfassende \u00dcberpr\u00fcfung der Steuersituation des eigenen Unternehmens.\" \/>\n<meta property=\"og:url\" content=\"https:\/\/www.organisator.ch\/en\/management\/finanzen_recht\/2019-08-22\/was-bringt-die-steuerreform-den-kmu-das-sollten-unternehmer-jetzt-pruefen\/\" \/>\n<meta property=\"og:site_name\" content=\"Organisator\" \/>\n<meta property=\"article:publisher\" content=\"https:\/\/www.facebook.com\/OrganisatorFachmagazin\" \/>\n<meta property=\"article:published_time\" content=\"2019-08-22T10:00:37+00:00\" \/>\n<meta property=\"og:image\" content=\"https:\/\/www.organisator.ch\/wp-content\/uploads\/2019\/08\/Was-bringt-die-Steuerreform-den-KMU-Das-sollten-Unternehmer-jetzt-pruefen_Organisator.jpg\" \/>\n\t<meta property=\"og:image:width\" content=\"680\" \/>\n\t<meta property=\"og:image:height\" content=\"480\" \/>\n\t<meta property=\"og:image:type\" content=\"image\/jpeg\" \/>\n<meta name=\"author\" content=\"K4-Import\" \/>\n<meta name=\"twitter:card\" content=\"summary_large_image\" \/>\n<meta name=\"twitter:title\" content=\"Was bringt die #Steuerreform den KMU? Das sollten Unternehmer jetzt \u00adpr\u00fcfen\" \/>\n<meta name=\"twitter:description\" content=\"Die neue #Steuerreform (#STAF) ist ein wichtiger Anlass f\u00fcr eine umfassende \u00dcberpr\u00fcfung der Steuersituation des eigenen Unternehmens.\" \/>\n<meta name=\"twitter:image\" content=\"https:\/\/www.organisator.ch\/wp-content\/uploads\/2019\/08\/Was-bringt-die-Steuerreform-den-KMU-Das-sollten-Unternehmer-jetzt-pr\u00fcfen_Organisator.jpg\" \/>\n<script type=\"application\/ld+json\" class=\"yoast-schema-graph\">{\"@context\":\"https:\\\/\\\/schema.org\",\"@graph\":[{\"@type\":\"Article\",\"@id\":\"https:\\\/\\\/www.organisator.ch\\\/management\\\/finanzen_recht\\\/2019-08-22\\\/was-bringt-die-steuerreform-den-kmu-das-sollten-unternehmer-jetzt-pruefen\\\/#article\",\"isPartOf\":{\"@id\":\"https:\\\/\\\/www.organisator.ch\\\/management\\\/finanzen_recht\\\/2019-08-22\\\/was-bringt-die-steuerreform-den-kmu-das-sollten-unternehmer-jetzt-pruefen\\\/\"},\"author\":{\"name\":\"K4-Import\",\"@id\":\"https:\\\/\\\/www.organisator.ch\\\/#\\\/schema\\\/person\\\/dd8ffea01043c9c41d7718296a158fac\"},\"headline\":\"Was bringt die Steuerreform den KMU? Das sollten Unternehmer jetzt \u00adpr\u00fcfen\",\"datePublished\":\"2019-08-22T10:00:37+00:00\",\"mainEntityOfPage\":{\"@id\":\"https:\\\/\\\/www.organisator.ch\\\/management\\\/finanzen_recht\\\/2019-08-22\\\/was-bringt-die-steuerreform-den-kmu-das-sollten-unternehmer-jetzt-pruefen\\\/\"},\"wordCount\":776,\"commentCount\":0,\"publisher\":{\"@id\":\"https:\\\/\\\/www.organisator.ch\\\/#organization\"},\"image\":{\"@id\":\"https:\\\/\\\/www.organisator.ch\\\/management\\\/finanzen_recht\\\/2019-08-22\\\/was-bringt-die-steuerreform-den-kmu-das-sollten-unternehmer-jetzt-pruefen\\\/#primaryimage\"},\"thumbnailUrl\":\"https:\\\/\\\/www.organisator.ch\\\/wp-content\\\/uploads\\\/2019\\\/08\\\/Was-bringt-die-Steuerreform-den-KMU-Das-sollten-Unternehmer-jetzt-pruefen_Organisator.jpg\",\"keywords\":[\"Checklisten\",\"Finanzen\\\/Recht\",\"Management\",\"Steuern\"],\"articleSection\":[\"FINANZEN\\\/RECHT\"],\"inLanguage\":\"en-US\"},{\"@type\":\"WebPage\",\"@id\":\"https:\\\/\\\/www.organisator.ch\\\/management\\\/finanzen_recht\\\/2019-08-22\\\/was-bringt-die-steuerreform-den-kmu-das-sollten-unternehmer-jetzt-pruefen\\\/\",\"url\":\"https:\\\/\\\/www.organisator.ch\\\/management\\\/finanzen_recht\\\/2019-08-22\\\/was-bringt-die-steuerreform-den-kmu-das-sollten-unternehmer-jetzt-pruefen\\\/\",\"name\":\"Was bringt die Steuerreform den KMU? Das sollten Unternehmer jetzt \u00adpr\u00fcfen - Organisator\",\"isPartOf\":{\"@id\":\"https:\\\/\\\/www.organisator.ch\\\/#website\"},\"primaryImageOfPage\":{\"@id\":\"https:\\\/\\\/www.organisator.ch\\\/management\\\/finanzen_recht\\\/2019-08-22\\\/was-bringt-die-steuerreform-den-kmu-das-sollten-unternehmer-jetzt-pruefen\\\/#primaryimage\"},\"image\":{\"@id\":\"https:\\\/\\\/www.organisator.ch\\\/management\\\/finanzen_recht\\\/2019-08-22\\\/was-bringt-die-steuerreform-den-kmu-das-sollten-unternehmer-jetzt-pruefen\\\/#primaryimage\"},\"thumbnailUrl\":\"https:\\\/\\\/www.organisator.ch\\\/wp-content\\\/uploads\\\/2019\\\/08\\\/Was-bringt-die-Steuerreform-den-KMU-Das-sollten-Unternehmer-jetzt-pruefen_Organisator.jpg\",\"datePublished\":\"2019-08-22T10:00:37+00:00\",\"description\":\"Die neue Steuerreform (STAF) ist ein wichtiger Anlass f\u00fcr eine umfassende \u00dcberpr\u00fcfung der Steuersituation des eigenen Unternehmens.\",\"breadcrumb\":{\"@id\":\"https:\\\/\\\/www.organisator.ch\\\/management\\\/finanzen_recht\\\/2019-08-22\\\/was-bringt-die-steuerreform-den-kmu-das-sollten-unternehmer-jetzt-pruefen\\\/#breadcrumb\"},\"inLanguage\":\"en-US\",\"potentialAction\":[{\"@type\":\"ReadAction\",\"target\":[\"https:\\\/\\\/www.organisator.ch\\\/management\\\/finanzen_recht\\\/2019-08-22\\\/was-bringt-die-steuerreform-den-kmu-das-sollten-unternehmer-jetzt-pruefen\\\/\"]}]},{\"@type\":\"ImageObject\",\"inLanguage\":\"en-US\",\"@id\":\"https:\\\/\\\/www.organisator.ch\\\/management\\\/finanzen_recht\\\/2019-08-22\\\/was-bringt-die-steuerreform-den-kmu-das-sollten-unternehmer-jetzt-pruefen\\\/#primaryimage\",\"url\":\"https:\\\/\\\/www.organisator.ch\\\/wp-content\\\/uploads\\\/2019\\\/08\\\/Was-bringt-die-Steuerreform-den-KMU-Das-sollten-Unternehmer-jetzt-pruefen_Organisator.jpg\",\"contentUrl\":\"https:\\\/\\\/www.organisator.ch\\\/wp-content\\\/uploads\\\/2019\\\/08\\\/Was-bringt-die-Steuerreform-den-KMU-Das-sollten-Unternehmer-jetzt-pruefen_Organisator.jpg\",\"width\":680,\"height\":480,\"caption\":\"Die Steuerreform STAF bringt Ver\u00e4nderungen f\u00fcr Unternehmen. (Bild: Pixabay.com)\"},{\"@type\":\"BreadcrumbList\",\"@id\":\"https:\\\/\\\/www.organisator.ch\\\/management\\\/finanzen_recht\\\/2019-08-22\\\/was-bringt-die-steuerreform-den-kmu-das-sollten-unternehmer-jetzt-pruefen\\\/#breadcrumb\",\"itemListElement\":[{\"@type\":\"ListItem\",\"position\":1,\"name\":\"Home\",\"item\":\"https:\\\/\\\/www.organisator.ch\\\/\"},{\"@type\":\"ListItem\",\"position\":2,\"name\":\"Was bringt die Steuerreform den KMU? Das sollten Unternehmer jetzt \u00adpr\u00fcfen\"}]},{\"@type\":\"WebSite\",\"@id\":\"https:\\\/\\\/www.organisator.ch\\\/#website\",\"url\":\"https:\\\/\\\/www.organisator.ch\\\/\",\"name\":\"Organisator\",\"description\":\"Kompetent. Praxisnah. Der ORGANISATOR bereitet in 10 Ausgaben pro Jahr die wesentlichen Themen f\u00fcr F\u00fchrungskr\u00e4fte von KMU auf.\",\"publisher\":{\"@id\":\"https:\\\/\\\/www.organisator.ch\\\/#organization\"},\"potentialAction\":[{\"@type\":\"SearchAction\",\"target\":{\"@type\":\"EntryPoint\",\"urlTemplate\":\"https:\\\/\\\/www.organisator.ch\\\/?s={search_term_string}\"},\"query-input\":{\"@type\":\"PropertyValueSpecification\",\"valueRequired\":true,\"valueName\":\"search_term_string\"}}],\"inLanguage\":\"en-US\"},{\"@type\":\"Organization\",\"@id\":\"https:\\\/\\\/www.organisator.ch\\\/#organization\",\"name\":\"Organisator\",\"url\":\"https:\\\/\\\/www.organisator.ch\\\/\",\"logo\":{\"@type\":\"ImageObject\",\"inLanguage\":\"en-US\",\"@id\":\"https:\\\/\\\/www.organisator.ch\\\/#\\\/schema\\\/logo\\\/image\\\/\",\"url\":\"https:\\\/\\\/www.organisator.ch\\\/wp-content\\\/uploads\\\/2022\\\/01\\\/Logo_Organisator_Website.png\",\"contentUrl\":\"https:\\\/\\\/www.organisator.ch\\\/wp-content\\\/uploads\\\/2022\\\/01\\\/Logo_Organisator_Website.png\",\"width\":800,\"height\":77,\"caption\":\"Organisator\"},\"image\":{\"@id\":\"https:\\\/\\\/www.organisator.ch\\\/#\\\/schema\\\/logo\\\/image\\\/\"},\"sameAs\":[\"https:\\\/\\\/www.facebook.com\\\/OrganisatorFachmagazin\",\"https:\\\/\\\/www.linkedin.com\\\/showcase\\\/organisator-das-magazin-fr-kmu\",\"https:\\\/\\\/www.xing.com\\\/news\\\/pages\\\/organisator-ch-695\",\"https:\\\/\\\/www.youtube.com\\\/channel\\\/UCGP2Sq0iWaZwT3BdIAQFYpw\"]},{\"@type\":\"Person\",\"@id\":\"https:\\\/\\\/www.organisator.ch\\\/#\\\/schema\\\/person\\\/dd8ffea01043c9c41d7718296a158fac\",\"name\":\"K4-Import\",\"image\":{\"@type\":\"ImageObject\",\"inLanguage\":\"en-US\",\"@id\":\"https:\\\/\\\/secure.gravatar.com\\\/avatar\\\/73620ab7215a54b074cc226514e02ed65cb79211bbaee1eb49b63b57e58aaad6?s=96&d=mm&r=g\",\"url\":\"https:\\\/\\\/secure.gravatar.com\\\/avatar\\\/73620ab7215a54b074cc226514e02ed65cb79211bbaee1eb49b63b57e58aaad6?s=96&d=mm&r=g\",\"contentUrl\":\"https:\\\/\\\/secure.gravatar.com\\\/avatar\\\/73620ab7215a54b074cc226514e02ed65cb79211bbaee1eb49b63b57e58aaad6?s=96&d=mm&r=g\",\"caption\":\"K4-Import\"},\"url\":\"https:\\\/\\\/www.organisator.ch\\\/en\\\/author\\\/k4-import\\\/\"}]}<\/script>\n<!-- \/ Yoast SEO plugin. -->","yoast_head_json":{"title":"What does the tax reform bring to SMEs? This is what entrepreneurs should check now - Organizer","description":"The new tax reform (STAF) is an important occasion for a comprehensive review of the tax situation of one's own company.","robots":{"index":"index","follow":"follow","max-snippet":"max-snippet:-1","max-image-preview":"max-image-preview:large","max-video-preview":"max-video-preview:-1"},"canonical":"https:\/\/www.organisator.ch\/en\/management\/finanzen_recht\/2019-08-22\/was-bringt-die-steuerreform-den-kmu-das-sollten-unternehmer-jetzt-pruefen\/","og_locale":"en_US","og_type":"article","og_title":"Was bringt die Steuerreform den KMU? Das sollten Unternehmer jetzt \u00adpr\u00fcfen","og_description":"Die neue Steuerreform (STAF) ist ein wichtiger Anlass f\u00fcr eine umfassende \u00dcberpr\u00fcfung der Steuersituation des eigenen Unternehmens.","og_url":"https:\/\/www.organisator.ch\/en\/management\/finanzen_recht\/2019-08-22\/was-bringt-die-steuerreform-den-kmu-das-sollten-unternehmer-jetzt-pruefen\/","og_site_name":"Organisator","article_publisher":"https:\/\/www.facebook.com\/OrganisatorFachmagazin","article_published_time":"2019-08-22T10:00:37+00:00","og_image":[{"width":680,"height":480,"url":"https:\/\/www.organisator.ch\/wp-content\/uploads\/2019\/08\/Was-bringt-die-Steuerreform-den-KMU-Das-sollten-Unternehmer-jetzt-pruefen_Organisator.jpg","type":"image\/jpeg"}],"author":"K4-Import","twitter_card":"summary_large_image","twitter_title":"Was bringt die #Steuerreform den KMU? Das sollten Unternehmer jetzt \u00adpr\u00fcfen","twitter_description":"Die neue #Steuerreform (#STAF) ist ein wichtiger Anlass f\u00fcr eine umfassende \u00dcberpr\u00fcfung der Steuersituation des eigenen Unternehmens.","twitter_image":"https:\/\/www.organisator.ch\/wp-content\/uploads\/2019\/08\/Was-bringt-die-Steuerreform-den-KMU-Das-sollten-Unternehmer-jetzt-pr\u00fcfen_Organisator.jpg","schema":{"@context":"https:\/\/schema.org","@graph":[{"@type":"Article","@id":"https:\/\/www.organisator.ch\/management\/finanzen_recht\/2019-08-22\/was-bringt-die-steuerreform-den-kmu-das-sollten-unternehmer-jetzt-pruefen\/#article","isPartOf":{"@id":"https:\/\/www.organisator.ch\/management\/finanzen_recht\/2019-08-22\/was-bringt-die-steuerreform-den-kmu-das-sollten-unternehmer-jetzt-pruefen\/"},"author":{"name":"K4-Import","@id":"https:\/\/www.organisator.ch\/#\/schema\/person\/dd8ffea01043c9c41d7718296a158fac"},"headline":"Was bringt die Steuerreform den KMU? Das sollten Unternehmer jetzt \u00adpr\u00fcfen","datePublished":"2019-08-22T10:00:37+00:00","mainEntityOfPage":{"@id":"https:\/\/www.organisator.ch\/management\/finanzen_recht\/2019-08-22\/was-bringt-die-steuerreform-den-kmu-das-sollten-unternehmer-jetzt-pruefen\/"},"wordCount":776,"commentCount":0,"publisher":{"@id":"https:\/\/www.organisator.ch\/#organization"},"image":{"@id":"https:\/\/www.organisator.ch\/management\/finanzen_recht\/2019-08-22\/was-bringt-die-steuerreform-den-kmu-das-sollten-unternehmer-jetzt-pruefen\/#primaryimage"},"thumbnailUrl":"https:\/\/www.organisator.ch\/wp-content\/uploads\/2019\/08\/Was-bringt-die-Steuerreform-den-KMU-Das-sollten-Unternehmer-jetzt-pruefen_Organisator.jpg","keywords":["Checklisten","Finanzen\/Recht","Management","Steuern"],"articleSection":["FINANZEN\/RECHT"],"inLanguage":"en-US"},{"@type":"WebPage","@id":"https:\/\/www.organisator.ch\/management\/finanzen_recht\/2019-08-22\/was-bringt-die-steuerreform-den-kmu-das-sollten-unternehmer-jetzt-pruefen\/","url":"https:\/\/www.organisator.ch\/management\/finanzen_recht\/2019-08-22\/was-bringt-die-steuerreform-den-kmu-das-sollten-unternehmer-jetzt-pruefen\/","name":"What does the tax reform bring to SMEs? This is what entrepreneurs should check now - Organizer","isPartOf":{"@id":"https:\/\/www.organisator.ch\/#website"},"primaryImageOfPage":{"@id":"https:\/\/www.organisator.ch\/management\/finanzen_recht\/2019-08-22\/was-bringt-die-steuerreform-den-kmu-das-sollten-unternehmer-jetzt-pruefen\/#primaryimage"},"image":{"@id":"https:\/\/www.organisator.ch\/management\/finanzen_recht\/2019-08-22\/was-bringt-die-steuerreform-den-kmu-das-sollten-unternehmer-jetzt-pruefen\/#primaryimage"},"thumbnailUrl":"https:\/\/www.organisator.ch\/wp-content\/uploads\/2019\/08\/Was-bringt-die-Steuerreform-den-KMU-Das-sollten-Unternehmer-jetzt-pruefen_Organisator.jpg","datePublished":"2019-08-22T10:00:37+00:00","description":"The new tax reform (STAF) is an important occasion for a comprehensive review of the tax situation of one's own company.","breadcrumb":{"@id":"https:\/\/www.organisator.ch\/management\/finanzen_recht\/2019-08-22\/was-bringt-die-steuerreform-den-kmu-das-sollten-unternehmer-jetzt-pruefen\/#breadcrumb"},"inLanguage":"en-US","potentialAction":[{"@type":"ReadAction","target":["https:\/\/www.organisator.ch\/management\/finanzen_recht\/2019-08-22\/was-bringt-die-steuerreform-den-kmu-das-sollten-unternehmer-jetzt-pruefen\/"]}]},{"@type":"ImageObject","inLanguage":"en-US","@id":"https:\/\/www.organisator.ch\/management\/finanzen_recht\/2019-08-22\/was-bringt-die-steuerreform-den-kmu-das-sollten-unternehmer-jetzt-pruefen\/#primaryimage","url":"https:\/\/www.organisator.ch\/wp-content\/uploads\/2019\/08\/Was-bringt-die-Steuerreform-den-KMU-Das-sollten-Unternehmer-jetzt-pruefen_Organisator.jpg","contentUrl":"https:\/\/www.organisator.ch\/wp-content\/uploads\/2019\/08\/Was-bringt-die-Steuerreform-den-KMU-Das-sollten-Unternehmer-jetzt-pruefen_Organisator.jpg","width":680,"height":480,"caption":"Die Steuerreform STAF bringt Ver\u00e4nderungen f\u00fcr Unternehmen. (Bild: Pixabay.com)"},{"@type":"BreadcrumbList","@id":"https:\/\/www.organisator.ch\/management\/finanzen_recht\/2019-08-22\/was-bringt-die-steuerreform-den-kmu-das-sollten-unternehmer-jetzt-pruefen\/#breadcrumb","itemListElement":[{"@type":"ListItem","position":1,"name":"Home","item":"https:\/\/www.organisator.ch\/"},{"@type":"ListItem","position":2,"name":"Was bringt die Steuerreform den KMU? Das sollten Unternehmer jetzt \u00adpr\u00fcfen"}]},{"@type":"WebSite","@id":"https:\/\/www.organisator.ch\/#website","url":"https:\/\/www.organisator.ch\/","name":"Organizer","description":"Competent. Practical. In 10 issues per year, ORGANISATOR presents the essential topics for managers of SMEs.","publisher":{"@id":"https:\/\/www.organisator.ch\/#organization"},"potentialAction":[{"@type":"SearchAction","target":{"@type":"EntryPoint","urlTemplate":"https:\/\/www.organisator.ch\/?s={search_term_string}"},"query-input":{"@type":"PropertyValueSpecification","valueRequired":true,"valueName":"search_term_string"}}],"inLanguage":"en-US"},{"@type":"Organization","@id":"https:\/\/www.organisator.ch\/#organization","name":"Organizer","url":"https:\/\/www.organisator.ch\/","logo":{"@type":"ImageObject","inLanguage":"en-US","@id":"https:\/\/www.organisator.ch\/#\/schema\/logo\/image\/","url":"https:\/\/www.organisator.ch\/wp-content\/uploads\/2022\/01\/Logo_Organisator_Website.png","contentUrl":"https:\/\/www.organisator.ch\/wp-content\/uploads\/2022\/01\/Logo_Organisator_Website.png","width":800,"height":77,"caption":"Organisator"},"image":{"@id":"https:\/\/www.organisator.ch\/#\/schema\/logo\/image\/"},"sameAs":["https:\/\/www.facebook.com\/OrganisatorFachmagazin","https:\/\/www.linkedin.com\/showcase\/organisator-das-magazin-fr-kmu","https:\/\/www.xing.com\/news\/pages\/organisator-ch-695","https:\/\/www.youtube.com\/channel\/UCGP2Sq0iWaZwT3BdIAQFYpw"]},{"@type":"Person","@id":"https:\/\/www.organisator.ch\/#\/schema\/person\/dd8ffea01043c9c41d7718296a158fac","name":"K4 import","image":{"@type":"ImageObject","inLanguage":"en-US","@id":"https:\/\/secure.gravatar.com\/avatar\/73620ab7215a54b074cc226514e02ed65cb79211bbaee1eb49b63b57e58aaad6?s=96&d=mm&r=g","url":"https:\/\/secure.gravatar.com\/avatar\/73620ab7215a54b074cc226514e02ed65cb79211bbaee1eb49b63b57e58aaad6?s=96&d=mm&r=g","contentUrl":"https:\/\/secure.gravatar.com\/avatar\/73620ab7215a54b074cc226514e02ed65cb79211bbaee1eb49b63b57e58aaad6?s=96&d=mm&r=g","caption":"K4-Import"},"url":"https:\/\/www.organisator.ch\/en\/author\/k4-import\/"}]}},"_links":{"self":[{"href":"https:\/\/www.organisator.ch\/en\/wp-json\/wp\/v2\/posts\/5653","targetHints":{"allow":["GET"]}}],"collection":[{"href":"https:\/\/www.organisator.ch\/en\/wp-json\/wp\/v2\/posts"}],"about":[{"href":"https:\/\/www.organisator.ch\/en\/wp-json\/wp\/v2\/types\/post"}],"author":[{"embeddable":true,"href":"https:\/\/www.organisator.ch\/en\/wp-json\/wp\/v2\/users\/7"}],"replies":[{"embeddable":true,"href":"https:\/\/www.organisator.ch\/en\/wp-json\/wp\/v2\/comments?post=5653"}],"version-history":[{"count":0,"href":"https:\/\/www.organisator.ch\/en\/wp-json\/wp\/v2\/posts\/5653\/revisions"}],"wp:featuredmedia":[{"embeddable":true,"href":"https:\/\/www.organisator.ch\/en\/wp-json\/wp\/v2\/media\/5696"}],"wp:attachment":[{"href":"https:\/\/www.organisator.ch\/en\/wp-json\/wp\/v2\/media?parent=5653"}],"wp:term":[{"taxonomy":"category","embeddable":true,"href":"https:\/\/www.organisator.ch\/en\/wp-json\/wp\/v2\/categories?post=5653"},{"taxonomy":"post_tag","embeddable":true,"href":"https:\/\/www.organisator.ch\/en\/wp-json\/wp\/v2\/tags?post=5653"}],"curies":[{"name":"wp","href":"https:\/\/api.w.org\/{rel}","templated":true}]}}