{"id":566,"date":"2016-06-03T11:49:48","date_gmt":"2016-06-03T09:49:48","guid":{"rendered":"http:\/\/dev.organisator.ch\/?p=566"},"modified":"2016-06-03T11:49:48","modified_gmt":"2016-06-03T09:49:48","slug":"erstes-forum-dienstleistungsmanagement-an-der-universitaet-basel","status":"publish","type":"post","link":"https:\/\/www.organisator.ch\/en\/management\/2016-06-03\/erstes-forum-dienstleistungsmanagement-an-der-universitaet-basel\/","title":{"rendered":"First Forum on Service Management at the University of Basel"},"content":{"rendered":"<figure id=\"attachment_567\" aria-describedby=\"caption-attachment-567\" style=\"width: 640px\" class=\"wp-caption alignnone\"><img loading=\"lazy\" decoding=\"async\" class=\"size-full wp-image-567\" src=\"https:\/\/www.organisator.ch\/wp-content\/uploads\/2016\/12\/Erstes-Forum-Dienstleistungsmanagement-an-der-Universitaet-Basel-organisator.jpg\" alt=\"\" width=\"640\" height=\"416\" srcset=\"https:\/\/www.organisator.ch\/wp-content\/uploads\/2016\/12\/Erstes-Forum-Dienstleistungsmanagement-an-der-Universitaet-Basel-organisator.jpg 640w, https:\/\/www.organisator.ch\/wp-content\/uploads\/2016\/12\/Erstes-Forum-Dienstleistungsmanagement-an-der-Universitaet-Basel-organisator-16x10.jpg 16w, https:\/\/www.organisator.ch\/wp-content\/uploads\/2016\/12\/Erstes-Forum-Dienstleistungsmanagement-an-der-Universitaet-Basel-organisator-269x175.jpg 269w, https:\/\/www.organisator.ch\/wp-content\/uploads\/2016\/12\/Erstes-Forum-Dienstleistungsmanagement-an-der-Universitaet-Basel-organisator-538x350.jpg 538w, https:\/\/www.organisator.ch\/wp-content\/uploads\/2016\/12\/Erstes-Forum-Dienstleistungsmanagement-an-der-Universitaet-Basel-organisator-300x195.jpg 300w\" sizes=\"auto, (max-width: 640px) 100vw, 640px\" \/><figcaption id=\"caption-attachment-567\" class=\"wp-caption-text\">Marketing pioneer Prof. Dr. Dr. h.c. mult. Manfred Bruhn points out<\/figcaption><\/figure>\n<p>Why transformation? Digitization, increasing competitive intensity, price collapse, the commoditization of products and the demise of traditional business models - the challenges for companies that marketing pioneer Prof. Dr. Dr. h.c. mult. Manfred Bruhn are multifaceted. Those who are not capable of change will fall by the wayside.<\/p>\n<p><strong>Ubiquitous topics - but few goal-oriented discussions<\/strong><\/p>\n<p>The professor from the University of Basel, together with his colleague Karsten Hadwich, professor at the University of Hohenheim (Stuttgart), will give the opening lecture at the joint Forum Service Management at the University of Basel. Bruhn criticizes the fact that the discussion on topics such as disruption and digital transformation is ubiquitous, but not very purposeful: \"Buzzwords such as disruption and digitalization do not provide concepts and solutions per se. That's why it's difficult for companies to deal with the multifaceted changes in a targeted manner. Many know that they have to change. The question is how!\"<\/p>\n<p>At the heart of successful transformation is service, explains Manfred Bruhn. It is about creating new forms of interaction, new business models and new service offerings. Together, the two professors show the development steps and phases of the transformation from product provider to service company.<\/p>\n<p>This development brings with it numerous opportunities, but also many challenges. New pricing models are required, customer relationships are changing fundamentally, and change is also needed internally. Technology must not take center stage: \"Digitization is an enabler for these developments. But if you focus solely on this, you run the risk of missing out on the customer. Digital is not automatically better,\" says Karsten Hadwich.<\/p>\n<p><strong>Examples from practice<\/strong><\/p>\n<p>Afterwards, representatives from the field will present their experiences to date. Pharmaceutical giant Novartis is experimenting with new, outcome-based pricing models. Process automation company Endress+Hauser is also evolving from product provider to solution provider through co-engineering and plant asset management. Fashion startup Outfittery shows how curation as a service enables a new type of sales and business model. Logistics company MAN Truck &amp; Bus, one of the leading manufacturers of commercial vehicles and inventor of the diesel engine, hypothesizes that connected vehicles will only be relevant as carriers of versatile services in the future.<\/p>\n<p>What does service transformation mean for management? In the panel discussion, the speakers will work with the audience to highlight the specific management tasks. It is not enough to simply offer services. Companies must generate customer knowledge and anchor customer orientation in their organization. Without involving the customer, the risk is great. In addition, the company's own brand positioning often has to be revised or the market has to be worked with new sub-brands. Sales and employees need to be trained and educated. Where is the journey leading? \"I don't want to sell cars anymore. Our customers should use cars, paying for situational use according to what they want. That means, of course, they pay for transportation, gladly combined with other means of transportation. They also pay for additional services such as entertainment, massage seats, navigation, parking and so on, if required. The customer gets the services he needs and when he needs them,\" is how a representative from the automotive industry describes the prospects.<\/p>\n<p><em>Source: <a href=\"http:\/\/www.bruhn-partner.com\/\" target=\"_blank\" data-cke-saved-href=\"http:\/\/www.bruhn-partner.com\/\" rel=\"noopener\">www.bruhn-partner.com<\/a><\/em><\/p>","protected":false},"excerpt":{"rendered":"<p>Warum Transformation? Digitalisierung, steigende Wettbewerbsintensit\u00e4t, Preiszerfall, die Commoditisierung von Produkten und der Untergang von klassischen Gesch\u00e4ftsmodellen \u2013 die Herausforderungen f\u00fcr Unternehmen, die Marketingpionier Prof. Dr. Dr. h.c. mult. Manfred Bruhn aufzeigt, sind vielseitig. Wer nicht ver\u00e4nderungsf\u00e4hig sei, bleibt auf der Strecke. Allgegenw\u00e4rtige Themen &#8211; aber wenig zielf\u00fchrende Diskussionen Der Professor von der Universit\u00e4t Basel h\u00e4lt [&hellip;]<\/p>\n","protected":false},"author":1,"featured_media":567,"comment_status":"open","ping_status":"open","sticky":false,"template":"","format":"standard","meta":{"_acf_changed":false,"_yoast_wpseo_focuskw":"Dienstleistungsmanagement","_yoast_wpseo_metadesc":"Wissenschaftler, F\u00fchrungspersonen und Marketingexperten trafen sich am ersten Forum Dienstleistungsmanagement zum Thema Servicetransformation.","articlekey":"","footnotes":""},"categories":[28],"tags":[193,334,335,339],"class_list":["post-566","post","type-post","status-publish","format-standard","has-post-thumbnail","hentry","category-management","tag-fachkongressfachmesse","tag-management","tag-management-und-unternehmensfuehrung","tag-marketing"],"acf":[],"yoast_head":"<!-- This site is optimized with the Yoast SEO plugin v27.4 - https:\/\/yoast.com\/product\/yoast-seo-wordpress\/ -->\n<title>Erstes Forum Dienstleistungsmanagement an der Universit\u00e4t Basel - Organisator<\/title>\n<meta name=\"description\" content=\"Wissenschaftler, F\u00fchrungspersonen und Marketingexperten trafen sich am ersten Forum Dienstleistungsmanagement zum Thema Servicetransformation.\" \/>\n<meta name=\"robots\" content=\"index, follow, max-snippet:-1, max-image-preview:large, max-video-preview:-1\" \/>\n<link rel=\"canonical\" href=\"https:\/\/www.organisator.ch\/en\/management\/2016-06-03\/erstes-forum-dienstleistungsmanagement-an-der-universitaet-basel\/\" \/>\n<meta property=\"og:locale\" content=\"en_US\" \/>\n<meta property=\"og:type\" content=\"article\" \/>\n<meta property=\"og:title\" content=\"Erstes Forum Dienstleistungsmanagement an der Universit\u00e4t Basel\" \/>\n<meta property=\"og:description\" content=\"Mit \u00fcber 100 Teilnehmern aus Praxis und Wissenschaft war das Auditorium der Wirtschaftswissenschaftlichen Fakult\u00e4t der Universit\u00e4t Basel am 1. Juni bis auf den letzten Platz belegt. Wissenschaftler sowie F\u00fchrungspersonen und Marketingexperten aus unterschiedlichen Branchen trafen sich am ersten Forum Dienstleistungsmanagement, in diesem Jahr zum Thema Servicetransformation.\" \/>\n<meta property=\"og:url\" content=\"https:\/\/www.organisator.ch\/en\/management\/2016-06-03\/erstes-forum-dienstleistungsmanagement-an-der-universitaet-basel\/\" \/>\n<meta property=\"og:site_name\" content=\"Organisator\" \/>\n<meta property=\"article:publisher\" content=\"https:\/\/www.facebook.com\/OrganisatorFachmagazin\" \/>\n<meta property=\"article:published_time\" content=\"2016-06-03T09:49:48+00:00\" \/>\n<meta name=\"author\" content=\"admin\" \/>\n<meta name=\"twitter:card\" content=\"summary_large_image\" \/>\n<meta name=\"twitter:image\" content=\"https:\/\/www.organisator.ch\/wp-content\/uploads\/2016\/12\/Erstes-Forum-Dienstleistungsmanagement-an-der-Universitaet-Basel-organisator.jpg\" \/>\n<script type=\"application\/ld+json\" class=\"yoast-schema-graph\">{\"@context\":\"https:\\\/\\\/schema.org\",\"@graph\":[{\"@type\":\"Article\",\"@id\":\"https:\\\/\\\/www.organisator.ch\\\/management\\\/2016-06-03\\\/erstes-forum-dienstleistungsmanagement-an-der-universitaet-basel\\\/#article\",\"isPartOf\":{\"@id\":\"https:\\\/\\\/www.organisator.ch\\\/management\\\/2016-06-03\\\/erstes-forum-dienstleistungsmanagement-an-der-universitaet-basel\\\/\"},\"author\":{\"name\":\"admin\",\"@id\":\"https:\\\/\\\/www.organisator.ch\\\/#\\\/schema\\\/person\\\/aa2bace6c5c5aad60102004a50c4eb1c\"},\"headline\":\"Erstes Forum Dienstleistungsmanagement an der Universit\u00e4t Basel\",\"datePublished\":\"2016-06-03T09:49:48+00:00\",\"mainEntityOfPage\":{\"@id\":\"https:\\\/\\\/www.organisator.ch\\\/management\\\/2016-06-03\\\/erstes-forum-dienstleistungsmanagement-an-der-universitaet-basel\\\/\"},\"wordCount\":530,\"commentCount\":0,\"publisher\":{\"@id\":\"https:\\\/\\\/www.organisator.ch\\\/#organization\"},\"image\":{\"@id\":\"https:\\\/\\\/www.organisator.ch\\\/management\\\/2016-06-03\\\/erstes-forum-dienstleistungsmanagement-an-der-universitaet-basel\\\/#primaryimage\"},\"thumbnailUrl\":\"https:\\\/\\\/www.organisator.ch\\\/wp-content\\\/uploads\\\/2016\\\/12\\\/Erstes-Forum-Dienstleistungsmanagement-an-der-Universitaet-Basel-organisator.jpg\",\"keywords\":[\"Fachkongress\\\/Fachmesse\",\"Management\",\"Management und Unternehmensf\u00fchrung\",\"Marketing\"],\"articleSection\":[\"MANAGEMENT\"],\"inLanguage\":\"en-US\"},{\"@type\":\"WebPage\",\"@id\":\"https:\\\/\\\/www.organisator.ch\\\/management\\\/2016-06-03\\\/erstes-forum-dienstleistungsmanagement-an-der-universitaet-basel\\\/\",\"url\":\"https:\\\/\\\/www.organisator.ch\\\/management\\\/2016-06-03\\\/erstes-forum-dienstleistungsmanagement-an-der-universitaet-basel\\\/\",\"name\":\"Erstes Forum Dienstleistungsmanagement an der Universit\u00e4t Basel - Organisator\",\"isPartOf\":{\"@id\":\"https:\\\/\\\/www.organisator.ch\\\/#website\"},\"primaryImageOfPage\":{\"@id\":\"https:\\\/\\\/www.organisator.ch\\\/management\\\/2016-06-03\\\/erstes-forum-dienstleistungsmanagement-an-der-universitaet-basel\\\/#primaryimage\"},\"image\":{\"@id\":\"https:\\\/\\\/www.organisator.ch\\\/management\\\/2016-06-03\\\/erstes-forum-dienstleistungsmanagement-an-der-universitaet-basel\\\/#primaryimage\"},\"thumbnailUrl\":\"https:\\\/\\\/www.organisator.ch\\\/wp-content\\\/uploads\\\/2016\\\/12\\\/Erstes-Forum-Dienstleistungsmanagement-an-der-Universitaet-Basel-organisator.jpg\",\"datePublished\":\"2016-06-03T09:49:48+00:00\",\"description\":\"Wissenschaftler, F\u00fchrungspersonen und Marketingexperten trafen sich am ersten Forum Dienstleistungsmanagement zum Thema Servicetransformation.\",\"breadcrumb\":{\"@id\":\"https:\\\/\\\/www.organisator.ch\\\/management\\\/2016-06-03\\\/erstes-forum-dienstleistungsmanagement-an-der-universitaet-basel\\\/#breadcrumb\"},\"inLanguage\":\"en-US\",\"potentialAction\":[{\"@type\":\"ReadAction\",\"target\":[\"https:\\\/\\\/www.organisator.ch\\\/management\\\/2016-06-03\\\/erstes-forum-dienstleistungsmanagement-an-der-universitaet-basel\\\/\"]}]},{\"@type\":\"ImageObject\",\"inLanguage\":\"en-US\",\"@id\":\"https:\\\/\\\/www.organisator.ch\\\/management\\\/2016-06-03\\\/erstes-forum-dienstleistungsmanagement-an-der-universitaet-basel\\\/#primaryimage\",\"url\":\"https:\\\/\\\/www.organisator.ch\\\/wp-content\\\/uploads\\\/2016\\\/12\\\/Erstes-Forum-Dienstleistungsmanagement-an-der-Universitaet-Basel-organisator.jpg\",\"contentUrl\":\"https:\\\/\\\/www.organisator.ch\\\/wp-content\\\/uploads\\\/2016\\\/12\\\/Erstes-Forum-Dienstleistungsmanagement-an-der-Universitaet-Basel-organisator.jpg\",\"width\":640,\"height\":416,\"caption\":\"Marketingpionier Prof. Dr. Dr. h.c. mult. Manfred Bruhn aufzeigt\"},{\"@type\":\"BreadcrumbList\",\"@id\":\"https:\\\/\\\/www.organisator.ch\\\/management\\\/2016-06-03\\\/erstes-forum-dienstleistungsmanagement-an-der-universitaet-basel\\\/#breadcrumb\",\"itemListElement\":[{\"@type\":\"ListItem\",\"position\":1,\"name\":\"Home\",\"item\":\"https:\\\/\\\/www.organisator.ch\\\/\"},{\"@type\":\"ListItem\",\"position\":2,\"name\":\"Erstes Forum Dienstleistungsmanagement an der Universit\u00e4t Basel\"}]},{\"@type\":\"WebSite\",\"@id\":\"https:\\\/\\\/www.organisator.ch\\\/#website\",\"url\":\"https:\\\/\\\/www.organisator.ch\\\/\",\"name\":\"Organisator\",\"description\":\"Kompetent. Praxisnah. Der ORGANISATOR bereitet in 10 Ausgaben pro Jahr die wesentlichen Themen f\u00fcr F\u00fchrungskr\u00e4fte von KMU auf.\",\"publisher\":{\"@id\":\"https:\\\/\\\/www.organisator.ch\\\/#organization\"},\"potentialAction\":[{\"@type\":\"SearchAction\",\"target\":{\"@type\":\"EntryPoint\",\"urlTemplate\":\"https:\\\/\\\/www.organisator.ch\\\/?s={search_term_string}\"},\"query-input\":{\"@type\":\"PropertyValueSpecification\",\"valueRequired\":true,\"valueName\":\"search_term_string\"}}],\"inLanguage\":\"en-US\"},{\"@type\":\"Organization\",\"@id\":\"https:\\\/\\\/www.organisator.ch\\\/#organization\",\"name\":\"Organisator\",\"url\":\"https:\\\/\\\/www.organisator.ch\\\/\",\"logo\":{\"@type\":\"ImageObject\",\"inLanguage\":\"en-US\",\"@id\":\"https:\\\/\\\/www.organisator.ch\\\/#\\\/schema\\\/logo\\\/image\\\/\",\"url\":\"https:\\\/\\\/www.organisator.ch\\\/wp-content\\\/uploads\\\/2022\\\/01\\\/Logo_Organisator_Website.png\",\"contentUrl\":\"https:\\\/\\\/www.organisator.ch\\\/wp-content\\\/uploads\\\/2022\\\/01\\\/Logo_Organisator_Website.png\",\"width\":800,\"height\":77,\"caption\":\"Organisator\"},\"image\":{\"@id\":\"https:\\\/\\\/www.organisator.ch\\\/#\\\/schema\\\/logo\\\/image\\\/\"},\"sameAs\":[\"https:\\\/\\\/www.facebook.com\\\/OrganisatorFachmagazin\",\"https:\\\/\\\/www.linkedin.com\\\/showcase\\\/organisator-das-magazin-fr-kmu\",\"https:\\\/\\\/www.xing.com\\\/news\\\/pages\\\/organisator-ch-695\",\"https:\\\/\\\/www.youtube.com\\\/channel\\\/UCGP2Sq0iWaZwT3BdIAQFYpw\"]},{\"@type\":\"Person\",\"@id\":\"https:\\\/\\\/www.organisator.ch\\\/#\\\/schema\\\/person\\\/aa2bace6c5c5aad60102004a50c4eb1c\",\"name\":\"admin\",\"image\":{\"@type\":\"ImageObject\",\"inLanguage\":\"en-US\",\"@id\":\"https:\\\/\\\/secure.gravatar.com\\\/avatar\\\/ae2f4d718e6c49043e314ce431e7e645d646302a24a5ef5a8bc8e3f5a032e319?s=96&d=mm&r=g\",\"url\":\"https:\\\/\\\/secure.gravatar.com\\\/avatar\\\/ae2f4d718e6c49043e314ce431e7e645d646302a24a5ef5a8bc8e3f5a032e319?s=96&d=mm&r=g\",\"contentUrl\":\"https:\\\/\\\/secure.gravatar.com\\\/avatar\\\/ae2f4d718e6c49043e314ce431e7e645d646302a24a5ef5a8bc8e3f5a032e319?s=96&d=mm&r=g\",\"caption\":\"admin\"},\"sameAs\":[\"https:\\\/\\\/www.organisator.ch\"],\"url\":\"https:\\\/\\\/www.organisator.ch\\\/en\\\/author\\\/admin\\\/\"}]}<\/script>\n<!-- \/ Yoast SEO plugin. -->","yoast_head_json":{"title":"First Forum on Service Management at the University of Basel - Organizer","description":"Scientists, leaders and marketing experts met at the first Service Management Forum on the topic of service transformation.","robots":{"index":"index","follow":"follow","max-snippet":"max-snippet:-1","max-image-preview":"max-image-preview:large","max-video-preview":"max-video-preview:-1"},"canonical":"https:\/\/www.organisator.ch\/en\/management\/2016-06-03\/erstes-forum-dienstleistungsmanagement-an-der-universitaet-basel\/","og_locale":"en_US","og_type":"article","og_title":"Erstes Forum Dienstleistungsmanagement an der Universit\u00e4t Basel","og_description":"Mit \u00fcber 100 Teilnehmern aus Praxis und Wissenschaft war das Auditorium der Wirtschaftswissenschaftlichen Fakult\u00e4t der Universit\u00e4t Basel am 1. Juni bis auf den letzten Platz belegt. Wissenschaftler sowie F\u00fchrungspersonen und Marketingexperten aus unterschiedlichen Branchen trafen sich am ersten Forum Dienstleistungsmanagement, in diesem Jahr zum Thema Servicetransformation.","og_url":"https:\/\/www.organisator.ch\/en\/management\/2016-06-03\/erstes-forum-dienstleistungsmanagement-an-der-universitaet-basel\/","og_site_name":"Organisator","article_publisher":"https:\/\/www.facebook.com\/OrganisatorFachmagazin","article_published_time":"2016-06-03T09:49:48+00:00","author":"admin","twitter_card":"summary_large_image","twitter_image":"https:\/\/www.organisator.ch\/wp-content\/uploads\/2016\/12\/Erstes-Forum-Dienstleistungsmanagement-an-der-Universitaet-Basel-organisator.jpg","schema":{"@context":"https:\/\/schema.org","@graph":[{"@type":"Article","@id":"https:\/\/www.organisator.ch\/management\/2016-06-03\/erstes-forum-dienstleistungsmanagement-an-der-universitaet-basel\/#article","isPartOf":{"@id":"https:\/\/www.organisator.ch\/management\/2016-06-03\/erstes-forum-dienstleistungsmanagement-an-der-universitaet-basel\/"},"author":{"name":"admin","@id":"https:\/\/www.organisator.ch\/#\/schema\/person\/aa2bace6c5c5aad60102004a50c4eb1c"},"headline":"Erstes Forum Dienstleistungsmanagement an der Universit\u00e4t Basel","datePublished":"2016-06-03T09:49:48+00:00","mainEntityOfPage":{"@id":"https:\/\/www.organisator.ch\/management\/2016-06-03\/erstes-forum-dienstleistungsmanagement-an-der-universitaet-basel\/"},"wordCount":530,"commentCount":0,"publisher":{"@id":"https:\/\/www.organisator.ch\/#organization"},"image":{"@id":"https:\/\/www.organisator.ch\/management\/2016-06-03\/erstes-forum-dienstleistungsmanagement-an-der-universitaet-basel\/#primaryimage"},"thumbnailUrl":"https:\/\/www.organisator.ch\/wp-content\/uploads\/2016\/12\/Erstes-Forum-Dienstleistungsmanagement-an-der-Universitaet-Basel-organisator.jpg","keywords":["Fachkongress\/Fachmesse","Management","Management und Unternehmensf\u00fchrung","Marketing"],"articleSection":["MANAGEMENT"],"inLanguage":"en-US"},{"@type":"WebPage","@id":"https:\/\/www.organisator.ch\/management\/2016-06-03\/erstes-forum-dienstleistungsmanagement-an-der-universitaet-basel\/","url":"https:\/\/www.organisator.ch\/management\/2016-06-03\/erstes-forum-dienstleistungsmanagement-an-der-universitaet-basel\/","name":"First Forum on Service Management at the University of Basel - Organizer","isPartOf":{"@id":"https:\/\/www.organisator.ch\/#website"},"primaryImageOfPage":{"@id":"https:\/\/www.organisator.ch\/management\/2016-06-03\/erstes-forum-dienstleistungsmanagement-an-der-universitaet-basel\/#primaryimage"},"image":{"@id":"https:\/\/www.organisator.ch\/management\/2016-06-03\/erstes-forum-dienstleistungsmanagement-an-der-universitaet-basel\/#primaryimage"},"thumbnailUrl":"https:\/\/www.organisator.ch\/wp-content\/uploads\/2016\/12\/Erstes-Forum-Dienstleistungsmanagement-an-der-Universitaet-Basel-organisator.jpg","datePublished":"2016-06-03T09:49:48+00:00","description":"Scientists, leaders and marketing experts met at the first Service Management Forum on the topic of service transformation.","breadcrumb":{"@id":"https:\/\/www.organisator.ch\/management\/2016-06-03\/erstes-forum-dienstleistungsmanagement-an-der-universitaet-basel\/#breadcrumb"},"inLanguage":"en-US","potentialAction":[{"@type":"ReadAction","target":["https:\/\/www.organisator.ch\/management\/2016-06-03\/erstes-forum-dienstleistungsmanagement-an-der-universitaet-basel\/"]}]},{"@type":"ImageObject","inLanguage":"en-US","@id":"https:\/\/www.organisator.ch\/management\/2016-06-03\/erstes-forum-dienstleistungsmanagement-an-der-universitaet-basel\/#primaryimage","url":"https:\/\/www.organisator.ch\/wp-content\/uploads\/2016\/12\/Erstes-Forum-Dienstleistungsmanagement-an-der-Universitaet-Basel-organisator.jpg","contentUrl":"https:\/\/www.organisator.ch\/wp-content\/uploads\/2016\/12\/Erstes-Forum-Dienstleistungsmanagement-an-der-Universitaet-Basel-organisator.jpg","width":640,"height":416,"caption":"Marketingpionier Prof. Dr. Dr. h.c. mult. Manfred Bruhn aufzeigt"},{"@type":"BreadcrumbList","@id":"https:\/\/www.organisator.ch\/management\/2016-06-03\/erstes-forum-dienstleistungsmanagement-an-der-universitaet-basel\/#breadcrumb","itemListElement":[{"@type":"ListItem","position":1,"name":"Home","item":"https:\/\/www.organisator.ch\/"},{"@type":"ListItem","position":2,"name":"Erstes Forum Dienstleistungsmanagement an der Universit\u00e4t Basel"}]},{"@type":"WebSite","@id":"https:\/\/www.organisator.ch\/#website","url":"https:\/\/www.organisator.ch\/","name":"Organizer","description":"Competent. Practical. In 10 issues per year, ORGANISATOR presents the essential topics for managers of SMEs.","publisher":{"@id":"https:\/\/www.organisator.ch\/#organization"},"potentialAction":[{"@type":"SearchAction","target":{"@type":"EntryPoint","urlTemplate":"https:\/\/www.organisator.ch\/?s={search_term_string}"},"query-input":{"@type":"PropertyValueSpecification","valueRequired":true,"valueName":"search_term_string"}}],"inLanguage":"en-US"},{"@type":"Organization","@id":"https:\/\/www.organisator.ch\/#organization","name":"Organizer","url":"https:\/\/www.organisator.ch\/","logo":{"@type":"ImageObject","inLanguage":"en-US","@id":"https:\/\/www.organisator.ch\/#\/schema\/logo\/image\/","url":"https:\/\/www.organisator.ch\/wp-content\/uploads\/2022\/01\/Logo_Organisator_Website.png","contentUrl":"https:\/\/www.organisator.ch\/wp-content\/uploads\/2022\/01\/Logo_Organisator_Website.png","width":800,"height":77,"caption":"Organisator"},"image":{"@id":"https:\/\/www.organisator.ch\/#\/schema\/logo\/image\/"},"sameAs":["https:\/\/www.facebook.com\/OrganisatorFachmagazin","https:\/\/www.linkedin.com\/showcase\/organisator-das-magazin-fr-kmu","https:\/\/www.xing.com\/news\/pages\/organisator-ch-695","https:\/\/www.youtube.com\/channel\/UCGP2Sq0iWaZwT3BdIAQFYpw"]},{"@type":"Person","@id":"https:\/\/www.organisator.ch\/#\/schema\/person\/aa2bace6c5c5aad60102004a50c4eb1c","name":"admin","image":{"@type":"ImageObject","inLanguage":"en-US","@id":"https:\/\/secure.gravatar.com\/avatar\/ae2f4d718e6c49043e314ce431e7e645d646302a24a5ef5a8bc8e3f5a032e319?s=96&d=mm&r=g","url":"https:\/\/secure.gravatar.com\/avatar\/ae2f4d718e6c49043e314ce431e7e645d646302a24a5ef5a8bc8e3f5a032e319?s=96&d=mm&r=g","contentUrl":"https:\/\/secure.gravatar.com\/avatar\/ae2f4d718e6c49043e314ce431e7e645d646302a24a5ef5a8bc8e3f5a032e319?s=96&d=mm&r=g","caption":"admin"},"sameAs":["https:\/\/www.organisator.ch"],"url":"https:\/\/www.organisator.ch\/en\/author\/admin\/"}]}},"_links":{"self":[{"href":"https:\/\/www.organisator.ch\/en\/wp-json\/wp\/v2\/posts\/566","targetHints":{"allow":["GET"]}}],"collection":[{"href":"https:\/\/www.organisator.ch\/en\/wp-json\/wp\/v2\/posts"}],"about":[{"href":"https:\/\/www.organisator.ch\/en\/wp-json\/wp\/v2\/types\/post"}],"author":[{"embeddable":true,"href":"https:\/\/www.organisator.ch\/en\/wp-json\/wp\/v2\/users\/1"}],"replies":[{"embeddable":true,"href":"https:\/\/www.organisator.ch\/en\/wp-json\/wp\/v2\/comments?post=566"}],"version-history":[{"count":0,"href":"https:\/\/www.organisator.ch\/en\/wp-json\/wp\/v2\/posts\/566\/revisions"}],"wp:featuredmedia":[{"embeddable":true,"href":"https:\/\/www.organisator.ch\/en\/wp-json\/wp\/v2\/media\/567"}],"wp:attachment":[{"href":"https:\/\/www.organisator.ch\/en\/wp-json\/wp\/v2\/media?parent=566"}],"wp:term":[{"taxonomy":"category","embeddable":true,"href":"https:\/\/www.organisator.ch\/en\/wp-json\/wp\/v2\/categories?post=566"},{"taxonomy":"post_tag","embeddable":true,"href":"https:\/\/www.organisator.ch\/en\/wp-json\/wp\/v2\/tags?post=566"}],"curies":[{"name":"wp","href":"https:\/\/api.w.org\/{rel}","templated":true}]}}