{"id":5661,"date":"2019-08-14T11:56:28","date_gmt":"2019-08-14T09:56:28","guid":{"rendered":"https:\/\/www.organisator.ch\/?p=5661"},"modified":"2019-08-14T11:56:28","modified_gmt":"2019-08-14T09:56:28","slug":"auslaufmodell-chef-fuehrungskraefte-in-neuen-rollen","status":"publish","type":"post","link":"https:\/\/www.organisator.ch\/en\/management\/2019-08-14\/auslaufmodell-chef-fuehrungskraefte-in-neuen-rollen\/","title":{"rendered":"The boss as a discontinued model? Managers in new roles"},"content":{"rendered":"<figure id=\"attachment_5662\" aria-describedby=\"caption-attachment-5662\" style=\"width: 680px\" class=\"wp-caption alignnone\"><img loading=\"lazy\" decoding=\"async\" class=\"size-medium wp-image-5662\" src=\"https:\/\/www.organisator.ch\/wp-content\/uploads\/2019\/08\/Auslaufmodell-Chef-Fuehrungskraefte-in-neuen-Rollen_Organisator.jpg\" alt=\"\" width=\"680\" height=\"449\" srcset=\"https:\/\/www.organisator.ch\/wp-content\/uploads\/2019\/08\/Auslaufmodell-Chef-Fuehrungskraefte-in-neuen-Rollen_Organisator.jpg 680w, https:\/\/www.organisator.ch\/wp-content\/uploads\/2019\/08\/Auslaufmodell-Chef-Fuehrungskraefte-in-neuen-Rollen_Organisator-16x12.jpg 16w, https:\/\/www.organisator.ch\/wp-content\/uploads\/2019\/08\/Auslaufmodell-Chef-Fuehrungskraefte-in-neuen-Rollen_Organisator-265x175.jpg 265w, https:\/\/www.organisator.ch\/wp-content\/uploads\/2019\/08\/Auslaufmodell-Chef-Fuehrungskraefte-in-neuen-Rollen_Organisator-530x350.jpg 530w, https:\/\/www.organisator.ch\/wp-content\/uploads\/2019\/08\/Auslaufmodell-Chef-Fuehrungskraefte-in-neuen-Rollen_Organisator-300x198.jpg 300w\" sizes=\"auto, (max-width: 680px) 100vw, 680px\" \/><figcaption id=\"caption-attachment-5662\" class=\"wp-caption-text\">Leaders are not an outdated model: Even in self-organized teams, someone has to show the way. (Image: Pixabay.com)<\/figcaption><\/figure>\n<p>Are managers really on the sidelines? Or do they just need to fundamentally adapt their role? In times of agile, independent teams and the general hype surrounding the start-up culture, it seems that the areas of responsibility of the classic manager are becoming obsolete. Many companies want to act more flexibly in order to adapt to the new challenges of digital transformation on the one hand and not lose sight of the needs of customers on the other. For this reason, they are currently focusing more on the proverbial start-up spirit, flat hierarchies, the mentality of short decision-making paths and the distribution of responsibility among all employees. As part of their digitization initiatives, companies are increasingly breaking away in the direction of self-organization and agility. The goal: more innovations and better customer orientation. After all, companies can generally act faster and more flexibly only if decisions are made where the relevant expertise is located.<\/p>\n<h2>Managers are by no means \"written off<\/h2>\n<p>Inevitably, this cultural change leads to the weakening of long-established hierarchical structures. Teams are expected to organize themselves and make decisions. They work in a goal-oriented manner, are responsible for resources, communicate with partners or customers, and divide up task packages among themselves in a self-determined manner. In the future, they will largely take over former areas of responsibility of the classic manager. But how can such far-reaching changes be tackled? How can the transformation into a dynamic organization succeed? This is precisely where the role of the manager, which had already been written off, comes back into play. Managers and bosses are called upon to create the conditions and to moderate the change toward more responsibility and self-organization, as well as to ensure that the initiatives and ideas of employees support and advance the overall strategy of the company. They are the bridge between management and the employees, who are committed to working together in teams.<\/p>\n<h2>Managers are \"enablers<\/h2>\n<p>Currently, employees often expect certain decisions 'from above' out of habit. If the 'self-organized company' is simply proclaimed and then everyone expects employees to suddenly behave in an entrepreneurial manner, this usually initially creates a high degree of uncertainty and the associated stress among employees and managers. Organizations need leaders to address this transformation in a targeted way - complemented by methods that give employees security, such as clearly defined roles. In addition, senior executives empower teams to perform their tasks and actively support the personal development of each individual. After all, purely hierarchical leadership with a sergeant at the top is no longer in keeping with the times. Instead, executives are evolving into enablers for employees in agile organizations. They take on the role of trailblazers for innovative and agile teams. Especially when solving complex problems and implementing projects, they pave the way for employees. In doing so, they show themselves to be open to new perspectives as well as innovations and motivate teams to pursue new ways of thinking or ideas. Managers must move away from the image of performance controllers and evolve into coaches for their employees.<\/p>\n<h2>Create a culture of innovation<\/h2>\n<p>In the wake of digitization, one of the most important tasks of senior executives is to help employees develop as individuals. Managers are needed who create a culture of innovation in which employees perform at their best and are committed. This is the only way to drive innovation. Agile innovation teams need guidelines and someone to watch their back. Self-organized teams must be encouraged in their decisions, they need time and space to develop, and they should also be allowed to fail. The manager is indispensable for accompanying this transformation - he or she supports employees and teams in developing from a strictly managed work situation in digestible steps to an autonomous team working on topics across the board.<\/p>\n<h2>It does not work without leadership<\/h2>\n<p>For the agile organization to succeed, it requires maximum transparency, short decision-making paths and direct feedback. To achieve this, however, the role of managers must also adapt and adjust to the changed tasks. The secret of a good boss or manager in digital times: He or she must delegate and empower employees to do their jobs to the best of their ability. At the same time, the manager must be given the necessary methods and control tools to enable and 'let go' of employees in organization-specific steps. After all, delegation only works if the person who is given the task is also able to carry and implement responsibility and tasks. To this end, control tools should be used, because these make it easier for managers to increase delegation and the expansion of the individual's area of competence and responsibility at low risk and to provide optimal support for the transformation. After all, leadership is essential - at least for organizations of a certain size.<\/p>\n<p><strong><em>Author:<br \/>\n<\/em><\/strong><em>Dr. Consuela Utsch is Managing Director and founder of Acuroc Solutions GmbH and AQRO GmbH. As a specialist, she has been advising medium-sized companies and large-scale industry for more than 20 years on the implementation of operational and project management processes, as well as in all areas of IT governance and the sustainable implementation of digital transformation and the associated change management. Dr. Utsch holds a worldwide patent on her AQRO method and is the author of the reference book \"AQRO Stress-free and Efficient Human Resource Management\".<br \/>\n<a href=\"http:\/\/www.acuroc.de\">www.acuroc.de<\/a> \/ <a href=\"http:\/\/www.aqro.eu\">www.aqro.eu<\/a><\/em><\/p>","protected":false},"excerpt":{"rendered":"<p>Befinden sich F\u00fchrungskr\u00e4fte wirklich auf dem Abstellgleis? Oder bedarf es nur einer grundlegenden Anpassung ihrer Rolle? In Zeiten agiler, eigenst\u00e4ndiger Teams und des allgemeinen Hypes um die Start-up-Kultur hat es den Anschein, dass die Aufgabengebiete der klassischen F\u00fchrungskraft obsolet werden. Viele Unternehmen wollen flexibler agieren, um sich einerseits auf die neuen Herausforderungen des digitalen Umbruchs [&hellip;]<\/p>\n","protected":false},"author":4,"featured_media":5662,"comment_status":"open","ping_status":"open","sticky":false,"template":"","format":"standard","meta":{"_acf_changed":false,"_yoast_wpseo_focuskw":"F\u00fchrungskr\u00e4fte","_yoast_wpseo_metadesc":"Braucht es in Zeiten selbstorganisierter agiler Teams \u00fcberhaupt noch F\u00fchrungskr\u00e4fte? Zu dieser Thematik \u00e4u\u00dfert sich HR-Expertin Dr. Consuela Utsch.","articlekey":"","footnotes":""},"categories":[28],"tags":[254,306,335,473],"class_list":["post-5661","post","type-post","status-publish","format-standard","has-post-thumbnail","hentry","category-management","tag-hrm","tag-kolumne","tag-management-und-unternehmensfuehrung","tag-teams"],"acf":[],"yoast_head":"<!-- This site is optimized with the Yoast SEO plugin v27.5 - https:\/\/yoast.com\/product\/yoast-seo-wordpress\/ -->\n<title>Auslaufmodell Chef? F\u00fchrungskr\u00e4fte in neuen Rollen - Organisator<\/title>\n<meta name=\"description\" content=\"Braucht es in Zeiten selbstorganisierter agiler Teams \u00fcberhaupt noch F\u00fchrungskr\u00e4fte? Zu dieser Thematik \u00e4u\u00dfert sich HR-Expertin Dr. Consuela Utsch.\" \/>\n<meta name=\"robots\" content=\"index, follow, max-snippet:-1, max-image-preview:large, max-video-preview:-1\" \/>\n<link rel=\"canonical\" href=\"https:\/\/www.organisator.ch\/en\/management\/2019-08-14\/auslaufmodell-chef-fuehrungskraefte-in-neuen-rollen\/\" \/>\n<meta property=\"og:locale\" content=\"en_US\" \/>\n<meta property=\"og:type\" content=\"article\" \/>\n<meta property=\"og:title\" content=\"Auslaufmodell Chef? F\u00fchrungskr\u00e4fte in neuen Rollen\" \/>\n<meta property=\"og:description\" content=\"Braucht es in Zeiten selbstorganisierter agiler Teams \u00fcberhaupt noch F\u00fchrungskr\u00e4fte? Zu dieser Thematik \u00e4u\u00dfert sich HR-Expertin Dr. Consuela Utsch.\" \/>\n<meta property=\"og:url\" content=\"https:\/\/www.organisator.ch\/en\/management\/2019-08-14\/auslaufmodell-chef-fuehrungskraefte-in-neuen-rollen\/\" \/>\n<meta property=\"og:site_name\" content=\"Organisator\" \/>\n<meta property=\"article:publisher\" content=\"https:\/\/www.facebook.com\/OrganisatorFachmagazin\" \/>\n<meta property=\"article:published_time\" content=\"2019-08-14T09:56:28+00:00\" \/>\n<meta property=\"og:image\" content=\"https:\/\/www.organisator.ch\/wp-content\/uploads\/2019\/08\/Auslaufmodell-Chef-Fuehrungskraefte-in-neuen-Rollen_Organisator.jpg\" \/>\n\t<meta property=\"og:image:width\" content=\"680\" \/>\n\t<meta property=\"og:image:height\" content=\"449\" \/>\n\t<meta property=\"og:image:type\" content=\"image\/jpeg\" \/>\n<meta name=\"author\" content=\"thomas.berner\" \/>\n<meta name=\"twitter:card\" content=\"summary_large_image\" \/>\n<meta name=\"twitter:title\" content=\"Auslaufmodell Chef? #F\u00fchrungskr\u00e4fte in neuen Rollen\" \/>\n<meta name=\"twitter:description\" content=\"Braucht es in Zeiten selbstorganisierter agiler Teams \u00fcberhaupt noch #F\u00fchrungskr\u00e4fte? Zu dieser Thematik \u00e4u\u00dfert sich HR-Expertin Dr. Consuela Utsch.\" \/>\n<meta name=\"twitter:image\" content=\"https:\/\/www.organisator.ch\/wp-content\/uploads\/2019\/08\/Auslaufmodell-Chef-F\u00fchrungskr\u00e4fte-in-neuen-Rollen_Organisator.jpg\" \/>\n<script type=\"application\/ld+json\" class=\"yoast-schema-graph\">{\"@context\":\"https:\\\/\\\/schema.org\",\"@graph\":[{\"@type\":\"Article\",\"@id\":\"https:\\\/\\\/www.organisator.ch\\\/management\\\/2019-08-14\\\/auslaufmodell-chef-fuehrungskraefte-in-neuen-rollen\\\/#article\",\"isPartOf\":{\"@id\":\"https:\\\/\\\/www.organisator.ch\\\/management\\\/2019-08-14\\\/auslaufmodell-chef-fuehrungskraefte-in-neuen-rollen\\\/\"},\"author\":{\"name\":\"thomas.berner\",\"@id\":\"https:\\\/\\\/www.organisator.ch\\\/#\\\/schema\\\/person\\\/6f650f90b2842cd4c0cc334b4e36f67e\"},\"headline\":\"Auslaufmodell Chef? F\u00fchrungskr\u00e4fte in neuen Rollen\",\"datePublished\":\"2019-08-14T09:56:28+00:00\",\"mainEntityOfPage\":{\"@id\":\"https:\\\/\\\/www.organisator.ch\\\/management\\\/2019-08-14\\\/auslaufmodell-chef-fuehrungskraefte-in-neuen-rollen\\\/\"},\"wordCount\":897,\"commentCount\":0,\"publisher\":{\"@id\":\"https:\\\/\\\/www.organisator.ch\\\/#organization\"},\"image\":{\"@id\":\"https:\\\/\\\/www.organisator.ch\\\/management\\\/2019-08-14\\\/auslaufmodell-chef-fuehrungskraefte-in-neuen-rollen\\\/#primaryimage\"},\"thumbnailUrl\":\"https:\\\/\\\/www.organisator.ch\\\/wp-content\\\/uploads\\\/2019\\\/08\\\/Auslaufmodell-Chef-Fuehrungskraefte-in-neuen-Rollen_Organisator.jpg\",\"keywords\":[\"HRM\",\"Kolumne\",\"Management und Unternehmensf\u00fchrung\",\"Teams\"],\"articleSection\":[\"MANAGEMENT\"],\"inLanguage\":\"en-US\"},{\"@type\":\"WebPage\",\"@id\":\"https:\\\/\\\/www.organisator.ch\\\/management\\\/2019-08-14\\\/auslaufmodell-chef-fuehrungskraefte-in-neuen-rollen\\\/\",\"url\":\"https:\\\/\\\/www.organisator.ch\\\/management\\\/2019-08-14\\\/auslaufmodell-chef-fuehrungskraefte-in-neuen-rollen\\\/\",\"name\":\"Auslaufmodell Chef? F\u00fchrungskr\u00e4fte in neuen Rollen - Organisator\",\"isPartOf\":{\"@id\":\"https:\\\/\\\/www.organisator.ch\\\/#website\"},\"primaryImageOfPage\":{\"@id\":\"https:\\\/\\\/www.organisator.ch\\\/management\\\/2019-08-14\\\/auslaufmodell-chef-fuehrungskraefte-in-neuen-rollen\\\/#primaryimage\"},\"image\":{\"@id\":\"https:\\\/\\\/www.organisator.ch\\\/management\\\/2019-08-14\\\/auslaufmodell-chef-fuehrungskraefte-in-neuen-rollen\\\/#primaryimage\"},\"thumbnailUrl\":\"https:\\\/\\\/www.organisator.ch\\\/wp-content\\\/uploads\\\/2019\\\/08\\\/Auslaufmodell-Chef-Fuehrungskraefte-in-neuen-Rollen_Organisator.jpg\",\"datePublished\":\"2019-08-14T09:56:28+00:00\",\"description\":\"Braucht es in Zeiten selbstorganisierter agiler Teams \u00fcberhaupt noch F\u00fchrungskr\u00e4fte? Zu dieser Thematik \u00e4u\u00dfert sich HR-Expertin Dr. Consuela Utsch.\",\"breadcrumb\":{\"@id\":\"https:\\\/\\\/www.organisator.ch\\\/management\\\/2019-08-14\\\/auslaufmodell-chef-fuehrungskraefte-in-neuen-rollen\\\/#breadcrumb\"},\"inLanguage\":\"en-US\",\"potentialAction\":[{\"@type\":\"ReadAction\",\"target\":[\"https:\\\/\\\/www.organisator.ch\\\/management\\\/2019-08-14\\\/auslaufmodell-chef-fuehrungskraefte-in-neuen-rollen\\\/\"]}]},{\"@type\":\"ImageObject\",\"inLanguage\":\"en-US\",\"@id\":\"https:\\\/\\\/www.organisator.ch\\\/management\\\/2019-08-14\\\/auslaufmodell-chef-fuehrungskraefte-in-neuen-rollen\\\/#primaryimage\",\"url\":\"https:\\\/\\\/www.organisator.ch\\\/wp-content\\\/uploads\\\/2019\\\/08\\\/Auslaufmodell-Chef-Fuehrungskraefte-in-neuen-Rollen_Organisator.jpg\",\"contentUrl\":\"https:\\\/\\\/www.organisator.ch\\\/wp-content\\\/uploads\\\/2019\\\/08\\\/Auslaufmodell-Chef-Fuehrungskraefte-in-neuen-Rollen_Organisator.jpg\",\"width\":680,\"height\":449,\"caption\":\"F\u00fchrungskr\u00e4fte sind kein Auslaufmodell: Auch in selbstorganisierten Teams muss jemand zeigen, wo's lang geht. (Bild: Pixabay.com)\"},{\"@type\":\"BreadcrumbList\",\"@id\":\"https:\\\/\\\/www.organisator.ch\\\/management\\\/2019-08-14\\\/auslaufmodell-chef-fuehrungskraefte-in-neuen-rollen\\\/#breadcrumb\",\"itemListElement\":[{\"@type\":\"ListItem\",\"position\":1,\"name\":\"Home\",\"item\":\"https:\\\/\\\/www.organisator.ch\\\/\"},{\"@type\":\"ListItem\",\"position\":2,\"name\":\"Auslaufmodell Chef? F\u00fchrungskr\u00e4fte in neuen Rollen\"}]},{\"@type\":\"WebSite\",\"@id\":\"https:\\\/\\\/www.organisator.ch\\\/#website\",\"url\":\"https:\\\/\\\/www.organisator.ch\\\/\",\"name\":\"Organisator\",\"description\":\"Kompetent. Praxisnah. Der ORGANISATOR bereitet in 10 Ausgaben pro Jahr die wesentlichen Themen f\u00fcr F\u00fchrungskr\u00e4fte von KMU auf.\",\"publisher\":{\"@id\":\"https:\\\/\\\/www.organisator.ch\\\/#organization\"},\"potentialAction\":[{\"@type\":\"SearchAction\",\"target\":{\"@type\":\"EntryPoint\",\"urlTemplate\":\"https:\\\/\\\/www.organisator.ch\\\/?s={search_term_string}\"},\"query-input\":{\"@type\":\"PropertyValueSpecification\",\"valueRequired\":true,\"valueName\":\"search_term_string\"}}],\"inLanguage\":\"en-US\"},{\"@type\":\"Organization\",\"@id\":\"https:\\\/\\\/www.organisator.ch\\\/#organization\",\"name\":\"Organisator\",\"url\":\"https:\\\/\\\/www.organisator.ch\\\/\",\"logo\":{\"@type\":\"ImageObject\",\"inLanguage\":\"en-US\",\"@id\":\"https:\\\/\\\/www.organisator.ch\\\/#\\\/schema\\\/logo\\\/image\\\/\",\"url\":\"https:\\\/\\\/www.organisator.ch\\\/wp-content\\\/uploads\\\/2022\\\/01\\\/Logo_Organisator_Website.png\",\"contentUrl\":\"https:\\\/\\\/www.organisator.ch\\\/wp-content\\\/uploads\\\/2022\\\/01\\\/Logo_Organisator_Website.png\",\"width\":800,\"height\":77,\"caption\":\"Organisator\"},\"image\":{\"@id\":\"https:\\\/\\\/www.organisator.ch\\\/#\\\/schema\\\/logo\\\/image\\\/\"},\"sameAs\":[\"https:\\\/\\\/www.facebook.com\\\/OrganisatorFachmagazin\",\"https:\\\/\\\/www.linkedin.com\\\/showcase\\\/organisator-das-magazin-fr-kmu\",\"https:\\\/\\\/www.xing.com\\\/news\\\/pages\\\/organisator-ch-695\",\"https:\\\/\\\/www.youtube.com\\\/channel\\\/UCGP2Sq0iWaZwT3BdIAQFYpw\"]},{\"@type\":\"Person\",\"@id\":\"https:\\\/\\\/www.organisator.ch\\\/#\\\/schema\\\/person\\\/6f650f90b2842cd4c0cc334b4e36f67e\",\"name\":\"thomas.berner\",\"image\":{\"@type\":\"ImageObject\",\"inLanguage\":\"en-US\",\"@id\":\"https:\\\/\\\/secure.gravatar.com\\\/avatar\\\/ac5001d2a36cb6c6cd3e50789007ffca834b477b74a2144564522e944eabff61?s=96&d=mm&r=g\",\"url\":\"https:\\\/\\\/secure.gravatar.com\\\/avatar\\\/ac5001d2a36cb6c6cd3e50789007ffca834b477b74a2144564522e944eabff61?s=96&d=mm&r=g\",\"contentUrl\":\"https:\\\/\\\/secure.gravatar.com\\\/avatar\\\/ac5001d2a36cb6c6cd3e50789007ffca834b477b74a2144564522e944eabff61?s=96&d=mm&r=g\",\"caption\":\"thomas.berner\"},\"url\":\"https:\\\/\\\/www.organisator.ch\\\/en\\\/author\\\/thomas-berner\\\/\"}]}<\/script>\n<!-- \/ Yoast SEO plugin. -->","yoast_head_json":{"title":"The boss as a discontinued model? Managers in new roles - organizer","description":"In times of self-organized agile teams, do we still need managers at all? HR expert Dr. Consuela Utsch comments on this topic.","robots":{"index":"index","follow":"follow","max-snippet":"max-snippet:-1","max-image-preview":"max-image-preview:large","max-video-preview":"max-video-preview:-1"},"canonical":"https:\/\/www.organisator.ch\/en\/management\/2019-08-14\/auslaufmodell-chef-fuehrungskraefte-in-neuen-rollen\/","og_locale":"en_US","og_type":"article","og_title":"Auslaufmodell Chef? F\u00fchrungskr\u00e4fte in neuen Rollen","og_description":"Braucht es in Zeiten selbstorganisierter agiler Teams \u00fcberhaupt noch F\u00fchrungskr\u00e4fte? Zu dieser Thematik \u00e4u\u00dfert sich HR-Expertin Dr. Consuela Utsch.","og_url":"https:\/\/www.organisator.ch\/en\/management\/2019-08-14\/auslaufmodell-chef-fuehrungskraefte-in-neuen-rollen\/","og_site_name":"Organisator","article_publisher":"https:\/\/www.facebook.com\/OrganisatorFachmagazin","article_published_time":"2019-08-14T09:56:28+00:00","og_image":[{"width":680,"height":449,"url":"https:\/\/www.organisator.ch\/wp-content\/uploads\/2019\/08\/Auslaufmodell-Chef-Fuehrungskraefte-in-neuen-Rollen_Organisator.jpg","type":"image\/jpeg"}],"author":"thomas.berner","twitter_card":"summary_large_image","twitter_title":"Auslaufmodell Chef? #F\u00fchrungskr\u00e4fte in neuen Rollen","twitter_description":"Braucht es in Zeiten selbstorganisierter agiler Teams \u00fcberhaupt noch #F\u00fchrungskr\u00e4fte? Zu dieser Thematik \u00e4u\u00dfert sich HR-Expertin Dr. Consuela Utsch.","twitter_image":"https:\/\/www.organisator.ch\/wp-content\/uploads\/2019\/08\/Auslaufmodell-Chef-F\u00fchrungskr\u00e4fte-in-neuen-Rollen_Organisator.jpg","schema":{"@context":"https:\/\/schema.org","@graph":[{"@type":"Article","@id":"https:\/\/www.organisator.ch\/management\/2019-08-14\/auslaufmodell-chef-fuehrungskraefte-in-neuen-rollen\/#article","isPartOf":{"@id":"https:\/\/www.organisator.ch\/management\/2019-08-14\/auslaufmodell-chef-fuehrungskraefte-in-neuen-rollen\/"},"author":{"name":"thomas.berner","@id":"https:\/\/www.organisator.ch\/#\/schema\/person\/6f650f90b2842cd4c0cc334b4e36f67e"},"headline":"Auslaufmodell Chef? F\u00fchrungskr\u00e4fte in neuen Rollen","datePublished":"2019-08-14T09:56:28+00:00","mainEntityOfPage":{"@id":"https:\/\/www.organisator.ch\/management\/2019-08-14\/auslaufmodell-chef-fuehrungskraefte-in-neuen-rollen\/"},"wordCount":897,"commentCount":0,"publisher":{"@id":"https:\/\/www.organisator.ch\/#organization"},"image":{"@id":"https:\/\/www.organisator.ch\/management\/2019-08-14\/auslaufmodell-chef-fuehrungskraefte-in-neuen-rollen\/#primaryimage"},"thumbnailUrl":"https:\/\/www.organisator.ch\/wp-content\/uploads\/2019\/08\/Auslaufmodell-Chef-Fuehrungskraefte-in-neuen-Rollen_Organisator.jpg","keywords":["HRM","Kolumne","Management und Unternehmensf\u00fchrung","Teams"],"articleSection":["MANAGEMENT"],"inLanguage":"en-US"},{"@type":"WebPage","@id":"https:\/\/www.organisator.ch\/management\/2019-08-14\/auslaufmodell-chef-fuehrungskraefte-in-neuen-rollen\/","url":"https:\/\/www.organisator.ch\/management\/2019-08-14\/auslaufmodell-chef-fuehrungskraefte-in-neuen-rollen\/","name":"The boss as a discontinued model? Managers in new roles - organizer","isPartOf":{"@id":"https:\/\/www.organisator.ch\/#website"},"primaryImageOfPage":{"@id":"https:\/\/www.organisator.ch\/management\/2019-08-14\/auslaufmodell-chef-fuehrungskraefte-in-neuen-rollen\/#primaryimage"},"image":{"@id":"https:\/\/www.organisator.ch\/management\/2019-08-14\/auslaufmodell-chef-fuehrungskraefte-in-neuen-rollen\/#primaryimage"},"thumbnailUrl":"https:\/\/www.organisator.ch\/wp-content\/uploads\/2019\/08\/Auslaufmodell-Chef-Fuehrungskraefte-in-neuen-Rollen_Organisator.jpg","datePublished":"2019-08-14T09:56:28+00:00","description":"In times of self-organized agile teams, do we still need managers at all? HR expert Dr. Consuela Utsch comments on this topic.","breadcrumb":{"@id":"https:\/\/www.organisator.ch\/management\/2019-08-14\/auslaufmodell-chef-fuehrungskraefte-in-neuen-rollen\/#breadcrumb"},"inLanguage":"en-US","potentialAction":[{"@type":"ReadAction","target":["https:\/\/www.organisator.ch\/management\/2019-08-14\/auslaufmodell-chef-fuehrungskraefte-in-neuen-rollen\/"]}]},{"@type":"ImageObject","inLanguage":"en-US","@id":"https:\/\/www.organisator.ch\/management\/2019-08-14\/auslaufmodell-chef-fuehrungskraefte-in-neuen-rollen\/#primaryimage","url":"https:\/\/www.organisator.ch\/wp-content\/uploads\/2019\/08\/Auslaufmodell-Chef-Fuehrungskraefte-in-neuen-Rollen_Organisator.jpg","contentUrl":"https:\/\/www.organisator.ch\/wp-content\/uploads\/2019\/08\/Auslaufmodell-Chef-Fuehrungskraefte-in-neuen-Rollen_Organisator.jpg","width":680,"height":449,"caption":"F\u00fchrungskr\u00e4fte sind kein Auslaufmodell: Auch in selbstorganisierten Teams muss jemand zeigen, wo's lang geht. (Bild: Pixabay.com)"},{"@type":"BreadcrumbList","@id":"https:\/\/www.organisator.ch\/management\/2019-08-14\/auslaufmodell-chef-fuehrungskraefte-in-neuen-rollen\/#breadcrumb","itemListElement":[{"@type":"ListItem","position":1,"name":"Home","item":"https:\/\/www.organisator.ch\/"},{"@type":"ListItem","position":2,"name":"Auslaufmodell Chef? F\u00fchrungskr\u00e4fte in neuen Rollen"}]},{"@type":"WebSite","@id":"https:\/\/www.organisator.ch\/#website","url":"https:\/\/www.organisator.ch\/","name":"Organizer","description":"Competent. Practical. In 10 issues per year, ORGANISATOR presents the essential topics for managers of SMEs.","publisher":{"@id":"https:\/\/www.organisator.ch\/#organization"},"potentialAction":[{"@type":"SearchAction","target":{"@type":"EntryPoint","urlTemplate":"https:\/\/www.organisator.ch\/?s={search_term_string}"},"query-input":{"@type":"PropertyValueSpecification","valueRequired":true,"valueName":"search_term_string"}}],"inLanguage":"en-US"},{"@type":"Organization","@id":"https:\/\/www.organisator.ch\/#organization","name":"Organizer","url":"https:\/\/www.organisator.ch\/","logo":{"@type":"ImageObject","inLanguage":"en-US","@id":"https:\/\/www.organisator.ch\/#\/schema\/logo\/image\/","url":"https:\/\/www.organisator.ch\/wp-content\/uploads\/2022\/01\/Logo_Organisator_Website.png","contentUrl":"https:\/\/www.organisator.ch\/wp-content\/uploads\/2022\/01\/Logo_Organisator_Website.png","width":800,"height":77,"caption":"Organisator"},"image":{"@id":"https:\/\/www.organisator.ch\/#\/schema\/logo\/image\/"},"sameAs":["https:\/\/www.facebook.com\/OrganisatorFachmagazin","https:\/\/www.linkedin.com\/showcase\/organisator-das-magazin-fr-kmu","https:\/\/www.xing.com\/news\/pages\/organisator-ch-695","https:\/\/www.youtube.com\/channel\/UCGP2Sq0iWaZwT3BdIAQFYpw"]},{"@type":"Person","@id":"https:\/\/www.organisator.ch\/#\/schema\/person\/6f650f90b2842cd4c0cc334b4e36f67e","name":"thomas.berner","image":{"@type":"ImageObject","inLanguage":"en-US","@id":"https:\/\/secure.gravatar.com\/avatar\/ac5001d2a36cb6c6cd3e50789007ffca834b477b74a2144564522e944eabff61?s=96&d=mm&r=g","url":"https:\/\/secure.gravatar.com\/avatar\/ac5001d2a36cb6c6cd3e50789007ffca834b477b74a2144564522e944eabff61?s=96&d=mm&r=g","contentUrl":"https:\/\/secure.gravatar.com\/avatar\/ac5001d2a36cb6c6cd3e50789007ffca834b477b74a2144564522e944eabff61?s=96&d=mm&r=g","caption":"thomas.berner"},"url":"https:\/\/www.organisator.ch\/en\/author\/thomas-berner\/"}]}},"_links":{"self":[{"href":"https:\/\/www.organisator.ch\/en\/wp-json\/wp\/v2\/posts\/5661","targetHints":{"allow":["GET"]}}],"collection":[{"href":"https:\/\/www.organisator.ch\/en\/wp-json\/wp\/v2\/posts"}],"about":[{"href":"https:\/\/www.organisator.ch\/en\/wp-json\/wp\/v2\/types\/post"}],"author":[{"embeddable":true,"href":"https:\/\/www.organisator.ch\/en\/wp-json\/wp\/v2\/users\/4"}],"replies":[{"embeddable":true,"href":"https:\/\/www.organisator.ch\/en\/wp-json\/wp\/v2\/comments?post=5661"}],"version-history":[{"count":0,"href":"https:\/\/www.organisator.ch\/en\/wp-json\/wp\/v2\/posts\/5661\/revisions"}],"wp:featuredmedia":[{"embeddable":true,"href":"https:\/\/www.organisator.ch\/en\/wp-json\/wp\/v2\/media\/5662"}],"wp:attachment":[{"href":"https:\/\/www.organisator.ch\/en\/wp-json\/wp\/v2\/media?parent=5661"}],"wp:term":[{"taxonomy":"category","embeddable":true,"href":"https:\/\/www.organisator.ch\/en\/wp-json\/wp\/v2\/categories?post=5661"},{"taxonomy":"post_tag","embeddable":true,"href":"https:\/\/www.organisator.ch\/en\/wp-json\/wp\/v2\/tags?post=5661"}],"curies":[{"name":"wp","href":"https:\/\/api.w.org\/{rel}","templated":true}]}}