{"id":5686,"date":"2019-08-20T10:14:08","date_gmt":"2019-08-20T08:14:08","guid":{"rendered":"https:\/\/www.organisator.ch\/?p=5686"},"modified":"2019-08-20T10:14:08","modified_gmt":"2019-08-20T08:14:08","slug":"prix-svc-nordschweiz-2019-das-sind-die-finalisten","status":"publish","type":"post","link":"https:\/\/www.organisator.ch\/en\/allgemein\/2019-08-20\/prix-svc-nordschweiz-2019-das-sind-die-finalisten\/","title":{"rendered":"Prix SVC Northern Switzerland 2019: These are the finalists"},"content":{"rendered":"<figure id=\"attachment_5688\" aria-describedby=\"caption-attachment-5688\" style=\"width: 680px\" class=\"wp-caption alignnone\"><img loading=\"lazy\" decoding=\"async\" class=\"size-medium wp-image-5688\" src=\"https:\/\/www.organisator.ch\/wp-content\/uploads\/2019\/08\/Prix-SVC-Nordschweiz-2019-Das-sind-die-Finalisten_Organisator.jpg\" alt=\"\" width=\"680\" height=\"227\" srcset=\"https:\/\/www.organisator.ch\/wp-content\/uploads\/2019\/08\/Prix-SVC-Nordschweiz-2019-Das-sind-die-Finalisten_Organisator.jpg 680w, https:\/\/www.organisator.ch\/wp-content\/uploads\/2019\/08\/Prix-SVC-Nordschweiz-2019-Das-sind-die-Finalisten_Organisator-16x5.jpg 16w, https:\/\/www.organisator.ch\/wp-content\/uploads\/2019\/08\/Prix-SVC-Nordschweiz-2019-Das-sind-die-Finalisten_Organisator-375x125.jpg 375w, https:\/\/www.organisator.ch\/wp-content\/uploads\/2019\/08\/Prix-SVC-Nordschweiz-2019-Das-sind-die-Finalisten_Organisator-300x100.jpg 300w\" sizes=\"auto, (max-width: 680px) 100vw, 680px\" \/><figcaption id=\"caption-attachment-5688\" class=\"wp-caption-text\">The company Dectris from Baden won in 2017. Which of the six finalists can cheer about the Prix SVC Nordschweiz 2019? (Image: SVC)<\/figcaption><\/figure>\n<p>The sponsor and initiator of the Prix SVC is the <a href=\"http:\/\/www.swiss-venture-club.ch\">Swiss Venture Club<\/a>, an independent, non-profit association for the promotion and support of SMEs in Switzerland. With the Prix SVC Northern Switzerland, it honors exemplary SMEs in the region that impress with their products and services, their innovations, their corporate culture, the quality of their employees and management, as well as their sustainable track record and regional roots. The award ceremony of the Prix SVC Northern Switzerland 2019 will take place on November 28, 2019 at the Congress Center Basel. More than 1200 guests from business, science, politics and culture are expected. Dani von Wattenwyl will conduct the award ceremony.<\/p>\n<h2>Brack.ch AG, M\u00e4genwil<\/h2>\n<p>BRACK.CH is a Swiss trading company. Founded in 1994 as a one-man company by Roland Brack, the company has developed rapidly in the following years. The company relied on the Internet and e-commerce at an early stage and today generates most of its sales online. The company's unique selling point is its range of over 200,000 products available from stock. The company employs over 700 people at its three sites in M\u00e4genwil AG, Willisau LU and Renens VD.<br \/>\n<a href=\"http:\/\/www.brack.ch\" target=\"_blank\" rel=\"noopener\">www.brack.ch<\/a><\/p>\n<h2>BSI Business Systems Integration AG, Baden<\/h2>\n<p>The company specializes in software for CRM and marketing automation based on innovative technologies. BSI is committed to the digitization of companies and consistent customer centricity. The software company with a total of eight locations in Switzerland and Germany offers smart industry solutions for retail, banking, insurance and life science that are convincing as user-friendly helpers. They support companies in the digitalization of customer dialog and consistent customer centricity. BSI employs 322 people.<br \/>\n<a href=\"http:\/\/www.bsi-software.com\" target=\"_blank\" rel=\"noopener\">www.bsi-software.com<\/a><\/p>\n<h2>Burckhardt+Partner AG, Basel<\/h2>\n<p>Burckhardt+Partner is an independent architectural and general planning firm, leading in Switzerland and operating internationally. The company was founded in Basel in 1951, became a public limited company in 1981 and has developed steadily since then. With its 391 employees today, Burckhardt+Partner has had a significant impact on architecture in Switzerland and has also been able to hold its own in the international arena.<br \/>\n<a href=\"http:\/\/www.burckhardtpartner.com\" target=\"_blank\" rel=\"noopener\">www.burckhardtpartner.com<\/a><\/p>\n<h2>H\u00e4ring Group, Muttenz<\/h2>\n<p>The H\u00e4ring Group has been family-owned for 140 years and is a leading company for digitalization and sustainability in the construction and real estate industry. In doing so, H\u00e4ring develops and produces new products, processes and business models with the sustainable building material wood. From single-family homes to high-rise buildings, from bridges to industrial buildings, nationally and internationally. The H\u00e4ring Group employs 130 people in Eiken, Muttenz, Burgdorf and Tianjin (CN).<br \/>\n<a href=\"http:\/\/www.haring.ch\" target=\"_blank\" rel=\"noopener\">www.haring.ch<\/a><\/p>\n<h2>Solvias AG, Kaiseraugst<\/h2>\n<p>Solvias (Latin solutio and via, finding solutions and new ways), which was formed in 1999 through a management buy-out, is the global market leader in contract research, development and manufacturing for the pharmaceutical, biotech, cosmetics and medical devices industries. International expansion was accelerated in 2013 with the acquisition of Confarma. This expanded the company's offering to include new competencies in microbiology, sterility and bioburden analysis, cell biology and release analysis. Solvias employs over 500 people with offices in France and the USA.<br \/>\n<a href=\"http:\/\/www.solvias.com\" target=\"_blank\" rel=\"noopener\">www.solvias.com<\/a><\/p>\n<h2>Zaugg Maschinenbau AG, Sch\u00f6nenwerd<\/h2>\n<p>The company has been offering automation solutions in special plant engineering since 1995. The core competence lies in the automation of work processes in production companies. Thanks to creative and customized ideas, the company offers everything from a single source - development, manufacturing, assembly and control system construction - and is active in the pharmaceutical, medical, textile, food, construction, logistics and plastics industries. The company's success is based on its 58 well-trained employees and six apprentices in the professions of design engineer, polymechanic and automation engineer.<br \/>\n<a href=\"http:\/\/www.zmb.ch\" target=\"_blank\" rel=\"noopener\">www.zmb.ch<\/a><\/p>","protected":false},"excerpt":{"rendered":"<p>Tr\u00e4ger und Initiant des Prix SVC ist der Swiss Venture Club, ein unabh\u00e4ngiger, non-profit-orientierter Verein zur F\u00f6rderung und Unterst\u00fctzung von KMU in der Schweiz. Mit dem Prix SVC Nordschweiz zeichnet er vorbildliche KMU der Region aus, die durch ihre Produkte und Dienstleistungen, durch ihre Innovationen, ihre Firmenkultur, die Qualit\u00e4t der Mitarbeitenden und des Managements sowie [&hellip;]<\/p>\n","protected":false},"author":4,"featured_media":5688,"comment_status":"open","ping_status":"open","sticky":false,"template":"","format":"standard","meta":{"_acf_changed":false,"_yoast_wpseo_focuskw":"Prix SVC Nordschweiz 2019","_yoast_wpseo_metadesc":"Das Unternehmernetzwerk Swiss Venture Club (SVC) vergibt am 28. November den Prix SVC Nordschweiz 2019. Die sechs Finalisten wurden nun bekannt gegeben.","articlekey":"","footnotes":""},"categories":[1],"tags":[66,492,503,508],"class_list":["post-5686","post","type-post","status-publish","format-standard","has-post-thumbnail","hentry","category-allgemein","tag-awards","tag-unternehmen","tag-verbaende","tag-vermischtes"],"acf":[],"yoast_head":"<!-- This site is optimized with the Yoast SEO plugin v27.4 - https:\/\/yoast.com\/product\/yoast-seo-wordpress\/ -->\n<title>Prix SVC Nordschweiz 2019: Das sind die Finalisten - Organisator<\/title>\n<meta name=\"description\" content=\"Das Unternehmernetzwerk Swiss Venture Club (SVC) vergibt am 28. November den Prix SVC Nordschweiz 2019. Die sechs Finalisten wurden nun bekannt gegeben.\" \/>\n<meta name=\"robots\" content=\"index, follow, max-snippet:-1, max-image-preview:large, max-video-preview:-1\" \/>\n<link rel=\"canonical\" href=\"https:\/\/www.organisator.ch\/en\/general\/2019-08-20\/prix-svc-nordschweiz-2019-das-sind-die-finalisten\/\" \/>\n<meta property=\"og:locale\" content=\"en_US\" \/>\n<meta property=\"og:type\" content=\"article\" \/>\n<meta property=\"og:title\" content=\"Prix SVC Nordschweiz 2019: Das sind die Finalisten\" \/>\n<meta property=\"og:description\" content=\"Das Unternehmernetzwerk Swiss Venture Club (SVC) vergibt am 28. November den Prix SVC Nordschweiz 2019. Die sechs Finalisten wurden nun bekannt gegeben.\" \/>\n<meta property=\"og:url\" content=\"https:\/\/www.organisator.ch\/en\/general\/2019-08-20\/prix-svc-nordschweiz-2019-das-sind-die-finalisten\/\" \/>\n<meta property=\"og:site_name\" content=\"Organisator\" \/>\n<meta property=\"article:publisher\" content=\"https:\/\/www.facebook.com\/OrganisatorFachmagazin\" \/>\n<meta property=\"article:published_time\" content=\"2019-08-20T08:14:08+00:00\" \/>\n<meta property=\"og:image\" content=\"https:\/\/www.organisator.ch\/wp-content\/uploads\/2019\/08\/Prix-SVC-Nordschweiz-2019-Das-sind-die-Finalisten_Organisator.jpg\" \/>\n\t<meta property=\"og:image:width\" content=\"680\" \/>\n\t<meta property=\"og:image:height\" content=\"227\" \/>\n\t<meta property=\"og:image:type\" content=\"image\/jpeg\" \/>\n<meta name=\"author\" content=\"thomas.berner\" \/>\n<meta name=\"twitter:card\" content=\"summary_large_image\" \/>\n<meta name=\"twitter:title\" content=\"Prix SVC Nordschweiz 2019: Das sind die Finalisten\" \/>\n<meta name=\"twitter:description\" content=\"Das Unternehmernetzwerk Swiss Venture Club (SVC) vergibt am 28. November den Prix SVC Nordschweiz 2019. Die sechs Finalisten wurden nun bekannt gegeben.\" \/>\n<meta name=\"twitter:image\" content=\"https:\/\/www.organisator.ch\/wp-content\/uploads\/2019\/08\/Prix-SVC-Nordschweiz-2019-Das-sind-die-Finalisten_Organisator.jpg\" \/>\n<script type=\"application\/ld+json\" class=\"yoast-schema-graph\">{\"@context\":\"https:\\\/\\\/schema.org\",\"@graph\":[{\"@type\":\"Article\",\"@id\":\"https:\\\/\\\/www.organisator.ch\\\/fr\\\/general\\\/2019-08-20\\\/prix-svc-nordschweiz-2019-das-sind-die-finalisten\\\/#article\",\"isPartOf\":{\"@id\":\"https:\\\/\\\/www.organisator.ch\\\/fr\\\/general\\\/2019-08-20\\\/prix-svc-nordschweiz-2019-das-sind-die-finalisten\\\/\"},\"author\":{\"name\":\"thomas.berner\",\"@id\":\"https:\\\/\\\/www.organisator.ch\\\/#\\\/schema\\\/person\\\/6f650f90b2842cd4c0cc334b4e36f67e\"},\"headline\":\"Prix SVC Nordschweiz 2019: Das sind die Finalisten\",\"datePublished\":\"2019-08-20T08:14:08+00:00\",\"mainEntityOfPage\":{\"@id\":\"https:\\\/\\\/www.organisator.ch\\\/fr\\\/general\\\/2019-08-20\\\/prix-svc-nordschweiz-2019-das-sind-die-finalisten\\\/\"},\"wordCount\":605,\"commentCount\":0,\"publisher\":{\"@id\":\"https:\\\/\\\/www.organisator.ch\\\/#organization\"},\"image\":{\"@id\":\"https:\\\/\\\/www.organisator.ch\\\/fr\\\/general\\\/2019-08-20\\\/prix-svc-nordschweiz-2019-das-sind-die-finalisten\\\/#primaryimage\"},\"thumbnailUrl\":\"https:\\\/\\\/www.organisator.ch\\\/wp-content\\\/uploads\\\/2019\\\/08\\\/Prix-SVC-Nordschweiz-2019-Das-sind-die-Finalisten_Organisator.jpg\",\"keywords\":[\"Awards\",\"Unternehmen\",\"Verb\u00e4nde\",\"Vermischtes\"],\"articleSection\":[\"Allgemein\"],\"inLanguage\":\"en-US\"},{\"@type\":\"WebPage\",\"@id\":\"https:\\\/\\\/www.organisator.ch\\\/fr\\\/general\\\/2019-08-20\\\/prix-svc-nordschweiz-2019-das-sind-die-finalisten\\\/\",\"url\":\"https:\\\/\\\/www.organisator.ch\\\/fr\\\/general\\\/2019-08-20\\\/prix-svc-nordschweiz-2019-das-sind-die-finalisten\\\/\",\"name\":\"Prix SVC Nordschweiz 2019: Das sind die Finalisten - Organisator\",\"isPartOf\":{\"@id\":\"https:\\\/\\\/www.organisator.ch\\\/#website\"},\"primaryImageOfPage\":{\"@id\":\"https:\\\/\\\/www.organisator.ch\\\/fr\\\/general\\\/2019-08-20\\\/prix-svc-nordschweiz-2019-das-sind-die-finalisten\\\/#primaryimage\"},\"image\":{\"@id\":\"https:\\\/\\\/www.organisator.ch\\\/fr\\\/general\\\/2019-08-20\\\/prix-svc-nordschweiz-2019-das-sind-die-finalisten\\\/#primaryimage\"},\"thumbnailUrl\":\"https:\\\/\\\/www.organisator.ch\\\/wp-content\\\/uploads\\\/2019\\\/08\\\/Prix-SVC-Nordschweiz-2019-Das-sind-die-Finalisten_Organisator.jpg\",\"datePublished\":\"2019-08-20T08:14:08+00:00\",\"description\":\"Das Unternehmernetzwerk Swiss Venture Club (SVC) vergibt am 28. November den Prix SVC Nordschweiz 2019. Die sechs Finalisten wurden nun bekannt gegeben.\",\"breadcrumb\":{\"@id\":\"https:\\\/\\\/www.organisator.ch\\\/fr\\\/general\\\/2019-08-20\\\/prix-svc-nordschweiz-2019-das-sind-die-finalisten\\\/#breadcrumb\"},\"inLanguage\":\"en-US\",\"potentialAction\":[{\"@type\":\"ReadAction\",\"target\":[\"https:\\\/\\\/www.organisator.ch\\\/fr\\\/general\\\/2019-08-20\\\/prix-svc-nordschweiz-2019-das-sind-die-finalisten\\\/\"]}]},{\"@type\":\"ImageObject\",\"inLanguage\":\"en-US\",\"@id\":\"https:\\\/\\\/www.organisator.ch\\\/fr\\\/general\\\/2019-08-20\\\/prix-svc-nordschweiz-2019-das-sind-die-finalisten\\\/#primaryimage\",\"url\":\"https:\\\/\\\/www.organisator.ch\\\/wp-content\\\/uploads\\\/2019\\\/08\\\/Prix-SVC-Nordschweiz-2019-Das-sind-die-Finalisten_Organisator.jpg\",\"contentUrl\":\"https:\\\/\\\/www.organisator.ch\\\/wp-content\\\/uploads\\\/2019\\\/08\\\/Prix-SVC-Nordschweiz-2019-Das-sind-die-Finalisten_Organisator.jpg\",\"width\":680,\"height\":227,\"caption\":\"Die Firma Dectris aus Baden gewann 2017. Wer von den sechs Finalisten darf \u00fcber den Prix SVC Nordschweiz 2019 jubeln? (Bild: SVC)\"},{\"@type\":\"BreadcrumbList\",\"@id\":\"https:\\\/\\\/www.organisator.ch\\\/fr\\\/general\\\/2019-08-20\\\/prix-svc-nordschweiz-2019-das-sind-die-finalisten\\\/#breadcrumb\",\"itemListElement\":[{\"@type\":\"ListItem\",\"position\":1,\"name\":\"Home\",\"item\":\"https:\\\/\\\/www.organisator.ch\\\/\"},{\"@type\":\"ListItem\",\"position\":2,\"name\":\"Prix SVC Nordschweiz 2019: Das sind die Finalisten\"}]},{\"@type\":\"WebSite\",\"@id\":\"https:\\\/\\\/www.organisator.ch\\\/#website\",\"url\":\"https:\\\/\\\/www.organisator.ch\\\/\",\"name\":\"Organisator\",\"description\":\"Kompetent. Praxisnah. Der ORGANISATOR bereitet in 10 Ausgaben pro Jahr die wesentlichen Themen f\u00fcr F\u00fchrungskr\u00e4fte von KMU auf.\",\"publisher\":{\"@id\":\"https:\\\/\\\/www.organisator.ch\\\/#organization\"},\"potentialAction\":[{\"@type\":\"SearchAction\",\"target\":{\"@type\":\"EntryPoint\",\"urlTemplate\":\"https:\\\/\\\/www.organisator.ch\\\/?s={search_term_string}\"},\"query-input\":{\"@type\":\"PropertyValueSpecification\",\"valueRequired\":true,\"valueName\":\"search_term_string\"}}],\"inLanguage\":\"en-US\"},{\"@type\":\"Organization\",\"@id\":\"https:\\\/\\\/www.organisator.ch\\\/#organization\",\"name\":\"Organisator\",\"url\":\"https:\\\/\\\/www.organisator.ch\\\/\",\"logo\":{\"@type\":\"ImageObject\",\"inLanguage\":\"en-US\",\"@id\":\"https:\\\/\\\/www.organisator.ch\\\/#\\\/schema\\\/logo\\\/image\\\/\",\"url\":\"https:\\\/\\\/www.organisator.ch\\\/wp-content\\\/uploads\\\/2022\\\/01\\\/Logo_Organisator_Website.png\",\"contentUrl\":\"https:\\\/\\\/www.organisator.ch\\\/wp-content\\\/uploads\\\/2022\\\/01\\\/Logo_Organisator_Website.png\",\"width\":800,\"height\":77,\"caption\":\"Organisator\"},\"image\":{\"@id\":\"https:\\\/\\\/www.organisator.ch\\\/#\\\/schema\\\/logo\\\/image\\\/\"},\"sameAs\":[\"https:\\\/\\\/www.facebook.com\\\/OrganisatorFachmagazin\",\"https:\\\/\\\/www.linkedin.com\\\/showcase\\\/organisator-das-magazin-fr-kmu\",\"https:\\\/\\\/www.xing.com\\\/news\\\/pages\\\/organisator-ch-695\",\"https:\\\/\\\/www.youtube.com\\\/channel\\\/UCGP2Sq0iWaZwT3BdIAQFYpw\"]},{\"@type\":\"Person\",\"@id\":\"https:\\\/\\\/www.organisator.ch\\\/#\\\/schema\\\/person\\\/6f650f90b2842cd4c0cc334b4e36f67e\",\"name\":\"thomas.berner\",\"image\":{\"@type\":\"ImageObject\",\"inLanguage\":\"en-US\",\"@id\":\"https:\\\/\\\/secure.gravatar.com\\\/avatar\\\/ac5001d2a36cb6c6cd3e50789007ffca834b477b74a2144564522e944eabff61?s=96&d=mm&r=g\",\"url\":\"https:\\\/\\\/secure.gravatar.com\\\/avatar\\\/ac5001d2a36cb6c6cd3e50789007ffca834b477b74a2144564522e944eabff61?s=96&d=mm&r=g\",\"contentUrl\":\"https:\\\/\\\/secure.gravatar.com\\\/avatar\\\/ac5001d2a36cb6c6cd3e50789007ffca834b477b74a2144564522e944eabff61?s=96&d=mm&r=g\",\"caption\":\"thomas.berner\"},\"url\":\"https:\\\/\\\/www.organisator.ch\\\/en\\\/author\\\/thomas-berner\\\/\"}]}<\/script>\n<!-- \/ Yoast SEO plugin. -->","yoast_head_json":{"title":"Prix SVC Northern Switzerland 2019: These are the finalists - Organizer","description":"The Swiss Venture Club (SVC) entrepreneurial network will award the Prix SVC Nordschweiz 2019 on November 28, and the six finalists have now been announced.","robots":{"index":"index","follow":"follow","max-snippet":"max-snippet:-1","max-image-preview":"max-image-preview:large","max-video-preview":"max-video-preview:-1"},"canonical":"https:\/\/www.organisator.ch\/en\/general\/2019-08-20\/prix-svc-nordschweiz-2019-das-sind-die-finalisten\/","og_locale":"en_US","og_type":"article","og_title":"Prix SVC Nordschweiz 2019: Das sind die Finalisten","og_description":"Das Unternehmernetzwerk Swiss Venture Club (SVC) vergibt am 28. November den Prix SVC Nordschweiz 2019. Die sechs Finalisten wurden nun bekannt gegeben.","og_url":"https:\/\/www.organisator.ch\/en\/general\/2019-08-20\/prix-svc-nordschweiz-2019-das-sind-die-finalisten\/","og_site_name":"Organisator","article_publisher":"https:\/\/www.facebook.com\/OrganisatorFachmagazin","article_published_time":"2019-08-20T08:14:08+00:00","og_image":[{"width":680,"height":227,"url":"https:\/\/www.organisator.ch\/wp-content\/uploads\/2019\/08\/Prix-SVC-Nordschweiz-2019-Das-sind-die-Finalisten_Organisator.jpg","type":"image\/jpeg"}],"author":"thomas.berner","twitter_card":"summary_large_image","twitter_title":"Prix SVC Nordschweiz 2019: Das sind die Finalisten","twitter_description":"Das Unternehmernetzwerk Swiss Venture Club (SVC) vergibt am 28. November den Prix SVC Nordschweiz 2019. Die sechs Finalisten wurden nun bekannt gegeben.","twitter_image":"https:\/\/www.organisator.ch\/wp-content\/uploads\/2019\/08\/Prix-SVC-Nordschweiz-2019-Das-sind-die-Finalisten_Organisator.jpg","schema":{"@context":"https:\/\/schema.org","@graph":[{"@type":"Article","@id":"https:\/\/www.organisator.ch\/fr\/general\/2019-08-20\/prix-svc-nordschweiz-2019-das-sind-die-finalisten\/#article","isPartOf":{"@id":"https:\/\/www.organisator.ch\/fr\/general\/2019-08-20\/prix-svc-nordschweiz-2019-das-sind-die-finalisten\/"},"author":{"name":"thomas.berner","@id":"https:\/\/www.organisator.ch\/#\/schema\/person\/6f650f90b2842cd4c0cc334b4e36f67e"},"headline":"Prix SVC Nordschweiz 2019: Das sind die Finalisten","datePublished":"2019-08-20T08:14:08+00:00","mainEntityOfPage":{"@id":"https:\/\/www.organisator.ch\/fr\/general\/2019-08-20\/prix-svc-nordschweiz-2019-das-sind-die-finalisten\/"},"wordCount":605,"commentCount":0,"publisher":{"@id":"https:\/\/www.organisator.ch\/#organization"},"image":{"@id":"https:\/\/www.organisator.ch\/fr\/general\/2019-08-20\/prix-svc-nordschweiz-2019-das-sind-die-finalisten\/#primaryimage"},"thumbnailUrl":"https:\/\/www.organisator.ch\/wp-content\/uploads\/2019\/08\/Prix-SVC-Nordschweiz-2019-Das-sind-die-Finalisten_Organisator.jpg","keywords":["Awards","Unternehmen","Verb\u00e4nde","Vermischtes"],"articleSection":["Allgemein"],"inLanguage":"en-US"},{"@type":"WebPage","@id":"https:\/\/www.organisator.ch\/fr\/general\/2019-08-20\/prix-svc-nordschweiz-2019-das-sind-die-finalisten\/","url":"https:\/\/www.organisator.ch\/fr\/general\/2019-08-20\/prix-svc-nordschweiz-2019-das-sind-die-finalisten\/","name":"Prix SVC Northern Switzerland 2019: These are the finalists - Organizer","isPartOf":{"@id":"https:\/\/www.organisator.ch\/#website"},"primaryImageOfPage":{"@id":"https:\/\/www.organisator.ch\/fr\/general\/2019-08-20\/prix-svc-nordschweiz-2019-das-sind-die-finalisten\/#primaryimage"},"image":{"@id":"https:\/\/www.organisator.ch\/fr\/general\/2019-08-20\/prix-svc-nordschweiz-2019-das-sind-die-finalisten\/#primaryimage"},"thumbnailUrl":"https:\/\/www.organisator.ch\/wp-content\/uploads\/2019\/08\/Prix-SVC-Nordschweiz-2019-Das-sind-die-Finalisten_Organisator.jpg","datePublished":"2019-08-20T08:14:08+00:00","description":"The Swiss Venture Club (SVC) entrepreneurial network will award the Prix SVC Nordschweiz 2019 on November 28, and the six finalists have now been announced.","breadcrumb":{"@id":"https:\/\/www.organisator.ch\/fr\/general\/2019-08-20\/prix-svc-nordschweiz-2019-das-sind-die-finalisten\/#breadcrumb"},"inLanguage":"en-US","potentialAction":[{"@type":"ReadAction","target":["https:\/\/www.organisator.ch\/fr\/general\/2019-08-20\/prix-svc-nordschweiz-2019-das-sind-die-finalisten\/"]}]},{"@type":"ImageObject","inLanguage":"en-US","@id":"https:\/\/www.organisator.ch\/fr\/general\/2019-08-20\/prix-svc-nordschweiz-2019-das-sind-die-finalisten\/#primaryimage","url":"https:\/\/www.organisator.ch\/wp-content\/uploads\/2019\/08\/Prix-SVC-Nordschweiz-2019-Das-sind-die-Finalisten_Organisator.jpg","contentUrl":"https:\/\/www.organisator.ch\/wp-content\/uploads\/2019\/08\/Prix-SVC-Nordschweiz-2019-Das-sind-die-Finalisten_Organisator.jpg","width":680,"height":227,"caption":"Die Firma Dectris aus Baden gewann 2017. Wer von den sechs Finalisten darf \u00fcber den Prix SVC Nordschweiz 2019 jubeln? (Bild: SVC)"},{"@type":"BreadcrumbList","@id":"https:\/\/www.organisator.ch\/fr\/general\/2019-08-20\/prix-svc-nordschweiz-2019-das-sind-die-finalisten\/#breadcrumb","itemListElement":[{"@type":"ListItem","position":1,"name":"Home","item":"https:\/\/www.organisator.ch\/"},{"@type":"ListItem","position":2,"name":"Prix SVC Nordschweiz 2019: Das sind die Finalisten"}]},{"@type":"WebSite","@id":"https:\/\/www.organisator.ch\/#website","url":"https:\/\/www.organisator.ch\/","name":"Organizer","description":"Competent. Practical. In 10 issues per year, ORGANISATOR presents the essential topics for managers of SMEs.","publisher":{"@id":"https:\/\/www.organisator.ch\/#organization"},"potentialAction":[{"@type":"SearchAction","target":{"@type":"EntryPoint","urlTemplate":"https:\/\/www.organisator.ch\/?s={search_term_string}"},"query-input":{"@type":"PropertyValueSpecification","valueRequired":true,"valueName":"search_term_string"}}],"inLanguage":"en-US"},{"@type":"Organization","@id":"https:\/\/www.organisator.ch\/#organization","name":"Organizer","url":"https:\/\/www.organisator.ch\/","logo":{"@type":"ImageObject","inLanguage":"en-US","@id":"https:\/\/www.organisator.ch\/#\/schema\/logo\/image\/","url":"https:\/\/www.organisator.ch\/wp-content\/uploads\/2022\/01\/Logo_Organisator_Website.png","contentUrl":"https:\/\/www.organisator.ch\/wp-content\/uploads\/2022\/01\/Logo_Organisator_Website.png","width":800,"height":77,"caption":"Organisator"},"image":{"@id":"https:\/\/www.organisator.ch\/#\/schema\/logo\/image\/"},"sameAs":["https:\/\/www.facebook.com\/OrganisatorFachmagazin","https:\/\/www.linkedin.com\/showcase\/organisator-das-magazin-fr-kmu","https:\/\/www.xing.com\/news\/pages\/organisator-ch-695","https:\/\/www.youtube.com\/channel\/UCGP2Sq0iWaZwT3BdIAQFYpw"]},{"@type":"Person","@id":"https:\/\/www.organisator.ch\/#\/schema\/person\/6f650f90b2842cd4c0cc334b4e36f67e","name":"thomas.berner","image":{"@type":"ImageObject","inLanguage":"en-US","@id":"https:\/\/secure.gravatar.com\/avatar\/ac5001d2a36cb6c6cd3e50789007ffca834b477b74a2144564522e944eabff61?s=96&d=mm&r=g","url":"https:\/\/secure.gravatar.com\/avatar\/ac5001d2a36cb6c6cd3e50789007ffca834b477b74a2144564522e944eabff61?s=96&d=mm&r=g","contentUrl":"https:\/\/secure.gravatar.com\/avatar\/ac5001d2a36cb6c6cd3e50789007ffca834b477b74a2144564522e944eabff61?s=96&d=mm&r=g","caption":"thomas.berner"},"url":"https:\/\/www.organisator.ch\/en\/author\/thomas-berner\/"}]}},"_links":{"self":[{"href":"https:\/\/www.organisator.ch\/en\/wp-json\/wp\/v2\/posts\/5686","targetHints":{"allow":["GET"]}}],"collection":[{"href":"https:\/\/www.organisator.ch\/en\/wp-json\/wp\/v2\/posts"}],"about":[{"href":"https:\/\/www.organisator.ch\/en\/wp-json\/wp\/v2\/types\/post"}],"author":[{"embeddable":true,"href":"https:\/\/www.organisator.ch\/en\/wp-json\/wp\/v2\/users\/4"}],"replies":[{"embeddable":true,"href":"https:\/\/www.organisator.ch\/en\/wp-json\/wp\/v2\/comments?post=5686"}],"version-history":[{"count":0,"href":"https:\/\/www.organisator.ch\/en\/wp-json\/wp\/v2\/posts\/5686\/revisions"}],"wp:featuredmedia":[{"embeddable":true,"href":"https:\/\/www.organisator.ch\/en\/wp-json\/wp\/v2\/media\/5688"}],"wp:attachment":[{"href":"https:\/\/www.organisator.ch\/en\/wp-json\/wp\/v2\/media?parent=5686"}],"wp:term":[{"taxonomy":"category","embeddable":true,"href":"https:\/\/www.organisator.ch\/en\/wp-json\/wp\/v2\/categories?post=5686"},{"taxonomy":"post_tag","embeddable":true,"href":"https:\/\/www.organisator.ch\/en\/wp-json\/wp\/v2\/tags?post=5686"}],"curies":[{"name":"wp","href":"https:\/\/api.w.org\/{rel}","templated":true}]}}