{"id":570,"date":"2016-06-07T11:53:22","date_gmt":"2016-06-07T09:53:22","guid":{"rendered":"http:\/\/dev.organisator.ch\/?p=570"},"modified":"2016-06-07T11:53:22","modified_gmt":"2016-06-07T09:53:22","slug":"personelle-verstaerkung-im-bereich-it-sicherheit","status":"publish","type":"post","link":"https:\/\/www.organisator.ch\/en\/allgemein\/2016-06-07\/personelle-verstaerkung-im-bereich-it-sicherheit\/","title":{"rendered":"Personnel reinforcement in the area of IT security"},"content":{"rendered":"<figure id=\"attachment_571\" aria-describedby=\"caption-attachment-571\" style=\"width: 480px\" class=\"wp-caption alignnone\"><img loading=\"lazy\" decoding=\"async\" class=\"size-full wp-image-571\" src=\"https:\/\/www.organisator.ch\/wp-content\/uploads\/2016\/12\/Personelle-Verstaerkung-im-Bereich-IT-Sicherheit-organisator.jpg\" alt=\"\" width=\"480\" height=\"493\" srcset=\"https:\/\/www.organisator.ch\/wp-content\/uploads\/2016\/12\/Personelle-Verstaerkung-im-Bereich-IT-Sicherheit-organisator.jpg 480w, https:\/\/www.organisator.ch\/wp-content\/uploads\/2016\/12\/Personelle-Verstaerkung-im-Bereich-IT-Sicherheit-organisator-12x12.jpg 12w, https:\/\/www.organisator.ch\/wp-content\/uploads\/2016\/12\/Personelle-Verstaerkung-im-Bereich-IT-Sicherheit-organisator-170x175.jpg 170w, https:\/\/www.organisator.ch\/wp-content\/uploads\/2016\/12\/Personelle-Verstaerkung-im-Bereich-IT-Sicherheit-organisator-341x350.jpg 341w, https:\/\/www.organisator.ch\/wp-content\/uploads\/2016\/12\/Personelle-Verstaerkung-im-Bereich-IT-Sicherheit-organisator-300x308.jpg 300w\" sizes=\"auto, (max-width: 480px) 100vw, 480px\" \/><figcaption id=\"caption-attachment-571\" class=\"wp-caption-text\">Dirk Hofmann is a new Key Account Manager and Senior Consultant at Sidarion AG.<\/figcaption><\/figure>\n<p>Sidarion AG has brought on board another expert for network and security projects in the person of Dirk Hofmann. As Key Account Manager and Senior Consultant, Hofmann complements the dedicated team in the Account Management division. He is responsible for supporting existing customers and establishing new customer relationships. The long-standing sales expert with profound IT expertise wants to focus primarily on long-term customer loyalty. He has worked in the IT industry for 27 years and has specialist knowledge in the areas of networking, security, storage, backup and data center. As a senior account manager, he was active in the infrastructure sector in well-known multinational companies and manufacturers of IT solutions, where he looked after numerous nationally and internationally active customers. At Sidarion, Hofmann appreciates the pronounced focus on networks and IT security as well as the large number of outstanding IT engineers: \"At Sidarion AG, I can place and drive forward highly specialized projects in complex network environments thanks to the comprehensive know-how of the employees. I find this extreme focus extremely exciting. I was also impressed by Sidarion's corporate philosophy. For Sidarion's employees, the customer and his needs are absolutely central. Excellent services, efficiency, team spirit and a constant striving for innovative, sustainable solutions are a matter of course here.\"<\/p>\n<p><em><a href=\"http:\/\/www.sidarion.ch\" target=\"_blank\" data-cke-saved-href=\"http:\/\/www.sidarion.ch\" rel=\"noopener\">www.sidarion.ch<\/a><\/em><\/p>","protected":false},"excerpt":{"rendered":"<p>Die Sidarion AG holt mit Dirk Hofmann einen weiteren Experten f\u00fcr Netzwerk- und Security-Projekte an Bord. Hofmann erg\u00e4nzt als Key Account Manager und Senior Consultant das engagierte Team im Bereich Account Management. Er ist f\u00fcr die Betreuung der bestehenden Kunden und den Aufbau neuer Kundenbeziehungen verantwortlich. Den Fokus\u00a0will der langj\u00e4hrige Verkaufsexperte mit profundem IT-Fachwissen\u00a0in erster [&hellip;]<\/p>\n","protected":false},"author":1,"featured_media":571,"comment_status":"open","ping_status":"open","sticky":false,"template":"","format":"standard","meta":{"_acf_changed":false,"_yoast_wpseo_focuskw":"IT Sicherheit","_yoast_wpseo_metadesc":"Die auf IT-Sicherheits- und Netzwerkmanagement-L\u00f6sungen spezialisierte Sidarion AG hat mit Dirk Hofmann einen ausgewiesenen IT-Security-Experten gewonnen.","articlekey":"","footnotes":""},"categories":[1],"tags":[260,382],"class_list":["post-570","post","type-post","status-publish","format-standard","has-post-thumbnail","hentry","category-allgemein","tag-ict-sicherheit","tag-personalien"],"acf":[],"yoast_head":"<!-- This site is optimized with the Yoast SEO plugin v27.4 - https:\/\/yoast.com\/product\/yoast-seo-wordpress\/ -->\n<title>Personelle Verst\u00e4rkung im Bereich IT-Sicherheit - Organisator<\/title>\n<meta name=\"description\" content=\"Die auf IT-Sicherheits- und Netzwerkmanagement-L\u00f6sungen spezialisierte Sidarion AG hat mit Dirk Hofmann einen ausgewiesenen IT-Security-Experten gewonnen.\" \/>\n<meta name=\"robots\" content=\"index, follow, max-snippet:-1, max-image-preview:large, max-video-preview:-1\" \/>\n<link rel=\"canonical\" href=\"https:\/\/www.organisator.ch\/en\/general\/2016-06-07\/personelle-verstaerkung-im-bereich-it-sicherheit\/\" \/>\n<meta property=\"og:locale\" content=\"en_US\" \/>\n<meta property=\"og:type\" content=\"article\" \/>\n<meta property=\"og:title\" content=\"Personelle Verst\u00e4rkung im Bereich IT-Sicherheit\" \/>\n<meta property=\"og:description\" content=\"Die auf IT-Sicherheits- und Netzwerkmanagement-L\u00f6sungen spezialisierte Sidarion AG hat mit Dirk Hofmann einen ausgewiesenen IT-Security-Experten f\u00fcr den Bereich Account Management gewonnen.\" \/>\n<meta property=\"og:url\" content=\"https:\/\/www.organisator.ch\/en\/general\/2016-06-07\/personelle-verstaerkung-im-bereich-it-sicherheit\/\" \/>\n<meta property=\"og:site_name\" content=\"Organisator\" \/>\n<meta property=\"article:publisher\" content=\"https:\/\/www.facebook.com\/OrganisatorFachmagazin\" \/>\n<meta property=\"article:published_time\" content=\"2016-06-07T09:53:22+00:00\" \/>\n<meta name=\"author\" content=\"admin\" \/>\n<meta name=\"twitter:card\" content=\"summary_large_image\" \/>\n<meta name=\"twitter:image\" content=\"https:\/\/www.organisator.ch\/wp-content\/uploads\/2016\/12\/Personelle-Verstaerkung-im-Bereich-IT-Sicherheit-organisator.jpg\" \/>\n<script type=\"application\/ld+json\" class=\"yoast-schema-graph\">{\"@context\":\"https:\\\/\\\/schema.org\",\"@graph\":[{\"@type\":\"Article\",\"@id\":\"https:\\\/\\\/www.organisator.ch\\\/fr\\\/general\\\/2016-06-07\\\/personelle-verstaerkung-im-bereich-it-sicherheit\\\/#article\",\"isPartOf\":{\"@id\":\"https:\\\/\\\/www.organisator.ch\\\/fr\\\/general\\\/2016-06-07\\\/personelle-verstaerkung-im-bereich-it-sicherheit\\\/\"},\"author\":{\"name\":\"admin\",\"@id\":\"https:\\\/\\\/www.organisator.ch\\\/#\\\/schema\\\/person\\\/aa2bace6c5c5aad60102004a50c4eb1c\"},\"headline\":\"Personelle Verst\u00e4rkung im Bereich IT-Sicherheit\",\"datePublished\":\"2016-06-07T09:53:22+00:00\",\"mainEntityOfPage\":{\"@id\":\"https:\\\/\\\/www.organisator.ch\\\/fr\\\/general\\\/2016-06-07\\\/personelle-verstaerkung-im-bereich-it-sicherheit\\\/\"},\"wordCount\":235,\"commentCount\":0,\"publisher\":{\"@id\":\"https:\\\/\\\/www.organisator.ch\\\/#organization\"},\"image\":{\"@id\":\"https:\\\/\\\/www.organisator.ch\\\/fr\\\/general\\\/2016-06-07\\\/personelle-verstaerkung-im-bereich-it-sicherheit\\\/#primaryimage\"},\"thumbnailUrl\":\"https:\\\/\\\/www.organisator.ch\\\/wp-content\\\/uploads\\\/2016\\\/12\\\/Personelle-Verstaerkung-im-Bereich-IT-Sicherheit-organisator.jpg\",\"keywords\":[\"ICT-Sicherheit\",\"Personalien\"],\"articleSection\":[\"Allgemein\"],\"inLanguage\":\"en-US\"},{\"@type\":\"WebPage\",\"@id\":\"https:\\\/\\\/www.organisator.ch\\\/fr\\\/general\\\/2016-06-07\\\/personelle-verstaerkung-im-bereich-it-sicherheit\\\/\",\"url\":\"https:\\\/\\\/www.organisator.ch\\\/fr\\\/general\\\/2016-06-07\\\/personelle-verstaerkung-im-bereich-it-sicherheit\\\/\",\"name\":\"Personelle Verst\u00e4rkung im Bereich IT-Sicherheit - Organisator\",\"isPartOf\":{\"@id\":\"https:\\\/\\\/www.organisator.ch\\\/#website\"},\"primaryImageOfPage\":{\"@id\":\"https:\\\/\\\/www.organisator.ch\\\/fr\\\/general\\\/2016-06-07\\\/personelle-verstaerkung-im-bereich-it-sicherheit\\\/#primaryimage\"},\"image\":{\"@id\":\"https:\\\/\\\/www.organisator.ch\\\/fr\\\/general\\\/2016-06-07\\\/personelle-verstaerkung-im-bereich-it-sicherheit\\\/#primaryimage\"},\"thumbnailUrl\":\"https:\\\/\\\/www.organisator.ch\\\/wp-content\\\/uploads\\\/2016\\\/12\\\/Personelle-Verstaerkung-im-Bereich-IT-Sicherheit-organisator.jpg\",\"datePublished\":\"2016-06-07T09:53:22+00:00\",\"description\":\"Die auf IT-Sicherheits- und Netzwerkmanagement-L\u00f6sungen spezialisierte Sidarion AG hat mit Dirk Hofmann einen ausgewiesenen IT-Security-Experten gewonnen.\",\"breadcrumb\":{\"@id\":\"https:\\\/\\\/www.organisator.ch\\\/fr\\\/general\\\/2016-06-07\\\/personelle-verstaerkung-im-bereich-it-sicherheit\\\/#breadcrumb\"},\"inLanguage\":\"en-US\",\"potentialAction\":[{\"@type\":\"ReadAction\",\"target\":[\"https:\\\/\\\/www.organisator.ch\\\/fr\\\/general\\\/2016-06-07\\\/personelle-verstaerkung-im-bereich-it-sicherheit\\\/\"]}]},{\"@type\":\"ImageObject\",\"inLanguage\":\"en-US\",\"@id\":\"https:\\\/\\\/www.organisator.ch\\\/fr\\\/general\\\/2016-06-07\\\/personelle-verstaerkung-im-bereich-it-sicherheit\\\/#primaryimage\",\"url\":\"https:\\\/\\\/www.organisator.ch\\\/wp-content\\\/uploads\\\/2016\\\/12\\\/Personelle-Verstaerkung-im-Bereich-IT-Sicherheit-organisator.jpg\",\"contentUrl\":\"https:\\\/\\\/www.organisator.ch\\\/wp-content\\\/uploads\\\/2016\\\/12\\\/Personelle-Verstaerkung-im-Bereich-IT-Sicherheit-organisator.jpg\",\"width\":480,\"height\":493,\"caption\":\"Dirk Hofmann ist neu Key Account Manager und Senior Consultant bei der Sidarion AG.\"},{\"@type\":\"BreadcrumbList\",\"@id\":\"https:\\\/\\\/www.organisator.ch\\\/fr\\\/general\\\/2016-06-07\\\/personelle-verstaerkung-im-bereich-it-sicherheit\\\/#breadcrumb\",\"itemListElement\":[{\"@type\":\"ListItem\",\"position\":1,\"name\":\"Home\",\"item\":\"https:\\\/\\\/www.organisator.ch\\\/\"},{\"@type\":\"ListItem\",\"position\":2,\"name\":\"Personelle Verst\u00e4rkung im Bereich IT-Sicherheit\"}]},{\"@type\":\"WebSite\",\"@id\":\"https:\\\/\\\/www.organisator.ch\\\/#website\",\"url\":\"https:\\\/\\\/www.organisator.ch\\\/\",\"name\":\"Organisator\",\"description\":\"Kompetent. Praxisnah. Der ORGANISATOR bereitet in 10 Ausgaben pro Jahr die wesentlichen Themen f\u00fcr F\u00fchrungskr\u00e4fte von KMU auf.\",\"publisher\":{\"@id\":\"https:\\\/\\\/www.organisator.ch\\\/#organization\"},\"potentialAction\":[{\"@type\":\"SearchAction\",\"target\":{\"@type\":\"EntryPoint\",\"urlTemplate\":\"https:\\\/\\\/www.organisator.ch\\\/?s={search_term_string}\"},\"query-input\":{\"@type\":\"PropertyValueSpecification\",\"valueRequired\":true,\"valueName\":\"search_term_string\"}}],\"inLanguage\":\"en-US\"},{\"@type\":\"Organization\",\"@id\":\"https:\\\/\\\/www.organisator.ch\\\/#organization\",\"name\":\"Organisator\",\"url\":\"https:\\\/\\\/www.organisator.ch\\\/\",\"logo\":{\"@type\":\"ImageObject\",\"inLanguage\":\"en-US\",\"@id\":\"https:\\\/\\\/www.organisator.ch\\\/#\\\/schema\\\/logo\\\/image\\\/\",\"url\":\"https:\\\/\\\/www.organisator.ch\\\/wp-content\\\/uploads\\\/2022\\\/01\\\/Logo_Organisator_Website.png\",\"contentUrl\":\"https:\\\/\\\/www.organisator.ch\\\/wp-content\\\/uploads\\\/2022\\\/01\\\/Logo_Organisator_Website.png\",\"width\":800,\"height\":77,\"caption\":\"Organisator\"},\"image\":{\"@id\":\"https:\\\/\\\/www.organisator.ch\\\/#\\\/schema\\\/logo\\\/image\\\/\"},\"sameAs\":[\"https:\\\/\\\/www.facebook.com\\\/OrganisatorFachmagazin\",\"https:\\\/\\\/www.linkedin.com\\\/showcase\\\/organisator-das-magazin-fr-kmu\",\"https:\\\/\\\/www.xing.com\\\/news\\\/pages\\\/organisator-ch-695\",\"https:\\\/\\\/www.youtube.com\\\/channel\\\/UCGP2Sq0iWaZwT3BdIAQFYpw\"]},{\"@type\":\"Person\",\"@id\":\"https:\\\/\\\/www.organisator.ch\\\/#\\\/schema\\\/person\\\/aa2bace6c5c5aad60102004a50c4eb1c\",\"name\":\"admin\",\"image\":{\"@type\":\"ImageObject\",\"inLanguage\":\"en-US\",\"@id\":\"https:\\\/\\\/secure.gravatar.com\\\/avatar\\\/ae2f4d718e6c49043e314ce431e7e645d646302a24a5ef5a8bc8e3f5a032e319?s=96&d=mm&r=g\",\"url\":\"https:\\\/\\\/secure.gravatar.com\\\/avatar\\\/ae2f4d718e6c49043e314ce431e7e645d646302a24a5ef5a8bc8e3f5a032e319?s=96&d=mm&r=g\",\"contentUrl\":\"https:\\\/\\\/secure.gravatar.com\\\/avatar\\\/ae2f4d718e6c49043e314ce431e7e645d646302a24a5ef5a8bc8e3f5a032e319?s=96&d=mm&r=g\",\"caption\":\"admin\"},\"sameAs\":[\"https:\\\/\\\/www.organisator.ch\"],\"url\":\"https:\\\/\\\/www.organisator.ch\\\/en\\\/author\\\/admin\\\/\"}]}<\/script>\n<!-- \/ Yoast SEO plugin. -->","yoast_head_json":{"title":"Personnel reinforcement in the area of IT security - Organizer","description":"Sidarion AG, which specializes in IT security and network management solutions, has gained a proven IT security expert in Dirk Hofmann.","robots":{"index":"index","follow":"follow","max-snippet":"max-snippet:-1","max-image-preview":"max-image-preview:large","max-video-preview":"max-video-preview:-1"},"canonical":"https:\/\/www.organisator.ch\/en\/general\/2016-06-07\/personelle-verstaerkung-im-bereich-it-sicherheit\/","og_locale":"en_US","og_type":"article","og_title":"Personelle Verst\u00e4rkung im Bereich IT-Sicherheit","og_description":"Die auf IT-Sicherheits- und Netzwerkmanagement-L\u00f6sungen spezialisierte Sidarion AG hat mit Dirk Hofmann einen ausgewiesenen IT-Security-Experten f\u00fcr den Bereich Account Management gewonnen.","og_url":"https:\/\/www.organisator.ch\/en\/general\/2016-06-07\/personelle-verstaerkung-im-bereich-it-sicherheit\/","og_site_name":"Organisator","article_publisher":"https:\/\/www.facebook.com\/OrganisatorFachmagazin","article_published_time":"2016-06-07T09:53:22+00:00","author":"admin","twitter_card":"summary_large_image","twitter_image":"https:\/\/www.organisator.ch\/wp-content\/uploads\/2016\/12\/Personelle-Verstaerkung-im-Bereich-IT-Sicherheit-organisator.jpg","schema":{"@context":"https:\/\/schema.org","@graph":[{"@type":"Article","@id":"https:\/\/www.organisator.ch\/fr\/general\/2016-06-07\/personelle-verstaerkung-im-bereich-it-sicherheit\/#article","isPartOf":{"@id":"https:\/\/www.organisator.ch\/fr\/general\/2016-06-07\/personelle-verstaerkung-im-bereich-it-sicherheit\/"},"author":{"name":"admin","@id":"https:\/\/www.organisator.ch\/#\/schema\/person\/aa2bace6c5c5aad60102004a50c4eb1c"},"headline":"Personelle Verst\u00e4rkung im Bereich IT-Sicherheit","datePublished":"2016-06-07T09:53:22+00:00","mainEntityOfPage":{"@id":"https:\/\/www.organisator.ch\/fr\/general\/2016-06-07\/personelle-verstaerkung-im-bereich-it-sicherheit\/"},"wordCount":235,"commentCount":0,"publisher":{"@id":"https:\/\/www.organisator.ch\/#organization"},"image":{"@id":"https:\/\/www.organisator.ch\/fr\/general\/2016-06-07\/personelle-verstaerkung-im-bereich-it-sicherheit\/#primaryimage"},"thumbnailUrl":"https:\/\/www.organisator.ch\/wp-content\/uploads\/2016\/12\/Personelle-Verstaerkung-im-Bereich-IT-Sicherheit-organisator.jpg","keywords":["ICT-Sicherheit","Personalien"],"articleSection":["Allgemein"],"inLanguage":"en-US"},{"@type":"WebPage","@id":"https:\/\/www.organisator.ch\/fr\/general\/2016-06-07\/personelle-verstaerkung-im-bereich-it-sicherheit\/","url":"https:\/\/www.organisator.ch\/fr\/general\/2016-06-07\/personelle-verstaerkung-im-bereich-it-sicherheit\/","name":"Personnel reinforcement in the area of IT security - Organizer","isPartOf":{"@id":"https:\/\/www.organisator.ch\/#website"},"primaryImageOfPage":{"@id":"https:\/\/www.organisator.ch\/fr\/general\/2016-06-07\/personelle-verstaerkung-im-bereich-it-sicherheit\/#primaryimage"},"image":{"@id":"https:\/\/www.organisator.ch\/fr\/general\/2016-06-07\/personelle-verstaerkung-im-bereich-it-sicherheit\/#primaryimage"},"thumbnailUrl":"https:\/\/www.organisator.ch\/wp-content\/uploads\/2016\/12\/Personelle-Verstaerkung-im-Bereich-IT-Sicherheit-organisator.jpg","datePublished":"2016-06-07T09:53:22+00:00","description":"Sidarion AG, which specializes in IT security and network management solutions, has gained a proven IT security expert in Dirk Hofmann.","breadcrumb":{"@id":"https:\/\/www.organisator.ch\/fr\/general\/2016-06-07\/personelle-verstaerkung-im-bereich-it-sicherheit\/#breadcrumb"},"inLanguage":"en-US","potentialAction":[{"@type":"ReadAction","target":["https:\/\/www.organisator.ch\/fr\/general\/2016-06-07\/personelle-verstaerkung-im-bereich-it-sicherheit\/"]}]},{"@type":"ImageObject","inLanguage":"en-US","@id":"https:\/\/www.organisator.ch\/fr\/general\/2016-06-07\/personelle-verstaerkung-im-bereich-it-sicherheit\/#primaryimage","url":"https:\/\/www.organisator.ch\/wp-content\/uploads\/2016\/12\/Personelle-Verstaerkung-im-Bereich-IT-Sicherheit-organisator.jpg","contentUrl":"https:\/\/www.organisator.ch\/wp-content\/uploads\/2016\/12\/Personelle-Verstaerkung-im-Bereich-IT-Sicherheit-organisator.jpg","width":480,"height":493,"caption":"Dirk Hofmann ist neu Key Account Manager und Senior Consultant bei der Sidarion AG."},{"@type":"BreadcrumbList","@id":"https:\/\/www.organisator.ch\/fr\/general\/2016-06-07\/personelle-verstaerkung-im-bereich-it-sicherheit\/#breadcrumb","itemListElement":[{"@type":"ListItem","position":1,"name":"Home","item":"https:\/\/www.organisator.ch\/"},{"@type":"ListItem","position":2,"name":"Personelle Verst\u00e4rkung im Bereich IT-Sicherheit"}]},{"@type":"WebSite","@id":"https:\/\/www.organisator.ch\/#website","url":"https:\/\/www.organisator.ch\/","name":"Organizer","description":"Competent. Practical. In 10 issues per year, ORGANISATOR presents the essential topics for managers of SMEs.","publisher":{"@id":"https:\/\/www.organisator.ch\/#organization"},"potentialAction":[{"@type":"SearchAction","target":{"@type":"EntryPoint","urlTemplate":"https:\/\/www.organisator.ch\/?s={search_term_string}"},"query-input":{"@type":"PropertyValueSpecification","valueRequired":true,"valueName":"search_term_string"}}],"inLanguage":"en-US"},{"@type":"Organization","@id":"https:\/\/www.organisator.ch\/#organization","name":"Organizer","url":"https:\/\/www.organisator.ch\/","logo":{"@type":"ImageObject","inLanguage":"en-US","@id":"https:\/\/www.organisator.ch\/#\/schema\/logo\/image\/","url":"https:\/\/www.organisator.ch\/wp-content\/uploads\/2022\/01\/Logo_Organisator_Website.png","contentUrl":"https:\/\/www.organisator.ch\/wp-content\/uploads\/2022\/01\/Logo_Organisator_Website.png","width":800,"height":77,"caption":"Organisator"},"image":{"@id":"https:\/\/www.organisator.ch\/#\/schema\/logo\/image\/"},"sameAs":["https:\/\/www.facebook.com\/OrganisatorFachmagazin","https:\/\/www.linkedin.com\/showcase\/organisator-das-magazin-fr-kmu","https:\/\/www.xing.com\/news\/pages\/organisator-ch-695","https:\/\/www.youtube.com\/channel\/UCGP2Sq0iWaZwT3BdIAQFYpw"]},{"@type":"Person","@id":"https:\/\/www.organisator.ch\/#\/schema\/person\/aa2bace6c5c5aad60102004a50c4eb1c","name":"admin","image":{"@type":"ImageObject","inLanguage":"en-US","@id":"https:\/\/secure.gravatar.com\/avatar\/ae2f4d718e6c49043e314ce431e7e645d646302a24a5ef5a8bc8e3f5a032e319?s=96&d=mm&r=g","url":"https:\/\/secure.gravatar.com\/avatar\/ae2f4d718e6c49043e314ce431e7e645d646302a24a5ef5a8bc8e3f5a032e319?s=96&d=mm&r=g","contentUrl":"https:\/\/secure.gravatar.com\/avatar\/ae2f4d718e6c49043e314ce431e7e645d646302a24a5ef5a8bc8e3f5a032e319?s=96&d=mm&r=g","caption":"admin"},"sameAs":["https:\/\/www.organisator.ch"],"url":"https:\/\/www.organisator.ch\/en\/author\/admin\/"}]}},"_links":{"self":[{"href":"https:\/\/www.organisator.ch\/en\/wp-json\/wp\/v2\/posts\/570","targetHints":{"allow":["GET"]}}],"collection":[{"href":"https:\/\/www.organisator.ch\/en\/wp-json\/wp\/v2\/posts"}],"about":[{"href":"https:\/\/www.organisator.ch\/en\/wp-json\/wp\/v2\/types\/post"}],"author":[{"embeddable":true,"href":"https:\/\/www.organisator.ch\/en\/wp-json\/wp\/v2\/users\/1"}],"replies":[{"embeddable":true,"href":"https:\/\/www.organisator.ch\/en\/wp-json\/wp\/v2\/comments?post=570"}],"version-history":[{"count":0,"href":"https:\/\/www.organisator.ch\/en\/wp-json\/wp\/v2\/posts\/570\/revisions"}],"wp:featuredmedia":[{"embeddable":true,"href":"https:\/\/www.organisator.ch\/en\/wp-json\/wp\/v2\/media\/571"}],"wp:attachment":[{"href":"https:\/\/www.organisator.ch\/en\/wp-json\/wp\/v2\/media?parent=570"}],"wp:term":[{"taxonomy":"category","embeddable":true,"href":"https:\/\/www.organisator.ch\/en\/wp-json\/wp\/v2\/categories?post=570"},{"taxonomy":"post_tag","embeddable":true,"href":"https:\/\/www.organisator.ch\/en\/wp-json\/wp\/v2\/tags?post=570"}],"curies":[{"name":"wp","href":"https:\/\/api.w.org\/{rel}","templated":true}]}}