{"id":576,"date":"2016-12-13T16:37:43","date_gmt":"2016-12-13T15:37:43","guid":{"rendered":"https:\/\/dev.umweltperspektiven.ch\/?p=576"},"modified":"2022-02-09T11:10:13","modified_gmt":"2022-02-09T10:10:13","slug":"zuerich-als-nachhaltige-kongressstadt-ausgezeichnet","status":"publish","type":"post","link":"https:\/\/www.organisator.ch\/en\/sustainability\/2016-12-13\/zuerich-als-nachhaltige-kongressstadt-ausgezeichnet\/","title":{"rendered":"Zurich honored as a sustainable congress city"},"content":{"rendered":"<figure id=\"attachment_577\" aria-describedby=\"caption-attachment-577\" style=\"width: 680px\" class=\"wp-caption alignnone\"><a href=\"\/\/dev.umweltperspektiven.ch\/wp-content\/uploads\/2016\/12\/Z\u00fcrich-als-nachhaltige-Kongressstadt-ausgezeichnet-umweltperspektiven.jpg\"><img loading=\"lazy\" decoding=\"async\" class=\"wp-image-577 size-medium\" src=\"\/\/www.umweltperspektiven.ch\/wp-content\/uploads\/2016\/12\/Z\u00fcrich-als-nachhaltige-Kongressstadt-ausgezeichnet-umweltperspektiven.jpg\" alt=\"Zurich honored as sustainable congress city-environmental perspectives\" width=\"680\" height=\"454\" \/><\/a><figcaption id=\"caption-attachment-577\" class=\"wp-caption-text\">Zurich honored as sustainable congress city-environmental perspectives<\/figcaption><\/figure>\n<p>The city of Zurich plays a pioneering role in the organization of sustainable congresses. It achieves in the <a href=\"http:\/\/gds-index.com\/\" target=\"_blank\" rel=\"noreferrer noopener\" data-cke-saved-href=\"\/\/gds-index.com\/\">GDS Ranking<\/a> the third-best score in comparison with other cities. GDS stands for Global Destination Sustainability Index. It promotes and supports the sustainable development of the international meetings industry and assesses the attractiveness of venues in four categories: Environmental Performance, Social Performance, Supplier Performance and Convention Bureau Performance. For example, the index counts the percentage of hotels that are less than half an hour away from a trade show location (Zurich: 98%) or how many hotel rooms in a city have a sustainability certificate from a recognized label (Zurich: 50%).<\/p>\n<p>Martin Sturzenegger, Director of Z\u00fcrich Tourism, is pleased with the ranking: \"The result shows that we are on the right track. It reflects our understanding of sustainability. We set ourselves credible and ambitious goals on the levels of economy, ecology and society. Awareness of sustainable development - especially in tourism - is to be further strengthened among all stakeholders in the destination.\"<\/p>\n<p>Source: Zurich Tourism<\/p>","protected":false},"excerpt":{"rendered":"<p>Die Stadt Z\u00fcrich spielt eine Vorreiterrolle bei der Veranstaltung von nachhaltigen Kongressen. Sie erreicht im GDS-Ranking im Vergleich mit anderen St\u00e4dten die drittbeste Punktzahl. GDS steht f\u00fcr Global Destination Sustainability Index. Er bewirbt und f\u00f6rdert die nachhaltige Entwicklung der internationalen Meeting-Industrie und beurteilt die Attraktivit\u00e4t von Veranstaltungsorten in den vier Kategorien Environmental Performance, Social Performance, [&hellip;]<\/p>\n","protected":false},"author":1,"featured_media":577,"comment_status":"open","ping_status":"open","sticky":false,"template":"","format":"standard","meta":{"_acf_changed":false,"_yoast_wpseo_focuskw":"Z\u00fcrich","_yoast_wpseo_metadesc":"Z\u00fcrich geh\u00f6rt zu den nachhaltigsten Kongressst\u00e4dten weltweit. Im Vergleich mit anderen St\u00e4dten erreicht sie die drittbeste Punktzahl im GDS.","articlekey":"","footnotes":""},"categories":[580],"tags":[1244,1556,1760,542],"class_list":["post-576","post","type-post","status-publish","format-standard","has-post-thumbnail","hentry","category-sustainability","tag-gds","tag-kongressstadt","tag-nachhaltige-entwicklung","tag-zuerich"],"acf":[],"yoast_head":"<!-- This site is optimized with the Yoast SEO plugin v27.4 - https:\/\/yoast.com\/product\/yoast-seo-wordpress\/ -->\n<title>Z\u00fcrich als nachhaltige Kongressstadt ausgezeichnet - Organisator<\/title>\n<meta name=\"description\" content=\"Z\u00fcrich geh\u00f6rt zu den nachhaltigsten Kongressst\u00e4dten weltweit. Im Vergleich mit anderen St\u00e4dten erreicht sie die drittbeste Punktzahl im GDS.\" \/>\n<meta name=\"robots\" content=\"index, follow, max-snippet:-1, max-image-preview:large, max-video-preview:-1\" \/>\n<link rel=\"canonical\" href=\"https:\/\/www.organisator.ch\/en\/sustainability\/2016-12-13\/zuerich-als-nachhaltige-kongressstadt-ausgezeichnet\/\" \/>\n<meta property=\"og:locale\" content=\"en_US\" \/>\n<meta property=\"og:type\" content=\"article\" \/>\n<meta property=\"og:title\" content=\"Z\u00fcrich als nachhaltige Kongressstadt ausgezeichnet - Organisator\" \/>\n<meta property=\"og:description\" content=\"Z\u00fcrich geh\u00f6rt zu den nachhaltigsten Kongressst\u00e4dten weltweit. Im Vergleich mit anderen St\u00e4dten erreicht sie die drittbeste Punktzahl im GDS.\" \/>\n<meta property=\"og:url\" content=\"https:\/\/www.organisator.ch\/en\/sustainability\/2016-12-13\/zuerich-als-nachhaltige-kongressstadt-ausgezeichnet\/\" \/>\n<meta property=\"og:site_name\" content=\"Organisator\" \/>\n<meta property=\"article:publisher\" content=\"https:\/\/www.facebook.com\/OrganisatorFachmagazin\" \/>\n<meta property=\"article:published_time\" content=\"2016-12-13T15:37:43+00:00\" \/>\n<meta property=\"article:modified_time\" content=\"2022-02-09T10:10:13+00:00\" \/>\n<meta property=\"og:image\" content=\"https:\/\/www.organisator.ch\/wp-content\/uploads\/2016\/12\/Zuerich-als-nachhaltige-Kongressstadt-ausgezeichnet-umweltperspektiven.jpg\" \/>\n\t<meta property=\"og:image:width\" content=\"1000\" \/>\n\t<meta property=\"og:image:height\" content=\"667\" \/>\n\t<meta property=\"og:image:type\" content=\"image\/jpeg\" \/>\n<meta name=\"author\" content=\"admin\" \/>\n<meta name=\"twitter:card\" content=\"summary_large_image\" \/>\n<script type=\"application\/ld+json\" class=\"yoast-schema-graph\">{\"@context\":\"https:\\\/\\\/schema.org\",\"@graph\":[{\"@type\":\"Article\",\"@id\":\"https:\\\/\\\/www.organisator.ch\\\/sustainability\\\/2016-12-13\\\/zuerich-als-nachhaltige-kongressstadt-ausgezeichnet\\\/#article\",\"isPartOf\":{\"@id\":\"https:\\\/\\\/www.organisator.ch\\\/sustainability\\\/2016-12-13\\\/zuerich-als-nachhaltige-kongressstadt-ausgezeichnet\\\/\"},\"author\":{\"name\":\"admin\",\"@id\":\"https:\\\/\\\/www.organisator.ch\\\/#\\\/schema\\\/person\\\/aa2bace6c5c5aad60102004a50c4eb1c\"},\"headline\":\"Z\u00fcrich als nachhaltige Kongressstadt ausgezeichnet\",\"datePublished\":\"2016-12-13T15:37:43+00:00\",\"dateModified\":\"2022-02-09T10:10:13+00:00\",\"mainEntityOfPage\":{\"@id\":\"https:\\\/\\\/www.organisator.ch\\\/sustainability\\\/2016-12-13\\\/zuerich-als-nachhaltige-kongressstadt-ausgezeichnet\\\/\"},\"wordCount\":193,\"commentCount\":0,\"publisher\":{\"@id\":\"https:\\\/\\\/www.organisator.ch\\\/#organization\"},\"image\":{\"@id\":\"https:\\\/\\\/www.organisator.ch\\\/sustainability\\\/2016-12-13\\\/zuerich-als-nachhaltige-kongressstadt-ausgezeichnet\\\/#primaryimage\"},\"thumbnailUrl\":\"https:\\\/\\\/www.organisator.ch\\\/wp-content\\\/uploads\\\/2016\\\/12\\\/Zuerich-als-nachhaltige-Kongressstadt-ausgezeichnet-umweltperspektiven.jpg\",\"keywords\":[\"GDS\",\"Kongressstadt\",\"nachhaltige Entwicklung\",\"Z\u00fcrich\"],\"articleSection\":[\"SUSTAINABILITY\"],\"inLanguage\":\"en-US\"},{\"@type\":\"WebPage\",\"@id\":\"https:\\\/\\\/www.organisator.ch\\\/sustainability\\\/2016-12-13\\\/zuerich-als-nachhaltige-kongressstadt-ausgezeichnet\\\/\",\"url\":\"https:\\\/\\\/www.organisator.ch\\\/sustainability\\\/2016-12-13\\\/zuerich-als-nachhaltige-kongressstadt-ausgezeichnet\\\/\",\"name\":\"Z\u00fcrich als nachhaltige Kongressstadt ausgezeichnet - Organisator\",\"isPartOf\":{\"@id\":\"https:\\\/\\\/www.organisator.ch\\\/#website\"},\"primaryImageOfPage\":{\"@id\":\"https:\\\/\\\/www.organisator.ch\\\/sustainability\\\/2016-12-13\\\/zuerich-als-nachhaltige-kongressstadt-ausgezeichnet\\\/#primaryimage\"},\"image\":{\"@id\":\"https:\\\/\\\/www.organisator.ch\\\/sustainability\\\/2016-12-13\\\/zuerich-als-nachhaltige-kongressstadt-ausgezeichnet\\\/#primaryimage\"},\"thumbnailUrl\":\"https:\\\/\\\/www.organisator.ch\\\/wp-content\\\/uploads\\\/2016\\\/12\\\/Zuerich-als-nachhaltige-Kongressstadt-ausgezeichnet-umweltperspektiven.jpg\",\"datePublished\":\"2016-12-13T15:37:43+00:00\",\"dateModified\":\"2022-02-09T10:10:13+00:00\",\"description\":\"Z\u00fcrich geh\u00f6rt zu den nachhaltigsten Kongressst\u00e4dten weltweit. Im Vergleich mit anderen St\u00e4dten erreicht sie die drittbeste Punktzahl im GDS.\",\"breadcrumb\":{\"@id\":\"https:\\\/\\\/www.organisator.ch\\\/sustainability\\\/2016-12-13\\\/zuerich-als-nachhaltige-kongressstadt-ausgezeichnet\\\/#breadcrumb\"},\"inLanguage\":\"en-US\",\"potentialAction\":[{\"@type\":\"ReadAction\",\"target\":[\"https:\\\/\\\/www.organisator.ch\\\/sustainability\\\/2016-12-13\\\/zuerich-als-nachhaltige-kongressstadt-ausgezeichnet\\\/\"]}]},{\"@type\":\"ImageObject\",\"inLanguage\":\"en-US\",\"@id\":\"https:\\\/\\\/www.organisator.ch\\\/sustainability\\\/2016-12-13\\\/zuerich-als-nachhaltige-kongressstadt-ausgezeichnet\\\/#primaryimage\",\"url\":\"https:\\\/\\\/www.organisator.ch\\\/wp-content\\\/uploads\\\/2016\\\/12\\\/Zuerich-als-nachhaltige-Kongressstadt-ausgezeichnet-umweltperspektiven.jpg\",\"contentUrl\":\"https:\\\/\\\/www.organisator.ch\\\/wp-content\\\/uploads\\\/2016\\\/12\\\/Zuerich-als-nachhaltige-Kongressstadt-ausgezeichnet-umweltperspektiven.jpg\",\"width\":1000,\"height\":667,\"caption\":\"Z\u00fcrich als nachhaltige Kongressstadt ausgezeichnet-umweltperspektiven\"},{\"@type\":\"BreadcrumbList\",\"@id\":\"https:\\\/\\\/www.organisator.ch\\\/sustainability\\\/2016-12-13\\\/zuerich-als-nachhaltige-kongressstadt-ausgezeichnet\\\/#breadcrumb\",\"itemListElement\":[{\"@type\":\"ListItem\",\"position\":1,\"name\":\"Home\",\"item\":\"https:\\\/\\\/www.organisator.ch\\\/\"},{\"@type\":\"ListItem\",\"position\":2,\"name\":\"Z\u00fcrich als nachhaltige Kongressstadt ausgezeichnet\"}]},{\"@type\":\"WebSite\",\"@id\":\"https:\\\/\\\/www.organisator.ch\\\/#website\",\"url\":\"https:\\\/\\\/www.organisator.ch\\\/\",\"name\":\"Organisator\",\"description\":\"Kompetent. Praxisnah. Der ORGANISATOR bereitet in 10 Ausgaben pro Jahr die wesentlichen Themen f\u00fcr F\u00fchrungskr\u00e4fte von KMU auf.\",\"publisher\":{\"@id\":\"https:\\\/\\\/www.organisator.ch\\\/#organization\"},\"potentialAction\":[{\"@type\":\"SearchAction\",\"target\":{\"@type\":\"EntryPoint\",\"urlTemplate\":\"https:\\\/\\\/www.organisator.ch\\\/?s={search_term_string}\"},\"query-input\":{\"@type\":\"PropertyValueSpecification\",\"valueRequired\":true,\"valueName\":\"search_term_string\"}}],\"inLanguage\":\"en-US\"},{\"@type\":\"Organization\",\"@id\":\"https:\\\/\\\/www.organisator.ch\\\/#organization\",\"name\":\"Organisator\",\"url\":\"https:\\\/\\\/www.organisator.ch\\\/\",\"logo\":{\"@type\":\"ImageObject\",\"inLanguage\":\"en-US\",\"@id\":\"https:\\\/\\\/www.organisator.ch\\\/#\\\/schema\\\/logo\\\/image\\\/\",\"url\":\"https:\\\/\\\/www.organisator.ch\\\/wp-content\\\/uploads\\\/2022\\\/01\\\/Logo_Organisator_Website.png\",\"contentUrl\":\"https:\\\/\\\/www.organisator.ch\\\/wp-content\\\/uploads\\\/2022\\\/01\\\/Logo_Organisator_Website.png\",\"width\":800,\"height\":77,\"caption\":\"Organisator\"},\"image\":{\"@id\":\"https:\\\/\\\/www.organisator.ch\\\/#\\\/schema\\\/logo\\\/image\\\/\"},\"sameAs\":[\"https:\\\/\\\/www.facebook.com\\\/OrganisatorFachmagazin\",\"https:\\\/\\\/www.linkedin.com\\\/showcase\\\/organisator-das-magazin-fr-kmu\",\"https:\\\/\\\/www.xing.com\\\/news\\\/pages\\\/organisator-ch-695\",\"https:\\\/\\\/www.youtube.com\\\/channel\\\/UCGP2Sq0iWaZwT3BdIAQFYpw\"]},{\"@type\":\"Person\",\"@id\":\"https:\\\/\\\/www.organisator.ch\\\/#\\\/schema\\\/person\\\/aa2bace6c5c5aad60102004a50c4eb1c\",\"name\":\"admin\",\"image\":{\"@type\":\"ImageObject\",\"inLanguage\":\"en-US\",\"@id\":\"https:\\\/\\\/secure.gravatar.com\\\/avatar\\\/ae2f4d718e6c49043e314ce431e7e645d646302a24a5ef5a8bc8e3f5a032e319?s=96&d=mm&r=g\",\"url\":\"https:\\\/\\\/secure.gravatar.com\\\/avatar\\\/ae2f4d718e6c49043e314ce431e7e645d646302a24a5ef5a8bc8e3f5a032e319?s=96&d=mm&r=g\",\"contentUrl\":\"https:\\\/\\\/secure.gravatar.com\\\/avatar\\\/ae2f4d718e6c49043e314ce431e7e645d646302a24a5ef5a8bc8e3f5a032e319?s=96&d=mm&r=g\",\"caption\":\"admin\"},\"sameAs\":[\"https:\\\/\\\/www.organisator.ch\"],\"url\":\"https:\\\/\\\/www.organisator.ch\\\/en\\\/author\\\/admin\\\/\"}]}<\/script>\n<!-- \/ Yoast SEO plugin. -->","yoast_head_json":{"title":"Zurich honored as sustainable congress city - organizer","description":"Zurich is one of the most sustainable convention cities in the world. Compared with other cities, it achieves the third-best score in the GDS.","robots":{"index":"index","follow":"follow","max-snippet":"max-snippet:-1","max-image-preview":"max-image-preview:large","max-video-preview":"max-video-preview:-1"},"canonical":"https:\/\/www.organisator.ch\/en\/sustainability\/2016-12-13\/zuerich-als-nachhaltige-kongressstadt-ausgezeichnet\/","og_locale":"en_US","og_type":"article","og_title":"Z\u00fcrich als nachhaltige Kongressstadt ausgezeichnet - Organisator","og_description":"Z\u00fcrich geh\u00f6rt zu den nachhaltigsten Kongressst\u00e4dten weltweit. Im Vergleich mit anderen St\u00e4dten erreicht sie die drittbeste Punktzahl im GDS.","og_url":"https:\/\/www.organisator.ch\/en\/sustainability\/2016-12-13\/zuerich-als-nachhaltige-kongressstadt-ausgezeichnet\/","og_site_name":"Organisator","article_publisher":"https:\/\/www.facebook.com\/OrganisatorFachmagazin","article_published_time":"2016-12-13T15:37:43+00:00","article_modified_time":"2022-02-09T10:10:13+00:00","og_image":[{"width":1000,"height":667,"url":"https:\/\/www.organisator.ch\/wp-content\/uploads\/2016\/12\/Zuerich-als-nachhaltige-Kongressstadt-ausgezeichnet-umweltperspektiven.jpg","type":"image\/jpeg"}],"author":"admin","twitter_card":"summary_large_image","schema":{"@context":"https:\/\/schema.org","@graph":[{"@type":"Article","@id":"https:\/\/www.organisator.ch\/sustainability\/2016-12-13\/zuerich-als-nachhaltige-kongressstadt-ausgezeichnet\/#article","isPartOf":{"@id":"https:\/\/www.organisator.ch\/sustainability\/2016-12-13\/zuerich-als-nachhaltige-kongressstadt-ausgezeichnet\/"},"author":{"name":"admin","@id":"https:\/\/www.organisator.ch\/#\/schema\/person\/aa2bace6c5c5aad60102004a50c4eb1c"},"headline":"Z\u00fcrich als nachhaltige Kongressstadt ausgezeichnet","datePublished":"2016-12-13T15:37:43+00:00","dateModified":"2022-02-09T10:10:13+00:00","mainEntityOfPage":{"@id":"https:\/\/www.organisator.ch\/sustainability\/2016-12-13\/zuerich-als-nachhaltige-kongressstadt-ausgezeichnet\/"},"wordCount":193,"commentCount":0,"publisher":{"@id":"https:\/\/www.organisator.ch\/#organization"},"image":{"@id":"https:\/\/www.organisator.ch\/sustainability\/2016-12-13\/zuerich-als-nachhaltige-kongressstadt-ausgezeichnet\/#primaryimage"},"thumbnailUrl":"https:\/\/www.organisator.ch\/wp-content\/uploads\/2016\/12\/Zuerich-als-nachhaltige-Kongressstadt-ausgezeichnet-umweltperspektiven.jpg","keywords":["GDS","Kongressstadt","nachhaltige Entwicklung","Z\u00fcrich"],"articleSection":["SUSTAINABILITY"],"inLanguage":"en-US"},{"@type":"WebPage","@id":"https:\/\/www.organisator.ch\/sustainability\/2016-12-13\/zuerich-als-nachhaltige-kongressstadt-ausgezeichnet\/","url":"https:\/\/www.organisator.ch\/sustainability\/2016-12-13\/zuerich-als-nachhaltige-kongressstadt-ausgezeichnet\/","name":"Zurich honored as sustainable congress city - organizer","isPartOf":{"@id":"https:\/\/www.organisator.ch\/#website"},"primaryImageOfPage":{"@id":"https:\/\/www.organisator.ch\/sustainability\/2016-12-13\/zuerich-als-nachhaltige-kongressstadt-ausgezeichnet\/#primaryimage"},"image":{"@id":"https:\/\/www.organisator.ch\/sustainability\/2016-12-13\/zuerich-als-nachhaltige-kongressstadt-ausgezeichnet\/#primaryimage"},"thumbnailUrl":"https:\/\/www.organisator.ch\/wp-content\/uploads\/2016\/12\/Zuerich-als-nachhaltige-Kongressstadt-ausgezeichnet-umweltperspektiven.jpg","datePublished":"2016-12-13T15:37:43+00:00","dateModified":"2022-02-09T10:10:13+00:00","description":"Zurich is one of the most sustainable convention cities in the world. Compared with other cities, it achieves the third-best score in the GDS.","breadcrumb":{"@id":"https:\/\/www.organisator.ch\/sustainability\/2016-12-13\/zuerich-als-nachhaltige-kongressstadt-ausgezeichnet\/#breadcrumb"},"inLanguage":"en-US","potentialAction":[{"@type":"ReadAction","target":["https:\/\/www.organisator.ch\/sustainability\/2016-12-13\/zuerich-als-nachhaltige-kongressstadt-ausgezeichnet\/"]}]},{"@type":"ImageObject","inLanguage":"en-US","@id":"https:\/\/www.organisator.ch\/sustainability\/2016-12-13\/zuerich-als-nachhaltige-kongressstadt-ausgezeichnet\/#primaryimage","url":"https:\/\/www.organisator.ch\/wp-content\/uploads\/2016\/12\/Zuerich-als-nachhaltige-Kongressstadt-ausgezeichnet-umweltperspektiven.jpg","contentUrl":"https:\/\/www.organisator.ch\/wp-content\/uploads\/2016\/12\/Zuerich-als-nachhaltige-Kongressstadt-ausgezeichnet-umweltperspektiven.jpg","width":1000,"height":667,"caption":"Z\u00fcrich als nachhaltige Kongressstadt ausgezeichnet-umweltperspektiven"},{"@type":"BreadcrumbList","@id":"https:\/\/www.organisator.ch\/sustainability\/2016-12-13\/zuerich-als-nachhaltige-kongressstadt-ausgezeichnet\/#breadcrumb","itemListElement":[{"@type":"ListItem","position":1,"name":"Home","item":"https:\/\/www.organisator.ch\/"},{"@type":"ListItem","position":2,"name":"Z\u00fcrich als nachhaltige Kongressstadt ausgezeichnet"}]},{"@type":"WebSite","@id":"https:\/\/www.organisator.ch\/#website","url":"https:\/\/www.organisator.ch\/","name":"Organizer","description":"Competent. Practical. In 10 issues per year, ORGANISATOR presents the essential topics for managers of SMEs.","publisher":{"@id":"https:\/\/www.organisator.ch\/#organization"},"potentialAction":[{"@type":"SearchAction","target":{"@type":"EntryPoint","urlTemplate":"https:\/\/www.organisator.ch\/?s={search_term_string}"},"query-input":{"@type":"PropertyValueSpecification","valueRequired":true,"valueName":"search_term_string"}}],"inLanguage":"en-US"},{"@type":"Organization","@id":"https:\/\/www.organisator.ch\/#organization","name":"Organizer","url":"https:\/\/www.organisator.ch\/","logo":{"@type":"ImageObject","inLanguage":"en-US","@id":"https:\/\/www.organisator.ch\/#\/schema\/logo\/image\/","url":"https:\/\/www.organisator.ch\/wp-content\/uploads\/2022\/01\/Logo_Organisator_Website.png","contentUrl":"https:\/\/www.organisator.ch\/wp-content\/uploads\/2022\/01\/Logo_Organisator_Website.png","width":800,"height":77,"caption":"Organisator"},"image":{"@id":"https:\/\/www.organisator.ch\/#\/schema\/logo\/image\/"},"sameAs":["https:\/\/www.facebook.com\/OrganisatorFachmagazin","https:\/\/www.linkedin.com\/showcase\/organisator-das-magazin-fr-kmu","https:\/\/www.xing.com\/news\/pages\/organisator-ch-695","https:\/\/www.youtube.com\/channel\/UCGP2Sq0iWaZwT3BdIAQFYpw"]},{"@type":"Person","@id":"https:\/\/www.organisator.ch\/#\/schema\/person\/aa2bace6c5c5aad60102004a50c4eb1c","name":"admin","image":{"@type":"ImageObject","inLanguage":"en-US","@id":"https:\/\/secure.gravatar.com\/avatar\/ae2f4d718e6c49043e314ce431e7e645d646302a24a5ef5a8bc8e3f5a032e319?s=96&d=mm&r=g","url":"https:\/\/secure.gravatar.com\/avatar\/ae2f4d718e6c49043e314ce431e7e645d646302a24a5ef5a8bc8e3f5a032e319?s=96&d=mm&r=g","contentUrl":"https:\/\/secure.gravatar.com\/avatar\/ae2f4d718e6c49043e314ce431e7e645d646302a24a5ef5a8bc8e3f5a032e319?s=96&d=mm&r=g","caption":"admin"},"sameAs":["https:\/\/www.organisator.ch"],"url":"https:\/\/www.organisator.ch\/en\/author\/admin\/"}]}},"_links":{"self":[{"href":"https:\/\/www.organisator.ch\/en\/wp-json\/wp\/v2\/posts\/576","targetHints":{"allow":["GET"]}}],"collection":[{"href":"https:\/\/www.organisator.ch\/en\/wp-json\/wp\/v2\/posts"}],"about":[{"href":"https:\/\/www.organisator.ch\/en\/wp-json\/wp\/v2\/types\/post"}],"author":[{"embeddable":true,"href":"https:\/\/www.organisator.ch\/en\/wp-json\/wp\/v2\/users\/1"}],"replies":[{"embeddable":true,"href":"https:\/\/www.organisator.ch\/en\/wp-json\/wp\/v2\/comments?post=576"}],"version-history":[{"count":1,"href":"https:\/\/www.organisator.ch\/en\/wp-json\/wp\/v2\/posts\/576\/revisions"}],"predecessor-version":[{"id":10956,"href":"https:\/\/www.organisator.ch\/en\/wp-json\/wp\/v2\/posts\/576\/revisions\/10956"}],"wp:featuredmedia":[{"embeddable":true,"href":"https:\/\/www.organisator.ch\/en\/wp-json\/wp\/v2\/media\/577"}],"wp:attachment":[{"href":"https:\/\/www.organisator.ch\/en\/wp-json\/wp\/v2\/media?parent=576"}],"wp:term":[{"taxonomy":"category","embeddable":true,"href":"https:\/\/www.organisator.ch\/en\/wp-json\/wp\/v2\/categories?post=576"},{"taxonomy":"post_tag","embeddable":true,"href":"https:\/\/www.organisator.ch\/en\/wp-json\/wp\/v2\/tags?post=576"}],"curies":[{"name":"wp","href":"https:\/\/api.w.org\/{rel}","templated":true}]}}