{"id":5777,"date":"2019-09-09T10:28:23","date_gmt":"2019-09-09T08:28:23","guid":{"rendered":"https:\/\/www.organisator.ch\/?p=5777"},"modified":"2019-09-09T10:28:23","modified_gmt":"2019-09-09T08:28:23","slug":"das-alpensymposium-2020-ist-voll-auf-kurs","status":"publish","type":"post","link":"https:\/\/www.organisator.ch\/en\/management\/2019-09-09\/das-alpensymposium-2020-ist-voll-auf-kurs\/","title":{"rendered":"The Alpine Symposium 2020 is fully on track"},"content":{"rendered":"<figure id=\"attachment_5778\" aria-describedby=\"caption-attachment-5778\" style=\"width: 680px\" class=\"wp-caption alignnone\"><img loading=\"lazy\" decoding=\"async\" class=\"size-medium wp-image-5778\" src=\"https:\/\/www.organisator.ch\/wp-content\/uploads\/2019\/09\/Das-Alpensymposium-2020-ist-voll-auf-Kurs_Organisator.jpg\" alt=\"\" width=\"680\" height=\"283\" srcset=\"https:\/\/www.organisator.ch\/wp-content\/uploads\/2019\/09\/Das-Alpensymposium-2020-ist-voll-auf-Kurs_Organisator.jpg 680w, https:\/\/www.organisator.ch\/wp-content\/uploads\/2019\/09\/Das-Alpensymposium-2020-ist-voll-auf-Kurs_Organisator-16x7.jpg 16w, https:\/\/www.organisator.ch\/wp-content\/uploads\/2019\/09\/Das-Alpensymposium-2020-ist-voll-auf-Kurs_Organisator-375x156.jpg 375w, https:\/\/www.organisator.ch\/wp-content\/uploads\/2019\/09\/Das-Alpensymposium-2020-ist-voll-auf-Kurs_Organisator-300x125.jpg 300w\" sizes=\"auto, (max-width: 680px) 100vw, 680px\" \/><figcaption id=\"caption-attachment-5778\" class=\"wp-caption-text\">Appearing as speakers at the Alpine Symposium 2020: Google's Chief Innovation Evangelist Dr. Frederik G. Pferdt and Carla del Ponte. (Images: Media Service Alpensymposium)<\/figcaption><\/figure>\n<p>The one-year timeout seems to have done the Alpine Symposium good: With Google's Chief Innovation Evangelist and Stanford University Adjunct Professor Dr. Frederik G. Pferdt, host and organizer Oliver Stoldt was able to have a top crack of global digitization on the affiche right away. Another highlight is the appearance of Carla del Ponte. The former UN chief prosecutor is coming to Interlaken with her latest book in her luggage.<\/p>\n<h2>Innovations by the meter<\/h2>\n<p>The digital giant Google owes its constant flow of innovations not least to Dr. Frederik G. Pferdt, originally from Lake Constance, who ensures that it does not dry up. Pferdt, who holds a doctorate in business education, initiated a community of 500 innovation evangelists and is the founder of Google's \"The Garage\" and creator of the first innovation lab. This is used by hundreds of teams a year, across all areas of Google - from YouTube, to hardware, Maps, the Android operating system and also Sales, Cloud, HR and Research. This to find creative solutions and test hundreds of never-before-seen ideas in as short a time as possible. The innovation expert teaches as an adjunct professor at Stanford University and was a research lecturer at Columbia University's EdLab. He uses his forward-thinking approach to advise governments, corporations, start-ups, and international organizations.<\/p>\n<h2>Lecture fireworks on digitization<\/h2>\n<p>Other highly attractive speakers await the audience at the Alpine Symposium 2020: Carla del Ponte, former UN chief prosecutor and Swiss ambassador, comes to Interlaken with her latest book \"In the Name of the Victims - The Failure of the UN and International Politics in Syria\". Next, we'll hear from Chris Riddell, an award-winning global futurist, about emerging trends in the hyper-connected, digital world. Pascal Kaufmann, founder of Starmind and Mindfire, knows all there is to know about Artificial Intelligence (AI). Anja Wyder Guelpa, founder of Geneva-based think tank civicLab, sees digitalization and disruption as an opportunity to question and change the way we lead today. iPad magician and digitalization expert Simon Pierro defines a new genre of magic.<\/p>\n<h2>People from business, sports and media at the Alpine Symposium 2020<\/h2>\n<p>Other competent speakers with high experience and knowledge potential are Cirque de Soleil star Christian Lindemann or German cyclist Kristina Vogel, who was paralyzed after an accident, Marcus Sch\u00f6gel, Director of the Institute for Marketing at the University of St. Gallen, SRF Middle East correspondent Pascal Weber and China &amp; Middle East expert Martina Fuchs. Additionally on the program are Dr. Ingo Rauser (Capco), who will talk about the future of the finance industry, \"Brain Store\", idea merchant Nadja Schnetzler, Manuel von Allmen, owner of the Bernese Oberland shoe manufactory Kandahar and last but not least the excellently educated lawyer Kai Leonie Tschan, who has decided to become the sole hut warden at the Mittellegih\u00fctte.<\/p>\n<h2>Leading event for knowledge transfer<\/h2>\n<p>The SRF Tagesschau presenter and experienced foreign correspondent Florian Inhauser will now moderate the two-day event. The Alpine Symposium regularly brings together 950 participants at the Victoria-Jungfrau Grand Hotel &amp; Spa in Interlaken. Among entrepreneurs, CEOs, innovative entrepreneurs and representatives of SMEs, the event has established itself as one of the leading events for knowledge transfer and networking. This has also convinced UPC Business and Xing, which Oliver Stoldt was able to win over as a new Presenting Partner for the Alpine Symposium. As a result, tickets for the Alpensymposium can now be purchased both via the website <a href=\"http:\/\/www.alpensymposium.ch\">www.alpensymposium.ch<\/a> as well as about <a href=\"https:\/\/www.xing.com\/events\/17-alpensymposium-2020-2035837\">Xing<\/a> be booked directly.<\/p>","protected":false},"excerpt":{"rendered":"<p>Das einj\u00e4hrige Timeout scheint dem Alpensymposium gut zu tun: Mit Google\u2019s Chief Innovation Evangelist und Stanford University Adjunct Professor Dr. Frederik G. Pferdt konnte Gastgeber und Organisator Oliver Stoldt gleich einen Top-Crack der globalen Digitalisierung auf der Affiche. Ein weiteres Highlight ist der Auftritt von Carla del Ponte. Die ehemalige UN-Chefankl\u00e4gerin kommt mit ihrem neusten [&hellip;]<\/p>\n","protected":false},"author":4,"featured_media":5778,"comment_status":"open","ping_status":"open","sticky":false,"template":"","format":"standard","meta":{"_acf_changed":false,"_yoast_wpseo_focuskw":"Alpensymposium 2020","_yoast_wpseo_metadesc":"Eines der Highlights am Alpensymposium 2020 ist Google\u2019s Chief Innovation Evangelist Dr. Frederik G. Pferdt.","articlekey":"","footnotes":""},"categories":[28],"tags":[193,274,335,502],"class_list":["post-5777","post","type-post","status-publish","format-standard","has-post-thumbnail","hentry","category-management","tag-fachkongressfachmesse","tag-innovation","tag-management-und-unternehmensfuehrung","tag-veranstaltungen"],"acf":[],"yoast_head":"<!-- This site is optimized with the Yoast SEO plugin v27.5 - https:\/\/yoast.com\/product\/yoast-seo-wordpress\/ -->\n<title>Das Alpensymposium 2020 ist voll auf Kurs - Organisator<\/title>\n<meta name=\"description\" content=\"Eines der Highlights am Alpensymposium 2020 ist Google\u2019s Chief Innovation Evangelist Dr. Frederik G. Pferdt.\" \/>\n<meta name=\"robots\" content=\"index, follow, max-snippet:-1, max-image-preview:large, max-video-preview:-1\" \/>\n<link rel=\"canonical\" href=\"https:\/\/www.organisator.ch\/en\/management\/2019-09-09\/das-alpensymposium-2020-ist-voll-auf-kurs\/\" \/>\n<meta property=\"og:locale\" content=\"en_US\" \/>\n<meta property=\"og:type\" content=\"article\" \/>\n<meta property=\"og:title\" content=\"Das Alpensymposium 2020 ist voll auf Kurs\" \/>\n<meta property=\"og:description\" content=\"Eines der Highlights am Alpensymposium 2020 ist Google\u2019s Chief Innovation Evangelist Dr. Frederik G. Pferdt.\" \/>\n<meta property=\"og:url\" content=\"https:\/\/www.organisator.ch\/en\/management\/2019-09-09\/das-alpensymposium-2020-ist-voll-auf-kurs\/\" \/>\n<meta property=\"og:site_name\" content=\"Organisator\" \/>\n<meta property=\"article:publisher\" content=\"https:\/\/www.facebook.com\/OrganisatorFachmagazin\" \/>\n<meta property=\"article:published_time\" content=\"2019-09-09T08:28:23+00:00\" \/>\n<meta property=\"og:image\" content=\"https:\/\/www.organisator.ch\/wp-content\/uploads\/2019\/09\/Das-Alpensymposium-2020-ist-voll-auf-Kurs_Organisator.jpg\" \/>\n\t<meta property=\"og:image:width\" content=\"680\" \/>\n\t<meta property=\"og:image:height\" content=\"283\" \/>\n\t<meta property=\"og:image:type\" content=\"image\/jpeg\" \/>\n<meta name=\"author\" content=\"thomas.berner\" \/>\n<meta name=\"twitter:card\" content=\"summary_large_image\" \/>\n<meta name=\"twitter:title\" content=\"Das #Alpensymposium 2020 ist voll auf Kurs\" \/>\n<meta name=\"twitter:description\" content=\"Eines der Highlights am #Alpensymposium 2020 ist #Google\u2019s Chief Innovation Evangelist Dr. Frederik G. Pferdt.\" \/>\n<meta name=\"twitter:image\" content=\"https:\/\/www.organisator.ch\/wp-content\/uploads\/2019\/09\/Das-Alpensymposium-2020-ist-voll-auf-Kurs_Organisator.jpg\" \/>\n<script type=\"application\/ld+json\" class=\"yoast-schema-graph\">{\"@context\":\"https:\\\/\\\/schema.org\",\"@graph\":[{\"@type\":\"Article\",\"@id\":\"https:\\\/\\\/www.organisator.ch\\\/management\\\/2019-09-09\\\/das-alpensymposium-2020-ist-voll-auf-kurs\\\/#article\",\"isPartOf\":{\"@id\":\"https:\\\/\\\/www.organisator.ch\\\/management\\\/2019-09-09\\\/das-alpensymposium-2020-ist-voll-auf-kurs\\\/\"},\"author\":{\"name\":\"thomas.berner\",\"@id\":\"https:\\\/\\\/www.organisator.ch\\\/#\\\/schema\\\/person\\\/6f650f90b2842cd4c0cc334b4e36f67e\"},\"headline\":\"Das Alpensymposium 2020 ist voll auf Kurs\",\"datePublished\":\"2019-09-09T08:28:23+00:00\",\"mainEntityOfPage\":{\"@id\":\"https:\\\/\\\/www.organisator.ch\\\/management\\\/2019-09-09\\\/das-alpensymposium-2020-ist-voll-auf-kurs\\\/\"},\"wordCount\":592,\"commentCount\":0,\"publisher\":{\"@id\":\"https:\\\/\\\/www.organisator.ch\\\/#organization\"},\"image\":{\"@id\":\"https:\\\/\\\/www.organisator.ch\\\/management\\\/2019-09-09\\\/das-alpensymposium-2020-ist-voll-auf-kurs\\\/#primaryimage\"},\"thumbnailUrl\":\"https:\\\/\\\/www.organisator.ch\\\/wp-content\\\/uploads\\\/2019\\\/09\\\/Das-Alpensymposium-2020-ist-voll-auf-Kurs_Organisator.jpg\",\"keywords\":[\"Fachkongress\\\/Fachmesse\",\"Innovation\",\"Management und Unternehmensf\u00fchrung\",\"Veranstaltungen\"],\"articleSection\":[\"MANAGEMENT\"],\"inLanguage\":\"en-US\"},{\"@type\":\"WebPage\",\"@id\":\"https:\\\/\\\/www.organisator.ch\\\/management\\\/2019-09-09\\\/das-alpensymposium-2020-ist-voll-auf-kurs\\\/\",\"url\":\"https:\\\/\\\/www.organisator.ch\\\/management\\\/2019-09-09\\\/das-alpensymposium-2020-ist-voll-auf-kurs\\\/\",\"name\":\"Das Alpensymposium 2020 ist voll auf Kurs - Organisator\",\"isPartOf\":{\"@id\":\"https:\\\/\\\/www.organisator.ch\\\/#website\"},\"primaryImageOfPage\":{\"@id\":\"https:\\\/\\\/www.organisator.ch\\\/management\\\/2019-09-09\\\/das-alpensymposium-2020-ist-voll-auf-kurs\\\/#primaryimage\"},\"image\":{\"@id\":\"https:\\\/\\\/www.organisator.ch\\\/management\\\/2019-09-09\\\/das-alpensymposium-2020-ist-voll-auf-kurs\\\/#primaryimage\"},\"thumbnailUrl\":\"https:\\\/\\\/www.organisator.ch\\\/wp-content\\\/uploads\\\/2019\\\/09\\\/Das-Alpensymposium-2020-ist-voll-auf-Kurs_Organisator.jpg\",\"datePublished\":\"2019-09-09T08:28:23+00:00\",\"description\":\"Eines der Highlights am Alpensymposium 2020 ist Google\u2019s Chief Innovation Evangelist Dr. Frederik G. Pferdt.\",\"breadcrumb\":{\"@id\":\"https:\\\/\\\/www.organisator.ch\\\/management\\\/2019-09-09\\\/das-alpensymposium-2020-ist-voll-auf-kurs\\\/#breadcrumb\"},\"inLanguage\":\"en-US\",\"potentialAction\":[{\"@type\":\"ReadAction\",\"target\":[\"https:\\\/\\\/www.organisator.ch\\\/management\\\/2019-09-09\\\/das-alpensymposium-2020-ist-voll-auf-kurs\\\/\"]}]},{\"@type\":\"ImageObject\",\"inLanguage\":\"en-US\",\"@id\":\"https:\\\/\\\/www.organisator.ch\\\/management\\\/2019-09-09\\\/das-alpensymposium-2020-ist-voll-auf-kurs\\\/#primaryimage\",\"url\":\"https:\\\/\\\/www.organisator.ch\\\/wp-content\\\/uploads\\\/2019\\\/09\\\/Das-Alpensymposium-2020-ist-voll-auf-Kurs_Organisator.jpg\",\"contentUrl\":\"https:\\\/\\\/www.organisator.ch\\\/wp-content\\\/uploads\\\/2019\\\/09\\\/Das-Alpensymposium-2020-ist-voll-auf-Kurs_Organisator.jpg\",\"width\":680,\"height\":283,\"caption\":\"Treten am Alpensymposium 2020 als Referenten auf: Dr. Frederik G. Pferdt und Carla Del Ponte. (Bild: Mediendienst Alpensymposium)\"},{\"@type\":\"BreadcrumbList\",\"@id\":\"https:\\\/\\\/www.organisator.ch\\\/management\\\/2019-09-09\\\/das-alpensymposium-2020-ist-voll-auf-kurs\\\/#breadcrumb\",\"itemListElement\":[{\"@type\":\"ListItem\",\"position\":1,\"name\":\"Home\",\"item\":\"https:\\\/\\\/www.organisator.ch\\\/\"},{\"@type\":\"ListItem\",\"position\":2,\"name\":\"Das Alpensymposium 2020 ist voll auf Kurs\"}]},{\"@type\":\"WebSite\",\"@id\":\"https:\\\/\\\/www.organisator.ch\\\/#website\",\"url\":\"https:\\\/\\\/www.organisator.ch\\\/\",\"name\":\"Organisator\",\"description\":\"Kompetent. Praxisnah. Der ORGANISATOR bereitet in 10 Ausgaben pro Jahr die wesentlichen Themen f\u00fcr F\u00fchrungskr\u00e4fte von KMU auf.\",\"publisher\":{\"@id\":\"https:\\\/\\\/www.organisator.ch\\\/#organization\"},\"potentialAction\":[{\"@type\":\"SearchAction\",\"target\":{\"@type\":\"EntryPoint\",\"urlTemplate\":\"https:\\\/\\\/www.organisator.ch\\\/?s={search_term_string}\"},\"query-input\":{\"@type\":\"PropertyValueSpecification\",\"valueRequired\":true,\"valueName\":\"search_term_string\"}}],\"inLanguage\":\"en-US\"},{\"@type\":\"Organization\",\"@id\":\"https:\\\/\\\/www.organisator.ch\\\/#organization\",\"name\":\"Organisator\",\"url\":\"https:\\\/\\\/www.organisator.ch\\\/\",\"logo\":{\"@type\":\"ImageObject\",\"inLanguage\":\"en-US\",\"@id\":\"https:\\\/\\\/www.organisator.ch\\\/#\\\/schema\\\/logo\\\/image\\\/\",\"url\":\"https:\\\/\\\/www.organisator.ch\\\/wp-content\\\/uploads\\\/2022\\\/01\\\/Logo_Organisator_Website.png\",\"contentUrl\":\"https:\\\/\\\/www.organisator.ch\\\/wp-content\\\/uploads\\\/2022\\\/01\\\/Logo_Organisator_Website.png\",\"width\":800,\"height\":77,\"caption\":\"Organisator\"},\"image\":{\"@id\":\"https:\\\/\\\/www.organisator.ch\\\/#\\\/schema\\\/logo\\\/image\\\/\"},\"sameAs\":[\"https:\\\/\\\/www.facebook.com\\\/OrganisatorFachmagazin\",\"https:\\\/\\\/www.linkedin.com\\\/showcase\\\/organisator-das-magazin-fr-kmu\",\"https:\\\/\\\/www.xing.com\\\/news\\\/pages\\\/organisator-ch-695\",\"https:\\\/\\\/www.youtube.com\\\/channel\\\/UCGP2Sq0iWaZwT3BdIAQFYpw\"]},{\"@type\":\"Person\",\"@id\":\"https:\\\/\\\/www.organisator.ch\\\/#\\\/schema\\\/person\\\/6f650f90b2842cd4c0cc334b4e36f67e\",\"name\":\"thomas.berner\",\"image\":{\"@type\":\"ImageObject\",\"inLanguage\":\"en-US\",\"@id\":\"https:\\\/\\\/secure.gravatar.com\\\/avatar\\\/ac5001d2a36cb6c6cd3e50789007ffca834b477b74a2144564522e944eabff61?s=96&d=mm&r=g\",\"url\":\"https:\\\/\\\/secure.gravatar.com\\\/avatar\\\/ac5001d2a36cb6c6cd3e50789007ffca834b477b74a2144564522e944eabff61?s=96&d=mm&r=g\",\"contentUrl\":\"https:\\\/\\\/secure.gravatar.com\\\/avatar\\\/ac5001d2a36cb6c6cd3e50789007ffca834b477b74a2144564522e944eabff61?s=96&d=mm&r=g\",\"caption\":\"thomas.berner\"},\"url\":\"https:\\\/\\\/www.organisator.ch\\\/en\\\/author\\\/thomas-berner\\\/\"}]}<\/script>\n<!-- \/ Yoast SEO plugin. -->","yoast_head_json":{"title":"The Alpine Symposium 2020 is fully on track - organizer","description":"One of the highlights at Alpensymposium 2020 will be Google's Chief Innovation Evangelist Dr. Frederik G. Pferdt.","robots":{"index":"index","follow":"follow","max-snippet":"max-snippet:-1","max-image-preview":"max-image-preview:large","max-video-preview":"max-video-preview:-1"},"canonical":"https:\/\/www.organisator.ch\/en\/management\/2019-09-09\/das-alpensymposium-2020-ist-voll-auf-kurs\/","og_locale":"en_US","og_type":"article","og_title":"Das Alpensymposium 2020 ist voll auf Kurs","og_description":"Eines der Highlights am Alpensymposium 2020 ist Google\u2019s Chief Innovation Evangelist Dr. Frederik G. Pferdt.","og_url":"https:\/\/www.organisator.ch\/en\/management\/2019-09-09\/das-alpensymposium-2020-ist-voll-auf-kurs\/","og_site_name":"Organisator","article_publisher":"https:\/\/www.facebook.com\/OrganisatorFachmagazin","article_published_time":"2019-09-09T08:28:23+00:00","og_image":[{"width":680,"height":283,"url":"https:\/\/www.organisator.ch\/wp-content\/uploads\/2019\/09\/Das-Alpensymposium-2020-ist-voll-auf-Kurs_Organisator.jpg","type":"image\/jpeg"}],"author":"thomas.berner","twitter_card":"summary_large_image","twitter_title":"Das #Alpensymposium 2020 ist voll auf Kurs","twitter_description":"Eines der Highlights am #Alpensymposium 2020 ist #Google\u2019s Chief Innovation Evangelist Dr. Frederik G. Pferdt.","twitter_image":"https:\/\/www.organisator.ch\/wp-content\/uploads\/2019\/09\/Das-Alpensymposium-2020-ist-voll-auf-Kurs_Organisator.jpg","schema":{"@context":"https:\/\/schema.org","@graph":[{"@type":"Article","@id":"https:\/\/www.organisator.ch\/management\/2019-09-09\/das-alpensymposium-2020-ist-voll-auf-kurs\/#article","isPartOf":{"@id":"https:\/\/www.organisator.ch\/management\/2019-09-09\/das-alpensymposium-2020-ist-voll-auf-kurs\/"},"author":{"name":"thomas.berner","@id":"https:\/\/www.organisator.ch\/#\/schema\/person\/6f650f90b2842cd4c0cc334b4e36f67e"},"headline":"Das Alpensymposium 2020 ist voll auf Kurs","datePublished":"2019-09-09T08:28:23+00:00","mainEntityOfPage":{"@id":"https:\/\/www.organisator.ch\/management\/2019-09-09\/das-alpensymposium-2020-ist-voll-auf-kurs\/"},"wordCount":592,"commentCount":0,"publisher":{"@id":"https:\/\/www.organisator.ch\/#organization"},"image":{"@id":"https:\/\/www.organisator.ch\/management\/2019-09-09\/das-alpensymposium-2020-ist-voll-auf-kurs\/#primaryimage"},"thumbnailUrl":"https:\/\/www.organisator.ch\/wp-content\/uploads\/2019\/09\/Das-Alpensymposium-2020-ist-voll-auf-Kurs_Organisator.jpg","keywords":["Fachkongress\/Fachmesse","Innovation","Management und Unternehmensf\u00fchrung","Veranstaltungen"],"articleSection":["MANAGEMENT"],"inLanguage":"en-US"},{"@type":"WebPage","@id":"https:\/\/www.organisator.ch\/management\/2019-09-09\/das-alpensymposium-2020-ist-voll-auf-kurs\/","url":"https:\/\/www.organisator.ch\/management\/2019-09-09\/das-alpensymposium-2020-ist-voll-auf-kurs\/","name":"The Alpine Symposium 2020 is fully on track - organizer","isPartOf":{"@id":"https:\/\/www.organisator.ch\/#website"},"primaryImageOfPage":{"@id":"https:\/\/www.organisator.ch\/management\/2019-09-09\/das-alpensymposium-2020-ist-voll-auf-kurs\/#primaryimage"},"image":{"@id":"https:\/\/www.organisator.ch\/management\/2019-09-09\/das-alpensymposium-2020-ist-voll-auf-kurs\/#primaryimage"},"thumbnailUrl":"https:\/\/www.organisator.ch\/wp-content\/uploads\/2019\/09\/Das-Alpensymposium-2020-ist-voll-auf-Kurs_Organisator.jpg","datePublished":"2019-09-09T08:28:23+00:00","description":"One of the highlights at Alpensymposium 2020 will be Google's Chief Innovation Evangelist Dr. Frederik G. Pferdt.","breadcrumb":{"@id":"https:\/\/www.organisator.ch\/management\/2019-09-09\/das-alpensymposium-2020-ist-voll-auf-kurs\/#breadcrumb"},"inLanguage":"en-US","potentialAction":[{"@type":"ReadAction","target":["https:\/\/www.organisator.ch\/management\/2019-09-09\/das-alpensymposium-2020-ist-voll-auf-kurs\/"]}]},{"@type":"ImageObject","inLanguage":"en-US","@id":"https:\/\/www.organisator.ch\/management\/2019-09-09\/das-alpensymposium-2020-ist-voll-auf-kurs\/#primaryimage","url":"https:\/\/www.organisator.ch\/wp-content\/uploads\/2019\/09\/Das-Alpensymposium-2020-ist-voll-auf-Kurs_Organisator.jpg","contentUrl":"https:\/\/www.organisator.ch\/wp-content\/uploads\/2019\/09\/Das-Alpensymposium-2020-ist-voll-auf-Kurs_Organisator.jpg","width":680,"height":283,"caption":"Treten am Alpensymposium 2020 als Referenten auf: Dr. Frederik G. Pferdt und Carla Del Ponte. (Bild: Mediendienst Alpensymposium)"},{"@type":"BreadcrumbList","@id":"https:\/\/www.organisator.ch\/management\/2019-09-09\/das-alpensymposium-2020-ist-voll-auf-kurs\/#breadcrumb","itemListElement":[{"@type":"ListItem","position":1,"name":"Home","item":"https:\/\/www.organisator.ch\/"},{"@type":"ListItem","position":2,"name":"Das Alpensymposium 2020 ist voll auf Kurs"}]},{"@type":"WebSite","@id":"https:\/\/www.organisator.ch\/#website","url":"https:\/\/www.organisator.ch\/","name":"Organizer","description":"Competent. Practical. In 10 issues per year, ORGANISATOR presents the essential topics for managers of SMEs.","publisher":{"@id":"https:\/\/www.organisator.ch\/#organization"},"potentialAction":[{"@type":"SearchAction","target":{"@type":"EntryPoint","urlTemplate":"https:\/\/www.organisator.ch\/?s={search_term_string}"},"query-input":{"@type":"PropertyValueSpecification","valueRequired":true,"valueName":"search_term_string"}}],"inLanguage":"en-US"},{"@type":"Organization","@id":"https:\/\/www.organisator.ch\/#organization","name":"Organizer","url":"https:\/\/www.organisator.ch\/","logo":{"@type":"ImageObject","inLanguage":"en-US","@id":"https:\/\/www.organisator.ch\/#\/schema\/logo\/image\/","url":"https:\/\/www.organisator.ch\/wp-content\/uploads\/2022\/01\/Logo_Organisator_Website.png","contentUrl":"https:\/\/www.organisator.ch\/wp-content\/uploads\/2022\/01\/Logo_Organisator_Website.png","width":800,"height":77,"caption":"Organisator"},"image":{"@id":"https:\/\/www.organisator.ch\/#\/schema\/logo\/image\/"},"sameAs":["https:\/\/www.facebook.com\/OrganisatorFachmagazin","https:\/\/www.linkedin.com\/showcase\/organisator-das-magazin-fr-kmu","https:\/\/www.xing.com\/news\/pages\/organisator-ch-695","https:\/\/www.youtube.com\/channel\/UCGP2Sq0iWaZwT3BdIAQFYpw"]},{"@type":"Person","@id":"https:\/\/www.organisator.ch\/#\/schema\/person\/6f650f90b2842cd4c0cc334b4e36f67e","name":"thomas.berner","image":{"@type":"ImageObject","inLanguage":"en-US","@id":"https:\/\/secure.gravatar.com\/avatar\/ac5001d2a36cb6c6cd3e50789007ffca834b477b74a2144564522e944eabff61?s=96&d=mm&r=g","url":"https:\/\/secure.gravatar.com\/avatar\/ac5001d2a36cb6c6cd3e50789007ffca834b477b74a2144564522e944eabff61?s=96&d=mm&r=g","contentUrl":"https:\/\/secure.gravatar.com\/avatar\/ac5001d2a36cb6c6cd3e50789007ffca834b477b74a2144564522e944eabff61?s=96&d=mm&r=g","caption":"thomas.berner"},"url":"https:\/\/www.organisator.ch\/en\/author\/thomas-berner\/"}]}},"_links":{"self":[{"href":"https:\/\/www.organisator.ch\/en\/wp-json\/wp\/v2\/posts\/5777","targetHints":{"allow":["GET"]}}],"collection":[{"href":"https:\/\/www.organisator.ch\/en\/wp-json\/wp\/v2\/posts"}],"about":[{"href":"https:\/\/www.organisator.ch\/en\/wp-json\/wp\/v2\/types\/post"}],"author":[{"embeddable":true,"href":"https:\/\/www.organisator.ch\/en\/wp-json\/wp\/v2\/users\/4"}],"replies":[{"embeddable":true,"href":"https:\/\/www.organisator.ch\/en\/wp-json\/wp\/v2\/comments?post=5777"}],"version-history":[{"count":0,"href":"https:\/\/www.organisator.ch\/en\/wp-json\/wp\/v2\/posts\/5777\/revisions"}],"wp:featuredmedia":[{"embeddable":true,"href":"https:\/\/www.organisator.ch\/en\/wp-json\/wp\/v2\/media\/5778"}],"wp:attachment":[{"href":"https:\/\/www.organisator.ch\/en\/wp-json\/wp\/v2\/media?parent=5777"}],"wp:term":[{"taxonomy":"category","embeddable":true,"href":"https:\/\/www.organisator.ch\/en\/wp-json\/wp\/v2\/categories?post=5777"},{"taxonomy":"post_tag","embeddable":true,"href":"https:\/\/www.organisator.ch\/en\/wp-json\/wp\/v2\/tags?post=5777"}],"curies":[{"name":"wp","href":"https:\/\/api.w.org\/{rel}","templated":true}]}}