{"id":579,"date":"2016-06-08T12:02:38","date_gmt":"2016-06-08T10:02:38","guid":{"rendered":"http:\/\/dev.organisator.ch\/?p=579"},"modified":"2016-06-08T12:02:38","modified_gmt":"2016-06-08T10:02:38","slug":"thermoplan-ag-gewinnt-den-prix-svc-zentralschweiz-2016","status":"publish","type":"post","link":"https:\/\/www.organisator.ch\/en\/allgemein\/2016-06-08\/thermoplan-ag-gewinnt-den-prix-svc-zentralschweiz-2016\/","title":{"rendered":"Thermoplan AG wins the Prix SVC Central Switzerland 2016"},"content":{"rendered":"<figure id=\"attachment_581\" aria-describedby=\"caption-attachment-581\" style=\"width: 480px\" class=\"wp-caption alignnone\"><img loading=\"lazy\" decoding=\"async\" class=\"size-full wp-image-581\" src=\"https:\/\/www.organisator.ch\/wp-content\/uploads\/2016\/12\/Thermoplan-AG-gewinnt-den-Prix-SVC-Zentralschweiz-2016-organisator.jpg\" alt=\"\" width=\"480\" height=\"516\" srcset=\"https:\/\/www.organisator.ch\/wp-content\/uploads\/2016\/12\/Thermoplan-AG-gewinnt-den-Prix-SVC-Zentralschweiz-2016-organisator.jpg 480w, https:\/\/www.organisator.ch\/wp-content\/uploads\/2016\/12\/Thermoplan-AG-gewinnt-den-Prix-SVC-Zentralschweiz-2016-organisator-11x12.jpg 11w, https:\/\/www.organisator.ch\/wp-content\/uploads\/2016\/12\/Thermoplan-AG-gewinnt-den-Prix-SVC-Zentralschweiz-2016-organisator-163x175.jpg 163w, https:\/\/www.organisator.ch\/wp-content\/uploads\/2016\/12\/Thermoplan-AG-gewinnt-den-Prix-SVC-Zentralschweiz-2016-organisator-326x350.jpg 326w, https:\/\/www.organisator.ch\/wp-content\/uploads\/2016\/12\/Thermoplan-AG-gewinnt-den-Prix-SVC-Zentralschweiz-2016-organisator-300x323.jpg 300w\" sizes=\"auto, (max-width: 480px) 100vw, 480px\" \/><figcaption id=\"caption-attachment-581\" class=\"wp-caption-text\">SVC President Hans Ulrich M\u00fcller hands over the winner's trophy to Adrian Steiner, CEO of Thermoplan AG. (Image: thb)<\/figcaption><\/figure>\n<div id='gallery-1' class='gallery galleryid-579 gallery-columns-3 gallery-size-thumbnail'><figure class='gallery-item'>\n\t\t\t<div class='gallery-icon landscape'>\n\t\t\t\t<a href='https:\/\/www.organisator.ch\/en\/allgemein\/2016-06-08\/thermoplan-ag-gewinnt-den-prix-svc-zentralschweiz-2016\/attachment\/thermoplan-ag-gewinnt-den-prix-svc-zentralschweiz-2016-01-organisator-2\/'><img loading=\"lazy\" decoding=\"async\" width=\"150\" height=\"150\" src=\"https:\/\/www.organisator.ch\/wp-content\/uploads\/2016\/12\/Thermoplan-AG-gewinnt-den-Prix-SVC-Zentralschweiz-2016-01-organisator-1-150x150.jpg\" class=\"attachment-thumbnail size-thumbnail\" alt=\"\" srcset=\"https:\/\/www.organisator.ch\/wp-content\/uploads\/2016\/12\/Thermoplan-AG-gewinnt-den-Prix-SVC-Zentralschweiz-2016-01-organisator-1-150x150.jpg 150w, https:\/\/www.organisator.ch\/wp-content\/uploads\/2016\/12\/Thermoplan-AG-gewinnt-den-Prix-SVC-Zentralschweiz-2016-01-organisator-1-250x250.jpg 250w, https:\/\/www.organisator.ch\/wp-content\/uploads\/2016\/12\/Thermoplan-AG-gewinnt-den-Prix-SVC-Zentralschweiz-2016-01-organisator-1-100x100.jpg 100w\" sizes=\"auto, (max-width: 150px) 100vw, 150px\" \/><\/a>\n\t\t\t<\/div><\/figure><figure class='gallery-item'>\n\t\t\t<div class='gallery-icon landscape'>\n\t\t\t\t<a href='https:\/\/www.organisator.ch\/en\/allgemein\/2016-06-08\/thermoplan-ag-gewinnt-den-prix-svc-zentralschweiz-2016\/attachment\/thermoplan-ag-gewinnt-den-prix-svc-zentralschweiz-2016-02-organisator\/'><img loading=\"lazy\" decoding=\"async\" width=\"150\" height=\"150\" src=\"https:\/\/www.organisator.ch\/wp-content\/uploads\/2016\/12\/Thermoplan-AG-gewinnt-den-Prix-SVC-Zentralschweiz-2016-02-organisator-150x150.jpg\" class=\"attachment-thumbnail size-thumbnail\" alt=\"\" srcset=\"https:\/\/www.organisator.ch\/wp-content\/uploads\/2016\/12\/Thermoplan-AG-gewinnt-den-Prix-SVC-Zentralschweiz-2016-02-organisator-150x150.jpg 150w, https:\/\/www.organisator.ch\/wp-content\/uploads\/2016\/12\/Thermoplan-AG-gewinnt-den-Prix-SVC-Zentralschweiz-2016-02-organisator-250x250.jpg 250w, https:\/\/www.organisator.ch\/wp-content\/uploads\/2016\/12\/Thermoplan-AG-gewinnt-den-Prix-SVC-Zentralschweiz-2016-02-organisator-100x100.jpg 100w\" sizes=\"auto, (max-width: 150px) 100vw, 150px\" \/><\/a>\n\t\t\t<\/div><\/figure><figure class='gallery-item'>\n\t\t\t<div class='gallery-icon landscape'>\n\t\t\t\t<a href='https:\/\/www.organisator.ch\/en\/allgemein\/2016-06-08\/thermoplan-ag-gewinnt-den-prix-svc-zentralschweiz-2016\/attachment\/thermoplan-ag-gewinnt-den-prix-svc-zentralschweiz-2016-03-organisator\/'><img loading=\"lazy\" decoding=\"async\" width=\"150\" height=\"150\" src=\"https:\/\/www.organisator.ch\/wp-content\/uploads\/2016\/12\/Thermoplan-AG-gewinnt-den-Prix-SVC-Zentralschweiz-2016-03-organisator-150x150.jpg\" class=\"attachment-thumbnail size-thumbnail\" alt=\"\" srcset=\"https:\/\/www.organisator.ch\/wp-content\/uploads\/2016\/12\/Thermoplan-AG-gewinnt-den-Prix-SVC-Zentralschweiz-2016-03-organisator-150x150.jpg 150w, https:\/\/www.organisator.ch\/wp-content\/uploads\/2016\/12\/Thermoplan-AG-gewinnt-den-Prix-SVC-Zentralschweiz-2016-03-organisator-250x250.jpg 250w, https:\/\/www.organisator.ch\/wp-content\/uploads\/2016\/12\/Thermoplan-AG-gewinnt-den-Prix-SVC-Zentralschweiz-2016-03-organisator-100x100.jpg 100w\" sizes=\"auto, (max-width: 150px) 100vw, 150px\" \/><\/a>\n\t\t\t<\/div><\/figure><figure class='gallery-item'>\n\t\t\t<div class='gallery-icon landscape'>\n\t\t\t\t<a href='https:\/\/www.organisator.ch\/en\/allgemein\/2016-06-08\/thermoplan-ag-gewinnt-den-prix-svc-zentralschweiz-2016\/attachment\/thermoplan-ag-gewinnt-den-prix-svc-zentralschweiz-2016-04-organisator\/'><img loading=\"lazy\" decoding=\"async\" width=\"150\" height=\"150\" src=\"https:\/\/www.organisator.ch\/wp-content\/uploads\/2016\/12\/Thermoplan-AG-gewinnt-den-Prix-SVC-Zentralschweiz-2016-04-organisator-150x150.jpg\" class=\"attachment-thumbnail size-thumbnail\" alt=\"\" srcset=\"https:\/\/www.organisator.ch\/wp-content\/uploads\/2016\/12\/Thermoplan-AG-gewinnt-den-Prix-SVC-Zentralschweiz-2016-04-organisator-150x150.jpg 150w, https:\/\/www.organisator.ch\/wp-content\/uploads\/2016\/12\/Thermoplan-AG-gewinnt-den-Prix-SVC-Zentralschweiz-2016-04-organisator-250x250.jpg 250w, https:\/\/www.organisator.ch\/wp-content\/uploads\/2016\/12\/Thermoplan-AG-gewinnt-den-Prix-SVC-Zentralschweiz-2016-04-organisator-100x100.jpg 100w\" sizes=\"auto, (max-width: 150px) 100vw, 150px\" \/><\/a>\n\t\t\t<\/div><\/figure><figure class='gallery-item'>\n\t\t\t<div class='gallery-icon landscape'>\n\t\t\t\t<a href='https:\/\/www.organisator.ch\/en\/allgemein\/2016-06-08\/thermoplan-ag-gewinnt-den-prix-svc-zentralschweiz-2016\/attachment\/thermoplan-ag-gewinnt-den-prix-svc-zentralschweiz-2016-05-organisator\/'><img loading=\"lazy\" decoding=\"async\" width=\"150\" height=\"150\" src=\"https:\/\/www.organisator.ch\/wp-content\/uploads\/2016\/12\/Thermoplan-AG-gewinnt-den-Prix-SVC-Zentralschweiz-2016-05-organisator-150x150.jpg\" class=\"attachment-thumbnail size-thumbnail\" alt=\"\" srcset=\"https:\/\/www.organisator.ch\/wp-content\/uploads\/2016\/12\/Thermoplan-AG-gewinnt-den-Prix-SVC-Zentralschweiz-2016-05-organisator-150x150.jpg 150w, https:\/\/www.organisator.ch\/wp-content\/uploads\/2016\/12\/Thermoplan-AG-gewinnt-den-Prix-SVC-Zentralschweiz-2016-05-organisator-250x250.jpg 250w, https:\/\/www.organisator.ch\/wp-content\/uploads\/2016\/12\/Thermoplan-AG-gewinnt-den-Prix-SVC-Zentralschweiz-2016-05-organisator-100x100.jpg 100w\" sizes=\"auto, (max-width: 150px) 100vw, 150px\" \/><\/a>\n\t\t\t<\/div><\/figure><figure class='gallery-item'>\n\t\t\t<div class='gallery-icon landscape'>\n\t\t\t\t<a href='https:\/\/www.organisator.ch\/en\/allgemein\/2016-06-08\/thermoplan-ag-gewinnt-den-prix-svc-zentralschweiz-2016\/attachment\/thermoplan-ag-gewinnt-den-prix-svc-zentralschweiz-2016-06-organisator\/'><img loading=\"lazy\" decoding=\"async\" width=\"150\" height=\"150\" src=\"https:\/\/www.organisator.ch\/wp-content\/uploads\/2016\/12\/Thermoplan-AG-gewinnt-den-Prix-SVC-Zentralschweiz-2016-06-organisator-150x150.jpg\" class=\"attachment-thumbnail size-thumbnail\" alt=\"\" srcset=\"https:\/\/www.organisator.ch\/wp-content\/uploads\/2016\/12\/Thermoplan-AG-gewinnt-den-Prix-SVC-Zentralschweiz-2016-06-organisator-150x150.jpg 150w, https:\/\/www.organisator.ch\/wp-content\/uploads\/2016\/12\/Thermoplan-AG-gewinnt-den-Prix-SVC-Zentralschweiz-2016-06-organisator-250x250.jpg 250w, https:\/\/www.organisator.ch\/wp-content\/uploads\/2016\/12\/Thermoplan-AG-gewinnt-den-Prix-SVC-Zentralschweiz-2016-06-organisator-100x100.jpg 100w\" sizes=\"auto, (max-width: 150px) 100vw, 150px\" \/><\/a>\n\t\t\t<\/div><\/figure><figure class='gallery-item'>\n\t\t\t<div class='gallery-icon landscape'>\n\t\t\t\t<a href='https:\/\/www.organisator.ch\/en\/allgemein\/2016-06-08\/thermoplan-ag-gewinnt-den-prix-svc-zentralschweiz-2016\/attachment\/thermoplan-ag-gewinnt-den-prix-svc-zentralschweiz-2016-07-organisator\/'><img loading=\"lazy\" decoding=\"async\" width=\"150\" height=\"150\" src=\"https:\/\/www.organisator.ch\/wp-content\/uploads\/2016\/12\/Thermoplan-AG-gewinnt-den-Prix-SVC-Zentralschweiz-2016-07-organisator-150x150.jpg\" class=\"attachment-thumbnail size-thumbnail\" alt=\"\" srcset=\"https:\/\/www.organisator.ch\/wp-content\/uploads\/2016\/12\/Thermoplan-AG-gewinnt-den-Prix-SVC-Zentralschweiz-2016-07-organisator-150x150.jpg 150w, https:\/\/www.organisator.ch\/wp-content\/uploads\/2016\/12\/Thermoplan-AG-gewinnt-den-Prix-SVC-Zentralschweiz-2016-07-organisator-250x250.jpg 250w, https:\/\/www.organisator.ch\/wp-content\/uploads\/2016\/12\/Thermoplan-AG-gewinnt-den-Prix-SVC-Zentralschweiz-2016-07-organisator-100x100.jpg 100w\" sizes=\"auto, (max-width: 150px) 100vw, 150px\" \/><\/a>\n\t\t\t<\/div><\/figure>\n\t\t<\/div>\n\n<p><em>Prix SVC Central Switzerland 2016: Impressions (all pictures: thb)<\/em><\/p>\n<p>Coffee with perfect milk foam is the core competence of Thermoplan AG, whose success story once began with foam whippers. Today, Thermoplan is one of the global market leaders in the segment of fully automatic coffee machines and special equipment. These are used in catering establishments and well-known coffee houses on all continents. At its headquarters in Weggis, 260 employees work on new and further development of products in order to offer customers the perfect coffee experience. The Weggis showcase company is led by CEO Adrian Steiner and more than convinced the 11-member jury of experts of the Prix SVC Zentralschweiz. In his laudatory speech, jury president Niklaus Bleiker emphasized: \"The jury is very impressed that Thermoplan continues to rely on Switzerland as a high-price location for both research and production. This is more than admirable for a company with an export share of around 98%.\" And he continues, \"One of the main reasons for the great success of the family-owned company is its great innovative strength, in addition to the Swiss quality it lives by.\" And Adrian Steiner himself dedicates the prize to all the employees of his company: \"The prize belongs to all of us!\"<\/p>\n<p><strong>Second and third place for Alfred M\u00fcller AG and Frank T\u00fcren AG<\/strong><\/p>\n<p>Second place goes to Alfred M\u00fcller AG, a real estate company that covers all services along the real estate life cycle. \"The jury is impressed by the way Alfred M\u00fcller AG has successfully faced up to a very fluctuating market environment for more than 50 years with great economic success,\" emphasized jury president Niklaus Bleiker in his laudatory speech. The sustainability with which the Baar-based company looks after its customers is exemplary, as is its social commitment to environmental protection and development aid. \"The award is a great honor for us and our employees,\" says David Hossli, Chairman of the Management Board, pointing out that competition in the real estate business has become tougher.<\/p>\n<p><strong>Craft, high-tech and the diversity of a material<\/strong><\/p>\n<p>Frank T\u00fcren AG was awarded third place. Founded in 1897 as a carpenter's workshop, the company, now run by the fourth generation, is a supplier of special doors such as fire protection and security doors. The variety knows hardly any limits: The latest products allow access with a palm vein reader that replaces the key. This shows that the carpentry trade is undergoing major changes and that high-tech is increasingly finding its way in, as Managing Director Marcel Frank explained during the presentation round in conversation with moderator Nik Hartmann.<\/p>\n<p>Other winners of the Prix SVC Central Switzerland 2016 are the Obwalden-based muesli producer bio-familia AG, the M\u00fcller-Steinag Group, which specializes in concrete products, and the telecommunications network provider Network 41 AG. These three companies are also characterized by a leading position in their specialties and have economic appeal far beyond Central Switzerland. With the products of bio-familia AG, the term \"M\u00fcesli\" became known worldwide. However, Managing Director Peter Odermatt continues to focus on regional roots and has so far turned down all takeover offers: \"We have a great responsibility for the region\". M\u00fcller-Steinag's products are becoming increasingly popular with architects: the company has managed to give the material concrete a great creative variety that goes far beyond sewer pipes. And Network 41 AG is now not only active in the catchment area of Central Switzerland, but also has branches in Germany and Austria.<\/p>\n<p><strong>Meeting place for the Central Swiss economy<\/strong><\/p>\n<p>This is the sixth time that the Swiss Venture Club (SVC) has awarded the Prix SVC Central Switzerland to exemplary small and medium-sized enterprises (SMEs) in the region that impress with their products and innovations, their corporate culture, the quality of their employees and management, and their sustainable track record. The award ceremony was hosted by Nik Hartmann. Around 1,200 guests from business, politics and society were impressed by the diverse and often little-known strengths of Central Switzerland's top companies. \"People are the most important thing\" emphasized SVC President Hans-Ulrich M\u00fcller with regard to what ultimately constitutes entrepreneurial success.<\/p>\n<p><em><a href=\"http:\/\/www.swiss-venture-club.ch\" target=\"_blank\" data-cke-saved-href=\"http:\/\/www.swiss-venture-club.ch\" rel=\"noopener\">www.swiss-venture-club.ch<\/a><\/em><\/p>","protected":false},"excerpt":{"rendered":"<p>Prix SVC Zentralschweiz 2016: Impressionen (alle Bilder: thb) Kaffee mit perfektem Milchschaum ist die Kernkompetenz der Thermoplan AG, deren Erfolgsgeschichte einst mit Schaumschl\u00e4gern ihren Anfang nahm. Heute geh\u00f6rt Thermoplan zu den weltweiten Marktf\u00fchrern im Segment der vollautomatischen Kaffeemaschinen und Spezialger\u00e4ten. Diese werden in Gastronomiebetrieben und namhaften Kaffeeh\u00e4usern auf allen Kontinenten \u00a0eingesetzt. Am Hauptsitz in Weggis [&hellip;]<\/p>\n","protected":false},"author":1,"featured_media":581,"comment_status":"open","ping_status":"open","sticky":false,"template":"","format":"standard","meta":{"_acf_changed":false,"_yoast_wpseo_focuskw":"Thermoplan AG","_yoast_wpseo_metadesc":"Die Gewinnerin des Prix SVC Zentralschweiz 2016 ist die Thermoplan AG aus Weggis, f\u00fchrende Herstellerin von Kaffeemaschinen und Spezialger\u00e4ten.","articlekey":"","footnotes":""},"categories":[1],"tags":[492],"class_list":["post-579","post","type-post","status-publish","format-standard","has-post-thumbnail","hentry","category-allgemein","tag-unternehmen"],"acf":[],"yoast_head":"<!-- This site is optimized with the Yoast SEO plugin v27.5 - https:\/\/yoast.com\/product\/yoast-seo-wordpress\/ -->\n<title>Thermoplan AG gewinnt den Prix SVC Zentralschweiz 2016 - Organisator<\/title>\n<meta name=\"description\" content=\"Die Gewinnerin des Prix SVC Zentralschweiz 2016 ist die Thermoplan AG aus Weggis, f\u00fchrende Herstellerin von Kaffeemaschinen und Spezialger\u00e4ten.\" \/>\n<meta name=\"robots\" content=\"index, follow, max-snippet:-1, max-image-preview:large, max-video-preview:-1\" \/>\n<link rel=\"canonical\" href=\"https:\/\/www.organisator.ch\/en\/general\/2016-06-08\/thermoplan-ag-gewinnt-den-prix-svc-zentralschweiz-2016\/\" \/>\n<meta property=\"og:locale\" content=\"en_US\" \/>\n<meta property=\"og:type\" content=\"article\" \/>\n<meta property=\"og:title\" content=\"Thermoplan AG gewinnt den Prix SVC Zentralschweiz 2016\" \/>\n<meta property=\"og:description\" content=\"Die Gewinnerin des Prix SVC Zentralschweiz 2016 ist die Thermoplan AG aus Weggis, f\u00fchrende Herstellerin von innovativen, vollautomatischen Kaffeemaschinen und Spezialger\u00e4ten. Auf den Pl\u00e4tzen zwei und drei folgen die Immobiliendienstleisterin Alfred M\u00fcller AG aus Baar (ZG) und die Frank T\u00fcren AG aus Buochs (NW), Herstellerin von Sicherheitst\u00fcren jeglicher Art. Weitere Preistr\u00e4ger des Abends sind die bio-familia AG aus Sachseln (OW), die M\u00dcLLER STEINAG Gruppe aus Rickenbach (LU) und die Network 41 AG aus Sursee (LU). Diese sechs Preistr\u00e4ger wurden von einer regionalen Expertenjury in einem mehrstufigen Selektionsprozess aus 90 Zentralschweizer Unternehmen f\u00fcr diesen Gala-Abend der unternehmerischen Exzellenz ausgesucht.\" \/>\n<meta property=\"og:url\" content=\"https:\/\/www.organisator.ch\/en\/general\/2016-06-08\/thermoplan-ag-gewinnt-den-prix-svc-zentralschweiz-2016\/\" \/>\n<meta property=\"og:site_name\" content=\"Organisator\" \/>\n<meta property=\"article:publisher\" content=\"https:\/\/www.facebook.com\/OrganisatorFachmagazin\" \/>\n<meta property=\"article:published_time\" content=\"2016-06-08T10:02:38+00:00\" \/>\n<meta name=\"author\" content=\"admin\" \/>\n<meta name=\"twitter:card\" content=\"summary_large_image\" \/>\n<meta name=\"twitter:image\" content=\"https:\/\/www.organisator.ch\/wp-content\/uploads\/2016\/12\/Thermoplan-AG-gewinnt-den-Prix-SVC-Zentralschweiz-2016-organisator.jpg\" \/>\n<script type=\"application\/ld+json\" class=\"yoast-schema-graph\">{\"@context\":\"https:\\\/\\\/schema.org\",\"@graph\":[{\"@type\":\"Article\",\"@id\":\"https:\\\/\\\/www.organisator.ch\\\/en\\\/general\\\/2016-06-08\\\/thermoplan-ag-gewinnt-den-prix-svc-zentralschweiz-2016\\\/#article\",\"isPartOf\":{\"@id\":\"https:\\\/\\\/www.organisator.ch\\\/en\\\/general\\\/2016-06-08\\\/thermoplan-ag-gewinnt-den-prix-svc-zentralschweiz-2016\\\/\"},\"author\":{\"name\":\"admin\",\"@id\":\"https:\\\/\\\/www.organisator.ch\\\/#\\\/schema\\\/person\\\/aa2bace6c5c5aad60102004a50c4eb1c\"},\"headline\":\"Thermoplan AG gewinnt den Prix SVC Zentralschweiz 2016\",\"datePublished\":\"2016-06-08T10:02:38+00:00\",\"mainEntityOfPage\":{\"@id\":\"https:\\\/\\\/www.organisator.ch\\\/en\\\/general\\\/2016-06-08\\\/thermoplan-ag-gewinnt-den-prix-svc-zentralschweiz-2016\\\/\"},\"wordCount\":688,\"commentCount\":0,\"publisher\":{\"@id\":\"https:\\\/\\\/www.organisator.ch\\\/#organization\"},\"image\":{\"@id\":\"https:\\\/\\\/www.organisator.ch\\\/en\\\/general\\\/2016-06-08\\\/thermoplan-ag-gewinnt-den-prix-svc-zentralschweiz-2016\\\/#primaryimage\"},\"thumbnailUrl\":\"https:\\\/\\\/www.organisator.ch\\\/wp-content\\\/uploads\\\/2016\\\/12\\\/Thermoplan-AG-gewinnt-den-Prix-SVC-Zentralschweiz-2016-organisator.jpg\",\"keywords\":[\"Unternehmen\"],\"articleSection\":[\"Allgemein\"],\"inLanguage\":\"en-US\"},{\"@type\":\"WebPage\",\"@id\":\"https:\\\/\\\/www.organisator.ch\\\/en\\\/general\\\/2016-06-08\\\/thermoplan-ag-gewinnt-den-prix-svc-zentralschweiz-2016\\\/\",\"url\":\"https:\\\/\\\/www.organisator.ch\\\/en\\\/general\\\/2016-06-08\\\/thermoplan-ag-gewinnt-den-prix-svc-zentralschweiz-2016\\\/\",\"name\":\"Thermoplan AG gewinnt den Prix SVC Zentralschweiz 2016 - Organisator\",\"isPartOf\":{\"@id\":\"https:\\\/\\\/www.organisator.ch\\\/#website\"},\"primaryImageOfPage\":{\"@id\":\"https:\\\/\\\/www.organisator.ch\\\/en\\\/general\\\/2016-06-08\\\/thermoplan-ag-gewinnt-den-prix-svc-zentralschweiz-2016\\\/#primaryimage\"},\"image\":{\"@id\":\"https:\\\/\\\/www.organisator.ch\\\/en\\\/general\\\/2016-06-08\\\/thermoplan-ag-gewinnt-den-prix-svc-zentralschweiz-2016\\\/#primaryimage\"},\"thumbnailUrl\":\"https:\\\/\\\/www.organisator.ch\\\/wp-content\\\/uploads\\\/2016\\\/12\\\/Thermoplan-AG-gewinnt-den-Prix-SVC-Zentralschweiz-2016-organisator.jpg\",\"datePublished\":\"2016-06-08T10:02:38+00:00\",\"description\":\"Die Gewinnerin des Prix SVC Zentralschweiz 2016 ist die Thermoplan AG aus Weggis, f\u00fchrende Herstellerin von Kaffeemaschinen und Spezialger\u00e4ten.\",\"breadcrumb\":{\"@id\":\"https:\\\/\\\/www.organisator.ch\\\/en\\\/general\\\/2016-06-08\\\/thermoplan-ag-gewinnt-den-prix-svc-zentralschweiz-2016\\\/#breadcrumb\"},\"inLanguage\":\"en-US\",\"potentialAction\":[{\"@type\":\"ReadAction\",\"target\":[\"https:\\\/\\\/www.organisator.ch\\\/en\\\/general\\\/2016-06-08\\\/thermoplan-ag-gewinnt-den-prix-svc-zentralschweiz-2016\\\/\"]}]},{\"@type\":\"ImageObject\",\"inLanguage\":\"en-US\",\"@id\":\"https:\\\/\\\/www.organisator.ch\\\/en\\\/general\\\/2016-06-08\\\/thermoplan-ag-gewinnt-den-prix-svc-zentralschweiz-2016\\\/#primaryimage\",\"url\":\"https:\\\/\\\/www.organisator.ch\\\/wp-content\\\/uploads\\\/2016\\\/12\\\/Thermoplan-AG-gewinnt-den-Prix-SVC-Zentralschweiz-2016-organisator.jpg\",\"contentUrl\":\"https:\\\/\\\/www.organisator.ch\\\/wp-content\\\/uploads\\\/2016\\\/12\\\/Thermoplan-AG-gewinnt-den-Prix-SVC-Zentralschweiz-2016-organisator.jpg\",\"width\":480,\"height\":516,\"caption\":\"SVC-Pr\u00e4sident Hans Ulrich M\u00fcller \u00fcbergibt die Siegertroph\u00e4e dem CEO von Thermoplan AG, Adrian Steiner. (Bild: thb)\"},{\"@type\":\"BreadcrumbList\",\"@id\":\"https:\\\/\\\/www.organisator.ch\\\/en\\\/general\\\/2016-06-08\\\/thermoplan-ag-gewinnt-den-prix-svc-zentralschweiz-2016\\\/#breadcrumb\",\"itemListElement\":[{\"@type\":\"ListItem\",\"position\":1,\"name\":\"Home\",\"item\":\"https:\\\/\\\/www.organisator.ch\\\/\"},{\"@type\":\"ListItem\",\"position\":2,\"name\":\"Thermoplan AG gewinnt den Prix SVC Zentralschweiz 2016\"}]},{\"@type\":\"WebSite\",\"@id\":\"https:\\\/\\\/www.organisator.ch\\\/#website\",\"url\":\"https:\\\/\\\/www.organisator.ch\\\/\",\"name\":\"Organisator\",\"description\":\"Kompetent. Praxisnah. Der ORGANISATOR bereitet in 10 Ausgaben pro Jahr die wesentlichen Themen f\u00fcr F\u00fchrungskr\u00e4fte von KMU auf.\",\"publisher\":{\"@id\":\"https:\\\/\\\/www.organisator.ch\\\/#organization\"},\"potentialAction\":[{\"@type\":\"SearchAction\",\"target\":{\"@type\":\"EntryPoint\",\"urlTemplate\":\"https:\\\/\\\/www.organisator.ch\\\/?s={search_term_string}\"},\"query-input\":{\"@type\":\"PropertyValueSpecification\",\"valueRequired\":true,\"valueName\":\"search_term_string\"}}],\"inLanguage\":\"en-US\"},{\"@type\":\"Organization\",\"@id\":\"https:\\\/\\\/www.organisator.ch\\\/#organization\",\"name\":\"Organisator\",\"url\":\"https:\\\/\\\/www.organisator.ch\\\/\",\"logo\":{\"@type\":\"ImageObject\",\"inLanguage\":\"en-US\",\"@id\":\"https:\\\/\\\/www.organisator.ch\\\/#\\\/schema\\\/logo\\\/image\\\/\",\"url\":\"https:\\\/\\\/www.organisator.ch\\\/wp-content\\\/uploads\\\/2022\\\/01\\\/Logo_Organisator_Website.png\",\"contentUrl\":\"https:\\\/\\\/www.organisator.ch\\\/wp-content\\\/uploads\\\/2022\\\/01\\\/Logo_Organisator_Website.png\",\"width\":800,\"height\":77,\"caption\":\"Organisator\"},\"image\":{\"@id\":\"https:\\\/\\\/www.organisator.ch\\\/#\\\/schema\\\/logo\\\/image\\\/\"},\"sameAs\":[\"https:\\\/\\\/www.facebook.com\\\/OrganisatorFachmagazin\",\"https:\\\/\\\/www.linkedin.com\\\/showcase\\\/organisator-das-magazin-fr-kmu\",\"https:\\\/\\\/www.xing.com\\\/news\\\/pages\\\/organisator-ch-695\",\"https:\\\/\\\/www.youtube.com\\\/channel\\\/UCGP2Sq0iWaZwT3BdIAQFYpw\"]},{\"@type\":\"Person\",\"@id\":\"https:\\\/\\\/www.organisator.ch\\\/#\\\/schema\\\/person\\\/aa2bace6c5c5aad60102004a50c4eb1c\",\"name\":\"admin\",\"image\":{\"@type\":\"ImageObject\",\"inLanguage\":\"en-US\",\"@id\":\"https:\\\/\\\/secure.gravatar.com\\\/avatar\\\/ae2f4d718e6c49043e314ce431e7e645d646302a24a5ef5a8bc8e3f5a032e319?s=96&d=mm&r=g\",\"url\":\"https:\\\/\\\/secure.gravatar.com\\\/avatar\\\/ae2f4d718e6c49043e314ce431e7e645d646302a24a5ef5a8bc8e3f5a032e319?s=96&d=mm&r=g\",\"contentUrl\":\"https:\\\/\\\/secure.gravatar.com\\\/avatar\\\/ae2f4d718e6c49043e314ce431e7e645d646302a24a5ef5a8bc8e3f5a032e319?s=96&d=mm&r=g\",\"caption\":\"admin\"},\"sameAs\":[\"https:\\\/\\\/www.organisator.ch\"],\"url\":\"https:\\\/\\\/www.organisator.ch\\\/en\\\/author\\\/admin\\\/\"}]}<\/script>\n<!-- \/ Yoast SEO plugin. -->","yoast_head_json":{"title":"Thermoplan AG wins the Prix SVC Central Switzerland 2016 - Organizer","description":"The winner of the Prix SVC Central Switzerland 2016 is Thermoplan AG from Weggis, leading manufacturer of coffee machines and special equipment.","robots":{"index":"index","follow":"follow","max-snippet":"max-snippet:-1","max-image-preview":"max-image-preview:large","max-video-preview":"max-video-preview:-1"},"canonical":"https:\/\/www.organisator.ch\/en\/general\/2016-06-08\/thermoplan-ag-gewinnt-den-prix-svc-zentralschweiz-2016\/","og_locale":"en_US","og_type":"article","og_title":"Thermoplan AG gewinnt den Prix SVC Zentralschweiz 2016","og_description":"Die Gewinnerin des Prix SVC Zentralschweiz 2016 ist die Thermoplan AG aus Weggis, f\u00fchrende Herstellerin von innovativen, vollautomatischen Kaffeemaschinen und Spezialger\u00e4ten. Auf den Pl\u00e4tzen zwei und drei folgen die Immobiliendienstleisterin Alfred M\u00fcller AG aus Baar (ZG) und die Frank T\u00fcren AG aus Buochs (NW), Herstellerin von Sicherheitst\u00fcren jeglicher Art. Weitere Preistr\u00e4ger des Abends sind die bio-familia AG aus Sachseln (OW), die M\u00dcLLER STEINAG Gruppe aus Rickenbach (LU) und die Network 41 AG aus Sursee (LU). Diese sechs Preistr\u00e4ger wurden von einer regionalen Expertenjury in einem mehrstufigen Selektionsprozess aus 90 Zentralschweizer Unternehmen f\u00fcr diesen Gala-Abend der unternehmerischen Exzellenz ausgesucht.","og_url":"https:\/\/www.organisator.ch\/en\/general\/2016-06-08\/thermoplan-ag-gewinnt-den-prix-svc-zentralschweiz-2016\/","og_site_name":"Organisator","article_publisher":"https:\/\/www.facebook.com\/OrganisatorFachmagazin","article_published_time":"2016-06-08T10:02:38+00:00","author":"admin","twitter_card":"summary_large_image","twitter_image":"https:\/\/www.organisator.ch\/wp-content\/uploads\/2016\/12\/Thermoplan-AG-gewinnt-den-Prix-SVC-Zentralschweiz-2016-organisator.jpg","schema":{"@context":"https:\/\/schema.org","@graph":[{"@type":"Article","@id":"https:\/\/www.organisator.ch\/en\/general\/2016-06-08\/thermoplan-ag-gewinnt-den-prix-svc-zentralschweiz-2016\/#article","isPartOf":{"@id":"https:\/\/www.organisator.ch\/en\/general\/2016-06-08\/thermoplan-ag-gewinnt-den-prix-svc-zentralschweiz-2016\/"},"author":{"name":"admin","@id":"https:\/\/www.organisator.ch\/#\/schema\/person\/aa2bace6c5c5aad60102004a50c4eb1c"},"headline":"Thermoplan AG gewinnt den Prix SVC Zentralschweiz 2016","datePublished":"2016-06-08T10:02:38+00:00","mainEntityOfPage":{"@id":"https:\/\/www.organisator.ch\/en\/general\/2016-06-08\/thermoplan-ag-gewinnt-den-prix-svc-zentralschweiz-2016\/"},"wordCount":688,"commentCount":0,"publisher":{"@id":"https:\/\/www.organisator.ch\/#organization"},"image":{"@id":"https:\/\/www.organisator.ch\/en\/general\/2016-06-08\/thermoplan-ag-gewinnt-den-prix-svc-zentralschweiz-2016\/#primaryimage"},"thumbnailUrl":"https:\/\/www.organisator.ch\/wp-content\/uploads\/2016\/12\/Thermoplan-AG-gewinnt-den-Prix-SVC-Zentralschweiz-2016-organisator.jpg","keywords":["Unternehmen"],"articleSection":["Allgemein"],"inLanguage":"en-US"},{"@type":"WebPage","@id":"https:\/\/www.organisator.ch\/en\/general\/2016-06-08\/thermoplan-ag-gewinnt-den-prix-svc-zentralschweiz-2016\/","url":"https:\/\/www.organisator.ch\/en\/general\/2016-06-08\/thermoplan-ag-gewinnt-den-prix-svc-zentralschweiz-2016\/","name":"Thermoplan AG wins the Prix SVC Central Switzerland 2016 - Organizer","isPartOf":{"@id":"https:\/\/www.organisator.ch\/#website"},"primaryImageOfPage":{"@id":"https:\/\/www.organisator.ch\/en\/general\/2016-06-08\/thermoplan-ag-gewinnt-den-prix-svc-zentralschweiz-2016\/#primaryimage"},"image":{"@id":"https:\/\/www.organisator.ch\/en\/general\/2016-06-08\/thermoplan-ag-gewinnt-den-prix-svc-zentralschweiz-2016\/#primaryimage"},"thumbnailUrl":"https:\/\/www.organisator.ch\/wp-content\/uploads\/2016\/12\/Thermoplan-AG-gewinnt-den-Prix-SVC-Zentralschweiz-2016-organisator.jpg","datePublished":"2016-06-08T10:02:38+00:00","description":"The winner of the Prix SVC Central Switzerland 2016 is Thermoplan AG from Weggis, leading manufacturer of coffee machines and special equipment.","breadcrumb":{"@id":"https:\/\/www.organisator.ch\/en\/general\/2016-06-08\/thermoplan-ag-gewinnt-den-prix-svc-zentralschweiz-2016\/#breadcrumb"},"inLanguage":"en-US","potentialAction":[{"@type":"ReadAction","target":["https:\/\/www.organisator.ch\/en\/general\/2016-06-08\/thermoplan-ag-gewinnt-den-prix-svc-zentralschweiz-2016\/"]}]},{"@type":"ImageObject","inLanguage":"en-US","@id":"https:\/\/www.organisator.ch\/en\/general\/2016-06-08\/thermoplan-ag-gewinnt-den-prix-svc-zentralschweiz-2016\/#primaryimage","url":"https:\/\/www.organisator.ch\/wp-content\/uploads\/2016\/12\/Thermoplan-AG-gewinnt-den-Prix-SVC-Zentralschweiz-2016-organisator.jpg","contentUrl":"https:\/\/www.organisator.ch\/wp-content\/uploads\/2016\/12\/Thermoplan-AG-gewinnt-den-Prix-SVC-Zentralschweiz-2016-organisator.jpg","width":480,"height":516,"caption":"SVC-Pr\u00e4sident Hans Ulrich M\u00fcller \u00fcbergibt die Siegertroph\u00e4e dem CEO von Thermoplan AG, Adrian Steiner. (Bild: thb)"},{"@type":"BreadcrumbList","@id":"https:\/\/www.organisator.ch\/en\/general\/2016-06-08\/thermoplan-ag-gewinnt-den-prix-svc-zentralschweiz-2016\/#breadcrumb","itemListElement":[{"@type":"ListItem","position":1,"name":"Home","item":"https:\/\/www.organisator.ch\/"},{"@type":"ListItem","position":2,"name":"Thermoplan AG gewinnt den Prix SVC Zentralschweiz 2016"}]},{"@type":"WebSite","@id":"https:\/\/www.organisator.ch\/#website","url":"https:\/\/www.organisator.ch\/","name":"Organizer","description":"Competent. Practical. In 10 issues per year, ORGANISATOR presents the essential topics for managers of SMEs.","publisher":{"@id":"https:\/\/www.organisator.ch\/#organization"},"potentialAction":[{"@type":"SearchAction","target":{"@type":"EntryPoint","urlTemplate":"https:\/\/www.organisator.ch\/?s={search_term_string}"},"query-input":{"@type":"PropertyValueSpecification","valueRequired":true,"valueName":"search_term_string"}}],"inLanguage":"en-US"},{"@type":"Organization","@id":"https:\/\/www.organisator.ch\/#organization","name":"Organizer","url":"https:\/\/www.organisator.ch\/","logo":{"@type":"ImageObject","inLanguage":"en-US","@id":"https:\/\/www.organisator.ch\/#\/schema\/logo\/image\/","url":"https:\/\/www.organisator.ch\/wp-content\/uploads\/2022\/01\/Logo_Organisator_Website.png","contentUrl":"https:\/\/www.organisator.ch\/wp-content\/uploads\/2022\/01\/Logo_Organisator_Website.png","width":800,"height":77,"caption":"Organisator"},"image":{"@id":"https:\/\/www.organisator.ch\/#\/schema\/logo\/image\/"},"sameAs":["https:\/\/www.facebook.com\/OrganisatorFachmagazin","https:\/\/www.linkedin.com\/showcase\/organisator-das-magazin-fr-kmu","https:\/\/www.xing.com\/news\/pages\/organisator-ch-695","https:\/\/www.youtube.com\/channel\/UCGP2Sq0iWaZwT3BdIAQFYpw"]},{"@type":"Person","@id":"https:\/\/www.organisator.ch\/#\/schema\/person\/aa2bace6c5c5aad60102004a50c4eb1c","name":"admin","image":{"@type":"ImageObject","inLanguage":"en-US","@id":"https:\/\/secure.gravatar.com\/avatar\/ae2f4d718e6c49043e314ce431e7e645d646302a24a5ef5a8bc8e3f5a032e319?s=96&d=mm&r=g","url":"https:\/\/secure.gravatar.com\/avatar\/ae2f4d718e6c49043e314ce431e7e645d646302a24a5ef5a8bc8e3f5a032e319?s=96&d=mm&r=g","contentUrl":"https:\/\/secure.gravatar.com\/avatar\/ae2f4d718e6c49043e314ce431e7e645d646302a24a5ef5a8bc8e3f5a032e319?s=96&d=mm&r=g","caption":"admin"},"sameAs":["https:\/\/www.organisator.ch"],"url":"https:\/\/www.organisator.ch\/en\/author\/admin\/"}]}},"_links":{"self":[{"href":"https:\/\/www.organisator.ch\/en\/wp-json\/wp\/v2\/posts\/579","targetHints":{"allow":["GET"]}}],"collection":[{"href":"https:\/\/www.organisator.ch\/en\/wp-json\/wp\/v2\/posts"}],"about":[{"href":"https:\/\/www.organisator.ch\/en\/wp-json\/wp\/v2\/types\/post"}],"author":[{"embeddable":true,"href":"https:\/\/www.organisator.ch\/en\/wp-json\/wp\/v2\/users\/1"}],"replies":[{"embeddable":true,"href":"https:\/\/www.organisator.ch\/en\/wp-json\/wp\/v2\/comments?post=579"}],"version-history":[{"count":0,"href":"https:\/\/www.organisator.ch\/en\/wp-json\/wp\/v2\/posts\/579\/revisions"}],"wp:featuredmedia":[{"embeddable":true,"href":"https:\/\/www.organisator.ch\/en\/wp-json\/wp\/v2\/media\/581"}],"wp:attachment":[{"href":"https:\/\/www.organisator.ch\/en\/wp-json\/wp\/v2\/media?parent=579"}],"wp:term":[{"taxonomy":"category","embeddable":true,"href":"https:\/\/www.organisator.ch\/en\/wp-json\/wp\/v2\/categories?post=579"},{"taxonomy":"post_tag","embeddable":true,"href":"https:\/\/www.organisator.ch\/en\/wp-json\/wp\/v2\/tags?post=579"}],"curies":[{"name":"wp","href":"https:\/\/api.w.org\/{rel}","templated":true}]}}