{"id":5799,"date":"2019-09-16T13:46:38","date_gmt":"2019-09-16T11:46:38","guid":{"rendered":"https:\/\/www.organisator.ch\/?p=5799"},"modified":"2019-09-16T13:46:38","modified_gmt":"2019-09-16T11:46:38","slug":"wirtschaftskraefte-messen-300-teilnehmer-am-kmu-swiss-podium","status":"publish","type":"post","link":"https:\/\/www.organisator.ch\/en\/management\/2019-09-16\/wirtschaftskraefte-messen-300-teilnehmer-am-kmu-swiss-podium\/","title":{"rendered":"\"Economic forces - measure\": 300 participants at the KMU Swiss podium"},"content":{"rendered":"<figure id=\"attachment_5800\" aria-describedby=\"caption-attachment-5800\" style=\"width: 680px\" class=\"wp-caption alignnone\"><img loading=\"lazy\" decoding=\"async\" class=\"size-medium wp-image-5800\" src=\"https:\/\/www.organisator.ch\/wp-content\/uploads\/2019\/09\/Wirtschaftskraefte-messen-300-Teilnehmer-am-KMU-Swiss-Podium_Organisator.jpg\" alt=\"\" width=\"680\" height=\"453\" srcset=\"https:\/\/www.organisator.ch\/wp-content\/uploads\/2019\/09\/Wirtschaftskraefte-messen-300-Teilnehmer-am-KMU-Swiss-Podium_Organisator.jpg 680w, https:\/\/www.organisator.ch\/wp-content\/uploads\/2019\/09\/Wirtschaftskraefte-messen-300-Teilnehmer-am-KMU-Swiss-Podium_Organisator-16x12.jpg 16w, https:\/\/www.organisator.ch\/wp-content\/uploads\/2019\/09\/Wirtschaftskraefte-messen-300-Teilnehmer-am-KMU-Swiss-Podium_Organisator-263x175.jpg 263w, https:\/\/www.organisator.ch\/wp-content\/uploads\/2019\/09\/Wirtschaftskraefte-messen-300-Teilnehmer-am-KMU-Swiss-Podium_Organisator-525x350.jpg 525w, https:\/\/www.organisator.ch\/wp-content\/uploads\/2019\/09\/Wirtschaftskraefte-messen-300-Teilnehmer-am-KMU-Swiss-Podium_Organisator-300x200.jpg 300w\" sizes=\"auto, (max-width: 680px) 100vw, 680px\" \/><figcaption id=\"caption-attachment-5800\" class=\"wp-caption-text\">\"Economic forces - measure\": Roland Goethe, Bruno Dobler and Bruno Stiegeler, among others, spoke on this topic. (Image: KMU Swiss)<\/figcaption><\/figure>\n<p>At the 11th edition of the KMU Swiss Podium on September 12, 2019 in the Campus Hall in Brugg-Windisch, more than 300 participants followed the insights of the entrepreneurial speakers with great interest. They showed how they and their companies can remain competitive and capable of acting in the market in the future.<\/p>\n<h2>\"Economic forces - measure\"<\/h2>\n<p>\"Those who can deal with constant change, analyze opportunities and threats, act flexibly in response to changes and are open to new things will be able to go into the future calmly but also strengthened,\" said Armin Baumann, initiator of KMU Swiss, in his opening panel speech. The changes can vary greatly from industry to industry. However, competitors, shortage of skilled workers and innovations are strong drivers of market changes for many companies. A competitor can become a partner tomorrow in order to jointly become even stronger in the market.<\/p>\n<h2>Envy makes you strong!<\/h2>\n<p>Top performance is possible if you go the extra mile. Golf proette, Olympic participant and young entrepreneur Fabienne In-Albon is convinced of this. With her likeable manner, she gave an insight into her not-so-easy path to success. Success makes you lonely and vulnerable. And the more successful you become, the more envious you are. But envy makes you strong. And envy is a form of recognition. Fabienne In-Albon recommended quite clearly: Critics and enviers should be seen as motivators and drive to broaden one's own horizons and develop a healthy ambition. In addition, self-reflection and a change of perspective also help you to become better and better.<\/p>\n<h2>You are the captain! - Take off and arrive with risks<\/h2>\n<p>\"Focus on your ideas. Give them more space and attention. And write down the ideas immediately and everywhere.\" That was Bruno Dobler's emphatic recommendation. He was a chief pilot at Crossair for many years, a flight instructor and today acts as a facilitator and sparring partner for the ambitious. Because every idea can be an opportunity and possible success in the future. Bruno Dobler showed how essential a well-coordinated team is. Important success drivers in business are: the right employees with their knowledge and skills. Clean processes, which are adhered to. A high level of reliability of the employees and the technology and the continuous training of the employees. These factors ensure success in business. However, Bruno Dobler also pointed out possible reasons for failure: Overexertion, laziness and a lack of confidence, in difficult, turbulent times. For unimagined flights of fancy, one should never lose strength and faith in one's idea or project - and simply be better than the others.<\/p>\n<h2>Future - working world?<\/h2>\n<p>In her presentation, Nicole Burth Tschudi, CEO of the Adecco Group Switzerland, answered the question of what this working world could look like in the future. In the future, completely new qualifications will be required. One challenge in Switzerland will be to train the right talent and to align corporate cultures with young people. Lifelong learning and constant continuing education - at any age - are inevitable, according to Nicole Burth Tschudi. \"We have to 'learn to learn' again,\" she said. Companies are also challenged here. They should invest in the further development of their employees and attract, promote and retain young talent. This is also essential for their own corporate development, she added. With the megatrend of digitization, even more digital skills will be required in the future. However, training opportunities are still lagging behind this demand. Burth Tschudi calls for rapid solutions here. To counteract the shortage of skilled workers and talent, older employees should be given the opportunity to work longer and part-time work should be promoted to enable a better distribution of childcare.<\/p>\n<h2>Between Annoyance and Euphoria: An Idea Has Polarized for 85 Years<\/h2>\n<p>Bruno Stiegeler, CEO of WIR Bank Genossenschaft, took the audience on a journey through time. With verve he told the story and idea of Werner Zimmermann to introduce a complementary currency to strengthen the Swiss SME economy. This idea is still relevant today, that money should circulate for a living system, and this without interest.<br \/>\nToday, 30,000 SMEs from a wide range of industries are members of the closed network of WIR Bank. These contribute to the growth and functioning of the Swiss economy. Even a long-established WIR Bank is going digital and developing. Already, 90% of all member payments are made digitally. And a diversified business with new savings and pension products seems to be bearing fruit.<\/p>\n<h2>Successful conclusion<\/h2>\n<p>The various presentations and also the exciting and informative panel discussion with Roland Goethe, President of Swissmechanic and member of the Glarner Landrat, Bruno Dobler as well as Bruno Stiegeler stimulated interesting discussions at the concluding flying dinner. All agreed that the key points of a good entrepreneur are the passion for his idea, a clear unique selling proposition for the company and the DOING. The panel program was moderated competently and humorously by journalist Michael Sokoll.<\/p>\n<p><em>The presentations on the topic \"Economic forces - measure\" can be downloaded from September 17 on <a href=\"http:\/\/www.kmuswiss.tv\">www.kmuswiss.tv<\/a> can be viewed. More info: <\/em><a href=\"http:\/\/www.kmu-swiss.ch\"><em>www.kmu-swiss.ch<\/em><\/a><\/p>","protected":false},"excerpt":{"rendered":"<p>\u00dcber 300 Teilnehmerinnen und Teilnehmer verfolgten an der 11. Ausgabe vom KMU Swiss Podium am 12. September 2019 im Campussaal in Brugg-Windisch gespannt die Einblicke der unternehmerisch denkenden Referentinnen und Referenten. Sie zeigten auf, wie sie mit ihrem Unternehmen auch in Zukunft konkurrenz- und handlungsf\u00e4hig am Markt bleiben. \u00abWirtschaftskr\u00e4fte \u2013 messen\u00bb &#8222;Wer mit dem stetigen [&hellip;]<\/p>\n","protected":false},"author":4,"featured_media":5800,"comment_status":"closed","ping_status":"closed","sticky":false,"template":"","format":"standard","meta":{"_acf_changed":false,"_yoast_wpseo_focuskw":"Wirtschaftskr\u00e4fte messen","_yoast_wpseo_metadesc":"Wie soll ein Unternehmen mit den einwirkenden Wirtschaftskr\u00e4ften umgehen und wie kann es sich im stetig wandelnden Umfeld behaupten?","articlekey":"","footnotes":""},"categories":[28],"tags":[193,335,492],"class_list":["post-5799","post","type-post","status-publish","format-standard","has-post-thumbnail","hentry","category-management","tag-fachkongressfachmesse","tag-management-und-unternehmensfuehrung","tag-unternehmen"],"acf":[],"yoast_head":"<!-- This site is optimized with the Yoast SEO plugin v27.4 - https:\/\/yoast.com\/product\/yoast-seo-wordpress\/ -->\n<title>\u201eWirtschaftskr\u00e4fte \u2013 messen\u201c: 300 Teilnehmer am KMU Swiss Podium - Organisator<\/title>\n<meta name=\"description\" content=\"Wie soll ein Unternehmen mit den einwirkenden Wirtschaftskr\u00e4ften umgehen und wie kann es sich im stetig wandelnden Umfeld behaupten?\" \/>\n<meta name=\"robots\" content=\"index, follow, max-snippet:-1, max-image-preview:large, max-video-preview:-1\" \/>\n<link rel=\"canonical\" href=\"https:\/\/www.organisator.ch\/en\/management\/2019-09-16\/wirtschaftskraefte-messen-300-teilnehmer-am-kmu-swiss-podium\/\" \/>\n<meta property=\"og:locale\" content=\"en_US\" \/>\n<meta property=\"og:type\" content=\"article\" \/>\n<meta property=\"og:title\" content=\"\u201eWirtschaftskr\u00e4fte \u2013 messen\u201c: 300 Teilnehmer am KMU Swiss Podium\" \/>\n<meta property=\"og:description\" content=\"Wie soll ein Unternehmen mit den einwirkenden Wirtschaftskr\u00e4ften umgehen und wie kann es sich im stetig wandelnden Umfeld behaupten?\" \/>\n<meta property=\"og:url\" content=\"https:\/\/www.organisator.ch\/en\/management\/2019-09-16\/wirtschaftskraefte-messen-300-teilnehmer-am-kmu-swiss-podium\/\" \/>\n<meta property=\"og:site_name\" content=\"Organisator\" \/>\n<meta property=\"article:publisher\" content=\"https:\/\/www.facebook.com\/OrganisatorFachmagazin\" \/>\n<meta property=\"article:published_time\" content=\"2019-09-16T11:46:38+00:00\" \/>\n<meta property=\"og:image\" content=\"https:\/\/www.organisator.ch\/wp-content\/uploads\/2019\/09\/Wirtschaftskraefte-messen-300-Teilnehmer-am-KMU-Swiss-Podium_Organisator.jpg\" \/>\n\t<meta property=\"og:image:width\" content=\"680\" \/>\n\t<meta property=\"og:image:height\" content=\"453\" \/>\n\t<meta property=\"og:image:type\" content=\"image\/jpeg\" \/>\n<meta name=\"author\" content=\"thomas.berner\" \/>\n<meta name=\"twitter:card\" content=\"summary_large_image\" \/>\n<meta name=\"twitter:title\" content=\"\u201eWirtschaftskr\u00e4fte \u2013 messen\u201c: 300 Teilnehmer am #KMU Swiss #Podium\" \/>\n<meta name=\"twitter:description\" content=\"Wie soll ein #Unternehmen mit den einwirkenden #Wirtschaftskr\u00e4ften umgehen und wie kann es sich im stetig wandelnden Umfeld behaupten?\" \/>\n<meta name=\"twitter:image\" content=\"https:\/\/www.organisator.ch\/wp-content\/uploads\/2019\/09\/Wirtschaftskraefte-messen-300-Teilnehmer-am-KMU-Swiss-Podium_Organisator.jpg\" \/>\n<script type=\"application\/ld+json\" class=\"yoast-schema-graph\">{\"@context\":\"https:\\\/\\\/schema.org\",\"@graph\":[{\"@type\":\"Article\",\"@id\":\"https:\\\/\\\/www.organisator.ch\\\/management\\\/2019-09-16\\\/wirtschaftskraefte-messen-300-teilnehmer-am-kmu-swiss-podium\\\/#article\",\"isPartOf\":{\"@id\":\"https:\\\/\\\/www.organisator.ch\\\/management\\\/2019-09-16\\\/wirtschaftskraefte-messen-300-teilnehmer-am-kmu-swiss-podium\\\/\"},\"author\":{\"name\":\"thomas.berner\",\"@id\":\"https:\\\/\\\/www.organisator.ch\\\/#\\\/schema\\\/person\\\/6f650f90b2842cd4c0cc334b4e36f67e\"},\"headline\":\"\u201eWirtschaftskr\u00e4fte \u2013 messen\u201c: 300 Teilnehmer am KMU Swiss Podium\",\"datePublished\":\"2019-09-16T11:46:38+00:00\",\"mainEntityOfPage\":{\"@id\":\"https:\\\/\\\/www.organisator.ch\\\/management\\\/2019-09-16\\\/wirtschaftskraefte-messen-300-teilnehmer-am-kmu-swiss-podium\\\/\"},\"wordCount\":849,\"publisher\":{\"@id\":\"https:\\\/\\\/www.organisator.ch\\\/#organization\"},\"image\":{\"@id\":\"https:\\\/\\\/www.organisator.ch\\\/management\\\/2019-09-16\\\/wirtschaftskraefte-messen-300-teilnehmer-am-kmu-swiss-podium\\\/#primaryimage\"},\"thumbnailUrl\":\"https:\\\/\\\/www.organisator.ch\\\/wp-content\\\/uploads\\\/2019\\\/09\\\/Wirtschaftskraefte-messen-300-Teilnehmer-am-KMU-Swiss-Podium_Organisator.jpg\",\"keywords\":[\"Fachkongress\\\/Fachmesse\",\"Management und Unternehmensf\u00fchrung\",\"Unternehmen\"],\"articleSection\":[\"MANAGEMENT\"],\"inLanguage\":\"en-US\"},{\"@type\":\"WebPage\",\"@id\":\"https:\\\/\\\/www.organisator.ch\\\/management\\\/2019-09-16\\\/wirtschaftskraefte-messen-300-teilnehmer-am-kmu-swiss-podium\\\/\",\"url\":\"https:\\\/\\\/www.organisator.ch\\\/management\\\/2019-09-16\\\/wirtschaftskraefte-messen-300-teilnehmer-am-kmu-swiss-podium\\\/\",\"name\":\"\u201eWirtschaftskr\u00e4fte \u2013 messen\u201c: 300 Teilnehmer am KMU Swiss Podium - Organisator\",\"isPartOf\":{\"@id\":\"https:\\\/\\\/www.organisator.ch\\\/#website\"},\"primaryImageOfPage\":{\"@id\":\"https:\\\/\\\/www.organisator.ch\\\/management\\\/2019-09-16\\\/wirtschaftskraefte-messen-300-teilnehmer-am-kmu-swiss-podium\\\/#primaryimage\"},\"image\":{\"@id\":\"https:\\\/\\\/www.organisator.ch\\\/management\\\/2019-09-16\\\/wirtschaftskraefte-messen-300-teilnehmer-am-kmu-swiss-podium\\\/#primaryimage\"},\"thumbnailUrl\":\"https:\\\/\\\/www.organisator.ch\\\/wp-content\\\/uploads\\\/2019\\\/09\\\/Wirtschaftskraefte-messen-300-Teilnehmer-am-KMU-Swiss-Podium_Organisator.jpg\",\"datePublished\":\"2019-09-16T11:46:38+00:00\",\"description\":\"Wie soll ein Unternehmen mit den einwirkenden Wirtschaftskr\u00e4ften umgehen und wie kann es sich im stetig wandelnden Umfeld behaupten?\",\"breadcrumb\":{\"@id\":\"https:\\\/\\\/www.organisator.ch\\\/management\\\/2019-09-16\\\/wirtschaftskraefte-messen-300-teilnehmer-am-kmu-swiss-podium\\\/#breadcrumb\"},\"inLanguage\":\"en-US\",\"potentialAction\":[{\"@type\":\"ReadAction\",\"target\":[\"https:\\\/\\\/www.organisator.ch\\\/management\\\/2019-09-16\\\/wirtschaftskraefte-messen-300-teilnehmer-am-kmu-swiss-podium\\\/\"]}]},{\"@type\":\"ImageObject\",\"inLanguage\":\"en-US\",\"@id\":\"https:\\\/\\\/www.organisator.ch\\\/management\\\/2019-09-16\\\/wirtschaftskraefte-messen-300-teilnehmer-am-kmu-swiss-podium\\\/#primaryimage\",\"url\":\"https:\\\/\\\/www.organisator.ch\\\/wp-content\\\/uploads\\\/2019\\\/09\\\/Wirtschaftskraefte-messen-300-Teilnehmer-am-KMU-Swiss-Podium_Organisator.jpg\",\"contentUrl\":\"https:\\\/\\\/www.organisator.ch\\\/wp-content\\\/uploads\\\/2019\\\/09\\\/Wirtschaftskraefte-messen-300-Teilnehmer-am-KMU-Swiss-Podium_Organisator.jpg\",\"width\":680,\"height\":453,\"caption\":\"\\\"Wirtschaftskr\u00e4fte - messen\\\": Zu diesem Thema sprachen u.a. Roland Goethe, Bruno Dobler und Bruno Stiegeler. (Bild: KMU Swiss)\"},{\"@type\":\"BreadcrumbList\",\"@id\":\"https:\\\/\\\/www.organisator.ch\\\/management\\\/2019-09-16\\\/wirtschaftskraefte-messen-300-teilnehmer-am-kmu-swiss-podium\\\/#breadcrumb\",\"itemListElement\":[{\"@type\":\"ListItem\",\"position\":1,\"name\":\"Home\",\"item\":\"https:\\\/\\\/www.organisator.ch\\\/\"},{\"@type\":\"ListItem\",\"position\":2,\"name\":\"\u201eWirtschaftskr\u00e4fte \u2013 messen\u201c: 300 Teilnehmer am KMU Swiss Podium\"}]},{\"@type\":\"WebSite\",\"@id\":\"https:\\\/\\\/www.organisator.ch\\\/#website\",\"url\":\"https:\\\/\\\/www.organisator.ch\\\/\",\"name\":\"Organisator\",\"description\":\"Kompetent. Praxisnah. Der ORGANISATOR bereitet in 10 Ausgaben pro Jahr die wesentlichen Themen f\u00fcr F\u00fchrungskr\u00e4fte von KMU auf.\",\"publisher\":{\"@id\":\"https:\\\/\\\/www.organisator.ch\\\/#organization\"},\"potentialAction\":[{\"@type\":\"SearchAction\",\"target\":{\"@type\":\"EntryPoint\",\"urlTemplate\":\"https:\\\/\\\/www.organisator.ch\\\/?s={search_term_string}\"},\"query-input\":{\"@type\":\"PropertyValueSpecification\",\"valueRequired\":true,\"valueName\":\"search_term_string\"}}],\"inLanguage\":\"en-US\"},{\"@type\":\"Organization\",\"@id\":\"https:\\\/\\\/www.organisator.ch\\\/#organization\",\"name\":\"Organisator\",\"url\":\"https:\\\/\\\/www.organisator.ch\\\/\",\"logo\":{\"@type\":\"ImageObject\",\"inLanguage\":\"en-US\",\"@id\":\"https:\\\/\\\/www.organisator.ch\\\/#\\\/schema\\\/logo\\\/image\\\/\",\"url\":\"https:\\\/\\\/www.organisator.ch\\\/wp-content\\\/uploads\\\/2022\\\/01\\\/Logo_Organisator_Website.png\",\"contentUrl\":\"https:\\\/\\\/www.organisator.ch\\\/wp-content\\\/uploads\\\/2022\\\/01\\\/Logo_Organisator_Website.png\",\"width\":800,\"height\":77,\"caption\":\"Organisator\"},\"image\":{\"@id\":\"https:\\\/\\\/www.organisator.ch\\\/#\\\/schema\\\/logo\\\/image\\\/\"},\"sameAs\":[\"https:\\\/\\\/www.facebook.com\\\/OrganisatorFachmagazin\",\"https:\\\/\\\/www.linkedin.com\\\/showcase\\\/organisator-das-magazin-fr-kmu\",\"https:\\\/\\\/www.xing.com\\\/news\\\/pages\\\/organisator-ch-695\",\"https:\\\/\\\/www.youtube.com\\\/channel\\\/UCGP2Sq0iWaZwT3BdIAQFYpw\"]},{\"@type\":\"Person\",\"@id\":\"https:\\\/\\\/www.organisator.ch\\\/#\\\/schema\\\/person\\\/6f650f90b2842cd4c0cc334b4e36f67e\",\"name\":\"thomas.berner\",\"image\":{\"@type\":\"ImageObject\",\"inLanguage\":\"en-US\",\"@id\":\"https:\\\/\\\/secure.gravatar.com\\\/avatar\\\/ac5001d2a36cb6c6cd3e50789007ffca834b477b74a2144564522e944eabff61?s=96&d=mm&r=g\",\"url\":\"https:\\\/\\\/secure.gravatar.com\\\/avatar\\\/ac5001d2a36cb6c6cd3e50789007ffca834b477b74a2144564522e944eabff61?s=96&d=mm&r=g\",\"contentUrl\":\"https:\\\/\\\/secure.gravatar.com\\\/avatar\\\/ac5001d2a36cb6c6cd3e50789007ffca834b477b74a2144564522e944eabff61?s=96&d=mm&r=g\",\"caption\":\"thomas.berner\"},\"url\":\"https:\\\/\\\/www.organisator.ch\\\/en\\\/author\\\/thomas-berner\\\/\"}]}<\/script>\n<!-- \/ Yoast SEO plugin. -->","yoast_head_json":{"title":"\"Economic forces - measure\": 300 participants at the KMU Swiss Podium - organizer","description":"How should a company deal with the influencing economic forces and how can it hold its own in the constantly changing environment?","robots":{"index":"index","follow":"follow","max-snippet":"max-snippet:-1","max-image-preview":"max-image-preview:large","max-video-preview":"max-video-preview:-1"},"canonical":"https:\/\/www.organisator.ch\/en\/management\/2019-09-16\/wirtschaftskraefte-messen-300-teilnehmer-am-kmu-swiss-podium\/","og_locale":"en_US","og_type":"article","og_title":"\u201eWirtschaftskr\u00e4fte \u2013 messen\u201c: 300 Teilnehmer am KMU Swiss Podium","og_description":"Wie soll ein Unternehmen mit den einwirkenden Wirtschaftskr\u00e4ften umgehen und wie kann es sich im stetig wandelnden Umfeld behaupten?","og_url":"https:\/\/www.organisator.ch\/en\/management\/2019-09-16\/wirtschaftskraefte-messen-300-teilnehmer-am-kmu-swiss-podium\/","og_site_name":"Organisator","article_publisher":"https:\/\/www.facebook.com\/OrganisatorFachmagazin","article_published_time":"2019-09-16T11:46:38+00:00","og_image":[{"width":680,"height":453,"url":"https:\/\/www.organisator.ch\/wp-content\/uploads\/2019\/09\/Wirtschaftskraefte-messen-300-Teilnehmer-am-KMU-Swiss-Podium_Organisator.jpg","type":"image\/jpeg"}],"author":"thomas.berner","twitter_card":"summary_large_image","twitter_title":"\u201eWirtschaftskr\u00e4fte \u2013 messen\u201c: 300 Teilnehmer am #KMU Swiss #Podium","twitter_description":"Wie soll ein #Unternehmen mit den einwirkenden #Wirtschaftskr\u00e4ften umgehen und wie kann es sich im stetig wandelnden Umfeld behaupten?","twitter_image":"https:\/\/www.organisator.ch\/wp-content\/uploads\/2019\/09\/Wirtschaftskraefte-messen-300-Teilnehmer-am-KMU-Swiss-Podium_Organisator.jpg","schema":{"@context":"https:\/\/schema.org","@graph":[{"@type":"Article","@id":"https:\/\/www.organisator.ch\/management\/2019-09-16\/wirtschaftskraefte-messen-300-teilnehmer-am-kmu-swiss-podium\/#article","isPartOf":{"@id":"https:\/\/www.organisator.ch\/management\/2019-09-16\/wirtschaftskraefte-messen-300-teilnehmer-am-kmu-swiss-podium\/"},"author":{"name":"thomas.berner","@id":"https:\/\/www.organisator.ch\/#\/schema\/person\/6f650f90b2842cd4c0cc334b4e36f67e"},"headline":"\u201eWirtschaftskr\u00e4fte \u2013 messen\u201c: 300 Teilnehmer am KMU Swiss Podium","datePublished":"2019-09-16T11:46:38+00:00","mainEntityOfPage":{"@id":"https:\/\/www.organisator.ch\/management\/2019-09-16\/wirtschaftskraefte-messen-300-teilnehmer-am-kmu-swiss-podium\/"},"wordCount":849,"publisher":{"@id":"https:\/\/www.organisator.ch\/#organization"},"image":{"@id":"https:\/\/www.organisator.ch\/management\/2019-09-16\/wirtschaftskraefte-messen-300-teilnehmer-am-kmu-swiss-podium\/#primaryimage"},"thumbnailUrl":"https:\/\/www.organisator.ch\/wp-content\/uploads\/2019\/09\/Wirtschaftskraefte-messen-300-Teilnehmer-am-KMU-Swiss-Podium_Organisator.jpg","keywords":["Fachkongress\/Fachmesse","Management und Unternehmensf\u00fchrung","Unternehmen"],"articleSection":["MANAGEMENT"],"inLanguage":"en-US"},{"@type":"WebPage","@id":"https:\/\/www.organisator.ch\/management\/2019-09-16\/wirtschaftskraefte-messen-300-teilnehmer-am-kmu-swiss-podium\/","url":"https:\/\/www.organisator.ch\/management\/2019-09-16\/wirtschaftskraefte-messen-300-teilnehmer-am-kmu-swiss-podium\/","name":"\"Economic forces - measure\": 300 participants at the KMU Swiss Podium - organizer","isPartOf":{"@id":"https:\/\/www.organisator.ch\/#website"},"primaryImageOfPage":{"@id":"https:\/\/www.organisator.ch\/management\/2019-09-16\/wirtschaftskraefte-messen-300-teilnehmer-am-kmu-swiss-podium\/#primaryimage"},"image":{"@id":"https:\/\/www.organisator.ch\/management\/2019-09-16\/wirtschaftskraefte-messen-300-teilnehmer-am-kmu-swiss-podium\/#primaryimage"},"thumbnailUrl":"https:\/\/www.organisator.ch\/wp-content\/uploads\/2019\/09\/Wirtschaftskraefte-messen-300-Teilnehmer-am-KMU-Swiss-Podium_Organisator.jpg","datePublished":"2019-09-16T11:46:38+00:00","description":"How should a company deal with the influencing economic forces and how can it hold its own in the constantly changing environment?","breadcrumb":{"@id":"https:\/\/www.organisator.ch\/management\/2019-09-16\/wirtschaftskraefte-messen-300-teilnehmer-am-kmu-swiss-podium\/#breadcrumb"},"inLanguage":"en-US","potentialAction":[{"@type":"ReadAction","target":["https:\/\/www.organisator.ch\/management\/2019-09-16\/wirtschaftskraefte-messen-300-teilnehmer-am-kmu-swiss-podium\/"]}]},{"@type":"ImageObject","inLanguage":"en-US","@id":"https:\/\/www.organisator.ch\/management\/2019-09-16\/wirtschaftskraefte-messen-300-teilnehmer-am-kmu-swiss-podium\/#primaryimage","url":"https:\/\/www.organisator.ch\/wp-content\/uploads\/2019\/09\/Wirtschaftskraefte-messen-300-Teilnehmer-am-KMU-Swiss-Podium_Organisator.jpg","contentUrl":"https:\/\/www.organisator.ch\/wp-content\/uploads\/2019\/09\/Wirtschaftskraefte-messen-300-Teilnehmer-am-KMU-Swiss-Podium_Organisator.jpg","width":680,"height":453,"caption":"\"Wirtschaftskr\u00e4fte - messen\": Zu diesem Thema sprachen u.a. Roland Goethe, Bruno Dobler und Bruno Stiegeler. (Bild: KMU Swiss)"},{"@type":"BreadcrumbList","@id":"https:\/\/www.organisator.ch\/management\/2019-09-16\/wirtschaftskraefte-messen-300-teilnehmer-am-kmu-swiss-podium\/#breadcrumb","itemListElement":[{"@type":"ListItem","position":1,"name":"Home","item":"https:\/\/www.organisator.ch\/"},{"@type":"ListItem","position":2,"name":"\u201eWirtschaftskr\u00e4fte \u2013 messen\u201c: 300 Teilnehmer am KMU Swiss Podium"}]},{"@type":"WebSite","@id":"https:\/\/www.organisator.ch\/#website","url":"https:\/\/www.organisator.ch\/","name":"Organizer","description":"Competent. Practical. In 10 issues per year, ORGANISATOR presents the essential topics for managers of SMEs.","publisher":{"@id":"https:\/\/www.organisator.ch\/#organization"},"potentialAction":[{"@type":"SearchAction","target":{"@type":"EntryPoint","urlTemplate":"https:\/\/www.organisator.ch\/?s={search_term_string}"},"query-input":{"@type":"PropertyValueSpecification","valueRequired":true,"valueName":"search_term_string"}}],"inLanguage":"en-US"},{"@type":"Organization","@id":"https:\/\/www.organisator.ch\/#organization","name":"Organizer","url":"https:\/\/www.organisator.ch\/","logo":{"@type":"ImageObject","inLanguage":"en-US","@id":"https:\/\/www.organisator.ch\/#\/schema\/logo\/image\/","url":"https:\/\/www.organisator.ch\/wp-content\/uploads\/2022\/01\/Logo_Organisator_Website.png","contentUrl":"https:\/\/www.organisator.ch\/wp-content\/uploads\/2022\/01\/Logo_Organisator_Website.png","width":800,"height":77,"caption":"Organisator"},"image":{"@id":"https:\/\/www.organisator.ch\/#\/schema\/logo\/image\/"},"sameAs":["https:\/\/www.facebook.com\/OrganisatorFachmagazin","https:\/\/www.linkedin.com\/showcase\/organisator-das-magazin-fr-kmu","https:\/\/www.xing.com\/news\/pages\/organisator-ch-695","https:\/\/www.youtube.com\/channel\/UCGP2Sq0iWaZwT3BdIAQFYpw"]},{"@type":"Person","@id":"https:\/\/www.organisator.ch\/#\/schema\/person\/6f650f90b2842cd4c0cc334b4e36f67e","name":"thomas.berner","image":{"@type":"ImageObject","inLanguage":"en-US","@id":"https:\/\/secure.gravatar.com\/avatar\/ac5001d2a36cb6c6cd3e50789007ffca834b477b74a2144564522e944eabff61?s=96&d=mm&r=g","url":"https:\/\/secure.gravatar.com\/avatar\/ac5001d2a36cb6c6cd3e50789007ffca834b477b74a2144564522e944eabff61?s=96&d=mm&r=g","contentUrl":"https:\/\/secure.gravatar.com\/avatar\/ac5001d2a36cb6c6cd3e50789007ffca834b477b74a2144564522e944eabff61?s=96&d=mm&r=g","caption":"thomas.berner"},"url":"https:\/\/www.organisator.ch\/en\/author\/thomas-berner\/"}]}},"_links":{"self":[{"href":"https:\/\/www.organisator.ch\/en\/wp-json\/wp\/v2\/posts\/5799","targetHints":{"allow":["GET"]}}],"collection":[{"href":"https:\/\/www.organisator.ch\/en\/wp-json\/wp\/v2\/posts"}],"about":[{"href":"https:\/\/www.organisator.ch\/en\/wp-json\/wp\/v2\/types\/post"}],"author":[{"embeddable":true,"href":"https:\/\/www.organisator.ch\/en\/wp-json\/wp\/v2\/users\/4"}],"replies":[{"embeddable":true,"href":"https:\/\/www.organisator.ch\/en\/wp-json\/wp\/v2\/comments?post=5799"}],"version-history":[{"count":0,"href":"https:\/\/www.organisator.ch\/en\/wp-json\/wp\/v2\/posts\/5799\/revisions"}],"wp:featuredmedia":[{"embeddable":true,"href":"https:\/\/www.organisator.ch\/en\/wp-json\/wp\/v2\/media\/5800"}],"wp:attachment":[{"href":"https:\/\/www.organisator.ch\/en\/wp-json\/wp\/v2\/media?parent=5799"}],"wp:term":[{"taxonomy":"category","embeddable":true,"href":"https:\/\/www.organisator.ch\/en\/wp-json\/wp\/v2\/categories?post=5799"},{"taxonomy":"post_tag","embeddable":true,"href":"https:\/\/www.organisator.ch\/en\/wp-json\/wp\/v2\/tags?post=5799"}],"curies":[{"name":"wp","href":"https:\/\/api.w.org\/{rel}","templated":true}]}}