{"id":5802,"date":"2019-09-16T15:12:25","date_gmt":"2019-09-16T13:12:25","guid":{"rendered":"https:\/\/www.organisator.ch\/?p=5802"},"modified":"2019-09-16T15:12:25","modified_gmt":"2019-09-16T13:12:25","slug":"zermatt-summit-2019-anti-illicit-trade-declaration-unterzeichnet","status":"publish","type":"post","link":"https:\/\/www.organisator.ch\/en\/management\/2019-09-16\/zermatt-summit-2019-anti-illicit-trade-declaration-unterzeichnet\/","title":{"rendered":"Zermatt Summit 2019: Anti-Illicit Trade Declaration signed"},"content":{"rendered":"<figure id=\"attachment_5803\" aria-describedby=\"caption-attachment-5803\" style=\"width: 680px\" class=\"wp-caption alignnone\"><img loading=\"lazy\" decoding=\"async\" class=\"size-medium wp-image-5803\" src=\"https:\/\/www.organisator.ch\/wp-content\/uploads\/2019\/09\/Zermatt-Summit-2019-Anti-Illicit-Trade-Declaration-unterzeichnet_Organisator.jpg\" alt=\"\" width=\"680\" height=\"474\" srcset=\"https:\/\/www.organisator.ch\/wp-content\/uploads\/2019\/09\/Zermatt-Summit-2019-Anti-Illicit-Trade-Declaration-unterzeichnet_Organisator.jpg 680w, https:\/\/www.organisator.ch\/wp-content\/uploads\/2019\/09\/Zermatt-Summit-2019-Anti-Illicit-Trade-Declaration-unterzeichnet_Organisator-16x12.jpg 16w, https:\/\/www.organisator.ch\/wp-content\/uploads\/2019\/09\/Zermatt-Summit-2019-Anti-Illicit-Trade-Declaration-unterzeichnet_Organisator-251x175.jpg 251w, https:\/\/www.organisator.ch\/wp-content\/uploads\/2019\/09\/Zermatt-Summit-2019-Anti-Illicit-Trade-Declaration-unterzeichnet_Organisator-502x350.jpg 502w, https:\/\/www.organisator.ch\/wp-content\/uploads\/2019\/09\/Zermatt-Summit-2019-Anti-Illicit-Trade-Declaration-unterzeichnet_Organisator-300x209.jpg 300w\" sizes=\"auto, (max-width: 680px) 100vw, 680px\" \/><figcaption id=\"caption-attachment-5803\" class=\"wp-caption-text\">Anti-Illicit Trade Declaration signed: (l-r) Dourgam Kummer, Member of the Board, OISTE; David Behrends, Managing Partner and Head of Trading, Sucafina; Alvise Giustiniani, Vicepresident Illicit Trade Prevention, Philip Morris International; Carlos Moreira, Founder and Chairman and CEO, WISeKey SA; Christopher Wasserman, President and Founder, Zermatt Summit Foundation. (Image: obs\/Zermatt Summit\/OISTE\/Zermatt Summit Foundation)<\/figcaption><\/figure>\n<p>The Zermatt Summit has been held annually in Switzerland since 2010. The conference is primarily intended for business\/financial leaders and entrepreneurs in an action-oriented dialogue with decision-makers from civil society, science, education, the fine arts, architecture, medicine, spirituality and the public sector. According to the organizers, the annual Zermatt Summit conference program is a catalyst to inspire, share innovations and put new business development models into action, prioritizing human dignity in our globalized world.<\/p>\n<h2>Anti-Illicit Trade Declaration signed<\/h2>\n<p>The OISTE Foundation, the Zermatt Summit Foundation, Sucafina, Integral Petroleum, Philip Morris International, and delegates from 46 different countries have now signed the Anti-Illicit Trade Declaration launched at the 2018 Zermatt Summit, calling on the international community to address all forms of illicit trade. This is because, despite significant efforts by global organizations, governments and private sector activists, illicit trade remains widespread and poses a significant threat to the global economy.<\/p>\n<h2>Illegal trade as a cause of wealth inequality<\/h2>\n<p>The Declaration on Combating Illicit Trafficking outlines the steps that must be taken to stop illicit trafficking. Governments and private sector signatories agree that it must be treated as a serious crime.<\/p>\n<p>Today, with the digitalization of economies and recent technological developments, the fundamentals of trade are changing in both legal and illegal economies. Improved global networks, real-time data exchange systems, and online platforms are enabling a more efficient supply of illicit products and increasing the number of parties involved in this market. This poses significant challenges to legitimate manufacturers, governments, and other operators in the affected industries.<\/p>\n<p>As a result, illicit trade has created significant wealth disparities between developing and developed countries, fueled devastating conflicts, and undermined the legitimacy of countries. In fact, illicit trade is the conduit that enables destabilization and dangerous activities in virtually every sector of the global economy. As a result, new forms of illicit trade have emerged, making the fight against illicit trade more complex and transnational than ever before.<\/p>\n<h2>More and more goods affected<\/h2>\n<p>Illegal trade impedes the fundamental building blocks for development, democracy, human rights, and the rule of law. It enables corrupt practices among government officials and private citizens. Each year, more and more goods and brands in all sectors are also affected by illicit trade. There is therefore an urgent need to develop a Declaration on Combating Illicit Trade to raise awareness of the problem and respond to these challenges.<\/p>\n<p>The OISTE Foundation and the Zermatt Summit, with a high-level international group of experts, therefore launched the Anti-Illicit Trade Declaration at the Zermatt Summit in September 2018. The declaration was presented to the international community as part of a global roadshow calling on the international community to address all forms of illicit trade, promote due diligence and supply chain control, and encourage collaboration between state and non-state actors to develop sustainable solutions.<\/p>\n<h2 class=\"xmllist\">The main principles of the Anti-Illicit Trade Declaration<\/h2>\n<ul>\n<li class=\"xmllist\">treat illicit trafficking as a serious crime under the United Nations Convention against Transnational Organized Crime (UNCAT), the United Nations Convention against Corruption (UNCAC), and the Agreement on Trade-Related Aspects of Intellectual Property Rights (TRIPS),<\/li>\n<li class=\"xmllist\">Combating the problems of corruption and money laundering in connection with illegal trade in legislation<\/li>\n<li class=\"xmllist\">a zero tolerance policy;<\/li>\n<li class=\"xmllist\">Strengthen the legal framework and support law enforcement;<\/li>\n<li class=\"xmllist\">Improve interagency mechanisms to combat illicit trade crime;<\/li>\n<li class=\"xmllist\">Support governments that destroy illegal trade products;<\/li>\n<li class=\"xmllist\">Pressure governments and other entities that use or facilitate the use of products derived from illicit trade;<\/li>\n<li class=\"xmllist\">Put criminal entrepreneurs out of business;<\/li>\n<li class=\"xmllist\">Reduce incentives to enter illegal markets;<\/li>\n<li class=\"xmllist\">Reduce the ability of organized crime to penetrate the financial system;<\/li>\n<li class=\"xmllist\">Help governments maintain legitimate markets and promote the United Nations Sustainable Development Goals (UN SDGs).<\/li>\n<\/ul>\n<p>Illicit trade negatively impacts economic stability, social well-being, public health, public safety, and our environment. There are numerous documented examples of this.<\/p>\n<p><em>More information: <a href=\"http:\/\/www.oiste.org\">http:\/\/www.oiste.org<\/a> and <a href=\"http:\/\/www.zermattsummit.org\">http:\/\/www.zermattsummit.org<\/a><\/em><\/p>\n<p>&nbsp;<\/p>\n<pre class=\"xmllist\"><\/pre>\n<p>&nbsp;<\/p>","protected":false},"excerpt":{"rendered":"<p>Seit 2010 findet in der Schweiz j\u00e4hrlich der Zermatter Gipfel statt. Die Tagung ist in erster Linie gedacht f\u00fcr F\u00fchrungskr\u00e4fte aus Wirtschaft \/ Finanzen und Unternehmer in einem handlungsorientierten Dialog mit Entscheidungstr\u00e4gern aus Zivilgesellschaft, Wissenschaft, Bildung, Bildender Kunst, Architektur, Medizin, Spiritualit\u00e4t und dem \u00f6ffentlichen Sektor. Das j\u00e4hrliche Konferenzprogramm des Zermatter Gipfels ist nach Angabe der [&hellip;]<\/p>\n","protected":false},"author":4,"featured_media":5803,"comment_status":"closed","ping_status":"closed","sticky":false,"template":"","format":"standard","meta":{"_acf_changed":false,"_yoast_wpseo_focuskw":"Anti-Illicit Trade Declaration unterzeichnet","_yoast_wpseo_metadesc":"OISTE Foundation und Zermatt Summit Foundation haben die Anti-Illicit Trade Declaration unterzeichnet gegen alle Formen des illegalen Handels.","articlekey":"","footnotes":""},"categories":[28],"tags":[202,335,508,531],"class_list":["post-5802","post","type-post","status-publish","format-standard","has-post-thumbnail","hentry","category-management","tag-finanzenrecht","tag-management-und-unternehmensfuehrung","tag-vermischtes","tag-wirtschaftspolitik"],"acf":[],"yoast_head":"<!-- This site is optimized with the Yoast SEO plugin v27.4 - https:\/\/yoast.com\/product\/yoast-seo-wordpress\/ -->\n<title>Zermatt Summit 2019: Anti-Illicit Trade Declaration unterzeichnet - Organisator<\/title>\n<meta name=\"description\" content=\"OISTE Foundation und Zermatt Summit Foundation haben die Anti-Illicit Trade Declaration unterzeichnet gegen alle Formen des illegalen Handels.\" \/>\n<meta name=\"robots\" content=\"index, follow, max-snippet:-1, max-image-preview:large, max-video-preview:-1\" \/>\n<link rel=\"canonical\" href=\"https:\/\/www.organisator.ch\/en\/management\/2019-09-16\/zermatt-summit-2019-anti-illicit-trade-declaration-unterzeichnet\/\" \/>\n<meta property=\"og:locale\" content=\"en_US\" \/>\n<meta property=\"og:type\" content=\"article\" \/>\n<meta property=\"og:title\" content=\"Zermatt Summit 2019: Anti-Illicit Trade Declaration unterzeichnet\" \/>\n<meta property=\"og:description\" content=\"OISTE Foundation und Zermatt Summit Foundation haben die Anti-Illicit Trade Declaration unterzeichnet gegen alle Formen des illegalen Handels.\" \/>\n<meta property=\"og:url\" content=\"https:\/\/www.organisator.ch\/en\/management\/2019-09-16\/zermatt-summit-2019-anti-illicit-trade-declaration-unterzeichnet\/\" \/>\n<meta property=\"og:site_name\" content=\"Organisator\" \/>\n<meta property=\"article:publisher\" content=\"https:\/\/www.facebook.com\/OrganisatorFachmagazin\" \/>\n<meta property=\"article:published_time\" content=\"2019-09-16T13:12:25+00:00\" \/>\n<meta property=\"og:image\" content=\"https:\/\/www.organisator.ch\/wp-content\/uploads\/2019\/09\/Zermatt-Summit-2019-Anti-Illicit-Trade-Declaration-unterzeichnet_Organisator.jpg\" \/>\n\t<meta property=\"og:image:width\" content=\"680\" \/>\n\t<meta property=\"og:image:height\" content=\"474\" \/>\n\t<meta property=\"og:image:type\" content=\"image\/jpeg\" \/>\n<meta name=\"author\" content=\"thomas.berner\" \/>\n<meta name=\"twitter:card\" content=\"summary_large_image\" \/>\n<meta name=\"twitter:title\" content=\"Zermatt Summit 2019: #Anti-Illicit Trade Declaration unterzeichnet\" \/>\n<meta name=\"twitter:description\" content=\"#OISTE Foundation und #Zermatt Summit Foundation haben die #Anti-Illicit Trade Declaration unterzeichnet gegen alle Formen des illegalen Handels.\" \/>\n<meta name=\"twitter:image\" content=\"https:\/\/www.organisator.ch\/wp-content\/uploads\/2019\/09\/Zermatt-Summit-2019-Anti-Illicit-Trade-Declaration-unterzeichnet_Organisator.jpg\" \/>\n<script type=\"application\/ld+json\" class=\"yoast-schema-graph\">{\"@context\":\"https:\\\/\\\/schema.org\",\"@graph\":[{\"@type\":\"Article\",\"@id\":\"https:\\\/\\\/www.organisator.ch\\\/management\\\/2019-09-16\\\/zermatt-summit-2019-anti-illicit-trade-declaration-unterzeichnet\\\/#article\",\"isPartOf\":{\"@id\":\"https:\\\/\\\/www.organisator.ch\\\/management\\\/2019-09-16\\\/zermatt-summit-2019-anti-illicit-trade-declaration-unterzeichnet\\\/\"},\"author\":{\"name\":\"thomas.berner\",\"@id\":\"https:\\\/\\\/www.organisator.ch\\\/#\\\/schema\\\/person\\\/6f650f90b2842cd4c0cc334b4e36f67e\"},\"headline\":\"Zermatt Summit 2019: Anti-Illicit Trade Declaration unterzeichnet\",\"datePublished\":\"2019-09-16T13:12:25+00:00\",\"mainEntityOfPage\":{\"@id\":\"https:\\\/\\\/www.organisator.ch\\\/management\\\/2019-09-16\\\/zermatt-summit-2019-anti-illicit-trade-declaration-unterzeichnet\\\/\"},\"wordCount\":796,\"publisher\":{\"@id\":\"https:\\\/\\\/www.organisator.ch\\\/#organization\"},\"image\":{\"@id\":\"https:\\\/\\\/www.organisator.ch\\\/management\\\/2019-09-16\\\/zermatt-summit-2019-anti-illicit-trade-declaration-unterzeichnet\\\/#primaryimage\"},\"thumbnailUrl\":\"https:\\\/\\\/www.organisator.ch\\\/wp-content\\\/uploads\\\/2019\\\/09\\\/Zermatt-Summit-2019-Anti-Illicit-Trade-Declaration-unterzeichnet_Organisator.jpg\",\"keywords\":[\"Finanzen\\\/Recht\",\"Management und Unternehmensf\u00fchrung\",\"Vermischtes\",\"Wirtschaftspolitik\"],\"articleSection\":[\"MANAGEMENT\"],\"inLanguage\":\"en-US\"},{\"@type\":\"WebPage\",\"@id\":\"https:\\\/\\\/www.organisator.ch\\\/management\\\/2019-09-16\\\/zermatt-summit-2019-anti-illicit-trade-declaration-unterzeichnet\\\/\",\"url\":\"https:\\\/\\\/www.organisator.ch\\\/management\\\/2019-09-16\\\/zermatt-summit-2019-anti-illicit-trade-declaration-unterzeichnet\\\/\",\"name\":\"Zermatt Summit 2019: Anti-Illicit Trade Declaration unterzeichnet - Organisator\",\"isPartOf\":{\"@id\":\"https:\\\/\\\/www.organisator.ch\\\/#website\"},\"primaryImageOfPage\":{\"@id\":\"https:\\\/\\\/www.organisator.ch\\\/management\\\/2019-09-16\\\/zermatt-summit-2019-anti-illicit-trade-declaration-unterzeichnet\\\/#primaryimage\"},\"image\":{\"@id\":\"https:\\\/\\\/www.organisator.ch\\\/management\\\/2019-09-16\\\/zermatt-summit-2019-anti-illicit-trade-declaration-unterzeichnet\\\/#primaryimage\"},\"thumbnailUrl\":\"https:\\\/\\\/www.organisator.ch\\\/wp-content\\\/uploads\\\/2019\\\/09\\\/Zermatt-Summit-2019-Anti-Illicit-Trade-Declaration-unterzeichnet_Organisator.jpg\",\"datePublished\":\"2019-09-16T13:12:25+00:00\",\"description\":\"OISTE Foundation und Zermatt Summit Foundation haben die Anti-Illicit Trade Declaration unterzeichnet gegen alle Formen des illegalen Handels.\",\"breadcrumb\":{\"@id\":\"https:\\\/\\\/www.organisator.ch\\\/management\\\/2019-09-16\\\/zermatt-summit-2019-anti-illicit-trade-declaration-unterzeichnet\\\/#breadcrumb\"},\"inLanguage\":\"en-US\",\"potentialAction\":[{\"@type\":\"ReadAction\",\"target\":[\"https:\\\/\\\/www.organisator.ch\\\/management\\\/2019-09-16\\\/zermatt-summit-2019-anti-illicit-trade-declaration-unterzeichnet\\\/\"]}]},{\"@type\":\"ImageObject\",\"inLanguage\":\"en-US\",\"@id\":\"https:\\\/\\\/www.organisator.ch\\\/management\\\/2019-09-16\\\/zermatt-summit-2019-anti-illicit-trade-declaration-unterzeichnet\\\/#primaryimage\",\"url\":\"https:\\\/\\\/www.organisator.ch\\\/wp-content\\\/uploads\\\/2019\\\/09\\\/Zermatt-Summit-2019-Anti-Illicit-Trade-Declaration-unterzeichnet_Organisator.jpg\",\"contentUrl\":\"https:\\\/\\\/www.organisator.ch\\\/wp-content\\\/uploads\\\/2019\\\/09\\\/Zermatt-Summit-2019-Anti-Illicit-Trade-Declaration-unterzeichnet_Organisator.jpg\",\"width\":680,\"height\":474,\"caption\":\"Anti-Illicit Trade Declaration unterzeichnet: (v.l.n.r.) Dourgam Kummer, Member of the Board, OISTE; David Behrends, Managing Partner and Head of Trading, Sucafina; Alvise Giustiniani, Vicepresident Illicit Trade Prevention, Philip Morris International; Carlos Moreira, Founder and Chairman and CEO, WISeKey SA; Christopher Wasserman, President and Founder, Zermatt Summit Foundation. Weiterer Text \u00fcber ots und www.presseportal.ch\\\/de\\\/nr\\\/100067668 \\\/ Die Verwendung dieses Bildes ist f\u00fcr redaktionelle Zwecke honorarfrei. Ver\u00f6ffentlichung bitte unter Quellenangabe: \\\"obs\\\/Zermatt Summit\\\/OISTE\\\/Zermatt Summit Foundation\\\"\"},{\"@type\":\"BreadcrumbList\",\"@id\":\"https:\\\/\\\/www.organisator.ch\\\/management\\\/2019-09-16\\\/zermatt-summit-2019-anti-illicit-trade-declaration-unterzeichnet\\\/#breadcrumb\",\"itemListElement\":[{\"@type\":\"ListItem\",\"position\":1,\"name\":\"Home\",\"item\":\"https:\\\/\\\/www.organisator.ch\\\/\"},{\"@type\":\"ListItem\",\"position\":2,\"name\":\"Zermatt Summit 2019: Anti-Illicit Trade Declaration unterzeichnet\"}]},{\"@type\":\"WebSite\",\"@id\":\"https:\\\/\\\/www.organisator.ch\\\/#website\",\"url\":\"https:\\\/\\\/www.organisator.ch\\\/\",\"name\":\"Organisator\",\"description\":\"Kompetent. Praxisnah. Der ORGANISATOR bereitet in 10 Ausgaben pro Jahr die wesentlichen Themen f\u00fcr F\u00fchrungskr\u00e4fte von KMU auf.\",\"publisher\":{\"@id\":\"https:\\\/\\\/www.organisator.ch\\\/#organization\"},\"potentialAction\":[{\"@type\":\"SearchAction\",\"target\":{\"@type\":\"EntryPoint\",\"urlTemplate\":\"https:\\\/\\\/www.organisator.ch\\\/?s={search_term_string}\"},\"query-input\":{\"@type\":\"PropertyValueSpecification\",\"valueRequired\":true,\"valueName\":\"search_term_string\"}}],\"inLanguage\":\"en-US\"},{\"@type\":\"Organization\",\"@id\":\"https:\\\/\\\/www.organisator.ch\\\/#organization\",\"name\":\"Organisator\",\"url\":\"https:\\\/\\\/www.organisator.ch\\\/\",\"logo\":{\"@type\":\"ImageObject\",\"inLanguage\":\"en-US\",\"@id\":\"https:\\\/\\\/www.organisator.ch\\\/#\\\/schema\\\/logo\\\/image\\\/\",\"url\":\"https:\\\/\\\/www.organisator.ch\\\/wp-content\\\/uploads\\\/2022\\\/01\\\/Logo_Organisator_Website.png\",\"contentUrl\":\"https:\\\/\\\/www.organisator.ch\\\/wp-content\\\/uploads\\\/2022\\\/01\\\/Logo_Organisator_Website.png\",\"width\":800,\"height\":77,\"caption\":\"Organisator\"},\"image\":{\"@id\":\"https:\\\/\\\/www.organisator.ch\\\/#\\\/schema\\\/logo\\\/image\\\/\"},\"sameAs\":[\"https:\\\/\\\/www.facebook.com\\\/OrganisatorFachmagazin\",\"https:\\\/\\\/www.linkedin.com\\\/showcase\\\/organisator-das-magazin-fr-kmu\",\"https:\\\/\\\/www.xing.com\\\/news\\\/pages\\\/organisator-ch-695\",\"https:\\\/\\\/www.youtube.com\\\/channel\\\/UCGP2Sq0iWaZwT3BdIAQFYpw\"]},{\"@type\":\"Person\",\"@id\":\"https:\\\/\\\/www.organisator.ch\\\/#\\\/schema\\\/person\\\/6f650f90b2842cd4c0cc334b4e36f67e\",\"name\":\"thomas.berner\",\"image\":{\"@type\":\"ImageObject\",\"inLanguage\":\"en-US\",\"@id\":\"https:\\\/\\\/secure.gravatar.com\\\/avatar\\\/ac5001d2a36cb6c6cd3e50789007ffca834b477b74a2144564522e944eabff61?s=96&d=mm&r=g\",\"url\":\"https:\\\/\\\/secure.gravatar.com\\\/avatar\\\/ac5001d2a36cb6c6cd3e50789007ffca834b477b74a2144564522e944eabff61?s=96&d=mm&r=g\",\"contentUrl\":\"https:\\\/\\\/secure.gravatar.com\\\/avatar\\\/ac5001d2a36cb6c6cd3e50789007ffca834b477b74a2144564522e944eabff61?s=96&d=mm&r=g\",\"caption\":\"thomas.berner\"},\"url\":\"https:\\\/\\\/www.organisator.ch\\\/en\\\/author\\\/thomas-berner\\\/\"}]}<\/script>\n<!-- \/ Yoast SEO plugin. -->","yoast_head_json":{"title":"Zermatt Summit 2019: Anti-Illicit Trade Declaration signed - Organizer","description":"OISTE Foundation and Zermatt Summit Foundation have signed the Anti-Illicit Trade Declaration against all forms of illegal trade.","robots":{"index":"index","follow":"follow","max-snippet":"max-snippet:-1","max-image-preview":"max-image-preview:large","max-video-preview":"max-video-preview:-1"},"canonical":"https:\/\/www.organisator.ch\/en\/management\/2019-09-16\/zermatt-summit-2019-anti-illicit-trade-declaration-unterzeichnet\/","og_locale":"en_US","og_type":"article","og_title":"Zermatt Summit 2019: Anti-Illicit Trade Declaration unterzeichnet","og_description":"OISTE Foundation und Zermatt Summit Foundation haben die Anti-Illicit Trade Declaration unterzeichnet gegen alle Formen des illegalen Handels.","og_url":"https:\/\/www.organisator.ch\/en\/management\/2019-09-16\/zermatt-summit-2019-anti-illicit-trade-declaration-unterzeichnet\/","og_site_name":"Organisator","article_publisher":"https:\/\/www.facebook.com\/OrganisatorFachmagazin","article_published_time":"2019-09-16T13:12:25+00:00","og_image":[{"width":680,"height":474,"url":"https:\/\/www.organisator.ch\/wp-content\/uploads\/2019\/09\/Zermatt-Summit-2019-Anti-Illicit-Trade-Declaration-unterzeichnet_Organisator.jpg","type":"image\/jpeg"}],"author":"thomas.berner","twitter_card":"summary_large_image","twitter_title":"Zermatt Summit 2019: #Anti-Illicit Trade Declaration unterzeichnet","twitter_description":"#OISTE Foundation und #Zermatt Summit Foundation haben die #Anti-Illicit Trade Declaration unterzeichnet gegen alle Formen des illegalen Handels.","twitter_image":"https:\/\/www.organisator.ch\/wp-content\/uploads\/2019\/09\/Zermatt-Summit-2019-Anti-Illicit-Trade-Declaration-unterzeichnet_Organisator.jpg","schema":{"@context":"https:\/\/schema.org","@graph":[{"@type":"Article","@id":"https:\/\/www.organisator.ch\/management\/2019-09-16\/zermatt-summit-2019-anti-illicit-trade-declaration-unterzeichnet\/#article","isPartOf":{"@id":"https:\/\/www.organisator.ch\/management\/2019-09-16\/zermatt-summit-2019-anti-illicit-trade-declaration-unterzeichnet\/"},"author":{"name":"thomas.berner","@id":"https:\/\/www.organisator.ch\/#\/schema\/person\/6f650f90b2842cd4c0cc334b4e36f67e"},"headline":"Zermatt Summit 2019: Anti-Illicit Trade Declaration unterzeichnet","datePublished":"2019-09-16T13:12:25+00:00","mainEntityOfPage":{"@id":"https:\/\/www.organisator.ch\/management\/2019-09-16\/zermatt-summit-2019-anti-illicit-trade-declaration-unterzeichnet\/"},"wordCount":796,"publisher":{"@id":"https:\/\/www.organisator.ch\/#organization"},"image":{"@id":"https:\/\/www.organisator.ch\/management\/2019-09-16\/zermatt-summit-2019-anti-illicit-trade-declaration-unterzeichnet\/#primaryimage"},"thumbnailUrl":"https:\/\/www.organisator.ch\/wp-content\/uploads\/2019\/09\/Zermatt-Summit-2019-Anti-Illicit-Trade-Declaration-unterzeichnet_Organisator.jpg","keywords":["Finanzen\/Recht","Management und Unternehmensf\u00fchrung","Vermischtes","Wirtschaftspolitik"],"articleSection":["MANAGEMENT"],"inLanguage":"en-US"},{"@type":"WebPage","@id":"https:\/\/www.organisator.ch\/management\/2019-09-16\/zermatt-summit-2019-anti-illicit-trade-declaration-unterzeichnet\/","url":"https:\/\/www.organisator.ch\/management\/2019-09-16\/zermatt-summit-2019-anti-illicit-trade-declaration-unterzeichnet\/","name":"Zermatt Summit 2019: Anti-Illicit Trade Declaration signed - Organizer","isPartOf":{"@id":"https:\/\/www.organisator.ch\/#website"},"primaryImageOfPage":{"@id":"https:\/\/www.organisator.ch\/management\/2019-09-16\/zermatt-summit-2019-anti-illicit-trade-declaration-unterzeichnet\/#primaryimage"},"image":{"@id":"https:\/\/www.organisator.ch\/management\/2019-09-16\/zermatt-summit-2019-anti-illicit-trade-declaration-unterzeichnet\/#primaryimage"},"thumbnailUrl":"https:\/\/www.organisator.ch\/wp-content\/uploads\/2019\/09\/Zermatt-Summit-2019-Anti-Illicit-Trade-Declaration-unterzeichnet_Organisator.jpg","datePublished":"2019-09-16T13:12:25+00:00","description":"OISTE Foundation and Zermatt Summit Foundation have signed the Anti-Illicit Trade Declaration against all forms of illegal trade.","breadcrumb":{"@id":"https:\/\/www.organisator.ch\/management\/2019-09-16\/zermatt-summit-2019-anti-illicit-trade-declaration-unterzeichnet\/#breadcrumb"},"inLanguage":"en-US","potentialAction":[{"@type":"ReadAction","target":["https:\/\/www.organisator.ch\/management\/2019-09-16\/zermatt-summit-2019-anti-illicit-trade-declaration-unterzeichnet\/"]}]},{"@type":"ImageObject","inLanguage":"en-US","@id":"https:\/\/www.organisator.ch\/management\/2019-09-16\/zermatt-summit-2019-anti-illicit-trade-declaration-unterzeichnet\/#primaryimage","url":"https:\/\/www.organisator.ch\/wp-content\/uploads\/2019\/09\/Zermatt-Summit-2019-Anti-Illicit-Trade-Declaration-unterzeichnet_Organisator.jpg","contentUrl":"https:\/\/www.organisator.ch\/wp-content\/uploads\/2019\/09\/Zermatt-Summit-2019-Anti-Illicit-Trade-Declaration-unterzeichnet_Organisator.jpg","width":680,"height":474,"caption":"Anti-Illicit Trade Declaration unterzeichnet: (v.l.n.r.) Dourgam Kummer, Member of the Board, OISTE; David Behrends, Managing Partner and Head of Trading, Sucafina; Alvise Giustiniani, Vicepresident Illicit Trade Prevention, Philip Morris International; Carlos Moreira, Founder and Chairman and CEO, WISeKey SA; Christopher Wasserman, President and Founder, Zermatt Summit Foundation. Weiterer Text \u00fcber ots und www.presseportal.ch\/de\/nr\/100067668 \/ Die Verwendung dieses Bildes ist f\u00fcr redaktionelle Zwecke honorarfrei. Ver\u00f6ffentlichung bitte unter Quellenangabe: \"obs\/Zermatt Summit\/OISTE\/Zermatt Summit Foundation\""},{"@type":"BreadcrumbList","@id":"https:\/\/www.organisator.ch\/management\/2019-09-16\/zermatt-summit-2019-anti-illicit-trade-declaration-unterzeichnet\/#breadcrumb","itemListElement":[{"@type":"ListItem","position":1,"name":"Home","item":"https:\/\/www.organisator.ch\/"},{"@type":"ListItem","position":2,"name":"Zermatt Summit 2019: Anti-Illicit Trade Declaration unterzeichnet"}]},{"@type":"WebSite","@id":"https:\/\/www.organisator.ch\/#website","url":"https:\/\/www.organisator.ch\/","name":"Organizer","description":"Competent. Practical. In 10 issues per year, ORGANISATOR presents the essential topics for managers of SMEs.","publisher":{"@id":"https:\/\/www.organisator.ch\/#organization"},"potentialAction":[{"@type":"SearchAction","target":{"@type":"EntryPoint","urlTemplate":"https:\/\/www.organisator.ch\/?s={search_term_string}"},"query-input":{"@type":"PropertyValueSpecification","valueRequired":true,"valueName":"search_term_string"}}],"inLanguage":"en-US"},{"@type":"Organization","@id":"https:\/\/www.organisator.ch\/#organization","name":"Organizer","url":"https:\/\/www.organisator.ch\/","logo":{"@type":"ImageObject","inLanguage":"en-US","@id":"https:\/\/www.organisator.ch\/#\/schema\/logo\/image\/","url":"https:\/\/www.organisator.ch\/wp-content\/uploads\/2022\/01\/Logo_Organisator_Website.png","contentUrl":"https:\/\/www.organisator.ch\/wp-content\/uploads\/2022\/01\/Logo_Organisator_Website.png","width":800,"height":77,"caption":"Organisator"},"image":{"@id":"https:\/\/www.organisator.ch\/#\/schema\/logo\/image\/"},"sameAs":["https:\/\/www.facebook.com\/OrganisatorFachmagazin","https:\/\/www.linkedin.com\/showcase\/organisator-das-magazin-fr-kmu","https:\/\/www.xing.com\/news\/pages\/organisator-ch-695","https:\/\/www.youtube.com\/channel\/UCGP2Sq0iWaZwT3BdIAQFYpw"]},{"@type":"Person","@id":"https:\/\/www.organisator.ch\/#\/schema\/person\/6f650f90b2842cd4c0cc334b4e36f67e","name":"thomas.berner","image":{"@type":"ImageObject","inLanguage":"en-US","@id":"https:\/\/secure.gravatar.com\/avatar\/ac5001d2a36cb6c6cd3e50789007ffca834b477b74a2144564522e944eabff61?s=96&d=mm&r=g","url":"https:\/\/secure.gravatar.com\/avatar\/ac5001d2a36cb6c6cd3e50789007ffca834b477b74a2144564522e944eabff61?s=96&d=mm&r=g","contentUrl":"https:\/\/secure.gravatar.com\/avatar\/ac5001d2a36cb6c6cd3e50789007ffca834b477b74a2144564522e944eabff61?s=96&d=mm&r=g","caption":"thomas.berner"},"url":"https:\/\/www.organisator.ch\/en\/author\/thomas-berner\/"}]}},"_links":{"self":[{"href":"https:\/\/www.organisator.ch\/en\/wp-json\/wp\/v2\/posts\/5802","targetHints":{"allow":["GET"]}}],"collection":[{"href":"https:\/\/www.organisator.ch\/en\/wp-json\/wp\/v2\/posts"}],"about":[{"href":"https:\/\/www.organisator.ch\/en\/wp-json\/wp\/v2\/types\/post"}],"author":[{"embeddable":true,"href":"https:\/\/www.organisator.ch\/en\/wp-json\/wp\/v2\/users\/4"}],"replies":[{"embeddable":true,"href":"https:\/\/www.organisator.ch\/en\/wp-json\/wp\/v2\/comments?post=5802"}],"version-history":[{"count":0,"href":"https:\/\/www.organisator.ch\/en\/wp-json\/wp\/v2\/posts\/5802\/revisions"}],"wp:featuredmedia":[{"embeddable":true,"href":"https:\/\/www.organisator.ch\/en\/wp-json\/wp\/v2\/media\/5803"}],"wp:attachment":[{"href":"https:\/\/www.organisator.ch\/en\/wp-json\/wp\/v2\/media?parent=5802"}],"wp:term":[{"taxonomy":"category","embeddable":true,"href":"https:\/\/www.organisator.ch\/en\/wp-json\/wp\/v2\/categories?post=5802"},{"taxonomy":"post_tag","embeddable":true,"href":"https:\/\/www.organisator.ch\/en\/wp-json\/wp\/v2\/tags?post=5802"}],"curies":[{"name":"wp","href":"https:\/\/api.w.org\/{rel}","templated":true}]}}